{"id":1205,"date":"2024-02-27T10:08:17","date_gmt":"2024-02-27T10:08:17","guid":{"rendered":"https:\/\/www.sansofestay.com\/blog\/?p=1205"},"modified":"2024-02-27T10:20:26","modified_gmt":"2024-02-27T10:20:26","slug":"planifica-tus-vacaciones-de-semana-santa-en-tenerife","status":"publish","type":"post","link":"https:\/\/www.sansofestay.com\/blog\/de\/planifica-tus-vacaciones-de-semana-santa-en-tenerife\/","title":{"rendered":"Planifica tus vacaciones de semana santa en Tenerife"},"content":{"rendered":"\t\t<div data-elementor-type=\"wp-post\" data-elementor-id=\"1205\" class=\"elementor elementor-1205\" data-elementor-post-type=\"post\">\n\t\t\t\t\t\t<section class=\"elementor-section elementor-top-section elementor-element elementor-element-5a75df42 elementor-section-boxed elementor-section-height-default elementor-section-height-default\" data-id=\"5a75df42\" data-element_type=\"section\" data-e-type=\"section\">\n\t\t\t\t\t\t<div class=\"elementor-container elementor-column-gap-default\">\n\t\t\t\t\t<div class=\"elementor-column elementor-col-100 elementor-top-column elementor-element elementor-element-ef763e0\" data-id=\"ef763e0\" data-element_type=\"column\" data-e-type=\"column\">\n\t\t\t<div class=\"elementor-widget-wrap elementor-element-populated\">\n\t\t\t\t\t\t<div class=\"elementor-element elementor-element-4d8c993c elementor-widget elementor-widget-text-editor\" data-id=\"4d8c993c\" data-element_type=\"widget\" data-e-type=\"widget\" data-widget_type=\"text-editor.default\">\n\t\t\t\t<div class=\"elementor-widget-container\">\n\t\t\t\t\t\t\t\t\t<p><span style=\"font-weight: 400;\">\u00bfHas considerado vivir la Semana Santa en Tenerife? Esta isla se convierte en un <strong>destino predilecto<\/strong> para muchos viajeros durante estas fechas. La mezcla perfecta de clima agradable, paisajes impresionantes, una amplia gama de actividades y playas paradis\u00edacas son solo algunas de las razones por las que Tenerife brilla con luz propia en Semana Santa.<\/span><\/p><p><span style=\"font-weight: 400;\">En este post, te invitamos a explorar con nosotros los encantos de Tenerife, una joya en el coraz\u00f3n del Atl\u00e1ntico. Descubre c\u00f3mo sacarle el m\u00e1ximo partido a tus <strong>vacaciones de Semana Santa<\/strong>, desde el momento perfecto para reservar tu estancia hasta los secretos mejor guardados de la isla. Aseg\u00farate de reservar tu villa o apartamento con antelaci\u00f3n para obtener acceso a las mejores ubicaciones, precios y opciones de alojamiento.<\/span><\/p>\t\t\t\t\t\t\t\t<\/div>\n\t\t\t\t<\/div>\n\t\t\t\t<div class=\"elementor-element elementor-element-88e4438 elementor-blockquote--skin-border elementor-widget elementor-widget-blockquote\" data-id=\"88e4438\" data-element_type=\"widget\" data-e-type=\"widget\" data-widget_type=\"blockquote.default\">\n\t\t\t\t<div class=\"elementor-widget-container\">\n\t\t\t\t\t\t\t<blockquote class=\"elementor-blockquote\">\n\t\t\t<p class=\"elementor-blockquote__content\">\n\t\t\t\tEn 2024, la Semana Santa va del domingo 24 al 31 de marzo.\t\t\t<\/p>\n\t\t\t\t\t<\/blockquote>\n\t\t\t\t\t\t<\/div>\n\t\t\t\t<\/div>\n\t\t\t\t<div class=\"elementor-element elementor-element-19609dea elementor-align-center elementor-widget elementor-widget-button\" data-id=\"19609dea\" data-element_type=\"widget\" data-e-type=\"widget\" data-widget_type=\"button.default\">\n\t\t\t\t<div class=\"elementor-widget-container\">\n\t\t\t\t\t\t\t\t\t<div class=\"elementor-button-wrapper\">\n\t\t\t\t\t<a class=\"elementor-button elementor-button-link elementor-size-sm\" href=\"https:\/\/www.sansofestay.com\/alquiler\/alquileres-tenerife-e81\/\" target=\"_blank\">\n\t\t\t\t\t\t<span class=\"elementor-button-content-wrapper\">\n\t\t\t\t\t\t\t\t\t<span class=\"elementor-button-text\">Alojamientos Tenerife Norte<\/span>\n\t\t\t\t\t<\/span>\n\t\t\t\t\t<\/a>\n\t\t\t\t<\/div>\n\t\t\t\t\t\t\t\t<\/div>\n\t\t\t\t<\/div>\n\t\t\t\t\t<\/div>\n\t\t<\/div>\n\t\t\t\t\t<\/div>\n\t\t<\/section>\n\t\t\t\t<section class=\"elementor-section elementor-top-section elementor-element elementor-element-6184579c elementor-section-boxed elementor-section-height-default elementor-section-height-default\" data-id=\"6184579c\" data-element_type=\"section\" data-e-type=\"section\">\n\t\t\t\t\t\t<div class=\"elementor-container elementor-column-gap-default\">\n\t\t\t\t\t<div class=\"elementor-column elementor-col-100 elementor-top-column elementor-element elementor-element-3b6977dc\" data-id=\"3b6977dc\" data-element_type=\"column\" data-e-type=\"column\">\n\t\t\t<div class=\"elementor-widget-wrap elementor-element-populated\">\n\t\t\t\t\t\t<div class=\"elementor-element elementor-element-6c5a6e66 elementor-widget elementor-widget-heading\" data-id=\"6c5a6e66\" data-element_type=\"widget\" data-e-type=\"widget\" data-widget_type=\"heading.default\">\n\t\t\t\t<div class=\"elementor-widget-container\">\n\t\t\t\t\t<h2 class=\"elementor-heading-title elementor-size-default\">\u00bfQu\u00e9 hacer en Tenerife en Semana Santa?\n\n<\/h2>\t\t\t\t<\/div>\n\t\t\t\t<\/div>\n\t\t\t\t<div class=\"elementor-element elementor-element-5b0ea459 elementor-widget elementor-widget-text-editor\" data-id=\"5b0ea459\" data-element_type=\"widget\" data-e-type=\"widget\" data-widget_type=\"text-editor.default\">\n\t\t\t\t<div class=\"elementor-widget-container\">\n\t\t\t\t\t\t\t\t\t<p>En esta gu\u00eda, nos sumergiremos en los entresijos de la planificaci\u00f3n de tus vacaciones perfectas en Tenerife. Descubriremos las \u00e9pocas ideales para visitar la isla en funci\u00f3n de las condiciones meteorol\u00f3gicas, profundizaremos en las opciones de transporte de la isla para explorarla sin problemas, exploraremos el espectro de alojamientos disponibles, como nuestros <strong>alquileres de apartamentos vacacionales en Tenerife<\/strong>, describiremos una serie de actividades cautivadoras en las que participar, ofreceremos informaci\u00f3n sobre la cultura \u00fanica de la isla y te daremos una lista de los elementos esenciales que debes llevar en la maleta.<\/p>\t\t\t\t\t\t\t\t<\/div>\n\t\t\t\t<\/div>\n\t\t\t\t<div class=\"elementor-element elementor-element-32b34a5 elementor-widget elementor-widget-heading\" data-id=\"32b34a5\" data-element_type=\"widget\" data-e-type=\"widget\" data-widget_type=\"heading.default\">\n\t\t\t\t<div class=\"elementor-widget-container\">\n\t\t\t\t\t<h3 class=\"elementor-heading-title elementor-size-default\">Actividades culturales y religiosas\n<\/h3>\t\t\t\t<\/div>\n\t\t\t\t<\/div>\n\t\t\t\t<div class=\"elementor-element elementor-element-52b5a874 elementor-widget elementor-widget-text-editor\" data-id=\"52b5a874\" data-element_type=\"widget\" data-e-type=\"widget\" data-widget_type=\"text-editor.default\">\n\t\t\t\t<div class=\"elementor-widget-container\">\n\t\t\t\t\t\t\t\t\t<p><span style=\"font-weight: 400;\">Durante Semana Santa, Tenerife se transforma en un escenario de devoci\u00f3n y tradici\u00f3n, ofreciendo a sus visitantes una rica agenda de actividades culturales y religiosas que reflejan la profunda herencia espiritual de la isla.<\/span><\/p><p><span style=\"font-weight: 400;\">Las procesiones son el coraz\u00f3n de la Semana Santa en Tenerife, cada una con su propio car\u00e1cter e historia. La <\/span><b>Procesi\u00f3n del Silencio<\/b><span style=\"font-weight: 400;\"> en San Crist\u00f3bal de La Laguna o <\/span><span style=\"font-weight: 400;\">la <\/span><b>Procesi\u00f3n Magna<\/b><span style=\"font-weight: 400;\"> en Santa Cruz son ejemplos de procesiones que congregan numerosas im\u00e1genes sagradas de parroquias de toda la ciudad, creando un espect\u00e1culo de fe y arte religioso que emociona tanto a locales como a visitantes.<\/span><\/p><p><span style=\"font-weight: 400;\">M\u00e1s all\u00e1 de las procesiones, las iglesias de Tenerife acogen misas y actos lit\u00fargicos que son momentos de reflexi\u00f3n y encuentro espiritual. La Misa del Crisma en la Catedral de La Laguna es un evento significativo donde se bendicen los \u00f3leos sagrados y se renuevan las promesas sacerdotales.<\/span><\/p>\t\t\t\t\t\t\t\t<\/div>\n\t\t\t\t<\/div>\n\t\t\t\t<section class=\"elementor-section elementor-inner-section elementor-element elementor-element-4d1ba0bc elementor-section-boxed elementor-section-height-default elementor-section-height-default\" data-id=\"4d1ba0bc\" data-element_type=\"section\" data-e-type=\"section\">\n\t\t\t\t\t\t<div class=\"elementor-container elementor-column-gap-default\">\n\t\t\t\t\t<div class=\"elementor-column elementor-col-50 elementor-inner-column elementor-element elementor-element-442603dc\" data-id=\"442603dc\" data-element_type=\"column\" data-e-type=\"column\">\n\t\t\t<div class=\"elementor-widget-wrap elementor-element-populated\">\n\t\t\t\t\t\t<div class=\"elementor-element elementor-element-6d62ed0b elementor-widget elementor-widget-image\" data-id=\"6d62ed0b\" data-element_type=\"widget\" data-e-type=\"widget\" data-widget_type=\"image.default\">\n\t\t\t\t<div class=\"elementor-widget-container\">\n\t\t\t\t\t\t\t\t\t\t\t\t\t\t\t<img fetchpriority=\"high\" decoding=\"async\" width=\"1000\" height=\"600\" src=\"https:\/\/www.sansofestay.com\/blog\/wp-content\/uploads\/2023\/08\/playa-socorro-tenerife-norte.png\" class=\"attachment-full size-full wp-image-721\" alt=\"playa socorro tenerife norte\" srcset=\"https:\/\/www.sansofestay.com\/blog\/wp-content\/uploads\/2023\/08\/playa-socorro-tenerife-norte.png 1000w, https:\/\/www.sansofestay.com\/blog\/wp-content\/uploads\/2023\/08\/playa-socorro-tenerife-norte-768x461.png 768w\" sizes=\"(max-width: 1000px) 100vw, 1000px\" \/>\t\t\t\t\t\t\t\t\t\t\t\t\t\t\t<\/div>\n\t\t\t\t<\/div>\n\t\t\t\t\t<\/div>\n\t\t<\/div>\n\t\t\t\t<div class=\"elementor-column elementor-col-50 elementor-inner-column elementor-element elementor-element-20e336f9\" data-id=\"20e336f9\" data-element_type=\"column\" data-e-type=\"column\">\n\t\t\t<div class=\"elementor-widget-wrap elementor-element-populated\">\n\t\t\t\t\t\t<div class=\"elementor-element elementor-element-209e4b5e elementor-widget elementor-widget-image\" data-id=\"209e4b5e\" data-element_type=\"widget\" data-e-type=\"widget\" data-widget_type=\"image.default\">\n\t\t\t\t<div class=\"elementor-widget-container\">\n\t\t\t\t\t\t\t\t\t\t\t\t\t\t\t<img decoding=\"async\" src=\"https:\/\/www.sansofestay.com\/blog\/wp-content\/uploads\/elementor\/thumbs\/Piscina-Natural-Charco-del-Viento-qc8wl1tggmxw88n3vijwu91d07k8467fqv3juetdv4.jpg\" title=\"Piscina Natural Charco del Viento\" alt=\"Piscina Natural Charco del Viento\" loading=\"lazy\" \/>\t\t\t\t\t\t\t\t\t\t\t\t\t\t\t<\/div>\n\t\t\t\t<\/div>\n\t\t\t\t\t<\/div>\n\t\t<\/div>\n\t\t\t\t\t<\/div>\n\t\t<\/section>\n\t\t\t\t<div class=\"elementor-element elementor-element-4af2c722 elementor-widget elementor-widget-heading\" data-id=\"4af2c722\" data-element_type=\"widget\" data-e-type=\"widget\" data-widget_type=\"heading.default\">\n\t\t\t\t<div class=\"elementor-widget-container\">\n\t\t\t\t\t<h3 class=\"elementor-heading-title elementor-size-default\">Playas y actividades \n<\/h3>\t\t\t\t<\/div>\n\t\t\t\t<\/div>\n\t\t\t\t<div class=\"elementor-element elementor-element-465b6cdd elementor-widget elementor-widget-text-editor\" data-id=\"465b6cdd\" data-element_type=\"widget\" data-e-type=\"widget\" data-widget_type=\"text-editor.default\">\n\t\t\t\t<div class=\"elementor-widget-container\">\n\t\t\t\t\t\t\t\t\t<p><span style=\"font-weight: 400;\">Tenerife, con su clima primaveral durante todo el a\u00f1o, es el <\/span><b>destino perfecto<\/b><span style=\"font-weight: 400;\"> para quienes buscan combinar el espiritual ambiente de Semana Santa con la belleza natural y las actividades al aire libre.<\/span><\/p><p><span style=\"font-weight: 400;\">Explorar las impresionantes playas de Tenerife, ya sean de fina arena dorada o de la caracter\u00edstica arena negra volc\u00e1nica, se encuentra entre los <\/span><b>planes favoritos <\/b><span style=\"font-weight: 400;\">de quienes eligen la isla para disfrutar de las vacaciones de Semana Santa.\u00a0<\/span><\/p><p><span style=\"font-weight: 400;\">En Canarias, la experiencia de sumergirse en el relax de un d\u00eda de sol, playa y chiringuito es incomparable, ideal para descomprimir despu\u00e9s de jornadas llenas de aventuras. Sum\u00e9rgete en el c\u00e1lido sol de Tenerife, disfruta de su clima envidiable y sum\u00e9rgete en las refrescantes aguas del Atl\u00e1ntico.<\/span><\/p><p><span style=\"font-weight: 400;\">\u00a0Un ba\u00f1o en estas aguas es el remate perfecto para<\/span><b> d\u00edas llenos de descubrimientos y emociones<\/b><span style=\"font-weight: 400;\">, encapsulando la esencia de unas vacaciones memorables en el archipi\u00e9lago canario.<\/span><\/p>\t\t\t\t\t\t\t\t<\/div>\n\t\t\t\t<\/div>\n\t\t\t\t<div class=\"elementor-element elementor-element-260c09ed elementor-widget elementor-widget-heading\" data-id=\"260c09ed\" data-element_type=\"widget\" data-e-type=\"widget\" data-widget_type=\"heading.default\">\n\t\t\t\t<div class=\"elementor-widget-container\">\n\t\t\t\t\t<h3 class=\"elementor-heading-title elementor-size-default\">Explorar la gastronom\u00eda de la isla\n<\/h3>\t\t\t\t<\/div>\n\t\t\t\t<\/div>\n\t\t\t\t<div class=\"elementor-element elementor-element-6024e289 elementor-widget elementor-widget-text-editor\" data-id=\"6024e289\" data-element_type=\"widget\" data-e-type=\"widget\" data-widget_type=\"text-editor.default\">\n\t\t\t\t<div class=\"elementor-widget-container\">\n\t\t\t\t\t\t\t\t\t<p><span style=\"font-weight: 400;\">La Semana Santa en Tenerife no solo es un tiempo para reflexionar y disfrutar de las playas y la naturaleza, sino tambi\u00e9n una excelente oportunidad para sumergirse en la <strong>rica cultura culinaria<\/strong> de la isla. La gastronom\u00eda de Tenerife es un reflejo de su historia, geograf\u00eda y la mezcla de culturas que han dejado su huella en el archipi\u00e9lago.\u00a0<\/span><\/p>\t\t\t\t\t\t\t\t<\/div>\n\t\t\t\t<\/div>\n\t\t\t\t<div class=\"elementor-element elementor-element-746279a4 elementor-widget elementor-widget-image\" data-id=\"746279a4\" data-element_type=\"widget\" data-e-type=\"widget\" data-widget_type=\"image.default\">\n\t\t\t\t<div class=\"elementor-widget-container\">\n\t\t\t\t\t\t\t\t\t\t\t\t\t\t\t<img decoding=\"async\" width=\"1920\" height=\"650\" src=\"https:\/\/www.sansofestay.com\/blog\/wp-content\/uploads\/2024\/02\/Naturaleza-tenerife.jpg\" class=\"attachment-full size-full wp-image-1212\" alt=\"Naturaleza tenerife\" srcset=\"https:\/\/www.sansofestay.com\/blog\/wp-content\/uploads\/2024\/02\/Naturaleza-tenerife.jpg 1920w, https:\/\/www.sansofestay.com\/blog\/wp-content\/uploads\/2024\/02\/Naturaleza-tenerife-768x260.jpg 768w, https:\/\/www.sansofestay.com\/blog\/wp-content\/uploads\/2024\/02\/Naturaleza-tenerife-1536x520.jpg 1536w\" sizes=\"(max-width: 1920px) 100vw, 1920px\" \/>\t\t\t\t\t\t\t\t\t\t\t\t\t\t\t<\/div>\n\t\t\t\t<\/div>\n\t\t\t\t<div class=\"elementor-element elementor-element-196d368c elementor-widget elementor-widget-heading\" data-id=\"196d368c\" data-element_type=\"widget\" data-e-type=\"widget\" data-widget_type=\"heading.default\">\n\t\t\t\t<div class=\"elementor-widget-container\">\n\t\t\t\t\t<h3 class=\"elementor-heading-title elementor-size-default\">Descubre la naturaleza de la isla\n<\/h3>\t\t\t\t<\/div>\n\t\t\t\t<\/div>\n\t\t\t\t<div class=\"elementor-element elementor-element-6d503f49 elementor-widget elementor-widget-text-editor\" data-id=\"6d503f49\" data-element_type=\"widget\" data-e-type=\"widget\" data-widget_type=\"text-editor.default\">\n\t\t\t\t<div class=\"elementor-widget-container\">\n\t\t\t\t\t\t\t\t\t<p><span style=\"font-weight: 400;\">Tenerife, la isla de la eterna primavera, ofrece una diversidad natural sin igual que invita a ser explorada, especialmente durante la Semana Santa, cuando el clima es perfectamente templado. Desde sus costas hasta sus cumbres, la isla alberga paisajes que parecen sacados de un sue\u00f1o, perfectos para aventureros y amantes de la naturaleza.<\/span><\/p>\t\t\t\t\t\t\t\t<\/div>\n\t\t\t\t<\/div>\n\t\t\t\t\t<\/div>\n\t\t<\/div>\n\t\t\t\t\t<\/div>\n\t\t<\/section>\n\t\t\t\t<section class=\"elementor-section elementor-top-section elementor-element elementor-element-80bb877 elementor-section-boxed elementor-section-height-default elementor-section-height-default\" data-id=\"80bb877\" data-element_type=\"section\" data-e-type=\"section\">\n\t\t\t\t\t\t<div class=\"elementor-container elementor-column-gap-default\">\n\t\t\t\t\t<div class=\"elementor-column elementor-col-100 elementor-top-column elementor-element elementor-element-60e3893a\" data-id=\"60e3893a\" data-element_type=\"column\" data-e-type=\"column\">\n\t\t\t<div class=\"elementor-widget-wrap elementor-element-populated\">\n\t\t\t\t\t\t<div class=\"elementor-element elementor-element-7490d4e7 elementor-widget elementor-widget-heading\" data-id=\"7490d4e7\" data-element_type=\"widget\" data-e-type=\"widget\" data-widget_type=\"heading.default\">\n\t\t\t\t<div class=\"elementor-widget-container\">\n\t\t\t\t\t<h2 class=\"elementor-heading-title elementor-size-default\">Alquileres vacacionales recomendados para tu Semana Santa en Tenerife \n<\/h2>\t\t\t\t<\/div>\n\t\t\t\t<\/div>\n\t\t\t\t\t<\/div>\n\t\t<\/div>\n\t\t\t\t\t<\/div>\n\t\t<\/section>\n\t\t\t\t<section class=\"elementor-section elementor-top-section elementor-element elementor-element-5a4c2ab elementor-section-boxed elementor-section-height-default elementor-section-height-default\" data-id=\"5a4c2ab\" data-element_type=\"section\" data-e-type=\"section\" data-settings=\"{&quot;background_background&quot;:&quot;classic&quot;}\">\n\t\t\t\t\t\t\t<div class=\"elementor-background-overlay\"><\/div>\n\t\t\t\t\t\t\t<div class=\"elementor-container elementor-column-gap-default\">\n\t\t\t\t\t<div class=\"elementor-column elementor-col-50 elementor-top-column elementor-element elementor-element-6851fec4\" data-id=\"6851fec4\" data-element_type=\"column\" data-e-type=\"column\">\n\t\t\t<div class=\"elementor-widget-wrap elementor-element-populated\">\n\t\t\t\t\t\t<div class=\"elementor-element elementor-element-777580c7 elementor-widget elementor-widget-image\" data-id=\"777580c7\" data-element_type=\"widget\" data-e-type=\"widget\" data-widget_type=\"image.default\">\n\t\t\t\t<div class=\"elementor-widget-container\">\n\t\t\t\t\t\t\t\t\t\t\t\t\t\t\t\t<a href=\"https:\/\/www.sansofestay.com\/alquiler\/apartamento-la-matanza-de-acentejo-07-6-tenerife-vista-montana-privacidad-168216.html\">\n\t\t\t\t\t\t\t<img decoding=\"async\" width=\"500\" height=\"300\" src=\"https:\/\/www.sansofestay.com\/blog\/wp-content\/uploads\/2023\/08\/apartment-with-mountain-view-heated-pool-tenerife.jpg\" class=\"attachment-full size-full wp-image-666\" alt=\"apartment with mountain view and heated pool in tenerife\" \/>\t\t\t\t\t\t\t\t<\/a>\n\t\t\t\t\t\t\t\t\t\t\t\t\t\t\t<\/div>\n\t\t\t\t<\/div>\n\t\t\t\t\t<\/div>\n\t\t<\/div>\n\t\t\t\t<div class=\"elementor-column elementor-col-50 elementor-top-column elementor-element elementor-element-75542e0c\" data-id=\"75542e0c\" data-element_type=\"column\" data-e-type=\"column\">\n\t\t\t<div class=\"elementor-widget-wrap elementor-element-populated\">\n\t\t\t\t\t\t<div class=\"elementor-element elementor-element-2cd53e0d elementor-widget elementor-widget-heading\" data-id=\"2cd53e0d\" data-element_type=\"widget\" data-e-type=\"widget\" data-widget_type=\"heading.default\">\n\t\t\t\t<div class=\"elementor-widget-container\">\n\t\t\t\t\t<h3 class=\"elementor-heading-title elementor-size-default\">Apartamento con vistas a la monta\u00f1a y piscina climatizada en Tenerife<\/h3>\t\t\t\t<\/div>\n\t\t\t\t<\/div>\n\t\t\t\t<div class=\"elementor-element elementor-element-464d56 elementor-widget elementor-widget-text-editor\" data-id=\"464d56\" data-element_type=\"widget\" data-e-type=\"widget\" data-widget_type=\"text-editor.default\">\n\t\t\t\t<div class=\"elementor-widget-container\">\n\t\t\t\t\t\t\t\t\t<p>Precioso apartamento en Tenerife, en la Costa Norte de Tenerife, con vistas a la monta\u00f1a y piscina climatizada. El apartamento mide 64m\u00b2 y puede alojar hasta 5 personas. Ideal para vacaciones en familia o con amigos.<\/p>\t\t\t\t\t\t\t\t<\/div>\n\t\t\t\t<\/div>\n\t\t\t\t<section class=\"elementor-section elementor-inner-section elementor-element elementor-element-272d2897 elementor-section-boxed elementor-section-height-default elementor-section-height-default\" data-id=\"272d2897\" data-element_type=\"section\" data-e-type=\"section\">\n\t\t\t\t\t\t<div class=\"elementor-container elementor-column-gap-default\">\n\t\t\t\t\t<div class=\"elementor-column elementor-col-50 elementor-inner-column elementor-element elementor-element-40ba3c6\" data-id=\"40ba3c6\" data-element_type=\"column\" data-e-type=\"column\">\n\t\t\t<div class=\"elementor-widget-wrap\">\n\t\t\t\t\t\t\t<\/div>\n\t\t<\/div>\n\t\t\t\t<div class=\"elementor-column elementor-col-50 elementor-inner-column elementor-element elementor-element-6a5462c9\" data-id=\"6a5462c9\" data-element_type=\"column\" data-e-type=\"column\">\n\t\t\t<div class=\"elementor-widget-wrap elementor-element-populated\">\n\t\t\t\t\t\t<div class=\"elementor-element elementor-element-a81f830 elementor-align-left elementor-widget elementor-widget-button\" data-id=\"a81f830\" data-element_type=\"widget\" data-e-type=\"widget\" data-widget_type=\"button.default\">\n\t\t\t\t<div class=\"elementor-widget-container\">\n\t\t\t\t\t\t\t\t\t<div class=\"elementor-button-wrapper\">\n\t\t\t\t\t<a class=\"elementor-button elementor-button-link elementor-size-sm\" href=\"https:\/\/www.sansofestay.com\/alquiler\/apartamento-la-matanza-de-acentejo-07-6-tenerife-vista-montana-privacidad-168216.html\" target=\"_blank\">\n\t\t\t\t\t\t<span class=\"elementor-button-content-wrapper\">\n\t\t\t\t\t\t\t\t\t<span class=\"elementor-button-text\">Ver el apartamento<\/span>\n\t\t\t\t\t<\/span>\n\t\t\t\t\t<\/a>\n\t\t\t\t<\/div>\n\t\t\t\t\t\t\t\t<\/div>\n\t\t\t\t<\/div>\n\t\t\t\t\t<\/div>\n\t\t<\/div>\n\t\t\t\t\t<\/div>\n\t\t<\/section>\n\t\t\t\t\t<\/div>\n\t\t<\/div>\n\t\t\t\t\t<\/div>\n\t\t<\/section>\n\t\t\t\t<section class=\"elementor-section elementor-top-section elementor-element elementor-element-3d83acbf elementor-section-boxed elementor-section-height-default elementor-section-height-default\" data-id=\"3d83acbf\" data-element_type=\"section\" data-e-type=\"section\" data-settings=\"{&quot;background_background&quot;:&quot;classic&quot;}\">\n\t\t\t\t\t\t<div class=\"elementor-container elementor-column-gap-default\">\n\t\t\t\t\t<div class=\"elementor-column elementor-col-50 elementor-top-column elementor-element elementor-element-6a47717d\" data-id=\"6a47717d\" data-element_type=\"column\" data-e-type=\"column\">\n\t\t\t<div class=\"elementor-widget-wrap elementor-element-populated\">\n\t\t\t\t\t\t<div class=\"elementor-element elementor-element-1a8b4d85 elementor-widget elementor-widget-image\" data-id=\"1a8b4d85\" data-element_type=\"widget\" data-e-type=\"widget\" data-widget_type=\"image.default\">\n\t\t\t\t<div class=\"elementor-widget-container\">\n\t\t\t\t\t\t\t\t\t\t\t\t\t\t\t\t<a href=\"https:\/\/www.sansofestay.com\/alquiler\/apartamento-la-matanza-de-acentejo-10-10-vista-mar-jardin-privado-167953.html\">\n\t\t\t\t\t\t\t<img loading=\"lazy\" decoding=\"async\" width=\"500\" height=\"300\" src=\"https:\/\/www.sansofestay.com\/blog\/wp-content\/uploads\/2023\/08\/apartment-garden-sea-view-north-tenerife.jpg\" class=\"attachment-full size-full wp-image-661\" alt=\"Apartment with private garden and sea view in tenerife for you next holidays\" \/>\t\t\t\t\t\t\t\t<\/a>\n\t\t\t\t\t\t\t\t\t\t\t\t\t\t\t<\/div>\n\t\t\t\t<\/div>\n\t\t\t\t\t<\/div>\n\t\t<\/div>\n\t\t\t\t<div class=\"elementor-column elementor-col-50 elementor-top-column elementor-element elementor-element-334aa55f\" data-id=\"334aa55f\" data-element_type=\"column\" data-e-type=\"column\">\n\t\t\t<div class=\"elementor-widget-wrap elementor-element-populated\">\n\t\t\t\t\t\t<div class=\"elementor-element elementor-element-603d339 elementor-widget elementor-widget-heading\" data-id=\"603d339\" data-element_type=\"widget\" data-e-type=\"widget\" data-widget_type=\"heading.default\">\n\t\t\t\t<div class=\"elementor-widget-container\">\n\t\t\t\t\t<h3 class=\"elementor-heading-title elementor-size-default\">Apartamento con jard\u00edn privado y vista mar en Tenerife Norte<\/h3>\t\t\t\t<\/div>\n\t\t\t\t<\/div>\n\t\t\t\t<div class=\"elementor-element elementor-element-7de8fb92 elementor-widget elementor-widget-text-editor\" data-id=\"7de8fb92\" data-element_type=\"widget\" data-e-type=\"widget\" data-widget_type=\"text-editor.default\">\n\t\t\t\t<div class=\"elementor-widget-container\">\n\t\t\t\t\t\t\t\t\t<p>Enclavado en los serenos paisajes del norte de Tenerife, este apartamento de un dormitorio es una verdadera joya. Cuenta con una amplia terraza de 30 metros cuadrados y un jard\u00edn privado de 250 metros cuadrados, ambos con fascinantes vistas al mar y al atardecer.<\/p>\t\t\t\t\t\t\t\t<\/div>\n\t\t\t\t<\/div>\n\t\t\t\t<section class=\"elementor-section elementor-inner-section elementor-element elementor-element-4a9fe8e elementor-section-boxed elementor-section-height-default elementor-section-height-default\" data-id=\"4a9fe8e\" data-element_type=\"section\" data-e-type=\"section\">\n\t\t\t\t\t\t<div class=\"elementor-container elementor-column-gap-default\">\n\t\t\t\t\t<div class=\"elementor-column elementor-col-50 elementor-inner-column elementor-element elementor-element-616b2bdf\" data-id=\"616b2bdf\" data-element_type=\"column\" data-e-type=\"column\">\n\t\t\t<div class=\"elementor-widget-wrap\">\n\t\t\t\t\t\t\t<\/div>\n\t\t<\/div>\n\t\t\t\t<div class=\"elementor-column elementor-col-50 elementor-inner-column elementor-element elementor-element-6a120513\" data-id=\"6a120513\" data-element_type=\"column\" data-e-type=\"column\">\n\t\t\t<div class=\"elementor-widget-wrap elementor-element-populated\">\n\t\t\t\t\t\t<div class=\"elementor-element elementor-element-6f3f3e60 elementor-align-left elementor-widget elementor-widget-button\" data-id=\"6f3f3e60\" data-element_type=\"widget\" data-e-type=\"widget\" data-widget_type=\"button.default\">\n\t\t\t\t<div class=\"elementor-widget-container\">\n\t\t\t\t\t\t\t\t\t<div class=\"elementor-button-wrapper\">\n\t\t\t\t\t<a class=\"elementor-button elementor-button-link elementor-size-sm\" href=\"https:\/\/www.sansofestay.com\/alquiler\/apartamento-la-matanza-de-acentejo-10-10-vista-mar-jardin-privado-167953.html\" target=\"_blank\">\n\t\t\t\t\t\t<span class=\"elementor-button-content-wrapper\">\n\t\t\t\t\t\t\t\t\t<span class=\"elementor-button-text\">Ver el apartamento<\/span>\n\t\t\t\t\t<\/span>\n\t\t\t\t\t<\/a>\n\t\t\t\t<\/div>\n\t\t\t\t\t\t\t\t<\/div>\n\t\t\t\t<\/div>\n\t\t\t\t\t<\/div>\n\t\t<\/div>\n\t\t\t\t\t<\/div>\n\t\t<\/section>\n\t\t\t\t\t<\/div>\n\t\t<\/div>\n\t\t\t\t\t<\/div>\n\t\t<\/section>\n\t\t\t\t<section class=\"elementor-section elementor-top-section elementor-element elementor-element-26353188 elementor-section-boxed elementor-section-height-default elementor-section-height-default\" data-id=\"26353188\" data-element_type=\"section\" data-e-type=\"section\" data-settings=\"{&quot;background_background&quot;:&quot;classic&quot;}\">\n\t\t\t\t\t\t<div class=\"elementor-container elementor-column-gap-default\">\n\t\t\t\t\t<div class=\"elementor-column elementor-col-50 elementor-top-column elementor-element elementor-element-5e9b5f3e\" data-id=\"5e9b5f3e\" data-element_type=\"column\" data-e-type=\"column\">\n\t\t\t<div class=\"elementor-widget-wrap elementor-element-populated\">\n\t\t\t\t\t\t<div class=\"elementor-element elementor-element-5d5dddce elementor-widget elementor-widget-image\" data-id=\"5d5dddce\" data-element_type=\"widget\" data-e-type=\"widget\" data-widget_type=\"image.default\">\n\t\t\t\t<div class=\"elementor-widget-container\">\n\t\t\t\t\t\t\t\t\t\t\t\t\t\t\t\t<a href=\"https:\/\/www.sansofestay.com\/alquiler\/apartamento-la-matanza-de-acentejo-08-7-apartamento-vista-lateral-mar-y-montana-168217.html\">\n\t\t\t\t\t\t\t<img loading=\"lazy\" decoding=\"async\" width=\"500\" height=\"300\" src=\"https:\/\/www.sansofestay.com\/blog\/wp-content\/uploads\/2023\/08\/private-apartment-tenerife-with-pool.jpg\" class=\"attachment-full size-full wp-image-676\" alt=\"private apartment in tenerife with pool\" \/>\t\t\t\t\t\t\t\t<\/a>\n\t\t\t\t\t\t\t\t\t\t\t\t\t\t\t<\/div>\n\t\t\t\t<\/div>\n\t\t\t\t\t<\/div>\n\t\t<\/div>\n\t\t\t\t<div class=\"elementor-column elementor-col-50 elementor-top-column elementor-element elementor-element-4fe04dd6\" data-id=\"4fe04dd6\" data-element_type=\"column\" data-e-type=\"column\">\n\t\t\t<div class=\"elementor-widget-wrap elementor-element-populated\">\n\t\t\t\t\t\t<div class=\"elementor-element elementor-element-6a65226 elementor-widget elementor-widget-heading\" data-id=\"6a65226\" data-element_type=\"widget\" data-e-type=\"widget\" data-widget_type=\"heading.default\">\n\t\t\t\t<div class=\"elementor-widget-container\">\n\t\t\t\t\t<h3 class=\"elementor-heading-title elementor-size-default\">Apartamento privado con piscina en la costa norte de Tenerife<\/h3>\t\t\t\t<\/div>\n\t\t\t\t<\/div>\n\t\t\t\t<div class=\"elementor-element elementor-element-5b67f0a0 elementor-widget elementor-widget-text-editor\" data-id=\"5b67f0a0\" data-element_type=\"widget\" data-e-type=\"widget\" data-widget_type=\"text-editor.default\">\n\t\t\t\t<div class=\"elementor-widget-container\">\n\t\t\t\t\t\t\t\t\t<p>Este apartamento de 2 dormitorios en La Matanza de Acentejo tiene capacidad para 5 personas. Est\u00e1 amueblado con gusto, es luminoso y tiene 64 m\u00b2 con vistas a la monta\u00f1a. La propiedad se encuentra en un barrio familiar en medio del encanto rural de la zona.<\/p>\t\t\t\t\t\t\t\t<\/div>\n\t\t\t\t<\/div>\n\t\t\t\t<section class=\"elementor-section elementor-inner-section elementor-element elementor-element-6ab1275b elementor-section-boxed elementor-section-height-default elementor-section-height-default\" data-id=\"6ab1275b\" data-element_type=\"section\" data-e-type=\"section\">\n\t\t\t\t\t\t<div class=\"elementor-container elementor-column-gap-default\">\n\t\t\t\t\t<div class=\"elementor-column elementor-col-50 elementor-inner-column elementor-element elementor-element-30a47b7b\" data-id=\"30a47b7b\" data-element_type=\"column\" data-e-type=\"column\">\n\t\t\t<div class=\"elementor-widget-wrap\">\n\t\t\t\t\t\t\t<\/div>\n\t\t<\/div>\n\t\t\t\t<div class=\"elementor-column elementor-col-50 elementor-inner-column elementor-element elementor-element-21162cc5\" data-id=\"21162cc5\" data-element_type=\"column\" data-e-type=\"column\">\n\t\t\t<div class=\"elementor-widget-wrap elementor-element-populated\">\n\t\t\t\t\t\t<div class=\"elementor-element elementor-element-36bdd6a2 elementor-align-left elementor-widget elementor-widget-button\" data-id=\"36bdd6a2\" data-element_type=\"widget\" data-e-type=\"widget\" data-widget_type=\"button.default\">\n\t\t\t\t<div class=\"elementor-widget-container\">\n\t\t\t\t\t\t\t\t\t<div class=\"elementor-button-wrapper\">\n\t\t\t\t\t<a class=\"elementor-button elementor-button-link elementor-size-sm\" href=\"https:\/\/www.sansofestay.com\/alquiler\/apartamento-la-matanza-de-acentejo-08-7-apartamento-vista-lateral-mar-y-montana-168217.html\" target=\"_blank\">\n\t\t\t\t\t\t<span class=\"elementor-button-content-wrapper\">\n\t\t\t\t\t\t\t\t\t<span class=\"elementor-button-text\">Ver el apartamento<\/span>\n\t\t\t\t\t<\/span>\n\t\t\t\t\t<\/a>\n\t\t\t\t<\/div>\n\t\t\t\t\t\t\t\t<\/div>\n\t\t\t\t<\/div>\n\t\t\t\t\t<\/div>\n\t\t<\/div>\n\t\t\t\t\t<\/div>\n\t\t<\/section>\n\t\t\t\t\t<\/div>\n\t\t<\/div>\n\t\t\t\t\t<\/div>\n\t\t<\/section>\n\t\t\t\t<section class=\"elementor-section elementor-top-section elementor-element elementor-element-72fb083c elementor-section-boxed elementor-section-height-default elementor-section-height-default\" data-id=\"72fb083c\" data-element_type=\"section\" data-e-type=\"section\" data-settings=\"{&quot;background_background&quot;:&quot;classic&quot;}\">\n\t\t\t\t\t\t<div class=\"elementor-container elementor-column-gap-default\">\n\t\t\t\t\t<div class=\"elementor-column elementor-col-50 elementor-top-column elementor-element elementor-element-5c0513e1\" data-id=\"5c0513e1\" data-element_type=\"column\" data-e-type=\"column\">\n\t\t\t<div class=\"elementor-widget-wrap elementor-element-populated\">\n\t\t\t\t\t\t<div class=\"elementor-element elementor-element-1217912d elementor-widget elementor-widget-image\" data-id=\"1217912d\" data-element_type=\"widget\" data-e-type=\"widget\" data-widget_type=\"image.default\">\n\t\t\t\t<div class=\"elementor-widget-container\">\n\t\t\t\t\t\t\t\t\t\t\t\t\t\t\t\t<a href=\"https:\/\/www.sansofestay.com\/alquiler\/apartamento-la-matanza-de-acentejo-03-3-tenerife-vista-mar-y-montana-168145.html\">\n\t\t\t\t\t\t\t<img loading=\"lazy\" decoding=\"async\" width=\"500\" height=\"300\" src=\"https:\/\/www.sansofestay.com\/blog\/wp-content\/uploads\/2023\/08\/apartment-with-sea-teide-mountain-view-tenerife.jpg\" class=\"attachment-full size-full wp-image-674\" alt=\"Apartment with sea and teide mountain view in tenerife\" \/>\t\t\t\t\t\t\t\t<\/a>\n\t\t\t\t\t\t\t\t\t\t\t\t\t\t\t<\/div>\n\t\t\t\t<\/div>\n\t\t\t\t\t<\/div>\n\t\t<\/div>\n\t\t\t\t<div class=\"elementor-column elementor-col-50 elementor-top-column elementor-element elementor-element-27e30721\" data-id=\"27e30721\" data-element_type=\"column\" data-e-type=\"column\">\n\t\t\t<div class=\"elementor-widget-wrap elementor-element-populated\">\n\t\t\t\t\t\t<div class=\"elementor-element elementor-element-23bd35ac elementor-widget elementor-widget-heading\" data-id=\"23bd35ac\" data-element_type=\"widget\" data-e-type=\"widget\" data-widget_type=\"heading.default\">\n\t\t\t\t<div class=\"elementor-widget-container\">\n\t\t\t\t\t<h3 class=\"elementor-heading-title elementor-size-default\">Apartamento con vistas al mar y al Teide en Tenerife Norte<\/h3>\t\t\t\t<\/div>\n\t\t\t\t<\/div>\n\t\t\t\t<div class=\"elementor-element elementor-element-4e5c417 elementor-widget elementor-widget-text-editor\" data-id=\"4e5c417\" data-element_type=\"widget\" data-e-type=\"widget\" data-widget_type=\"text-editor.default\">\n\t\t\t\t<div class=\"elementor-widget-container\">\n\t\t\t\t\t\t\t\t\t<p>Este acogedor apartamento disfruta tanto de las relajantes vistas al mar como de la majestuosa monta\u00f1a del Teide. Situado en la primera planta de un antiguo almac\u00e9n cuidadosamente restaurado, esta joya es uno de los ocho apartamentos r\u00fasticos construidos por apasionados agricultores de aguacate en 2009.<\/p>\t\t\t\t\t\t\t\t<\/div>\n\t\t\t\t<\/div>\n\t\t\t\t<section class=\"elementor-section elementor-inner-section elementor-element elementor-element-725823d9 elementor-section-boxed elementor-section-height-default elementor-section-height-default\" data-id=\"725823d9\" data-element_type=\"section\" data-e-type=\"section\">\n\t\t\t\t\t\t<div class=\"elementor-container elementor-column-gap-default\">\n\t\t\t\t\t<div class=\"elementor-column elementor-col-50 elementor-inner-column elementor-element elementor-element-2e1c2ca8\" data-id=\"2e1c2ca8\" data-element_type=\"column\" data-e-type=\"column\">\n\t\t\t<div class=\"elementor-widget-wrap\">\n\t\t\t\t\t\t\t<\/div>\n\t\t<\/div>\n\t\t\t\t<div class=\"elementor-column elementor-col-50 elementor-inner-column elementor-element elementor-element-565ce296\" data-id=\"565ce296\" data-element_type=\"column\" data-e-type=\"column\">\n\t\t\t<div class=\"elementor-widget-wrap elementor-element-populated\">\n\t\t\t\t\t\t<div class=\"elementor-element elementor-element-4e870dcf elementor-align-left elementor-widget elementor-widget-button\" data-id=\"4e870dcf\" data-element_type=\"widget\" data-e-type=\"widget\" data-widget_type=\"button.default\">\n\t\t\t\t<div class=\"elementor-widget-container\">\n\t\t\t\t\t\t\t\t\t<div class=\"elementor-button-wrapper\">\n\t\t\t\t\t<a class=\"elementor-button elementor-button-link elementor-size-sm\" href=\"https:\/\/www.sansofestay.com\/alquiler\/apartamento-la-matanza-de-acentejo-03-3-tenerife-vista-mar-y-montana-168145.html\" target=\"_blank\">\n\t\t\t\t\t\t<span class=\"elementor-button-content-wrapper\">\n\t\t\t\t\t\t\t\t\t<span class=\"elementor-button-text\">Ver el apartamento<\/span>\n\t\t\t\t\t<\/span>\n\t\t\t\t\t<\/a>\n\t\t\t\t<\/div>\n\t\t\t\t\t\t\t\t<\/div>\n\t\t\t\t<\/div>\n\t\t\t\t\t<\/div>\n\t\t<\/div>\n\t\t\t\t\t<\/div>\n\t\t<\/section>\n\t\t\t\t\t<\/div>\n\t\t<\/div>\n\t\t\t\t\t<\/div>\n\t\t<\/section>\n\t\t\t\t<section class=\"elementor-section elementor-top-section elementor-element elementor-element-ae400b1 elementor-section-boxed elementor-section-height-default elementor-section-height-default\" data-id=\"ae400b1\" data-element_type=\"section\" data-e-type=\"section\">\n\t\t\t\t\t\t<div class=\"elementor-container elementor-column-gap-default\">\n\t\t\t\t\t<div class=\"elementor-column elementor-col-100 elementor-top-column elementor-element elementor-element-95f8aab\" data-id=\"95f8aab\" data-element_type=\"column\" data-e-type=\"column\">\n\t\t\t<div class=\"elementor-widget-wrap elementor-element-populated\">\n\t\t\t\t\t\t<div class=\"elementor-element elementor-element-49a132e elementor-widget elementor-widget-text-editor\" data-id=\"49a132e\" data-element_type=\"widget\" data-e-type=\"widget\" data-widget_type=\"text-editor.default\">\n\t\t\t\t<div class=\"elementor-widget-container\">\n\t\t\t\t\t\t\t\t\t<h2><b>El tiempo en Semana Santa en Tenerife norte<\/b><\/h2><p><span style=\"font-weight: 400;\">Durante Semana Santa, Tenerife se presenta como un destino ideal gracias a su <strong>clima templado y agradable<\/strong>, caracter\u00edstico de esta \u00e9poca del a\u00f1o. La isla disfruta de un microclima que var\u00eda entre el norte y el sur, pero en general, las temperaturas en Semana Santa oscilan entre los 18 \u00b0C y los 25 \u00b0C, proporcionando un ambiente perfecto tanto para los que desean relajarse en las playas como para los que prefieren explorar los numerosos atractivos al aire libre.<\/span><\/p><p><span style=\"font-weight: 400;\">La primavera en Tenerife trae consigo d\u00edas m\u00e1s largos y soleados, aunque no es inusual encontrar alguna que otra lluvia ligera, especialmente en las zonas m\u00e1s verdes y elevadas de la isla. Estas lluvias suelen ser breves y contribuyen a la<strong> frescura y belleza del paisaje<\/strong>.<\/span><\/p>\t\t\t\t\t\t\t\t<\/div>\n\t\t\t\t<\/div>\n\t\t\t\t<div class=\"elementor-element elementor-element-586624e elementor-widget elementor-widget-text-editor\" data-id=\"586624e\" data-element_type=\"widget\" data-e-type=\"widget\" data-widget_type=\"text-editor.default\">\n\t\t\t\t<div class=\"elementor-widget-container\">\n\t\t\t\t\t\t\t\t\t<h2><b>Reserva tu apartamento vacacional en Tenerife norte<\/b><\/h2><p><span style=\"font-weight: 400;\">Tenerife Norte es un destino que cautiva a sus visitantes con su impresionante belleza natural, desde exuberantes valles y monta\u00f1as hasta pintorescas costas y playas.\u00a0<\/span><\/p><p><span style=\"font-weight: 400;\">Esta parte de la isla es famosa por su rica cultura, su vibrante historia y una gastronom\u00eda que deleita a todos los paladares. Al elegir Tenerife Norte para tus vacaciones de Semana Santa, te sumergir\u00e1s en una atm\u00f3sfera \u00fanica, donde la tradici\u00f3n se mezcla con la modernidad y la naturaleza se encuentra a cada paso.<\/span><\/p><p><span style=\"font-weight: 400;\">Para vivir plenamente esta experiencia, encontrar el alojamiento adecuado es fundamental.<\/span><a href=\"https:\/\/www.sansofestay.com\/\"><span style=\"font-weight: 400;\"> Sansof\u00e9 Stay<\/span><\/a><span style=\"font-weight: 400;\"> ofrece una selecci\u00f3n de apartamentos vacacionales que son el punto de partida perfecto para explorar todo lo que Tenerife Norte tiene para ofrecer.\u00a0<\/span><\/p>\t\t\t\t\t\t\t\t<\/div>\n\t\t\t\t<\/div>\n\t\t\t\t\t<\/div>\n\t\t<\/div>\n\t\t\t\t\t<\/div>\n\t\t<\/section>\n\t\t\t\t<section class=\"elementor-section elementor-top-section elementor-element elementor-element-4cb4ff6 elementor-section-boxed elementor-section-height-default elementor-section-height-default\" data-id=\"4cb4ff6\" data-element_type=\"section\" data-e-type=\"section\">\n\t\t\t\t\t\t<div class=\"elementor-container elementor-column-gap-default\">\n\t\t\t\t\t<div class=\"elementor-column elementor-col-100 elementor-top-column elementor-element elementor-element-51a4d05\" data-id=\"51a4d05\" data-element_type=\"column\" data-e-type=\"column\">\n\t\t\t<div class=\"elementor-widget-wrap elementor-element-populated\">\n\t\t\t\t\t\t<div class=\"elementor-element elementor-element-4d32b39 elementor-align-center elementor-widget elementor-widget-button\" data-id=\"4d32b39\" data-element_type=\"widget\" data-e-type=\"widget\" data-widget_type=\"button.default\">\n\t\t\t\t<div class=\"elementor-widget-container\">\n\t\t\t\t\t\t\t\t\t<div class=\"elementor-button-wrapper\">\n\t\t\t\t\t<a class=\"elementor-button elementor-button-link elementor-size-sm\" href=\"https:\/\/www.sansofestay.com\/alquiler\/apartamentos-tenerife-c1e81\/\" target=\"_blank\">\n\t\t\t\t\t\t<span class=\"elementor-button-content-wrapper\">\n\t\t\t\t\t\t\t\t\t<span class=\"elementor-button-text\">Alquiler de apartamentos en Tenerife Norte<\/span>\n\t\t\t\t\t<\/span>\n\t\t\t\t\t<\/a>\n\t\t\t\t<\/div>\n\t\t\t\t\t\t\t\t<\/div>\n\t\t\t\t<\/div>\n\t\t\t\t\t<\/div>\n\t\t<\/div>\n\t\t\t\t\t<\/div>\n\t\t<\/section>\n\t\t\t\t<section class=\"elementor-section elementor-top-section elementor-element elementor-element-5f7f8700 elementor-section-boxed elementor-section-height-default elementor-section-height-default\" data-id=\"5f7f8700\" data-element_type=\"section\" data-e-type=\"section\">\n\t\t\t\t\t\t<div class=\"elementor-container elementor-column-gap-default\">\n\t\t\t\t\t<div class=\"elementor-column elementor-col-100 elementor-top-column elementor-element elementor-element-214a5143\" data-id=\"214a5143\" data-element_type=\"column\" data-e-type=\"column\">\n\t\t\t<div class=\"elementor-widget-wrap elementor-element-populated\">\n\t\t\t\t\t\t<div class=\"elementor-element elementor-element-46b28f5e elementor-widget elementor-widget-heading\" data-id=\"46b28f5e\" data-element_type=\"widget\" data-e-type=\"widget\" data-widget_type=\"heading.default\">\n\t\t\t\t<div class=\"elementor-widget-container\">\n\t\t\t\t\t<h2 class=\"elementor-heading-title elementor-size-default\">Apartamentos vacacionales recomendados en Tenerife<\/h2>\t\t\t\t<\/div>\n\t\t\t\t<\/div>\n\t\t\t\t<section class=\"elementor-section elementor-inner-section elementor-element elementor-element-194b66ae elementor-section-boxed elementor-section-height-default elementor-section-height-default\" data-id=\"194b66ae\" data-element_type=\"section\" data-e-type=\"section\" data-settings=\"{&quot;background_background&quot;:&quot;classic&quot;}\">\n\t\t\t\t\t\t<div class=\"elementor-container elementor-column-gap-default\">\n\t\t\t\t\t<div class=\"elementor-column elementor-col-20 elementor-inner-column elementor-element elementor-element-785c2509\" data-id=\"785c2509\" data-element_type=\"column\" data-e-type=\"column\">\n\t\t\t<div class=\"elementor-widget-wrap elementor-element-populated\">\n\t\t\t\t\t\t<div class=\"elementor-element elementor-element-453dc463 elementor-widget elementor-widget-image\" data-id=\"453dc463\" data-element_type=\"widget\" data-e-type=\"widget\" data-widget_type=\"image.default\">\n\t\t\t\t<div class=\"elementor-widget-container\">\n\t\t\t\t\t\t\t\t\t\t\t\t\t\t\t\t<a href=\"https:\/\/www.sansofestay.com\/alquiler\/apartamento-la-matanza-de-acentejo-04-8-apartamento-vista-mar-terraza-balcon-168146.html\">\n\t\t\t\t\t\t\t<img loading=\"lazy\" decoding=\"async\" width=\"300\" height=\"300\" src=\"https:\/\/www.sansofestay.com\/blog\/wp-content\/uploads\/2023\/08\/sea-view-apartment-tenerife.jpg\" class=\"attachment-large size-large wp-image-678\" alt=\"sea view apartment tenerife\" srcset=\"https:\/\/www.sansofestay.com\/blog\/wp-content\/uploads\/2023\/08\/sea-view-apartment-tenerife.jpg 300w, https:\/\/www.sansofestay.com\/blog\/wp-content\/uploads\/2023\/08\/sea-view-apartment-tenerife-150x150.jpg 150w, https:\/\/www.sansofestay.com\/blog\/wp-content\/uploads\/2023\/08\/sea-view-apartment-tenerife-90x90.jpg 90w\" sizes=\"(max-width: 300px) 100vw, 300px\" \/>\t\t\t\t\t\t\t\t<\/a>\n\t\t\t\t\t\t\t\t\t\t\t\t\t\t\t<\/div>\n\t\t\t\t<\/div>\n\t\t\t\t<div class=\"elementor-element elementor-element-159b4a58 elementor-widget elementor-widget-heading\" data-id=\"159b4a58\" data-element_type=\"widget\" data-e-type=\"widget\" data-widget_type=\"heading.default\">\n\t\t\t\t<div class=\"elementor-widget-container\">\n\t\t\t\t\t<h3 class=\"elementor-heading-title elementor-size-default\"><a href=\"https:\/\/www.sansofestay.com\/alquiler\/apartamento-la-matanza-de-acentejo-04-8-apartamento-vista-mar-terraza-balcon-168146.html\">Apartamento vista mar<\/a><\/h3>\t\t\t\t<\/div>\n\t\t\t\t<\/div>\n\t\t\t\t<div class=\"elementor-element elementor-element-72540665 elementor-headline--style-highlight elementor-widget elementor-widget-animated-headline\" data-id=\"72540665\" data-element_type=\"widget\" data-e-type=\"widget\" data-settings=\"{&quot;highlighted_text&quot;:&quot;334\\u20ac&quot;,&quot;headline_style&quot;:&quot;highlight&quot;,&quot;marker&quot;:&quot;circle&quot;,&quot;loop&quot;:&quot;yes&quot;,&quot;highlight_animation_duration&quot;:1200,&quot;highlight_iteration_delay&quot;:8000}\" data-widget_type=\"animated-headline.default\">\n\t\t\t\t<div class=\"elementor-widget-container\">\n\t\t\t\t\t\t\t\t<a href=\"https:\/\/www.sansofestay.com\/alquiler\/apartamento-la-matanza-de-acentejo-04-8-apartamento-vista-mar-terraza-balcon-168146.html\">\n\n\t\t\t\t\t<p class=\"elementor-headline\">\n\t\t\t\t\t<span class=\"elementor-headline-plain-text elementor-headline-text-wrapper\">Desde<\/span>\n\t\t\t\t<span class=\"elementor-headline-dynamic-wrapper elementor-headline-text-wrapper\">\n\t\t\t\t\t<span class=\"elementor-headline-dynamic-text elementor-headline-text-active\">334\u20ac<\/span>\n\t\t\t\t<\/span>\n\t\t\t\t\t<span class=\"elementor-headline-plain-text elementor-headline-text-wrapper\">\/semana<\/span>\n\t\t\t\t\t<\/p>\n\t\t<\/a>\t\t\t\t<\/div>\n\t\t\t\t<\/div>\n\t\t\t\t\t<\/div>\n\t\t<\/div>\n\t\t\t\t<div class=\"elementor-column elementor-col-20 elementor-inner-column elementor-element elementor-element-413b9368\" data-id=\"413b9368\" data-element_type=\"column\" data-e-type=\"column\">\n\t\t\t<div class=\"elementor-widget-wrap elementor-element-populated\">\n\t\t\t\t\t\t<div class=\"elementor-element elementor-element-45bb17ce elementor-widget elementor-widget-image\" data-id=\"45bb17ce\" data-element_type=\"widget\" data-e-type=\"widget\" data-widget_type=\"image.default\">\n\t\t\t\t<div class=\"elementor-widget-container\">\n\t\t\t\t\t\t\t\t\t\t\t\t\t\t\t\t<a href=\"https:\/\/www.sansofestay.com\/alquiler\/apartamento-la-matanza-de-acentejo-01-1-apartamento-tenerife-norte-vista-mar-168038.html\">\n\t\t\t\t\t\t\t<img loading=\"lazy\" decoding=\"async\" width=\"300\" height=\"300\" src=\"https:\/\/www.sansofestay.com\/blog\/wp-content\/uploads\/2023\/08\/apartment-north-tenerife.jpg\" class=\"attachment-large size-large wp-image-680\" alt=\"apartment north tenerife in la matanza de acentejo\" srcset=\"https:\/\/www.sansofestay.com\/blog\/wp-content\/uploads\/2023\/08\/apartment-north-tenerife.jpg 300w, https:\/\/www.sansofestay.com\/blog\/wp-content\/uploads\/2023\/08\/apartment-north-tenerife-150x150.jpg 150w, https:\/\/www.sansofestay.com\/blog\/wp-content\/uploads\/2023\/08\/apartment-north-tenerife-90x90.jpg 90w\" sizes=\"(max-width: 300px) 100vw, 300px\" \/>\t\t\t\t\t\t\t\t<\/a>\n\t\t\t\t\t\t\t\t\t\t\t\t\t\t\t<\/div>\n\t\t\t\t<\/div>\n\t\t\t\t<div class=\"elementor-element elementor-element-27dc185e elementor-widget elementor-widget-heading\" data-id=\"27dc185e\" data-element_type=\"widget\" data-e-type=\"widget\" data-widget_type=\"heading.default\">\n\t\t\t\t<div class=\"elementor-widget-container\">\n\t\t\t\t\t<h3 class=\"elementor-heading-title elementor-size-default\"><a href=\"https:\/\/www.sansofestay.com\/alquiler\/apartamento-la-matanza-de-acentejo-01-1-apartamento-tenerife-norte-vista-mar-168038.html\">Apartamento Tenerife Norte<\/a><\/h3>\t\t\t\t<\/div>\n\t\t\t\t<\/div>\n\t\t\t\t<div class=\"elementor-element elementor-element-541eb1dd elementor-headline--style-highlight elementor-widget elementor-widget-animated-headline\" data-id=\"541eb1dd\" data-element_type=\"widget\" data-e-type=\"widget\" data-settings=\"{&quot;highlighted_text&quot;:&quot;434\\u20ac&quot;,&quot;headline_style&quot;:&quot;highlight&quot;,&quot;marker&quot;:&quot;circle&quot;,&quot;loop&quot;:&quot;yes&quot;,&quot;highlight_animation_duration&quot;:1200,&quot;highlight_iteration_delay&quot;:8000}\" data-widget_type=\"animated-headline.default\">\n\t\t\t\t<div class=\"elementor-widget-container\">\n\t\t\t\t\t\t\t\t<a href=\"https:\/\/www.sansofestay.com\/alquiler\/apartamento-la-matanza-de-acentejo-01-1-apartamento-tenerife-norte-vista-mar-168038.html\">\n\n\t\t\t\t\t<p class=\"elementor-headline\">\n\t\t\t\t\t<span class=\"elementor-headline-plain-text elementor-headline-text-wrapper\">Desde<\/span>\n\t\t\t\t<span class=\"elementor-headline-dynamic-wrapper elementor-headline-text-wrapper\">\n\t\t\t\t\t<span class=\"elementor-headline-dynamic-text elementor-headline-text-active\">434\u20ac<\/span>\n\t\t\t\t<\/span>\n\t\t\t\t\t<span class=\"elementor-headline-plain-text elementor-headline-text-wrapper\">\/semana<\/span>\n\t\t\t\t\t<\/p>\n\t\t<\/a>\t\t\t\t<\/div>\n\t\t\t\t<\/div>\n\t\t\t\t\t<\/div>\n\t\t<\/div>\n\t\t\t\t<div class=\"elementor-column elementor-col-20 elementor-inner-column elementor-element elementor-element-240fc13e\" data-id=\"240fc13e\" data-element_type=\"column\" data-e-type=\"column\">\n\t\t\t<div class=\"elementor-widget-wrap elementor-element-populated\">\n\t\t\t\t\t\t<div class=\"elementor-element elementor-element-1b8f6080 elementor-widget elementor-widget-image\" data-id=\"1b8f6080\" data-element_type=\"widget\" data-e-type=\"widget\" data-widget_type=\"image.default\">\n\t\t\t\t<div class=\"elementor-widget-container\">\n\t\t\t\t\t\t\t\t\t\t\t\t\t\t\t\t<a href=\"https:\/\/www.sansofestay.com\/alquiler\/apartamento-la-matanza-de-acentejo-02-2-apartamento-tenerife-norte-vista-mar-168144.html\">\n\t\t\t\t\t\t\t<img loading=\"lazy\" decoding=\"async\" width=\"300\" height=\"300\" src=\"https:\/\/www.sansofestay.com\/blog\/wp-content\/uploads\/2023\/08\/apartment-north-coast-tenerife-with-terrace.jpg\" class=\"attachment-large size-large wp-image-682\" alt=\"apartment north coast in tenerife with terrace\" srcset=\"https:\/\/www.sansofestay.com\/blog\/wp-content\/uploads\/2023\/08\/apartment-north-coast-tenerife-with-terrace.jpg 300w, https:\/\/www.sansofestay.com\/blog\/wp-content\/uploads\/2023\/08\/apartment-north-coast-tenerife-with-terrace-150x150.jpg 150w, https:\/\/www.sansofestay.com\/blog\/wp-content\/uploads\/2023\/08\/apartment-north-coast-tenerife-with-terrace-90x90.jpg 90w\" sizes=\"(max-width: 300px) 100vw, 300px\" \/>\t\t\t\t\t\t\t\t<\/a>\n\t\t\t\t\t\t\t\t\t\t\t\t\t\t\t<\/div>\n\t\t\t\t<\/div>\n\t\t\t\t<div class=\"elementor-element elementor-element-700f5aaf elementor-widget elementor-widget-heading\" data-id=\"700f5aaf\" data-element_type=\"widget\" data-e-type=\"widget\" data-widget_type=\"heading.default\">\n\t\t\t\t<div class=\"elementor-widget-container\">\n\t\t\t\t\t<h3 class=\"elementor-heading-title elementor-size-default\"><a href=\"https:\/\/www.sansofestay.com\/alquiler\/apartamento-la-matanza-de-acentejo-02-2-apartamento-tenerife-norte-vista-mar-168144.html\">Apartamento en la costa norte<\/a><\/h3>\t\t\t\t<\/div>\n\t\t\t\t<\/div>\n\t\t\t\t<div class=\"elementor-element elementor-element-293e899 elementor-headline--style-highlight elementor-widget elementor-widget-animated-headline\" data-id=\"293e899\" data-element_type=\"widget\" data-e-type=\"widget\" data-settings=\"{&quot;highlighted_text&quot;:&quot;434\\u20ac&quot;,&quot;headline_style&quot;:&quot;highlight&quot;,&quot;marker&quot;:&quot;circle&quot;,&quot;loop&quot;:&quot;yes&quot;,&quot;highlight_animation_duration&quot;:1200,&quot;highlight_iteration_delay&quot;:8000}\" data-widget_type=\"animated-headline.default\">\n\t\t\t\t<div class=\"elementor-widget-container\">\n\t\t\t\t\t\t\t\t<a href=\"https:\/\/www.sansofestay.com\/alquiler\/apartamento-la-matanza-de-acentejo-02-2-apartamento-tenerife-norte-vista-mar-168144.html\">\n\n\t\t\t\t\t<p class=\"elementor-headline\">\n\t\t\t\t\t<span class=\"elementor-headline-plain-text elementor-headline-text-wrapper\">Desde<\/span>\n\t\t\t\t<span class=\"elementor-headline-dynamic-wrapper elementor-headline-text-wrapper\">\n\t\t\t\t\t<span class=\"elementor-headline-dynamic-text elementor-headline-text-active\">434\u20ac<\/span>\n\t\t\t\t<\/span>\n\t\t\t\t\t<span class=\"elementor-headline-plain-text elementor-headline-text-wrapper\">\/semana<\/span>\n\t\t\t\t\t<\/p>\n\t\t<\/a>\t\t\t\t<\/div>\n\t\t\t\t<\/div>\n\t\t\t\t\t<\/div>\n\t\t<\/div>\n\t\t\t\t<div class=\"elementor-column elementor-col-20 elementor-inner-column elementor-element elementor-element-7d125c51\" data-id=\"7d125c51\" data-element_type=\"column\" data-e-type=\"column\">\n\t\t\t<div class=\"elementor-widget-wrap elementor-element-populated\">\n\t\t\t\t\t\t<div class=\"elementor-element elementor-element-22058716 elementor-widget elementor-widget-image\" data-id=\"22058716\" data-element_type=\"widget\" data-e-type=\"widget\" data-widget_type=\"image.default\">\n\t\t\t\t<div class=\"elementor-widget-container\">\n\t\t\t\t\t\t\t\t\t\t\t\t\t\t\t\t<a href=\"https:\/\/www.sansofestay.com\/alquiler\/apartamento-la-matanza-de-acentejo-06-5-apartamento-vista-montana-168213.html\">\n\t\t\t\t\t\t\t<img loading=\"lazy\" decoding=\"async\" width=\"300\" height=\"300\" src=\"https:\/\/www.sansofestay.com\/blog\/wp-content\/uploads\/2023\/08\/apartment-mountain-views-tenerife.jpg\" class=\"attachment-large size-large wp-image-684\" alt=\"Apartment mountains views tenerife\" srcset=\"https:\/\/www.sansofestay.com\/blog\/wp-content\/uploads\/2023\/08\/apartment-mountain-views-tenerife.jpg 300w, https:\/\/www.sansofestay.com\/blog\/wp-content\/uploads\/2023\/08\/apartment-mountain-views-tenerife-150x150.jpg 150w, https:\/\/www.sansofestay.com\/blog\/wp-content\/uploads\/2023\/08\/apartment-mountain-views-tenerife-90x90.jpg 90w\" sizes=\"(max-width: 300px) 100vw, 300px\" \/>\t\t\t\t\t\t\t\t<\/a>\n\t\t\t\t\t\t\t\t\t\t\t\t\t\t\t<\/div>\n\t\t\t\t<\/div>\n\t\t\t\t<div class=\"elementor-element elementor-element-4847b00e elementor-widget elementor-widget-heading\" data-id=\"4847b00e\" data-element_type=\"widget\" data-e-type=\"widget\" data-widget_type=\"heading.default\">\n\t\t\t\t<div class=\"elementor-widget-container\">\n\t\t\t\t\t<h3 class=\"elementor-heading-title elementor-size-default\"><a href=\"https:\/\/www.sansofestay.com\/alquiler\/apartamento-la-matanza-de-acentejo-06-5-apartamento-vista-montana-168213.html\">Apartamento vista monta\u00f1a<\/a><\/h3>\t\t\t\t<\/div>\n\t\t\t\t<\/div>\n\t\t\t\t<div class=\"elementor-element elementor-element-41a41578 elementor-headline--style-highlight elementor-widget elementor-widget-animated-headline\" data-id=\"41a41578\" data-element_type=\"widget\" data-e-type=\"widget\" data-settings=\"{&quot;highlighted_text&quot;:&quot;504\\u20ac&quot;,&quot;headline_style&quot;:&quot;highlight&quot;,&quot;marker&quot;:&quot;circle&quot;,&quot;loop&quot;:&quot;yes&quot;,&quot;highlight_animation_duration&quot;:1200,&quot;highlight_iteration_delay&quot;:8000}\" data-widget_type=\"animated-headline.default\">\n\t\t\t\t<div class=\"elementor-widget-container\">\n\t\t\t\t\t\t\t\t<a href=\"https:\/\/www.sansofestay.com\/alquiler\/apartamento-la-matanza-de-acentejo-06-5-apartamento-vista-montana-168213.html\">\n\n\t\t\t\t\t<p class=\"elementor-headline\">\n\t\t\t\t\t<span class=\"elementor-headline-plain-text elementor-headline-text-wrapper\">Desde<\/span>\n\t\t\t\t<span class=\"elementor-headline-dynamic-wrapper elementor-headline-text-wrapper\">\n\t\t\t\t\t<span class=\"elementor-headline-dynamic-text elementor-headline-text-active\">504\u20ac<\/span>\n\t\t\t\t<\/span>\n\t\t\t\t\t<span class=\"elementor-headline-plain-text elementor-headline-text-wrapper\">\/semana<\/span>\n\t\t\t\t\t<\/p>\n\t\t<\/a>\t\t\t\t<\/div>\n\t\t\t\t<\/div>\n\t\t\t\t\t<\/div>\n\t\t<\/div>\n\t\t\t\t<div class=\"elementor-column elementor-col-20 elementor-inner-column elementor-element elementor-element-12e94519\" data-id=\"12e94519\" data-element_type=\"column\" data-e-type=\"column\">\n\t\t\t<div class=\"elementor-widget-wrap elementor-element-populated\">\n\t\t\t\t\t\t<div class=\"elementor-element elementor-element-2f1b4f3b elementor-widget elementor-widget-image\" data-id=\"2f1b4f3b\" data-element_type=\"widget\" data-e-type=\"widget\" data-widget_type=\"image.default\">\n\t\t\t\t<div class=\"elementor-widget-container\">\n\t\t\t\t\t\t\t\t\t\t\t\t\t\t\t\t<a href=\"https:\/\/www.sansofestay.com\/alquiler\/apartamento-la-matanza-de-acentejo-05-4-apartamento-en-tenerife-jardin-privado-168147.html\">\n\t\t\t\t\t\t\t<img loading=\"lazy\" decoding=\"async\" width=\"300\" height=\"300\" src=\"https:\/\/www.sansofestay.com\/blog\/wp-content\/uploads\/2023\/08\/apartment-with-private-garden-tenerife.jpg\" class=\"attachment-large size-large wp-image-686\" alt=\"apartment with private garden tenerife\" srcset=\"https:\/\/www.sansofestay.com\/blog\/wp-content\/uploads\/2023\/08\/apartment-with-private-garden-tenerife.jpg 300w, https:\/\/www.sansofestay.com\/blog\/wp-content\/uploads\/2023\/08\/apartment-with-private-garden-tenerife-150x150.jpg 150w, https:\/\/www.sansofestay.com\/blog\/wp-content\/uploads\/2023\/08\/apartment-with-private-garden-tenerife-90x90.jpg 90w\" sizes=\"(max-width: 300px) 100vw, 300px\" \/>\t\t\t\t\t\t\t\t<\/a>\n\t\t\t\t\t\t\t\t\t\t\t\t\t\t\t<\/div>\n\t\t\t\t<\/div>\n\t\t\t\t<div class=\"elementor-element elementor-element-737d57bc elementor-widget elementor-widget-heading\" data-id=\"737d57bc\" data-element_type=\"widget\" data-e-type=\"widget\" data-widget_type=\"heading.default\">\n\t\t\t\t<div class=\"elementor-widget-container\">\n\t\t\t\t\t<h3 class=\"elementor-heading-title elementor-size-default\"><a href=\"https:\/\/www.sansofestay.com\/alquiler\/apartamento-la-matanza-de-acentejo-05-4-apartamento-en-tenerife-jardin-privado-168147.html\">Apartamento con jard\u00edn privado<\/a><\/h3>\t\t\t\t<\/div>\n\t\t\t\t<\/div>\n\t\t\t\t<div class=\"elementor-element elementor-element-41ce37a0 elementor-headline--style-highlight elementor-widget elementor-widget-animated-headline\" data-id=\"41ce37a0\" data-element_type=\"widget\" data-e-type=\"widget\" data-settings=\"{&quot;highlighted_text&quot;:&quot;504\\u20ac&quot;,&quot;headline_style&quot;:&quot;highlight&quot;,&quot;marker&quot;:&quot;circle&quot;,&quot;loop&quot;:&quot;yes&quot;,&quot;highlight_animation_duration&quot;:1200,&quot;highlight_iteration_delay&quot;:8000}\" data-widget_type=\"animated-headline.default\">\n\t\t\t\t<div class=\"elementor-widget-container\">\n\t\t\t\t\t\t\t\t<a href=\"https:\/\/www.sansofestay.com\/alquiler\/apartamento-la-matanza-de-acentejo-05-4-apartamento-en-tenerife-jardin-privado-168147.html\">\n\n\t\t\t\t\t<p class=\"elementor-headline\">\n\t\t\t\t\t<span class=\"elementor-headline-plain-text elementor-headline-text-wrapper\">Desde<\/span>\n\t\t\t\t<span class=\"elementor-headline-dynamic-wrapper elementor-headline-text-wrapper\">\n\t\t\t\t\t<span class=\"elementor-headline-dynamic-text elementor-headline-text-active\">504\u20ac<\/span>\n\t\t\t\t<\/span>\n\t\t\t\t\t<span class=\"elementor-headline-plain-text elementor-headline-text-wrapper\">\/semana<\/span>\n\t\t\t\t\t<\/p>\n\t\t<\/a>\t\t\t\t<\/div>\n\t\t\t\t<\/div>\n\t\t\t\t\t<\/div>\n\t\t<\/div>\n\t\t\t\t\t<\/div>\n\t\t<\/section>\n\t\t\t\t\t<\/div>\n\t\t<\/div>\n\t\t\t\t\t<\/div>\n\t\t<\/section>\n\t\t\t\t<section class=\"elementor-section elementor-top-section elementor-element elementor-element-d6229be elementor-section-boxed elementor-section-height-default elementor-section-height-default\" data-id=\"d6229be\" data-element_type=\"section\" data-e-type=\"section\">\n\t\t\t\t\t\t<div class=\"elementor-container elementor-column-gap-default\">\n\t\t\t\t\t<div class=\"elementor-column elementor-col-33 elementor-top-column elementor-element elementor-element-1c9e60ff\" data-id=\"1c9e60ff\" data-element_type=\"column\" data-e-type=\"column\">\n\t\t\t<div class=\"elementor-widget-wrap elementor-element-populated\">\n\t\t\t\t\t\t<div class=\"elementor-element elementor-element-7c2ec3f elementor-align-center elementor-widget elementor-widget-button\" data-id=\"7c2ec3f\" data-element_type=\"widget\" data-e-type=\"widget\" data-widget_type=\"button.default\">\n\t\t\t\t<div class=\"elementor-widget-container\">\n\t\t\t\t\t\t\t\t\t<div class=\"elementor-button-wrapper\">\n\t\t\t\t\t<a class=\"elementor-button elementor-button-link elementor-size-sm\" href=\"https:\/\/www.sansofestay.com\/alquiler\/alquileres-tenerife-e81\/\" target=\"_blank\">\n\t\t\t\t\t\t<span class=\"elementor-button-content-wrapper\">\n\t\t\t\t\t\t\t\t\t<span class=\"elementor-button-text\">Alojamientos Tenerife Norte<\/span>\n\t\t\t\t\t<\/span>\n\t\t\t\t\t<\/a>\n\t\t\t\t<\/div>\n\t\t\t\t\t\t\t\t<\/div>\n\t\t\t\t<\/div>\n\t\t\t\t\t<\/div>\n\t\t<\/div>\n\t\t\t\t<div class=\"elementor-column elementor-col-33 elementor-top-column elementor-element elementor-element-32b7abb4\" data-id=\"32b7abb4\" data-element_type=\"column\" data-e-type=\"column\">\n\t\t\t<div class=\"elementor-widget-wrap elementor-element-populated\">\n\t\t\t\t\t\t<div class=\"elementor-element elementor-element-d6b59d7 elementor-align-center elementor-widget elementor-widget-button\" data-id=\"d6b59d7\" data-element_type=\"widget\" data-e-type=\"widget\" data-widget_type=\"button.default\">\n\t\t\t\t<div class=\"elementor-widget-container\">\n\t\t\t\t\t\t\t\t\t<div class=\"elementor-button-wrapper\">\n\t\t\t\t\t<a class=\"elementor-button elementor-button-link elementor-size-sm\" href=\"https:\/\/www.sansofestay.com\/alquiler\/apartamentos-tenerife-c1e81\/\" target=\"_blank\">\n\t\t\t\t\t\t<span class=\"elementor-button-content-wrapper\">\n\t\t\t\t\t\t\t\t\t<span class=\"elementor-button-text\">Alquiler de apartamentos en Tenerife Norte<\/span>\n\t\t\t\t\t<\/span>\n\t\t\t\t\t<\/a>\n\t\t\t\t<\/div>\n\t\t\t\t\t\t\t\t<\/div>\n\t\t\t\t<\/div>\n\t\t\t\t\t<\/div>\n\t\t<\/div>\n\t\t\t\t<div class=\"elementor-column elementor-col-33 elementor-top-column elementor-element elementor-element-7bc8b5de\" data-id=\"7bc8b5de\" data-element_type=\"column\" data-e-type=\"column\">\n\t\t\t<div class=\"elementor-widget-wrap elementor-element-populated\">\n\t\t\t\t\t\t<div class=\"elementor-element elementor-element-9767ee4 elementor-align-center elementor-widget elementor-widget-button\" data-id=\"9767ee4\" data-element_type=\"widget\" data-e-type=\"widget\" data-widget_type=\"button.default\">\n\t\t\t\t<div class=\"elementor-widget-container\">\n\t\t\t\t\t\t\t\t\t<div class=\"elementor-button-wrapper\">\n\t\t\t\t\t<a class=\"elementor-button elementor-button-link elementor-size-sm\" href=\"https:\/\/www.sansofestay.com\/alquiler\/casas-tenerife-c19e81\/\" target=\"_blank\">\n\t\t\t\t\t\t<span class=\"elementor-button-content-wrapper\">\n\t\t\t\t\t\t\t\t\t<span class=\"elementor-button-text\">Casas de alquiler en Tenerife Norte<\/span>\n\t\t\t\t\t<\/span>\n\t\t\t\t\t<\/a>\n\t\t\t\t<\/div>\n\t\t\t\t\t\t\t\t<\/div>\n\t\t\t\t<\/div>\n\t\t\t\t\t<\/div>\n\t\t<\/div>\n\t\t\t\t\t<\/div>\n\t\t<\/section>\n\t\t\t\t<\/div>\n\t\t","protected":false},"excerpt":{"rendered":"<p>Te invitamos a planificar tus vacaciones de Semana Santa en Tenerife y s\u00e1cale el m\u00e1ximo partido a tu visita en Tenerife norte.<\/p>\n","protected":false},"author":3,"featured_media":1206,"comment_status":"open","ping_status":"open","sticky":false,"template":"","format":"standard","meta":{"footnotes":""},"categories":[24],"class_list":["post-1205","post","type-post","status-publish","format-standard","has-post-thumbnail","hentry","category-tenerife","tag-apartamentos-vacacionales-tenerife","tag-semana-santa-tenerife"],"yoast_head":"<!-- This site is optimized with the Yoast SEO plugin v27.2 - https:\/\/yoast.com\/product\/yoast-seo-wordpress\/ -->\n<title>Planifica tus vacaciones de semana santa en Tenerife - Urlaub auf Teneriffa Nord | Sansof\u00e9<\/title>\n<meta name=\"description\" content=\"Te invitamos a planificar tus vacaciones de Semana Santa en Tenerife y s\u00e1cale el m\u00e1ximo partido a tu visita en Tenerife norte.\" \/>\n<meta name=\"robots\" content=\"index, follow, max-snippet:-1, max-image-preview:large, max-video-preview:-1\" \/>\n<link rel=\"canonical\" href=\"https:\/\/www.sansofestay.com\/blog\/de\/planifica-tus-vacaciones-de-semana-santa-en-tenerife\/\" \/>\n<meta property=\"og:locale\" content=\"de_DE\" \/>\n<meta property=\"og:type\" content=\"article\" \/>\n<meta property=\"og:title\" content=\"Planifica tus vacaciones de semana santa en Tenerife - Urlaub auf Teneriffa Nord | Sansof\u00e9\" \/>\n<meta property=\"og:description\" content=\"Te invitamos a planificar tus vacaciones de Semana Santa en Tenerife y s\u00e1cale el m\u00e1ximo partido a tu visita en Tenerife norte.\" \/>\n<meta property=\"og:url\" content=\"https:\/\/www.sansofestay.com\/blog\/de\/planifica-tus-vacaciones-de-semana-santa-en-tenerife\/\" \/>\n<meta property=\"og:site_name\" content=\"Urlaub auf Teneriffa Nord | Sansof\u00e9\" \/>\n<meta property=\"article:published_time\" content=\"2024-02-27T10:08:17+00:00\" \/>\n<meta property=\"article:modified_time\" content=\"2024-02-27T10:20:26+00:00\" \/>\n<meta property=\"og:image\" content=\"https:\/\/www.sansofestay.com\/blog\/wp-content\/uploads\/2024\/02\/vacaciones-semana-santa-tenerife.jpg\" \/>\n\t<meta property=\"og:image:width\" content=\"1920\" \/>\n\t<meta property=\"og:image:height\" content=\"650\" \/>\n\t<meta property=\"og:image:type\" content=\"image\/jpeg\" \/>\n<meta name=\"author\" content=\"digitalservices@avantio.com\" \/>\n<meta name=\"twitter:card\" content=\"summary_large_image\" \/>\n<meta name=\"twitter:label1\" content=\"Verfasst von\" \/>\n\t<meta name=\"twitter:data1\" content=\"digitalservices@avantio.com\" \/>\n\t<meta name=\"twitter:label2\" content=\"Gesch\u00e4tzte Lesezeit\" \/>\n\t<meta name=\"twitter:data2\" content=\"8\u00a0Minuten\" \/>\n<script type=\"application\/ld+json\" class=\"yoast-schema-graph\">{\"@context\":\"https:\/\/schema.org\",\"@graph\":[{\"@type\":\"Article\",\"@id\":\"https:\/\/www.sansofestay.com\/blog\/de\/planifica-tus-vacaciones-de-semana-santa-en-tenerife\/#article\",\"isPartOf\":{\"@id\":\"https:\/\/www.sansofestay.com\/blog\/de\/planifica-tus-vacaciones-de-semana-santa-en-tenerife\/\"},\"author\":{\"name\":\"digitalservices@avantio.com\",\"@id\":\"https:\/\/www.sansofestay.com\/blog\/de\/#\/schema\/person\/c206c4732c6fd34c0667c8566b602cd6\"},\"headline\":\"Planifica tus vacaciones de semana santa en Tenerife\",\"datePublished\":\"2024-02-27T10:08:17+00:00\",\"dateModified\":\"2024-02-27T10:20:26+00:00\",\"mainEntityOfPage\":{\"@id\":\"https:\/\/www.sansofestay.com\/blog\/de\/planifica-tus-vacaciones-de-semana-santa-en-tenerife\/\"},\"wordCount\":1270,\"commentCount\":0,\"image\":{\"@id\":\"https:\/\/www.sansofestay.com\/blog\/de\/planifica-tus-vacaciones-de-semana-santa-en-tenerife\/#primaryimage\"},\"thumbnailUrl\":\"https:\/\/www.sansofestay.com\/blog\/wp-content\/uploads\/2024\/02\/vacaciones-semana-santa-tenerife.jpg\",\"keywords\":[\"Apartamentos vacacionales Tenerife\",\"semana santa Tenerife\"],\"articleSection\":[\"Tenerife\"],\"inLanguage\":\"de\",\"potentialAction\":[{\"@type\":\"CommentAction\",\"name\":\"Comment\",\"target\":[\"https:\/\/www.sansofestay.com\/blog\/de\/planifica-tus-vacaciones-de-semana-santa-en-tenerife\/#respond\"]}]},{\"@type\":\"WebPage\",\"@id\":\"https:\/\/www.sansofestay.com\/blog\/de\/planifica-tus-vacaciones-de-semana-santa-en-tenerife\/\",\"url\":\"https:\/\/www.sansofestay.com\/blog\/de\/planifica-tus-vacaciones-de-semana-santa-en-tenerife\/\",\"name\":\"Planifica tus vacaciones de semana santa en Tenerife - Urlaub auf Teneriffa Nord | Sansof\u00e9\",\"isPartOf\":{\"@id\":\"https:\/\/www.sansofestay.com\/blog\/de\/#website\"},\"primaryImageOfPage\":{\"@id\":\"https:\/\/www.sansofestay.com\/blog\/de\/planifica-tus-vacaciones-de-semana-santa-en-tenerife\/#primaryimage\"},\"image\":{\"@id\":\"https:\/\/www.sansofestay.com\/blog\/de\/planifica-tus-vacaciones-de-semana-santa-en-tenerife\/#primaryimage\"},\"thumbnailUrl\":\"https:\/\/www.sansofestay.com\/blog\/wp-content\/uploads\/2024\/02\/vacaciones-semana-santa-tenerife.jpg\",\"datePublished\":\"2024-02-27T10:08:17+00:00\",\"dateModified\":\"2024-02-27T10:20:26+00:00\",\"author\":{\"@id\":\"https:\/\/www.sansofestay.com\/blog\/de\/#\/schema\/person\/c206c4732c6fd34c0667c8566b602cd6\"},\"description\":\"Te invitamos a planificar tus vacaciones de Semana Santa en Tenerife y s\u00e1cale el m\u00e1ximo partido a tu visita en Tenerife norte.\",\"inLanguage\":\"de\",\"potentialAction\":[{\"@type\":\"ReadAction\",\"target\":[\"https:\/\/www.sansofestay.com\/blog\/de\/planifica-tus-vacaciones-de-semana-santa-en-tenerife\/\"]}]},{\"@type\":\"ImageObject\",\"inLanguage\":\"de\",\"@id\":\"https:\/\/www.sansofestay.com\/blog\/de\/planifica-tus-vacaciones-de-semana-santa-en-tenerife\/#primaryimage\",\"url\":\"https:\/\/www.sansofestay.com\/blog\/wp-content\/uploads\/2024\/02\/vacaciones-semana-santa-tenerife.jpg\",\"contentUrl\":\"https:\/\/www.sansofestay.com\/blog\/wp-content\/uploads\/2024\/02\/vacaciones-semana-santa-tenerife.jpg\",\"width\":1920,\"height\":650,\"caption\":\"vacaciones semana santa tenerife\"},{\"@type\":\"WebSite\",\"@id\":\"https:\/\/www.sansofestay.com\/blog\/de\/#website\",\"url\":\"https:\/\/www.sansofestay.com\/blog\/de\/\",\"name\":\"Urlaub auf Teneriffa Nord | Sansof\u00e9\",\"description\":\"Touristische Informationen \u00fcber die Insel Teneriffa. Entdecken Sie die Insel, die besten Gegenden, Aktivit\u00e4ten und Tipps.\",\"potentialAction\":[{\"@type\":\"SearchAction\",\"target\":{\"@type\":\"EntryPoint\",\"urlTemplate\":\"https:\/\/www.sansofestay.com\/blog\/de\/?s={search_term_string}\"},\"query-input\":{\"@type\":\"PropertyValueSpecification\",\"valueRequired\":true,\"valueName\":\"search_term_string\"}}],\"inLanguage\":\"de\"},{\"@type\":\"Person\",\"@id\":\"https:\/\/www.sansofestay.com\/blog\/de\/#\/schema\/person\/c206c4732c6fd34c0667c8566b602cd6\",\"name\":\"digitalservices@avantio.com\",\"image\":{\"@type\":\"ImageObject\",\"inLanguage\":\"de\",\"@id\":\"https:\/\/secure.gravatar.com\/avatar\/af30f88a1904294c1f3eb09a9d7903eec4ffa18fa2cf40c28a8681014ecdfc20?s=96&d=mm&r=g\",\"url\":\"https:\/\/secure.gravatar.com\/avatar\/af30f88a1904294c1f3eb09a9d7903eec4ffa18fa2cf40c28a8681014ecdfc20?s=96&d=mm&r=g\",\"contentUrl\":\"https:\/\/secure.gravatar.com\/avatar\/af30f88a1904294c1f3eb09a9d7903eec4ffa18fa2cf40c28a8681014ecdfc20?s=96&d=mm&r=g\",\"caption\":\"digitalservices@avantio.com\"},\"url\":\"https:\/\/www.sansofestay.com\/blog\/de\/author\/digitalservicesavantio-com\/\"}]}<\/script>\n<!-- \/ Yoast SEO plugin. -->","yoast_head_json":{"title":"Planifica tus vacaciones de semana santa en Tenerife - Urlaub auf Teneriffa Nord | Sansof\u00e9","description":"Te invitamos a planificar tus vacaciones de Semana Santa en Tenerife y s\u00e1cale el m\u00e1ximo partido a tu visita en Tenerife norte.","robots":{"index":"index","follow":"follow","max-snippet":"max-snippet:-1","max-image-preview":"max-image-preview:large","max-video-preview":"max-video-preview:-1"},"canonical":"https:\/\/www.sansofestay.com\/blog\/de\/planifica-tus-vacaciones-de-semana-santa-en-tenerife\/","og_locale":"de_DE","og_type":"article","og_title":"Planifica tus vacaciones de semana santa en Tenerife - Urlaub auf Teneriffa Nord | Sansof\u00e9","og_description":"Te invitamos a planificar tus vacaciones de Semana Santa en Tenerife y s\u00e1cale el m\u00e1ximo partido a tu visita en Tenerife norte.","og_url":"https:\/\/www.sansofestay.com\/blog\/de\/planifica-tus-vacaciones-de-semana-santa-en-tenerife\/","og_site_name":"Urlaub auf Teneriffa Nord | Sansof\u00e9","article_published_time":"2024-02-27T10:08:17+00:00","article_modified_time":"2024-02-27T10:20:26+00:00","og_image":[{"width":1920,"height":650,"url":"https:\/\/www.sansofestay.com\/blog\/wp-content\/uploads\/2024\/02\/vacaciones-semana-santa-tenerife.jpg","type":"image\/jpeg"}],"author":"digitalservices@avantio.com","twitter_card":"summary_large_image","twitter_misc":{"Verfasst von":"digitalservices@avantio.com","Gesch\u00e4tzte Lesezeit":"8\u00a0Minuten"},"schema":{"@context":"https:\/\/schema.org","@graph":[{"@type":"Article","@id":"https:\/\/www.sansofestay.com\/blog\/de\/planifica-tus-vacaciones-de-semana-santa-en-tenerife\/#article","isPartOf":{"@id":"https:\/\/www.sansofestay.com\/blog\/de\/planifica-tus-vacaciones-de-semana-santa-en-tenerife\/"},"author":{"name":"digitalservices@avantio.com","@id":"https:\/\/www.sansofestay.com\/blog\/de\/#\/schema\/person\/c206c4732c6fd34c0667c8566b602cd6"},"headline":"Planifica tus vacaciones de semana santa en Tenerife","datePublished":"2024-02-27T10:08:17+00:00","dateModified":"2024-02-27T10:20:26+00:00","mainEntityOfPage":{"@id":"https:\/\/www.sansofestay.com\/blog\/de\/planifica-tus-vacaciones-de-semana-santa-en-tenerife\/"},"wordCount":1270,"commentCount":0,"image":{"@id":"https:\/\/www.sansofestay.com\/blog\/de\/planifica-tus-vacaciones-de-semana-santa-en-tenerife\/#primaryimage"},"thumbnailUrl":"https:\/\/www.sansofestay.com\/blog\/wp-content\/uploads\/2024\/02\/vacaciones-semana-santa-tenerife.jpg","keywords":["Apartamentos vacacionales Tenerife","semana santa Tenerife"],"articleSection":["Tenerife"],"inLanguage":"de","potentialAction":[{"@type":"CommentAction","name":"Comment","target":["https:\/\/www.sansofestay.com\/blog\/de\/planifica-tus-vacaciones-de-semana-santa-en-tenerife\/#respond"]}]},{"@type":"WebPage","@id":"https:\/\/www.sansofestay.com\/blog\/de\/planifica-tus-vacaciones-de-semana-santa-en-tenerife\/","url":"https:\/\/www.sansofestay.com\/blog\/de\/planifica-tus-vacaciones-de-semana-santa-en-tenerife\/","name":"Planifica tus vacaciones de semana santa en Tenerife - Urlaub auf Teneriffa Nord | Sansof\u00e9","isPartOf":{"@id":"https:\/\/www.sansofestay.com\/blog\/de\/#website"},"primaryImageOfPage":{"@id":"https:\/\/www.sansofestay.com\/blog\/de\/planifica-tus-vacaciones-de-semana-santa-en-tenerife\/#primaryimage"},"image":{"@id":"https:\/\/www.sansofestay.com\/blog\/de\/planifica-tus-vacaciones-de-semana-santa-en-tenerife\/#primaryimage"},"thumbnailUrl":"https:\/\/www.sansofestay.com\/blog\/wp-content\/uploads\/2024\/02\/vacaciones-semana-santa-tenerife.jpg","datePublished":"2024-02-27T10:08:17+00:00","dateModified":"2024-02-27T10:20:26+00:00","author":{"@id":"https:\/\/www.sansofestay.com\/blog\/de\/#\/schema\/person\/c206c4732c6fd34c0667c8566b602cd6"},"description":"Te invitamos a planificar tus vacaciones de Semana Santa en Tenerife y s\u00e1cale el m\u00e1ximo partido a tu visita en Tenerife norte.","inLanguage":"de","potentialAction":[{"@type":"ReadAction","target":["https:\/\/www.sansofestay.com\/blog\/de\/planifica-tus-vacaciones-de-semana-santa-en-tenerife\/"]}]},{"@type":"ImageObject","inLanguage":"de","@id":"https:\/\/www.sansofestay.com\/blog\/de\/planifica-tus-vacaciones-de-semana-santa-en-tenerife\/#primaryimage","url":"https:\/\/www.sansofestay.com\/blog\/wp-content\/uploads\/2024\/02\/vacaciones-semana-santa-tenerife.jpg","contentUrl":"https:\/\/www.sansofestay.com\/blog\/wp-content\/uploads\/2024\/02\/vacaciones-semana-santa-tenerife.jpg","width":1920,"height":650,"caption":"vacaciones semana santa tenerife"},{"@type":"WebSite","@id":"https:\/\/www.sansofestay.com\/blog\/de\/#website","url":"https:\/\/www.sansofestay.com\/blog\/de\/","name":"Urlaub auf Teneriffa Nord | Sansof\u00e9","description":"Touristische Informationen \u00fcber die Insel Teneriffa. Entdecken Sie die Insel, die besten Gegenden, Aktivit\u00e4ten und Tipps.","potentialAction":[{"@type":"SearchAction","target":{"@type":"EntryPoint","urlTemplate":"https:\/\/www.sansofestay.com\/blog\/de\/?s={search_term_string}"},"query-input":{"@type":"PropertyValueSpecification","valueRequired":true,"valueName":"search_term_string"}}],"inLanguage":"de"},{"@type":"Person","@id":"https:\/\/www.sansofestay.com\/blog\/de\/#\/schema\/person\/c206c4732c6fd34c0667c8566b602cd6","name":"digitalservices@avantio.com","image":{"@type":"ImageObject","inLanguage":"de","@id":"https:\/\/secure.gravatar.com\/avatar\/af30f88a1904294c1f3eb09a9d7903eec4ffa18fa2cf40c28a8681014ecdfc20?s=96&d=mm&r=g","url":"https:\/\/secure.gravatar.com\/avatar\/af30f88a1904294c1f3eb09a9d7903eec4ffa18fa2cf40c28a8681014ecdfc20?s=96&d=mm&r=g","contentUrl":"https:\/\/secure.gravatar.com\/avatar\/af30f88a1904294c1f3eb09a9d7903eec4ffa18fa2cf40c28a8681014ecdfc20?s=96&d=mm&r=g","caption":"digitalservices@avantio.com"},"url":"https:\/\/www.sansofestay.com\/blog\/de\/author\/digitalservicesavantio-com\/"}]}},"_pingme":"","_encloseme":"","_top_nav_excluded":"","_cms_nav_minihome":"","_last_translation_edit_mode":"","_edit_last":"3","_wpml_media_featured":"1","_wpml_media_duplicate":"1","_edit_lock":"1709031503:3","_wpml_word_count":"1322","_yoast_wpseo_estimated-reading-time-minutes":"8","_yoast_wpseo_meta-robots-noindex":"","_yoast_wpseo_meta-robots-nofollow":"","_yoast_wpseo_wordproof_timestamp":"","_yoast_wpseo_primary_category":24,"_elementor_edit_mode":"builder","_elementor_template_type":"wp-post","_elementor_version":"3.16.6","_elementor_pro_version":"3.8.2","_wp_page_template":"default","_elementor_page_settings":{"page_template":"elementor_header_footer"},"_elementor_data":"[{\"id\":\"5a75df42\",\"elType\":\"section\",\"settings\":[],\"elements\":[{\"id\":\"ef763e0\",\"elType\":\"column\",\"settings\":{\"_column_size\":100,\"_inline_size\":null},\"elements\":[{\"id\":\"4d8c993c\",\"elType\":\"widget\",\"settings\":{\"editor\":\"<p><span style=\\\"font-weight: 400;\\\">\\u00bfHas considerado vivir la Semana Santa en Tenerife? Esta isla se convierte en un <strong>destino predilecto<\\\/strong> para muchos viajeros durante estas fechas. La mezcla perfecta de clima agradable, paisajes impresionantes, una amplia gama de actividades y playas paradis\\u00edacas son solo algunas de las razones por las que Tenerife brilla con luz propia en Semana Santa.<\\\/span><\\\/p><p><span style=\\\"font-weight: 400;\\\">En este post, te invitamos a explorar con nosotros los encantos de Tenerife, una joya en el coraz\\u00f3n del Atl\\u00e1ntico. Descubre c\\u00f3mo sacarle el m\\u00e1ximo partido a tus <strong>vacaciones de Semana Santa<\\\/strong>, desde el momento perfecto para reservar tu estancia hasta los secretos mejor guardados de la isla. Aseg\\u00farate de reservar tu villa o apartamento con antelaci\\u00f3n para obtener acceso a las mejores ubicaciones, precios y opciones de alojamiento.<\\\/span><\\\/p>\",\"text_color\":\"#7A7A7A\"},\"elements\":[],\"widgetType\":\"text-editor\"},{\"id\":\"88e4438\",\"elType\":\"widget\",\"settings\":{\"blockquote_content\":\"En 2024, la Semana Santa va del domingo 24 al 31 de marzo.\",\"author_name\":\"\",\"tweet_button\":\"\",\"tweet_button_label\":\"Tweet\",\"content_typography_typography\":\"custom\",\"content_typography_font_family\":\"Roboto\"},\"elements\":[],\"widgetType\":\"blockquote\"},{\"id\":\"19609dea\",\"elType\":\"widget\",\"settings\":{\"text\":\"Alojamientos Tenerife Norte\",\"link\":{\"url\":\"https:\\\/\\\/www.sansofestay.com\\\/alquiler\\\/alquileres-tenerife-e81\\\/\",\"is_external\":\"on\",\"nofollow\":\"\",\"custom_attributes\":\"\"},\"align\":\"center\",\"__globals__\":{\"background_color\":\"globals\\\/colors?id=primary\"}},\"elements\":[],\"widgetType\":\"button\"}],\"isInner\":false}],\"isInner\":false},{\"id\":\"6184579c\",\"elType\":\"section\",\"settings\":[],\"elements\":[{\"id\":\"3b6977dc\",\"elType\":\"column\",\"settings\":{\"_column_size\":100,\"_inline_size\":null},\"elements\":[{\"id\":\"6c5a6e66\",\"elType\":\"widget\",\"settings\":{\"title\":\"\\u00bfQu\\u00e9 hacer en Tenerife en Semana Santa?\\n\\n\",\"title_color\":\"#7A7A7A\"},\"elements\":[],\"widgetType\":\"heading\"},{\"id\":\"5b0ea459\",\"elType\":\"widget\",\"settings\":{\"editor\":\"<p>En esta gu\\u00eda, nos sumergiremos en los entresijos de la planificaci\\u00f3n de tus vacaciones perfectas en Tenerife. Descubriremos las \\u00e9pocas ideales para visitar la isla en funci\\u00f3n de las condiciones meteorol\\u00f3gicas, profundizaremos en las opciones de transporte de la isla para explorarla sin problemas, exploraremos el espectro de alojamientos disponibles, como nuestros <strong>alquileres de apartamentos vacacionales en Tenerife<\\\/strong>, describiremos una serie de actividades cautivadoras en las que participar, ofreceremos informaci\\u00f3n sobre la cultura \\u00fanica de la isla y te daremos una lista de los elementos esenciales que debes llevar en la maleta.<\\\/p>\"},\"elements\":[],\"widgetType\":\"text-editor\"},{\"id\":\"32b34a5\",\"elType\":\"widget\",\"settings\":{\"title\":\"Actividades culturales y religiosas\\n\",\"header_size\":\"h3\",\"title_color\":\"#7A7A7A\"},\"elements\":[],\"widgetType\":\"heading\"},{\"id\":\"52b5a874\",\"elType\":\"widget\",\"settings\":{\"editor\":\"<p><span style=\\\"font-weight: 400;\\\">Durante Semana Santa, Tenerife se transforma en un escenario de devoci\\u00f3n y tradici\\u00f3n, ofreciendo a sus visitantes una rica agenda de actividades culturales y religiosas que reflejan la profunda herencia espiritual de la isla.<\\\/span><\\\/p><p><span style=\\\"font-weight: 400;\\\">Las procesiones son el coraz\\u00f3n de la Semana Santa en Tenerife, cada una con su propio car\\u00e1cter e historia. La <\\\/span><b>Procesi\\u00f3n del Silencio<\\\/b><span style=\\\"font-weight: 400;\\\"> en San Crist\\u00f3bal de La Laguna o <\\\/span><span style=\\\"font-weight: 400;\\\">la <\\\/span><b>Procesi\\u00f3n Magna<\\\/b><span style=\\\"font-weight: 400;\\\"> en Santa Cruz son ejemplos de procesiones que congregan numerosas im\\u00e1genes sagradas de parroquias de toda la ciudad, creando un espect\\u00e1culo de fe y arte religioso que emociona tanto a locales como a visitantes.<\\\/span><\\\/p><p><span style=\\\"font-weight: 400;\\\">M\\u00e1s all\\u00e1 de las procesiones, las iglesias de Tenerife acogen misas y actos lit\\u00fargicos que son momentos de reflexi\\u00f3n y encuentro espiritual. La Misa del Crisma en la Catedral de La Laguna es un evento significativo donde se bendicen los \\u00f3leos sagrados y se renuevan las promesas sacerdotales.<\\\/span><\\\/p>\",\"typography_typography\":\"custom\",\"typography_font_family\":\"Roboto\",\"typography_font_weight\":\"400\"},\"elements\":[],\"widgetType\":\"text-editor\"},{\"id\":\"4d1ba0bc\",\"elType\":\"section\",\"settings\":{\"structure\":\"20\"},\"elements\":[{\"id\":\"442603dc\",\"elType\":\"column\",\"settings\":{\"_column_size\":50,\"_inline_size\":null},\"elements\":[{\"id\":\"6d62ed0b\",\"elType\":\"widget\",\"settings\":{\"image\":{\"url\":\"https:\\\/\\\/www.sansofestay.com\\\/blog\\\/wp-content\\\/uploads\\\/2023\\\/08\\\/playa-socorro-tenerife-norte.png\",\"id\":721,\"size\":\"\",\"alt\":\"playa socorro tenerife norte\",\"source\":\"library\"},\"image_size\":\"full\"},\"elements\":[],\"widgetType\":\"image\"}],\"isInner\":true},{\"id\":\"20e336f9\",\"elType\":\"column\",\"settings\":{\"_column_size\":50,\"_inline_size\":null},\"elements\":[{\"id\":\"209e4b5e\",\"elType\":\"widget\",\"settings\":{\"image\":{\"url\":\"https:\\\/\\\/www.sansofestay.com\\\/blog\\\/wp-content\\\/uploads\\\/2023\\\/09\\\/Piscina-Natural-Charco-del-Viento.jpg\",\"id\":804,\"size\":\"\",\"alt\":\"Piscina Natural Charco del Viento\",\"source\":\"library\"},\"image_size\":\"custom\",\"image_custom_dimension\":{\"width\":\"1000\",\"height\":\"600\"}},\"elements\":[],\"widgetType\":\"image\"}],\"isInner\":true}],\"isInner\":true},{\"id\":\"4af2c722\",\"elType\":\"widget\",\"settings\":{\"title\":\"Playas y actividades \\n\",\"header_size\":\"h3\",\"title_color\":\"#7A7A7A\"},\"elements\":[],\"widgetType\":\"heading\"},{\"id\":\"465b6cdd\",\"elType\":\"widget\",\"settings\":{\"editor\":\"<p><span style=\\\"font-weight: 400;\\\">Tenerife, con su clima primaveral durante todo el a\\u00f1o, es el <\\\/span><b>destino perfecto<\\\/b><span style=\\\"font-weight: 400;\\\"> para quienes buscan combinar el espiritual ambiente de Semana Santa con la belleza natural y las actividades al aire libre.<\\\/span><\\\/p><p><span style=\\\"font-weight: 400;\\\">Explorar las impresionantes playas de Tenerife, ya sean de fina arena dorada o de la caracter\\u00edstica arena negra volc\\u00e1nica, se encuentra entre los <\\\/span><b>planes favoritos <\\\/b><span style=\\\"font-weight: 400;\\\">de quienes eligen la isla para disfrutar de las vacaciones de Semana Santa.\\u00a0<\\\/span><\\\/p><p><span style=\\\"font-weight: 400;\\\">En Canarias, la experiencia de sumergirse en el relax de un d\\u00eda de sol, playa y chiringuito es incomparable, ideal para descomprimir despu\\u00e9s de jornadas llenas de aventuras. Sum\\u00e9rgete en el c\\u00e1lido sol de Tenerife, disfruta de su clima envidiable y sum\\u00e9rgete en las refrescantes aguas del Atl\\u00e1ntico.<\\\/span><\\\/p><p><span style=\\\"font-weight: 400;\\\">\\u00a0Un ba\\u00f1o en estas aguas es el remate perfecto para<\\\/span><b> d\\u00edas llenos de descubrimientos y emociones<\\\/b><span style=\\\"font-weight: 400;\\\">, encapsulando la esencia de unas vacaciones memorables en el archipi\\u00e9lago canario.<\\\/span><\\\/p>\"},\"elements\":[],\"widgetType\":\"text-editor\"},{\"id\":\"260c09ed\",\"elType\":\"widget\",\"settings\":{\"title\":\"Explorar la gastronom\\u00eda de la isla\\n\",\"header_size\":\"h3\",\"title_color\":\"#7A7A7A\"},\"elements\":[],\"widgetType\":\"heading\"},{\"id\":\"6024e289\",\"elType\":\"widget\",\"settings\":{\"editor\":\"<p><span style=\\\"font-weight: 400;\\\">La Semana Santa en Tenerife no solo es un tiempo para reflexionar y disfrutar de las playas y la naturaleza, sino tambi\\u00e9n una excelente oportunidad para sumergirse en la <strong>rica cultura culinaria<\\\/strong> de la isla. La gastronom\\u00eda de Tenerife es un reflejo de su historia, geograf\\u00eda y la mezcla de culturas que han dejado su huella en el archipi\\u00e9lago.\\u00a0<\\\/span><\\\/p>\"},\"elements\":[],\"widgetType\":\"text-editor\"},{\"id\":\"746279a4\",\"elType\":\"widget\",\"settings\":{\"image\":{\"url\":\"https:\\\/\\\/www.sansofestay.com\\\/blog\\\/wp-content\\\/uploads\\\/2024\\\/02\\\/Naturaleza-tenerife.jpg\",\"id\":1212,\"size\":\"\",\"alt\":\"Naturaleza tenerife\",\"source\":\"library\"},\"image_size\":\"full\"},\"elements\":[],\"widgetType\":\"image\"},{\"id\":\"196d368c\",\"elType\":\"widget\",\"settings\":{\"title\":\"Descubre la naturaleza de la isla\\n\",\"header_size\":\"h3\",\"title_color\":\"#7A7A7A\"},\"elements\":[],\"widgetType\":\"heading\"},{\"id\":\"6d503f49\",\"elType\":\"widget\",\"settings\":{\"editor\":\"<p><span style=\\\"font-weight: 400;\\\">Tenerife, la isla de la eterna primavera, ofrece una diversidad natural sin igual que invita a ser explorada, especialmente durante la Semana Santa, cuando el clima es perfectamente templado. Desde sus costas hasta sus cumbres, la isla alberga paisajes que parecen sacados de un sue\\u00f1o, perfectos para aventureros y amantes de la naturaleza.<\\\/span><\\\/p>\"},\"elements\":[],\"widgetType\":\"text-editor\"}],\"isInner\":false}],\"isInner\":false},{\"id\":\"80bb877\",\"elType\":\"section\",\"settings\":[],\"elements\":[{\"id\":\"60e3893a\",\"elType\":\"column\",\"settings\":{\"_column_size\":100,\"_inline_size\":null},\"elements\":[{\"id\":\"7490d4e7\",\"elType\":\"widget\",\"settings\":{\"title\":\"Alquileres vacacionales recomendados para tu Semana Santa en Tenerife \\n\",\"title_color\":\"#7A7A7A\"},\"elements\":[],\"widgetType\":\"heading\"}],\"isInner\":false}],\"isInner\":false},{\"id\":\"5a4c2ab\",\"elType\":\"section\",\"settings\":{\"structure\":\"20\",\"background_background\":\"classic\",\"background_color\":\"#FFFFFF\",\"background_overlay_background\":\"classic\"},\"elements\":[{\"id\":\"6851fec4\",\"elType\":\"column\",\"settings\":{\"_column_size\":50,\"_inline_size\":null},\"elements\":[{\"id\":\"777580c7\",\"elType\":\"widget\",\"settings\":{\"image\":{\"url\":\"https:\\\/\\\/www.sansofestay.com\\\/blog\\\/wp-content\\\/uploads\\\/2023\\\/08\\\/apartment-with-mountain-view-heated-pool-tenerife.jpg\",\"id\":665,\"size\":\"\",\"alt\":\"apartment with mountain view and heated pool in tenerife\",\"source\":\"library\"},\"image_size\":\"full\",\"link_to\":\"custom\",\"link\":{\"url\":\"https:\\\/\\\/www.sansofestay.com\\\/alquiler\\\/apartamento-la-matanza-de-acentejo-07-6-tenerife-vista-montana-privacidad-168216.html\",\"is_external\":\"\",\"nofollow\":\"\",\"custom_attributes\":\"\"},\"image_border_radius\":{\"unit\":\"px\",\"top\":\"10\",\"right\":\"10\",\"bottom\":\"10\",\"left\":\"10\",\"isLinked\":true}},\"elements\":[],\"widgetType\":\"image\"}],\"isInner\":false},{\"id\":\"75542e0c\",\"elType\":\"column\",\"settings\":{\"_column_size\":50,\"_inline_size\":null},\"elements\":[{\"id\":\"2cd53e0d\",\"elType\":\"widget\",\"settings\":{\"title\":\"Apartamento con vistas a la monta\\u00f1a y piscina climatizada en Tenerife\",\"header_size\":\"h3\",\"title_color\":\"#7A7A7A\"},\"elements\":[],\"widgetType\":\"heading\"},{\"id\":\"464d56\",\"elType\":\"widget\",\"settings\":{\"editor\":\"<p>Precioso apartamento en Tenerife, en la Costa Norte de Tenerife, con vistas a la monta\\u00f1a y piscina climatizada. El apartamento mide 64m\\u00b2 y puede alojar hasta 5 personas. Ideal para vacaciones en familia o con amigos.<\\\/p>\"},\"elements\":[],\"widgetType\":\"text-editor\"},{\"id\":\"272d2897\",\"elType\":\"section\",\"settings\":{\"structure\":\"20\"},\"elements\":[{\"id\":\"40ba3c6\",\"elType\":\"column\",\"settings\":{\"_column_size\":50,\"_inline_size\":null},\"elements\":[],\"isInner\":true},{\"id\":\"6a5462c9\",\"elType\":\"column\",\"settings\":{\"_column_size\":50,\"_inline_size\":null},\"elements\":[{\"id\":\"a81f830\",\"elType\":\"widget\",\"settings\":{\"text\":\"Ver el apartamento\",\"link\":{\"url\":\"https:\\\/\\\/www.sansofestay.com\\\/alquiler\\\/apartamento-la-matanza-de-acentejo-07-6-tenerife-vista-montana-privacidad-168216.html\",\"is_external\":\"on\",\"nofollow\":\"\",\"custom_attributes\":\"\"},\"align\":\"left\",\"__globals__\":{\"background_color\":\"globals\\\/colors?id=primary\"}},\"elements\":[],\"widgetType\":\"button\"}],\"isInner\":true}],\"isInner\":true}],\"isInner\":false}],\"isInner\":false},{\"id\":\"3d83acbf\",\"elType\":\"section\",\"settings\":{\"structure\":\"20\",\"background_background\":\"classic\",\"background_color\":\"#FFFFFF\"},\"elements\":[{\"id\":\"6a47717d\",\"elType\":\"column\",\"settings\":{\"_column_size\":50,\"_inline_size\":null},\"elements\":[{\"id\":\"1a8b4d85\",\"elType\":\"widget\",\"settings\":{\"image\":{\"url\":\"https:\\\/\\\/www.sansofestay.com\\\/blog\\\/wp-content\\\/uploads\\\/2023\\\/08\\\/apartment-garden-sea-view-north-tenerife.jpg\",\"id\":660,\"size\":\"\",\"alt\":\"Apartment with private garden and sea view in tenerife for you next holidays\",\"source\":\"library\"},\"image_size\":\"full\",\"link_to\":\"custom\",\"link\":{\"url\":\"https:\\\/\\\/www.sansofestay.com\\\/alquiler\\\/apartamento-la-matanza-de-acentejo-10-10-vista-mar-jardin-privado-167953.html\",\"is_external\":\"\",\"nofollow\":\"\",\"custom_attributes\":\"\"},\"image_border_radius\":{\"unit\":\"px\",\"top\":\"10\",\"right\":\"10\",\"bottom\":\"10\",\"left\":\"10\",\"isLinked\":true}},\"elements\":[],\"widgetType\":\"image\"}],\"isInner\":false},{\"id\":\"334aa55f\",\"elType\":\"column\",\"settings\":{\"_column_size\":50,\"_inline_size\":null},\"elements\":[{\"id\":\"603d339\",\"elType\":\"widget\",\"settings\":{\"title\":\"Apartamento con jard\\u00edn privado y vista mar en Tenerife Norte\",\"header_size\":\"h3\",\"title_color\":\"#7A7A7A\"},\"elements\":[],\"widgetType\":\"heading\"},{\"id\":\"7de8fb92\",\"elType\":\"widget\",\"settings\":{\"editor\":\"<p>Enclavado en los serenos paisajes del norte de Tenerife, este apartamento de un dormitorio es una verdadera joya. Cuenta con una amplia terraza de 30 metros cuadrados y un jard\\u00edn privado de 250 metros cuadrados, ambos con fascinantes vistas al mar y al atardecer.<\\\/p>\"},\"elements\":[],\"widgetType\":\"text-editor\"},{\"id\":\"4a9fe8e\",\"elType\":\"section\",\"settings\":{\"structure\":\"20\"},\"elements\":[{\"id\":\"616b2bdf\",\"elType\":\"column\",\"settings\":{\"_column_size\":50,\"_inline_size\":null},\"elements\":[],\"isInner\":true},{\"id\":\"6a120513\",\"elType\":\"column\",\"settings\":{\"_column_size\":50,\"_inline_size\":null},\"elements\":[{\"id\":\"6f3f3e60\",\"elType\":\"widget\",\"settings\":{\"text\":\"Ver el apartamento\",\"link\":{\"url\":\"https:\\\/\\\/www.sansofestay.com\\\/alquiler\\\/apartamento-la-matanza-de-acentejo-10-10-vista-mar-jardin-privado-167953.html\",\"is_external\":\"on\",\"nofollow\":\"\",\"custom_attributes\":\"\"},\"align\":\"left\",\"__globals__\":{\"background_color\":\"globals\\\/colors?id=primary\"}},\"elements\":[],\"widgetType\":\"button\"}],\"isInner\":true}],\"isInner\":true}],\"isInner\":false}],\"isInner\":false},{\"id\":\"26353188\",\"elType\":\"section\",\"settings\":{\"structure\":\"20\",\"background_background\":\"classic\",\"background_color\":\"#FFFFFF\"},\"elements\":[{\"id\":\"5e9b5f3e\",\"elType\":\"column\",\"settings\":{\"_column_size\":50,\"_inline_size\":null},\"elements\":[{\"id\":\"5d5dddce\",\"elType\":\"widget\",\"settings\":{\"image\":{\"url\":\"https:\\\/\\\/www.sansofestay.com\\\/blog\\\/wp-content\\\/uploads\\\/2023\\\/08\\\/private-apartment-tenerife-with-pool.jpg\",\"id\":675,\"size\":\"\",\"alt\":\"private apartment in tenerife with pool\",\"source\":\"library\"},\"image_size\":\"full\",\"link_to\":\"custom\",\"link\":{\"url\":\"https:\\\/\\\/www.sansofestay.com\\\/alquiler\\\/apartamento-la-matanza-de-acentejo-08-7-apartamento-vista-lateral-mar-y-montana-168217.html\",\"is_external\":\"\",\"nofollow\":\"\",\"custom_attributes\":\"\"},\"image_border_radius\":{\"unit\":\"px\",\"top\":\"10\",\"right\":\"10\",\"bottom\":\"10\",\"left\":\"10\",\"isLinked\":true}},\"elements\":[],\"widgetType\":\"image\"}],\"isInner\":false},{\"id\":\"4fe04dd6\",\"elType\":\"column\",\"settings\":{\"_column_size\":50,\"_inline_size\":null},\"elements\":[{\"id\":\"6a65226\",\"elType\":\"widget\",\"settings\":{\"title\":\"Apartamento privado con piscina en la costa norte de Tenerife\",\"header_size\":\"h3\",\"title_color\":\"#7A7A7A\"},\"elements\":[],\"widgetType\":\"heading\"},{\"id\":\"5b67f0a0\",\"elType\":\"widget\",\"settings\":{\"editor\":\"<p>Este apartamento de 2 dormitorios en La Matanza de Acentejo tiene capacidad para 5 personas. Est\\u00e1 amueblado con gusto, es luminoso y tiene 64 m\\u00b2 con vistas a la monta\\u00f1a. La propiedad se encuentra en un barrio familiar en medio del encanto rural de la zona.<\\\/p>\"},\"elements\":[],\"widgetType\":\"text-editor\"},{\"id\":\"6ab1275b\",\"elType\":\"section\",\"settings\":{\"structure\":\"20\"},\"elements\":[{\"id\":\"30a47b7b\",\"elType\":\"column\",\"settings\":{\"_column_size\":50,\"_inline_size\":null},\"elements\":[],\"isInner\":true},{\"id\":\"21162cc5\",\"elType\":\"column\",\"settings\":{\"_column_size\":50,\"_inline_size\":null},\"elements\":[{\"id\":\"36bdd6a2\",\"elType\":\"widget\",\"settings\":{\"text\":\"Ver el apartamento\",\"link\":{\"url\":\"https:\\\/\\\/www.sansofestay.com\\\/alquiler\\\/apartamento-la-matanza-de-acentejo-08-7-apartamento-vista-lateral-mar-y-montana-168217.html\",\"is_external\":\"on\",\"nofollow\":\"\",\"custom_attributes\":\"\"},\"align\":\"left\",\"__globals__\":{\"background_color\":\"globals\\\/colors?id=primary\"}},\"elements\":[],\"widgetType\":\"button\"}],\"isInner\":true}],\"isInner\":true}],\"isInner\":false}],\"isInner\":false},{\"id\":\"72fb083c\",\"elType\":\"section\",\"settings\":{\"structure\":\"20\",\"background_background\":\"classic\",\"background_color\":\"#FFFFFF\"},\"elements\":[{\"id\":\"5c0513e1\",\"elType\":\"column\",\"settings\":{\"_column_size\":50,\"_inline_size\":null},\"elements\":[{\"id\":\"1217912d\",\"elType\":\"widget\",\"settings\":{\"image\":{\"url\":\"https:\\\/\\\/www.sansofestay.com\\\/blog\\\/wp-content\\\/uploads\\\/2023\\\/08\\\/apartment-with-sea-teide-mountain-view-tenerife.jpg\",\"id\":673,\"size\":\"\",\"alt\":\"Apartment with sea and teide mountain view in tenerife\",\"source\":\"library\"},\"image_size\":\"full\",\"link_to\":\"custom\",\"link\":{\"url\":\"https:\\\/\\\/www.sansofestay.com\\\/alquiler\\\/apartamento-la-matanza-de-acentejo-03-3-tenerife-vista-mar-y-montana-168145.html\",\"is_external\":\"\",\"nofollow\":\"\",\"custom_attributes\":\"\"},\"image_border_radius\":{\"unit\":\"px\",\"top\":\"10\",\"right\":\"10\",\"bottom\":\"10\",\"left\":\"10\",\"isLinked\":true}},\"elements\":[],\"widgetType\":\"image\"}],\"isInner\":false},{\"id\":\"27e30721\",\"elType\":\"column\",\"settings\":{\"_column_size\":50,\"_inline_size\":null},\"elements\":[{\"id\":\"23bd35ac\",\"elType\":\"widget\",\"settings\":{\"title\":\"Apartamento con vistas al mar y al Teide en Tenerife Norte\",\"header_size\":\"h3\",\"title_color\":\"#7A7A7A\"},\"elements\":[],\"widgetType\":\"heading\"},{\"id\":\"4e5c417\",\"elType\":\"widget\",\"settings\":{\"editor\":\"<p>Este acogedor apartamento disfruta tanto de las relajantes vistas al mar como de la majestuosa monta\\u00f1a del Teide. Situado en la primera planta de un antiguo almac\\u00e9n cuidadosamente restaurado, esta joya es uno de los ocho apartamentos r\\u00fasticos construidos por apasionados agricultores de aguacate en 2009.<\\\/p>\"},\"elements\":[],\"widgetType\":\"text-editor\"},{\"id\":\"725823d9\",\"elType\":\"section\",\"settings\":{\"structure\":\"20\"},\"elements\":[{\"id\":\"2e1c2ca8\",\"elType\":\"column\",\"settings\":{\"_column_size\":50,\"_inline_size\":null},\"elements\":[],\"isInner\":true},{\"id\":\"565ce296\",\"elType\":\"column\",\"settings\":{\"_column_size\":50,\"_inline_size\":null},\"elements\":[{\"id\":\"4e870dcf\",\"elType\":\"widget\",\"settings\":{\"text\":\"Ver el apartamento\",\"link\":{\"url\":\"https:\\\/\\\/www.sansofestay.com\\\/alquiler\\\/apartamento-la-matanza-de-acentejo-03-3-tenerife-vista-mar-y-montana-168145.html\",\"is_external\":\"on\",\"nofollow\":\"\",\"custom_attributes\":\"\"},\"align\":\"left\",\"__globals__\":{\"background_color\":\"globals\\\/colors?id=primary\"}},\"elements\":[],\"widgetType\":\"button\"}],\"isInner\":true}],\"isInner\":true}],\"isInner\":false}],\"isInner\":false},{\"id\":\"ae400b1\",\"elType\":\"section\",\"settings\":[],\"elements\":[{\"id\":\"95f8aab\",\"elType\":\"column\",\"settings\":{\"_column_size\":100,\"_inline_size\":null},\"elements\":[{\"id\":\"49a132e\",\"elType\":\"widget\",\"settings\":{\"editor\":\"<h2><b>El tiempo en Semana Santa en Tenerife norte<\\\/b><\\\/h2><p><span style=\\\"font-weight: 400;\\\">Durante Semana Santa, Tenerife se presenta como un destino ideal gracias a su <strong>clima templado y agradable<\\\/strong>, caracter\\u00edstico de esta \\u00e9poca del a\\u00f1o. La isla disfruta de un microclima que var\\u00eda entre el norte y el sur, pero en general, las temperaturas en Semana Santa oscilan entre los 18 \\u00b0C y los 25 \\u00b0C, proporcionando un ambiente perfecto tanto para los que desean relajarse en las playas como para los que prefieren explorar los numerosos atractivos al aire libre.<\\\/span><\\\/p><p><span style=\\\"font-weight: 400;\\\">La primavera en Tenerife trae consigo d\\u00edas m\\u00e1s largos y soleados, aunque no es inusual encontrar alguna que otra lluvia ligera, especialmente en las zonas m\\u00e1s verdes y elevadas de la isla. Estas lluvias suelen ser breves y contribuyen a la<strong> frescura y belleza del paisaje<\\\/strong>.<\\\/span><\\\/p>\"},\"elements\":[],\"widgetType\":\"text-editor\"},{\"id\":\"586624e\",\"elType\":\"widget\",\"settings\":{\"editor\":\"<h2><b>Reserva tu apartamento vacacional en Tenerife norte<\\\/b><\\\/h2><p><span style=\\\"font-weight: 400;\\\">Tenerife Norte es un destino que cautiva a sus visitantes con su impresionante belleza natural, desde exuberantes valles y monta\\u00f1as hasta pintorescas costas y playas.\\u00a0<\\\/span><\\\/p><p><span style=\\\"font-weight: 400;\\\">Esta parte de la isla es famosa por su rica cultura, su vibrante historia y una gastronom\\u00eda que deleita a todos los paladares. Al elegir Tenerife Norte para tus vacaciones de Semana Santa, te sumergir\\u00e1s en una atm\\u00f3sfera \\u00fanica, donde la tradici\\u00f3n se mezcla con la modernidad y la naturaleza se encuentra a cada paso.<\\\/span><\\\/p><p><span style=\\\"font-weight: 400;\\\">Para vivir plenamente esta experiencia, encontrar el alojamiento adecuado es fundamental.<\\\/span><a href=\\\"https:\\\/\\\/www.sansofestay.com\\\/\\\"><span style=\\\"font-weight: 400;\\\"> Sansof\\u00e9 Stay<\\\/span><\\\/a><span style=\\\"font-weight: 400;\\\"> ofrece una selecci\\u00f3n de apartamentos vacacionales que son el punto de partida perfecto para explorar todo lo que Tenerife Norte tiene para ofrecer.\\u00a0<\\\/span><\\\/p>\"},\"elements\":[],\"widgetType\":\"text-editor\"}],\"isInner\":false}],\"isInner\":false},{\"id\":\"4cb4ff6\",\"elType\":\"section\",\"settings\":[],\"elements\":[{\"id\":\"51a4d05\",\"elType\":\"column\",\"settings\":{\"_column_size\":100,\"_inline_size\":null},\"elements\":[{\"id\":\"4d32b39\",\"elType\":\"widget\",\"settings\":{\"text\":\"Alquiler de apartamentos en Tenerife Norte\",\"link\":{\"url\":\"https:\\\/\\\/www.sansofestay.com\\\/alquiler\\\/apartamentos-tenerife-c1e81\\\/\",\"is_external\":\"on\",\"nofollow\":\"\",\"custom_attributes\":\"\"},\"align\":\"center\",\"__globals__\":{\"background_color\":\"globals\\\/colors?id=primary\"}},\"elements\":[],\"widgetType\":\"button\"}],\"isInner\":false}],\"isInner\":false},{\"id\":\"5f7f8700\",\"elType\":\"section\",\"settings\":[],\"elements\":[{\"id\":\"214a5143\",\"elType\":\"column\",\"settings\":{\"_column_size\":100,\"_inline_size\":null},\"elements\":[{\"id\":\"46b28f5e\",\"elType\":\"widget\",\"settings\":{\"title\":\"Apartamentos vacacionales recomendados en Tenerife\",\"title_color\":\"#7A7A7A\"},\"elements\":[],\"widgetType\":\"heading\"},{\"id\":\"194b66ae\",\"elType\":\"section\",\"settings\":{\"structure\":\"50\",\"background_background\":\"classic\"},\"elements\":[{\"id\":\"785c2509\",\"elType\":\"column\",\"settings\":{\"_column_size\":20,\"_inline_size\":null},\"elements\":[{\"id\":\"453dc463\",\"elType\":\"widget\",\"settings\":{\"image\":{\"url\":\"https:\\\/\\\/www.sansofestay.com\\\/blog\\\/wp-content\\\/uploads\\\/2023\\\/08\\\/sea-view-apartment-tenerife.jpg\",\"id\":677,\"size\":\"\",\"alt\":\"sea view apartment tenerife\",\"source\":\"library\"},\"link_to\":\"custom\",\"link\":{\"url\":\"https:\\\/\\\/www.sansofestay.com\\\/alquiler\\\/apartamento-la-matanza-de-acentejo-04-8-apartamento-vista-mar-terraza-balcon-168146.html\",\"is_external\":\"\",\"nofollow\":\"\",\"custom_attributes\":\"\"}},\"elements\":[],\"widgetType\":\"image\"},{\"id\":\"159b4a58\",\"elType\":\"widget\",\"settings\":{\"title\":\"Apartamento vista mar\",\"link\":{\"url\":\"https:\\\/\\\/www.sansofestay.com\\\/alquiler\\\/apartamento-la-matanza-de-acentejo-04-8-apartamento-vista-mar-terraza-balcon-168146.html\",\"is_external\":\"\",\"nofollow\":\"\",\"custom_attributes\":\"\"},\"header_size\":\"h3\",\"title_color\":\"#7A7A7A\"},\"elements\":[],\"widgetType\":\"heading\"},{\"id\":\"72540665\",\"elType\":\"widget\",\"settings\":{\"before_text\":\"Desde\",\"highlighted_text\":\"334\\u20ac\",\"rotating_text\":\"Better\\nBigger\\nFaster\",\"after_text\":\"\\\/semana\",\"link\":{\"url\":\"https:\\\/\\\/www.sansofestay.com\\\/alquiler\\\/apartamento-la-matanza-de-acentejo-04-8-apartamento-vista-mar-terraza-balcon-168146.html\",\"is_external\":\"\",\"nofollow\":\"\",\"custom_attributes\":\"\"},\"alignment\":\"left\",\"tag\":\"p\",\"title_color\":\"#7A7A7A\",\"words_color\":\"#7A7A7A\",\"words_typography_typography\":\"custom\",\"words_typography_font_family\":\"Roboto\",\"words_typography_font_weight\":\"600\",\"_margin\":{\"unit\":\"px\",\"top\":\"-18\",\"right\":\"0\",\"bottom\":\"0\",\"left\":\"0\",\"isLinked\":false},\"__globals__\":{\"marker_color\":\"globals\\\/colors?id=primary\"}},\"elements\":[],\"widgetType\":\"animated-headline\"},{\"id\":\"51763985\",\"elType\":\"widget\",\"settings\":{\"editor\":\"\"},\"elements\":[],\"widgetType\":\"text-editor\"}],\"isInner\":true},{\"id\":\"413b9368\",\"elType\":\"column\",\"settings\":{\"_column_size\":20,\"_inline_size\":null},\"elements\":[{\"id\":\"45bb17ce\",\"elType\":\"widget\",\"settings\":{\"image\":{\"url\":\"https:\\\/\\\/www.sansofestay.com\\\/blog\\\/wp-content\\\/uploads\\\/2023\\\/08\\\/apartment-north-tenerife.jpg\",\"id\":679,\"size\":\"\",\"alt\":\"apartment north tenerife in la matanza de acentejo\",\"source\":\"library\"},\"link_to\":\"custom\",\"link\":{\"url\":\"https:\\\/\\\/www.sansofestay.com\\\/alquiler\\\/apartamento-la-matanza-de-acentejo-01-1-apartamento-tenerife-norte-vista-mar-168038.html\",\"is_external\":\"\",\"nofollow\":\"\",\"custom_attributes\":\"\"}},\"elements\":[],\"widgetType\":\"image\"},{\"id\":\"27dc185e\",\"elType\":\"widget\",\"settings\":{\"title\":\"Apartamento Tenerife Norte\",\"link\":{\"url\":\"https:\\\/\\\/www.sansofestay.com\\\/alquiler\\\/apartamento-la-matanza-de-acentejo-01-1-apartamento-tenerife-norte-vista-mar-168038.html\",\"is_external\":\"\",\"nofollow\":\"\",\"custom_attributes\":\"\"},\"header_size\":\"h3\",\"title_color\":\"#7A7A7A\"},\"elements\":[],\"widgetType\":\"heading\"},{\"id\":\"541eb1dd\",\"elType\":\"widget\",\"settings\":{\"before_text\":\"Desde\",\"highlighted_text\":\"434\\u20ac\",\"rotating_text\":\"Better\\nBigger\\nFaster\",\"after_text\":\"\\\/semana\",\"link\":{\"url\":\"https:\\\/\\\/www.sansofestay.com\\\/alquiler\\\/apartamento-la-matanza-de-acentejo-01-1-apartamento-tenerife-norte-vista-mar-168038.html\",\"is_external\":\"\",\"nofollow\":\"\",\"custom_attributes\":\"\"},\"alignment\":\"left\",\"tag\":\"p\",\"title_color\":\"#7A7A7A\",\"words_color\":\"#7A7A7A\",\"words_typography_typography\":\"custom\",\"words_typography_font_family\":\"Roboto\",\"words_typography_font_weight\":\"600\",\"_margin\":{\"unit\":\"px\",\"top\":\"-18\",\"right\":\"0\",\"bottom\":\"0\",\"left\":\"0\",\"isLinked\":false},\"__globals__\":{\"marker_color\":\"globals\\\/colors?id=primary\"}},\"elements\":[],\"widgetType\":\"animated-headline\"},{\"id\":\"6cd3efc\",\"elType\":\"widget\",\"settings\":{\"editor\":\"\"},\"elements\":[],\"widgetType\":\"text-editor\"}],\"isInner\":true},{\"id\":\"240fc13e\",\"elType\":\"column\",\"settings\":{\"_column_size\":20,\"_inline_size\":null},\"elements\":[{\"id\":\"1b8f6080\",\"elType\":\"widget\",\"settings\":{\"image\":{\"url\":\"https:\\\/\\\/www.sansofestay.com\\\/blog\\\/wp-content\\\/uploads\\\/2023\\\/08\\\/apartment-north-coast-tenerife-with-terrace.jpg\",\"id\":681,\"size\":\"\",\"alt\":\"apartment north coast in tenerife with terrace\",\"source\":\"library\"},\"link_to\":\"custom\",\"link\":{\"url\":\"https:\\\/\\\/www.sansofestay.com\\\/alquiler\\\/apartamento-la-matanza-de-acentejo-02-2-apartamento-tenerife-norte-vista-mar-168144.html\",\"is_external\":\"\",\"nofollow\":\"\",\"custom_attributes\":\"\"}},\"elements\":[],\"widgetType\":\"image\"},{\"id\":\"700f5aaf\",\"elType\":\"widget\",\"settings\":{\"title\":\"Apartamento en la costa norte\",\"link\":{\"url\":\"https:\\\/\\\/www.sansofestay.com\\\/alquiler\\\/apartamento-la-matanza-de-acentejo-02-2-apartamento-tenerife-norte-vista-mar-168144.html\",\"is_external\":\"\",\"nofollow\":\"\",\"custom_attributes\":\"\"},\"header_size\":\"h3\",\"title_color\":\"#7A7A7A\"},\"elements\":[],\"widgetType\":\"heading\"},{\"id\":\"293e899\",\"elType\":\"widget\",\"settings\":{\"before_text\":\"Desde\",\"highlighted_text\":\"434\\u20ac\",\"rotating_text\":\"Better\\nBigger\\nFaster\",\"after_text\":\"\\\/semana\",\"link\":{\"url\":\"https:\\\/\\\/www.sansofestay.com\\\/alquiler\\\/apartamento-la-matanza-de-acentejo-02-2-apartamento-tenerife-norte-vista-mar-168144.html\",\"is_external\":\"\",\"nofollow\":\"\",\"custom_attributes\":\"\"},\"alignment\":\"left\",\"tag\":\"p\",\"title_color\":\"#7A7A7A\",\"words_color\":\"#7A7A7A\",\"words_typography_typography\":\"custom\",\"words_typography_font_family\":\"Roboto\",\"words_typography_font_weight\":\"600\",\"_margin\":{\"unit\":\"px\",\"top\":\"-18\",\"right\":\"0\",\"bottom\":\"0\",\"left\":\"0\",\"isLinked\":false},\"__globals__\":{\"marker_color\":\"globals\\\/colors?id=primary\"}},\"elements\":[],\"widgetType\":\"animated-headline\"},{\"id\":\"560ace20\",\"elType\":\"widget\",\"settings\":{\"editor\":\"\"},\"elements\":[],\"widgetType\":\"text-editor\"}],\"isInner\":true},{\"id\":\"7d125c51\",\"elType\":\"column\",\"settings\":{\"_column_size\":20,\"_inline_size\":null},\"elements\":[{\"id\":\"22058716\",\"elType\":\"widget\",\"settings\":{\"image\":{\"url\":\"https:\\\/\\\/www.sansofestay.com\\\/blog\\\/wp-content\\\/uploads\\\/2023\\\/08\\\/apartment-mountain-views-tenerife.jpg\",\"id\":683,\"size\":\"\",\"alt\":\"Apartment mountains views tenerife\",\"source\":\"library\"},\"link_to\":\"custom\",\"link\":{\"url\":\"https:\\\/\\\/www.sansofestay.com\\\/alquiler\\\/apartamento-la-matanza-de-acentejo-06-5-apartamento-vista-montana-168213.html\",\"is_external\":\"\",\"nofollow\":\"\",\"custom_attributes\":\"\"}},\"elements\":[],\"widgetType\":\"image\"},{\"id\":\"4847b00e\",\"elType\":\"widget\",\"settings\":{\"title\":\"Apartamento vista monta\\u00f1a\",\"link\":{\"url\":\"https:\\\/\\\/www.sansofestay.com\\\/alquiler\\\/apartamento-la-matanza-de-acentejo-06-5-apartamento-vista-montana-168213.html\",\"is_external\":\"\",\"nofollow\":\"\",\"custom_attributes\":\"\"},\"header_size\":\"h3\",\"title_color\":\"#7A7A7A\"},\"elements\":[],\"widgetType\":\"heading\"},{\"id\":\"41a41578\",\"elType\":\"widget\",\"settings\":{\"before_text\":\"Desde\",\"highlighted_text\":\"504\\u20ac\",\"rotating_text\":\"Better\\nBigger\\nFaster\",\"after_text\":\"\\\/semana\",\"link\":{\"url\":\"https:\\\/\\\/www.sansofestay.com\\\/alquiler\\\/apartamento-la-matanza-de-acentejo-06-5-apartamento-vista-montana-168213.html\",\"is_external\":\"\",\"nofollow\":\"\",\"custom_attributes\":\"\"},\"alignment\":\"left\",\"tag\":\"p\",\"title_color\":\"#7A7A7A\",\"words_color\":\"#7A7A7A\",\"words_typography_typography\":\"custom\",\"words_typography_font_family\":\"Roboto\",\"words_typography_font_weight\":\"600\",\"_margin\":{\"unit\":\"px\",\"top\":\"-18\",\"right\":\"0\",\"bottom\":\"0\",\"left\":\"0\",\"isLinked\":false},\"__globals__\":{\"marker_color\":\"globals\\\/colors?id=primary\"}},\"elements\":[],\"widgetType\":\"animated-headline\"},{\"id\":\"760a8ba9\",\"elType\":\"widget\",\"settings\":{\"editor\":\"\"},\"elements\":[],\"widgetType\":\"text-editor\"}],\"isInner\":true},{\"id\":\"12e94519\",\"elType\":\"column\",\"settings\":{\"_column_size\":20,\"_inline_size\":null},\"elements\":[{\"id\":\"2f1b4f3b\",\"elType\":\"widget\",\"settings\":{\"image\":{\"url\":\"https:\\\/\\\/www.sansofestay.com\\\/blog\\\/wp-content\\\/uploads\\\/2023\\\/08\\\/apartment-with-private-garden-tenerife.jpg\",\"id\":685,\"size\":\"\",\"alt\":\"apartment with private garden tenerife\",\"source\":\"library\"},\"link_to\":\"custom\",\"link\":{\"url\":\"https:\\\/\\\/www.sansofestay.com\\\/alquiler\\\/apartamento-la-matanza-de-acentejo-05-4-apartamento-en-tenerife-jardin-privado-168147.html\",\"is_external\":\"\",\"nofollow\":\"\",\"custom_attributes\":\"\"}},\"elements\":[],\"widgetType\":\"image\"},{\"id\":\"737d57bc\",\"elType\":\"widget\",\"settings\":{\"title\":\"Apartamento con jard\\u00edn privado\",\"link\":{\"url\":\"https:\\\/\\\/www.sansofestay.com\\\/alquiler\\\/apartamento-la-matanza-de-acentejo-05-4-apartamento-en-tenerife-jardin-privado-168147.html\",\"is_external\":\"\",\"nofollow\":\"\",\"custom_attributes\":\"\"},\"header_size\":\"h3\",\"title_color\":\"#7A7A7A\"},\"elements\":[],\"widgetType\":\"heading\"},{\"id\":\"41ce37a0\",\"elType\":\"widget\",\"settings\":{\"before_text\":\"Desde\",\"highlighted_text\":\"504\\u20ac\",\"rotating_text\":\"Better\\nBigger\\nFaster\",\"after_text\":\"\\\/semana\",\"link\":{\"url\":\"https:\\\/\\\/www.sansofestay.com\\\/alquiler\\\/apartamento-la-matanza-de-acentejo-05-4-apartamento-en-tenerife-jardin-privado-168147.html\",\"is_external\":\"\",\"nofollow\":\"\",\"custom_attributes\":\"\"},\"alignment\":\"left\",\"tag\":\"p\",\"title_color\":\"#7A7A7A\",\"words_color\":\"#7A7A7A\",\"words_typography_typography\":\"custom\",\"words_typography_font_family\":\"Roboto\",\"words_typography_font_weight\":\"600\",\"_margin\":{\"unit\":\"px\",\"top\":\"-18\",\"right\":\"0\",\"bottom\":\"0\",\"left\":\"0\",\"isLinked\":false},\"__globals__\":{\"marker_color\":\"globals\\\/colors?id=primary\"}},\"elements\":[],\"widgetType\":\"animated-headline\"},{\"id\":\"a91d711\",\"elType\":\"widget\",\"settings\":{\"editor\":\"\"},\"elements\":[],\"widgetType\":\"text-editor\"}],\"isInner\":true}],\"isInner\":true}],\"isInner\":false}],\"isInner\":false},{\"id\":\"d6229be\",\"elType\":\"section\",\"settings\":{\"structure\":\"30\"},\"elements\":[{\"id\":\"1c9e60ff\",\"elType\":\"column\",\"settings\":{\"_column_size\":33,\"_inline_size\":null},\"elements\":[{\"id\":\"7c2ec3f\",\"elType\":\"widget\",\"settings\":{\"text\":\"Alojamientos Tenerife Norte\",\"link\":{\"url\":\"https:\\\/\\\/www.sansofestay.com\\\/alquiler\\\/alquileres-tenerife-e81\\\/\",\"is_external\":\"on\",\"nofollow\":\"\",\"custom_attributes\":\"\"},\"align\":\"center\",\"__globals__\":{\"background_color\":\"globals\\\/colors?id=primary\"}},\"elements\":[],\"widgetType\":\"button\"}],\"isInner\":false},{\"id\":\"32b7abb4\",\"elType\":\"column\",\"settings\":{\"_column_size\":33,\"_inline_size\":null},\"elements\":[{\"id\":\"d6b59d7\",\"elType\":\"widget\",\"settings\":{\"text\":\"Alquiler de apartamentos en Tenerife Norte\",\"link\":{\"url\":\"https:\\\/\\\/www.sansofestay.com\\\/alquiler\\\/apartamentos-tenerife-c1e81\\\/\",\"is_external\":\"on\",\"nofollow\":\"\",\"custom_attributes\":\"\"},\"align\":\"center\",\"__globals__\":{\"background_color\":\"globals\\\/colors?id=primary\"}},\"elements\":[],\"widgetType\":\"button\"}],\"isInner\":false},{\"id\":\"7bc8b5de\",\"elType\":\"column\",\"settings\":{\"_column_size\":33,\"_inline_size\":null},\"elements\":[{\"id\":\"9767ee4\",\"elType\":\"widget\",\"settings\":{\"text\":\"Casas de alquiler en Tenerife Norte\",\"link\":{\"url\":\"https:\\\/\\\/www.sansofestay.com\\\/alquiler\\\/casas-tenerife-c19e81\\\/\",\"is_external\":\"on\",\"nofollow\":\"\",\"custom_attributes\":\"\"},\"align\":\"center\",\"__globals__\":{\"background_color\":\"globals\\\/colors?id=primary\"}},\"elements\":[],\"widgetType\":\"button\"}],\"isInner\":false}],\"isInner\":false}]","_yoast_wpseo_content_score":"60","_wpml_location_migration_done":"1","_yoast_wpseo_metadesc":"Te invitamos a planificar tus vacaciones de Semana Santa en Tenerife y s\u00e1cale el m\u00e1ximo partido a tu visita en Tenerife norte.","_wpse_old_slug":"","_thumbnail_id":"1206","_yoast_wpseo_focuskw":"","_yoast_wpseo_title":"","_yoast_wpseo_linkdex":"","_elementor_controls_usage":{"text-editor":{"count":17,"control_percent":0,"controls":{"content":{"section_editor":{"editor":17}},"style":{"section_style":{"text_color":1,"typography_typography":1,"typography_font_family":1,"typography_font_weight":1}}}},"blockquote":{"count":1,"control_percent":2,"controls":{"content":{"section_blockquote_content":{"blockquote_content":1,"author_name":1,"tweet_button":1,"tweet_button_label":1}},"style":{"section_content_style":{"content_typography_typography":1,"content_typography_font_family":1}}}},"button":{"count":9,"control_percent":1,"controls":{"content":{"section_button":{"text":9,"link":9}},"style":{"section_style":{"align":9}}}},"column":{"count":32,"control_percent":0,"controls":{"layout":{"layout":{"_inline_size":32}}}},"section":{"count":17,"control_percent":0,"controls":{"layout":{"section_structure":{"structure":11}},"style":{"section_background":{"background_background":5,"background_color":4},"section_background_overlay":{"background_overlay_background":1}}}},"heading":{"count":16,"control_percent":1,"controls":{"content":{"section_title":{"title":16,"header_size":13,"link":5}},"style":{"section_title_style":{"title_color":16}}}},"image":{"count":12,"control_percent":1,"controls":{"content":{"section_image":{"image":12,"image_size":7,"image_custom_dimension":1,"link_to":9,"link":9}},"style":{"section_style_image":{"image_border_radius":4}}}},"animated-headline":{"count":5,"control_percent":3,"controls":{"content":{"text_elements":{"before_text":5,"highlighted_text":5,"after_text":5,"link":5,"tag":5}},"style":{"section_style_text":{"alignment":5,"title_color":5,"words_color":5,"words_typography_typography":5,"words_typography_font_family":5,"words_typography_font_weight":5}},"advanced":{"_section_style":{"_margin":5}}}}},"_wp_old_slug":"","_elementor_template_widget_type":"","_elementor_popup_display_settings":"","_wpml_post_translation_editor_native":"","_wp_old_date":"","_oembed_73d8af3ba4596fb88a7f14b93e1916a9":"","_oembed_time_73d8af3ba4596fb88a7f14b93e1916a9":"","_oembed_f9dc1bf2ed4539093f877876c5bac98e":"","_links":{"self":[{"href":"https:\/\/www.sansofestay.com\/blog\/de\/wp-json\/wp\/v2\/posts\/1205","targetHints":{"allow":["GET"]}}],"collection":[{"href":"https:\/\/www.sansofestay.com\/blog\/de\/wp-json\/wp\/v2\/posts"}],"about":[{"href":"https:\/\/www.sansofestay.com\/blog\/de\/wp-json\/wp\/v2\/types\/post"}],"author":[{"embeddable":true,"href":"https:\/\/www.sansofestay.com\/blog\/de\/wp-json\/wp\/v2\/users\/3"}],"replies":[{"embeddable":true,"href":"https:\/\/www.sansofestay.com\/blog\/de\/wp-json\/wp\/v2\/comments?post=1205"}],"version-history":[{"count":5,"href":"https:\/\/www.sansofestay.com\/blog\/de\/wp-json\/wp\/v2\/posts\/1205\/revisions"}],"predecessor-version":[{"id":1216,"href":"https:\/\/www.sansofestay.com\/blog\/de\/wp-json\/wp\/v2\/posts\/1205\/revisions\/1216"}],"wp:featuredmedia":[{"embeddable":true,"href":"https:\/\/www.sansofestay.com\/blog\/de\/wp-json\/wp\/v2\/media\/1206"}],"wp:attachment":[{"href":"https:\/\/www.sansofestay.com\/blog\/de\/wp-json\/wp\/v2\/media?parent=1205"}],"wp:term":[{"taxonomy":"category","embeddable":true,"href":"https:\/\/www.sansofestay.com\/blog\/de\/wp-json\/wp\/v2\/categories?post=1205"}],"curies":[{"name":"wp","href":"https:\/\/api.w.org\/{rel}","templated":true}]}}