{"id":1318,"date":"2022-12-19T08:52:39","date_gmt":"2022-12-19T08:52:39","guid":{"rendered":"https:\/\/www.sansofestay.com\/blog\/?p=1318"},"modified":"2024-03-11T08:55:50","modified_gmt":"2024-03-11T08:55:50","slug":"wie-man-das-wetter-in-la-matanza-de-acentejo-kennt","status":"publish","type":"post","link":"https:\/\/www.sansofestay.com\/blog\/de\/wie-man-das-wetter-in-la-matanza-de-acentejo-kennt\/","title":{"rendered":"Wie man das Wetter in La Matanza de Acentejo kennt"},"content":{"rendered":"\t\t<div data-elementor-type=\"wp-post\" data-elementor-id=\"1318\" class=\"elementor elementor-1318 elementor-90\" data-elementor-post-type=\"post\">\n\t\t\t\t\t\t<section class=\"elementor-section elementor-top-section elementor-element elementor-element-c26c3be elementor-section-boxed elementor-section-height-default elementor-section-height-default\" data-id=\"c26c3be\" data-element_type=\"section\" data-e-type=\"section\">\n\t\t\t\t\t\t<div class=\"elementor-container elementor-column-gap-default\">\n\t\t\t\t\t<div class=\"elementor-column elementor-col-100 elementor-top-column elementor-element elementor-element-b87a4f1\" data-id=\"b87a4f1\" data-element_type=\"column\" data-e-type=\"column\">\n\t\t\t<div class=\"elementor-widget-wrap elementor-element-populated\">\n\t\t\t\t\t\t<div class=\"elementor-element elementor-element-c69c6b4 elementor-widget elementor-widget-text-editor\" data-id=\"c69c6b4\" data-element_type=\"widget\" data-e-type=\"widget\" data-widget_type=\"text-editor.default\">\n\t\t\t\t<div class=\"elementor-widget-container\">\n\t\t\t\t\t\t\t\t\t<p>Interessieren Sie sich f\u00fcr das <strong>Wetter in La Matanza de Acentejo<\/strong>? Diese Gemeinde im Norden Teneriffas ist ein charmantes Reiseziel mit einem ausgezeichneten Klima praktisch das ganze Jahr \u00fcber &#8211; finden Sie heraus, was diesen sonnigen Ort mit angenehmen, milden Temperaturen so besonders macht!<\/p>\t\t\t\t\t\t\t\t<\/div>\n\t\t\t\t<\/div>\n\t\t\t\t\t<\/div>\n\t\t<\/div>\n\t\t\t\t\t<\/div>\n\t\t<\/section>\n\t\t\t\t<section class=\"elementor-section elementor-top-section elementor-element elementor-element-73c7a75 elementor-section-boxed elementor-section-height-default elementor-section-height-default\" data-id=\"73c7a75\" data-element_type=\"section\" data-e-type=\"section\">\n\t\t\t\t\t\t<div class=\"elementor-container elementor-column-gap-default\">\n\t\t\t\t\t<div class=\"elementor-column elementor-col-100 elementor-top-column elementor-element elementor-element-314bda3\" data-id=\"314bda3\" data-element_type=\"column\" data-e-type=\"column\">\n\t\t\t<div class=\"elementor-widget-wrap elementor-element-populated\">\n\t\t\t\t\t\t<div class=\"elementor-element elementor-element-370dee4 elementor-widget elementor-widget-heading\" data-id=\"370dee4\" data-element_type=\"widget\" data-e-type=\"widget\" data-widget_type=\"heading.default\">\n\t\t\t\t<div class=\"elementor-widget-container\">\n\t\t\t\t\t<h2 class=\"elementor-heading-title elementor-size-default\">Warum m\u00fcssen Sie das Wetter in La Matanza de Acentejo kennen?<\/h2>\t\t\t\t<\/div>\n\t\t\t\t<\/div>\n\t\t\t\t\t<\/div>\n\t\t<\/div>\n\t\t\t\t\t<\/div>\n\t\t<\/section>\n\t\t\t\t<section class=\"elementor-section elementor-top-section elementor-element elementor-element-211b5bf elementor-section-boxed elementor-section-height-default elementor-section-height-default\" data-id=\"211b5bf\" data-element_type=\"section\" data-e-type=\"section\">\n\t\t\t\t\t\t<div class=\"elementor-container elementor-column-gap-default\">\n\t\t\t\t\t<div class=\"elementor-column elementor-col-50 elementor-top-column elementor-element elementor-element-eabd1af\" data-id=\"eabd1af\" data-element_type=\"column\" data-e-type=\"column\">\n\t\t\t<div class=\"elementor-widget-wrap elementor-element-populated\">\n\t\t\t\t\t\t<div class=\"elementor-element elementor-element-754ae1c elementor-widget elementor-widget-text-editor\" data-id=\"754ae1c\" data-element_type=\"widget\" data-e-type=\"widget\" data-widget_type=\"text-editor.default\">\n\t\t\t\t<div class=\"elementor-widget-container\">\n\t\t\t\t\t\t\t\t\t<p>Den Besuch dieser Ortschaft auf Teneriffa zu genie\u00dfen, ist ein Genuss. Im <strong>Nordosten von Teneriffa<\/strong> gelegen, deutet ihr charismatischer Name auf die Niederlage hin, die die spanischen Eroberer in ihrer N\u00e4he gegen die Guanchen erlitten. Andererseits gibt es eine weitere angrenzende Gemeinde, La Victoria de Acentejo, deren Name daran erinnert, wo die spanische Eroberung der Kanarischen Inseln endete.<\/p><p>Die erste Schlacht in der Gegend fand im 15. Jahrhundert statt, genauer gesagt, im Jahr 1494: Das Gel\u00e4nde rund um die Schlucht beg\u00fcnstigte die Einheimischen, angef\u00fchrt vom Mencey Bencomo de Taoro. Nach dieser Niederlage musste der spanische Kapit\u00e4n Alonso Fern\u00e1ndez de Lugo seine Invasion verschieben. Nach der Eroberung wurde dieser Standort zu <strong>einem der bev\u00f6lkerungsreichsten des Territoriums<\/strong>.<\/p>\t\t\t\t\t\t\t\t<\/div>\n\t\t\t\t<\/div>\n\t\t\t\t\t<\/div>\n\t\t<\/div>\n\t\t\t\t<div class=\"elementor-column elementor-col-50 elementor-top-column elementor-element elementor-element-3d7c07c\" data-id=\"3d7c07c\" data-element_type=\"column\" data-e-type=\"column\">\n\t\t\t<div class=\"elementor-widget-wrap elementor-element-populated\">\n\t\t\t\t\t\t<div class=\"elementor-element elementor-element-0afefe7 elementor-widget elementor-widget-image\" data-id=\"0afefe7\" data-element_type=\"widget\" data-e-type=\"widget\" data-widget_type=\"image.default\">\n\t\t\t\t<div class=\"elementor-widget-container\">\n\t\t\t\t\t\t\t\t\t\t\t\t\t\t\t<img fetchpriority=\"high\" decoding=\"async\" width=\"600\" height=\"400\" src=\"https:\/\/www.sansofestay.com\/blog\/wp-content\/uploads\/2022\/12\/tiempo-matanza-acentejo.jpg\" class=\"attachment-large size-large wp-image-1324\" alt=\"\" \/>\t\t\t\t\t\t\t\t\t\t\t\t\t\t\t<\/div>\n\t\t\t\t<\/div>\n\t\t\t\t\t<\/div>\n\t\t<\/div>\n\t\t\t\t\t<\/div>\n\t\t<\/section>\n\t\t\t\t<section class=\"elementor-section elementor-top-section elementor-element elementor-element-95f1530 elementor-section-boxed elementor-section-height-default elementor-section-height-default\" data-id=\"95f1530\" data-element_type=\"section\" data-e-type=\"section\">\n\t\t\t\t\t\t<div class=\"elementor-container elementor-column-gap-default\">\n\t\t\t\t\t<div class=\"elementor-column elementor-col-100 elementor-top-column elementor-element elementor-element-b9b3a3d\" data-id=\"b9b3a3d\" data-element_type=\"column\" data-e-type=\"column\">\n\t\t\t<div class=\"elementor-widget-wrap elementor-element-populated\">\n\t\t\t\t\t\t<div class=\"elementor-element elementor-element-e557b99 elementor-widget elementor-widget-text-editor\" data-id=\"e557b99\" data-element_type=\"widget\" data-e-type=\"widget\" data-widget_type=\"text-editor.default\">\n\t\t\t\t<div class=\"elementor-widget-container\">\n\t\t\t\t\t\t\t\t\t<p>Du solltest es nicht vers\u00e4umen, diese historische St\u00e4tte auf Teneriffa zu besuchen. Neben der Erkundung dieser entfernten epischen Szene ist es gleichbedeutend mit Vergn\u00fcgen, einen Ausflug mit <strong>gen\u00fcgend Zeit in La Matanza de Acentejo<\/strong> zu organisieren.<\/p><p>Es erstreckt sich \u00fcber 14,11 Quadratkilometer und erreicht <strong>1589 Meter \u00fcber dem Meeresspiegel<\/strong>. Unter anderen bemerkenswerten Orten bietet es dir den Felsen von La Sabina, die Einsiedelei von San Antonio Abad, La Casa del Barco und den bekannten Barranco de Acentejo.<\/p>\t\t\t\t\t\t\t\t<\/div>\n\t\t\t\t<\/div>\n\t\t\t\t<div class=\"elementor-element elementor-element-0888c99 elementor-align-center elementor-widget elementor-widget-button\" data-id=\"0888c99\" data-element_type=\"widget\" data-e-type=\"widget\" data-widget_type=\"button.default\">\n\t\t\t\t<div class=\"elementor-widget-container\">\n\t\t\t\t\t\t\t\t\t<div class=\"elementor-button-wrapper\">\n\t\t\t\t\t<a class=\"elementor-button elementor-button-link elementor-size-sm\" href=\"https:\/\/www.sansofestay.com\/de\/vermietung\/vermietungen-la-matanza-de-acentejo-d408344\/\" target=\"_blank\">\n\t\t\t\t\t\t<span class=\"elementor-button-content-wrapper\">\n\t\t\t\t\t\t\t\t\t<span class=\"elementor-button-text\">La Matanza de Acentejo<\/span>\n\t\t\t\t\t<\/span>\n\t\t\t\t\t<\/a>\n\t\t\t\t<\/div>\n\t\t\t\t\t\t\t\t<\/div>\n\t\t\t\t<\/div>\n\t\t\t\t<div class=\"elementor-element elementor-element-56c4016 elementor-widget elementor-widget-text-editor\" data-id=\"56c4016\" data-element_type=\"widget\" data-e-type=\"widget\" data-widget_type=\"text-editor.default\">\n\t\t\t\t<div class=\"elementor-widget-container\">\n\t\t\t\t\t\t\t\t\t<div class=\"flex-1 overflow-hidden\"><div class=\"react-scroll-to-bottom--css-xupsy-79elbk h-full\"><div class=\"react-scroll-to-bottom--css-xupsy-1n7m0yu\"><div class=\"flex flex-col text-sm pb-9\"><div class=\"w-full text-token-text-primary\" data-testid=\"conversation-turn-11\"><div class=\"px-4 py-2 justify-center text-base md:gap-6 m-auto\"><div class=\"flex flex-1 text-base mx-auto gap-3 md:px-5 lg:px-1 xl:px-5 md:max-w-3xl lg:max-w-[40rem] xl:max-w-[48rem] group final-completion\"><div class=\"relative flex w-full flex-col agent-turn\"><div class=\"flex-col gap-1 md:gap-3\"><div class=\"flex flex-grow flex-col max-w-full\"><div class=\"min-h-[20px] text-message flex flex-col items-start gap-3 whitespace-pre-wrap break-words [.text-message+&amp;]:mt-5 overflow-x-auto\" data-message-author-role=\"assistant\" data-message-id=\"9a653683-bbd2-4acf-8f5f-cbfa9e8bc183\"><div class=\"markdown prose w-full break-words dark:prose-invert light\"><p>Die Kombination aus der wundersch\u00f6nen K\u00fcste von La Matanza, den f\u00fcr den Tourismus urbanisierten Gebieten und den \u00f6nologischen Enklaven ist sehr attraktiv. Familien, Paare und Freundesgruppen genie\u00dfen gleicherma\u00dfen <strong>die Weinkultur, die Str\u00e4nde und die Natur<\/strong> in einem milden Klima.<\/p><p>Das Gebiet von La Vica ist ein gro\u00dfartiger Ort, um Picknicks in Kontakt mit der sch\u00f6nen Umgebung zu organisieren. Es ist eine perfekt ausgestattete Erholungszone, die durch das g\u00fcnstige Klima das ganze Jahr \u00fcber noch attraktiver wird.<\/p><\/div><\/div><\/div><\/div><\/div><\/div><\/div><\/div><\/div><\/div><\/div><\/div>\t\t\t\t\t\t\t\t<\/div>\n\t\t\t\t<\/div>\n\t\t\t\t\t<\/div>\n\t\t<\/div>\n\t\t\t\t\t<\/div>\n\t\t<\/section>\n\t\t\t\t<section class=\"elementor-section elementor-top-section elementor-element elementor-element-6339a5bf elementor-section-height-min-height elementor-section-content-middle elementor-section-boxed elementor-section-height-default elementor-section-items-middle\" data-id=\"6339a5bf\" data-element_type=\"section\" data-e-type=\"section\">\n\t\t\t\t\t\t\t<div class=\"elementor-background-overlay\"><\/div>\n\t\t\t\t\t\t\t<div class=\"elementor-container elementor-column-gap-no\">\n\t\t\t\t\t<div class=\"elementor-column elementor-col-100 elementor-top-column elementor-element elementor-element-48c87d36\" data-id=\"48c87d36\" data-element_type=\"column\" data-e-type=\"column\">\n\t\t\t<div class=\"elementor-widget-wrap elementor-element-populated\">\n\t\t\t\t\t\t<div class=\"elementor-element elementor-element-73662a9 elementor-widget elementor-widget-heading\" data-id=\"73662a9\" data-element_type=\"widget\" data-e-type=\"widget\" data-widget_type=\"heading.default\">\n\t\t\t\t<div class=\"elementor-widget-container\">\n\t\t\t\t\t<h2 class=\"elementor-heading-title elementor-size-default\">Das Wetter und La Matanza de Acentejo: Merkmale<\/h2>\t\t\t\t<\/div>\n\t\t\t\t<\/div>\n\t\t\t\t<div class=\"elementor-element elementor-element-6b21348 elementor-widget elementor-widget-text-editor\" data-id=\"6b21348\" data-element_type=\"widget\" data-e-type=\"widget\" data-widget_type=\"text-editor.default\">\n\t\t\t\t<div class=\"elementor-widget-container\">\n\t\t\t\t\t\t\t\t\t<p>Die durchschnittliche Temperatur in dieser Gemeinde auf Teneriffa liegt <strong>zwischen 13 \u00baC und 24 \u00baC<\/strong>. Wie du siehst, bietet sie fast das ganze Jahr \u00fcber ein paradiesisches Ambiente. Wenn du diese Gegend zu irgendeinem Zeitpunkt besuchst, kannst du Fr\u00fchlingskleidung tragen und ben\u00f6tigst nur gelegentlich eine leichte Jacke.<\/p><p>Die zwei am meisten unterschiedenen <strong>klimatischen Jahreszeiten<\/strong> sind:<\/p><ul><li><strong>K\u00fchl<\/strong>. Sie erstreckt sich \u00fcber vier Monate, vom 14. Dezember bis zum 14. April. Die durchschnittliche Tagestemperatur liegt unter 19 \u00baC. Im Januar, dem k\u00e4ltesten Monat in der Gegend, wirst du Temperaturen zwischen 13 und 18 \u00baC vorfinden.<\/li><li><strong>Mild<\/strong>. Sie dauert vom 9. Juli bis zum 11. Oktober. Die Durchschnittstemperatur liegt \u00fcber 24 \u00baC, wobei August der hei\u00dfeste Zeitraum ist. Dennoch schwankt das Thermometer in diesem Sommermonat normalerweise zwischen 19 \u00baC als Minimum und 25 \u00baC als Maximum.<\/li><\/ul>\t\t\t\t\t\t\t\t<\/div>\n\t\t\t\t<\/div>\n\t\t\t\t\t<\/div>\n\t\t<\/div>\n\t\t\t\t\t<\/div>\n\t\t<\/section>\n\t\t\t\t<section class=\"elementor-section elementor-top-section elementor-element elementor-element-2cf97b3 elementor-section-boxed elementor-section-height-default elementor-section-height-default\" data-id=\"2cf97b3\" data-element_type=\"section\" data-e-type=\"section\">\n\t\t\t\t\t\t<div class=\"elementor-container elementor-column-gap-default\">\n\t\t\t\t\t<div class=\"elementor-column elementor-col-100 elementor-top-column elementor-element elementor-element-91f368d\" data-id=\"91f368d\" data-element_type=\"column\" data-e-type=\"column\">\n\t\t\t<div class=\"elementor-widget-wrap elementor-element-populated\">\n\t\t\t\t\t\t<div class=\"elementor-element elementor-element-66f883b elementor-widget elementor-widget-text-editor\" data-id=\"66f883b\" data-element_type=\"widget\" data-e-type=\"widget\" data-widget_type=\"text-editor.default\">\n\t\t\t\t<div class=\"elementor-widget-container\">\n\t\t\t\t\t\t\t\t\t<p>Im Allgemeinen liegen die w\u00e4rmsten Momente des Tages zwischen 13 und 18 Uhr. Dieser Zeitraum ist am besten geeignet, um sich an den sch\u00f6nen Str\u00e4nden dieses Gebiets, wie La Negra, El Calet\u00f3n und El Bao, zu entspannen. <strong>Das Klima beg\u00fcnstigt Aktivit\u00e4ten im Freien<\/strong> und bewundert die landschaftliche Sch\u00f6nheit.<\/p><h3>Wolken und Niederschlag<\/h3>\t\t\t\t\t\t\t\t<\/div>\n\t\t\t\t<\/div>\n\t\t\t\t\t<\/div>\n\t\t<\/div>\n\t\t\t\t\t<\/div>\n\t\t<\/section>\n\t\t\t\t<section class=\"elementor-section elementor-top-section elementor-element elementor-element-d8a25aa elementor-section-boxed elementor-section-height-default elementor-section-height-default\" data-id=\"d8a25aa\" data-element_type=\"section\" data-e-type=\"section\">\n\t\t\t\t\t\t<div class=\"elementor-container elementor-column-gap-default\">\n\t\t\t\t\t<div class=\"elementor-column elementor-col-50 elementor-top-column elementor-element elementor-element-00305bb\" data-id=\"00305bb\" data-element_type=\"column\" data-e-type=\"column\">\n\t\t\t<div class=\"elementor-widget-wrap elementor-element-populated\">\n\t\t\t\t\t\t<div class=\"elementor-element elementor-element-2186e8b elementor-widget elementor-widget-image\" data-id=\"2186e8b\" data-element_type=\"widget\" data-e-type=\"widget\" data-widget_type=\"image.default\">\n\t\t\t\t<div class=\"elementor-widget-container\">\n\t\t\t\t\t\t\t\t\t\t\t\t\t\t\t<img decoding=\"async\" width=\"600\" height=\"400\" src=\"https:\/\/www.sansofestay.com\/blog\/wp-content\/uploads\/2022\/12\/tiempo-la-matanza-de-acentejo-tenerife.jpg\" class=\"attachment-large size-large wp-image-1325\" alt=\"\" \/>\t\t\t\t\t\t\t\t\t\t\t\t\t\t\t<\/div>\n\t\t\t\t<\/div>\n\t\t\t\t\t<\/div>\n\t\t<\/div>\n\t\t\t\t<div class=\"elementor-column elementor-col-50 elementor-top-column elementor-element elementor-element-b29a85a\" data-id=\"b29a85a\" data-element_type=\"column\" data-e-type=\"column\">\n\t\t\t<div class=\"elementor-widget-wrap elementor-element-populated\">\n\t\t\t\t\t\t<div class=\"elementor-element elementor-element-272c9d4 elementor-widget elementor-widget-text-editor\" data-id=\"272c9d4\" data-element_type=\"widget\" data-e-type=\"widget\" data-widget_type=\"text-editor.default\">\n\t\t\t\t<div class=\"elementor-widget-container\">\n\t\t\t\t\t\t\t\t\t<p>Die Bew\u00f6lkung am Himmel von La Matanza de Acentejo variiert je nach Jahreszeit erheblich. Zwischen dem 15. September und dem 23. Mai, also \u00fcber etwas mehr als acht Monate, gibt es die Zeit mit der meisten Bew\u00f6lkung. <strong>Im November ist der Himmel etwa 40 % der Zeit bew\u00f6lkt.<\/strong> Es ist der am wenigsten sonnige Monat des Jahres.<\/p><p>Andererseits entwickelt sich zwischen dem 23. Mai und dem 15. September die klare Zeit. <strong>Im Juli gibt es nur 3 % der Zeit signifikante Wolken.<\/strong><\/p><p>Was die Niederschl\u00e4ge angeht, so ist der Dezember der aktivste Monat mit durchschnittlich 3,8 Tagen. <strong>Die trockenste Saison findet zwischen dem 6. April und dem 17. Oktober statt.<\/strong> Im Juli, dem Monat mit dem wenigsten Regen, regnet es selten an irgendeinem Tag.<\/p>\t\t\t\t\t\t\t\t<\/div>\n\t\t\t\t<\/div>\n\t\t\t\t\t<\/div>\n\t\t<\/div>\n\t\t\t\t\t<\/div>\n\t\t<\/section>\n\t\t\t\t<section class=\"elementor-section elementor-top-section elementor-element elementor-element-2c095abb elementor-section-boxed elementor-section-height-default elementor-section-height-default\" data-id=\"2c095abb\" data-element_type=\"section\" data-e-type=\"section\">\n\t\t\t\t\t\t<div class=\"elementor-container elementor-column-gap-default\">\n\t\t\t\t\t<div class=\"elementor-column elementor-col-100 elementor-top-column elementor-element elementor-element-3b72f0e6\" data-id=\"3b72f0e6\" data-element_type=\"column\" data-e-type=\"column\">\n\t\t\t<div class=\"elementor-widget-wrap elementor-element-populated\">\n\t\t\t\t\t\t<div class=\"elementor-element elementor-element-7ad02c8 elementor-widget elementor-widget-text-editor\" data-id=\"7ad02c8\" data-element_type=\"widget\" data-e-type=\"widget\" data-widget_type=\"text-editor.default\">\n\t\t\t\t<div class=\"elementor-widget-container\">\n\t\t\t\t\t\t\t\t\t<div class=\"flex-1 overflow-hidden\"><div class=\"react-scroll-to-bottom--css-xupsy-79elbk h-full\"><div class=\"react-scroll-to-bottom--css-xupsy-1n7m0yu\"><div class=\"flex flex-col text-sm pb-9\"><div class=\"w-full text-token-text-primary\" data-testid=\"conversation-turn-21\"><div class=\"px-4 py-2 justify-center text-base md:gap-6 m-auto\"><div class=\"flex flex-1 text-base mx-auto gap-3 md:px-5 lg:px-1 xl:px-5 md:max-w-3xl lg:max-w-[40rem] xl:max-w-[48rem] group final-completion\"><div class=\"relative flex w-full flex-col agent-turn\"><div class=\"flex-col gap-1 md:gap-3\"><div class=\"flex flex-grow flex-col max-w-full\"><div class=\"min-h-[20px] text-message flex flex-col items-start gap-3 whitespace-pre-wrap break-words [.text-message+&amp;]:mt-5 overflow-x-auto\" data-message-author-role=\"assistant\" data-message-id=\"afac0228-9959-4c93-8dc6-4c934fb83826\"><div class=\"markdown prose w-full break-words dark:prose-invert light\"><h3>Wie man das Wetter in diesem Dorf herausfindet<\/h3><p>Wenn du vorhast, diese Gemeinde zu besuchen, kannst du auf den Webcams <a href=\"https:\/\/www.meteoblue.com\/es\/tiempo\/webcams\/la-matanza-de-acentejo_espa%C3%B1a_2515772\" target=\"_new\">Metoblue<\/a> und <a href=\"https:\/\/www.meteosurfcanarias.com\/es\/001999-webcam-tiempo-en-directo-playas-tenerife-la-matanza.php\" target=\"_new\">MeteoSurfCanarias<\/a> <strong>das Wetter live \u00fcber ihre Kameras sehen.<\/strong> Es ist eine schnelle und effektive Weise, um klar zu verstehen, was vor sich geht. Dar\u00fcber hinaus stehen dir auf <a href=\"https:\/\/www.aemet.es\/es\/eltiempo\/prediccion\/municipios\/matanza-de-acentejo-la-id38025\" target=\"_new\">Aemet<\/a> <strong>mehr als zuverl\u00e4ssige Wettervorhersagen<\/strong> zur Verf\u00fcgung.<\/p><p>Das Fazit ist klar: <strong>Das Wetter in La Matanza de Acentejo ist das ganze Jahr \u00fcber hervorragend und ruhig.<\/strong> Es wird dir kaum verwehren, jegliche Pl\u00e4ne, die du hast, durchzuf\u00fchren. Deshalb, und wegen der Qualit\u00e4t der <strong>Unterk\u00fcnfte in La Matanza de Acentejo<\/strong> von <strong>San Diego Apartments,<\/strong> ermutigen wir dich, einen Ausflug in diese Gemeinde zu planen. Genie\u00dfe ein mildes und angenehmes Klima in dieser attraktiven Gegend der Kanaren!<\/p><\/div><\/div><\/div><\/div><\/div><\/div><\/div><\/div><\/div><\/div><\/div><\/div>\t\t\t\t\t\t\t\t<\/div>\n\t\t\t\t<\/div>\n\t\t\t\t\t<\/div>\n\t\t<\/div>\n\t\t\t\t\t<\/div>\n\t\t<\/section>\n\t\t\t\t<section class=\"elementor-section elementor-top-section elementor-element elementor-element-62fefd8 elementor-section-boxed elementor-section-height-default elementor-section-height-default\" data-id=\"62fefd8\" data-element_type=\"section\" data-e-type=\"section\">\n\t\t\t\t\t\t<div class=\"elementor-container elementor-column-gap-default\">\n\t\t\t\t\t<div class=\"elementor-column elementor-col-50 elementor-top-column elementor-element elementor-element-c572bfa\" data-id=\"c572bfa\" data-element_type=\"column\" data-e-type=\"column\">\n\t\t\t<div class=\"elementor-widget-wrap elementor-element-populated\">\n\t\t\t\t\t\t<div class=\"elementor-element elementor-element-0ea9339 elementor-align-right elementor-widget elementor-widget-button\" data-id=\"0ea9339\" data-element_type=\"widget\" data-e-type=\"widget\" data-widget_type=\"button.default\">\n\t\t\t\t<div class=\"elementor-widget-container\">\n\t\t\t\t\t\t\t\t\t<div class=\"elementor-button-wrapper\">\n\t\t\t\t\t<a class=\"elementor-button elementor-button-link elementor-size-sm\" href=\"https:\/\/www.sansofestay.com\/de\/ferien-vermietung-teneriffa\/\" target=\"_blank\">\n\t\t\t\t\t\t<span class=\"elementor-button-content-wrapper\">\n\t\t\t\t\t\t\t\t\t<span class=\"elementor-button-text\">Ferienunterk\u00fcnfte in Teneriffa<\/span>\n\t\t\t\t\t<\/span>\n\t\t\t\t\t<\/a>\n\t\t\t\t<\/div>\n\t\t\t\t\t\t\t\t<\/div>\n\t\t\t\t<\/div>\n\t\t\t\t\t<\/div>\n\t\t<\/div>\n\t\t\t\t<div class=\"elementor-column elementor-col-50 elementor-top-column elementor-element elementor-element-a4de266\" data-id=\"a4de266\" data-element_type=\"column\" data-e-type=\"column\">\n\t\t\t<div class=\"elementor-widget-wrap elementor-element-populated\">\n\t\t\t\t\t\t<div class=\"elementor-element elementor-element-a4ce7b4 elementor-align-left elementor-widget elementor-widget-button\" data-id=\"a4ce7b4\" data-element_type=\"widget\" data-e-type=\"widget\" data-widget_type=\"button.default\">\n\t\t\t\t<div class=\"elementor-widget-container\">\n\t\t\t\t\t\t\t\t\t<div class=\"elementor-button-wrapper\">\n\t\t\t\t\t<a class=\"elementor-button elementor-button-link elementor-size-sm\" href=\"https:\/\/www.sansofestay.com\/de\/vermietung\/ferienhauser-la-matanza-de-acentejo-c19d408344\/\" target=\"_blank\">\n\t\t\t\t\t\t<span class=\"elementor-button-content-wrapper\">\n\t\t\t\t\t\t\t\t\t<span class=\"elementor-button-text\">H\u00e4user in La Matanza de Acentejo<\/span>\n\t\t\t\t\t<\/span>\n\t\t\t\t\t<\/a>\n\t\t\t\t<\/div>\n\t\t\t\t\t\t\t\t<\/div>\n\t\t\t\t<\/div>\n\t\t\t\t\t<\/div>\n\t\t<\/div>\n\t\t\t\t\t<\/div>\n\t\t<\/section>\n\t\t\t\t<\/div>\n\t\t","protected":false},"excerpt":{"rendered":"<p>Wir informieren Sie \u00fcber die Merkmale des Wetters in La Matanza de Acentejo. Diese Gemeinde ist ein sehr attraktives Urlaubsziel.<\/p>\n","protected":false},"author":3,"featured_media":1319,"comment_status":"open","ping_status":"open","sticky":false,"template":"","format":"standard","meta":{"footnotes":""},"categories":[51],"class_list":["post-1318","post","type-post","status-publish","format-standard","has-post-thumbnail","hentry","category-unkategorisiert"],"yoast_head":"<!-- This site is optimized with the Yoast SEO plugin v27.2 - https:\/\/yoast.com\/product\/yoast-seo-wordpress\/ -->\n<title>Wie man das Wetter in La Matanza de Acentejo kennt - Urlaub auf Teneriffa Nord | Sansof\u00e9<\/title>\n<meta name=\"description\" content=\"Wir informieren Sie \u00fcber die Merkmale des Wetters in La Matanza de Acentejo. Diese Gemeinde ist ein sehr attraktives Urlaubsziel.\" \/>\n<meta name=\"robots\" content=\"index, follow, max-snippet:-1, max-image-preview:large, max-video-preview:-1\" \/>\n<link rel=\"canonical\" href=\"https:\/\/www.sansofestay.com\/blog\/de\/wie-man-das-wetter-in-la-matanza-de-acentejo-kennt\/\" \/>\n<meta property=\"og:locale\" content=\"de_DE\" \/>\n<meta property=\"og:type\" content=\"article\" \/>\n<meta property=\"og:title\" content=\"Wie man das Wetter in La Matanza de Acentejo kennt - Urlaub auf Teneriffa Nord | Sansof\u00e9\" \/>\n<meta property=\"og:description\" content=\"Wir informieren Sie \u00fcber die Merkmale des Wetters in La Matanza de Acentejo. Diese Gemeinde ist ein sehr attraktives Urlaubsziel.\" \/>\n<meta property=\"og:url\" content=\"https:\/\/www.sansofestay.com\/blog\/de\/wie-man-das-wetter-in-la-matanza-de-acentejo-kennt\/\" \/>\n<meta property=\"og:site_name\" content=\"Urlaub auf Teneriffa Nord | Sansof\u00e9\" \/>\n<meta property=\"article:published_time\" content=\"2022-12-19T08:52:39+00:00\" \/>\n<meta property=\"article:modified_time\" content=\"2024-03-11T08:55:50+00:00\" \/>\n<meta property=\"og:image\" content=\"https:\/\/www.sansofestay.com\/blog\/wp-content\/uploads\/2024\/03\/el-tiempo-en-la-matanza-de-acentejo-tenerife-380x350-1.jpg\" \/>\n\t<meta property=\"og:image:width\" content=\"380\" \/>\n\t<meta property=\"og:image:height\" content=\"350\" \/>\n\t<meta property=\"og:image:type\" content=\"image\/jpeg\" \/>\n<meta name=\"author\" content=\"digitalservices@avantio.com\" \/>\n<meta name=\"twitter:card\" content=\"summary_large_image\" \/>\n<meta name=\"twitter:label1\" content=\"Verfasst von\" \/>\n\t<meta name=\"twitter:data1\" content=\"digitalservices@avantio.com\" \/>\n\t<meta name=\"twitter:label2\" content=\"Gesch\u00e4tzte Lesezeit\" \/>\n\t<meta name=\"twitter:data2\" content=\"5\u00a0Minuten\" \/>\n<script type=\"application\/ld+json\" class=\"yoast-schema-graph\">{\"@context\":\"https:\/\/schema.org\",\"@graph\":[{\"@type\":\"Article\",\"@id\":\"https:\/\/www.sansofestay.com\/blog\/de\/wie-man-das-wetter-in-la-matanza-de-acentejo-kennt\/#article\",\"isPartOf\":{\"@id\":\"https:\/\/www.sansofestay.com\/blog\/de\/wie-man-das-wetter-in-la-matanza-de-acentejo-kennt\/\"},\"author\":{\"name\":\"digitalservices@avantio.com\",\"@id\":\"https:\/\/www.sansofestay.com\/blog\/de\/#\/schema\/person\/c206c4732c6fd34c0667c8566b602cd6\"},\"headline\":\"Wie man das Wetter in La Matanza de Acentejo kennt\",\"datePublished\":\"2022-12-19T08:52:39+00:00\",\"dateModified\":\"2024-03-11T08:55:50+00:00\",\"mainEntityOfPage\":{\"@id\":\"https:\/\/www.sansofestay.com\/blog\/de\/wie-man-das-wetter-in-la-matanza-de-acentejo-kennt\/\"},\"wordCount\":807,\"commentCount\":0,\"image\":{\"@id\":\"https:\/\/www.sansofestay.com\/blog\/de\/wie-man-das-wetter-in-la-matanza-de-acentejo-kennt\/#primaryimage\"},\"thumbnailUrl\":\"https:\/\/www.sansofestay.com\/blog\/wp-content\/uploads\/2024\/03\/el-tiempo-en-la-matanza-de-acentejo-tenerife-380x350-1.jpg\",\"articleSection\":[\"Unkategorisiert\"],\"inLanguage\":\"de\",\"potentialAction\":[{\"@type\":\"CommentAction\",\"name\":\"Comment\",\"target\":[\"https:\/\/www.sansofestay.com\/blog\/de\/wie-man-das-wetter-in-la-matanza-de-acentejo-kennt\/#respond\"]}]},{\"@type\":\"WebPage\",\"@id\":\"https:\/\/www.sansofestay.com\/blog\/de\/wie-man-das-wetter-in-la-matanza-de-acentejo-kennt\/\",\"url\":\"https:\/\/www.sansofestay.com\/blog\/de\/wie-man-das-wetter-in-la-matanza-de-acentejo-kennt\/\",\"name\":\"Wie man das Wetter in La Matanza de Acentejo kennt - Urlaub auf Teneriffa Nord | Sansof\u00e9\",\"isPartOf\":{\"@id\":\"https:\/\/www.sansofestay.com\/blog\/de\/#website\"},\"primaryImageOfPage\":{\"@id\":\"https:\/\/www.sansofestay.com\/blog\/de\/wie-man-das-wetter-in-la-matanza-de-acentejo-kennt\/#primaryimage\"},\"image\":{\"@id\":\"https:\/\/www.sansofestay.com\/blog\/de\/wie-man-das-wetter-in-la-matanza-de-acentejo-kennt\/#primaryimage\"},\"thumbnailUrl\":\"https:\/\/www.sansofestay.com\/blog\/wp-content\/uploads\/2024\/03\/el-tiempo-en-la-matanza-de-acentejo-tenerife-380x350-1.jpg\",\"datePublished\":\"2022-12-19T08:52:39+00:00\",\"dateModified\":\"2024-03-11T08:55:50+00:00\",\"author\":{\"@id\":\"https:\/\/www.sansofestay.com\/blog\/de\/#\/schema\/person\/c206c4732c6fd34c0667c8566b602cd6\"},\"description\":\"Wir informieren Sie \u00fcber die Merkmale des Wetters in La Matanza de Acentejo. Diese Gemeinde ist ein sehr attraktives Urlaubsziel.\",\"inLanguage\":\"de\",\"potentialAction\":[{\"@type\":\"ReadAction\",\"target\":[\"https:\/\/www.sansofestay.com\/blog\/de\/wie-man-das-wetter-in-la-matanza-de-acentejo-kennt\/\"]}]},{\"@type\":\"ImageObject\",\"inLanguage\":\"de\",\"@id\":\"https:\/\/www.sansofestay.com\/blog\/de\/wie-man-das-wetter-in-la-matanza-de-acentejo-kennt\/#primaryimage\",\"url\":\"https:\/\/www.sansofestay.com\/blog\/wp-content\/uploads\/2024\/03\/el-tiempo-en-la-matanza-de-acentejo-tenerife-380x350-1.jpg\",\"contentUrl\":\"https:\/\/www.sansofestay.com\/blog\/wp-content\/uploads\/2024\/03\/el-tiempo-en-la-matanza-de-acentejo-tenerife-380x350-1.jpg\",\"width\":380,\"height\":350},{\"@type\":\"WebSite\",\"@id\":\"https:\/\/www.sansofestay.com\/blog\/de\/#website\",\"url\":\"https:\/\/www.sansofestay.com\/blog\/de\/\",\"name\":\"Urlaub auf Teneriffa Nord | Sansof\u00e9\",\"description\":\"Touristische Informationen \u00fcber die Insel Teneriffa. Entdecken Sie die Insel, die besten Gegenden, Aktivit\u00e4ten und Tipps.\",\"potentialAction\":[{\"@type\":\"SearchAction\",\"target\":{\"@type\":\"EntryPoint\",\"urlTemplate\":\"https:\/\/www.sansofestay.com\/blog\/de\/?s={search_term_string}\"},\"query-input\":{\"@type\":\"PropertyValueSpecification\",\"valueRequired\":true,\"valueName\":\"search_term_string\"}}],\"inLanguage\":\"de\"},{\"@type\":\"Person\",\"@id\":\"https:\/\/www.sansofestay.com\/blog\/de\/#\/schema\/person\/c206c4732c6fd34c0667c8566b602cd6\",\"name\":\"digitalservices@avantio.com\",\"image\":{\"@type\":\"ImageObject\",\"inLanguage\":\"de\",\"@id\":\"https:\/\/secure.gravatar.com\/avatar\/af30f88a1904294c1f3eb09a9d7903eec4ffa18fa2cf40c28a8681014ecdfc20?s=96&d=mm&r=g\",\"url\":\"https:\/\/secure.gravatar.com\/avatar\/af30f88a1904294c1f3eb09a9d7903eec4ffa18fa2cf40c28a8681014ecdfc20?s=96&d=mm&r=g\",\"contentUrl\":\"https:\/\/secure.gravatar.com\/avatar\/af30f88a1904294c1f3eb09a9d7903eec4ffa18fa2cf40c28a8681014ecdfc20?s=96&d=mm&r=g\",\"caption\":\"digitalservices@avantio.com\"},\"url\":\"https:\/\/www.sansofestay.com\/blog\/de\/author\/digitalservicesavantio-com\/\"}]}<\/script>\n<!-- \/ Yoast SEO plugin. -->","yoast_head_json":{"title":"Wie man das Wetter in La Matanza de Acentejo kennt - Urlaub auf Teneriffa Nord | Sansof\u00e9","description":"Wir informieren Sie \u00fcber die Merkmale des Wetters in La Matanza de Acentejo. Diese Gemeinde ist ein sehr attraktives Urlaubsziel.","robots":{"index":"index","follow":"follow","max-snippet":"max-snippet:-1","max-image-preview":"max-image-preview:large","max-video-preview":"max-video-preview:-1"},"canonical":"https:\/\/www.sansofestay.com\/blog\/de\/wie-man-das-wetter-in-la-matanza-de-acentejo-kennt\/","og_locale":"de_DE","og_type":"article","og_title":"Wie man das Wetter in La Matanza de Acentejo kennt - Urlaub auf Teneriffa Nord | Sansof\u00e9","og_description":"Wir informieren Sie \u00fcber die Merkmale des Wetters in La Matanza de Acentejo. Diese Gemeinde ist ein sehr attraktives Urlaubsziel.","og_url":"https:\/\/www.sansofestay.com\/blog\/de\/wie-man-das-wetter-in-la-matanza-de-acentejo-kennt\/","og_site_name":"Urlaub auf Teneriffa Nord | Sansof\u00e9","article_published_time":"2022-12-19T08:52:39+00:00","article_modified_time":"2024-03-11T08:55:50+00:00","og_image":[{"width":380,"height":350,"url":"https:\/\/www.sansofestay.com\/blog\/wp-content\/uploads\/2024\/03\/el-tiempo-en-la-matanza-de-acentejo-tenerife-380x350-1.jpg","type":"image\/jpeg"}],"author":"digitalservices@avantio.com","twitter_card":"summary_large_image","twitter_misc":{"Verfasst von":"digitalservices@avantio.com","Gesch\u00e4tzte Lesezeit":"5\u00a0Minuten"},"schema":{"@context":"https:\/\/schema.org","@graph":[{"@type":"Article","@id":"https:\/\/www.sansofestay.com\/blog\/de\/wie-man-das-wetter-in-la-matanza-de-acentejo-kennt\/#article","isPartOf":{"@id":"https:\/\/www.sansofestay.com\/blog\/de\/wie-man-das-wetter-in-la-matanza-de-acentejo-kennt\/"},"author":{"name":"digitalservices@avantio.com","@id":"https:\/\/www.sansofestay.com\/blog\/de\/#\/schema\/person\/c206c4732c6fd34c0667c8566b602cd6"},"headline":"Wie man das Wetter in La Matanza de Acentejo kennt","datePublished":"2022-12-19T08:52:39+00:00","dateModified":"2024-03-11T08:55:50+00:00","mainEntityOfPage":{"@id":"https:\/\/www.sansofestay.com\/blog\/de\/wie-man-das-wetter-in-la-matanza-de-acentejo-kennt\/"},"wordCount":807,"commentCount":0,"image":{"@id":"https:\/\/www.sansofestay.com\/blog\/de\/wie-man-das-wetter-in-la-matanza-de-acentejo-kennt\/#primaryimage"},"thumbnailUrl":"https:\/\/www.sansofestay.com\/blog\/wp-content\/uploads\/2024\/03\/el-tiempo-en-la-matanza-de-acentejo-tenerife-380x350-1.jpg","articleSection":["Unkategorisiert"],"inLanguage":"de","potentialAction":[{"@type":"CommentAction","name":"Comment","target":["https:\/\/www.sansofestay.com\/blog\/de\/wie-man-das-wetter-in-la-matanza-de-acentejo-kennt\/#respond"]}]},{"@type":"WebPage","@id":"https:\/\/www.sansofestay.com\/blog\/de\/wie-man-das-wetter-in-la-matanza-de-acentejo-kennt\/","url":"https:\/\/www.sansofestay.com\/blog\/de\/wie-man-das-wetter-in-la-matanza-de-acentejo-kennt\/","name":"Wie man das Wetter in La Matanza de Acentejo kennt - Urlaub auf Teneriffa Nord | Sansof\u00e9","isPartOf":{"@id":"https:\/\/www.sansofestay.com\/blog\/de\/#website"},"primaryImageOfPage":{"@id":"https:\/\/www.sansofestay.com\/blog\/de\/wie-man-das-wetter-in-la-matanza-de-acentejo-kennt\/#primaryimage"},"image":{"@id":"https:\/\/www.sansofestay.com\/blog\/de\/wie-man-das-wetter-in-la-matanza-de-acentejo-kennt\/#primaryimage"},"thumbnailUrl":"https:\/\/www.sansofestay.com\/blog\/wp-content\/uploads\/2024\/03\/el-tiempo-en-la-matanza-de-acentejo-tenerife-380x350-1.jpg","datePublished":"2022-12-19T08:52:39+00:00","dateModified":"2024-03-11T08:55:50+00:00","author":{"@id":"https:\/\/www.sansofestay.com\/blog\/de\/#\/schema\/person\/c206c4732c6fd34c0667c8566b602cd6"},"description":"Wir informieren Sie \u00fcber die Merkmale des Wetters in La Matanza de Acentejo. Diese Gemeinde ist ein sehr attraktives Urlaubsziel.","inLanguage":"de","potentialAction":[{"@type":"ReadAction","target":["https:\/\/www.sansofestay.com\/blog\/de\/wie-man-das-wetter-in-la-matanza-de-acentejo-kennt\/"]}]},{"@type":"ImageObject","inLanguage":"de","@id":"https:\/\/www.sansofestay.com\/blog\/de\/wie-man-das-wetter-in-la-matanza-de-acentejo-kennt\/#primaryimage","url":"https:\/\/www.sansofestay.com\/blog\/wp-content\/uploads\/2024\/03\/el-tiempo-en-la-matanza-de-acentejo-tenerife-380x350-1.jpg","contentUrl":"https:\/\/www.sansofestay.com\/blog\/wp-content\/uploads\/2024\/03\/el-tiempo-en-la-matanza-de-acentejo-tenerife-380x350-1.jpg","width":380,"height":350},{"@type":"WebSite","@id":"https:\/\/www.sansofestay.com\/blog\/de\/#website","url":"https:\/\/www.sansofestay.com\/blog\/de\/","name":"Urlaub auf Teneriffa Nord | Sansof\u00e9","description":"Touristische Informationen \u00fcber die Insel Teneriffa. Entdecken Sie die Insel, die besten Gegenden, Aktivit\u00e4ten und Tipps.","potentialAction":[{"@type":"SearchAction","target":{"@type":"EntryPoint","urlTemplate":"https:\/\/www.sansofestay.com\/blog\/de\/?s={search_term_string}"},"query-input":{"@type":"PropertyValueSpecification","valueRequired":true,"valueName":"search_term_string"}}],"inLanguage":"de"},{"@type":"Person","@id":"https:\/\/www.sansofestay.com\/blog\/de\/#\/schema\/person\/c206c4732c6fd34c0667c8566b602cd6","name":"digitalservices@avantio.com","image":{"@type":"ImageObject","inLanguage":"de","@id":"https:\/\/secure.gravatar.com\/avatar\/af30f88a1904294c1f3eb09a9d7903eec4ffa18fa2cf40c28a8681014ecdfc20?s=96&d=mm&r=g","url":"https:\/\/secure.gravatar.com\/avatar\/af30f88a1904294c1f3eb09a9d7903eec4ffa18fa2cf40c28a8681014ecdfc20?s=96&d=mm&r=g","contentUrl":"https:\/\/secure.gravatar.com\/avatar\/af30f88a1904294c1f3eb09a9d7903eec4ffa18fa2cf40c28a8681014ecdfc20?s=96&d=mm&r=g","caption":"digitalservices@avantio.com"},"url":"https:\/\/www.sansofestay.com\/blog\/de\/author\/digitalservicesavantio-com\/"}]}},"_pingme":"1","_encloseme":"1","_top_nav_excluded":"","_cms_nav_minihome":"","_last_translation_edit_mode":"native-editor","_edit_last":"3","_wpml_media_featured":"1","_wpml_media_duplicate":"1","_edit_lock":"1710147364:3","_wpml_word_count":"884","_yoast_wpseo_estimated-reading-time-minutes":"5","_yoast_wpseo_meta-robots-noindex":"","_yoast_wpseo_meta-robots-nofollow":"","_yoast_wpseo_wordproof_timestamp":"","_yoast_wpseo_primary_category":81,"_elementor_edit_mode":"builder","_elementor_template_type":"wp-post","_elementor_version":"3.19.4","_elementor_pro_version":"3.19.3","_wp_page_template":"default","_elementor_page_settings":"","_elementor_data":"[{\"id\":\"c26c3be\",\"elType\":\"section\",\"settings\":[],\"elements\":[{\"id\":\"b87a4f1\",\"elType\":\"column\",\"settings\":{\"_column_size\":100,\"_inline_size\":null},\"elements\":[{\"id\":\"c69c6b4\",\"elType\":\"widget\",\"settings\":{\"editor\":\"<p>Interessieren Sie sich f\\u00fcr das <strong>Wetter in La Matanza de Acentejo<\\\/strong>? Diese Gemeinde im Norden Teneriffas ist ein charmantes Reiseziel mit einem ausgezeichneten Klima praktisch das ganze Jahr \\u00fcber - finden Sie heraus, was diesen sonnigen Ort mit angenehmen, milden Temperaturen so besonders macht!<\\\/p>\"},\"elements\":[],\"widgetType\":\"text-editor\"}],\"isInner\":false}],\"isInner\":false},{\"id\":\"73c7a75\",\"elType\":\"section\",\"settings\":[],\"elements\":[{\"id\":\"314bda3\",\"elType\":\"column\",\"settings\":{\"_column_size\":100,\"_inline_size\":null},\"elements\":[{\"id\":\"370dee4\",\"elType\":\"widget\",\"settings\":{\"title\":\"Warum m\\u00fcssen Sie das Wetter in La Matanza de Acentejo kennen?\",\"title_color\":\"#7A7A7A\",\"typography_typography\":\"custom\",\"typography_font_family\":\"Roboto\",\"typography_font_weight\":\"600\"},\"elements\":[],\"widgetType\":\"heading\"}],\"isInner\":false}],\"isInner\":false},{\"id\":\"211b5bf\",\"elType\":\"section\",\"settings\":{\"structure\":\"20\"},\"elements\":[{\"id\":\"eabd1af\",\"elType\":\"column\",\"settings\":{\"_column_size\":50,\"_inline_size\":null},\"elements\":[{\"id\":\"754ae1c\",\"elType\":\"widget\",\"settings\":{\"editor\":\"<p>Den Besuch dieser Ortschaft auf Teneriffa zu genie\\u00dfen, ist ein Genuss. Im <strong>Nordosten von Teneriffa<\\\/strong> gelegen, deutet ihr charismatischer Name auf die Niederlage hin, die die spanischen Eroberer in ihrer N\\u00e4he gegen die Guanchen erlitten. Andererseits gibt es eine weitere angrenzende Gemeinde, La Victoria de Acentejo, deren Name daran erinnert, wo die spanische Eroberung der Kanarischen Inseln endete.<\\\/p><p>Die erste Schlacht in der Gegend fand im 15. Jahrhundert statt, genauer gesagt, im Jahr 1494: Das Gel\\u00e4nde rund um die Schlucht beg\\u00fcnstigte die Einheimischen, angef\\u00fchrt vom Mencey Bencomo de Taoro. Nach dieser Niederlage musste der spanische Kapit\\u00e4n Alonso Fern\\u00e1ndez de Lugo seine Invasion verschieben. Nach der Eroberung wurde dieser Standort zu <strong>einem der bev\\u00f6lkerungsreichsten des Territoriums<\\\/strong>.<\\\/p>\"},\"elements\":[],\"widgetType\":\"text-editor\"}],\"isInner\":false},{\"id\":\"3d7c07c\",\"elType\":\"column\",\"settings\":{\"_column_size\":50,\"_inline_size\":null},\"elements\":[{\"id\":\"0afefe7\",\"elType\":\"widget\",\"settings\":{\"image\":{\"url\":\"https:\\\/\\\/www.sansofestay.com\\\/blog\\\/wp-content\\\/uploads\\\/2022\\\/12\\\/tiempo-matanza-acentejo.jpg\",\"id\":103,\"alt\":\"El tiempo en La Matanza en Tenerife\",\"source\":\"library\"}},\"elements\":[],\"widgetType\":\"image\"}],\"isInner\":false}],\"isInner\":false},{\"id\":\"95f1530\",\"elType\":\"section\",\"settings\":[],\"elements\":[{\"id\":\"b9b3a3d\",\"elType\":\"column\",\"settings\":{\"_column_size\":100,\"_inline_size\":null},\"elements\":[{\"id\":\"e557b99\",\"elType\":\"widget\",\"settings\":{\"editor\":\"<p>Du solltest es nicht vers\\u00e4umen, diese historische St\\u00e4tte auf Teneriffa zu besuchen. Neben der Erkundung dieser entfernten epischen Szene ist es gleichbedeutend mit Vergn\\u00fcgen, einen Ausflug mit <strong>gen\\u00fcgend Zeit in La Matanza de Acentejo<\\\/strong> zu organisieren.<\\\/p><p>Es erstreckt sich \\u00fcber 14,11 Quadratkilometer und erreicht <strong>1589 Meter \\u00fcber dem Meeresspiegel<\\\/strong>. Unter anderen bemerkenswerten Orten bietet es dir den Felsen von La Sabina, die Einsiedelei von San Antonio Abad, La Casa del Barco und den bekannten Barranco de Acentejo.<\\\/p>\"},\"elements\":[],\"widgetType\":\"text-editor\"},{\"id\":\"0888c99\",\"elType\":\"widget\",\"settings\":{\"text\":\"La Matanza de Acentejo\",\"link\":{\"url\":\"https:\\\/\\\/www.sansofestay.com\\\/de\\\/vermietung\\\/vermietungen-la-matanza-de-acentejo-d408344\\\/\",\"is_external\":\"on\",\"nofollow\":\"\",\"custom_attributes\":\"\"},\"align\":\"center\",\"background_color\":\"#27AE60\"},\"elements\":[],\"widgetType\":\"button\"},{\"id\":\"56c4016\",\"elType\":\"widget\",\"settings\":{\"editor\":\"<div class=\\\"flex-1 overflow-hidden\\\"><div class=\\\"react-scroll-to-bottom--css-xupsy-79elbk h-full\\\"><div class=\\\"react-scroll-to-bottom--css-xupsy-1n7m0yu\\\"><div class=\\\"flex flex-col text-sm pb-9\\\"><div class=\\\"w-full text-token-text-primary\\\" data-testid=\\\"conversation-turn-11\\\"><div class=\\\"px-4 py-2 justify-center text-base md:gap-6 m-auto\\\"><div class=\\\"flex flex-1 text-base mx-auto gap-3 md:px-5 lg:px-1 xl:px-5 md:max-w-3xl lg:max-w-[40rem] xl:max-w-[48rem] group final-completion\\\"><div class=\\\"relative flex w-full flex-col agent-turn\\\"><div class=\\\"flex-col gap-1 md:gap-3\\\"><div class=\\\"flex flex-grow flex-col max-w-full\\\"><div class=\\\"min-h-[20px] text-message flex flex-col items-start gap-3 whitespace-pre-wrap break-words [.text-message+&amp;]:mt-5 overflow-x-auto\\\" data-message-author-role=\\\"assistant\\\" data-message-id=\\\"9a653683-bbd2-4acf-8f5f-cbfa9e8bc183\\\"><div class=\\\"markdown prose w-full break-words dark:prose-invert light\\\"><p>Die Kombination aus der wundersch\\u00f6nen K\\u00fcste von La Matanza, den f\\u00fcr den Tourismus urbanisierten Gebieten und den \\u00f6nologischen Enklaven ist sehr attraktiv. Familien, Paare und Freundesgruppen genie\\u00dfen gleicherma\\u00dfen <strong>die Weinkultur, die Str\\u00e4nde und die Natur<\\\/strong> in einem milden Klima.<\\\/p><p>Das Gebiet von La Vica ist ein gro\\u00dfartiger Ort, um Picknicks in Kontakt mit der sch\\u00f6nen Umgebung zu organisieren. Es ist eine perfekt ausgestattete Erholungszone, die durch das g\\u00fcnstige Klima das ganze Jahr \\u00fcber noch attraktiver wird.<\\\/p><\\\/div><\\\/div><\\\/div><\\\/div><\\\/div><\\\/div><\\\/div><\\\/div><\\\/div><\\\/div><\\\/div><\\\/div>\"},\"elements\":[],\"widgetType\":\"text-editor\"}],\"isInner\":false}],\"isInner\":false},{\"id\":\"6339a5bf\",\"elType\":\"section\",\"settings\":{\"content_width\":{\"unit\":\"px\",\"size\":800},\"gap\":\"no\",\"height\":\"min-height\",\"custom_height\":{\"unit\":\"vh\",\"size\":100},\"content_position\":\"middle\",\"background_color\":\"#BA5E5E\",\"background_position\":\"center center\",\"background_size\":\"cover\",\"background_overlay_background\":\"classic\",\"background_overlay_color\":\"#000000\",\"background_overlay_opacity\":{\"unit\":\"px\",\"size\":0.13},\"background_overlay_image\":{\"id\":107,\"url\":\"https:\\\/\\\/www.sansofestay.com\\\/blog\\\/wp-content\\\/uploads\\\/2022\\\/12\\\/tiempo-matanza-caracteristicas.jpg\",\"alt\":\"La matanza de acentejo, el tiempo\",\"source\":\"library\"},\"background_overlay_position\":\"center center\",\"background_overlay_size\":\"cover\",\"padding_tablet\":{\"unit\":\"px\",\"top\":\"50\",\"right\":\"50\",\"bottom\":\"50\",\"left\":\"50\",\"isLinked\":true},\"padding_mobile\":{\"unit\":\"px\",\"top\":\"0\",\"right\":\"30\",\"bottom\":\"0\",\"left\":\"30\",\"isLinked\":false},\"custom_height_tablet\":{\"unit\":\"px\",\"size\":800},\"custom_height_mobile\":{\"unit\":\"px\",\"size\":612},\"background_image\":{\"url\":\"https:\\\/\\\/www.sansofestay.com\\\/blog\\\/wp-content\\\/uploads\\\/2022\\\/12\\\/cropped-blog-san-diego-apartamentos-tenerife.jpg\",\"id\":74,\"alt\":\"\",\"source\":\"library\"},\"margin\":{\"unit\":\"px\",\"top\":\"\",\"right\":0,\"bottom\":\"\",\"left\":0,\"isLinked\":true}},\"elements\":[{\"id\":\"48c87d36\",\"elType\":\"column\",\"settings\":{\"_column_size\":100},\"elements\":[{\"id\":\"73662a9\",\"elType\":\"widget\",\"settings\":{\"title\":\"Das Wetter und La Matanza de Acentejo: Merkmale\",\"align\":\"center\",\"title_color\":\"#7A7A7A\",\"typography_typography\":\"custom\",\"typography_font_size\":{\"unit\":\"px\",\"size\":37},\"typography_font_weight\":\"600\",\"typography_line_height\":{\"unit\":\"em\",\"size\":1.2},\"typography_font_size_mobile\":{\"unit\":\"px\",\"size\":29},\"typography_font_size_tablet\":{\"unit\":\"px\",\"size\":65},\"typography_line_height_mobile\":{\"unit\":\"px\",\"size\":39},\"text_stroke_text_stroke_type\":\"yes\",\"text_stroke_text_stroke\":{\"unit\":\"px\",\"size\":0,\"sizes\":[]}},\"elements\":[],\"widgetType\":\"heading\"},{\"id\":\"6b21348\",\"elType\":\"widget\",\"settings\":{\"editor\":\"<p>Die durchschnittliche Temperatur in dieser Gemeinde auf Teneriffa liegt <strong>zwischen 13 \\u00baC und 24 \\u00baC<\\\/strong>. Wie du siehst, bietet sie fast das ganze Jahr \\u00fcber ein paradiesisches Ambiente. Wenn du diese Gegend zu irgendeinem Zeitpunkt besuchst, kannst du Fr\\u00fchlingskleidung tragen und ben\\u00f6tigst nur gelegentlich eine leichte Jacke.<\\\/p><p>Die zwei am meisten unterschiedenen <strong>klimatischen Jahreszeiten<\\\/strong> sind:<\\\/p><ul><li><strong>K\\u00fchl<\\\/strong>. Sie erstreckt sich \\u00fcber vier Monate, vom 14. Dezember bis zum 14. April. Die durchschnittliche Tagestemperatur liegt unter 19 \\u00baC. Im Januar, dem k\\u00e4ltesten Monat in der Gegend, wirst du Temperaturen zwischen 13 und 18 \\u00baC vorfinden.<\\\/li><li><strong>Mild<\\\/strong>. Sie dauert vom 9. Juli bis zum 11. Oktober. Die Durchschnittstemperatur liegt \\u00fcber 24 \\u00baC, wobei August der hei\\u00dfeste Zeitraum ist. Dennoch schwankt das Thermometer in diesem Sommermonat normalerweise zwischen 19 \\u00baC als Minimum und 25 \\u00baC als Maximum.<\\\/li><\\\/ul>\",\"align\":\"left\",\"text_color\":\"rgba(0,0,0,0.49)\",\"typography_typography\":\"custom\",\"typography_font_size\":{\"unit\":\"px\",\"size\":16},\"typography_font_weight\":\"400\",\"typography_line_height\":{\"unit\":\"em\",\"size\":2},\"_padding\":{\"unit\":\"px\",\"top\":\"20\",\"right\":\"0\",\"bottom\":\"10\",\"left\":\"0\",\"isLinked\":false},\"_padding_mobile\":{\"unit\":\"px\",\"top\":\"15\",\"right\":\"0\",\"bottom\":\"15\",\"left\":\"0\",\"isLinked\":false},\"typography_font_family\":\"Roboto\"},\"elements\":[],\"widgetType\":\"text-editor\"}],\"isInner\":false}],\"isInner\":false},{\"id\":\"2cf97b3\",\"elType\":\"section\",\"settings\":[],\"elements\":[{\"id\":\"91f368d\",\"elType\":\"column\",\"settings\":{\"_column_size\":100,\"_inline_size\":null},\"elements\":[{\"id\":\"66f883b\",\"elType\":\"widget\",\"settings\":{\"editor\":\"<p>Im Allgemeinen liegen die w\\u00e4rmsten Momente des Tages zwischen 13 und 18 Uhr. Dieser Zeitraum ist am besten geeignet, um sich an den sch\\u00f6nen Str\\u00e4nden dieses Gebiets, wie La Negra, El Calet\\u00f3n und El Bao, zu entspannen. <strong>Das Klima beg\\u00fcnstigt Aktivit\\u00e4ten im Freien<\\\/strong> und bewundert die landschaftliche Sch\\u00f6nheit.<\\\/p><h3>Wolken und Niederschlag<\\\/h3>\"},\"elements\":[],\"widgetType\":\"text-editor\"}],\"isInner\":false}],\"isInner\":false},{\"id\":\"d8a25aa\",\"elType\":\"section\",\"settings\":{\"structure\":\"20\"},\"elements\":[{\"id\":\"00305bb\",\"elType\":\"column\",\"settings\":{\"_column_size\":50,\"_inline_size\":null},\"elements\":[{\"id\":\"2186e8b\",\"elType\":\"widget\",\"settings\":{\"image\":{\"url\":\"https:\\\/\\\/www.sansofestay.com\\\/blog\\\/wp-content\\\/uploads\\\/2022\\\/12\\\/tiempo-la-matanza-de-acentejo-tenerife.jpg\",\"id\":105,\"alt\":\"El tiempo en la matanza de acentejo en el Norte de Tenerife\",\"source\":\"library\"}},\"elements\":[],\"widgetType\":\"image\"}],\"isInner\":false},{\"id\":\"b29a85a\",\"elType\":\"column\",\"settings\":{\"_column_size\":50,\"_inline_size\":null},\"elements\":[{\"id\":\"272c9d4\",\"elType\":\"widget\",\"settings\":{\"editor\":\"<p>Die Bew\\u00f6lkung am Himmel von La Matanza de Acentejo variiert je nach Jahreszeit erheblich. Zwischen dem 15. September und dem 23. Mai, also \\u00fcber etwas mehr als acht Monate, gibt es die Zeit mit der meisten Bew\\u00f6lkung. <strong>Im November ist der Himmel etwa 40 % der Zeit bew\\u00f6lkt.<\\\/strong> Es ist der am wenigsten sonnige Monat des Jahres.<\\\/p><p>Andererseits entwickelt sich zwischen dem 23. Mai und dem 15. September die klare Zeit. <strong>Im Juli gibt es nur 3 % der Zeit signifikante Wolken.<\\\/strong><\\\/p><p>Was die Niederschl\\u00e4ge angeht, so ist der Dezember der aktivste Monat mit durchschnittlich 3,8 Tagen. <strong>Die trockenste Saison findet zwischen dem 6. April und dem 17. Oktober statt.<\\\/strong> Im Juli, dem Monat mit dem wenigsten Regen, regnet es selten an irgendeinem Tag.<\\\/p>\"},\"elements\":[],\"widgetType\":\"text-editor\"}],\"isInner\":false}],\"isInner\":false},{\"id\":\"2c095abb\",\"elType\":\"section\",\"settings\":[],\"elements\":[{\"id\":\"3b72f0e6\",\"elType\":\"column\",\"settings\":{\"_column_size\":100},\"elements\":[{\"id\":\"7ad02c8\",\"elType\":\"widget\",\"settings\":{\"editor\":\"<div class=\\\"flex-1 overflow-hidden\\\"><div class=\\\"react-scroll-to-bottom--css-xupsy-79elbk h-full\\\"><div class=\\\"react-scroll-to-bottom--css-xupsy-1n7m0yu\\\"><div class=\\\"flex flex-col text-sm pb-9\\\"><div class=\\\"w-full text-token-text-primary\\\" data-testid=\\\"conversation-turn-21\\\"><div class=\\\"px-4 py-2 justify-center text-base md:gap-6 m-auto\\\"><div class=\\\"flex flex-1 text-base mx-auto gap-3 md:px-5 lg:px-1 xl:px-5 md:max-w-3xl lg:max-w-[40rem] xl:max-w-[48rem] group final-completion\\\"><div class=\\\"relative flex w-full flex-col agent-turn\\\"><div class=\\\"flex-col gap-1 md:gap-3\\\"><div class=\\\"flex flex-grow flex-col max-w-full\\\"><div class=\\\"min-h-[20px] text-message flex flex-col items-start gap-3 whitespace-pre-wrap break-words [.text-message+&amp;]:mt-5 overflow-x-auto\\\" data-message-author-role=\\\"assistant\\\" data-message-id=\\\"afac0228-9959-4c93-8dc6-4c934fb83826\\\"><div class=\\\"markdown prose w-full break-words dark:prose-invert light\\\"><h3>Wie man das Wetter in diesem Dorf herausfindet<\\\/h3><p>Wenn du vorhast, diese Gemeinde zu besuchen, kannst du auf den Webcams <a href=\\\"https:\\\/\\\/www.meteoblue.com\\\/es\\\/tiempo\\\/webcams\\\/la-matanza-de-acentejo_espa%C3%B1a_2515772\\\" target=\\\"_new\\\">Metoblue<\\\/a> und <a href=\\\"https:\\\/\\\/www.meteosurfcanarias.com\\\/es\\\/001999-webcam-tiempo-en-directo-playas-tenerife-la-matanza.php\\\" target=\\\"_new\\\">MeteoSurfCanarias<\\\/a> <strong>das Wetter live \\u00fcber ihre Kameras sehen.<\\\/strong> Es ist eine schnelle und effektive Weise, um klar zu verstehen, was vor sich geht. Dar\\u00fcber hinaus stehen dir auf <a href=\\\"https:\\\/\\\/www.aemet.es\\\/es\\\/eltiempo\\\/prediccion\\\/municipios\\\/matanza-de-acentejo-la-id38025\\\" target=\\\"_new\\\">Aemet<\\\/a> <strong>mehr als zuverl\\u00e4ssige Wettervorhersagen<\\\/strong> zur Verf\\u00fcgung.<\\\/p><p>Das Fazit ist klar: <strong>Das Wetter in La Matanza de Acentejo ist das ganze Jahr \\u00fcber hervorragend und ruhig.<\\\/strong> Es wird dir kaum verwehren, jegliche Pl\\u00e4ne, die du hast, durchzuf\\u00fchren. Deshalb, und wegen der Qualit\\u00e4t der <strong>Unterk\\u00fcnfte in La Matanza de Acentejo<\\\/strong> von <strong>San Diego Apartments,<\\\/strong> ermutigen wir dich, einen Ausflug in diese Gemeinde zu planen. Genie\\u00dfe ein mildes und angenehmes Klima in dieser attraktiven Gegend der Kanaren!<\\\/p><\\\/div><\\\/div><\\\/div><\\\/div><\\\/div><\\\/div><\\\/div><\\\/div><\\\/div><\\\/div><\\\/div><\\\/div>\",\"text_color\":\"#7A7A7A\",\"typography_typography\":\"custom\",\"typography_font_family\":\"Roboto\",\"typography_font_weight\":\"400\"},\"elements\":[],\"widgetType\":\"text-editor\"}],\"isInner\":false}],\"isInner\":false},{\"id\":\"62fefd8\",\"elType\":\"section\",\"settings\":{\"structure\":\"20\"},\"elements\":[{\"id\":\"c572bfa\",\"elType\":\"column\",\"settings\":{\"_column_size\":50,\"_inline_size\":null},\"elements\":[{\"id\":\"0ea9339\",\"elType\":\"widget\",\"settings\":{\"text\":\"Ferienunterk\\u00fcnfte in Teneriffa\",\"link\":{\"url\":\"https:\\\/\\\/www.sansofestay.com\\\/de\\\/ferien-vermietung-teneriffa\\\/\",\"is_external\":\"on\",\"nofollow\":\"\",\"custom_attributes\":\"\"},\"align\":\"right\",\"background_color\":\"#27AE60\"},\"elements\":[],\"widgetType\":\"button\"}],\"isInner\":false},{\"id\":\"a4de266\",\"elType\":\"column\",\"settings\":{\"_column_size\":50,\"_inline_size\":null},\"elements\":[{\"id\":\"a4ce7b4\",\"elType\":\"widget\",\"settings\":{\"text\":\"H\\u00e4user in La Matanza de Acentejo\",\"link\":{\"url\":\"https:\\\/\\\/www.sansofestay.com\\\/de\\\/vermietung\\\/ferienhauser-la-matanza-de-acentejo-c19d408344\\\/\",\"is_external\":\"on\",\"nofollow\":\"\",\"custom_attributes\":\"\"},\"align\":\"left\",\"background_color\":\"#27AE60\"},\"elements\":[],\"widgetType\":\"button\"}],\"isInner\":false}],\"isInner\":false}]","_yoast_wpseo_content_score":"90","_wpml_location_migration_done":"","_yoast_wpseo_metadesc":"Wir informieren Sie \u00fcber die Merkmale des Wetters in La Matanza de Acentejo. Diese Gemeinde ist ein sehr attraktives Urlaubsziel.","_wpse_old_slug":"","_thumbnail_id":"1319","_yoast_wpseo_focuskw":"","_yoast_wpseo_title":"","_yoast_wpseo_linkdex":"","_elementor_controls_usage":{"text-editor":{"count":8,"control_percent":1,"controls":{"content":{"section_editor":{"editor":8}},"style":{"section_style":{"align":1,"text_color":2,"typography_typography":2,"typography_font_size":1,"typography_font_weight":2,"typography_line_height":1,"typography_font_family":2}},"advanced":{"_section_style":{"_padding":1,"_padding_mobile":1}}}},"column":{"count":12,"control_percent":0,"controls":{"layout":{"layout":{"_inline_size":10}}}},"section":{"count":9,"control_percent":0,"controls":{"layout":{"section_structure":{"structure":3},"section_layout":{"content_width":1,"gap":1,"height":1,"custom_height":1,"content_position":1,"custom_height_tablet":1,"custom_height_mobile":1}},"style":{"section_background":{"background_color":1,"background_position":1,"background_size":1,"background_image":1},"section_background_overlay":{"background_overlay_background":1,"background_overlay_color":1,"background_overlay_opacity":1,"background_overlay_image":1,"background_overlay_position":1,"background_overlay_size":1}},"advanced":{"section_advanced":{"padding_tablet":1,"padding_mobile":1,"margin":1}}}},"heading":{"count":2,"control_percent":3,"controls":{"content":{"section_title":{"title":2}},"style":{"section_title_style":{"title_color":2,"typography_typography":2,"typography_font_family":1,"typography_font_weight":2,"align":1,"typography_font_size":1,"typography_line_height":1,"typography_font_size_mobile":1,"typography_font_size_tablet":1,"typography_line_height_mobile":1,"text_stroke_text_stroke_type":1,"text_stroke_text_stroke":1}}}},"image":{"count":2,"control_percent":0,"controls":{"content":{"section_image":{"image":2}}}},"button":{"count":3,"control_percent":1,"controls":{"content":{"section_button":{"text":3,"link":3,"align":3}},"style":{"section_style":{"background_color":3}}}}},"_wp_old_slug":"","_elementor_template_widget_type":"","_elementor_popup_display_settings":"","_wpml_post_translation_editor_native":"","_wp_old_date":"","_oembed_73d8af3ba4596fb88a7f14b93e1916a9":"","_oembed_time_73d8af3ba4596fb88a7f14b93e1916a9":"","_oembed_f9dc1bf2ed4539093f877876c5bac98e":"","_links":{"self":[{"href":"https:\/\/www.sansofestay.com\/blog\/de\/wp-json\/wp\/v2\/posts\/1318","targetHints":{"allow":["GET"]}}],"collection":[{"href":"https:\/\/www.sansofestay.com\/blog\/de\/wp-json\/wp\/v2\/posts"}],"about":[{"href":"https:\/\/www.sansofestay.com\/blog\/de\/wp-json\/wp\/v2\/types\/post"}],"author":[{"embeddable":true,"href":"https:\/\/www.sansofestay.com\/blog\/de\/wp-json\/wp\/v2\/users\/3"}],"replies":[{"embeddable":true,"href":"https:\/\/www.sansofestay.com\/blog\/de\/wp-json\/wp\/v2\/comments?post=1318"}],"version-history":[{"count":5,"href":"https:\/\/www.sansofestay.com\/blog\/de\/wp-json\/wp\/v2\/posts\/1318\/revisions"}],"predecessor-version":[{"id":1331,"href":"https:\/\/www.sansofestay.com\/blog\/de\/wp-json\/wp\/v2\/posts\/1318\/revisions\/1331"}],"wp:featuredmedia":[{"embeddable":true,"href":"https:\/\/www.sansofestay.com\/blog\/de\/wp-json\/wp\/v2\/media\/1319"}],"wp:attachment":[{"href":"https:\/\/www.sansofestay.com\/blog\/de\/wp-json\/wp\/v2\/media?parent=1318"}],"wp:term":[{"taxonomy":"category","embeddable":true,"href":"https:\/\/www.sansofestay.com\/blog\/de\/wp-json\/wp\/v2\/categories?post=1318"}],"curies":[{"name":"wp","href":"https:\/\/api.w.org\/{rel}","templated":true}]}}