{"id":1349,"date":"2024-03-05T12:28:29","date_gmt":"2024-03-05T12:28:29","guid":{"rendered":"https:\/\/www.sansofestay.com\/blog\/?p=1349"},"modified":"2024-04-30T11:04:48","modified_gmt":"2024-04-30T11:04:48","slug":"ed-sheeran-teneriffa","status":"publish","type":"post","link":"https:\/\/www.sansofestay.com\/blog\/de\/ed-sheeran-teneriffa\/","title":{"rendered":"Ed Sheeran auf Teneriffa: Datum, Veranstaltungsort und Tickets"},"content":{"rendered":"\t\t<div data-elementor-type=\"wp-post\" data-elementor-id=\"1349\" class=\"elementor elementor-1349 elementor-1262\" data-elementor-post-type=\"post\">\n\t\t\t\t\t\t<section class=\"elementor-section elementor-top-section elementor-element elementor-element-1acb0c1f elementor-section-boxed elementor-section-height-default elementor-section-height-default\" data-id=\"1acb0c1f\" data-element_type=\"section\" data-e-type=\"section\">\n\t\t\t\t\t\t<div class=\"elementor-container elementor-column-gap-default\">\n\t\t\t\t\t<div class=\"elementor-column elementor-col-100 elementor-top-column elementor-element elementor-element-5bcedd81\" data-id=\"5bcedd81\" data-element_type=\"column\" data-e-type=\"column\">\n\t\t\t<div class=\"elementor-widget-wrap elementor-element-populated\">\n\t\t\t\t\t\t<div class=\"elementor-element elementor-element-1a9d02b8 elementor-widget elementor-widget-text-editor\" data-id=\"1a9d02b8\" data-element_type=\"widget\" data-e-type=\"widget\" data-widget_type=\"text-editor.default\">\n\t\t\t\t<div class=\"elementor-widget-container\">\n\t\t\t\t\t\t\t\t\t<p>Verpassen Sie nicht die Gelegenheit, einen der gr\u00f6\u00dften Stars der heutigen Popmusik live zu erleben! Sind Sie bereit f\u00fcr ein einzigartiges und besonderes Ereignis wie das Konzert von Ed Sheeran auf Teneriffa? Der britische Singer-Songwriter wird unter anderem Hits wie Shape of You, Perfect, Bad Habits oder Shivers spielen, und wir k\u00f6nnen Ihnen garantieren, dass es unvergesslich sein wird, sowohl wegen seines magischen Sounds als auch wegen der lustigen und aufregenden Show, die er seinen Fans immer bietet. Hier erfahren Sie alles, was Sie \u00fcber das Konzert von Ed Sheeran auf Teneriffa wissen m\u00fcssen!<\/p>\t\t\t\t\t\t\t\t<\/div>\n\t\t\t\t<\/div>\n\t\t\t\t\t<\/div>\n\t\t<\/div>\n\t\t\t\t\t<\/div>\n\t\t<\/section>\n\t\t\t\t<section class=\"elementor-section elementor-top-section elementor-element elementor-element-25407523 elementor-section-boxed elementor-section-height-default elementor-section-height-default\" data-id=\"25407523\" data-element_type=\"section\" data-e-type=\"section\">\n\t\t\t\t\t\t<div class=\"elementor-container elementor-column-gap-default\">\n\t\t\t\t\t<div class=\"elementor-column elementor-col-100 elementor-top-column elementor-element elementor-element-25417c6c\" data-id=\"25417c6c\" data-element_type=\"column\" data-e-type=\"column\">\n\t\t\t<div class=\"elementor-widget-wrap elementor-element-populated\">\n\t\t\t\t\t\t<div class=\"elementor-element elementor-element-437b0d9f elementor-toc--minimized-on-tablet elementor-widget elementor-widget-table-of-contents\" data-id=\"437b0d9f\" data-element_type=\"widget\" data-e-type=\"widget\" data-settings=\"{&quot;headings_by_tags&quot;:[&quot;h2&quot;],&quot;exclude_headings_by_selector&quot;:[],&quot;marker_view&quot;:&quot;bullets&quot;,&quot;icon&quot;:{&quot;value&quot;:&quot;&quot;,&quot;library&quot;:&quot;&quot;},&quot;no_headings_message&quot;:&quot;Es wurden keine \\u00dcberschriften auf dieser Seite gefunden.&quot;,&quot;minimize_box&quot;:&quot;yes&quot;,&quot;minimized_on&quot;:&quot;tablet&quot;,&quot;hierarchical_view&quot;:&quot;yes&quot;,&quot;min_height&quot;:{&quot;unit&quot;:&quot;px&quot;,&quot;size&quot;:&quot;&quot;,&quot;sizes&quot;:[]},&quot;min_height_tablet&quot;:{&quot;unit&quot;:&quot;px&quot;,&quot;size&quot;:&quot;&quot;,&quot;sizes&quot;:[]},&quot;min_height_mobile&quot;:{&quot;unit&quot;:&quot;px&quot;,&quot;size&quot;:&quot;&quot;,&quot;sizes&quot;:[]}}\" data-widget_type=\"table-of-contents.default\">\n\t\t\t\t<div class=\"elementor-widget-container\">\n\t\t\t\t\t\t\t\t\t<div class=\"elementor-toc__header\">\n\t\t\t\t\t\t<div class=\"elementor-toc__header-title\">\n\t\t\t\tVerzeichnis\t\t\t<\/div>\n\t\t\t\t\t\t\t\t\t\t<div class=\"elementor-toc__toggle-button elementor-toc__toggle-button--expand\" role=\"button\" tabindex=\"0\" aria-controls=\"elementor-toc__437b0d9f\" aria-expanded=\"true\" aria-label=\"Inhaltsverzeichnis \u00f6ffnen\"><i aria-hidden=\"true\" class=\"fas fa-chevron-down\"><\/i><\/div>\n\t\t\t\t<div class=\"elementor-toc__toggle-button elementor-toc__toggle-button--collapse\" role=\"button\" tabindex=\"0\" aria-controls=\"elementor-toc__437b0d9f\" aria-expanded=\"true\" aria-label=\"Inhaltsverzeichnis schlie\u00dfen\"><i aria-hidden=\"true\" class=\"fas fa-chevron-up\"><\/i><\/div>\n\t\t\t\t\t<\/div>\n\t\t\t\t<div id=\"elementor-toc__437b0d9f\" class=\"elementor-toc__body\">\n\t\t\t<div class=\"elementor-toc__spinner-container\">\n\t\t\t\t<i class=\"elementor-toc__spinner eicon-animation-spin eicon-loading\" aria-hidden=\"true\"><\/i>\t\t\t<\/div>\n\t\t<\/div>\n\t\t\t\t\t\t<\/div>\n\t\t\t\t<\/div>\n\t\t\t\t\t<\/div>\n\t\t<\/div>\n\t\t\t\t\t<\/div>\n\t\t<\/section>\n\t\t\t\t<section class=\"elementor-section elementor-top-section elementor-element elementor-element-7f5b995a elementor-section-boxed elementor-section-height-default elementor-section-height-default\" data-id=\"7f5b995a\" data-element_type=\"section\" data-e-type=\"section\">\n\t\t\t\t\t\t<div class=\"elementor-container elementor-column-gap-default\">\n\t\t\t\t\t<div class=\"elementor-column elementor-col-100 elementor-top-column elementor-element elementor-element-28f0f7b1\" data-id=\"28f0f7b1\" data-element_type=\"column\" data-e-type=\"column\">\n\t\t\t<div class=\"elementor-widget-wrap elementor-element-populated\">\n\t\t\t\t\t\t<div class=\"elementor-element elementor-element-695a3d43 elementor-widget elementor-widget-heading\" data-id=\"695a3d43\" data-element_type=\"widget\" data-e-type=\"widget\" data-widget_type=\"heading.default\">\n\t\t\t\t<div class=\"elementor-widget-container\">\n\t\t\t\t\t<h2 class=\"elementor-heading-title elementor-size-default\">Ed Sheeran kommt nach Teneriffa f\u00fcr ein unvergessliches Konzert<\/h2>\t\t\t\t<\/div>\n\t\t\t\t<\/div>\n\t\t\t\t<div class=\"elementor-element elementor-element-48511ad elementor-widget elementor-widget-text-editor\" data-id=\"48511ad\" data-element_type=\"widget\" data-e-type=\"widget\" data-widget_type=\"text-editor.default\">\n\t\t\t\t<div class=\"elementor-widget-container\">\n\t\t\t\t\t\t\t\t\t<p>Ed Sheeran ist einer der besten Singer-Songwriter der Gegenwart und wird dem spanischen Publikum auf Teneriffa ein unvergessliches Konzert mit seinen besten Songs und einem R\u00fcckblick auf seine letzten beiden von der Kritik gefeierten Alben bieten. Wie bei allen seinen Konzerten wird der britische Musiker das Publikum mit seinen gef\u00fchlvollen Liedern, seiner Sympathie und seinem Talent begeistern. Lesen Sie weiter, um alles \u00fcber dieses einzigartige Ereignis in unserem Land zu erfahren.<\/p>\t\t\t\t\t\t\t\t<\/div>\n\t\t\t\t<\/div>\n\t\t\t\t\t<\/div>\n\t\t<\/div>\n\t\t\t\t\t<\/div>\n\t\t<\/section>\n\t\t\t\t<section class=\"elementor-section elementor-top-section elementor-element elementor-element-9c7ede4 elementor-section-boxed elementor-section-height-default elementor-section-height-default\" data-id=\"9c7ede4\" data-element_type=\"section\" data-e-type=\"section\">\n\t\t\t\t\t\t<div class=\"elementor-container elementor-column-gap-default\">\n\t\t\t\t\t<div class=\"elementor-column elementor-col-100 elementor-top-column elementor-element elementor-element-9c23a76\" data-id=\"9c23a76\" data-element_type=\"column\" data-e-type=\"column\">\n\t\t\t<div class=\"elementor-widget-wrap elementor-element-populated\">\n\t\t\t\t\t\t<div class=\"elementor-element elementor-element-54f9b1e elementor-widget elementor-widget-heading\" data-id=\"54f9b1e\" data-element_type=\"widget\" data-e-type=\"widget\" data-widget_type=\"heading.default\">\n\t\t\t\t<div class=\"elementor-widget-container\">\n\t\t\t\t\t<h2 class=\"elementor-heading-title elementor-size-default\">Wer ist Ed Sheeran? Ein kurzer R\u00fcckblick auf seine musikalische Karriere<\/h2>\t\t\t\t<\/div>\n\t\t\t\t<\/div>\n\t\t\t\t\t<\/div>\n\t\t<\/div>\n\t\t\t\t\t<\/div>\n\t\t<\/section>\n\t\t\t\t<section class=\"elementor-section elementor-top-section elementor-element elementor-element-0baab7d elementor-section-boxed elementor-section-height-default elementor-section-height-default\" data-id=\"0baab7d\" data-element_type=\"section\" data-e-type=\"section\">\n\t\t\t\t\t\t<div class=\"elementor-container elementor-column-gap-default\">\n\t\t\t\t\t<div class=\"elementor-column elementor-col-50 elementor-top-column elementor-element elementor-element-3c6b4a1\" data-id=\"3c6b4a1\" data-element_type=\"column\" data-e-type=\"column\">\n\t\t\t<div class=\"elementor-widget-wrap elementor-element-populated\">\n\t\t\t\t\t\t<div class=\"elementor-element elementor-element-3d6d6ca elementor-widget elementor-widget-text-editor\" data-id=\"3d6d6ca\" data-element_type=\"widget\" data-e-type=\"widget\" data-widget_type=\"text-editor.default\">\n\t\t\t\t<div class=\"elementor-widget-container\">\n\t\t\t\t\t\t\t\t\t<p>Der im Februar 1991 geborene <strong>Ed Sheeran<\/strong> begann schon in jungen Jahren in der Kirche zu singen und hat seitdem nicht mehr damit aufgeh\u00f6rt. Um sich voll und ganz seiner Karriere zu widmen, brach er die Schule ab und zog nach London, was bereits zeigte, dass er es mit seiner Berufung sehr ernst meinte. Als er 2011 seine EP unabh\u00e4ngig ver\u00f6ffentlichte, erregte er die Aufmerksamkeit von Elton John h\u00f6chstpers\u00f6nlich, und von da an war es sehr einfach, seinen ersten Vertrag mit einem Plattenlabel zu unterzeichnen. Sein Deb\u00fctalbum wurde Ende <strong>2011<\/strong> ver\u00f6ffentlicht und der Rest ist Geschichte.<\/p><p>Im Jahr <strong>2012<\/strong> gewann Ed Sheeran bei den Brit Awards den Preis \u201eBreakthrough Artist\u201c und \u201eBest British Solo Artist\u201c, 2014 wurde er bei den Grammy Awards als \u201eBest New Artist\u201c nominiert.<\/p><p>2016 gewann sein Song \u201eThinking Out Loud\u201c bei den Grammy Awards den Preis f\u00fcr den besten Song des Jahres und die beste Pop Solodarbietung. Ebenfalls bei den Grammy Awards, aber jetzt im Jahr <strong>2018<\/strong>, erhielt sein Album \u201e\u00f7\u201c die Auszeichnung f\u00fcr das beste Pop-Gesangsalbum.<\/p><p>Sein letztes Album, das <strong>2021<\/strong> ver\u00f6ffentlicht wurde, enth\u00e4lt mehrere Singles, die in mehreren L\u00e4ndern der Welt die Spitzenpositionen erobert haben.<\/p>\t\t\t\t\t\t\t\t<\/div>\n\t\t\t\t<\/div>\n\t\t\t\t\t<\/div>\n\t\t<\/div>\n\t\t\t\t<div class=\"elementor-column elementor-col-50 elementor-top-column elementor-element elementor-element-afc6747\" data-id=\"afc6747\" data-element_type=\"column\" data-e-type=\"column\">\n\t\t\t<div class=\"elementor-widget-wrap elementor-element-populated\">\n\t\t\t\t\t\t<div class=\"elementor-element elementor-element-eace798 elementor-widget elementor-widget-image\" data-id=\"eace798\" data-element_type=\"widget\" data-e-type=\"widget\" data-widget_type=\"image.default\">\n\t\t\t\t<div class=\"elementor-widget-container\">\n\t\t\t\t\t\t\t\t\t\t\t\t\t\t\t<img decoding=\"async\" src=\"https:\/\/www.sansofestay.com\/blog\/wp-content\/uploads\/elementor\/thumbs\/ed-sheeran-e1709641268496-qkrij5mn9dh47spdsgq6gab35lvuosoqidf11vny80.jpg\" title=\"ed-sheeran\" alt=\"ed-sheeran\" loading=\"lazy\" \/>\t\t\t\t\t\t\t\t\t\t\t\t\t\t\t<\/div>\n\t\t\t\t<\/div>\n\t\t\t\t\t<\/div>\n\t\t<\/div>\n\t\t\t\t\t<\/div>\n\t\t<\/section>\n\t\t\t\t<section class=\"elementor-section elementor-top-section elementor-element elementor-element-75978ee elementor-section-boxed elementor-section-height-default elementor-section-height-default\" data-id=\"75978ee\" data-element_type=\"section\" data-e-type=\"section\">\n\t\t\t\t\t\t<div class=\"elementor-container elementor-column-gap-default\">\n\t\t\t\t\t<div class=\"elementor-column elementor-col-100 elementor-top-column elementor-element elementor-element-cb956d3\" data-id=\"cb956d3\" data-element_type=\"column\" data-e-type=\"column\">\n\t\t\t<div class=\"elementor-widget-wrap elementor-element-populated\">\n\t\t\t\t\t\t<div class=\"elementor-element elementor-element-c480bea elementor-widget elementor-widget-heading\" data-id=\"c480bea\" data-element_type=\"widget\" data-e-type=\"widget\" data-widget_type=\"heading.default\">\n\t\t\t\t<div class=\"elementor-widget-container\">\n\t\t\t\t\t<h2 class=\"elementor-heading-title elementor-size-default\">Konzertdaten: Datum und Veranstaltungsort\n<\/h2>\t\t\t\t<\/div>\n\t\t\t\t<\/div>\n\t\t\t\t<div class=\"elementor-element elementor-element-8f950c1 elementor-widget elementor-widget-text-editor\" data-id=\"8f950c1\" data-element_type=\"widget\" data-e-type=\"widget\" data-widget_type=\"text-editor.default\">\n\t\t\t\t<div class=\"elementor-widget-container\">\n\t\t\t\t\t\t\t\t\t<p>Ed Sheeran kommt am <strong>29. Juni<\/strong> im Zuge seiner \u201e<strong>+-=x Mathematics Tour<\/strong>\u201c nach Teneriffa und das Konzert findet im Stadion Heliodoro Rodr\u00edguez L\u00f3pez in Santa Cruz de Tenerife statt. Lassen Sie sich dieses spektakul\u00e4re Ereignis nicht entgehen, das in den USA Besucherrekorde gebrochen hat und bei dem Ed Sheeran seine Alben \u201e-\u201c (Subtract) und \u201e<strong>Autum Variations<\/strong>\u201c darbieten wird: beide haben in mehreren Weltcharts Platz 1 erreicht.<\/p>\t\t\t\t\t\t\t\t<\/div>\n\t\t\t\t<\/div>\n\t\t\t\t\t<\/div>\n\t\t<\/div>\n\t\t\t\t\t<\/div>\n\t\t<\/section>\n\t\t\t\t<section class=\"elementor-section elementor-top-section elementor-element elementor-element-6c67740 elementor-section-boxed elementor-section-height-default elementor-section-height-default\" data-id=\"6c67740\" data-element_type=\"section\" data-e-type=\"section\">\n\t\t\t\t\t\t<div class=\"elementor-container elementor-column-gap-default\">\n\t\t\t\t\t<div class=\"elementor-column elementor-col-100 elementor-top-column elementor-element elementor-element-432114c\" data-id=\"432114c\" data-element_type=\"column\" data-e-type=\"column\">\n\t\t\t<div class=\"elementor-widget-wrap elementor-element-populated\">\n\t\t\t\t\t\t<div class=\"elementor-element elementor-element-eea54a3 elementor-blockquote--skin-border elementor-widget elementor-widget-blockquote\" data-id=\"eea54a3\" data-element_type=\"widget\" data-e-type=\"widget\" data-widget_type=\"blockquote.default\">\n\t\t\t\t<div class=\"elementor-widget-container\">\n\t\t\t\t\t\t\t<blockquote class=\"elementor-blockquote\">\n\t\t\t<p class=\"elementor-blockquote__content\">\n\t\t\t\tEd Sheeran Konzert auf Teneriffa: <b>Am 29. Juni <\/b>im Stadion<b> Heliodoro Rodr\u00edguez L\u00f3pez<\/b>in Santa Cruz de Tenerife.\t\t\t<\/p>\n\t\t\t\t\t<\/blockquote>\n\t\t\t\t\t\t<\/div>\n\t\t\t\t<\/div>\n\t\t\t\t\t<\/div>\n\t\t<\/div>\n\t\t\t\t\t<\/div>\n\t\t<\/section>\n\t\t\t\t<section class=\"elementor-section elementor-top-section elementor-element elementor-element-ee38eba elementor-section-boxed elementor-section-height-default elementor-section-height-default\" data-id=\"ee38eba\" data-element_type=\"section\" data-e-type=\"section\">\n\t\t\t\t\t\t<div class=\"elementor-container elementor-column-gap-default\">\n\t\t\t\t\t<div class=\"elementor-column elementor-col-100 elementor-top-column elementor-element elementor-element-1c26fda\" data-id=\"1c26fda\" data-element_type=\"column\" data-e-type=\"column\">\n\t\t\t<div class=\"elementor-widget-wrap elementor-element-populated\">\n\t\t\t\t\t\t<div class=\"elementor-element elementor-element-3478c2f elementor-widget elementor-widget-image\" data-id=\"3478c2f\" data-element_type=\"widget\" data-e-type=\"widget\" data-widget_type=\"image.default\">\n\t\t\t\t<div class=\"elementor-widget-container\">\n\t\t\t\t\t\t\t\t\t\t\t\t\t\t\t<img fetchpriority=\"high\" decoding=\"async\" width=\"1200\" height=\"675\" src=\"https:\/\/www.sansofestay.com\/blog\/wp-content\/uploads\/2024\/03\/ed-sheeran-entradas-tenerife.jpg\" class=\"attachment-full size-full wp-image-1275\" alt=\"ed-sheeran-entradas-tenerife\" srcset=\"https:\/\/www.sansofestay.com\/blog\/wp-content\/uploads\/2024\/03\/ed-sheeran-entradas-tenerife.jpg 1200w, https:\/\/www.sansofestay.com\/blog\/wp-content\/uploads\/2024\/03\/ed-sheeran-entradas-tenerife-768x432.jpg 768w\" sizes=\"(max-width: 1200px) 100vw, 1200px\" \/>\t\t\t\t\t\t\t\t\t\t\t\t\t\t\t<\/div>\n\t\t\t\t<\/div>\n\t\t\t\t\t<\/div>\n\t\t<\/div>\n\t\t\t\t\t<\/div>\n\t\t<\/section>\n\t\t\t\t<section class=\"elementor-section elementor-top-section elementor-element elementor-element-f709ebd elementor-section-boxed elementor-section-height-default elementor-section-height-default\" data-id=\"f709ebd\" data-element_type=\"section\" data-e-type=\"section\">\n\t\t\t\t\t\t<div class=\"elementor-container elementor-column-gap-default\">\n\t\t\t\t\t<div class=\"elementor-column elementor-col-100 elementor-top-column elementor-element elementor-element-d7f2fa8\" data-id=\"d7f2fa8\" data-element_type=\"column\" data-e-type=\"column\">\n\t\t\t<div class=\"elementor-widget-wrap elementor-element-populated\">\n\t\t\t\t\t\t<div class=\"elementor-element elementor-element-b5ef596 elementor-widget elementor-widget-heading\" data-id=\"b5ef596\" data-element_type=\"widget\" data-e-type=\"widget\" data-widget_type=\"heading.default\">\n\t\t\t\t<div class=\"elementor-widget-container\">\n\t\t\t\t\t<h2 class=\"elementor-heading-title elementor-size-default\">Was kann man von Ed Sheerans Konzert auf Teneriffa erwarten?<\/h2>\t\t\t\t<\/div>\n\t\t\t\t<\/div>\n\t\t\t\t<div class=\"elementor-element elementor-element-80bccfc elementor-widget elementor-widget-text-editor\" data-id=\"80bccfc\" data-element_type=\"widget\" data-e-type=\"widget\" data-widget_type=\"text-editor.default\">\n\t\t\t\t<div class=\"elementor-widget-container\">\n\t\t\t\t\t\t\t\t\t<p>Wenn Sie zum Konzert von <strong>Ed Sheeran auf Teneriffa<\/strong> gehen, werden Sie einen einzigartigen Moment voller starker Emotionen und unglaublicher Musik erleben, den Sie nie vergessen werden. Ed Sheeran ist ber\u00fchmt f\u00fcr seine Verbindung zu seinen Fans, f\u00fcr die Energie, die er in seine Songs steckt, und f\u00fcr die gute Stimmung, die er mit seiner Gitarre, seinen Effekten und seiner wunderbaren Stimme erzeugt. Bei seinen Konzerten werden Sie einige seiner besten Songs h\u00f6ren, die Sie wahrscheinlich aus dem Radio, von Partys und nat\u00fcrlich vom Zuh\u00f6ren zu Hause kennen.<\/p><p>Manche sagen, <strong>Ed Sheeran im Konzert<\/strong> zu h\u00f6ren sei sogar noch besser als seine Platten, weil es authentischere, kraftvollere und magischere Momente gibt, die nur ein gemeinsames Erlebnis bieten kann. Nach dem Konzert werden Sie nicht wissen, ob Sie diesen Moment wirklich erlebt haben oder nicht, aber wir wissen, dass Sie mehr wollen werden.<\/p>\t\t\t\t\t\t\t\t<\/div>\n\t\t\t\t<\/div>\n\t\t\t\t\t<\/div>\n\t\t<\/div>\n\t\t\t\t\t<\/div>\n\t\t<\/section>\n\t\t\t\t<section class=\"elementor-section elementor-top-section elementor-element elementor-element-98d4637 elementor-section-boxed elementor-section-height-default elementor-section-height-default\" data-id=\"98d4637\" data-element_type=\"section\" data-e-type=\"section\">\n\t\t\t\t\t\t<div class=\"elementor-container elementor-column-gap-default\">\n\t\t\t\t\t<div class=\"elementor-column elementor-col-100 elementor-top-column elementor-element elementor-element-73dcb2b\" data-id=\"73dcb2b\" data-element_type=\"column\" data-e-type=\"column\">\n\t\t\t<div class=\"elementor-widget-wrap elementor-element-populated\">\n\t\t\t\t\t\t<div class=\"elementor-element elementor-element-104a936 elementor-widget elementor-widget-heading\" data-id=\"104a936\" data-element_type=\"widget\" data-e-type=\"widget\" data-widget_type=\"heading.default\">\n\t\t\t\t<div class=\"elementor-widget-container\">\n\t\t\t\t\t<h2 class=\"elementor-heading-title elementor-size-default\">Vorbereitungen f\u00fcr das Konzert: Tipps f\u00fcr Fans<\/h2>\t\t\t\t<\/div>\n\t\t\t\t<\/div>\n\t\t\t\t<div class=\"elementor-element elementor-element-abda895 elementor-widget elementor-widget-text-editor\" data-id=\"abda895\" data-element_type=\"widget\" data-e-type=\"widget\" data-widget_type=\"text-editor.default\">\n\t\t\t\t<div class=\"elementor-widget-container\">\n\t\t\t\t\t\t\t\t\t<p>Zun\u00e4chst einmal empfehlen wir Ihnen, fr\u00fchzeitig zum Konzertgel\u00e4nde zu kommen, um eventuelle Verkehrsprobleme zu vermeiden und den Einlass zum Stadion so einfach und ruhig wie m\u00f6glich zu gestalten. Es ist auch ratsam, bequeme Kleidung und Schuhe zu tragen, denn Sie werden einige Stunden lang dort sein und wahrscheinlich springen und tanzen! Ganz wichtig: Vergessen Sie nicht, Ihre Tickets mitzubringen, entweder in gedruckter oder in digitaler Form.<\/p><p>Bitte beachten Sie, dass Minderj\u00e4hrige unter 16 Jahren nur in Begleitung eines Erwachsenen Zutritt haben. In diesem Fall suchen Sie sich also eine verantwortliche Person, die Sie begleiten kann. Bringen Sie unbedingt Ihren Ausweis zur Identifizierung mit, denn die Eintrittskarten sind pers\u00f6nlich und k\u00f6nnen nicht von anderen Personen verwendet werden. Denken Sie daran, dass Essen und Trinken bei dieser Art von Veranstaltung nicht erlaubt sind, aber im Inneren gibt es Bereiche, wo Sie Snacks und Getr\u00e4nke kaufen k\u00f6nnen.<\/p>\t\t\t\t\t\t\t\t<\/div>\n\t\t\t\t<\/div>\n\t\t\t\t<div class=\"elementor-element elementor-element-b0528f0 elementor-widget elementor-widget-image\" data-id=\"b0528f0\" data-element_type=\"widget\" data-e-type=\"widget\" data-widget_type=\"image.default\">\n\t\t\t\t<div class=\"elementor-widget-container\">\n\t\t\t\t\t\t\t\t\t\t\t\t\t\t\t<img decoding=\"async\" width=\"2160\" height=\"1286\" src=\"https:\/\/www.sansofestay.com\/blog\/wp-content\/uploads\/2024\/03\/ed-sheeran-2024-Tenerife.webp\" class=\"attachment-full size-full wp-image-1281\" alt=\"ed-sheeran-2024-Tenerife\" srcset=\"https:\/\/www.sansofestay.com\/blog\/wp-content\/uploads\/2024\/03\/ed-sheeran-2024-Tenerife.webp 2160w, https:\/\/www.sansofestay.com\/blog\/wp-content\/uploads\/2024\/03\/ed-sheeran-2024-Tenerife-768x457.webp 768w, https:\/\/www.sansofestay.com\/blog\/wp-content\/uploads\/2024\/03\/ed-sheeran-2024-Tenerife-1536x914.webp 1536w, https:\/\/www.sansofestay.com\/blog\/wp-content\/uploads\/2024\/03\/ed-sheeran-2024-Tenerife-2048x1219.webp 2048w\" sizes=\"(max-width: 2160px) 100vw, 2160px\" \/>\t\t\t\t\t\t\t\t\t\t\t\t\t\t\t<\/div>\n\t\t\t\t<\/div>\n\t\t\t\t\t<\/div>\n\t\t<\/div>\n\t\t\t\t\t<\/div>\n\t\t<\/section>\n\t\t\t\t<section class=\"elementor-section elementor-top-section elementor-element elementor-element-4111a559 elementor-section-boxed elementor-section-height-default elementor-section-height-default\" data-id=\"4111a559\" data-element_type=\"section\" data-e-type=\"section\">\n\t\t\t\t\t\t<div class=\"elementor-container elementor-column-gap-default\">\n\t\t\t\t\t<div class=\"elementor-column elementor-col-100 elementor-top-column elementor-element elementor-element-7ca2b7ea\" data-id=\"7ca2b7ea\" data-element_type=\"column\" data-e-type=\"column\">\n\t\t\t<div class=\"elementor-widget-wrap elementor-element-populated\">\n\t\t\t\t\t\t<div class=\"elementor-element elementor-element-4f1135a1 elementor-widget elementor-widget-heading\" data-id=\"4f1135a1\" data-element_type=\"widget\" data-e-type=\"widget\" data-widget_type=\"heading.default\">\n\t\t\t\t<div class=\"elementor-widget-container\">\n\t\t\t\t\t<h2 class=\"elementor-heading-title elementor-size-default\">Verpassen Sie nicht Ihre Chance, Ed Sheeran auf Teneriffa zu sehen<\/h2>\t\t\t\t<\/div>\n\t\t\t\t<\/div>\n\t\t\t\t<div class=\"elementor-element elementor-element-746a166a elementor-widget elementor-widget-text-editor\" data-id=\"746a166a\" data-element_type=\"widget\" data-e-type=\"widget\" data-widget_type=\"text-editor.default\">\n\t\t\t\t<div class=\"elementor-widget-container\">\n\t\t\t\t\t\t\t\t\t<p>Dies ist eine einmalige Gelegenheit, die Sie sich nicht entgehen lassen sollten, vor allem wenn Sie ein Fan von Ed Sheeran sind und <strong>am 29. Juni auf Teneriffa<\/strong> sein werden. Wir sprechen \u00fcber einen der bedeutendsten K\u00fcnstler der letzten Jahre und seine Konzerte sind voller guter Energie, guter Musik und Emotionen. In diesem Artikel haben wir Ihnen alles gesagt, was Sie wissen m\u00fcssen, um Ihr Konzert in vollen Z\u00fcgen genie\u00dfen zu k\u00f6nnen!<\/p><p>Wenn Sie auch auf der Suche nach einer Unterkunft auf Teneriffa sind, um sich vor und nach dem Konzert auszuruhen, k\u00f6nnen wir Ihnen ebenfalls behilflich sein, denn unter diesem Link finden Sie verschiedene Optionen f\u00fcr Ferienunterk\u00fcnfte auf Teneriffa: Wohnungen, H\u00e4user und Villen f\u00fcr Familien, Gruppen von Freunden oder Paare, <strong>mit Blick auf den Teide und das Meer<\/strong>! Nutzen Sie die Gelegenheit, ein unvergessliches Erlebnis auf Teneriffa zu erleben.<\/p>\t\t\t\t\t\t\t\t<\/div>\n\t\t\t\t<\/div>\n\t\t\t\t\t<\/div>\n\t\t<\/div>\n\t\t\t\t\t<\/div>\n\t\t<\/section>\n\t\t\t\t<section class=\"elementor-section elementor-top-section elementor-element elementor-element-6a0ef478 elementor-section-boxed elementor-section-height-default elementor-section-height-default\" data-id=\"6a0ef478\" data-element_type=\"section\" data-e-type=\"section\">\n\t\t\t\t\t\t<div class=\"elementor-container elementor-column-gap-default\">\n\t\t\t\t\t<div class=\"elementor-column elementor-col-33 elementor-top-column elementor-element elementor-element-2b8191d3\" data-id=\"2b8191d3\" data-element_type=\"column\" data-e-type=\"column\">\n\t\t\t<div class=\"elementor-widget-wrap elementor-element-populated\">\n\t\t\t\t\t\t<div class=\"elementor-element elementor-element-5ab0b952 elementor-align-center elementor-widget elementor-widget-button\" data-id=\"5ab0b952\" data-element_type=\"widget\" data-e-type=\"widget\" data-widget_type=\"button.default\">\n\t\t\t\t<div class=\"elementor-widget-container\">\n\t\t\t\t\t\t\t\t\t<div class=\"elementor-button-wrapper\">\n\t\t\t\t\t<a class=\"elementor-button elementor-button-link elementor-size-sm\" href=\"https:\/\/www.sansofestay.com\/alquiler\/alquileres-tenerife-e81\/\" target=\"_blank\">\n\t\t\t\t\t\t<span class=\"elementor-button-content-wrapper\">\n\t\t\t\t\t\t\t\t\t<span class=\"elementor-button-text\">Alojamientos Tenerife Norte<\/span>\n\t\t\t\t\t<\/span>\n\t\t\t\t\t<\/a>\n\t\t\t\t<\/div>\n\t\t\t\t\t\t\t\t<\/div>\n\t\t\t\t<\/div>\n\t\t\t\t\t<\/div>\n\t\t<\/div>\n\t\t\t\t<div class=\"elementor-column elementor-col-33 elementor-top-column elementor-element elementor-element-4583b8cb\" data-id=\"4583b8cb\" data-element_type=\"column\" data-e-type=\"column\">\n\t\t\t<div class=\"elementor-widget-wrap elementor-element-populated\">\n\t\t\t\t\t\t<div class=\"elementor-element elementor-element-573fa40d elementor-align-center elementor-widget elementor-widget-button\" data-id=\"573fa40d\" data-element_type=\"widget\" data-e-type=\"widget\" data-widget_type=\"button.default\">\n\t\t\t\t<div class=\"elementor-widget-container\">\n\t\t\t\t\t\t\t\t\t<div class=\"elementor-button-wrapper\">\n\t\t\t\t\t<a class=\"elementor-button elementor-button-link elementor-size-sm\" href=\"https:\/\/www.sansofestay.com\/alquiler\/apartamentos-tenerife-c1e81\/\" target=\"_blank\">\n\t\t\t\t\t\t<span class=\"elementor-button-content-wrapper\">\n\t\t\t\t\t\t\t\t\t<span class=\"elementor-button-text\">Alquiler de apartamentos en Tenerife Norte<\/span>\n\t\t\t\t\t<\/span>\n\t\t\t\t\t<\/a>\n\t\t\t\t<\/div>\n\t\t\t\t\t\t\t\t<\/div>\n\t\t\t\t<\/div>\n\t\t\t\t\t<\/div>\n\t\t<\/div>\n\t\t\t\t<div class=\"elementor-column elementor-col-33 elementor-top-column elementor-element elementor-element-7d1abe4a\" data-id=\"7d1abe4a\" data-element_type=\"column\" data-e-type=\"column\">\n\t\t\t<div class=\"elementor-widget-wrap elementor-element-populated\">\n\t\t\t\t\t\t<div class=\"elementor-element elementor-element-6aa541b2 elementor-align-center elementor-widget elementor-widget-button\" data-id=\"6aa541b2\" data-element_type=\"widget\" data-e-type=\"widget\" data-widget_type=\"button.default\">\n\t\t\t\t<div class=\"elementor-widget-container\">\n\t\t\t\t\t\t\t\t\t<div class=\"elementor-button-wrapper\">\n\t\t\t\t\t<a class=\"elementor-button elementor-button-link elementor-size-sm\" href=\"https:\/\/www.sansofestay.com\/alquiler\/casas-tenerife-c19e81\/\" target=\"_blank\">\n\t\t\t\t\t\t<span class=\"elementor-button-content-wrapper\">\n\t\t\t\t\t\t\t\t\t<span class=\"elementor-button-text\">Casas de alquiler en Tenerife Norte<\/span>\n\t\t\t\t\t<\/span>\n\t\t\t\t\t<\/a>\n\t\t\t\t<\/div>\n\t\t\t\t\t\t\t\t<\/div>\n\t\t\t\t<\/div>\n\t\t\t\t\t<\/div>\n\t\t<\/div>\n\t\t\t\t\t<\/div>\n\t\t<\/section>\n\t\t\t\t<section class=\"elementor-section elementor-top-section elementor-element elementor-element-896c60c elementor-section-boxed elementor-section-height-default elementor-section-height-default\" data-id=\"896c60c\" data-element_type=\"section\" data-e-type=\"section\">\n\t\t\t\t\t\t<div class=\"elementor-container elementor-column-gap-default\">\n\t\t\t\t\t<div class=\"elementor-column elementor-col-33 elementor-top-column elementor-element elementor-element-6354cb77\" data-id=\"6354cb77\" data-element_type=\"column\" data-e-type=\"column\">\n\t\t\t<div class=\"elementor-widget-wrap elementor-element-populated\">\n\t\t\t\t\t\t<div class=\"elementor-element elementor-element-3386f677 elementor-align-center elementor-widget elementor-widget-button\" data-id=\"3386f677\" data-element_type=\"widget\" data-e-type=\"widget\" data-widget_type=\"button.default\">\n\t\t\t\t<div class=\"elementor-widget-container\">\n\t\t\t\t\t\t\t\t\t<div class=\"elementor-button-wrapper\">\n\t\t\t\t\t<a class=\"elementor-button elementor-button-link elementor-size-sm\" href=\"https:\/\/www.sansofestay.com\/de\/vermietung\/vermietungen-teneriffa-e81\/\" target=\"_blank\">\n\t\t\t\t\t\t<span class=\"elementor-button-content-wrapper\">\n\t\t\t\t\t\t\t\t\t<span class=\"elementor-button-text\">Unterkunft Teneriffa<\/span>\n\t\t\t\t\t<\/span>\n\t\t\t\t\t<\/a>\n\t\t\t\t<\/div>\n\t\t\t\t\t\t\t\t<\/div>\n\t\t\t\t<\/div>\n\t\t\t\t\t<\/div>\n\t\t<\/div>\n\t\t\t\t<div class=\"elementor-column elementor-col-33 elementor-top-column elementor-element elementor-element-380ce247\" data-id=\"380ce247\" data-element_type=\"column\" data-e-type=\"column\">\n\t\t\t<div class=\"elementor-widget-wrap elementor-element-populated\">\n\t\t\t\t\t\t<div class=\"elementor-element elementor-element-76a9e482 elementor-align-center elementor-widget elementor-widget-button\" data-id=\"76a9e482\" data-element_type=\"widget\" data-e-type=\"widget\" data-widget_type=\"button.default\">\n\t\t\t\t<div class=\"elementor-widget-container\">\n\t\t\t\t\t\t\t\t\t<div class=\"elementor-button-wrapper\">\n\t\t\t\t\t<a class=\"elementor-button elementor-button-link elementor-size-sm\" href=\"https:\/\/www.sansofestay.com\/de\/vermietung\/ferienwohnungen-teneriffa-c1e81\/\" target=\"_blank\">\n\t\t\t\t\t\t<span class=\"elementor-button-content-wrapper\">\n\t\t\t\t\t\t\t\t\t<span class=\"elementor-button-text\">Ferienwohnung Teneriffa<\/span>\n\t\t\t\t\t<\/span>\n\t\t\t\t\t<\/a>\n\t\t\t\t<\/div>\n\t\t\t\t\t\t\t\t<\/div>\n\t\t\t\t<\/div>\n\t\t\t\t\t<\/div>\n\t\t<\/div>\n\t\t\t\t<div class=\"elementor-column elementor-col-33 elementor-top-column elementor-element elementor-element-c2ab40a\" data-id=\"c2ab40a\" data-element_type=\"column\" data-e-type=\"column\">\n\t\t\t<div class=\"elementor-widget-wrap elementor-element-populated\">\n\t\t\t\t\t\t<div class=\"elementor-element elementor-element-1b186d75 elementor-align-center elementor-widget elementor-widget-button\" data-id=\"1b186d75\" data-element_type=\"widget\" data-e-type=\"widget\" data-widget_type=\"button.default\">\n\t\t\t\t<div class=\"elementor-widget-container\">\n\t\t\t\t\t\t\t\t\t<div class=\"elementor-button-wrapper\">\n\t\t\t\t\t<a class=\"elementor-button elementor-button-link elementor-size-sm\" href=\"https:\/\/www.sansofestay.com\/de\/vermietung\/ferienhauser-teneriffa-c19e81\/\" target=\"_blank\">\n\t\t\t\t\t\t<span class=\"elementor-button-content-wrapper\">\n\t\t\t\t\t\t\t\t\t<span class=\"elementor-button-text\">Ferienhaus Teneriffa<\/span>\n\t\t\t\t\t<\/span>\n\t\t\t\t\t<\/a>\n\t\t\t\t<\/div>\n\t\t\t\t\t\t\t\t<\/div>\n\t\t\t\t<\/div>\n\t\t\t\t\t<\/div>\n\t\t<\/div>\n\t\t\t\t\t<\/div>\n\t\t<\/section>\n\t\t\t\t<\/div>\n\t\t","protected":false},"excerpt":{"rendered":"<p>Verpassen Sie nicht die Gelegenheit, einen der gr\u00f6\u00dften Stars der heutigen Popmusik live zu erleben! Sind Sie bereit f\u00fcr ein&#8230;<\/p>\n","protected":false},"author":3,"featured_media":1278,"comment_status":"open","ping_status":"open","sticky":false,"template":"","format":"standard","meta":{"footnotes":""},"categories":[60,83],"class_list":["post-1349","post","type-post","status-publish","format-standard","has-post-thumbnail","hentry","category-events","category-teneriffa-de","tag-no-template"],"yoast_head":"<!-- This site is optimized with the Yoast SEO plugin v27.2 - https:\/\/yoast.com\/product\/yoast-seo-wordpress\/ -->\n<title>Ed Sheeran auf Teneriffa: Datum, Veranstaltungsort und Tickets - Urlaub auf Teneriffa Nord | Sansof\u00e9<\/title>\n<meta name=\"description\" content=\"Verpassen Sie nicht Ed Sheeran auf Teneriffa; Live-Musik in spektakul\u00e4rer Kulisse. Kommen Sie und genie\u00dfen Sie Ihren Lieblingsk\u00fcnstler bei uns\" \/>\n<meta name=\"robots\" content=\"index, follow, max-snippet:-1, max-image-preview:large, max-video-preview:-1\" \/>\n<link rel=\"canonical\" href=\"https:\/\/www.sansofestay.com\/blog\/de\/ed-sheeran-teneriffa\/\" \/>\n<meta property=\"og:locale\" content=\"de_DE\" \/>\n<meta property=\"og:type\" content=\"article\" \/>\n<meta property=\"og:title\" content=\"Ed Sheeran auf Teneriffa: Datum, Veranstaltungsort und Tickets - Urlaub auf Teneriffa Nord | Sansof\u00e9\" \/>\n<meta property=\"og:description\" content=\"Verpassen Sie nicht Ed Sheeran auf Teneriffa; Live-Musik in spektakul\u00e4rer Kulisse. Kommen Sie und genie\u00dfen Sie Ihren Lieblingsk\u00fcnstler bei uns\" \/>\n<meta property=\"og:url\" content=\"https:\/\/www.sansofestay.com\/blog\/de\/ed-sheeran-teneriffa\/\" \/>\n<meta property=\"og:site_name\" content=\"Urlaub auf Teneriffa Nord | Sansof\u00e9\" \/>\n<meta property=\"article:published_time\" content=\"2024-03-05T12:28:29+00:00\" \/>\n<meta property=\"article:modified_time\" content=\"2024-04-30T11:04:48+00:00\" \/>\n<meta property=\"og:image\" content=\"https:\/\/www.sansofestay.com\/blog\/wp-content\/uploads\/2024\/03\/ed-sheeran-Tenerife-2024-.jpg\" \/>\n\t<meta property=\"og:image:width\" content=\"2160\" \/>\n\t<meta property=\"og:image:height\" content=\"717\" \/>\n\t<meta property=\"og:image:type\" content=\"image\/jpeg\" \/>\n<meta name=\"author\" content=\"digitalservices@avantio.com\" \/>\n<meta name=\"twitter:card\" content=\"summary_large_image\" \/>\n<meta name=\"twitter:label1\" content=\"Verfasst von\" \/>\n\t<meta name=\"twitter:data1\" content=\"digitalservices@avantio.com\" \/>\n\t<meta name=\"twitter:label2\" content=\"Gesch\u00e4tzte Lesezeit\" \/>\n\t<meta name=\"twitter:data2\" content=\"6\u00a0Minuten\" \/>\n<script type=\"application\/ld+json\" class=\"yoast-schema-graph\">{\"@context\":\"https:\/\/schema.org\",\"@graph\":[{\"@type\":\"Article\",\"@id\":\"https:\/\/www.sansofestay.com\/blog\/de\/ed-sheeran-teneriffa\/#article\",\"isPartOf\":{\"@id\":\"https:\/\/www.sansofestay.com\/blog\/de\/ed-sheeran-teneriffa\/\"},\"author\":{\"name\":\"digitalservices@avantio.com\",\"@id\":\"https:\/\/www.sansofestay.com\/blog\/de\/#\/schema\/person\/c206c4732c6fd34c0667c8566b602cd6\"},\"headline\":\"Ed Sheeran auf Teneriffa: Datum, Veranstaltungsort und Tickets\",\"datePublished\":\"2024-03-05T12:28:29+00:00\",\"dateModified\":\"2024-04-30T11:04:48+00:00\",\"mainEntityOfPage\":{\"@id\":\"https:\/\/www.sansofestay.com\/blog\/de\/ed-sheeran-teneriffa\/\"},\"wordCount\":988,\"commentCount\":0,\"image\":{\"@id\":\"https:\/\/www.sansofestay.com\/blog\/de\/ed-sheeran-teneriffa\/#primaryimage\"},\"thumbnailUrl\":\"https:\/\/www.sansofestay.com\/blog\/wp-content\/uploads\/2024\/03\/ed-sheeran-Tenerife-2024-.jpg\",\"keywords\":[\"No template\"],\"articleSection\":[\"events\",\"Teneriffa\"],\"inLanguage\":\"de\",\"potentialAction\":[{\"@type\":\"CommentAction\",\"name\":\"Comment\",\"target\":[\"https:\/\/www.sansofestay.com\/blog\/de\/ed-sheeran-teneriffa\/#respond\"]}]},{\"@type\":\"WebPage\",\"@id\":\"https:\/\/www.sansofestay.com\/blog\/de\/ed-sheeran-teneriffa\/\",\"url\":\"https:\/\/www.sansofestay.com\/blog\/de\/ed-sheeran-teneriffa\/\",\"name\":\"Ed Sheeran auf Teneriffa: Datum, Veranstaltungsort und Tickets - Urlaub auf Teneriffa Nord | Sansof\u00e9\",\"isPartOf\":{\"@id\":\"https:\/\/www.sansofestay.com\/blog\/de\/#website\"},\"primaryImageOfPage\":{\"@id\":\"https:\/\/www.sansofestay.com\/blog\/de\/ed-sheeran-teneriffa\/#primaryimage\"},\"image\":{\"@id\":\"https:\/\/www.sansofestay.com\/blog\/de\/ed-sheeran-teneriffa\/#primaryimage\"},\"thumbnailUrl\":\"https:\/\/www.sansofestay.com\/blog\/wp-content\/uploads\/2024\/03\/ed-sheeran-Tenerife-2024-.jpg\",\"datePublished\":\"2024-03-05T12:28:29+00:00\",\"dateModified\":\"2024-04-30T11:04:48+00:00\",\"author\":{\"@id\":\"https:\/\/www.sansofestay.com\/blog\/de\/#\/schema\/person\/c206c4732c6fd34c0667c8566b602cd6\"},\"description\":\"Verpassen Sie nicht Ed Sheeran auf Teneriffa; Live-Musik in spektakul\u00e4rer Kulisse. Kommen Sie und genie\u00dfen Sie Ihren Lieblingsk\u00fcnstler bei uns\",\"inLanguage\":\"de\",\"potentialAction\":[{\"@type\":\"ReadAction\",\"target\":[\"https:\/\/www.sansofestay.com\/blog\/de\/ed-sheeran-teneriffa\/\"]}]},{\"@type\":\"ImageObject\",\"inLanguage\":\"de\",\"@id\":\"https:\/\/www.sansofestay.com\/blog\/de\/ed-sheeran-teneriffa\/#primaryimage\",\"url\":\"https:\/\/www.sansofestay.com\/blog\/wp-content\/uploads\/2024\/03\/ed-sheeran-Tenerife-2024-.jpg\",\"contentUrl\":\"https:\/\/www.sansofestay.com\/blog\/wp-content\/uploads\/2024\/03\/ed-sheeran-Tenerife-2024-.jpg\",\"width\":2160,\"height\":717,\"caption\":\"ed-sheeran-Tenerife-2024-\"},{\"@type\":\"WebSite\",\"@id\":\"https:\/\/www.sansofestay.com\/blog\/de\/#website\",\"url\":\"https:\/\/www.sansofestay.com\/blog\/de\/\",\"name\":\"Urlaub auf Teneriffa Nord | Sansof\u00e9\",\"description\":\"Touristische Informationen \u00fcber die Insel Teneriffa. Entdecken Sie die Insel, die besten Gegenden, Aktivit\u00e4ten und Tipps.\",\"potentialAction\":[{\"@type\":\"SearchAction\",\"target\":{\"@type\":\"EntryPoint\",\"urlTemplate\":\"https:\/\/www.sansofestay.com\/blog\/de\/?s={search_term_string}\"},\"query-input\":{\"@type\":\"PropertyValueSpecification\",\"valueRequired\":true,\"valueName\":\"search_term_string\"}}],\"inLanguage\":\"de\"},{\"@type\":\"Person\",\"@id\":\"https:\/\/www.sansofestay.com\/blog\/de\/#\/schema\/person\/c206c4732c6fd34c0667c8566b602cd6\",\"name\":\"digitalservices@avantio.com\",\"image\":{\"@type\":\"ImageObject\",\"inLanguage\":\"de\",\"@id\":\"https:\/\/secure.gravatar.com\/avatar\/af30f88a1904294c1f3eb09a9d7903eec4ffa18fa2cf40c28a8681014ecdfc20?s=96&d=mm&r=g\",\"url\":\"https:\/\/secure.gravatar.com\/avatar\/af30f88a1904294c1f3eb09a9d7903eec4ffa18fa2cf40c28a8681014ecdfc20?s=96&d=mm&r=g\",\"contentUrl\":\"https:\/\/secure.gravatar.com\/avatar\/af30f88a1904294c1f3eb09a9d7903eec4ffa18fa2cf40c28a8681014ecdfc20?s=96&d=mm&r=g\",\"caption\":\"digitalservices@avantio.com\"},\"url\":\"https:\/\/www.sansofestay.com\/blog\/de\/author\/digitalservicesavantio-com\/\"}]}<\/script>\n<!-- \/ Yoast SEO plugin. -->","yoast_head_json":{"title":"Ed Sheeran auf Teneriffa: Datum, Veranstaltungsort und Tickets - Urlaub auf Teneriffa Nord | Sansof\u00e9","description":"Verpassen Sie nicht Ed Sheeran auf Teneriffa; Live-Musik in spektakul\u00e4rer Kulisse. Kommen Sie und genie\u00dfen Sie Ihren Lieblingsk\u00fcnstler bei uns","robots":{"index":"index","follow":"follow","max-snippet":"max-snippet:-1","max-image-preview":"max-image-preview:large","max-video-preview":"max-video-preview:-1"},"canonical":"https:\/\/www.sansofestay.com\/blog\/de\/ed-sheeran-teneriffa\/","og_locale":"de_DE","og_type":"article","og_title":"Ed Sheeran auf Teneriffa: Datum, Veranstaltungsort und Tickets - Urlaub auf Teneriffa Nord | Sansof\u00e9","og_description":"Verpassen Sie nicht Ed Sheeran auf Teneriffa; Live-Musik in spektakul\u00e4rer Kulisse. Kommen Sie und genie\u00dfen Sie Ihren Lieblingsk\u00fcnstler bei uns","og_url":"https:\/\/www.sansofestay.com\/blog\/de\/ed-sheeran-teneriffa\/","og_site_name":"Urlaub auf Teneriffa Nord | Sansof\u00e9","article_published_time":"2024-03-05T12:28:29+00:00","article_modified_time":"2024-04-30T11:04:48+00:00","og_image":[{"width":2160,"height":717,"url":"https:\/\/www.sansofestay.com\/blog\/wp-content\/uploads\/2024\/03\/ed-sheeran-Tenerife-2024-.jpg","type":"image\/jpeg"}],"author":"digitalservices@avantio.com","twitter_card":"summary_large_image","twitter_misc":{"Verfasst von":"digitalservices@avantio.com","Gesch\u00e4tzte Lesezeit":"6\u00a0Minuten"},"schema":{"@context":"https:\/\/schema.org","@graph":[{"@type":"Article","@id":"https:\/\/www.sansofestay.com\/blog\/de\/ed-sheeran-teneriffa\/#article","isPartOf":{"@id":"https:\/\/www.sansofestay.com\/blog\/de\/ed-sheeran-teneriffa\/"},"author":{"name":"digitalservices@avantio.com","@id":"https:\/\/www.sansofestay.com\/blog\/de\/#\/schema\/person\/c206c4732c6fd34c0667c8566b602cd6"},"headline":"Ed Sheeran auf Teneriffa: Datum, Veranstaltungsort und Tickets","datePublished":"2024-03-05T12:28:29+00:00","dateModified":"2024-04-30T11:04:48+00:00","mainEntityOfPage":{"@id":"https:\/\/www.sansofestay.com\/blog\/de\/ed-sheeran-teneriffa\/"},"wordCount":988,"commentCount":0,"image":{"@id":"https:\/\/www.sansofestay.com\/blog\/de\/ed-sheeran-teneriffa\/#primaryimage"},"thumbnailUrl":"https:\/\/www.sansofestay.com\/blog\/wp-content\/uploads\/2024\/03\/ed-sheeran-Tenerife-2024-.jpg","keywords":["No template"],"articleSection":["events","Teneriffa"],"inLanguage":"de","potentialAction":[{"@type":"CommentAction","name":"Comment","target":["https:\/\/www.sansofestay.com\/blog\/de\/ed-sheeran-teneriffa\/#respond"]}]},{"@type":"WebPage","@id":"https:\/\/www.sansofestay.com\/blog\/de\/ed-sheeran-teneriffa\/","url":"https:\/\/www.sansofestay.com\/blog\/de\/ed-sheeran-teneriffa\/","name":"Ed Sheeran auf Teneriffa: Datum, Veranstaltungsort und Tickets - Urlaub auf Teneriffa Nord | Sansof\u00e9","isPartOf":{"@id":"https:\/\/www.sansofestay.com\/blog\/de\/#website"},"primaryImageOfPage":{"@id":"https:\/\/www.sansofestay.com\/blog\/de\/ed-sheeran-teneriffa\/#primaryimage"},"image":{"@id":"https:\/\/www.sansofestay.com\/blog\/de\/ed-sheeran-teneriffa\/#primaryimage"},"thumbnailUrl":"https:\/\/www.sansofestay.com\/blog\/wp-content\/uploads\/2024\/03\/ed-sheeran-Tenerife-2024-.jpg","datePublished":"2024-03-05T12:28:29+00:00","dateModified":"2024-04-30T11:04:48+00:00","author":{"@id":"https:\/\/www.sansofestay.com\/blog\/de\/#\/schema\/person\/c206c4732c6fd34c0667c8566b602cd6"},"description":"Verpassen Sie nicht Ed Sheeran auf Teneriffa; Live-Musik in spektakul\u00e4rer Kulisse. Kommen Sie und genie\u00dfen Sie Ihren Lieblingsk\u00fcnstler bei uns","inLanguage":"de","potentialAction":[{"@type":"ReadAction","target":["https:\/\/www.sansofestay.com\/blog\/de\/ed-sheeran-teneriffa\/"]}]},{"@type":"ImageObject","inLanguage":"de","@id":"https:\/\/www.sansofestay.com\/blog\/de\/ed-sheeran-teneriffa\/#primaryimage","url":"https:\/\/www.sansofestay.com\/blog\/wp-content\/uploads\/2024\/03\/ed-sheeran-Tenerife-2024-.jpg","contentUrl":"https:\/\/www.sansofestay.com\/blog\/wp-content\/uploads\/2024\/03\/ed-sheeran-Tenerife-2024-.jpg","width":2160,"height":717,"caption":"ed-sheeran-Tenerife-2024-"},{"@type":"WebSite","@id":"https:\/\/www.sansofestay.com\/blog\/de\/#website","url":"https:\/\/www.sansofestay.com\/blog\/de\/","name":"Urlaub auf Teneriffa Nord | Sansof\u00e9","description":"Touristische Informationen \u00fcber die Insel Teneriffa. Entdecken Sie die Insel, die besten Gegenden, Aktivit\u00e4ten und Tipps.","potentialAction":[{"@type":"SearchAction","target":{"@type":"EntryPoint","urlTemplate":"https:\/\/www.sansofestay.com\/blog\/de\/?s={search_term_string}"},"query-input":{"@type":"PropertyValueSpecification","valueRequired":true,"valueName":"search_term_string"}}],"inLanguage":"de"},{"@type":"Person","@id":"https:\/\/www.sansofestay.com\/blog\/de\/#\/schema\/person\/c206c4732c6fd34c0667c8566b602cd6","name":"digitalservices@avantio.com","image":{"@type":"ImageObject","inLanguage":"de","@id":"https:\/\/secure.gravatar.com\/avatar\/af30f88a1904294c1f3eb09a9d7903eec4ffa18fa2cf40c28a8681014ecdfc20?s=96&d=mm&r=g","url":"https:\/\/secure.gravatar.com\/avatar\/af30f88a1904294c1f3eb09a9d7903eec4ffa18fa2cf40c28a8681014ecdfc20?s=96&d=mm&r=g","contentUrl":"https:\/\/secure.gravatar.com\/avatar\/af30f88a1904294c1f3eb09a9d7903eec4ffa18fa2cf40c28a8681014ecdfc20?s=96&d=mm&r=g","caption":"digitalservices@avantio.com"},"url":"https:\/\/www.sansofestay.com\/blog\/de\/author\/digitalservicesavantio-com\/"}]}},"_pingme":"1","_encloseme":"1","_top_nav_excluded":"","_cms_nav_minihome":"","_last_translation_edit_mode":"native-editor","_edit_last":"3","_wpml_media_featured":"1","_wpml_media_duplicate":"1","_edit_lock":"1714475081:3","_wpml_word_count":"{\"total\":0,\"to_translate\":{\"en\":8,\"de\":8,\"es\":8}}","_yoast_wpseo_estimated-reading-time-minutes":"6","_yoast_wpseo_meta-robots-noindex":"","_yoast_wpseo_meta-robots-nofollow":"","_yoast_wpseo_wordproof_timestamp":"","_yoast_wpseo_primary_category":"","_elementor_edit_mode":"builder","_elementor_template_type":"wp-post","_elementor_version":"3.19.4","_elementor_pro_version":"3.19.3","_wp_page_template":"default","_elementor_page_settings":{"page_template":"elementor_header_footer"},"_elementor_data":"[{\"id\":\"1acb0c1f\",\"elType\":\"section\",\"settings\":[],\"elements\":[{\"id\":\"5bcedd81\",\"elType\":\"column\",\"settings\":{\"_column_size\":100,\"_inline_size\":null},\"elements\":[{\"id\":\"1a9d02b8\",\"elType\":\"widget\",\"settings\":{\"editor\":\"<p>Verpassen Sie nicht die Gelegenheit, einen der gr\\u00f6\\u00dften Stars der heutigen Popmusik live zu erleben! Sind Sie bereit f\\u00fcr ein einzigartiges und besonderes Ereignis wie das Konzert von Ed Sheeran auf Teneriffa? Der britische Singer-Songwriter wird unter anderem Hits wie Shape of You, Perfect, Bad Habits oder Shivers spielen, und wir k\\u00f6nnen Ihnen garantieren, dass es unvergesslich sein wird, sowohl wegen seines magischen Sounds als auch wegen der lustigen und aufregenden Show, die er seinen Fans immer bietet. Hier erfahren Sie alles, was Sie \\u00fcber das Konzert von Ed Sheeran auf Teneriffa wissen m\\u00fcssen!<\\\/p>\",\"text_color\":\"#7A7A7A\",\"typography_typography\":\"custom\",\"typography_font_family\":\"Maven Pro\",\"typography_font_size\":{\"unit\":\"px\",\"size\":18,\"sizes\":[]},\"typography_font_weight\":\"400\",\"align\":\"justify\",\"_margin\":{\"unit\":\"px\",\"top\":\"-15\",\"right\":\"0\",\"bottom\":\"0\",\"left\":\"0\",\"isLinked\":false}},\"elements\":[],\"widgetType\":\"text-editor\"}],\"isInner\":false}],\"isInner\":false},{\"id\":\"25407523\",\"elType\":\"section\",\"settings\":[],\"elements\":[{\"id\":\"25417c6c\",\"elType\":\"column\",\"settings\":{\"_column_size\":100,\"_inline_size\":null},\"elements\":[{\"id\":\"437b0d9f\",\"elType\":\"widget\",\"settings\":{\"title\":\"Verzeichnis\",\"html_tag\":\"div\",\"headings_by_tags\":[\"h2\"],\"exclude_headings_by_selector\":[],\"border_radius\":{\"unit\":\"px\",\"size\":20,\"sizes\":[]},\"header_background_color\":\"#69775E\",\"header_text_color\":\"#FFFFFF\",\"marker_view\":\"bullets\",\"icon\":{\"value\":\"\",\"library\":\"\"}},\"elements\":[],\"widgetType\":\"table-of-contents\"}],\"isInner\":false}],\"isInner\":false},{\"id\":\"7f5b995a\",\"elType\":\"section\",\"settings\":[],\"elements\":[{\"id\":\"28f0f7b1\",\"elType\":\"column\",\"settings\":{\"_column_size\":100,\"_inline_size\":null},\"elements\":[{\"id\":\"695a3d43\",\"elType\":\"widget\",\"settings\":{\"title\":\"Ed Sheeran kommt nach Teneriffa f\\u00fcr ein unvergessliches Konzert\",\"title_color\":\"#69775E\",\"typography_typography\":\"custom\",\"typography_font_family\":\"Maven Pro\",\"typography_font_size\":{\"unit\":\"px\",\"size\":30,\"sizes\":[]},\"typography_font_weight\":\"700\"},\"elements\":[],\"widgetType\":\"heading\"},{\"id\":\"48511ad\",\"elType\":\"widget\",\"settings\":{\"editor\":\"<p>Ed Sheeran ist einer der besten Singer-Songwriter der Gegenwart und wird dem spanischen Publikum auf Teneriffa ein unvergessliches Konzert mit seinen besten Songs und einem R\\u00fcckblick auf seine letzten beiden von der Kritik gefeierten Alben bieten. Wie bei allen seinen Konzerten wird der britische Musiker das Publikum mit seinen gef\\u00fchlvollen Liedern, seiner Sympathie und seinem Talent begeistern. Lesen Sie weiter, um alles \\u00fcber dieses einzigartige Ereignis in unserem Land zu erfahren.<\\\/p>\",\"text_color\":\"#7A7A7A\",\"typography_typography\":\"custom\",\"typography_font_family\":\"Maven Pro\",\"typography_font_size\":{\"unit\":\"px\",\"size\":18,\"sizes\":[]},\"typography_font_weight\":\"400\",\"align\":\"justify\",\"_margin\":{\"unit\":\"px\",\"top\":\"-15\",\"right\":\"0\",\"bottom\":\"0\",\"left\":\"0\",\"isLinked\":false}},\"elements\":[],\"widgetType\":\"text-editor\"}],\"isInner\":false}],\"isInner\":false},{\"id\":\"9c7ede4\",\"elType\":\"section\",\"settings\":[],\"elements\":[{\"id\":\"9c23a76\",\"elType\":\"column\",\"settings\":{\"_column_size\":100,\"_inline_size\":null},\"elements\":[{\"id\":\"54f9b1e\",\"elType\":\"widget\",\"settings\":{\"title\":\"Wer ist Ed Sheeran? Ein kurzer R\\u00fcckblick auf seine musikalische Karriere\",\"title_color\":\"#69775E\",\"typography_typography\":\"custom\",\"typography_font_family\":\"Maven Pro\",\"typography_font_size\":{\"unit\":\"px\",\"size\":30,\"sizes\":[]},\"typography_font_weight\":\"700\"},\"elements\":[],\"widgetType\":\"heading\"}],\"isInner\":false}],\"isInner\":false},{\"id\":\"0baab7d\",\"elType\":\"section\",\"settings\":{\"structure\":\"20\"},\"elements\":[{\"id\":\"3c6b4a1\",\"elType\":\"column\",\"settings\":{\"_column_size\":50,\"_inline_size\":null},\"elements\":[{\"id\":\"3d6d6ca\",\"elType\":\"widget\",\"settings\":{\"editor\":\"<p>Der im Februar 1991 geborene <strong>Ed Sheeran<\\\/strong> begann schon in jungen Jahren in der Kirche zu singen und hat seitdem nicht mehr damit aufgeh\\u00f6rt. Um sich voll und ganz seiner Karriere zu widmen, brach er die Schule ab und zog nach London, was bereits zeigte, dass er es mit seiner Berufung sehr ernst meinte. Als er 2011 seine EP unabh\\u00e4ngig ver\\u00f6ffentlichte, erregte er die Aufmerksamkeit von Elton John h\\u00f6chstpers\\u00f6nlich, und von da an war es sehr einfach, seinen ersten Vertrag mit einem Plattenlabel zu unterzeichnen. Sein Deb\\u00fctalbum wurde Ende <strong>2011<\\\/strong> ver\\u00f6ffentlicht und der Rest ist Geschichte.<\\\/p><p>Im Jahr <strong>2012<\\\/strong> gewann Ed Sheeran bei den Brit Awards den Preis \\u201eBreakthrough Artist\\u201c und \\u201eBest British Solo Artist\\u201c, 2014 wurde er bei den Grammy Awards als \\u201eBest New Artist\\u201c nominiert.<\\\/p><p>2016 gewann sein Song \\u201eThinking Out Loud\\u201c bei den Grammy Awards den Preis f\\u00fcr den besten Song des Jahres und die beste Pop Solodarbietung. Ebenfalls bei den Grammy Awards, aber jetzt im Jahr <strong>2018<\\\/strong>, erhielt sein Album \\u201e\\u00f7\\u201c die Auszeichnung f\\u00fcr das beste Pop-Gesangsalbum.<\\\/p><p>Sein letztes Album, das <strong>2021<\\\/strong> ver\\u00f6ffentlicht wurde, enth\\u00e4lt mehrere Singles, die in mehreren L\\u00e4ndern der Welt die Spitzenpositionen erobert haben.<\\\/p>\",\"text_color\":\"#7A7A7A\",\"typography_typography\":\"custom\",\"typography_font_family\":\"Maven Pro\",\"typography_font_size\":{\"unit\":\"px\",\"size\":18,\"sizes\":[]},\"typography_font_weight\":\"400\",\"align\":\"justify\",\"_margin\":{\"unit\":\"px\",\"top\":\"-15\",\"right\":\"0\",\"bottom\":\"0\",\"left\":\"0\",\"isLinked\":false}},\"elements\":[],\"widgetType\":\"text-editor\"}],\"isInner\":false},{\"id\":\"afc6747\",\"elType\":\"column\",\"settings\":{\"_column_size\":50,\"_inline_size\":null},\"elements\":[{\"id\":\"eace798\",\"elType\":\"widget\",\"settings\":{\"image\":{\"url\":\"https:\\\/\\\/www.sansofestay.com\\\/blog\\\/wp-content\\\/uploads\\\/2024\\\/03\\\/ed-sheeran-e1709641268496.jpg\",\"id\":1282,\"alt\":\"ed-sheeran\",\"source\":\"library\",\"size\":\"\"},\"image_size\":\"custom\",\"image_custom_dimension\":{\"width\":\"\",\"height\":\"800\"}},\"elements\":[],\"widgetType\":\"image\"}],\"isInner\":false}],\"isInner\":false},{\"id\":\"75978ee\",\"elType\":\"section\",\"settings\":[],\"elements\":[{\"id\":\"cb956d3\",\"elType\":\"column\",\"settings\":{\"_column_size\":100,\"_inline_size\":null},\"elements\":[{\"id\":\"c480bea\",\"elType\":\"widget\",\"settings\":{\"title\":\"Konzertdaten: Datum und Veranstaltungsort\\n\",\"title_color\":\"#69775E\",\"typography_typography\":\"custom\",\"typography_font_family\":\"Maven Pro\",\"typography_font_size\":{\"unit\":\"px\",\"size\":30,\"sizes\":[]},\"typography_font_weight\":\"700\"},\"elements\":[],\"widgetType\":\"heading\"},{\"id\":\"8f950c1\",\"elType\":\"widget\",\"settings\":{\"editor\":\"<p>Ed Sheeran kommt am <strong>29. Juni<\\\/strong> im Zuge seiner \\u201e<strong>+-=x Mathematics Tour<\\\/strong>\\u201c nach Teneriffa und das Konzert findet im Stadion Heliodoro Rodr\\u00edguez L\\u00f3pez in Santa Cruz de Tenerife statt. Lassen Sie sich dieses spektakul\\u00e4re Ereignis nicht entgehen, das in den USA Besucherrekorde gebrochen hat und bei dem Ed Sheeran seine Alben \\u201e-\\u201c (Subtract) und \\u201e<strong>Autum Variations<\\\/strong>\\u201c darbieten wird: beide haben in mehreren Weltcharts Platz 1 erreicht.<\\\/p>\",\"text_color\":\"#7A7A7A\",\"typography_typography\":\"custom\",\"typography_font_family\":\"Maven Pro\",\"typography_font_size\":{\"unit\":\"px\",\"size\":18,\"sizes\":[]},\"typography_font_weight\":\"400\",\"align\":\"justify\",\"_margin\":{\"unit\":\"px\",\"top\":\"-15\",\"right\":\"0\",\"bottom\":\"0\",\"left\":\"0\",\"isLinked\":false}},\"elements\":[],\"widgetType\":\"text-editor\"}],\"isInner\":false}],\"isInner\":false},{\"id\":\"6c67740\",\"elType\":\"section\",\"settings\":[],\"elements\":[{\"id\":\"432114c\",\"elType\":\"column\",\"settings\":{\"_column_size\":100,\"_inline_size\":null},\"elements\":[{\"id\":\"eea54a3\",\"elType\":\"widget\",\"settings\":{\"blockquote_content\":\"Ed Sheeran Konzert auf Teneriffa: <b>Am 29. Juni <\\\/b>im Stadion<b> Heliodoro Rodr\\u00edguez L\\u00f3pez<\\\/b>in Santa Cruz de Tenerife.\",\"author_name\":\"\",\"tweet_button\":\"\",\"tweet_button_label\":\"Tuit\"},\"elements\":[],\"widgetType\":\"blockquote\"}],\"isInner\":false}],\"isInner\":false},{\"id\":\"ee38eba\",\"elType\":\"section\",\"settings\":[],\"elements\":[{\"id\":\"1c26fda\",\"elType\":\"column\",\"settings\":{\"_column_size\":100,\"_inline_size\":null},\"elements\":[{\"id\":\"3478c2f\",\"elType\":\"widget\",\"settings\":{\"image\":{\"url\":\"https:\\\/\\\/www.sansofestay.com\\\/blog\\\/wp-content\\\/uploads\\\/2024\\\/03\\\/ed-sheeran-entradas-tenerife.jpg\",\"id\":1273,\"size\":\"\",\"alt\":\"ed-sheeran-entradas-tenerife\",\"source\":\"library\"},\"image_size\":\"full\"},\"elements\":[],\"widgetType\":\"image\"}],\"isInner\":false}],\"isInner\":false},{\"id\":\"f709ebd\",\"elType\":\"section\",\"settings\":[],\"elements\":[{\"id\":\"d7f2fa8\",\"elType\":\"column\",\"settings\":{\"_column_size\":100,\"_inline_size\":null},\"elements\":[{\"id\":\"b5ef596\",\"elType\":\"widget\",\"settings\":{\"title\":\"Was kann man von Ed Sheerans Konzert auf Teneriffa erwarten?\",\"title_color\":\"#69775E\",\"typography_typography\":\"custom\",\"typography_font_family\":\"Maven Pro\",\"typography_font_size\":{\"unit\":\"px\",\"size\":30,\"sizes\":[]},\"typography_font_weight\":\"700\"},\"elements\":[],\"widgetType\":\"heading\"},{\"id\":\"80bccfc\",\"elType\":\"widget\",\"settings\":{\"editor\":\"<p>Wenn Sie zum Konzert von <strong>Ed Sheeran auf Teneriffa<\\\/strong> gehen, werden Sie einen einzigartigen Moment voller starker Emotionen und unglaublicher Musik erleben, den Sie nie vergessen werden. Ed Sheeran ist ber\\u00fchmt f\\u00fcr seine Verbindung zu seinen Fans, f\\u00fcr die Energie, die er in seine Songs steckt, und f\\u00fcr die gute Stimmung, die er mit seiner Gitarre, seinen Effekten und seiner wunderbaren Stimme erzeugt. Bei seinen Konzerten werden Sie einige seiner besten Songs h\\u00f6ren, die Sie wahrscheinlich aus dem Radio, von Partys und nat\\u00fcrlich vom Zuh\\u00f6ren zu Hause kennen.<\\\/p><p>Manche sagen, <strong>Ed Sheeran im Konzert<\\\/strong> zu h\\u00f6ren sei sogar noch besser als seine Platten, weil es authentischere, kraftvollere und magischere Momente gibt, die nur ein gemeinsames Erlebnis bieten kann. Nach dem Konzert werden Sie nicht wissen, ob Sie diesen Moment wirklich erlebt haben oder nicht, aber wir wissen, dass Sie mehr wollen werden.<\\\/p>\",\"text_color\":\"#7A7A7A\",\"typography_typography\":\"custom\",\"typography_font_family\":\"Maven Pro\",\"typography_font_size\":{\"unit\":\"px\",\"size\":18,\"sizes\":[]},\"typography_font_weight\":\"400\",\"align\":\"justify\",\"_margin\":{\"unit\":\"px\",\"top\":\"-15\",\"right\":\"0\",\"bottom\":\"0\",\"left\":\"0\",\"isLinked\":false}},\"elements\":[],\"widgetType\":\"text-editor\"}],\"isInner\":false}],\"isInner\":false},{\"id\":\"98d4637\",\"elType\":\"section\",\"settings\":[],\"elements\":[{\"id\":\"73dcb2b\",\"elType\":\"column\",\"settings\":{\"_column_size\":100,\"_inline_size\":null},\"elements\":[{\"id\":\"104a936\",\"elType\":\"widget\",\"settings\":{\"title\":\"Vorbereitungen f\\u00fcr das Konzert: Tipps f\\u00fcr Fans\",\"title_color\":\"#69775E\",\"typography_typography\":\"custom\",\"typography_font_family\":\"Maven Pro\",\"typography_font_size\":{\"unit\":\"px\",\"size\":30,\"sizes\":[]},\"typography_font_weight\":\"700\"},\"elements\":[],\"widgetType\":\"heading\"},{\"id\":\"abda895\",\"elType\":\"widget\",\"settings\":{\"editor\":\"<p>Zun\\u00e4chst einmal empfehlen wir Ihnen, fr\\u00fchzeitig zum Konzertgel\\u00e4nde zu kommen, um eventuelle Verkehrsprobleme zu vermeiden und den Einlass zum Stadion so einfach und ruhig wie m\\u00f6glich zu gestalten. Es ist auch ratsam, bequeme Kleidung und Schuhe zu tragen, denn Sie werden einige Stunden lang dort sein und wahrscheinlich springen und tanzen! Ganz wichtig: Vergessen Sie nicht, Ihre Tickets mitzubringen, entweder in gedruckter oder in digitaler Form.<\\\/p><p>Bitte beachten Sie, dass Minderj\\u00e4hrige unter 16 Jahren nur in Begleitung eines Erwachsenen Zutritt haben. In diesem Fall suchen Sie sich also eine verantwortliche Person, die Sie begleiten kann. Bringen Sie unbedingt Ihren Ausweis zur Identifizierung mit, denn die Eintrittskarten sind pers\\u00f6nlich und k\\u00f6nnen nicht von anderen Personen verwendet werden. Denken Sie daran, dass Essen und Trinken bei dieser Art von Veranstaltung nicht erlaubt sind, aber im Inneren gibt es Bereiche, wo Sie Snacks und Getr\\u00e4nke kaufen k\\u00f6nnen.<\\\/p>\",\"text_color\":\"#7A7A7A\",\"typography_typography\":\"custom\",\"typography_font_family\":\"Maven Pro\",\"typography_font_size\":{\"unit\":\"px\",\"size\":18,\"sizes\":[]},\"typography_font_weight\":\"400\",\"align\":\"justify\",\"_margin\":{\"unit\":\"px\",\"top\":\"-15\",\"right\":\"0\",\"bottom\":\"0\",\"left\":\"0\",\"isLinked\":false}},\"elements\":[],\"widgetType\":\"text-editor\"},{\"id\":\"b0528f0\",\"elType\":\"widget\",\"settings\":{\"image\":{\"url\":\"https:\\\/\\\/www.sansofestay.com\\\/blog\\\/wp-content\\\/uploads\\\/2024\\\/03\\\/ed-sheeran-2024-Tenerife.webp\",\"id\":1279},\"image_size\":\"full\"},\"elements\":[],\"widgetType\":\"image\"}],\"isInner\":false}],\"isInner\":false},{\"id\":\"4111a559\",\"elType\":\"section\",\"settings\":{\"margin\":{\"unit\":\"px\",\"top\":\"50\",\"right\":0,\"bottom\":\"0\",\"left\":0,\"isLinked\":false}},\"elements\":[{\"id\":\"7ca2b7ea\",\"elType\":\"column\",\"settings\":{\"_column_size\":100,\"_inline_size\":null},\"elements\":[{\"id\":\"4f1135a1\",\"elType\":\"widget\",\"settings\":{\"title\":\"Verpassen Sie nicht Ihre Chance, Ed Sheeran auf Teneriffa zu sehen\",\"title_color\":\"#69775E\",\"typography_typography\":\"custom\",\"typography_font_family\":\"Maven Pro\",\"typography_font_size\":{\"unit\":\"px\",\"size\":30,\"sizes\":[]},\"typography_font_weight\":\"700\"},\"elements\":[],\"widgetType\":\"heading\"},{\"id\":\"746a166a\",\"elType\":\"widget\",\"settings\":{\"editor\":\"<p>Dies ist eine einmalige Gelegenheit, die Sie sich nicht entgehen lassen sollten, vor allem wenn Sie ein Fan von Ed Sheeran sind und <strong>am 29. Juni auf Teneriffa<\\\/strong> sein werden. Wir sprechen \\u00fcber einen der bedeutendsten K\\u00fcnstler der letzten Jahre und seine Konzerte sind voller guter Energie, guter Musik und Emotionen. In diesem Artikel haben wir Ihnen alles gesagt, was Sie wissen m\\u00fcssen, um Ihr Konzert in vollen Z\\u00fcgen genie\\u00dfen zu k\\u00f6nnen!<\\\/p><p>Wenn Sie auch auf der Suche nach einer Unterkunft auf Teneriffa sind, um sich vor und nach dem Konzert auszuruhen, k\\u00f6nnen wir Ihnen ebenfalls behilflich sein, denn unter diesem Link finden Sie verschiedene Optionen f\\u00fcr Ferienunterk\\u00fcnfte auf Teneriffa: Wohnungen, H\\u00e4user und Villen f\\u00fcr Familien, Gruppen von Freunden oder Paare, <strong>mit Blick auf den Teide und das Meer<\\\/strong>! Nutzen Sie die Gelegenheit, ein unvergessliches Erlebnis auf Teneriffa zu erleben.<\\\/p>\",\"text_color\":\"#7A7A7A\",\"typography_typography\":\"custom\",\"typography_font_family\":\"Maven Pro\",\"typography_font_size\":{\"unit\":\"px\",\"size\":18,\"sizes\":[]},\"typography_font_weight\":\"400\",\"align\":\"justify\",\"_margin\":{\"unit\":\"px\",\"top\":\"-15\",\"right\":\"0\",\"bottom\":\"0\",\"left\":\"0\",\"isLinked\":false}},\"elements\":[],\"widgetType\":\"text-editor\"}],\"isInner\":false}],\"isInner\":false},{\"id\":\"6a0ef478\",\"elType\":\"section\",\"settings\":{\"structure\":\"30\"},\"elements\":[{\"id\":\"2b8191d3\",\"elType\":\"column\",\"settings\":{\"_column_size\":33,\"_inline_size\":null},\"elements\":[{\"id\":\"5ab0b952\",\"elType\":\"widget\",\"settings\":{\"text\":\"Alojamientos Tenerife Norte\",\"link\":{\"url\":\"https:\\\/\\\/www.sansofestay.com\\\/alquiler\\\/alquileres-tenerife-e81\\\/\",\"is_external\":\"on\",\"nofollow\":\"\",\"custom_attributes\":\"\"},\"align\":\"center\",\"background_color\":\"#69775E\"},\"elements\":[],\"widgetType\":\"button\"}],\"isInner\":false},{\"id\":\"4583b8cb\",\"elType\":\"column\",\"settings\":{\"_column_size\":33,\"_inline_size\":null},\"elements\":[{\"id\":\"573fa40d\",\"elType\":\"widget\",\"settings\":{\"text\":\"Alquiler de apartamentos en Tenerife Norte\",\"link\":{\"url\":\"https:\\\/\\\/www.sansofestay.com\\\/alquiler\\\/apartamentos-tenerife-c1e81\\\/\",\"is_external\":\"on\",\"nofollow\":\"\",\"custom_attributes\":\"\"},\"align\":\"center\",\"background_color\":\"#69775E\"},\"elements\":[],\"widgetType\":\"button\"}],\"isInner\":false},{\"id\":\"7d1abe4a\",\"elType\":\"column\",\"settings\":{\"_column_size\":33,\"_inline_size\":null},\"elements\":[{\"id\":\"6aa541b2\",\"elType\":\"widget\",\"settings\":{\"text\":\"Casas de alquiler en Tenerife Norte\",\"link\":{\"url\":\"https:\\\/\\\/www.sansofestay.com\\\/alquiler\\\/casas-tenerife-c19e81\\\/\",\"is_external\":\"on\",\"nofollow\":\"\",\"custom_attributes\":\"\"},\"align\":\"center\",\"background_color\":\"#69775E\"},\"elements\":[],\"widgetType\":\"button\"}],\"isInner\":false}],\"isInner\":false},{\"id\":\"896c60c\",\"elType\":\"section\",\"settings\":{\"structure\":\"30\"},\"elements\":[{\"id\":\"6354cb77\",\"elType\":\"column\",\"settings\":{\"_column_size\":33,\"_inline_size\":null},\"elements\":[{\"id\":\"3386f677\",\"elType\":\"widget\",\"settings\":{\"text\":\"Unterkunft Teneriffa\",\"link\":{\"url\":\"https:\\\/\\\/www.sansofestay.com\\\/de\\\/vermietung\\\/vermietungen-teneriffa-e81\\\/\",\"is_external\":\"on\",\"nofollow\":\"\",\"custom_attributes\":\"\"},\"align\":\"center\",\"background_color\":\"#69775E\"},\"elements\":[],\"widgetType\":\"button\"}],\"isInner\":false},{\"id\":\"380ce247\",\"elType\":\"column\",\"settings\":{\"_column_size\":33,\"_inline_size\":null},\"elements\":[{\"id\":\"76a9e482\",\"elType\":\"widget\",\"settings\":{\"text\":\"Ferienwohnung Teneriffa\",\"link\":{\"url\":\"https:\\\/\\\/www.sansofestay.com\\\/de\\\/vermietung\\\/ferienwohnungen-teneriffa-c1e81\\\/\",\"is_external\":\"on\",\"nofollow\":\"\",\"custom_attributes\":\"\"},\"align\":\"center\",\"background_color\":\"#69775E\"},\"elements\":[],\"widgetType\":\"button\"}],\"isInner\":false},{\"id\":\"c2ab40a\",\"elType\":\"column\",\"settings\":{\"_column_size\":33,\"_inline_size\":null},\"elements\":[{\"id\":\"1b186d75\",\"elType\":\"widget\",\"settings\":{\"text\":\"Ferienhaus Teneriffa\",\"link\":{\"url\":\"https:\\\/\\\/www.sansofestay.com\\\/de\\\/vermietung\\\/ferienhauser-teneriffa-c19e81\\\/\",\"is_external\":\"on\",\"nofollow\":\"\",\"custom_attributes\":\"\"},\"align\":\"center\",\"background_color\":\"#69775E\"},\"elements\":[],\"widgetType\":\"button\"}],\"isInner\":false}],\"isInner\":false}]","_yoast_wpseo_content_score":"90","_wpml_location_migration_done":"","_yoast_wpseo_metadesc":"Verpassen Sie nicht Ed Sheeran auf Teneriffa; Live-Musik in spektakul\u00e4rer Kulisse. Kommen Sie und genie\u00dfen Sie Ihren Lieblingsk\u00fcnstler bei uns","_wpse_old_slug":"","_thumbnail_id":"1278","_yoast_wpseo_focuskw":"Ed Sheeran auf Teneriffa","_yoast_wpseo_title":"","_yoast_wpseo_linkdex":"61","_elementor_controls_usage":{"text-editor":{"count":7,"control_percent":2,"controls":{"content":{"section_editor":{"editor":7}},"style":{"section_style":{"text_color":7,"typography_typography":7,"typography_font_family":7,"typography_font_size":7,"typography_font_weight":7,"align":7}},"advanced":{"_section_style":{"_margin":7}}}},"column":{"count":18,"control_percent":0,"controls":{"layout":{"layout":{"_inline_size":18}}}},"section":{"count":13,"control_percent":0,"controls":{"layout":{"section_structure":{"structure":3}},"advanced":{"section_advanced":{"margin":1}}}},"table-of-contents":{"count":1,"control_percent":2,"controls":{"content":{"table_of_contents":{"title":1,"html_tag":1,"headings_by_tags":1,"marker_view":1,"icon":1}},"style":{"box_style":{"border_radius":1},"header_style":{"header_background_color":1,"header_text_color":1}}}},"heading":{"count":6,"control_percent":1,"controls":{"content":{"section_title":{"title":6}},"style":{"section_title_style":{"title_color":6,"typography_typography":6,"typography_font_family":6,"typography_font_size":6,"typography_font_weight":6}}}},"image":{"count":3,"control_percent":0,"controls":{"content":{"section_image":{"image":3,"image_size":3,"image_custom_dimension":1}}}},"blockquote":{"count":1,"control_percent":1,"controls":{"content":{"section_blockquote_content":{"blockquote_content":1,"author_name":1,"tweet_button":1}}}},"button":{"count":6,"control_percent":1,"controls":{"content":{"section_button":{"text":6,"link":6,"align":6}},"style":{"section_style":{"background_color":6}}}}},"_wp_old_slug":"ed-sheeran-auf-teneriffa-datum-veranstaltungsort-und-tickets","_elementor_template_widget_type":"","_elementor_popup_display_settings":"","_wpml_post_translation_editor_native":"","_wp_old_date":"","_oembed_73d8af3ba4596fb88a7f14b93e1916a9":"","_oembed_time_73d8af3ba4596fb88a7f14b93e1916a9":"","_oembed_f9dc1bf2ed4539093f877876c5bac98e":"","_links":{"self":[{"href":"https:\/\/www.sansofestay.com\/blog\/de\/wp-json\/wp\/v2\/posts\/1349","targetHints":{"allow":["GET"]}}],"collection":[{"href":"https:\/\/www.sansofestay.com\/blog\/de\/wp-json\/wp\/v2\/posts"}],"about":[{"href":"https:\/\/www.sansofestay.com\/blog\/de\/wp-json\/wp\/v2\/types\/post"}],"author":[{"embeddable":true,"href":"https:\/\/www.sansofestay.com\/blog\/de\/wp-json\/wp\/v2\/users\/3"}],"replies":[{"embeddable":true,"href":"https:\/\/www.sansofestay.com\/blog\/de\/wp-json\/wp\/v2\/comments?post=1349"}],"version-history":[{"count":8,"href":"https:\/\/www.sansofestay.com\/blog\/de\/wp-json\/wp\/v2\/posts\/1349\/revisions"}],"predecessor-version":[{"id":1541,"href":"https:\/\/www.sansofestay.com\/blog\/de\/wp-json\/wp\/v2\/posts\/1349\/revisions\/1541"}],"wp:featuredmedia":[{"embeddable":true,"href":"https:\/\/www.sansofestay.com\/blog\/de\/wp-json\/wp\/v2\/media\/1278"}],"wp:attachment":[{"href":"https:\/\/www.sansofestay.com\/blog\/de\/wp-json\/wp\/v2\/media?parent=1349"}],"wp:term":[{"taxonomy":"category","embeddable":true,"href":"https:\/\/www.sansofestay.com\/blog\/de\/wp-json\/wp\/v2\/categories?post=1349"}],"curies":[{"name":"wp","href":"https:\/\/api.w.org\/{rel}","templated":true}]}}