{"id":1705,"date":"2026-03-31T14:56:11","date_gmt":"2026-03-31T14:56:11","guid":{"rendered":"https:\/\/www.sansofestay.com\/blog\/?p=1705"},"modified":"2026-04-01T08:37:38","modified_gmt":"2026-04-01T08:37:38","slug":"doerfer-norden-teneriffas","status":"publish","type":"post","link":"https:\/\/www.sansofestay.com\/blog\/de\/doerfer-norden-teneriffas\/","title":{"rendered":"Die malerischsten D\u00f6rfer im Norden Teneriffas: Ein Guide f\u00fcr Genie\u00dfer &#038; exklusive Unterk\u00fcnfte"},"content":{"rendered":"\t\t<div data-elementor-type=\"wp-post\" data-elementor-id=\"1705\" class=\"elementor elementor-1705 elementor-1667\" data-elementor-post-type=\"post\">\n\t\t\t\t\t\t<section class=\"elementor-section elementor-top-section elementor-element elementor-element-24ed476c elementor-section-boxed elementor-section-height-default elementor-section-height-default\" data-id=\"24ed476c\" data-element_type=\"section\" data-e-type=\"section\">\n\t\t\t\t\t\t<div class=\"elementor-container elementor-column-gap-default\">\n\t\t\t\t\t<div class=\"elementor-column elementor-col-100 elementor-top-column elementor-element elementor-element-4ecae29\" data-id=\"4ecae29\" data-element_type=\"column\" data-e-type=\"column\">\n\t\t\t<div class=\"elementor-widget-wrap elementor-element-populated\">\n\t\t\t\t\t\t<div class=\"elementor-element elementor-element-3078ce93 elementor-widget elementor-widget-text-editor\" data-id=\"3078ce93\" data-element_type=\"widget\" data-e-type=\"widget\" data-widget_type=\"text-editor.default\">\n\t\t\t\t<div class=\"elementor-widget-container\">\n\t\t\t\t\t\t\t\t\t<p><span style=\"font-weight: 400;\">Die D\u00f6rfer im Norden Teneriffas sind noch unentdeckte Juwelen und fast geheime Sch\u00e4tze der Kanarischen Inseln, gepr\u00e4gt von einem einzigartigen Charme, der es verdient, mit aller Ruhe und Aufmerksamkeit erkundet zu werden. Beginnen Sie in La Laguna, einer historischen Stadt mit alten Gassen, die darauf warten, zu Fu\u00df entdeckt zu werden, farbenfrohen Kolonialbauten und einer lebendigen, jungen Atmosph\u00e4re. Als UNESCO-Weltkulturerbe bietet La Laguna ein tiefes Eintauchen in die reiche Geschichte und Kultur der Insel.<\/span><\/p><p><span style=\"font-weight: 400;\">Doch dieser Teil der Insel birgt noch viele weitere Highlights: Garachico mit seinen nat\u00fcrlichen Meeresschwimmbecken und vulkanischer Lava; Icod de los Vinos mit seinem tausendj\u00e4hrigen Drachenbaum und seinen Weinkellern; Puerto de la Cruz mit seinen schwarzen <a href=\"https:\/\/www.sansofestay.com\/blog\/de\/entspannung-an-den-straenden-im-norden-teneriffas\/\">Sandstr\u00e4nden<\/a> und dem wundersch\u00f6nen Lago Marti\u00e1nez. Begleiten Sie uns durch diesen Artikel und erfahren Sie alles Wissenswerte \u00fcber die D\u00f6rfer im Norden Teneriffas \u2013 wahre Sch\u00e4tze, die Sie im Norden der Insel erkunden und genie\u00dfen k\u00f6nnen.<\/span><\/p><p>Die Brise des Atlantiks zu sp\u00fcren, w\u00e4hrend man diese Pfade entlangwandert, ist eine Erfahrung, die Erholung neu definiert. Im Norden taucht das kanarische Licht jeden Winkel in einen besonderen Glanz \u2013 von den Klippen bis hin zu den von indischen Lorbeerb\u00e4umen beschatteten Pl\u00e4tzen \u2013 und schafft eine Atmosph\u00e4re unvergleichlicher Ruhe.<\/p>\t\t\t\t\t\t\t\t<\/div>\n\t\t\t\t<\/div>\n\t\t\t\t\t<\/div>\n\t\t<\/div>\n\t\t\t\t\t<\/div>\n\t\t<\/section>\n\t\t\t\t<section class=\"elementor-section elementor-top-section elementor-element elementor-element-8fd6660 elementor-section-boxed elementor-section-height-default elementor-section-height-default\" data-id=\"8fd6660\" data-element_type=\"section\" data-e-type=\"section\">\n\t\t\t\t\t\t<div class=\"elementor-container elementor-column-gap-default\">\n\t\t\t\t\t<div class=\"elementor-column elementor-col-100 elementor-top-column elementor-element elementor-element-c2f9b94\" data-id=\"c2f9b94\" data-element_type=\"column\" data-e-type=\"column\">\n\t\t\t<div class=\"elementor-widget-wrap elementor-element-populated\">\n\t\t\t\t\t\t<div class=\"elementor-element elementor-element-3445dc6 elementor-align-center elementor-widget elementor-widget-button\" data-id=\"3445dc6\" data-element_type=\"widget\" data-e-type=\"widget\" data-widget_type=\"button.default\">\n\t\t\t\t<div class=\"elementor-widget-container\">\n\t\t\t\t\t\t\t\t\t<div class=\"elementor-button-wrapper\">\n\t\t\t\t\t<a class=\"elementor-button elementor-button-link elementor-size-sm\" href=\"#alojamientos\">\n\t\t\t\t\t\t<span class=\"elementor-button-content-wrapper\">\n\t\t\t\t\t\t\t\t\t<span class=\"elementor-button-text\">Unterk\u00fcnfte auf Teneriffa<\/span>\n\t\t\t\t\t<\/span>\n\t\t\t\t\t<\/a>\n\t\t\t\t<\/div>\n\t\t\t\t\t\t\t\t<\/div>\n\t\t\t\t<\/div>\n\t\t\t\t\t<\/div>\n\t\t<\/div>\n\t\t\t\t\t<\/div>\n\t\t<\/section>\n\t\t\t\t<section class=\"elementor-section elementor-top-section elementor-element elementor-element-1094bf03 elementor-section-boxed elementor-section-height-default elementor-section-height-default\" data-id=\"1094bf03\" data-element_type=\"section\" data-e-type=\"section\">\n\t\t\t\t\t\t<div class=\"elementor-container elementor-column-gap-default\">\n\t\t\t\t\t<div class=\"elementor-column elementor-col-100 elementor-top-column elementor-element elementor-element-3a57c1ba\" data-id=\"3a57c1ba\" data-element_type=\"column\" data-e-type=\"column\">\n\t\t\t<div class=\"elementor-widget-wrap elementor-element-populated\">\n\t\t\t\t\t\t<div class=\"elementor-element elementor-element-42f913d9 elementor-toc--minimized-on-tablet elementor-widget elementor-widget-table-of-contents\" data-id=\"42f913d9\" data-element_type=\"widget\" data-e-type=\"widget\" data-settings=\"{&quot;headings_by_tags&quot;:[&quot;h2&quot;],&quot;exclude_headings_by_selector&quot;:[],&quot;no_headings_message&quot;:&quot;Auf dieser Seite wurden keine \\u00dcberschriften gefunden.&quot;,&quot;marker_view&quot;:&quot;numbers&quot;,&quot;minimize_box&quot;:&quot;yes&quot;,&quot;minimized_on&quot;:&quot;tablet&quot;,&quot;hierarchical_view&quot;:&quot;yes&quot;,&quot;min_height&quot;:{&quot;unit&quot;:&quot;px&quot;,&quot;size&quot;:&quot;&quot;,&quot;sizes&quot;:[]},&quot;min_height_tablet&quot;:{&quot;unit&quot;:&quot;px&quot;,&quot;size&quot;:&quot;&quot;,&quot;sizes&quot;:[]},&quot;min_height_mobile&quot;:{&quot;unit&quot;:&quot;px&quot;,&quot;size&quot;:&quot;&quot;,&quot;sizes&quot;:[]}}\" data-widget_type=\"table-of-contents.default\">\n\t\t\t\t<div class=\"elementor-widget-container\">\n\t\t\t\t\t\t\t\t\t<div class=\"elementor-toc__header\">\n\t\t\t\t\t\t<div class=\"elementor-toc__header-title\">\n\t\t\t\tINHALTSVERZEICHNIS\t\t\t<\/div>\n\t\t\t\t\t\t\t\t\t\t<div class=\"elementor-toc__toggle-button elementor-toc__toggle-button--expand\" role=\"button\" tabindex=\"0\" aria-controls=\"elementor-toc__42f913d9\" aria-expanded=\"true\" aria-label=\"Inhaltsverzeichnis \u00f6ffnen\"><i aria-hidden=\"true\" class=\"fas fa-chevron-down\"><\/i><\/div>\n\t\t\t\t<div class=\"elementor-toc__toggle-button elementor-toc__toggle-button--collapse\" role=\"button\" tabindex=\"0\" aria-controls=\"elementor-toc__42f913d9\" aria-expanded=\"true\" aria-label=\"Inhaltsverzeichnis schlie\u00dfen\"><i aria-hidden=\"true\" class=\"fas fa-chevron-up\"><\/i><\/div>\n\t\t\t\t\t<\/div>\n\t\t\t\t<div id=\"elementor-toc__42f913d9\" class=\"elementor-toc__body\">\n\t\t\t<div class=\"elementor-toc__spinner-container\">\n\t\t\t\t<i class=\"elementor-toc__spinner eicon-animation-spin eicon-loading\" aria-hidden=\"true\"><\/i>\t\t\t<\/div>\n\t\t<\/div>\n\t\t\t\t\t\t<\/div>\n\t\t\t\t<\/div>\n\t\t\t\t\t<\/div>\n\t\t<\/div>\n\t\t\t\t\t<\/div>\n\t\t<\/section>\n\t\t\t\t<section class=\"elementor-section elementor-top-section elementor-element elementor-element-6f291700 elementor-section-boxed elementor-section-height-default elementor-section-height-default\" data-id=\"6f291700\" data-element_type=\"section\" data-e-type=\"section\">\n\t\t\t\t\t\t<div class=\"elementor-container elementor-column-gap-default\">\n\t\t\t\t\t<div class=\"elementor-column elementor-col-100 elementor-top-column elementor-element elementor-element-140bd990\" data-id=\"140bd990\" data-element_type=\"column\" data-e-type=\"column\">\n\t\t\t<div class=\"elementor-widget-wrap elementor-element-populated\">\n\t\t\t\t\t\t<div class=\"elementor-element elementor-element-4e687273 elementor-widget elementor-widget-heading\" data-id=\"4e687273\" data-element_type=\"widget\" data-e-type=\"widget\" data-widget_type=\"heading.default\">\n\t\t\t\t<div class=\"elementor-widget-container\">\n\t\t\t\t\t<h2 class=\"elementor-heading-title elementor-size-default\">D\u00f6rfer im Norden Teneriffas: Perfekt f\u00fcr l\u00e4ndliche Auszeiten<\/h2>\t\t\t\t<\/div>\n\t\t\t\t<\/div>\n\t\t\t\t<div class=\"elementor-element elementor-element-37ed3836 elementor-widget elementor-widget-text-editor\" data-id=\"37ed3836\" data-element_type=\"widget\" data-e-type=\"widget\" data-widget_type=\"text-editor.default\">\n\t\t\t\t<div class=\"elementor-widget-container\">\n\t\t\t\t\t\t\t\t\t<p><span style='font-weight: 400;'>Der Norden Teneriffas ist ideal f\u00fcr l\u00e4ndliche Kurztrips, da er eine Mischung aus Naturlandschaften und historischen D\u00f6rfern bietet. San Juan de la Rambla und Los Realejos sind K\u00fcstenorte, die nat\u00fcrliche Sch\u00f6nheit mit einem rustikalen Ambiente verbinden \u2013 perfekt, um dem Alltag zu entfliehen. Jeder dieser Orte bietet eine authentische und revitalisierende Erfahrung, ideal f\u00fcr alle, die eine Atmosph\u00e4re der Ruhe, des Friedens und den Kontakt zur Natur suchen.<\/span><\/p><p>Wenn Sie den perfekten R\u00fcckzugsort suchen, um sich mit dieser Essenz zu verbinden, bringt Sie unsere <a href='https:\/\/www.sansofestay.com\/alquiler-vacacional-la-matanza-de-acentejo-tenerife'>Ferienunterkunft in La Matanza de Acentejo<\/a> direkt in das Herz der kanarischen Authentizit\u00e4t, umgeben von Weinbergen und unendlichen Ausblicken auf den Ozean.<\/p>\t\t\t\t\t\t\t\t<\/div>\n\t\t\t\t<\/div>\n\t\t\t\t\t<\/div>\n\t\t<\/div>\n\t\t\t\t\t<\/div>\n\t\t<\/section>\n\t\t\t\t<section class=\"elementor-section elementor-top-section elementor-element elementor-element-4e40c3a elementor-section-boxed elementor-section-height-default elementor-section-height-default\" data-id=\"4e40c3a\" data-element_type=\"section\" data-e-type=\"section\">\n\t\t\t\t\t\t<div class=\"elementor-container elementor-column-gap-default\">\n\t\t\t\t\t<div class=\"elementor-column elementor-col-100 elementor-top-column elementor-element elementor-element-86a8bc8\" data-id=\"86a8bc8\" data-element_type=\"column\" data-e-type=\"column\">\n\t\t\t<div class=\"elementor-widget-wrap elementor-element-populated\">\n\t\t\t\t\t\t<div class=\"elementor-element elementor-element-e681704 elementor-widget elementor-widget-heading\" data-id=\"e681704\" data-element_type=\"widget\" data-e-type=\"widget\" data-widget_type=\"heading.default\">\n\t\t\t\t<div class=\"elementor-widget-container\">\n\t\t\t\t\t<h2 class=\"elementor-heading-title elementor-size-default\">Entdecken Sie die sch\u00f6nsten D\u00f6rfer im Norden Teneriffas<\/h2>\t\t\t\t<\/div>\n\t\t\t\t<\/div>\n\t\t\t\t<div class=\"elementor-element elementor-element-20e4a75 elementor-widget elementor-widget-text-editor\" data-id=\"20e4a75\" data-element_type=\"widget\" data-e-type=\"widget\" data-widget_type=\"text-editor.default\">\n\t\t\t\t<div class=\"elementor-widget-container\">\n\t\t\t\t\t\t\t\t\t<p><span style='font-weight: 400;'>Teneriffa ist viel mehr als nur Str\u00e4nde, und seine D\u00f6rfer verdienen zweifellos einen Besuch. M\u00f6chten Sie wissen, welche Orte im Norden Teneriffas Sie bei Ihrer n\u00e4chsten Reise auf die Kanaren unbedingt besuchen sollten? Werfen Sie einen Blick auf unsere Liste!<\/span><\/p>\t\t\t\t\t\t\t\t<\/div>\n\t\t\t\t<\/div>\n\t\t\t\t\t<\/div>\n\t\t<\/div>\n\t\t\t\t\t<\/div>\n\t\t<\/section>\n\t\t\t\t<section class=\"elementor-section elementor-top-section elementor-element elementor-element-3fdcfbc elementor-section-boxed elementor-section-height-default elementor-section-height-default\" data-id=\"3fdcfbc\" data-element_type=\"section\" data-e-type=\"section\">\n\t\t\t\t\t\t<div class=\"elementor-container elementor-column-gap-default\">\n\t\t\t\t\t<div class=\"elementor-column elementor-col-50 elementor-top-column elementor-element elementor-element-d8f3d0b\" data-id=\"d8f3d0b\" data-element_type=\"column\" data-e-type=\"column\">\n\t\t\t<div class=\"elementor-widget-wrap elementor-element-populated\">\n\t\t\t\t\t\t<div class=\"elementor-element elementor-element-5801242 elementor-widget elementor-widget-heading\" data-id=\"5801242\" data-element_type=\"widget\" data-e-type=\"widget\" data-widget_type=\"heading.default\">\n\t\t\t\t<div class=\"elementor-widget-container\">\n\t\t\t\t\t<h3 class=\"elementor-heading-title elementor-size-default\">Los Realejos<\/h3>\t\t\t\t<\/div>\n\t\t\t\t<\/div>\n\t\t\t\t<div class=\"elementor-element elementor-element-c37e438 elementor-widget elementor-widget-image\" data-id=\"c37e438\" data-element_type=\"widget\" data-e-type=\"widget\" data-widget_type=\"image.default\">\n\t\t\t\t<div class=\"elementor-widget-container\">\n\t\t\t\t\t\t\t\t\t\t\t\t\t\t\t<img fetchpriority=\"high\" decoding=\"async\" width=\"751\" height=\"430\" src=\"https:\/\/www.sansofestay.com\/blog\/wp-content\/uploads\/2024\/07\/Los-Realejos-751x430.jpg\" class=\"attachment-post size-post wp-image-1694\" alt=\"Los-Realejos\" \/>\t\t\t\t\t\t\t\t\t\t\t\t\t\t\t<\/div>\n\t\t\t\t<\/div>\n\t\t\t\t<div class=\"elementor-element elementor-element-a8faa88 elementor-widget elementor-widget-text-editor\" data-id=\"a8faa88\" data-element_type=\"widget\" data-e-type=\"widget\" data-widget_type=\"text-editor.default\">\n\t\t\t\t<div class=\"elementor-widget-container\">\n\t\t\t\t\t\t\t\t\t<p><span style='font-weight: 400;'>Diese malerische Stadt ist bekannt f\u00fcr ihre traditionellen Festlichkeiten und ihre reiche Geschichte. Erkunden Sie die Kirchen und Aussichtspunkte, um den Panoramablick \u00fcber das Orotava-Tal zu genie\u00dfen.<\/span><\/p>\t\t\t\t\t\t\t\t<\/div>\n\t\t\t\t<\/div>\n\t\t\t\t\t<\/div>\n\t\t<\/div>\n\t\t\t\t<div class=\"elementor-column elementor-col-50 elementor-top-column elementor-element elementor-element-f65ace4\" data-id=\"f65ace4\" data-element_type=\"column\" data-e-type=\"column\">\n\t\t\t<div class=\"elementor-widget-wrap elementor-element-populated\">\n\t\t\t\t\t\t<div class=\"elementor-element elementor-element-15b8635 elementor-widget elementor-widget-heading\" data-id=\"15b8635\" data-element_type=\"widget\" data-e-type=\"widget\" data-widget_type=\"heading.default\">\n\t\t\t\t<div class=\"elementor-widget-container\">\n\t\t\t\t\t<h3 class=\"elementor-heading-title elementor-size-default\">San Juan de la Rambla<\/h3>\t\t\t\t<\/div>\n\t\t\t\t<\/div>\n\t\t\t\t<div class=\"elementor-element elementor-element-1a0803f elementor-widget elementor-widget-image\" data-id=\"1a0803f\" data-element_type=\"widget\" data-e-type=\"widget\" data-widget_type=\"image.default\">\n\t\t\t\t<div class=\"elementor-widget-container\">\n\t\t\t\t\t\t\t\t\t\t\t\t\t\t\t<img decoding=\"async\" width=\"751\" height=\"430\" src=\"https:\/\/www.sansofestay.com\/blog\/wp-content\/uploads\/2024\/07\/San-Juan-de-la-Rambla-751x430.jpg\" class=\"attachment-post size-post wp-image-1691\" alt=\"San-Juan-de-la-Rambla\" \/>\t\t\t\t\t\t\t\t\t\t\t\t\t\t\t<\/div>\n\t\t\t\t<\/div>\n\t\t\t\t<div class=\"elementor-element elementor-element-3a4cc41 elementor-widget elementor-widget-text-editor\" data-id=\"3a4cc41\" data-element_type=\"widget\" data-e-type=\"widget\" data-widget_type=\"text-editor.default\">\n\t\t\t\t<div class=\"elementor-widget-container\">\n\t\t\t\t\t\t\t\t\t<p><span style='font-weight: 400;'>Ein kleines K\u00fcstendorf mit rustikalem Charme, perfekt f\u00fcr einen entspannten Spaziergang. Besuchen Sie die Plaza de San Juan und die wundersch\u00f6ne K\u00fcstenzone.<\/span><\/p>\t\t\t\t\t\t\t\t<\/div>\n\t\t\t\t<\/div>\n\t\t\t\t\t<\/div>\n\t\t<\/div>\n\t\t\t\t\t<\/div>\n\t\t<\/section>\n\t\t\t\t<section class=\"elementor-section elementor-top-section elementor-element elementor-element-bc37de8 elementor-section-boxed elementor-section-height-default elementor-section-height-default\" data-id=\"bc37de8\" data-element_type=\"section\" data-e-type=\"section\">\n\t\t\t\t\t\t<div class=\"elementor-container elementor-column-gap-default\">\n\t\t\t\t\t<div class=\"elementor-column elementor-col-33 elementor-top-column elementor-element elementor-element-5cc7bf5\" data-id=\"5cc7bf5\" data-element_type=\"column\" data-e-type=\"column\">\n\t\t\t<div class=\"elementor-widget-wrap elementor-element-populated\">\n\t\t\t\t\t\t<div class=\"elementor-element elementor-element-0493255 elementor-widget elementor-widget-heading\" data-id=\"0493255\" data-element_type=\"widget\" data-e-type=\"widget\" data-widget_type=\"heading.default\">\n\t\t\t\t<div class=\"elementor-widget-container\">\n\t\t\t\t\t<h3 class=\"elementor-heading-title elementor-size-default\">La Guancha<\/h3>\t\t\t\t<\/div>\n\t\t\t\t<\/div>\n\t\t\t\t<div class=\"elementor-element elementor-element-e7aa309 elementor-widget elementor-widget-image\" data-id=\"e7aa309\" data-element_type=\"widget\" data-e-type=\"widget\" data-widget_type=\"image.default\">\n\t\t\t\t<div class=\"elementor-widget-container\">\n\t\t\t\t\t\t\t\t\t\t\t\t\t\t\t<img decoding=\"async\" width=\"751\" height=\"430\" src=\"https:\/\/www.sansofestay.com\/blog\/wp-content\/uploads\/2024\/07\/La-Guancha-751x430.jpeg\" class=\"attachment-post size-post wp-image-1688\" alt=\"La-Guancha\" \/>\t\t\t\t\t\t\t\t\t\t\t\t\t\t\t<\/div>\n\t\t\t\t<\/div>\n\t\t\t\t<div class=\"elementor-element elementor-element-7c741b0 elementor-widget elementor-widget-text-editor\" data-id=\"7c741b0\" data-element_type=\"widget\" data-e-type=\"widget\" data-widget_type=\"text-editor.default\">\n\t\t\t\t<div class=\"elementor-widget-container\">\n\t\t\t\t\t\t\t\t\t<p><span style='font-weight: 400;'>Ein ruhiges Dorf mit Weinbergen und landwirtschaftlich gepr\u00e4gten Landschaften. Die lokalen Bodegas sind ideal, um traditionelle Weine zu verkosten und das l\u00e4ndliche Ambiente zu genie\u00dfen.<\/span><\/p>\t\t\t\t\t\t\t\t<\/div>\n\t\t\t\t<\/div>\n\t\t\t\t\t<\/div>\n\t\t<\/div>\n\t\t\t\t<div class=\"elementor-column elementor-col-33 elementor-top-column elementor-element elementor-element-818d25b\" data-id=\"818d25b\" data-element_type=\"column\" data-e-type=\"column\">\n\t\t\t<div class=\"elementor-widget-wrap elementor-element-populated\">\n\t\t\t\t\t\t<div class=\"elementor-element elementor-element-567bb7d elementor-widget elementor-widget-heading\" data-id=\"567bb7d\" data-element_type=\"widget\" data-e-type=\"widget\" data-widget_type=\"heading.default\">\n\t\t\t\t<div class=\"elementor-widget-container\">\n\t\t\t\t\t<h3 class=\"elementor-heading-title elementor-size-default\">Taganana<\/h3>\t\t\t\t<\/div>\n\t\t\t\t<\/div>\n\t\t\t\t<div class=\"elementor-element elementor-element-6bb9394 elementor-widget elementor-widget-image\" data-id=\"6bb9394\" data-element_type=\"widget\" data-e-type=\"widget\" data-widget_type=\"image.default\">\n\t\t\t\t<div class=\"elementor-widget-container\">\n\t\t\t\t\t\t\t\t\t\t\t\t\t\t\t<img loading=\"lazy\" decoding=\"async\" width=\"751\" height=\"430\" src=\"https:\/\/www.sansofestay.com\/blog\/wp-content\/uploads\/2024\/07\/Taganana-751x430.jpg\" class=\"attachment-post size-post wp-image-1685\" alt=\"Taganana\" \/>\t\t\t\t\t\t\t\t\t\t\t\t\t\t\t<\/div>\n\t\t\t\t<\/div>\n\t\t\t\t<div class=\"elementor-element elementor-element-5fce68d elementor-widget elementor-widget-text-editor\" data-id=\"5fce68d\" data-element_type=\"widget\" data-e-type=\"widget\" data-widget_type=\"text-editor.default\">\n\t\t\t\t<div class=\"elementor-widget-container\">\n\t\t\t\t\t\t\t\t\t<p><span style='font-weight: 400;'>Im Landschaftspark Anaga gelegen, bietet dieses Dorf beeindruckende Ausblicke auf den Atlantik und Wanderwege, die zu einsamen Str\u00e4nden wie der Playa de Benijo f\u00fchren, die f\u00fcr ihre starke Brandung und spektakul\u00e4re Kulisse bekannt ist.<\/span><\/p>\t\t\t\t\t\t\t\t<\/div>\n\t\t\t\t<\/div>\n\t\t\t\t\t<\/div>\n\t\t<\/div>\n\t\t\t\t<div class=\"elementor-column elementor-col-33 elementor-top-column elementor-element elementor-element-39440e2\" data-id=\"39440e2\" data-element_type=\"column\" data-e-type=\"column\">\n\t\t\t<div class=\"elementor-widget-wrap elementor-element-populated\">\n\t\t\t\t\t\t<div class=\"elementor-element elementor-element-db4927d elementor-widget elementor-widget-heading\" data-id=\"db4927d\" data-element_type=\"widget\" data-e-type=\"widget\" data-widget_type=\"heading.default\">\n\t\t\t\t<div class=\"elementor-widget-container\">\n\t\t\t\t\t<h3 class=\"elementor-heading-title elementor-size-default\">La Orotava<\/h3>\t\t\t\t<\/div>\n\t\t\t\t<\/div>\n\t\t\t\t<div class=\"elementor-element elementor-element-09b5b56 elementor-widget elementor-widget-image\" data-id=\"09b5b56\" data-element_type=\"widget\" data-e-type=\"widget\" data-widget_type=\"image.default\">\n\t\t\t\t<div class=\"elementor-widget-container\">\n\t\t\t\t\t\t\t\t\t\t\t\t\t\t\t<img loading=\"lazy\" decoding=\"async\" width=\"751\" height=\"430\" src=\"https:\/\/www.sansofestay.com\/blog\/wp-content\/uploads\/2024\/07\/Orotava-751x430.jpg\" class=\"attachment-post size-post wp-image-1682\" alt=\"Orotava\" \/>\t\t\t\t\t\t\t\t\t\t\t\t\t\t\t<\/div>\n\t\t\t\t<\/div>\n\t\t\t\t<div class=\"elementor-element elementor-element-ba7144c elementor-widget elementor-widget-text-editor\" data-id=\"ba7144c\" data-element_type=\"widget\" data-e-type=\"widget\" data-widget_type=\"text-editor.default\">\n\t\t\t\t<div class=\"elementor-widget-container\">\n\t\t\t\t\t\t\t\t\t<p><span style='font-weight: 400;'>Eine historische Stadt mit kopfsteingepflasterten Gassen, Kolonialh\u00e4usern und \u00fcppigen G\u00e4rten. Verpassen Sie nicht das Casa de los Balcones, ber\u00fchmt f\u00fcr seine geschnitzten Holzbalkone, und die Victoria-G\u00e4rten, perfekt f\u00fcr einen ruhigen Spaziergang.<\/span><\/p>\t\t\t\t\t\t\t\t<\/div>\n\t\t\t\t<\/div>\n\t\t\t\t\t<\/div>\n\t\t<\/div>\n\t\t\t\t\t<\/div>\n\t\t<\/section>\n\t\t\t\t<section class=\"elementor-section elementor-top-section elementor-element elementor-element-8ce8586 elementor-section-boxed elementor-section-height-default elementor-section-height-default\" data-id=\"8ce8586\" data-element_type=\"section\" data-e-type=\"section\">\n\t\t\t\t\t\t<div class=\"elementor-container elementor-column-gap-default\">\n\t\t\t\t\t<div class=\"elementor-column elementor-col-100 elementor-top-column elementor-element elementor-element-4de56dc\" data-id=\"4de56dc\" data-element_type=\"column\" data-e-type=\"column\">\n\t\t\t<div class=\"elementor-widget-wrap elementor-element-populated\">\n\t\t\t\t\t\t<div class=\"elementor-element elementor-element-d32bd67 elementor-widget elementor-widget-text-editor\" data-id=\"d32bd67\" data-element_type=\"widget\" data-e-type=\"widget\" data-widget_type=\"text-editor.default\">\n\t\t\t\t<div class=\"elementor-widget-container\">\n\t\t\t\t\t\t\t\t\t<p><span style=\"background-color: transparent;\">Erkunden Sie die <a href=\"https:\/\/www.sansofestay.com\/de\/ferienvermietung-la-matanza-de-acentejo-teneriffa\/\">sch\u00f6nsten D\u00f6rfer im Norden Teneriffas<\/a> und entdecken Sie ein riesiges Angebot an Aktivit\u00e4ten f\u00fcr Ihren Urlaub: kulturelle Momente, Eintauchen in die Natur, Gastronomie, Str\u00e4nde und vieles mehr. Teneriffa hat alles.<\/span><\/p><h2>Ihr R\u00fcckzugsort am Meer im Norden Teneriffas<\/h2><p>Stellen Sie sich vor, in einem lichtdurchfluteten Apartment mit einem Schlafzimmer aufzuwachen, in dem jedes Fenster den Garten und das tiefe Blau des Atlantiks einrahmt. Auf unserer Finca ist Ruhe die Norm. Genie\u00dfen Sie einen beheizten Pool und einen Grillbereich, der nur mit 8 weiteren unabh\u00e4ngigen Unterk\u00fcnften geteilt wird, was Exklusivit\u00e4t und Gelassenheit garantiert.<\/p><p>Es ist der ideale Ausgangspunkt, um <a href=\"https:\/\/www.sansofestay.com\/de\/ferien-vermietung-teneriffa\/\">Ferienunterk\u00fcnfte auf Teneriffa<\/a> zu entdecken, die wirklich mit der Essenz der Insel verbinden.<\/p>\t\t\t\t\t\t\t\t<\/div>\n\t\t\t\t<\/div>\n\t\t\t\t\t<\/div>\n\t\t<\/div>\n\t\t\t\t\t<\/div>\n\t\t<\/section>\n\t\t\t\t<section class=\"elementor-section elementor-top-section elementor-element elementor-element-1f9d7b80 elementor-section-boxed elementor-section-height-default elementor-section-height-default\" data-id=\"1f9d7b80\" data-element_type=\"section\" data-e-type=\"section\">\n\t\t\t\t\t\t<div class=\"elementor-container elementor-column-gap-default\">\n\t\t\t\t\t<div class=\"elementor-column elementor-col-100 elementor-top-column elementor-element elementor-element-7b4660f3\" data-id=\"7b4660f3\" data-element_type=\"column\" data-e-type=\"column\">\n\t\t\t<div class=\"elementor-widget-wrap elementor-element-populated\">\n\t\t\t\t\t\t<div class=\"elementor-element elementor-element-50f8c8ad elementor-widget elementor-widget-heading\" data-id=\"50f8c8ad\" data-element_type=\"widget\" data-e-type=\"widget\" data-widget_type=\"heading.default\">\n\t\t\t\t<div class=\"elementor-widget-container\">\n\t\t\t\t\t<h2 class=\"elementor-heading-title elementor-size-default\">Was gibt es im Norden Teneriffas zu sehen?\n<\/h2>\t\t\t\t<\/div>\n\t\t\t\t<\/div>\n\t\t\t\t<div class=\"elementor-element elementor-element-431aa390 elementor-widget elementor-widget-text-editor\" data-id=\"431aa390\" data-element_type=\"widget\" data-e-type=\"widget\" data-widget_type=\"text-editor.default\">\n\t\t\t\t<div class=\"elementor-widget-container\">\n\t\t\t\t\t\t\t\t\t<p><span style='font-weight: 400;'>In diesem Teil der Insel gibt es unglaublich viel zu sehen. Hier sind unsere pers\u00f6nlichen Empfehlungen:<\/span><\/p>\t\t\t\t\t\t\t\t<\/div>\n\t\t\t\t<\/div>\n\t\t\t\t\t<\/div>\n\t\t<\/div>\n\t\t\t\t\t<\/div>\n\t\t<\/section>\n\t\t\t\t<section class=\"elementor-section elementor-top-section elementor-element elementor-element-324bc51 elementor-section-boxed elementor-section-height-default elementor-section-height-default\" data-id=\"324bc51\" data-element_type=\"section\" data-e-type=\"section\">\n\t\t\t\t\t\t<div class=\"elementor-container elementor-column-gap-default\">\n\t\t\t\t\t<div class=\"elementor-column elementor-col-33 elementor-top-column elementor-element elementor-element-cc44c8f\" data-id=\"cc44c8f\" data-element_type=\"column\" data-e-type=\"column\">\n\t\t\t<div class=\"elementor-widget-wrap elementor-element-populated\">\n\t\t\t\t\t\t<div class=\"elementor-element elementor-element-28b99fc7 elementor-widget elementor-widget-heading\" data-id=\"28b99fc7\" data-element_type=\"widget\" data-e-type=\"widget\" data-widget_type=\"heading.default\">\n\t\t\t\t<div class=\"elementor-widget-container\">\n\t\t\t\t\t<h3 class=\"elementor-heading-title elementor-size-default\">Landschaftspark Anaga<\/h3>\t\t\t\t<\/div>\n\t\t\t\t<\/div>\n\t\t\t\t<div class=\"elementor-element elementor-element-762226f3 elementor-widget elementor-widget-text-editor\" data-id=\"762226f3\" data-element_type=\"widget\" data-e-type=\"widget\" data-widget_type=\"text-editor.default\">\n\t\t\t\t<div class=\"elementor-widget-container\">\n\t\t\t\t\t\t\t\t\t<p><span style='font-weight: 400;'>Ein Muss f\u00fcr Naturliebhaber mit seinen beeindruckenden Wanderwegen und \u00fcppig gr\u00fcnen Landschaften. Der Mirador de Humboldt bietet unvergessliche Panoramablicke auf das Orotava-Tal und den Teide.<\/span><\/p>\t\t\t\t\t\t\t\t<\/div>\n\t\t\t\t<\/div>\n\t\t\t\t\t<\/div>\n\t\t<\/div>\n\t\t\t\t<div class=\"elementor-column elementor-col-33 elementor-top-column elementor-element elementor-element-9fd699e\" data-id=\"9fd699e\" data-element_type=\"column\" data-e-type=\"column\">\n\t\t\t<div class=\"elementor-widget-wrap elementor-element-populated\">\n\t\t\t\t\t\t<div class=\"elementor-element elementor-element-3229820 elementor-widget elementor-widget-heading\" data-id=\"3229820\" data-element_type=\"widget\" data-e-type=\"widget\" data-widget_type=\"heading.default\">\n\t\t\t\t<div class=\"elementor-widget-container\">\n\t\t\t\t\t<h3 class=\"elementor-heading-title elementor-size-default\">Teide Nationalpark<\/h3>\t\t\t\t<\/div>\n\t\t\t\t<\/div>\n\t\t\t\t<div class=\"elementor-element elementor-element-0b0696a elementor-widget elementor-widget-text-editor\" data-id=\"0b0696a\" data-element_type=\"widget\" data-e-type=\"widget\" data-widget_type=\"text-editor.default\">\n\t\t\t\t<div class=\"elementor-widget-container\">\n\t\t\t\t\t\t\t\t\t<p><span style='font-weight: 400;'>Obwohl der Teide fast im Zentrum der Insel liegt, sind die Aussichten und Routen von Norden aus spektakul\u00e4r. Die Stra\u00dfe, die von La Orotava hinauff\u00fchrt, bietet unglaubliche Ausblicke und bringt Sie zum h\u00f6chsten Gipfel Spaniens.<\/span><\/p>\t\t\t\t\t\t\t\t<\/div>\n\t\t\t\t<\/div>\n\t\t\t\t\t<\/div>\n\t\t<\/div>\n\t\t\t\t<div class=\"elementor-column elementor-col-33 elementor-top-column elementor-element elementor-element-2e888c4\" data-id=\"2e888c4\" data-element_type=\"column\" data-e-type=\"column\">\n\t\t\t<div class=\"elementor-widget-wrap elementor-element-populated\">\n\t\t\t\t\t\t<div class=\"elementor-element elementor-element-a7a0988 elementor-widget elementor-widget-heading\" data-id=\"a7a0988\" data-element_type=\"widget\" data-e-type=\"widget\" data-widget_type=\"heading.default\">\n\t\t\t\t<div class=\"elementor-widget-container\">\n\t\t\t\t\t<h3 class=\"elementor-heading-title elementor-size-default\">Punta del Hidalgo<\/h3>\t\t\t\t<\/div>\n\t\t\t\t<\/div>\n\t\t\t\t<div class=\"elementor-element elementor-element-4fe4136 elementor-widget elementor-widget-text-editor\" data-id=\"4fe4136\" data-element_type=\"widget\" data-e-type=\"widget\" data-widget_type=\"text-editor.default\">\n\t\t\t\t<div class=\"elementor-widget-container\">\n\t\t\t\t\t\t\t\t\t<p><span style='font-weight: 400;'>Bekannt f\u00fcr seine Felsformationen und nat\u00fcrlichen Pools, ist dies ein beliebter Ort zum Wandern und um die Aussicht auf den Ozean und das Anaga-Gebirge zu genie\u00dfen.<\/span><\/p>\t\t\t\t\t\t\t\t<\/div>\n\t\t\t\t<\/div>\n\t\t\t\t\t<\/div>\n\t\t<\/div>\n\t\t\t\t\t<\/div>\n\t\t<\/section>\n\t\t\t\t<section class=\"elementor-section elementor-top-section elementor-element elementor-element-0a11131 elementor-section-boxed elementor-section-height-default elementor-section-height-default\" data-id=\"0a11131\" data-element_type=\"section\" data-e-type=\"section\">\n\t\t\t\t\t\t<div class=\"elementor-container elementor-column-gap-default\">\n\t\t\t\t\t<div class=\"elementor-column elementor-col-100 elementor-top-column elementor-element elementor-element-78e5d93\" data-id=\"78e5d93\" data-element_type=\"column\" data-e-type=\"column\">\n\t\t\t<div class=\"elementor-widget-wrap elementor-element-populated\">\n\t\t\t\t\t\t<div class=\"elementor-element elementor-element-1ee5255 elementor-widget elementor-widget-text-editor\" data-id=\"1ee5255\" data-element_type=\"widget\" data-e-type=\"widget\" data-widget_type=\"text-editor.default\">\n\t\t\t\t<div class=\"elementor-widget-container\">\n\t\t\t\t\t\t\t\t\t<p><span style='background-color: transparent;'>Die Erkundung des Nordens von Teneriffa bietet eine unglaubliche Mischung aus Natur, Kultur und Geschichte, die ein unvergessliches Erlebnis garantiert.<\/span><\/p>\t\t\t\t\t\t\t\t<\/div>\n\t\t\t\t<\/div>\n\t\t\t\t\t<\/div>\n\t\t<\/div>\n\t\t\t\t\t<\/div>\n\t\t<\/section>\n\t\t\t\t<section class=\"elementor-section elementor-top-section elementor-element elementor-element-82bd415 elementor-section-boxed elementor-section-height-default elementor-section-height-default\" data-id=\"82bd415\" data-element_type=\"section\" data-e-type=\"section\">\n\t\t\t\t\t\t<div class=\"elementor-container elementor-column-gap-default\">\n\t\t\t\t\t<div class=\"elementor-column elementor-col-100 elementor-top-column elementor-element elementor-element-ca3f964\" data-id=\"ca3f964\" data-element_type=\"column\" data-e-type=\"column\">\n\t\t\t<div class=\"elementor-widget-wrap elementor-element-populated\">\n\t\t\t\t\t\t<div class=\"elementor-element elementor-element-8dbb98e elementor-widget elementor-widget-image\" data-id=\"8dbb98e\" data-element_type=\"widget\" data-e-type=\"widget\" data-widget_type=\"image.default\">\n\t\t\t\t<div class=\"elementor-widget-container\">\n\t\t\t\t\t\t\t\t\t\t\t\t\t\t\t<img loading=\"lazy\" decoding=\"async\" width=\"1254\" height=\"627\" src=\"https:\/\/www.sansofestay.com\/blog\/wp-content\/uploads\/2024\/07\/teide-norte-tenerife.jpg\" class=\"attachment-full size-full wp-image-1679\" alt=\"teide norte tenerife\" srcset=\"https:\/\/www.sansofestay.com\/blog\/wp-content\/uploads\/2024\/07\/teide-norte-tenerife.jpg 1254w, https:\/\/www.sansofestay.com\/blog\/wp-content\/uploads\/2024\/07\/teide-norte-tenerife-768x384.jpg 768w\" sizes=\"(max-width: 1254px) 100vw, 1254px\" \/>\t\t\t\t\t\t\t\t\t\t\t\t\t\t\t<\/div>\n\t\t\t\t<\/div>\n\t\t\t\t\t<\/div>\n\t\t<\/div>\n\t\t\t\t\t<\/div>\n\t\t<\/section>\n\t\t\t\t<section class=\"elementor-section elementor-top-section elementor-element elementor-element-babbd95 elementor-section-boxed elementor-section-height-default elementor-section-height-default\" data-id=\"babbd95\" data-element_type=\"section\" data-e-type=\"section\">\n\t\t\t\t\t\t<div class=\"elementor-container elementor-column-gap-default\">\n\t\t\t\t\t<div class=\"elementor-column elementor-col-100 elementor-top-column elementor-element elementor-element-d27d1e5\" data-id=\"d27d1e5\" data-element_type=\"column\" data-e-type=\"column\">\n\t\t\t<div class=\"elementor-widget-wrap elementor-element-populated\">\n\t\t\t\t\t\t<div class=\"elementor-element elementor-element-6a83b05 elementor-widget elementor-widget-heading\" data-id=\"6a83b05\" data-element_type=\"widget\" data-e-type=\"widget\" data-widget_type=\"heading.default\">\n\t\t\t\t<div class=\"elementor-widget-container\">\n\t\t\t\t\t<h2 class=\"elementor-heading-title elementor-size-default\">Entdecken Sie die traditionelle K\u00fcche des Nordens von Teneriffa<\/h2>\t\t\t\t<\/div>\n\t\t\t\t<\/div>\n\t\t\t\t<div class=\"elementor-element elementor-element-4664a36 elementor-widget elementor-widget-text-editor\" data-id=\"4664a36\" data-element_type=\"widget\" data-e-type=\"widget\" data-widget_type=\"text-editor.default\">\n\t\t\t\t<div class=\"elementor-widget-container\">\n\t\t\t\t\t\t\t\t\t<p><span style='font-weight: 400;'>Die traditionelle K\u00fcche im Norden Teneriffas zeichnet sich durch die Verwendung lokaler Zutaten und \u00fcberlieferter Rezepte aus. Der Besuch der verschiedenen D\u00f6rfer ist der beste Weg, sie zu entdecken. Die &#8222;Papas arrugadas&#8220; sind ein unverzichtbares typisches Gericht, das meist mit reichlich &#8222;Mojo pic\u00f3n&#8220; und &#8222;Mojo verde&#8220; serviert wird. &#8222;Gofio&#8220; ist ein weiteres Muss der kanarischen K\u00fcche: ein ger\u00f6stetes Getreidemehl, das in vielen Gerichten verwendet wird. Frischer Fisch wie Zackenbarsch (Mero) oder Papageifisch (Vieja) wird oft gegrillt. Kaninchen in Salmorejo-Sauce ist ein beliebtes Gericht, mariniert in einer Mischung aus Knoblauch, Wein und Gew\u00fcrzen. Als Dessert ist &#8222;Bienmesabe&#8220; sehr beliebt, eine Mischung aus Mandeln, Honig und Eiern. Die lokalen Weine, insbesondere die Wei\u00dfweine aus La Orotava, passen hervorragend zu diesen K\u00f6stlichkeiten und machen den Besuch zu einem Erlebnis f\u00fcr alle Sinne.<\/span><\/p>\t\t\t\t\t\t\t\t<\/div>\n\t\t\t\t<\/div>\n\t\t\t\t\t<\/div>\n\t\t<\/div>\n\t\t\t\t\t<\/div>\n\t\t<\/section>\n\t\t\t\t<section class=\"elementor-section elementor-top-section elementor-element elementor-element-3de528e elementor-section-boxed elementor-section-height-default elementor-section-height-default\" data-id=\"3de528e\" data-element_type=\"section\" data-e-type=\"section\">\n\t\t\t\t\t\t<div class=\"elementor-container elementor-column-gap-default\">\n\t\t\t\t\t<div class=\"elementor-column elementor-col-100 elementor-top-column elementor-element elementor-element-1ca2322\" data-id=\"1ca2322\" data-element_type=\"column\" data-e-type=\"column\">\n\t\t\t<div class=\"elementor-widget-wrap elementor-element-populated\">\n\t\t\t\t\t\t<div class=\"elementor-element elementor-element-577633e elementor-widget elementor-widget-heading\" data-id=\"577633e\" data-element_type=\"widget\" data-e-type=\"widget\" data-widget_type=\"heading.default\">\n\t\t\t\t<div class=\"elementor-widget-container\">\n\t\t\t\t\t<h2 class=\"elementor-heading-title elementor-size-default\">Unterk\u00fcnfte auf Teneriffa<\/h2>\t\t\t\t<\/div>\n\t\t\t\t<\/div>\n\t\t\t\t\t<\/div>\n\t\t<\/div>\n\t\t\t\t\t<\/div>\n\t\t<\/section>\n\t\t\t\t<section class=\"elementor-section elementor-top-section elementor-element elementor-element-b148194 elementor-section-boxed elementor-section-height-default elementor-section-height-default\" data-id=\"b148194\" data-element_type=\"section\" data-e-type=\"section\">\n\t\t\t\t\t\t<div class=\"elementor-container elementor-column-gap-default\">\n\t\t\t\t\t<div class=\"elementor-column elementor-col-100 elementor-top-column elementor-element elementor-element-183329f\" data-id=\"183329f\" data-element_type=\"column\" data-e-type=\"column\">\n\t\t\t<div class=\"elementor-widget-wrap elementor-element-populated\">\n\t\t\t\t\t\t<div class=\"elementor-element elementor-element-ec815d4 elementor-widget elementor-widget-grid\" data-id=\"ec815d4\" data-element_type=\"widget\" data-e-type=\"widget\" id=\"alojamientos\" data-widget_type=\"grid.default\">\n\t\t\t\t<div class=\"elementor-widget-container\">\n\t\t\t\t\t\t\t<div class=\"its--row alojamientos-recomendados\">\n\n\t\t\t<div class=\"alojamientos-recomendados-container\">\n\n\t\t\t\t\t\n\t\t\t\t\t<a href=\"https:\/\/www.sansofestay.com\/de\/vermietung\/ferienwohnung-la-matanza-de-acentejo-vista-mar-jardin-privado-167953.html\" rel=\"nofollow\" style=\"width: 23%;\">\n\t\t\t\t\t\t<div class=\"apartamento-box\">\n\t\t\t\t\t\t\t<div class=\"imagen_recomendados\">\n\t\t\t\t\t\t\t\t<img decoding=\"async\" src=\"https:\/\/crs.avantio.com\/fotos\/2\/1474320973353a5494f9fdf6732ac048462f42600e\/big1474321010d4e2be663141e45693f8add9242555e4.jpg\" alt=\"SEA VIEW, HEATED POOL, Heating, PRIVATE GARDEN AND TERRACE, Free Wifi (10)\">\n\t\t\t\t\t\t\t<\/div>\n\t\t\t\t\t\t\t<div class=\"info\">\n\t\t\t\t\t\t\t\t<div class=\"ubicacion\">\n\t\t\t\t\t\t\t\t\t<i class=\"fa-solid fa-location-dot icono-mapa\"><\/i><span class=\"ubicacion-texto\">La Matanza de Acentejo - Teneriffa<\/span>\n\t\t\t\t\t\t\t\t<\/div>\n\t\t\t\t\t\t\t\t<H4 class=\"titulo-alojamiento\">\n\t\t\t\t\t\t\t\t\tSEA VIEW, HEATED POOL, Heating, PRIVATE GARDEN AND TERRACE, Free Wifi (10)\t\t\t\t\t\t\t\t<\/H4>\n\t\t\t\t\t\t\t\t<p class=\"precio-alojamiento\">Aus <span class=\"precio\">90.00\u20ac<\/span> pro Nacht<\/p>\n\t\t\t\t\t\t\t<\/div>\n\t\t\t\t\t\t<\/div>\n\t\t\t\t\t<\/a> \n\t\t\t\t\t\t\n\t\t\t\t\t<a href=\"https:\/\/www.sansofestay.com\/de\/vermietung\/ferienhaus-la-matanza-de-acentejo-casa-tenerife-norte-vista-mar-167957.html\" rel=\"nofollow\" style=\"width: 23%;\">\n\t\t\t\t\t\t<div class=\"apartamento-box\">\n\t\t\t\t\t\t\t<div class=\"imagen_recomendados\">\n\t\t\t\t\t\t\t\t<img decoding=\"async\" src=\"https:\/\/crs.avantio.com\/fotos\/2\/14743622611f3c3bc07cd9bc5e56d73c823d699d6b\/big1474362274893a0a8461ad139a459161c9583e4825.jpg\" alt=\"House, SEA VIEW, HEATED POOL, Heating, Sun set and rise terrace,  Free wi fi(9)\">\n\t\t\t\t\t\t\t<\/div>\n\t\t\t\t\t\t\t<div class=\"info\">\n\t\t\t\t\t\t\t\t<div class=\"ubicacion\">\n\t\t\t\t\t\t\t\t\t<i class=\"fa-solid fa-location-dot icono-mapa\"><\/i><span class=\"ubicacion-texto\">La Matanza de Acentejo - Teneriffa<\/span>\n\t\t\t\t\t\t\t\t<\/div>\n\t\t\t\t\t\t\t\t<H4 class=\"titulo-alojamiento\">\n\t\t\t\t\t\t\t\t\tHouse, SEA VIEW, HEATED POOL, Heating, Sun set and rise terrace,  Free wi fi(9)\t\t\t\t\t\t\t\t<\/H4>\n\t\t\t\t\t\t\t\t<p class=\"precio-alojamiento\">Aus <span class=\"precio\">90.00\u20ac<\/span> pro Nacht<\/p>\n\t\t\t\t\t\t\t<\/div>\n\t\t\t\t\t\t<\/div>\n\t\t\t\t\t<\/a> \n\t\t\t\t\t\t\n\t\t\t\t\t<a href=\"https:\/\/www.sansofestay.com\/de\/vermietung\/ferienwohnung-la-matanza-de-acentejo-apartamento-tenerife-norte-vista-mar-168038.html\" rel=\"nofollow\" style=\"width: 23%;\">\n\t\t\t\t\t\t<div class=\"apartamento-box\">\n\t\t\t\t\t\t\t<div class=\"imagen_recomendados\">\n\t\t\t\t\t\t\t\t<img decoding=\"async\" src=\"https:\/\/crs.avantio.com\/fotos\/2\/14744502716fe45290a04989e9bc6c750bcdd3218c\/big14997894466b07c3a7151fc6909fc976f7f4bc2a48.jpg\" alt=\"1 Bedroom , SEA VIEW, HEATED POOL, Heating, free Wifi, big terrace (1)\">\n\t\t\t\t\t\t\t<\/div>\n\t\t\t\t\t\t\t<div class=\"info\">\n\t\t\t\t\t\t\t\t<div class=\"ubicacion\">\n\t\t\t\t\t\t\t\t\t<i class=\"fa-solid fa-location-dot icono-mapa\"><\/i><span class=\"ubicacion-texto\">La Matanza de Acentejo - Teneriffa<\/span>\n\t\t\t\t\t\t\t\t<\/div>\n\t\t\t\t\t\t\t\t<H4 class=\"titulo-alojamiento\">\n\t\t\t\t\t\t\t\t\t1 Bedroom , SEA VIEW, HEATED POOL, Heating, free Wifi, big terrace (1)\t\t\t\t\t\t\t\t<\/H4>\n\t\t\t\t\t\t\t\t<p class=\"precio-alojamiento\">Aus <span class=\"precio\">80.00\u20ac<\/span> pro Nacht<\/p>\n\t\t\t\t\t\t\t<\/div>\n\t\t\t\t\t\t<\/div>\n\t\t\t\t\t<\/a> \n\t\t\t\t\t\t\n\t\t\t\t\t<a href=\"https:\/\/www.sansofestay.com\/de\/vermietung\/ferienwohnung-la-matanza-de-acentejo-apartamento-tenerife-norte-vista-mar-168144.html\" rel=\"nofollow\" style=\"width: 23%;\">\n\t\t\t\t\t\t<div class=\"apartamento-box\">\n\t\t\t\t\t\t\t<div class=\"imagen_recomendados\">\n\t\t\t\t\t\t\t\t<img decoding=\"async\" src=\"https:\/\/crs.avantio.com\/fotos\/2\/14745374491e1912b560cb381dc0d6e44234f60883\/big1499790474100d97bd5e6b92ea5ae56f1d9a6ff21b.jpg\" alt=\"One bedroom, SEA VIEW, HEATED POOL, Heating, Free wif, Big terrace, (2)\">\n\t\t\t\t\t\t\t<\/div>\n\t\t\t\t\t\t\t<div class=\"info\">\n\t\t\t\t\t\t\t\t<div class=\"ubicacion\">\n\t\t\t\t\t\t\t\t\t<i class=\"fa-solid fa-location-dot icono-mapa\"><\/i><span class=\"ubicacion-texto\">La Matanza de Acentejo - Teneriffa<\/span>\n\t\t\t\t\t\t\t\t<\/div>\n\t\t\t\t\t\t\t\t<H4 class=\"titulo-alojamiento\">\n\t\t\t\t\t\t\t\t\tOne bedroom, SEA VIEW, HEATED POOL, Heating, Free wif, Big terrace, (2)\t\t\t\t\t\t\t\t<\/H4>\n\t\t\t\t\t\t\t\t<p class=\"precio-alojamiento\">Aus <span class=\"precio\">80.00\u20ac<\/span> pro Nacht<\/p>\n\t\t\t\t\t\t\t<\/div>\n\t\t\t\t\t\t<\/div>\n\t\t\t\t\t<\/a> \n\t\t\t\t\t\t\t\t<\/div>\n\t\t\t<\/div>\n\t\t\t\t\t\t<\/div>\n\t\t\t\t<\/div>\n\t\t\t\t\t<\/div>\n\t\t<\/div>\n\t\t\t\t\t<\/div>\n\t\t<\/section>\n\t\t\t\t<section class=\"elementor-section elementor-top-section elementor-element elementor-element-41d1697 elementor-section-boxed elementor-section-height-default elementor-section-height-default\" data-id=\"41d1697\" data-element_type=\"section\" data-e-type=\"section\">\n\t\t\t\t\t\t<div class=\"elementor-container elementor-column-gap-default\">\n\t\t\t\t\t<div class=\"elementor-column elementor-col-100 elementor-top-column elementor-element elementor-element-d3daa09\" data-id=\"d3daa09\" data-element_type=\"column\" data-e-type=\"column\">\n\t\t\t<div class=\"elementor-widget-wrap elementor-element-populated\">\n\t\t\t\t\t\t<div class=\"elementor-element elementor-element-e8a70bf elementor-widget elementor-widget-heading\" data-id=\"e8a70bf\" data-element_type=\"widget\" data-e-type=\"widget\" data-widget_type=\"heading.default\">\n\t\t\t\t<div class=\"elementor-widget-container\">\n\t\t\t\t\t<h2 class=\"elementor-heading-title elementor-size-default\">Das kulturelle Angebot der besten Orte im Norden Teneriffas<\/h2>\t\t\t\t<\/div>\n\t\t\t\t<\/div>\n\t\t\t\t<div class=\"elementor-element elementor-element-056ec37 elementor-widget elementor-widget-text-editor\" data-id=\"056ec37\" data-element_type=\"widget\" data-e-type=\"widget\" data-widget_type=\"text-editor.default\">\n\t\t\t\t<div class=\"elementor-widget-container\">\n\t\t\t\t\t\t\t\t\t<p><span style='font-weight: 400;'>Der Norden Teneriffas bietet eine reiche kulturelle Vielfalt: Santa Cruz de Tenerife, die Hauptstadt, ist ber\u00fchmt f\u00fcr ihren Karneval, einen der gr\u00f6\u00dften der Welt, bei dem Einheimische und Besucher in einer einzigartigen Erfahrung zusammenkommen. Besuchen Sie auch das Museum f\u00fcr Natur und Mensch, das die Arch\u00e4ologie und Naturgeschichte der Kanaren beleuchtet. La Laguna, UNESCO-Weltkulturerbe, verzaubert mit seinen Kolonialstra\u00dfen und der Universit\u00e4t.<\/span><\/p><p><span style='font-weight: 400;'>Puerto de la Cruz hingegen ist bekannt f\u00fcr den Loro Parque und seine lebendige Kunstszene. In La Orotava werden noch immer faszinierende Traditionen wie Fronleichnam (Corpus Christi) mit seinen Blumenteppichen gepflegt. Bei Volksfesten werden traditionelle Musik und T\u00e4nze wie die &#8222;Isa&#8220; und der &#8222;Tajaraste&#8220; gefeiert. Kulturelle Veranstaltungen und Festivals spiegeln das reiche Erbe der Kanarischen Inseln und ihrer Menschen wider.<\/span><\/p><h2>Geheimnisse des Atlantiks: Str\u00e4nde und Naturschwimmbecken<\/h2><p>Nicht nur von Architektur leben diese Gemeinden. Die Nordk\u00fcste verbirgt wilde Buchten, die den Besuch der D\u00f6rfer perfekt erg\u00e4nzen. Wir empfehlen Ihnen unseren Guide \u00fcber die besten <a href='https:\/\/www.sansofestay.com\/blog\/playas-tenerife-norte\/'>Str\u00e4nde im Norden Teneriffas<\/a>, um Ihre Route zwischen erfrischenden Spr\u00fcngen in den Atlantik zu vervollst\u00e4ndigen.<\/p>\t\t\t\t\t\t\t\t<\/div>\n\t\t\t\t<\/div>\n\t\t\t\t\t<\/div>\n\t\t<\/div>\n\t\t\t\t\t<\/div>\n\t\t<\/section>\n\t\t\t\t<section class=\"elementor-section elementor-top-section elementor-element elementor-element-092a51e elementor-section-boxed elementor-section-height-default elementor-section-height-default\" data-id=\"092a51e\" data-element_type=\"section\" data-e-type=\"section\">\n\t\t\t\t\t\t<div class=\"elementor-container elementor-column-gap-default\">\n\t\t\t\t\t<div class=\"elementor-column elementor-col-100 elementor-top-column elementor-element elementor-element-928e375\" data-id=\"928e375\" data-element_type=\"column\" data-e-type=\"column\">\n\t\t\t<div class=\"elementor-widget-wrap elementor-element-populated\">\n\t\t\t\t\t\t<div class=\"elementor-element elementor-element-f5a9617 elementor-widget elementor-widget-image\" data-id=\"f5a9617\" data-element_type=\"widget\" data-e-type=\"widget\" data-widget_type=\"image.default\">\n\t\t\t\t<div class=\"elementor-widget-container\">\n\t\t\t\t\t\t\t\t\t\t\t\t\t\t\t<img loading=\"lazy\" decoding=\"async\" width=\"1150\" height=\"540\" src=\"https:\/\/www.sansofestay.com\/blog\/wp-content\/uploads\/2024\/01\/matanza-acentejo.jpg\" class=\"attachment-full size-full wp-image-1042\" alt=\"matanza-acentejo\" srcset=\"https:\/\/www.sansofestay.com\/blog\/wp-content\/uploads\/2024\/01\/matanza-acentejo.jpg 1150w, https:\/\/www.sansofestay.com\/blog\/wp-content\/uploads\/2024\/01\/matanza-acentejo-768x361.jpg 768w\" sizes=\"(max-width: 1150px) 100vw, 1150px\" \/>\t\t\t\t\t\t\t\t\t\t\t\t\t\t\t<\/div>\n\t\t\t\t<\/div>\n\t\t\t\t<div class=\"elementor-element elementor-element-dce9505 elementor-widget elementor-widget-text-editor\" data-id=\"dce9505\" data-element_type=\"widget\" data-e-type=\"widget\" data-widget_type=\"text-editor.default\">\n\t\t\t\t<div class=\"elementor-widget-container\">\n\t\t\t\t\t\t\t\t\t<p><em>Matanza de Acentejo<\/em><\/p>\t\t\t\t\t\t\t\t<\/div>\n\t\t\t\t<\/div>\n\t\t\t\t\t<\/div>\n\t\t<\/div>\n\t\t\t\t\t<\/div>\n\t\t<\/section>\n\t\t\t\t<section class=\"elementor-section elementor-top-section elementor-element elementor-element-8ff3fda elementor-section-boxed elementor-section-height-default elementor-section-height-default\" data-id=\"8ff3fda\" data-element_type=\"section\" data-e-type=\"section\">\n\t\t\t\t\t\t<div class=\"elementor-container elementor-column-gap-default\">\n\t\t\t\t\t<div class=\"elementor-column elementor-col-100 elementor-top-column elementor-element elementor-element-1f91609\" data-id=\"1f91609\" data-element_type=\"column\" data-e-type=\"column\">\n\t\t\t<div class=\"elementor-widget-wrap elementor-element-populated\">\n\t\t\t\t\t\t<div class=\"elementor-element elementor-element-ff6c143 elementor-widget elementor-widget-heading\" data-id=\"ff6c143\" data-element_type=\"widget\" data-e-type=\"widget\" data-widget_type=\"heading.default\">\n\t\t\t\t<div class=\"elementor-widget-container\">\n\t\t\t\t\t<h2 class=\"elementor-heading-title elementor-size-default\">Unterk\u00fcnfte mit Pool auf Teneriffa<\/h2>\t\t\t\t<\/div>\n\t\t\t\t<\/div>\n\t\t\t\t\t<\/div>\n\t\t<\/div>\n\t\t\t\t\t<\/div>\n\t\t<\/section>\n\t\t\t\t<section class=\"elementor-section elementor-top-section elementor-element elementor-element-297a2c5 elementor-section-boxed elementor-section-height-default elementor-section-height-default\" data-id=\"297a2c5\" data-element_type=\"section\" data-e-type=\"section\">\n\t\t\t\t\t\t<div class=\"elementor-container elementor-column-gap-default\">\n\t\t\t\t\t<div class=\"elementor-column elementor-col-100 elementor-top-column elementor-element elementor-element-6b219d7\" data-id=\"6b219d7\" data-element_type=\"column\" data-e-type=\"column\">\n\t\t\t<div class=\"elementor-widget-wrap elementor-element-populated\">\n\t\t\t\t\t\t<div class=\"elementor-element elementor-element-17087a8 elementor-widget elementor-widget-grid\" data-id=\"17087a8\" data-element_type=\"widget\" data-e-type=\"widget\" data-widget_type=\"grid.default\">\n\t\t\t\t<div class=\"elementor-widget-container\">\n\t\t\t\t\t\t\t<div class=\"its--row alojamientos-recomendados\">\n\n\t\t\t<div class=\"alojamientos-recomendados-container\">\n\n\t\t\t\t\t\n\t\t\t\t\t<a href=\"https:\/\/www.sansofestay.com\/de\/vermietung\/ferienwohnung-la-matanza-de-acentejo-vista-mar-jardin-privado-167953.html\" rel=\"nofollow\" style=\"width: 23%;\">\n\t\t\t\t\t\t<div class=\"apartamento-box\">\n\t\t\t\t\t\t\t<div class=\"imagen_recomendados\">\n\t\t\t\t\t\t\t\t<img decoding=\"async\" src=\"https:\/\/crs.avantio.com\/fotos\/2\/1474320973353a5494f9fdf6732ac048462f42600e\/big1474321010d4e2be663141e45693f8add9242555e4.jpg\" alt=\"SEA VIEW, HEATED POOL, Heating, PRIVATE GARDEN AND TERRACE, Free Wifi (10)\">\n\t\t\t\t\t\t\t<\/div>\n\t\t\t\t\t\t\t<div class=\"info\">\n\t\t\t\t\t\t\t\t<div class=\"ubicacion\">\n\t\t\t\t\t\t\t\t\t<i class=\"fa-solid fa-location-dot icono-mapa\"><\/i><span class=\"ubicacion-texto\">La Matanza de Acentejo - Teneriffa<\/span>\n\t\t\t\t\t\t\t\t<\/div>\n\t\t\t\t\t\t\t\t<H4 class=\"titulo-alojamiento\">\n\t\t\t\t\t\t\t\t\tSEA VIEW, HEATED POOL, Heating, PRIVATE GARDEN AND TERRACE, Free Wifi (10)\t\t\t\t\t\t\t\t<\/H4>\n\t\t\t\t\t\t\t\t<p class=\"precio-alojamiento\">Aus <span class=\"precio\">90.00\u20ac<\/span> pro Nacht<\/p>\n\t\t\t\t\t\t\t<\/div>\n\t\t\t\t\t\t<\/div>\n\t\t\t\t\t<\/a> \n\t\t\t\t\t\t\n\t\t\t\t\t<a href=\"https:\/\/www.sansofestay.com\/de\/vermietung\/ferienhaus-la-matanza-de-acentejo-casa-tenerife-norte-vista-mar-167957.html\" rel=\"nofollow\" style=\"width: 23%;\">\n\t\t\t\t\t\t<div class=\"apartamento-box\">\n\t\t\t\t\t\t\t<div class=\"imagen_recomendados\">\n\t\t\t\t\t\t\t\t<img decoding=\"async\" src=\"https:\/\/crs.avantio.com\/fotos\/2\/14743622611f3c3bc07cd9bc5e56d73c823d699d6b\/big1474362274893a0a8461ad139a459161c9583e4825.jpg\" alt=\"House, SEA VIEW, HEATED POOL, Heating, Sun set and rise terrace,  Free wi fi(9)\">\n\t\t\t\t\t\t\t<\/div>\n\t\t\t\t\t\t\t<div class=\"info\">\n\t\t\t\t\t\t\t\t<div class=\"ubicacion\">\n\t\t\t\t\t\t\t\t\t<i class=\"fa-solid fa-location-dot icono-mapa\"><\/i><span class=\"ubicacion-texto\">La Matanza de Acentejo - Teneriffa<\/span>\n\t\t\t\t\t\t\t\t<\/div>\n\t\t\t\t\t\t\t\t<H4 class=\"titulo-alojamiento\">\n\t\t\t\t\t\t\t\t\tHouse, SEA VIEW, HEATED POOL, Heating, Sun set and rise terrace,  Free wi fi(9)\t\t\t\t\t\t\t\t<\/H4>\n\t\t\t\t\t\t\t\t<p class=\"precio-alojamiento\">Aus <span class=\"precio\">90.00\u20ac<\/span> pro Nacht<\/p>\n\t\t\t\t\t\t\t<\/div>\n\t\t\t\t\t\t<\/div>\n\t\t\t\t\t<\/a> \n\t\t\t\t\t\t\n\t\t\t\t\t<a href=\"https:\/\/www.sansofestay.com\/de\/vermietung\/ferienwohnung-la-matanza-de-acentejo-apartamento-tenerife-norte-vista-mar-168038.html\" rel=\"nofollow\" style=\"width: 23%;\">\n\t\t\t\t\t\t<div class=\"apartamento-box\">\n\t\t\t\t\t\t\t<div class=\"imagen_recomendados\">\n\t\t\t\t\t\t\t\t<img decoding=\"async\" src=\"https:\/\/crs.avantio.com\/fotos\/2\/14744502716fe45290a04989e9bc6c750bcdd3218c\/big14997894466b07c3a7151fc6909fc976f7f4bc2a48.jpg\" alt=\"1 Bedroom , SEA VIEW, HEATED POOL, Heating, free Wifi, big terrace (1)\">\n\t\t\t\t\t\t\t<\/div>\n\t\t\t\t\t\t\t<div class=\"info\">\n\t\t\t\t\t\t\t\t<div class=\"ubicacion\">\n\t\t\t\t\t\t\t\t\t<i class=\"fa-solid fa-location-dot icono-mapa\"><\/i><span class=\"ubicacion-texto\">La Matanza de Acentejo - Teneriffa<\/span>\n\t\t\t\t\t\t\t\t<\/div>\n\t\t\t\t\t\t\t\t<H4 class=\"titulo-alojamiento\">\n\t\t\t\t\t\t\t\t\t1 Bedroom , SEA VIEW, HEATED POOL, Heating, free Wifi, big terrace (1)\t\t\t\t\t\t\t\t<\/H4>\n\t\t\t\t\t\t\t\t<p class=\"precio-alojamiento\">Aus <span class=\"precio\">80.00\u20ac<\/span> pro Nacht<\/p>\n\t\t\t\t\t\t\t<\/div>\n\t\t\t\t\t\t<\/div>\n\t\t\t\t\t<\/a> \n\t\t\t\t\t\t\n\t\t\t\t\t<a href=\"https:\/\/www.sansofestay.com\/de\/vermietung\/ferienwohnung-la-matanza-de-acentejo-apartamento-tenerife-norte-vista-mar-168144.html\" rel=\"nofollow\" style=\"width: 23%;\">\n\t\t\t\t\t\t<div class=\"apartamento-box\">\n\t\t\t\t\t\t\t<div class=\"imagen_recomendados\">\n\t\t\t\t\t\t\t\t<img decoding=\"async\" src=\"https:\/\/crs.avantio.com\/fotos\/2\/14745374491e1912b560cb381dc0d6e44234f60883\/big1499790474100d97bd5e6b92ea5ae56f1d9a6ff21b.jpg\" alt=\"One bedroom, SEA VIEW, HEATED POOL, Heating, Free wif, Big terrace, (2)\">\n\t\t\t\t\t\t\t<\/div>\n\t\t\t\t\t\t\t<div class=\"info\">\n\t\t\t\t\t\t\t\t<div class=\"ubicacion\">\n\t\t\t\t\t\t\t\t\t<i class=\"fa-solid fa-location-dot icono-mapa\"><\/i><span class=\"ubicacion-texto\">La Matanza de Acentejo - Teneriffa<\/span>\n\t\t\t\t\t\t\t\t<\/div>\n\t\t\t\t\t\t\t\t<H4 class=\"titulo-alojamiento\">\n\t\t\t\t\t\t\t\t\tOne bedroom, SEA VIEW, HEATED POOL, Heating, Free wif, Big terrace, (2)\t\t\t\t\t\t\t\t<\/H4>\n\t\t\t\t\t\t\t\t<p class=\"precio-alojamiento\">Aus <span class=\"precio\">80.00\u20ac<\/span> pro Nacht<\/p>\n\t\t\t\t\t\t\t<\/div>\n\t\t\t\t\t\t<\/div>\n\t\t\t\t\t<\/a> \n\t\t\t\t\t\t\t\t<\/div>\n\t\t\t<\/div>\n\t\t\t\t\t\t<\/div>\n\t\t\t\t<\/div>\n\t\t\t\t\t<\/div>\n\t\t<\/div>\n\t\t\t\t\t<\/div>\n\t\t<\/section>\n\t\t\t\t<section class=\"elementor-section elementor-top-section elementor-element elementor-element-44947b2 elementor-section-boxed elementor-section-height-default elementor-section-height-default\" data-id=\"44947b2\" data-element_type=\"section\" data-e-type=\"section\">\n\t\t\t\t\t\t<div class=\"elementor-container elementor-column-gap-default\">\n\t\t\t\t\t<div class=\"elementor-column elementor-col-100 elementor-top-column elementor-element elementor-element-ce66494\" data-id=\"ce66494\" data-element_type=\"column\" data-e-type=\"column\">\n\t\t\t<div class=\"elementor-widget-wrap elementor-element-populated\">\n\t\t\t\t\t\t<div class=\"elementor-element elementor-element-f4cbd3c elementor-widget elementor-widget-heading\" data-id=\"f4cbd3c\" data-element_type=\"widget\" data-e-type=\"widget\" data-widget_type=\"heading.default\">\n\t\t\t\t<div class=\"elementor-widget-container\">\n\t\t\t\t\t<h2 class=\"elementor-heading-title elementor-size-default\">Ein absolutes Muss: Entdecken Sie die wundersch\u00f6nen D\u00f6rfer im Norden Teneriffas<\/h2>\t\t\t\t<\/div>\n\t\t\t\t<\/div>\n\t\t\t\t<div class=\"elementor-element elementor-element-c88b6c6 elementor-widget elementor-widget-text-editor\" data-id=\"c88b6c6\" data-element_type=\"widget\" data-e-type=\"widget\" data-widget_type=\"text-editor.default\">\n\t\t\t\t<div class=\"elementor-widget-container\">\n\t\t\t\t\t\t\t\t\t<p><span style=\"font-weight: 400;\">In diesem Artikel haben wir Ihnen noch mehr Gr\u00fcnde gegeben, die Insel Teneriffa zu besuchen. Beginnen Sie jetzt mit der Planung Ihrer n\u00e4chsten Reise. Wir empfehlen Ihnen einige der <\/span><a href=\"https:\/\/www.sansofestay.com\/de\"><span style=\"font-weight: 400;\">besten Unterk\u00fcnfte im Norden Teneriffas<\/span><\/a><span style=\"font-weight: 400;\">, damit Ihr Erlebnis noch besser wird \u2013 egal ob Sie allein, als Paar, mit der Familie oder mit Freunden kommen.<\/span><\/p>\t\t\t\t\t\t\t\t<\/div>\n\t\t\t\t<\/div>\n\t\t\t\t\t<\/div>\n\t\t<\/div>\n\t\t\t\t\t<\/div>\n\t\t<\/section>\n\t\t\t\t<section class=\"elementor-section elementor-top-section elementor-element elementor-element-faq_section_new elementor-section-boxed elementor-section-height-default elementor-section-height-default\" data-id=\"faq_section_new\" data-element_type=\"section\" data-e-type=\"section\">\n\t\t\t\t\t\t<div class=\"elementor-container elementor-column-gap-default\">\n\t\t\t\t\t<div class=\"elementor-column elementor-col-100 elementor-top-column elementor-element elementor-element-faq_col_new\" data-id=\"faq_col_new\" data-element_type=\"column\" data-e-type=\"column\">\n\t\t\t<div class=\"elementor-widget-wrap elementor-element-populated\">\n\t\t\t\t\t\t<div class=\"elementor-element elementor-element-faq_h2_new elementor-widget elementor-widget-heading\" data-id=\"faq_h2_new\" data-element_type=\"widget\" data-e-type=\"widget\" data-widget_type=\"heading.default\">\n\t\t\t\t<div class=\"elementor-widget-container\">\n\t\t\t\t\t<h2 class=\"elementor-heading-title elementor-size-default\">H\u00e4ufig gestellte Fragen zu den sch\u00f6nsten D\u00f6rfern im Norden Teneriffas<\/h2>\t\t\t\t<\/div>\n\t\t\t\t<\/div>\n\t\t\t\t<div class=\"elementor-element elementor-element-faq_text_new elementor-widget elementor-widget-text-editor\" data-id=\"faq_text_new\" data-element_type=\"widget\" data-e-type=\"widget\" data-widget_type=\"text-editor.default\">\n\t\t\t\t<div class=\"elementor-widget-container\">\n\t\t\t\t\t\t\t\t\t<h3>Welches ist das sch\u00f6nste Dorf im Norden Teneriffas?<\/h3><p>Obwohl es subjektiv ist, f\u00fchren La Orotava und Garachico aufgrund ihrer Kolonialarchitektur und ihrer direkten Verbindung zum Atlantik oft die Listen an.<\/p><h3>Wo findet man die besten Guachinches?<\/h3><p>Die D\u00f6rfer La Matanza und Santa \u00darsula sind ber\u00fchmt f\u00fcr ihre Guachinches, in denen Sie hausgemachten Wein und traditionelles Essen unter der Brise des Nordens probieren k\u00f6nnen.<\/p><h3>Ben\u00f6tigt man ein Auto, um diese D\u00f6rfer zu besuchen?<\/h3><p>Um die Freiheit zu genie\u00dfen, auch abgelegene Ecken wie Taganana oder die Aussichtspunkte der K\u00fcste zu erreichen, empfehlen wir, ein Fahrzeug zu mieten und sich auf den Stra\u00dfen mit Meerblick zu verlieren.<\/p>\t\t\t\t\t\t\t\t<\/div>\n\t\t\t\t<\/div>\n\t\t\t\t\t<\/div>\n\t\t<\/div>\n\t\t\t\t\t<\/div>\n\t\t<\/section>\n\t\t\t\t<section class=\"elementor-section elementor-top-section elementor-element elementor-element-37138fcb elementor-section-boxed elementor-section-height-default elementor-section-height-default\" data-id=\"37138fcb\" data-element_type=\"section\" data-e-type=\"section\">\n\t\t\t\t\t\t<div class=\"elementor-container elementor-column-gap-default\">\n\t\t\t\t\t<div class=\"elementor-column elementor-col-33 elementor-top-column elementor-element elementor-element-6fc9d626\" data-id=\"6fc9d626\" data-element_type=\"column\" data-e-type=\"column\">\n\t\t\t<div class=\"elementor-widget-wrap elementor-element-populated\">\n\t\t\t\t\t\t<div class=\"elementor-element elementor-element-68a272ed elementor-align-center elementor-widget elementor-widget-button\" data-id=\"68a272ed\" data-element_type=\"widget\" data-e-type=\"widget\" data-widget_type=\"button.default\">\n\t\t\t\t<div class=\"elementor-widget-container\">\n\t\t\t\t\t\t\t\t\t<div class=\"elementor-button-wrapper\">\n\t\t\t\t\t<a class=\"elementor-button elementor-button-link elementor-size-sm\" href=\"https:\/\/www.sansofestay.com\/de\/vermietung\/vermietungen-teneriffa-e81\/\" target=\"_blank\">\n\t\t\t\t\t\t<span class=\"elementor-button-content-wrapper\">\n\t\t\t\t\t\t\t\t\t<span class=\"elementor-button-text\">Unterkunft Teneriffa<\/span>\n\t\t\t\t\t<\/span>\n\t\t\t\t\t<\/a>\n\t\t\t\t<\/div>\n\t\t\t\t\t\t\t\t<\/div>\n\t\t\t\t<\/div>\n\t\t\t\t\t<\/div>\n\t\t<\/div>\n\t\t\t\t<div class=\"elementor-column elementor-col-33 elementor-top-column elementor-element elementor-element-2e6f607b\" data-id=\"2e6f607b\" data-element_type=\"column\" data-e-type=\"column\">\n\t\t\t<div class=\"elementor-widget-wrap elementor-element-populated\">\n\t\t\t\t\t\t<div class=\"elementor-element elementor-element-76130382 elementor-align-center elementor-widget elementor-widget-button\" data-id=\"76130382\" data-element_type=\"widget\" data-e-type=\"widget\" data-widget_type=\"button.default\">\n\t\t\t\t<div class=\"elementor-widget-container\">\n\t\t\t\t\t\t\t\t\t<div class=\"elementor-button-wrapper\">\n\t\t\t\t\t<a class=\"elementor-button elementor-button-link elementor-size-sm\" href=\"https:\/\/www.sansofestay.com\/de\/vermietung\/ferienwohnungen-teneriffa-c1e81\/\" target=\"_blank\">\n\t\t\t\t\t\t<span class=\"elementor-button-content-wrapper\">\n\t\t\t\t\t\t\t\t\t<span class=\"elementor-button-text\">Ferienwohnung Teneriffa<\/span>\n\t\t\t\t\t<\/span>\n\t\t\t\t\t<\/a>\n\t\t\t\t<\/div>\n\t\t\t\t\t\t\t\t<\/div>\n\t\t\t\t<\/div>\n\t\t\t\t\t<\/div>\n\t\t<\/div>\n\t\t\t\t<div class=\"elementor-column elementor-col-33 elementor-top-column elementor-element elementor-element-313f70a0\" data-id=\"313f70a0\" data-element_type=\"column\" data-e-type=\"column\">\n\t\t\t<div class=\"elementor-widget-wrap elementor-element-populated\">\n\t\t\t\t\t\t<div class=\"elementor-element elementor-element-1c169255 elementor-align-center elementor-widget elementor-widget-button\" data-id=\"1c169255\" data-element_type=\"widget\" data-e-type=\"widget\" data-widget_type=\"button.default\">\n\t\t\t\t<div class=\"elementor-widget-container\">\n\t\t\t\t\t\t\t\t\t<div class=\"elementor-button-wrapper\">\n\t\t\t\t\t<a class=\"elementor-button elementor-button-link elementor-size-sm\" href=\"https:\/\/www.sansofestay.com\/de\/vermietung\/ferienhauser-teneriffa-c19e81\/\" target=\"_blank\">\n\t\t\t\t\t\t<span class=\"elementor-button-content-wrapper\">\n\t\t\t\t\t\t\t\t\t<span class=\"elementor-button-text\">Ferienhaus Teneriffa<\/span>\n\t\t\t\t\t<\/span>\n\t\t\t\t\t<\/a>\n\t\t\t\t<\/div>\n\t\t\t\t\t\t\t\t<\/div>\n\t\t\t\t<\/div>\n\t\t\t\t\t<\/div>\n\t\t<\/div>\n\t\t\t\t\t<\/div>\n\t\t<\/section>\n\t\t\t\t<\/div>\n\t\t","protected":false},"excerpt":{"rendered":"<p>Entdecken Sie die charmanten St\u00e4dte im Norden Teneriffas und ihren authentischen Charme. Besuchen Sie sie jetzt!<\/p>\n","protected":false},"author":3,"featured_media":1694,"comment_status":"open","ping_status":"open","sticky":false,"template":"","format":"standard","meta":{"footnotes":""},"categories":[83,59],"class_list":["post-1705","post","type-post","status-publish","format-standard","has-post-thumbnail","hentry","category-teneriffa-de","category-teneriffa","tag-no-template"],"yoast_head":"<!-- This site is optimized with the Yoast SEO plugin v27.2 - https:\/\/yoast.com\/product\/yoast-seo-wordpress\/ -->\n<title>Die malerischsten D\u00f6rfer im Norden Teneriffas: Ein Guide f\u00fcr Genie\u00dfer &amp; exklusive Unterk\u00fcnfte - Urlaub auf Teneriffa Nord | Sansof\u00e9<\/title>\n<meta name=\"description\" content=\"Entdecken Sie die charmanten St\u00e4dte im Norden Teneriffas und ihren authentischen Charme. Besuchen Sie sie jetzt!\" \/>\n<meta name=\"robots\" content=\"index, follow, max-snippet:-1, max-image-preview:large, max-video-preview:-1\" \/>\n<link rel=\"canonical\" href=\"https:\/\/www.sansofestay.com\/blog\/de\/doerfer-norden-teneriffas\/\" \/>\n<meta property=\"og:locale\" content=\"de_DE\" \/>\n<meta property=\"og:type\" content=\"article\" \/>\n<meta property=\"og:title\" content=\"Die malerischsten D\u00f6rfer im Norden Teneriffas: Ein Guide f\u00fcr Genie\u00dfer &amp; exklusive Unterk\u00fcnfte - Urlaub auf Teneriffa Nord | Sansof\u00e9\" \/>\n<meta property=\"og:description\" content=\"Entdecken Sie die charmanten St\u00e4dte im Norden Teneriffas und ihren authentischen Charme. Besuchen Sie sie jetzt!\" \/>\n<meta property=\"og:url\" content=\"https:\/\/www.sansofestay.com\/blog\/de\/doerfer-norden-teneriffas\/\" \/>\n<meta property=\"og:site_name\" content=\"Urlaub auf Teneriffa Nord | Sansof\u00e9\" \/>\n<meta property=\"article:published_time\" content=\"2026-03-31T14:56:11+00:00\" \/>\n<meta property=\"article:modified_time\" content=\"2026-04-01T08:37:38+00:00\" \/>\n<meta property=\"og:image\" content=\"https:\/\/www.sansofestay.com\/blog\/wp-content\/uploads\/2024\/07\/Los-Realejos.jpg\" \/>\n\t<meta property=\"og:image:width\" content=\"1920\" \/>\n\t<meta property=\"og:image:height\" content=\"1344\" \/>\n\t<meta property=\"og:image:type\" content=\"image\/jpeg\" \/>\n<meta name=\"author\" content=\"digitalservices@avantio.com\" \/>\n<meta name=\"twitter:card\" content=\"summary_large_image\" \/>\n<meta name=\"twitter:label1\" content=\"Verfasst von\" \/>\n\t<meta name=\"twitter:data1\" content=\"digitalservices@avantio.com\" \/>\n\t<meta name=\"twitter:label2\" content=\"Gesch\u00e4tzte Lesezeit\" \/>\n\t<meta name=\"twitter:data2\" content=\"12\u00a0Minuten\" \/>\n<script type=\"application\/ld+json\" class=\"yoast-schema-graph\">{\"@context\":\"https:\/\/schema.org\",\"@graph\":[{\"@type\":\"Article\",\"@id\":\"https:\/\/www.sansofestay.com\/blog\/de\/doerfer-norden-teneriffas\/#article\",\"isPartOf\":{\"@id\":\"https:\/\/www.sansofestay.com\/blog\/de\/doerfer-norden-teneriffas\/\"},\"author\":{\"name\":\"digitalservices@avantio.com\",\"@id\":\"https:\/\/www.sansofestay.com\/blog\/de\/#\/schema\/person\/c206c4732c6fd34c0667c8566b602cd6\"},\"headline\":\"Die malerischsten D\u00f6rfer im Norden Teneriffas: Ein Guide f\u00fcr Genie\u00dfer &#038; exklusive Unterk\u00fcnfte\",\"datePublished\":\"2026-03-31T14:56:11+00:00\",\"dateModified\":\"2026-04-01T08:37:38+00:00\",\"mainEntityOfPage\":{\"@id\":\"https:\/\/www.sansofestay.com\/blog\/de\/doerfer-norden-teneriffas\/\"},\"wordCount\":1574,\"commentCount\":0,\"image\":{\"@id\":\"https:\/\/www.sansofestay.com\/blog\/de\/doerfer-norden-teneriffas\/#primaryimage\"},\"thumbnailUrl\":\"https:\/\/www.sansofestay.com\/blog\/wp-content\/uploads\/2024\/07\/Los-Realejos.jpg\",\"keywords\":[\"No template\"],\"articleSection\":[\"Teneriffa\",\"Teneriffa\"],\"inLanguage\":\"de\",\"potentialAction\":[{\"@type\":\"CommentAction\",\"name\":\"Comment\",\"target\":[\"https:\/\/www.sansofestay.com\/blog\/de\/doerfer-norden-teneriffas\/#respond\"]}]},{\"@type\":\"WebPage\",\"@id\":\"https:\/\/www.sansofestay.com\/blog\/de\/doerfer-norden-teneriffas\/\",\"url\":\"https:\/\/www.sansofestay.com\/blog\/de\/doerfer-norden-teneriffas\/\",\"name\":\"Die malerischsten D\u00f6rfer im Norden Teneriffas: Ein Guide f\u00fcr Genie\u00dfer & exklusive Unterk\u00fcnfte - Urlaub auf Teneriffa Nord | Sansof\u00e9\",\"isPartOf\":{\"@id\":\"https:\/\/www.sansofestay.com\/blog\/de\/#website\"},\"primaryImageOfPage\":{\"@id\":\"https:\/\/www.sansofestay.com\/blog\/de\/doerfer-norden-teneriffas\/#primaryimage\"},\"image\":{\"@id\":\"https:\/\/www.sansofestay.com\/blog\/de\/doerfer-norden-teneriffas\/#primaryimage\"},\"thumbnailUrl\":\"https:\/\/www.sansofestay.com\/blog\/wp-content\/uploads\/2024\/07\/Los-Realejos.jpg\",\"datePublished\":\"2026-03-31T14:56:11+00:00\",\"dateModified\":\"2026-04-01T08:37:38+00:00\",\"author\":{\"@id\":\"https:\/\/www.sansofestay.com\/blog\/de\/#\/schema\/person\/c206c4732c6fd34c0667c8566b602cd6\"},\"description\":\"Entdecken Sie die charmanten St\u00e4dte im Norden Teneriffas und ihren authentischen Charme. Besuchen Sie sie jetzt!\",\"inLanguage\":\"de\",\"potentialAction\":[{\"@type\":\"ReadAction\",\"target\":[\"https:\/\/www.sansofestay.com\/blog\/de\/doerfer-norden-teneriffas\/\"]}]},{\"@type\":\"ImageObject\",\"inLanguage\":\"de\",\"@id\":\"https:\/\/www.sansofestay.com\/blog\/de\/doerfer-norden-teneriffas\/#primaryimage\",\"url\":\"https:\/\/www.sansofestay.com\/blog\/wp-content\/uploads\/2024\/07\/Los-Realejos.jpg\",\"contentUrl\":\"https:\/\/www.sansofestay.com\/blog\/wp-content\/uploads\/2024\/07\/Los-Realejos.jpg\",\"width\":1920,\"height\":1344,\"caption\":\"Los-Realejos\"},{\"@type\":\"WebSite\",\"@id\":\"https:\/\/www.sansofestay.com\/blog\/de\/#website\",\"url\":\"https:\/\/www.sansofestay.com\/blog\/de\/\",\"name\":\"Urlaub auf Teneriffa Nord | Sansof\u00e9\",\"description\":\"Touristische Informationen \u00fcber die Insel Teneriffa. Entdecken Sie die Insel, die besten Gegenden, Aktivit\u00e4ten und Tipps.\",\"potentialAction\":[{\"@type\":\"SearchAction\",\"target\":{\"@type\":\"EntryPoint\",\"urlTemplate\":\"https:\/\/www.sansofestay.com\/blog\/de\/?s={search_term_string}\"},\"query-input\":{\"@type\":\"PropertyValueSpecification\",\"valueRequired\":true,\"valueName\":\"search_term_string\"}}],\"inLanguage\":\"de\"},{\"@type\":\"Person\",\"@id\":\"https:\/\/www.sansofestay.com\/blog\/de\/#\/schema\/person\/c206c4732c6fd34c0667c8566b602cd6\",\"name\":\"digitalservices@avantio.com\",\"image\":{\"@type\":\"ImageObject\",\"inLanguage\":\"de\",\"@id\":\"https:\/\/secure.gravatar.com\/avatar\/af30f88a1904294c1f3eb09a9d7903eec4ffa18fa2cf40c28a8681014ecdfc20?s=96&d=mm&r=g\",\"url\":\"https:\/\/secure.gravatar.com\/avatar\/af30f88a1904294c1f3eb09a9d7903eec4ffa18fa2cf40c28a8681014ecdfc20?s=96&d=mm&r=g\",\"contentUrl\":\"https:\/\/secure.gravatar.com\/avatar\/af30f88a1904294c1f3eb09a9d7903eec4ffa18fa2cf40c28a8681014ecdfc20?s=96&d=mm&r=g\",\"caption\":\"digitalservices@avantio.com\"},\"url\":\"https:\/\/www.sansofestay.com\/blog\/de\/author\/digitalservicesavantio-com\/\"}]}<\/script>\n<!-- \/ Yoast SEO plugin. -->","yoast_head_json":{"title":"Die malerischsten D\u00f6rfer im Norden Teneriffas: Ein Guide f\u00fcr Genie\u00dfer & exklusive Unterk\u00fcnfte - Urlaub auf Teneriffa Nord | Sansof\u00e9","description":"Entdecken Sie die charmanten St\u00e4dte im Norden Teneriffas und ihren authentischen Charme. Besuchen Sie sie jetzt!","robots":{"index":"index","follow":"follow","max-snippet":"max-snippet:-1","max-image-preview":"max-image-preview:large","max-video-preview":"max-video-preview:-1"},"canonical":"https:\/\/www.sansofestay.com\/blog\/de\/doerfer-norden-teneriffas\/","og_locale":"de_DE","og_type":"article","og_title":"Die malerischsten D\u00f6rfer im Norden Teneriffas: Ein Guide f\u00fcr Genie\u00dfer & exklusive Unterk\u00fcnfte - Urlaub auf Teneriffa Nord | Sansof\u00e9","og_description":"Entdecken Sie die charmanten St\u00e4dte im Norden Teneriffas und ihren authentischen Charme. Besuchen Sie sie jetzt!","og_url":"https:\/\/www.sansofestay.com\/blog\/de\/doerfer-norden-teneriffas\/","og_site_name":"Urlaub auf Teneriffa Nord | Sansof\u00e9","article_published_time":"2026-03-31T14:56:11+00:00","article_modified_time":"2026-04-01T08:37:38+00:00","og_image":[{"width":1920,"height":1344,"url":"https:\/\/www.sansofestay.com\/blog\/wp-content\/uploads\/2024\/07\/Los-Realejos.jpg","type":"image\/jpeg"}],"author":"digitalservices@avantio.com","twitter_card":"summary_large_image","twitter_misc":{"Verfasst von":"digitalservices@avantio.com","Gesch\u00e4tzte Lesezeit":"12\u00a0Minuten"},"schema":{"@context":"https:\/\/schema.org","@graph":[{"@type":"Article","@id":"https:\/\/www.sansofestay.com\/blog\/de\/doerfer-norden-teneriffas\/#article","isPartOf":{"@id":"https:\/\/www.sansofestay.com\/blog\/de\/doerfer-norden-teneriffas\/"},"author":{"name":"digitalservices@avantio.com","@id":"https:\/\/www.sansofestay.com\/blog\/de\/#\/schema\/person\/c206c4732c6fd34c0667c8566b602cd6"},"headline":"Die malerischsten D\u00f6rfer im Norden Teneriffas: Ein Guide f\u00fcr Genie\u00dfer &#038; exklusive Unterk\u00fcnfte","datePublished":"2026-03-31T14:56:11+00:00","dateModified":"2026-04-01T08:37:38+00:00","mainEntityOfPage":{"@id":"https:\/\/www.sansofestay.com\/blog\/de\/doerfer-norden-teneriffas\/"},"wordCount":1574,"commentCount":0,"image":{"@id":"https:\/\/www.sansofestay.com\/blog\/de\/doerfer-norden-teneriffas\/#primaryimage"},"thumbnailUrl":"https:\/\/www.sansofestay.com\/blog\/wp-content\/uploads\/2024\/07\/Los-Realejos.jpg","keywords":["No template"],"articleSection":["Teneriffa","Teneriffa"],"inLanguage":"de","potentialAction":[{"@type":"CommentAction","name":"Comment","target":["https:\/\/www.sansofestay.com\/blog\/de\/doerfer-norden-teneriffas\/#respond"]}]},{"@type":"WebPage","@id":"https:\/\/www.sansofestay.com\/blog\/de\/doerfer-norden-teneriffas\/","url":"https:\/\/www.sansofestay.com\/blog\/de\/doerfer-norden-teneriffas\/","name":"Die malerischsten D\u00f6rfer im Norden Teneriffas: Ein Guide f\u00fcr Genie\u00dfer & exklusive Unterk\u00fcnfte - Urlaub auf Teneriffa Nord | Sansof\u00e9","isPartOf":{"@id":"https:\/\/www.sansofestay.com\/blog\/de\/#website"},"primaryImageOfPage":{"@id":"https:\/\/www.sansofestay.com\/blog\/de\/doerfer-norden-teneriffas\/#primaryimage"},"image":{"@id":"https:\/\/www.sansofestay.com\/blog\/de\/doerfer-norden-teneriffas\/#primaryimage"},"thumbnailUrl":"https:\/\/www.sansofestay.com\/blog\/wp-content\/uploads\/2024\/07\/Los-Realejos.jpg","datePublished":"2026-03-31T14:56:11+00:00","dateModified":"2026-04-01T08:37:38+00:00","author":{"@id":"https:\/\/www.sansofestay.com\/blog\/de\/#\/schema\/person\/c206c4732c6fd34c0667c8566b602cd6"},"description":"Entdecken Sie die charmanten St\u00e4dte im Norden Teneriffas und ihren authentischen Charme. Besuchen Sie sie jetzt!","inLanguage":"de","potentialAction":[{"@type":"ReadAction","target":["https:\/\/www.sansofestay.com\/blog\/de\/doerfer-norden-teneriffas\/"]}]},{"@type":"ImageObject","inLanguage":"de","@id":"https:\/\/www.sansofestay.com\/blog\/de\/doerfer-norden-teneriffas\/#primaryimage","url":"https:\/\/www.sansofestay.com\/blog\/wp-content\/uploads\/2024\/07\/Los-Realejos.jpg","contentUrl":"https:\/\/www.sansofestay.com\/blog\/wp-content\/uploads\/2024\/07\/Los-Realejos.jpg","width":1920,"height":1344,"caption":"Los-Realejos"},{"@type":"WebSite","@id":"https:\/\/www.sansofestay.com\/blog\/de\/#website","url":"https:\/\/www.sansofestay.com\/blog\/de\/","name":"Urlaub auf Teneriffa Nord | Sansof\u00e9","description":"Touristische Informationen \u00fcber die Insel Teneriffa. Entdecken Sie die Insel, die besten Gegenden, Aktivit\u00e4ten und Tipps.","potentialAction":[{"@type":"SearchAction","target":{"@type":"EntryPoint","urlTemplate":"https:\/\/www.sansofestay.com\/blog\/de\/?s={search_term_string}"},"query-input":{"@type":"PropertyValueSpecification","valueRequired":true,"valueName":"search_term_string"}}],"inLanguage":"de"},{"@type":"Person","@id":"https:\/\/www.sansofestay.com\/blog\/de\/#\/schema\/person\/c206c4732c6fd34c0667c8566b602cd6","name":"digitalservices@avantio.com","image":{"@type":"ImageObject","inLanguage":"de","@id":"https:\/\/secure.gravatar.com\/avatar\/af30f88a1904294c1f3eb09a9d7903eec4ffa18fa2cf40c28a8681014ecdfc20?s=96&d=mm&r=g","url":"https:\/\/secure.gravatar.com\/avatar\/af30f88a1904294c1f3eb09a9d7903eec4ffa18fa2cf40c28a8681014ecdfc20?s=96&d=mm&r=g","contentUrl":"https:\/\/secure.gravatar.com\/avatar\/af30f88a1904294c1f3eb09a9d7903eec4ffa18fa2cf40c28a8681014ecdfc20?s=96&d=mm&r=g","caption":"digitalservices@avantio.com"},"url":"https:\/\/www.sansofestay.com\/blog\/de\/author\/digitalservicesavantio-com\/"}]}},"_pingme":"1","_encloseme":"1","_top_nav_excluded":"","_cms_nav_minihome":"","_last_translation_edit_mode":"native-editor","_edit_last":"3","_wpml_media_featured":"1","_wpml_media_duplicate":"1","_edit_lock":"1775033063:3","_wpml_word_count":"1756","_yoast_wpseo_estimated-reading-time-minutes":"12","_yoast_wpseo_meta-robots-noindex":"","_yoast_wpseo_meta-robots-nofollow":"","_yoast_wpseo_wordproof_timestamp":"","_yoast_wpseo_primary_category":83,"_elementor_edit_mode":"builder","_elementor_template_type":"wp-post","_elementor_version":"3.35.9","_elementor_pro_version":"3.35.1","_wp_page_template":"default","_elementor_page_settings":{"page_template":"elementor_header_footer"},"_elementor_data":"[{\"id\":\"24ed476c\",\"elType\":\"section\",\"settings\":[],\"elements\":[{\"id\":\"4ecae29\",\"elType\":\"column\",\"settings\":{\"_column_size\":100,\"_inline_size\":null},\"elements\":[{\"id\":\"3078ce93\",\"elType\":\"widget\",\"settings\":{\"editor\":\"<p><span style=\\\"font-weight: 400;\\\">Die D\\u00f6rfer im Norden Teneriffas sind noch unentdeckte Juwelen und fast geheime Sch\\u00e4tze der Kanarischen Inseln, gepr\\u00e4gt von einem einzigartigen Charme, der es verdient, mit aller Ruhe und Aufmerksamkeit erkundet zu werden. Beginnen Sie in La Laguna, einer historischen Stadt mit alten Gassen, die darauf warten, zu Fu\\u00df entdeckt zu werden, farbenfrohen Kolonialbauten und einer lebendigen, jungen Atmosph\\u00e4re. Als UNESCO-Weltkulturerbe bietet La Laguna ein tiefes Eintauchen in die reiche Geschichte und Kultur der Insel.<\\\/span><\\\/p><p><span style=\\\"font-weight: 400;\\\">Doch dieser Teil der Insel birgt noch viele weitere Highlights: Garachico mit seinen nat\\u00fcrlichen Meeresschwimmbecken und vulkanischer Lava; Icod de los Vinos mit seinem tausendj\\u00e4hrigen Drachenbaum und seinen Weinkellern; Puerto de la Cruz mit seinen schwarzen <a href=\\\"https:\\\/\\\/www.sansofestay.com\\\/blog\\\/de\\\/entspannung-an-den-straenden-im-norden-teneriffas\\\/\\\">Sandstr\\u00e4nden<\\\/a> und dem wundersch\\u00f6nen Lago Marti\\u00e1nez. Begleiten Sie uns durch diesen Artikel und erfahren Sie alles Wissenswerte \\u00fcber die D\\u00f6rfer im Norden Teneriffas \\u2013 wahre Sch\\u00e4tze, die Sie im Norden der Insel erkunden und genie\\u00dfen k\\u00f6nnen.<\\\/span><\\\/p><p>Die Brise des Atlantiks zu sp\\u00fcren, w\\u00e4hrend man diese Pfade entlangwandert, ist eine Erfahrung, die Erholung neu definiert. Im Norden taucht das kanarische Licht jeden Winkel in einen besonderen Glanz \\u2013 von den Klippen bis hin zu den von indischen Lorbeerb\\u00e4umen beschatteten Pl\\u00e4tzen \\u2013 und schafft eine Atmosph\\u00e4re unvergleichlicher Ruhe.<\\\/p>\",\"text_color\":\"#7A7A7A\",\"typography_typography\":\"custom\",\"typography_font_family\":\"Maven Pro\",\"typography_font_size\":{\"unit\":\"px\",\"size\":18,\"sizes\":[]},\"typography_font_weight\":\"400\",\"align\":\"justify\",\"_margin\":{\"unit\":\"px\",\"top\":\"-15\",\"right\":\"0\",\"bottom\":\"0\",\"left\":\"0\",\"isLinked\":false}},\"elements\":[],\"widgetType\":\"text-editor\"}],\"isInner\":false}],\"isInner\":false},{\"id\":\"8fd6660\",\"elType\":\"section\",\"settings\":[],\"elements\":[{\"id\":\"c2f9b94\",\"elType\":\"column\",\"settings\":{\"_column_size\":100,\"_inline_size\":null},\"elements\":[{\"id\":\"3445dc6\",\"elType\":\"widget\",\"settings\":{\"text\":\"Unterk\\u00fcnfte auf Teneriffa\",\"link\":{\"url\":\"#alojamientos\",\"is_external\":\"\",\"nofollow\":\"\",\"custom_attributes\":\"\"},\"align\":\"center\",\"__globals__\":{\"background_color\":\"globals\\\/colors?id=primary\"}},\"elements\":[],\"widgetType\":\"button\"}],\"isInner\":false}],\"isInner\":false},{\"id\":\"1094bf03\",\"elType\":\"section\",\"settings\":[],\"elements\":[{\"id\":\"3a57c1ba\",\"elType\":\"column\",\"settings\":{\"_column_size\":100,\"_inline_size\":null},\"elements\":[{\"id\":\"42f913d9\",\"elType\":\"widget\",\"settings\":{\"title\":\"INHALTSVERZEICHNIS\",\"html_tag\":\"div\",\"headings_by_tags\":[\"h2\"],\"exclude_headings_by_selector\":[],\"border_radius\":{\"unit\":\"px\",\"size\":20,\"sizes\":[]},\"header_background_color\":\"#69775E\",\"header_text_color\":\"#FFFFFF\",\"no_headings_message\":\"Auf dieser Seite wurden keine \\u00dcberschriften gefunden.\",\"__globals__\":{\"item_text_color_hover\":\"globals\\\/colors?id=primary\"}},\"elements\":[],\"widgetType\":\"table-of-contents\"}],\"isInner\":false}],\"isInner\":false},{\"id\":\"6f291700\",\"elType\":\"section\",\"settings\":[],\"elements\":[{\"id\":\"140bd990\",\"elType\":\"column\",\"settings\":{\"_column_size\":100,\"_inline_size\":null},\"elements\":[{\"id\":\"4e687273\",\"elType\":\"widget\",\"settings\":{\"title\":\"D\\u00f6rfer im Norden Teneriffas: Perfekt f\\u00fcr l\\u00e4ndliche Auszeiten\",\"title_color\":\"#69775E\",\"typography_typography\":\"custom\",\"typography_font_family\":\"Maven Pro\",\"typography_font_size\":{\"unit\":\"px\",\"size\":30,\"sizes\":[]},\"typography_font_weight\":\"700\"},\"elements\":[],\"widgetType\":\"heading\"},{\"id\":\"37ed3836\",\"elType\":\"widget\",\"settings\":{\"editor\":\"<p><span style='font-weight: 400;'>Der Norden Teneriffas ist ideal f\\u00fcr l\\u00e4ndliche Kurztrips, da er eine Mischung aus Naturlandschaften und historischen D\\u00f6rfern bietet. San Juan de la Rambla und Los Realejos sind K\\u00fcstenorte, die nat\\u00fcrliche Sch\\u00f6nheit mit einem rustikalen Ambiente verbinden \\u2013 perfekt, um dem Alltag zu entfliehen. Jeder dieser Orte bietet eine authentische und revitalisierende Erfahrung, ideal f\\u00fcr alle, die eine Atmosph\\u00e4re der Ruhe, des Friedens und den Kontakt zur Natur suchen.<\\\/span><\\\/p><p>Wenn Sie den perfekten R\\u00fcckzugsort suchen, um sich mit dieser Essenz zu verbinden, bringt Sie unsere <a href='https:\\\/\\\/www.sansofestay.com\\\/alquiler-vacacional-la-matanza-de-acentejo-tenerife'>Ferienunterkunft in La Matanza de Acentejo<\\\/a> direkt in das Herz der kanarischen Authentizit\\u00e4t, umgeben von Weinbergen und unendlichen Ausblicken auf den Ozean.<\\\/p>\",\"text_color\":\"#7A7A7A\",\"typography_typography\":\"custom\",\"typography_font_family\":\"Maven Pro\",\"typography_font_size\":{\"unit\":\"px\",\"size\":18,\"sizes\":[]},\"typography_font_weight\":\"400\",\"align\":\"justify\",\"_margin\":{\"unit\":\"px\",\"top\":\"-15\",\"right\":\"0\",\"bottom\":\"0\",\"left\":\"0\",\"isLinked\":false}},\"elements\":[],\"widgetType\":\"text-editor\"}],\"isInner\":false}],\"isInner\":false},{\"id\":\"4e40c3a\",\"elType\":\"section\",\"settings\":[],\"elements\":[{\"id\":\"86a8bc8\",\"elType\":\"column\",\"settings\":{\"_column_size\":100,\"_inline_size\":null},\"elements\":[{\"id\":\"e681704\",\"elType\":\"widget\",\"settings\":{\"title\":\"Entdecken Sie die sch\\u00f6nsten D\\u00f6rfer im Norden Teneriffas\",\"title_color\":\"#69775E\",\"typography_typography\":\"custom\",\"typography_font_family\":\"Maven Pro\",\"typography_font_size\":{\"unit\":\"px\",\"size\":30,\"sizes\":[]},\"typography_font_weight\":\"700\"},\"elements\":[],\"widgetType\":\"heading\"},{\"id\":\"20e4a75\",\"elType\":\"widget\",\"settings\":{\"editor\":\"<p><span style='font-weight: 400;'>Teneriffa ist viel mehr als nur Str\\u00e4nde, und seine D\\u00f6rfer verdienen zweifellos einen Besuch. M\\u00f6chten Sie wissen, welche Orte im Norden Teneriffas Sie bei Ihrer n\\u00e4chsten Reise auf die Kanaren unbedingt besuchen sollten? Werfen Sie einen Blick auf unsere Liste!<\\\/span><\\\/p>\",\"text_color\":\"#7A7A7A\",\"typography_typography\":\"custom\",\"typography_font_family\":\"Maven Pro\",\"typography_font_size\":{\"unit\":\"px\",\"size\":18,\"sizes\":[]},\"typography_font_weight\":\"400\",\"align\":\"justify\",\"_margin\":{\"unit\":\"px\",\"top\":\"-15\",\"right\":\"0\",\"bottom\":\"0\",\"left\":\"0\",\"isLinked\":false}},\"elements\":[],\"widgetType\":\"text-editor\"}],\"isInner\":false}],\"isInner\":false},{\"id\":\"3fdcfbc\",\"elType\":\"section\",\"settings\":{\"structure\":\"20\"},\"elements\":[{\"id\":\"d8f3d0b\",\"elType\":\"column\",\"settings\":{\"_column_size\":50,\"_inline_size\":null},\"elements\":[{\"id\":\"5801242\",\"elType\":\"widget\",\"settings\":{\"title\":\"Los Realejos\",\"header_size\":\"h3\",\"title_color\":\"#69775E\",\"typography_typography\":\"custom\",\"typography_font_family\":\"Maven Pro\",\"typography_font_size\":{\"unit\":\"px\",\"size\":20,\"sizes\":[]},\"typography_font_weight\":\"700\"},\"elements\":[],\"widgetType\":\"heading\"},{\"id\":\"c37e438\",\"elType\":\"widget\",\"settings\":{\"image\":{\"url\":\"https:\\\/\\\/www.sansofestay.com\\\/blog\\\/wp-content\\\/uploads\\\/2024\\\/07\\\/Los-Realejos.jpg\",\"id\":1694},\"image_size\":\"post\"},\"elements\":[],\"widgetType\":\"image\"},{\"id\":\"a8faa88\",\"elType\":\"widget\",\"settings\":{\"editor\":\"<p><span style='font-weight: 400;'>Diese malerische Stadt ist bekannt f\\u00fcr ihre traditionellen Festlichkeiten und ihre reiche Geschichte. Erkunden Sie die Kirchen und Aussichtspunkte, um den Panoramablick \\u00fcber das Orotava-Tal zu genie\\u00dfen.<\\\/span><\\\/p>\",\"text_color\":\"#7A7A7A\",\"typography_typography\":\"custom\",\"typography_font_family\":\"Maven Pro\",\"typography_font_size\":{\"unit\":\"px\",\"size\":18,\"sizes\":[]},\"typography_font_weight\":\"400\",\"align\":\"justify\",\"_margin\":{\"unit\":\"px\",\"top\":\"-15\",\"right\":\"0\",\"bottom\":\"0\",\"left\":\"0\",\"isLinked\":false}},\"elements\":[],\"widgetType\":\"text-editor\"}],\"isInner\":false},{\"id\":\"f65ace4\",\"elType\":\"column\",\"settings\":{\"_column_size\":50,\"_inline_size\":null},\"elements\":[{\"id\":\"15b8635\",\"elType\":\"widget\",\"settings\":{\"title\":\"San Juan de la Rambla\",\"header_size\":\"h3\",\"title_color\":\"#69775E\",\"typography_typography\":\"custom\",\"typography_font_family\":\"Maven Pro\",\"typography_font_size\":{\"unit\":\"px\",\"size\":20,\"sizes\":[]},\"typography_font_weight\":\"700\"},\"elements\":[],\"widgetType\":\"heading\"},{\"id\":\"1a0803f\",\"elType\":\"widget\",\"settings\":{\"image\":{\"url\":\"https:\\\/\\\/www.sansofestay.com\\\/blog\\\/wp-content\\\/uploads\\\/2024\\\/07\\\/San-Juan-de-la-Rambla.jpg\",\"id\":1691},\"image_size\":\"post\"},\"elements\":[],\"widgetType\":\"image\"},{\"id\":\"3a4cc41\",\"elType\":\"widget\",\"settings\":{\"editor\":\"<p><span style='font-weight: 400;'>Ein kleines K\\u00fcstendorf mit rustikalem Charme, perfekt f\\u00fcr einen entspannten Spaziergang. Besuchen Sie die Plaza de San Juan und die wundersch\\u00f6ne K\\u00fcstenzone.<\\\/span><\\\/p>\",\"text_color\":\"#7A7A7A\",\"typography_typography\":\"custom\",\"typography_font_family\":\"Maven Pro\",\"typography_font_size\":{\"unit\":\"px\",\"size\":18,\"sizes\":[]},\"typography_font_weight\":\"400\",\"align\":\"justify\",\"_margin\":{\"unit\":\"px\",\"top\":\"-15\",\"right\":\"0\",\"bottom\":\"0\",\"left\":\"0\",\"isLinked\":false}},\"elements\":[],\"widgetType\":\"text-editor\"}],\"isInner\":false}],\"isInner\":false},{\"id\":\"bc37de8\",\"elType\":\"section\",\"settings\":{\"structure\":\"30\"},\"elements\":[{\"id\":\"5cc7bf5\",\"elType\":\"column\",\"settings\":{\"_column_size\":33,\"_inline_size\":null},\"elements\":[{\"id\":\"0493255\",\"elType\":\"widget\",\"settings\":{\"title\":\"La Guancha\",\"header_size\":\"h3\",\"title_color\":\"#69775E\",\"typography_typography\":\"custom\",\"typography_font_family\":\"Maven Pro\",\"typography_font_size\":{\"unit\":\"px\",\"size\":20,\"sizes\":[]},\"typography_font_weight\":\"700\"},\"elements\":[],\"widgetType\":\"heading\"},{\"id\":\"e7aa309\",\"elType\":\"widget\",\"settings\":{\"image\":{\"url\":\"https:\\\/\\\/www.sansofestay.com\\\/blog\\\/wp-content\\\/uploads\\\/2024\\\/07\\\/La-Guancha.jpeg\",\"id\":1688},\"image_size\":\"post\"},\"elements\":[],\"widgetType\":\"image\"},{\"id\":\"7c741b0\",\"elType\":\"widget\",\"settings\":{\"editor\":\"<p><span style='font-weight: 400;'>Ein ruhiges Dorf mit Weinbergen und landwirtschaftlich gepr\\u00e4gten Landschaften. Die lokalen Bodegas sind ideal, um traditionelle Weine zu verkosten und das l\\u00e4ndliche Ambiente zu genie\\u00dfen.<\\\/span><\\\/p>\",\"text_color\":\"#7A7A7A\",\"typography_typography\":\"custom\",\"typography_font_family\":\"Maven Pro\",\"typography_font_size\":{\"unit\":\"px\",\"size\":18,\"sizes\":[]},\"typography_font_weight\":\"400\",\"align\":\"justify\",\"_margin\":{\"unit\":\"px\",\"top\":\"-15\",\"right\":\"0\",\"bottom\":\"0\",\"left\":\"0\",\"isLinked\":false}},\"elements\":[],\"widgetType\":\"text-editor\"}],\"isInner\":false},{\"id\":\"818d25b\",\"elType\":\"column\",\"settings\":{\"_column_size\":33,\"_inline_size\":null},\"elements\":[{\"id\":\"567bb7d\",\"elType\":\"widget\",\"settings\":{\"title\":\"Taganana\",\"header_size\":\"h3\",\"title_color\":\"#69775E\",\"typography_typography\":\"custom\",\"typography_font_family\":\"Maven Pro\",\"typography_font_size\":{\"unit\":\"px\",\"size\":20,\"sizes\":[]},\"typography_font_weight\":\"700\"},\"elements\":[],\"widgetType\":\"heading\"},{\"id\":\"6bb9394\",\"elType\":\"widget\",\"settings\":{\"image\":{\"url\":\"https:\\\/\\\/www.sansofestay.com\\\/blog\\\/wp-content\\\/uploads\\\/2024\\\/07\\\/Taganana.jpg\",\"id\":1685},\"image_size\":\"post\"},\"elements\":[],\"widgetType\":\"image\"},{\"id\":\"5fce68d\",\"elType\":\"widget\",\"settings\":{\"editor\":\"<p><span style='font-weight: 400;'>Im Landschaftspark Anaga gelegen, bietet dieses Dorf beeindruckende Ausblicke auf den Atlantik und Wanderwege, die zu einsamen Str\\u00e4nden wie der Playa de Benijo f\\u00fchren, die f\\u00fcr ihre starke Brandung und spektakul\\u00e4re Kulisse bekannt ist.<\\\/span><\\\/p>\",\"text_color\":\"#7A7A7A\",\"typography_typography\":\"custom\",\"typography_font_family\":\"Maven Pro\",\"typography_font_size\":{\"unit\":\"px\",\"size\":18,\"sizes\":[]},\"typography_font_weight\":\"400\",\"align\":\"justify\",\"_margin\":{\"unit\":\"px\",\"top\":\"-15\",\"right\":\"0\",\"bottom\":\"0\",\"left\":\"0\",\"isLinked\":false}},\"elements\":[],\"widgetType\":\"text-editor\"}],\"isInner\":false},{\"id\":\"39440e2\",\"elType\":\"column\",\"settings\":{\"_column_size\":33,\"_inline_size\":null},\"elements\":[{\"id\":\"db4927d\",\"elType\":\"widget\",\"settings\":{\"title\":\"La Orotava\",\"header_size\":\"h3\",\"title_color\":\"#69775E\",\"typography_typography\":\"custom\",\"typography_font_family\":\"Maven Pro\",\"typography_font_size\":{\"unit\":\"px\",\"size\":20,\"sizes\":[]},\"typography_font_weight\":\"700\"},\"elements\":[],\"widgetType\":\"heading\"},{\"id\":\"09b5b56\",\"elType\":\"widget\",\"settings\":{\"image\":{\"url\":\"https:\\\/\\\/www.sansofestay.com\\\/blog\\\/wp-content\\\/uploads\\\/2024\\\/07\\\/Orotava.jpg\",\"id\":1682},\"image_size\":\"post\"},\"elements\":[],\"widgetType\":\"image\"},{\"id\":\"ba7144c\",\"elType\":\"widget\",\"settings\":{\"editor\":\"<p><span style='font-weight: 400;'>Eine historische Stadt mit kopfsteingepflasterten Gassen, Kolonialh\\u00e4usern und \\u00fcppigen G\\u00e4rten. Verpassen Sie nicht das Casa de los Balcones, ber\\u00fchmt f\\u00fcr seine geschnitzten Holzbalkone, und die Victoria-G\\u00e4rten, perfekt f\\u00fcr einen ruhigen Spaziergang.<\\\/span><\\\/p>\",\"text_color\":\"#7A7A7A\",\"typography_typography\":\"custom\",\"typography_font_family\":\"Maven Pro\",\"typography_font_size\":{\"unit\":\"px\",\"size\":18,\"sizes\":[]},\"typography_font_weight\":\"400\",\"align\":\"justify\",\"_margin\":{\"unit\":\"px\",\"top\":\"-15\",\"right\":\"0\",\"bottom\":\"0\",\"left\":\"0\",\"isLinked\":false}},\"elements\":[],\"widgetType\":\"text-editor\"}],\"isInner\":false}],\"isInner\":false},{\"id\":\"8ce8586\",\"elType\":\"section\",\"settings\":[],\"elements\":[{\"id\":\"4de56dc\",\"elType\":\"column\",\"settings\":{\"_column_size\":100,\"_inline_size\":null},\"elements\":[{\"id\":\"d32bd67\",\"elType\":\"widget\",\"settings\":{\"editor\":\"<p><span style=\\\"background-color: transparent;\\\">Erkunden Sie die <a href=\\\"https:\\\/\\\/www.sansofestay.com\\\/de\\\/ferienvermietung-la-matanza-de-acentejo-teneriffa\\\/\\\">sch\\u00f6nsten D\\u00f6rfer im Norden Teneriffas<\\\/a> und entdecken Sie ein riesiges Angebot an Aktivit\\u00e4ten f\\u00fcr Ihren Urlaub: kulturelle Momente, Eintauchen in die Natur, Gastronomie, Str\\u00e4nde und vieles mehr. Teneriffa hat alles.<\\\/span><\\\/p><h2>Ihr R\\u00fcckzugsort am Meer im Norden Teneriffas<\\\/h2><p>Stellen Sie sich vor, in einem lichtdurchfluteten Apartment mit einem Schlafzimmer aufzuwachen, in dem jedes Fenster den Garten und das tiefe Blau des Atlantiks einrahmt. Auf unserer Finca ist Ruhe die Norm. Genie\\u00dfen Sie einen beheizten Pool und einen Grillbereich, der nur mit 8 weiteren unabh\\u00e4ngigen Unterk\\u00fcnften geteilt wird, was Exklusivit\\u00e4t und Gelassenheit garantiert.<\\\/p><p>Es ist der ideale Ausgangspunkt, um <a href=\\\"https:\\\/\\\/www.sansofestay.com\\\/de\\\/ferien-vermietung-teneriffa\\\/\\\">Ferienunterk\\u00fcnfte auf Teneriffa<\\\/a> zu entdecken, die wirklich mit der Essenz der Insel verbinden.<\\\/p>\",\"text_color\":\"#7A7A7A\",\"typography_typography\":\"custom\",\"typography_font_family\":\"Maven Pro\",\"typography_font_size\":{\"unit\":\"px\",\"size\":18,\"sizes\":[]},\"typography_font_weight\":\"400\",\"align\":\"justify\",\"_margin\":{\"unit\":\"px\",\"top\":\"-15\",\"right\":\"0\",\"bottom\":\"0\",\"left\":\"0\",\"isLinked\":false}},\"elements\":[],\"widgetType\":\"text-editor\"}],\"isInner\":false}],\"isInner\":false},{\"id\":\"1f9d7b80\",\"elType\":\"section\",\"settings\":[],\"elements\":[{\"id\":\"7b4660f3\",\"elType\":\"column\",\"settings\":{\"_column_size\":100,\"_inline_size\":null},\"elements\":[{\"id\":\"50f8c8ad\",\"elType\":\"widget\",\"settings\":{\"title\":\"Was gibt es im Norden Teneriffas zu sehen?\\n\",\"title_color\":\"#69775E\",\"typography_typography\":\"custom\",\"typography_font_family\":\"Maven Pro\",\"typography_font_size\":{\"unit\":\"px\",\"size\":30,\"sizes\":[]},\"typography_font_weight\":\"700\"},\"elements\":[],\"widgetType\":\"heading\"},{\"id\":\"431aa390\",\"elType\":\"widget\",\"settings\":{\"editor\":\"<p><span style='font-weight: 400;'>In diesem Teil der Insel gibt es unglaublich viel zu sehen. Hier sind unsere pers\\u00f6nlichen Empfehlungen:<\\\/span><\\\/p>\",\"text_color\":\"#7A7A7A\",\"typography_typography\":\"custom\",\"typography_font_family\":\"Maven Pro\",\"typography_font_size\":{\"unit\":\"px\",\"size\":18,\"sizes\":[]},\"typography_font_weight\":\"400\",\"align\":\"justify\",\"_margin\":{\"unit\":\"px\",\"top\":\"-15\",\"right\":\"0\",\"bottom\":\"0\",\"left\":\"0\",\"isLinked\":false}},\"elements\":[],\"widgetType\":\"text-editor\"}],\"isInner\":false}],\"isInner\":false},{\"id\":\"324bc51\",\"elType\":\"section\",\"settings\":{\"structure\":\"30\"},\"elements\":[{\"id\":\"cc44c8f\",\"elType\":\"column\",\"settings\":{\"_column_size\":33,\"_inline_size\":null},\"elements\":[{\"id\":\"28b99fc7\",\"elType\":\"widget\",\"settings\":{\"title\":\"Landschaftspark Anaga\",\"header_size\":\"h3\",\"title_color\":\"#69775E\",\"typography_typography\":\"custom\",\"typography_font_family\":\"Maven Pro\",\"typography_font_size\":{\"unit\":\"px\",\"size\":20,\"sizes\":[]},\"typography_font_weight\":\"700\"},\"elements\":[],\"widgetType\":\"heading\"},{\"id\":\"762226f3\",\"elType\":\"widget\",\"settings\":{\"editor\":\"<p><span style='font-weight: 400;'>Ein Muss f\\u00fcr Naturliebhaber mit seinen beeindruckenden Wanderwegen und \\u00fcppig gr\\u00fcnen Landschaften. Der Mirador de Humboldt bietet unvergessliche Panoramablicke auf das Orotava-Tal und den Teide.<\\\/span><\\\/p>\",\"text_color\":\"#7A7A7A\",\"typography_typography\":\"custom\",\"typography_font_family\":\"Maven Pro\",\"typography_font_size\":{\"unit\":\"px\",\"size\":18,\"sizes\":[]},\"typography_font_weight\":\"400\",\"align\":\"justify\",\"_margin\":{\"unit\":\"px\",\"top\":\"-15\",\"right\":\"0\",\"bottom\":\"0\",\"left\":\"0\",\"isLinked\":false}},\"elements\":[],\"widgetType\":\"text-editor\"}],\"isInner\":false},{\"id\":\"9fd699e\",\"elType\":\"column\",\"settings\":{\"_column_size\":33,\"_inline_size\":null},\"elements\":[{\"id\":\"3229820\",\"elType\":\"widget\",\"settings\":{\"title\":\"Teide Nationalpark\",\"header_size\":\"h3\",\"title_color\":\"#69775E\",\"typography_typography\":\"custom\",\"typography_font_family\":\"Maven Pro\",\"typography_font_size\":{\"unit\":\"px\",\"size\":20,\"sizes\":[]},\"typography_font_weight\":\"700\"},\"elements\":[],\"widgetType\":\"heading\"},{\"id\":\"0b0696a\",\"elType\":\"widget\",\"settings\":{\"editor\":\"<p><span style='font-weight: 400;'>Obwohl der Teide fast im Zentrum der Insel liegt, sind die Aussichten und Routen von Norden aus spektakul\\u00e4r. Die Stra\\u00dfe, die von La Orotava hinauff\\u00fchrt, bietet unglaubliche Ausblicke und bringt Sie zum h\\u00f6chsten Gipfel Spaniens.<\\\/span><\\\/p>\",\"text_color\":\"#7A7A7A\",\"typography_typography\":\"custom\",\"typography_font_family\":\"Maven Pro\",\"typography_font_size\":{\"unit\":\"px\",\"size\":18,\"sizes\":[]},\"typography_font_weight\":\"400\",\"align\":\"justify\",\"_margin\":{\"unit\":\"px\",\"top\":\"-15\",\"right\":\"0\",\"bottom\":\"0\",\"left\":\"0\",\"isLinked\":false}},\"elements\":[],\"widgetType\":\"text-editor\"}],\"isInner\":false},{\"id\":\"2e888c4\",\"elType\":\"column\",\"settings\":{\"_column_size\":33,\"_inline_size\":null},\"elements\":[{\"id\":\"a7a0988\",\"elType\":\"widget\",\"settings\":{\"title\":\"Punta del Hidalgo\",\"header_size\":\"h3\",\"title_color\":\"#69775E\",\"typography_typography\":\"custom\",\"typography_font_family\":\"Maven Pro\",\"typography_font_size\":{\"unit\":\"px\",\"size\":20,\"sizes\":[]},\"typography_font_weight\":\"700\"},\"elements\":[],\"widgetType\":\"heading\"},{\"id\":\"4fe4136\",\"elType\":\"widget\",\"settings\":{\"editor\":\"<p><span style='font-weight: 400;'>Bekannt f\\u00fcr seine Felsformationen und nat\\u00fcrlichen Pools, ist dies ein beliebter Ort zum Wandern und um die Aussicht auf den Ozean und das Anaga-Gebirge zu genie\\u00dfen.<\\\/span><\\\/p>\",\"text_color\":\"#7A7A7A\",\"typography_typography\":\"custom\",\"typography_font_family\":\"Maven Pro\",\"typography_font_size\":{\"unit\":\"px\",\"size\":18,\"sizes\":[]},\"typography_font_weight\":\"400\",\"align\":\"justify\",\"_margin\":{\"unit\":\"px\",\"top\":\"-15\",\"right\":\"0\",\"bottom\":\"0\",\"left\":\"0\",\"isLinked\":false}},\"elements\":[],\"widgetType\":\"text-editor\"}],\"isInner\":false}],\"isInner\":false},{\"id\":\"0a11131\",\"elType\":\"section\",\"settings\":[],\"elements\":[{\"id\":\"78e5d93\",\"elType\":\"column\",\"settings\":{\"_column_size\":100,\"_inline_size\":null},\"elements\":[{\"id\":\"1ee5255\",\"elType\":\"widget\",\"settings\":{\"editor\":\"<p><span style='background-color: transparent;'>Die Erkundung des Nordens von Teneriffa bietet eine unglaubliche Mischung aus Natur, Kultur und Geschichte, die ein unvergessliches Erlebnis garantiert.<\\\/span><\\\/p>\",\"text_color\":\"#7A7A7A\",\"typography_typography\":\"custom\",\"typography_font_family\":\"Maven Pro\",\"typography_font_size\":{\"unit\":\"px\",\"size\":18,\"sizes\":[]},\"typography_font_weight\":\"400\",\"align\":\"justify\",\"_margin\":{\"unit\":\"px\",\"top\":\"-15\",\"right\":\"0\",\"bottom\":\"0\",\"left\":\"0\",\"isLinked\":false}},\"elements\":[],\"widgetType\":\"text-editor\"}],\"isInner\":false}],\"isInner\":false},{\"id\":\"82bd415\",\"elType\":\"section\",\"settings\":[],\"elements\":[{\"id\":\"ca3f964\",\"elType\":\"column\",\"settings\":{\"_column_size\":100,\"_inline_size\":null},\"elements\":[{\"id\":\"8dbb98e\",\"elType\":\"widget\",\"settings\":{\"image\":{\"url\":\"https:\\\/\\\/www.sansofestay.com\\\/blog\\\/wp-content\\\/uploads\\\/2024\\\/07\\\/teide-norte-tenerife.jpg\",\"id\":1679,\"size\":\"\",\"alt\":\"teide norte tenerife\",\"source\":\"library\"},\"image_size\":\"full\",\"caption\":\"616016346\"},\"elements\":[],\"widgetType\":\"image\"}],\"isInner\":false}],\"isInner\":false},{\"id\":\"babbd95\",\"elType\":\"section\",\"settings\":[],\"elements\":[{\"id\":\"d27d1e5\",\"elType\":\"column\",\"settings\":{\"_column_size\":100,\"_inline_size\":null},\"elements\":[{\"id\":\"6a83b05\",\"elType\":\"widget\",\"settings\":{\"title\":\"Entdecken Sie die traditionelle K\\u00fcche des Nordens von Teneriffa\",\"title_color\":\"#69775E\",\"typography_typography\":\"custom\",\"typography_font_family\":\"Maven Pro\",\"typography_font_size\":{\"unit\":\"px\",\"size\":30,\"sizes\":[]},\"typography_font_weight\":\"700\"},\"elements\":[],\"widgetType\":\"heading\"},{\"id\":\"4664a36\",\"elType\":\"widget\",\"settings\":{\"editor\":\"<p><span style='font-weight: 400;'>Die traditionelle K\\u00fcche im Norden Teneriffas zeichnet sich durch die Verwendung lokaler Zutaten und \\u00fcberlieferter Rezepte aus. Der Besuch der verschiedenen D\\u00f6rfer ist der beste Weg, sie zu entdecken. Die \\\"Papas arrugadas\\\" sind ein unverzichtbares typisches Gericht, das meist mit reichlich \\\"Mojo pic\\u00f3n\\\" und \\\"Mojo verde\\\" serviert wird. \\\"Gofio\\\" ist ein weiteres Muss der kanarischen K\\u00fcche: ein ger\\u00f6stetes Getreidemehl, das in vielen Gerichten verwendet wird. Frischer Fisch wie Zackenbarsch (Mero) oder Papageifisch (Vieja) wird oft gegrillt. Kaninchen in Salmorejo-Sauce ist ein beliebtes Gericht, mariniert in einer Mischung aus Knoblauch, Wein und Gew\\u00fcrzen. Als Dessert ist \\\"Bienmesabe\\\" sehr beliebt, eine Mischung aus Mandeln, Honig und Eiern. Die lokalen Weine, insbesondere die Wei\\u00dfweine aus La Orotava, passen hervorragend zu diesen K\\u00f6stlichkeiten und machen den Besuch zu einem Erlebnis f\\u00fcr alle Sinne.<\\\/span><\\\/p>\",\"text_color\":\"#7A7A7A\",\"typography_typography\":\"custom\",\"typography_font_family\":\"Maven Pro\",\"typography_font_size\":{\"unit\":\"px\",\"size\":18,\"sizes\":[]},\"typography_font_weight\":\"400\",\"align\":\"justify\",\"_margin\":{\"unit\":\"px\",\"top\":\"-15\",\"right\":\"0\",\"bottom\":\"0\",\"left\":\"0\",\"isLinked\":false}},\"elements\":[],\"widgetType\":\"text-editor\"}],\"isInner\":false}],\"isInner\":false},{\"id\":\"3de528e\",\"elType\":\"section\",\"settings\":[],\"elements\":[{\"id\":\"1ca2322\",\"elType\":\"column\",\"settings\":{\"_column_size\":100,\"_inline_size\":null},\"elements\":[{\"id\":\"577633e\",\"elType\":\"widget\",\"settings\":{\"title\":\"Unterk\\u00fcnfte auf Teneriffa\"},\"elements\":[],\"widgetType\":\"heading\"}],\"isInner\":false}],\"isInner\":false},{\"id\":\"b148194\",\"elType\":\"section\",\"settings\":[],\"elements\":[{\"id\":\"183329f\",\"elType\":\"column\",\"settings\":{\"_column_size\":100,\"_inline_size\":null},\"elements\":[{\"id\":\"ec815d4\",\"elType\":\"widget\",\"settings\":{\"categorias\":[\"5201\"],\"ocultar_ubicacion\":\"none\",\"titulo_typography_typography\":\"custom\",\"titulo_typography_font_size\":{\"unit\":\"px\",\"size\":18,\"sizes\":[]},\"precio_typography_typography\":\"custom\",\"precio_typography_font_size\":{\"unit\":\"px\",\"size\":16,\"sizes\":[]},\"_element_id\":\"alojamientos\",\"__globals__\":{\"color_titulo\":\"globals\\\/colors?id=primary\"}},\"elements\":[],\"widgetType\":\"grid\"}],\"isInner\":false}],\"isInner\":false},{\"id\":\"41d1697\",\"elType\":\"section\",\"settings\":[],\"elements\":[{\"id\":\"d3daa09\",\"elType\":\"column\",\"settings\":{\"_column_size\":100,\"_inline_size\":null},\"elements\":[{\"id\":\"e8a70bf\",\"elType\":\"widget\",\"settings\":{\"title\":\"Das kulturelle Angebot der besten Orte im Norden Teneriffas\",\"title_color\":\"#69775E\",\"typography_typography\":\"custom\",\"typography_font_family\":\"Maven Pro\",\"typography_font_size\":{\"unit\":\"px\",\"size\":30,\"sizes\":[]},\"typography_font_weight\":\"700\"},\"elements\":[],\"widgetType\":\"heading\"},{\"id\":\"056ec37\",\"elType\":\"widget\",\"settings\":{\"editor\":\"<p><span style='font-weight: 400;'>Der Norden Teneriffas bietet eine reiche kulturelle Vielfalt: Santa Cruz de Tenerife, die Hauptstadt, ist ber\\u00fchmt f\\u00fcr ihren Karneval, einen der gr\\u00f6\\u00dften der Welt, bei dem Einheimische und Besucher in einer einzigartigen Erfahrung zusammenkommen. Besuchen Sie auch das Museum f\\u00fcr Natur und Mensch, das die Arch\\u00e4ologie und Naturgeschichte der Kanaren beleuchtet. La Laguna, UNESCO-Weltkulturerbe, verzaubert mit seinen Kolonialstra\\u00dfen und der Universit\\u00e4t.<\\\/span><\\\/p><p><span style='font-weight: 400;'>Puerto de la Cruz hingegen ist bekannt f\\u00fcr den Loro Parque und seine lebendige Kunstszene. In La Orotava werden noch immer faszinierende Traditionen wie Fronleichnam (Corpus Christi) mit seinen Blumenteppichen gepflegt. Bei Volksfesten werden traditionelle Musik und T\\u00e4nze wie die \\\"Isa\\\" und der \\\"Tajaraste\\\" gefeiert. Kulturelle Veranstaltungen und Festivals spiegeln das reiche Erbe der Kanarischen Inseln und ihrer Menschen wider.<\\\/span><\\\/p><h2>Geheimnisse des Atlantiks: Str\\u00e4nde und Naturschwimmbecken<\\\/h2><p>Nicht nur von Architektur leben diese Gemeinden. Die Nordk\\u00fcste verbirgt wilde Buchten, die den Besuch der D\\u00f6rfer perfekt erg\\u00e4nzen. Wir empfehlen Ihnen unseren Guide \\u00fcber die besten <a href='https:\\\/\\\/www.sansofestay.com\\\/blog\\\/playas-tenerife-norte\\\/'>Str\\u00e4nde im Norden Teneriffas<\\\/a>, um Ihre Route zwischen erfrischenden Spr\\u00fcngen in den Atlantik zu vervollst\\u00e4ndigen.<\\\/p>\",\"text_color\":\"#7A7A7A\",\"typography_typography\":\"custom\",\"typography_font_family\":\"Maven Pro\",\"typography_font_size\":{\"unit\":\"px\",\"size\":18,\"sizes\":[]},\"typography_font_weight\":\"400\",\"align\":\"justify\",\"_margin\":{\"unit\":\"px\",\"top\":\"-15\",\"right\":\"0\",\"bottom\":\"0\",\"left\":\"0\",\"isLinked\":false}},\"elements\":[],\"widgetType\":\"text-editor\"}],\"isInner\":false}],\"isInner\":false},{\"id\":\"092a51e\",\"elType\":\"section\",\"settings\":[],\"elements\":[{\"id\":\"928e375\",\"elType\":\"column\",\"settings\":{\"_column_size\":100,\"_inline_size\":null},\"elements\":[{\"id\":\"f5a9617\",\"elType\":\"widget\",\"settings\":{\"image\":{\"url\":\"https:\\\/\\\/www.sansofestay.com\\\/blog\\\/wp-content\\\/uploads\\\/2024\\\/01\\\/matanza-acentejo.jpg\",\"id\":1042,\"size\":\"\",\"alt\":\"matanza-acentejo\",\"source\":\"library\"},\"image_size\":\"full\"},\"elements\":[],\"widgetType\":\"image\"},{\"id\":\"dce9505\",\"elType\":\"widget\",\"settings\":{\"editor\":\"<p><em>Matanza de Acentejo<\\\/em><\\\/p>\",\"text_color\":\"#7A7A7A\",\"typography_typography\":\"custom\",\"typography_font_family\":\"Maven Pro\",\"typography_font_size\":{\"unit\":\"px\",\"size\":18,\"sizes\":[]},\"typography_font_weight\":\"400\",\"align\":\"justify\",\"_margin\":{\"unit\":\"px\",\"top\":\"-15\",\"right\":\"0\",\"bottom\":\"0\",\"left\":\"0\",\"isLinked\":false}},\"elements\":[],\"widgetType\":\"text-editor\"}],\"isInner\":false}],\"isInner\":false},{\"id\":\"8ff3fda\",\"elType\":\"section\",\"settings\":[],\"elements\":[{\"id\":\"1f91609\",\"elType\":\"column\",\"settings\":{\"_column_size\":100,\"_inline_size\":null},\"elements\":[{\"id\":\"ff6c143\",\"elType\":\"widget\",\"settings\":{\"title\":\"Unterk\\u00fcnfte mit Pool auf Teneriffa\"},\"elements\":[],\"widgetType\":\"heading\"}],\"isInner\":false}],\"isInner\":false},{\"id\":\"297a2c5\",\"elType\":\"section\",\"settings\":[],\"elements\":[{\"id\":\"6b219d7\",\"elType\":\"column\",\"settings\":{\"_column_size\":100,\"_inline_size\":null},\"elements\":[{\"id\":\"17087a8\",\"elType\":\"widget\",\"settings\":{\"categorias\":[\"8953\"],\"ocultar_ubicacion\":\"none\",\"titulo_typography_typography\":\"custom\",\"titulo_typography_font_size\":{\"unit\":\"px\",\"size\":18,\"sizes\":[]},\"precio_typography_typography\":\"custom\",\"precio_typography_font_size\":{\"unit\":\"px\",\"size\":16,\"sizes\":[]},\"__globals__\":{\"color_titulo\":\"globals\\\/colors?id=primary\"}},\"elements\":[],\"widgetType\":\"grid\"}],\"isInner\":false}],\"isInner\":false},{\"id\":\"44947b2\",\"elType\":\"section\",\"settings\":[],\"elements\":[{\"id\":\"ce66494\",\"elType\":\"column\",\"settings\":{\"_column_size\":100,\"_inline_size\":null},\"elements\":[{\"id\":\"f4cbd3c\",\"elType\":\"widget\",\"settings\":{\"title\":\"Ein absolutes Muss: Entdecken Sie die wundersch\\u00f6nen D\\u00f6rfer im Norden Teneriffas\",\"title_color\":\"#69775E\",\"typography_typography\":\"custom\",\"typography_font_family\":\"Maven Pro\",\"typography_font_size\":{\"unit\":\"px\",\"size\":30,\"sizes\":[]},\"typography_font_weight\":\"700\"},\"elements\":[],\"widgetType\":\"heading\"},{\"id\":\"c88b6c6\",\"elType\":\"widget\",\"settings\":{\"editor\":\"<p><span style=\\\"font-weight: 400;\\\">In diesem Artikel haben wir Ihnen noch mehr Gr\\u00fcnde gegeben, die Insel Teneriffa zu besuchen. Beginnen Sie jetzt mit der Planung Ihrer n\\u00e4chsten Reise. Wir empfehlen Ihnen einige der <\\\/span><a href=\\\"https:\\\/\\\/www.sansofestay.com\\\/de\\\"><span style=\\\"font-weight: 400;\\\">besten Unterk\\u00fcnfte im Norden Teneriffas<\\\/span><\\\/a><span style=\\\"font-weight: 400;\\\">, damit Ihr Erlebnis noch besser wird \\u2013 egal ob Sie allein, als Paar, mit der Familie oder mit Freunden kommen.<\\\/span><\\\/p>\",\"text_color\":\"#7A7A7A\",\"typography_typography\":\"custom\",\"typography_font_family\":\"Maven Pro\",\"typography_font_size\":{\"unit\":\"px\",\"size\":18,\"sizes\":[]},\"typography_font_weight\":\"400\",\"align\":\"justify\",\"_margin\":{\"unit\":\"px\",\"top\":\"-15\",\"right\":\"0\",\"bottom\":\"0\",\"left\":\"0\",\"isLinked\":false}},\"elements\":[],\"widgetType\":\"text-editor\"}],\"isInner\":false}],\"isInner\":false},{\"id\":\"faq_section_new\",\"elType\":\"section\",\"settings\":[],\"elements\":[{\"id\":\"faq_col_new\",\"elType\":\"column\",\"settings\":{\"_column_size\":100},\"elements\":[{\"id\":\"faq_h2_new\",\"elType\":\"widget\",\"settings\":{\"title\":\"H\\u00e4ufig gestellte Fragen zu den sch\\u00f6nsten D\\u00f6rfern im Norden Teneriffas\",\"title_color\":\"#69775E\",\"typography_typography\":\"custom\",\"typography_font_family\":\"Maven Pro\",\"typography_font_size\":{\"unit\":\"px\",\"size\":30},\"typography_font_weight\":\"700\"},\"elements\":[],\"widgetType\":\"heading\"},{\"id\":\"faq_text_new\",\"elType\":\"widget\",\"settings\":{\"editor\":\"<h3>Welches ist das sch\\u00f6nste Dorf im Norden Teneriffas?<\\\/h3><p>Obwohl es subjektiv ist, f\\u00fchren La Orotava und Garachico aufgrund ihrer Kolonialarchitektur und ihrer direkten Verbindung zum Atlantik oft die Listen an.<\\\/p><h3>Wo findet man die besten Guachinches?<\\\/h3><p>Die D\\u00f6rfer La Matanza und Santa \\u00darsula sind ber\\u00fchmt f\\u00fcr ihre Guachinches, in denen Sie hausgemachten Wein und traditionelles Essen unter der Brise des Nordens probieren k\\u00f6nnen.<\\\/p><h3>Ben\\u00f6tigt man ein Auto, um diese D\\u00f6rfer zu besuchen?<\\\/h3><p>Um die Freiheit zu genie\\u00dfen, auch abgelegene Ecken wie Taganana oder die Aussichtspunkte der K\\u00fcste zu erreichen, empfehlen wir, ein Fahrzeug zu mieten und sich auf den Stra\\u00dfen mit Meerblick zu verlieren.<\\\/p>\",\"text_color\":\"#7A7A7A\",\"typography_typography\":\"custom\",\"typography_font_family\":\"Maven Pro\",\"typography_font_size\":{\"unit\":\"px\",\"size\":18},\"align\":\"justify\"},\"elements\":[],\"widgetType\":\"text-editor\"}],\"isInner\":false}],\"isInner\":false},{\"id\":\"37138fcb\",\"elType\":\"section\",\"settings\":{\"structure\":\"30\"},\"elements\":[{\"id\":\"6fc9d626\",\"elType\":\"column\",\"settings\":{\"_column_size\":33,\"_inline_size\":null},\"elements\":[{\"id\":\"68a272ed\",\"elType\":\"widget\",\"settings\":{\"text\":\"Unterkunft Teneriffa\",\"link\":{\"url\":\"https:\\\/\\\/www.sansofestay.com\\\/de\\\/vermietung\\\/vermietungen-teneriffa-e81\\\/\",\"is_external\":\"on\",\"nofollow\":\"\",\"custom_attributes\":\"\"},\"align\":\"center\",\"background_color\":\"#69775E\"},\"elements\":[],\"widgetType\":\"button\"}],\"isInner\":false},{\"id\":\"2e6f607b\",\"elType\":\"column\",\"settings\":{\"_column_size\":33,\"_inline_size\":null},\"elements\":[{\"id\":\"76130382\",\"elType\":\"widget\",\"settings\":{\"text\":\"Ferienwohnung Teneriffa\",\"link\":{\"url\":\"https:\\\/\\\/www.sansofestay.com\\\/de\\\/vermietung\\\/ferienwohnungen-teneriffa-c1e81\\\/\",\"is_external\":\"on\",\"nofollow\":\"\",\"custom_attributes\":\"\"},\"align\":\"center\",\"background_color\":\"#69775E\"},\"elements\":[],\"widgetType\":\"button\"}],\"isInner\":false},{\"id\":\"313f70a0\",\"elType\":\"column\",\"settings\":{\"_column_size\":33,\"_inline_size\":null},\"elements\":[{\"id\":\"1c169255\",\"elType\":\"widget\",\"settings\":{\"text\":\"Ferienhaus Teneriffa\",\"link\":{\"url\":\"https:\\\/\\\/www.sansofestay.com\\\/de\\\/vermietung\\\/ferienhauser-teneriffa-c19e81\\\/\",\"is_external\":\"on\",\"nofollow\":\"\",\"custom_attributes\":\"\"},\"align\":\"center\",\"background_color\":\"#69775E\"},\"elements\":[],\"widgetType\":\"button\"}],\"isInner\":false}],\"isInner\":false}]","_yoast_wpseo_content_score":"60","_wpml_location_migration_done":"","_yoast_wpseo_metadesc":"Entdecken Sie die charmanten St\u00e4dte im Norden Teneriffas und ihren authentischen Charme. Besuchen Sie sie jetzt!","_wpse_old_slug":"die-sehenswerten-doerfer-im-norden-teneriffas","_thumbnail_id":"1694","_yoast_wpseo_focuskw":"D\u00f6rfer im Norden Teneriffas","_yoast_wpseo_title":"","_yoast_wpseo_linkdex":"65","_elementor_controls_usage":{"text-editor":{"count":19,"control_percent":1,"controls":{"content":{"section_editor":{"editor":19}},"style":{"section_style":{"text_color":19,"typography_typography":19,"typography_font_family":19,"typography_font_size":19,"typography_font_weight":18,"align":19}},"advanced":{"_section_style":{"_margin":18}}}},"column":{"count":29,"control_percent":0,"controls":{"layout":{"layout":{"_inline_size":28}}}},"section":{"count":22,"control_percent":0,"controls":{"layout":{"section_structure":{"structure":4}}}},"button":{"count":4,"control_percent":1,"controls":{"content":{"section_button":{"text":4,"link":4}},"style":{"section_style":{"align":4,"background_color":3}}}},"table-of-contents":{"count":1,"control_percent":1,"controls":{"content":{"table_of_contents":{"title":1,"html_tag":1,"headings_by_tags":1,"no_headings_message":1}},"style":{"box_style":{"border_radius":1},"header_style":{"header_background_color":1,"header_text_color":1}}}},"heading":{"count":17,"control_percent":1,"controls":{"content":{"section_title":{"title":17,"header_size":8}},"style":{"section_title_style":{"title_color":15,"typography_typography":15,"typography_font_family":15,"typography_font_size":15,"typography_font_weight":15}}}},"image":{"count":7,"control_percent":0,"controls":{"content":{"section_image":{"image":7,"image_size":7,"caption":1}}}},"grid":{"count":2,"control_percent":1,"controls":{"content":{"content_section_tipo_alojamiento":{"categorias":2}},"style":{"section_style_localizacion":{"ocultar_ubicacion":2},"section_style_titulo":{"titulo_typography_typography":2,"titulo_typography_font_size":2},"section_style_precio":{"precio_typography_typography":2,"precio_typography_font_size":2}},"advanced":{"_section_style":{"_element_id":1}}}}},"_wp_old_slug":"die-sehenswerten-doerfer-im-norden-teneriffas","_elementor_template_widget_type":"","_elementor_popup_display_settings":"","_wpml_post_translation_editor_native":"","_wp_old_date":"","_oembed_73d8af3ba4596fb88a7f14b93e1916a9":"","_oembed_time_73d8af3ba4596fb88a7f14b93e1916a9":"","_oembed_f9dc1bf2ed4539093f877876c5bac98e":"","_links":{"self":[{"href":"https:\/\/www.sansofestay.com\/blog\/de\/wp-json\/wp\/v2\/posts\/1705","targetHints":{"allow":["GET"]}}],"collection":[{"href":"https:\/\/www.sansofestay.com\/blog\/de\/wp-json\/wp\/v2\/posts"}],"about":[{"href":"https:\/\/www.sansofestay.com\/blog\/de\/wp-json\/wp\/v2\/types\/post"}],"author":[{"embeddable":true,"href":"https:\/\/www.sansofestay.com\/blog\/de\/wp-json\/wp\/v2\/users\/3"}],"replies":[{"embeddable":true,"href":"https:\/\/www.sansofestay.com\/blog\/de\/wp-json\/wp\/v2\/comments?post=1705"}],"version-history":[{"count":18,"href":"https:\/\/www.sansofestay.com\/blog\/de\/wp-json\/wp\/v2\/posts\/1705\/revisions"}],"predecessor-version":[{"id":3566,"href":"https:\/\/www.sansofestay.com\/blog\/de\/wp-json\/wp\/v2\/posts\/1705\/revisions\/3566"}],"wp:featuredmedia":[{"embeddable":true,"href":"https:\/\/www.sansofestay.com\/blog\/de\/wp-json\/wp\/v2\/media\/1694"}],"wp:attachment":[{"href":"https:\/\/www.sansofestay.com\/blog\/de\/wp-json\/wp\/v2\/media?parent=1705"}],"wp:term":[{"taxonomy":"category","embeddable":true,"href":"https:\/\/www.sansofestay.com\/blog\/de\/wp-json\/wp\/v2\/categories?post=1705"}],"curies":[{"name":"wp","href":"https:\/\/api.w.org\/{rel}","templated":true}]}}