{"id":207,"date":"2023-01-31T14:54:24","date_gmt":"2023-01-31T14:54:24","guid":{"rendered":"https:\/\/www.sansofestay.com\/blog\/?p=207"},"modified":"2025-05-21T11:22:14","modified_gmt":"2025-05-21T11:22:14","slug":"el-parque-natural-el-montillo-2","status":"publish","type":"post","link":"https:\/\/www.sansofestay.com\/blog\/de\/el-parque-natural-el-montillo-2\/","title":{"rendered":"Descubre el Parque Natural El Montillo en la Matanza de Acentejo"},"content":{"rendered":"\t\t<div data-elementor-type=\"wp-post\" data-elementor-id=\"207\" class=\"elementor elementor-207\" data-elementor-post-type=\"post\">\n\t\t\t\t\t\t<section class=\"elementor-section elementor-top-section elementor-element elementor-element-d92cfb5 elementor-section-boxed elementor-section-height-default elementor-section-height-default\" data-id=\"d92cfb5\" data-element_type=\"section\" data-e-type=\"section\">\n\t\t\t\t\t\t<div class=\"elementor-container elementor-column-gap-default\">\n\t\t\t\t\t<div class=\"elementor-column elementor-col-100 elementor-top-column elementor-element elementor-element-5a28003\" data-id=\"5a28003\" data-element_type=\"column\" data-e-type=\"column\">\n\t\t\t<div class=\"elementor-widget-wrap elementor-element-populated\">\n\t\t\t\t\t\t<div class=\"elementor-element elementor-element-24ea43d elementor-widget elementor-widget-text-editor\" data-id=\"24ea43d\" data-element_type=\"widget\" data-e-type=\"widget\" data-widget_type=\"text-editor.default\">\n\t\t\t\t<div class=\"elementor-widget-container\">\n\t\t\t\t\t\t\t\t\t<p>El <strong>Parque Natural El Montillo<\/strong> est\u00e1 situado en el norte de la isla Tenerife, en el municipio La Matanza de Acentejo. El pueblo es conocido por ser el enclave de la batalla de Acentejo en 1494, donde los guanches vencieron al ej\u00e9rcito castellano. En otros art\u00edculos te hemos hablado sobre <a href=\"https:\/\/www.sansofestay.com\/blog\/que-ver-matanza-de-acentejo\/\" target=\"_blank\" rel=\"noopener\">qu\u00e9 ver en la Matanza de Acentejo<\/a>. Aqu\u00ed queremos centrarnos en El Montillo que constituye a la vez un parque urbano y una reserva natural. Adem\u00e1s, en los \u00faltimos a\u00f1os se ha convertido en un verdadero rinc\u00f3n comunitario para el ocio y el deporte en la naturaleza para los tinerfe\u00f1os.<\/p>\t\t\t\t\t\t\t\t<\/div>\n\t\t\t\t<\/div>\n\t\t\t\t\t<\/div>\n\t\t<\/div>\n\t\t\t\t\t<\/div>\n\t\t<\/section>\n\t\t\t\t<section class=\"elementor-section elementor-top-section elementor-element elementor-element-613939e elementor-section-boxed elementor-section-height-default elementor-section-height-default\" data-id=\"613939e\" data-element_type=\"section\" data-e-type=\"section\">\n\t\t\t\t\t\t<div class=\"elementor-container elementor-column-gap-default\">\n\t\t\t\t\t<div class=\"elementor-column elementor-col-100 elementor-top-column elementor-element elementor-element-ec02087\" data-id=\"ec02087\" data-element_type=\"column\" data-e-type=\"column\">\n\t\t\t<div class=\"elementor-widget-wrap elementor-element-populated\">\n\t\t\t\t\t\t<div class=\"elementor-element elementor-element-a0026d1 elementor-widget elementor-widget-heading\" data-id=\"a0026d1\" data-element_type=\"widget\" data-e-type=\"widget\" data-widget_type=\"heading.default\">\n\t\t\t\t<div class=\"elementor-widget-container\">\n\t\t\t\t\t<h2 class=\"elementor-heading-title elementor-size-default\">Parque Natural El Montillo: im\u00e1genes que quedar\u00e1n grabadas en tu retina<\/h2>\t\t\t\t<\/div>\n\t\t\t\t<\/div>\n\t\t\t\t<div class=\"elementor-element elementor-element-d2c0bbd elementor-widget elementor-widget-text-editor\" data-id=\"d2c0bbd\" data-element_type=\"widget\" data-e-type=\"widget\" data-widget_type=\"text-editor.default\">\n\t\t\t\t<div class=\"elementor-widget-container\">\n\t\t\t\t\t\t\t\t\t<p>El <strong>Parque El Montillo<\/strong> El parque El Montillo es una reserva natural de gran belleza que comenz\u00f3 a construirse en el a\u00f1o 2009. Tras diez a\u00f1os de obras, fue inaugurado en el a\u00f1o 2019 con algunas trabas administrativas. El motivo de la demora fue una pol\u00e9mica por una posible afecci\u00f3n a una especie en peligro de extinci\u00f3n: el escarabajo <em>Pimelia radula radula<\/em>. Hoy en d\u00eda, el parque es un ejemplo de <strong>espacio sostenible <\/strong>que mantiene el equilibrio entre la conservaci\u00f3n, el respeto al medio natural y el uso responsable del entorno.<\/p>\t\t\t\t\t\t\t\t<\/div>\n\t\t\t\t<\/div>\n\t\t\t\t<div class=\"elementor-element elementor-element-8f99d8e elementor-widget elementor-widget-image\" data-id=\"8f99d8e\" data-element_type=\"widget\" data-e-type=\"widget\" data-widget_type=\"image.default\">\n\t\t\t\t<div class=\"elementor-widget-container\">\n\t\t\t\t\t\t\t\t\t\t\t\t\t\t\t<img fetchpriority=\"high\" decoding=\"async\" width=\"1920\" height=\"700\" src=\"https:\/\/www.sansofestay.com\/blog\/wp-content\/uploads\/2023\/01\/vista-parque-natural-el-montillo-tenerife.jpg\" class=\"attachment-full size-full wp-image-282\" alt=\"Vista del parque natural el montillo tenerife\" srcset=\"https:\/\/www.sansofestay.com\/blog\/wp-content\/uploads\/2023\/01\/vista-parque-natural-el-montillo-tenerife.jpg 1920w, https:\/\/www.sansofestay.com\/blog\/wp-content\/uploads\/2023\/01\/vista-parque-natural-el-montillo-tenerife-768x280.jpg 768w, https:\/\/www.sansofestay.com\/blog\/wp-content\/uploads\/2023\/01\/vista-parque-natural-el-montillo-tenerife-1536x560.jpg 1536w\" sizes=\"(max-width: 1920px) 100vw, 1920px\" \/>\t\t\t\t\t\t\t\t\t\t\t\t\t\t\t<\/div>\n\t\t\t\t<\/div>\n\t\t\t\t\t<\/div>\n\t\t<\/div>\n\t\t\t\t\t<\/div>\n\t\t<\/section>\n\t\t\t\t<section class=\"elementor-section elementor-top-section elementor-element elementor-element-44e10be elementor-section-boxed elementor-section-height-default elementor-section-height-default\" data-id=\"44e10be\" data-element_type=\"section\" data-e-type=\"section\">\n\t\t\t\t\t\t<div class=\"elementor-container elementor-column-gap-default\">\n\t\t\t\t\t<div class=\"elementor-column elementor-col-100 elementor-top-column elementor-element elementor-element-8f06a2b\" data-id=\"8f06a2b\" data-element_type=\"column\" data-e-type=\"column\">\n\t\t\t<div class=\"elementor-widget-wrap elementor-element-populated\">\n\t\t\t\t\t\t<div class=\"elementor-element elementor-element-48162e7 elementor-widget elementor-widget-text-editor\" data-id=\"48162e7\" data-element_type=\"widget\" data-e-type=\"widget\" data-widget_type=\"text-editor.default\">\n\t\t\t\t<div class=\"elementor-widget-container\">\n\t\t\t\t\t\t\t\t\t<p>En su primera fase el parque contaba con 30 000 m\u00b2, convirti\u00e9ndose en la mayor zona verde de La Matanza de Acentejo. Hoy tiene una extensi\u00f3n de m\u00e1s de 57 000 m\u00b2. Adem\u00e1s, la <strong>reserva natural El Montillo<\/strong> incluye 410 plantas y multitud de \u00e1rboles frutales, pinos canarios, palmeras y otras especies end\u00e9micas. El lugar tiene como objetivo principal el p\u00fablico infantil. De hecho, cuenta con muchas zonas de juegos para los m\u00e1s peque\u00f1os. No obstante, adultos y mayores tambi\u00e9n podr\u00e1n disfrutar de este espacio natural de recreaci\u00f3n. El parque puede visitarse todos los d\u00edas de 8:00 a 20:30 horas. Adem\u00e1s, los viernes y s\u00e1bados ampl\u00eda su horario de apertura hasta las 21 horas.<\/p>\t\t\t\t\t\t\t\t<\/div>\n\t\t\t\t<\/div>\n\t\t\t\t<div class=\"elementor-element elementor-element-1c34046 elementor-widget elementor-widget-heading\" data-id=\"1c34046\" data-element_type=\"widget\" data-e-type=\"widget\" data-widget_type=\"heading.default\">\n\t\t\t\t<div class=\"elementor-widget-container\">\n\t\t\t\t\t<h2 class=\"elementor-heading-title elementor-size-default\">Qu\u00e9 ver en el Parque Natural El Montillo de La Matanza<\/h2>\t\t\t\t<\/div>\n\t\t\t\t<\/div>\n\t\t\t\t<div class=\"elementor-element elementor-element-74a0495 elementor-widget elementor-widget-text-editor\" data-id=\"74a0495\" data-element_type=\"widget\" data-e-type=\"widget\" data-widget_type=\"text-editor.default\">\n\t\t\t\t<div class=\"elementor-widget-container\">\n\t\t\t\t\t\t\t\t\t<p>Lo primero que encuentras al entrar en el <strong>Parque Natural El Montillo<\/strong>, aparte de su espectacular vegetaci\u00f3n, es un mapa dispuesto por el Ayuntamiento de La Matanza de Acentejo. En \u00e9l, se indica el itinerario que puedes recorrer y tu posici\u00f3n en cada momento. Veamos, a continuaci\u00f3n, qu\u00e9 lugares de inter\u00e9s puedes encontrar en la <strong>reserva natural:<\/strong><\/p>\t\t\t\t\t\t\t\t<\/div>\n\t\t\t\t<\/div>\n\t\t\t\t<div class=\"elementor-element elementor-element-3983794 elementor-tablet-align-start elementor-hidden-desktop elementor-icon-list--layout-traditional elementor-list-item-link-full_width elementor-widget elementor-widget-icon-list\" data-id=\"3983794\" data-element_type=\"widget\" data-e-type=\"widget\" data-widget_type=\"icon-list.default\">\n\t\t\t\t<div class=\"elementor-widget-container\">\n\t\t\t\t\t\t\t<ul class=\"elementor-icon-list-items\">\n\t\t\t\t\t\t\t<li class=\"elementor-icon-list-item\">\n\t\t\t\t\t\t\t\t\t\t\t<span class=\"elementor-icon-list-icon\">\n\t\t\t\t\t\t\t<i aria-hidden=\"true\" class=\"fas fa-angle-right\"><\/i>\t\t\t\t\t\t<\/span>\n\t\t\t\t\t\t\t\t\t\t<span class=\"elementor-icon-list-text\">Centro de interpretaci\u00f3n<\/span>\n\t\t\t\t\t\t\t\t\t<\/li>\n\t\t\t\t\t\t\t\t<li class=\"elementor-icon-list-item\">\n\t\t\t\t\t\t\t\t\t\t\t<span class=\"elementor-icon-list-icon\">\n\t\t\t\t\t\t\t<i aria-hidden=\"true\" class=\"fas fa-angle-right\"><\/i>\t\t\t\t\t\t<\/span>\n\t\t\t\t\t\t\t\t\t\t<span class=\"elementor-icon-list-text\">Plaza de la igualdad, con una escultura aleg\u00f3rica<\/span>\n\t\t\t\t\t\t\t\t\t<\/li>\n\t\t\t\t\t\t\t\t<li class=\"elementor-icon-list-item\">\n\t\t\t\t\t\t\t\t\t\t\t<span class=\"elementor-icon-list-icon\">\n\t\t\t\t\t\t\t<i aria-hidden=\"true\" class=\"fas fa-angle-right\"><\/i>\t\t\t\t\t\t<\/span>\n\t\t\t\t\t\t\t\t\t\t<span class=\"elementor-icon-list-text\">Anfiteatro al aire libre, ideal para celebrar encuentros culturales, conciertos y obras de teatro<\/span>\n\t\t\t\t\t\t\t\t\t<\/li>\n\t\t\t\t\t\t\t\t<li class=\"elementor-icon-list-item\">\n\t\t\t\t\t\t\t\t\t\t\t<span class=\"elementor-icon-list-icon\">\n\t\t\t\t\t\t\t<i aria-hidden=\"true\" class=\"fas fa-angle-right\"><\/i>\t\t\t\t\t\t<\/span>\n\t\t\t\t\t\t\t\t\t\t<span class=\"elementor-icon-list-text\">Lago con cascada y peque\u00f1os barcos para navegar<\/span>\n\t\t\t\t\t\t\t\t\t<\/li>\n\t\t\t\t\t\t\t\t<li class=\"elementor-icon-list-item\">\n\t\t\t\t\t\t\t\t\t\t\t<span class=\"elementor-icon-list-icon\">\n\t\t\t\t\t\t\t<i aria-hidden=\"true\" class=\"fas fa-angle-right\"><\/i>\t\t\t\t\t\t<\/span>\n\t\t\t\t\t\t\t\t\t\t<span class=\"elementor-icon-list-text\">Parque infantil con arena de la playa, zonas con toboganes, columpios y una tirolina.<\/span>\n\t\t\t\t\t\t\t\t\t<\/li>\n\t\t\t\t\t\t<\/ul>\n\t\t\t\t\t\t<\/div>\n\t\t\t\t<\/div>\n\t\t\t\t<div class=\"elementor-element elementor-element-78b2a14 elementor-tablet-align-start elementor-hidden-desktop elementor-list-item-link-full_width elementor-widget elementor-widget-icon-list\" data-id=\"78b2a14\" data-element_type=\"widget\" data-e-type=\"widget\" data-widget_type=\"icon-list.default\">\n\t\t\t\t<div class=\"elementor-widget-container\">\n\t\t\t\t\t\t\t<ul class=\"elementor-icon-list-items\">\n\t\t\t\t\t\t\t<li class=\"elementor-icon-list-item\">\n\t\t\t\t\t\t\t\t\t\t\t<span class=\"elementor-icon-list-icon\">\n\t\t\t\t\t\t\t<i aria-hidden=\"true\" class=\"fas fa-angle-right\"><\/i>\t\t\t\t\t\t<\/span>\n\t\t\t\t\t\t\t\t\t\t<span class=\"elementor-icon-list-text\">Cafeter\u00eda con dos terrazas y precios asequibles<\/span>\n\t\t\t\t\t\t\t\t\t<\/li>\n\t\t\t\t\t\t\t\t<li class=\"elementor-icon-list-item\">\n\t\t\t\t\t\t\t\t\t\t\t<span class=\"elementor-icon-list-icon\">\n\t\t\t\t\t\t\t<i aria-hidden=\"true\" class=\"fas fa-angle-right\"><\/i>\t\t\t\t\t\t<\/span>\n\t\t\t\t\t\t\t\t\t\t<span class=\"elementor-icon-list-text\">Parque biosaludable con diferentes m\u00e1quinas para hacer ejercicio, especialmente, para los mayores<\/span>\n\t\t\t\t\t\t\t\t\t<\/li>\n\t\t\t\t\t\t\t\t<li class=\"elementor-icon-list-item\">\n\t\t\t\t\t\t\t\t\t\t\t<span class=\"elementor-icon-list-icon\">\n\t\t\t\t\t\t\t<i aria-hidden=\"true\" class=\"fas fa-angle-right\"><\/i>\t\t\t\t\t\t<\/span>\n\t\t\t\t\t\t\t\t\t\t<span class=\"elementor-icon-list-text\">Parque canino con circuitos para perros y fuentes para beber agua<\/span>\n\t\t\t\t\t\t\t\t\t<\/li>\n\t\t\t\t\t\t\t\t<li class=\"elementor-icon-list-item\">\n\t\t\t\t\t\t\t\t\t\t\t<span class=\"elementor-icon-list-icon\">\n\t\t\t\t\t\t\t<i aria-hidden=\"true\" class=\"fas fa-angle-right\"><\/i>\t\t\t\t\t\t<\/span>\n\t\t\t\t\t\t\t\t\t\t<span class=\"elementor-icon-list-text\">Circuito deportivo con m\u00e1quinas para practicar saltos, abdominales, rodillo, etc.<\/span>\n\t\t\t\t\t\t\t\t\t<\/li>\n\t\t\t\t\t\t\t\t<li class=\"elementor-icon-list-item\">\n\t\t\t\t\t\t\t\t\t\t\t<span class=\"elementor-icon-list-icon\">\n\t\t\t\t\t\t\t<i aria-hidden=\"true\" class=\"fas fa-angle-right\"><\/i>\t\t\t\t\t\t<\/span>\n\t\t\t\t\t\t\t\t\t\t<span class=\"elementor-icon-list-text\">Escultura Los agricultores, de un hombre y una mujer, que rinde homenaje a los agricultores de La Matanza de Acentejo<\/span>\n\t\t\t\t\t\t\t\t\t<\/li>\n\t\t\t\t\t\t<\/ul>\n\t\t\t\t\t\t<\/div>\n\t\t\t\t<\/div>\n\t\t\t\t<div class=\"elementor-element elementor-element-502bc75 elementor-hidden-desktop elementor-icon-list--layout-traditional elementor-list-item-link-full_width elementor-widget elementor-widget-icon-list\" data-id=\"502bc75\" data-element_type=\"widget\" data-e-type=\"widget\" data-widget_type=\"icon-list.default\">\n\t\t\t\t<div class=\"elementor-widget-container\">\n\t\t\t\t\t\t\t<ul class=\"elementor-icon-list-items\">\n\t\t\t\t\t\t\t<li class=\"elementor-icon-list-item\">\n\t\t\t\t\t\t\t\t\t\t\t<span class=\"elementor-icon-list-icon\">\n\t\t\t\t\t\t\t<i aria-hidden=\"true\" class=\"fas fa-angle-right\"><\/i>\t\t\t\t\t\t<\/span>\n\t\t\t\t\t\t\t\t\t\t<span class=\"elementor-icon-list-text\">Cancha de f\u00fatbol playa<\/span>\n\t\t\t\t\t\t\t\t\t<\/li>\n\t\t\t\t\t\t\t\t<li class=\"elementor-icon-list-item\">\n\t\t\t\t\t\t\t\t\t\t\t<span class=\"elementor-icon-list-icon\">\n\t\t\t\t\t\t\t<i aria-hidden=\"true\" class=\"fas fa-angle-right\"><\/i>\t\t\t\t\t\t<\/span>\n\t\t\t\t\t\t\t\t\t\t<span class=\"elementor-icon-list-text\">Espacio para practicar calistenia<\/span>\n\t\t\t\t\t\t\t\t\t<\/li>\n\t\t\t\t\t\t\t\t<li class=\"elementor-icon-list-item\">\n\t\t\t\t\t\t\t\t\t\t\t<span class=\"elementor-icon-list-icon\">\n\t\t\t\t\t\t\t<i aria-hidden=\"true\" class=\"fas fa-angle-right\"><\/i>\t\t\t\t\t\t<\/span>\n\t\t\t\t\t\t\t\t\t\t<span class=\"elementor-icon-list-text\">Los miradores de El Lago y La Escombrera<\/span>\n\t\t\t\t\t\t\t\t\t<\/li>\n\t\t\t\t\t\t\t\t<li class=\"elementor-icon-list-item\">\n\t\t\t\t\t\t\t\t\t\t\t<span class=\"elementor-icon-list-icon\">\n\t\t\t\t\t\t\t<i aria-hidden=\"true\" class=\"fas fa-angle-right\"><\/i>\t\t\t\t\t\t<\/span>\n\t\t\t\t\t\t\t\t\t\t<span class=\"elementor-icon-list-text\">Roc\u00f3dromo para practicar escalada<\/span>\n\t\t\t\t\t\t\t\t\t<\/li>\n\t\t\t\t\t\t\t\t<li class=\"elementor-icon-list-item\">\n\t\t\t\t\t\t\t\t\t\t\t<span class=\"elementor-icon-list-icon\">\n\t\t\t\t\t\t\t<i aria-hidden=\"true\" class=\"fas fa-angle-right\"><\/i>\t\t\t\t\t\t<\/span>\n\t\t\t\t\t\t\t\t\t\t<span class=\"elementor-icon-list-text\">Skatepark con un espacio de pump track separado del skate, que permite actividades de iniciaci\u00f3n para los m\u00e1s peque\u00f1os<\/span>\n\t\t\t\t\t\t\t\t\t<\/li>\n\t\t\t\t\t\t<\/ul>\n\t\t\t\t\t\t<\/div>\n\t\t\t\t<\/div>\n\t\t\t\t<section class=\"elementor-section elementor-inner-section elementor-element elementor-element-4d118140 elementor-hidden-tablet elementor-hidden-mobile elementor-section-boxed elementor-section-height-default elementor-section-height-default\" data-id=\"4d118140\" data-element_type=\"section\" data-e-type=\"section\">\n\t\t\t\t\t\t<div class=\"elementor-container elementor-column-gap-no\">\n\t\t\t\t\t<div class=\"elementor-column elementor-col-33 elementor-inner-column elementor-element elementor-element-235d41df\" data-id=\"235d41df\" data-element_type=\"column\" data-e-type=\"column\">\n\t\t\t<div class=\"elementor-widget-wrap elementor-element-populated\">\n\t\t\t\t\t\t<div class=\"elementor-element elementor-element-6cca34a3 elementor-tablet-align-start elementor-icon-list--layout-traditional elementor-list-item-link-full_width elementor-widget elementor-widget-icon-list\" data-id=\"6cca34a3\" data-element_type=\"widget\" data-e-type=\"widget\" data-settings=\"{&quot;motion_fx_motion_fx_scrolling&quot;:&quot;yes&quot;,&quot;motion_fx_devices&quot;:[&quot;desktop&quot;,&quot;tablet&quot;,&quot;mobile&quot;]}\" data-widget_type=\"icon-list.default\">\n\t\t\t\t<div class=\"elementor-widget-container\">\n\t\t\t\t\t\t\t<ul class=\"elementor-icon-list-items\">\n\t\t\t\t\t\t\t<li class=\"elementor-icon-list-item\">\n\t\t\t\t\t\t\t\t\t\t\t<span class=\"elementor-icon-list-icon\">\n\t\t\t\t\t\t\t<i aria-hidden=\"true\" class=\"fas fa-angle-right\"><\/i>\t\t\t\t\t\t<\/span>\n\t\t\t\t\t\t\t\t\t\t<span class=\"elementor-icon-list-text\">Centro de interpretaci\u00f3n<\/span>\n\t\t\t\t\t\t\t\t\t<\/li>\n\t\t\t\t\t\t\t\t<li class=\"elementor-icon-list-item\">\n\t\t\t\t\t\t\t\t\t\t\t<span class=\"elementor-icon-list-icon\">\n\t\t\t\t\t\t\t<i aria-hidden=\"true\" class=\"fas fa-angle-right\"><\/i>\t\t\t\t\t\t<\/span>\n\t\t\t\t\t\t\t\t\t\t<span class=\"elementor-icon-list-text\">Plaza de la igualdad, con una escultura aleg\u00f3rica<\/span>\n\t\t\t\t\t\t\t\t\t<\/li>\n\t\t\t\t\t\t\t\t<li class=\"elementor-icon-list-item\">\n\t\t\t\t\t\t\t\t\t\t\t<span class=\"elementor-icon-list-icon\">\n\t\t\t\t\t\t\t<i aria-hidden=\"true\" class=\"fas fa-angle-right\"><\/i>\t\t\t\t\t\t<\/span>\n\t\t\t\t\t\t\t\t\t\t<span class=\"elementor-icon-list-text\">Anfiteatro al aire libre, ideal para celebrar encuentros culturales, conciertos y obras de teatro<\/span>\n\t\t\t\t\t\t\t\t\t<\/li>\n\t\t\t\t\t\t\t\t<li class=\"elementor-icon-list-item\">\n\t\t\t\t\t\t\t\t\t\t\t<span class=\"elementor-icon-list-icon\">\n\t\t\t\t\t\t\t<i aria-hidden=\"true\" class=\"fas fa-angle-right\"><\/i>\t\t\t\t\t\t<\/span>\n\t\t\t\t\t\t\t\t\t\t<span class=\"elementor-icon-list-text\">Lago con cascada y peque\u00f1os barcos para navegar<\/span>\n\t\t\t\t\t\t\t\t\t<\/li>\n\t\t\t\t\t\t\t\t<li class=\"elementor-icon-list-item\">\n\t\t\t\t\t\t\t\t\t\t\t<span class=\"elementor-icon-list-icon\">\n\t\t\t\t\t\t\t<i aria-hidden=\"true\" class=\"fas fa-angle-right\"><\/i>\t\t\t\t\t\t<\/span>\n\t\t\t\t\t\t\t\t\t\t<span class=\"elementor-icon-list-text\">Parque infantil con arena de la playa, zonas con toboganes, columpios y una tirolina.<\/span>\n\t\t\t\t\t\t\t\t\t<\/li>\n\t\t\t\t\t\t<\/ul>\n\t\t\t\t\t\t<\/div>\n\t\t\t\t<\/div>\n\t\t\t\t\t<\/div>\n\t\t<\/div>\n\t\t\t\t<div class=\"elementor-column elementor-col-33 elementor-inner-column elementor-element elementor-element-49e2e06f\" data-id=\"49e2e06f\" data-element_type=\"column\" data-e-type=\"column\">\n\t\t\t<div class=\"elementor-widget-wrap elementor-element-populated\">\n\t\t\t\t\t\t<div class=\"elementor-element elementor-element-7c7cb7db elementor-tablet-align-start elementor-icon-list--layout-traditional elementor-list-item-link-full_width elementor-widget elementor-widget-icon-list\" data-id=\"7c7cb7db\" data-element_type=\"widget\" data-e-type=\"widget\" data-widget_type=\"icon-list.default\">\n\t\t\t\t<div class=\"elementor-widget-container\">\n\t\t\t\t\t\t\t<ul class=\"elementor-icon-list-items\">\n\t\t\t\t\t\t\t<li class=\"elementor-icon-list-item\">\n\t\t\t\t\t\t\t\t\t\t\t<span class=\"elementor-icon-list-icon\">\n\t\t\t\t\t\t\t<i aria-hidden=\"true\" class=\"fas fa-angle-right\"><\/i>\t\t\t\t\t\t<\/span>\n\t\t\t\t\t\t\t\t\t\t<span class=\"elementor-icon-list-text\">Cafeter\u00eda con dos terrazas y precios asequibles<\/span>\n\t\t\t\t\t\t\t\t\t<\/li>\n\t\t\t\t\t\t\t\t<li class=\"elementor-icon-list-item\">\n\t\t\t\t\t\t\t\t\t\t\t<span class=\"elementor-icon-list-icon\">\n\t\t\t\t\t\t\t<i aria-hidden=\"true\" class=\"fas fa-angle-right\"><\/i>\t\t\t\t\t\t<\/span>\n\t\t\t\t\t\t\t\t\t\t<span class=\"elementor-icon-list-text\">Parque biosaludable con diferentes m\u00e1quinas para hacer ejercicio, especialmente, para los mayores<\/span>\n\t\t\t\t\t\t\t\t\t<\/li>\n\t\t\t\t\t\t\t\t<li class=\"elementor-icon-list-item\">\n\t\t\t\t\t\t\t\t\t\t\t<span class=\"elementor-icon-list-icon\">\n\t\t\t\t\t\t\t<i aria-hidden=\"true\" class=\"fas fa-angle-right\"><\/i>\t\t\t\t\t\t<\/span>\n\t\t\t\t\t\t\t\t\t\t<span class=\"elementor-icon-list-text\">Parque canino con circuitos para perros y fuentes para beber agua<\/span>\n\t\t\t\t\t\t\t\t\t<\/li>\n\t\t\t\t\t\t\t\t<li class=\"elementor-icon-list-item\">\n\t\t\t\t\t\t\t\t\t\t\t<span class=\"elementor-icon-list-icon\">\n\t\t\t\t\t\t\t<i aria-hidden=\"true\" class=\"fas fa-angle-right\"><\/i>\t\t\t\t\t\t<\/span>\n\t\t\t\t\t\t\t\t\t\t<span class=\"elementor-icon-list-text\">Circuito deportivo con m\u00e1quinas para practicar saltos, abdominales, rodillo, etc.<\/span>\n\t\t\t\t\t\t\t\t\t<\/li>\n\t\t\t\t\t\t\t\t<li class=\"elementor-icon-list-item\">\n\t\t\t\t\t\t\t\t\t\t\t<span class=\"elementor-icon-list-icon\">\n\t\t\t\t\t\t\t<i aria-hidden=\"true\" class=\"fas fa-angle-right\"><\/i>\t\t\t\t\t\t<\/span>\n\t\t\t\t\t\t\t\t\t\t<span class=\"elementor-icon-list-text\">Escultura Los agricultores, de un hombre y una mujer, que rinde homenaje a los agricultores de La Matanza de Acentejo<\/span>\n\t\t\t\t\t\t\t\t\t<\/li>\n\t\t\t\t\t\t<\/ul>\n\t\t\t\t\t\t<\/div>\n\t\t\t\t<\/div>\n\t\t\t\t\t<\/div>\n\t\t<\/div>\n\t\t\t\t<div class=\"elementor-column elementor-col-33 elementor-inner-column elementor-element elementor-element-4a3e29a7\" data-id=\"4a3e29a7\" data-element_type=\"column\" data-e-type=\"column\">\n\t\t\t<div class=\"elementor-widget-wrap elementor-element-populated\">\n\t\t\t\t\t\t<div class=\"elementor-element elementor-element-42393b9f elementor-icon-list--layout-traditional elementor-list-item-link-full_width elementor-widget elementor-widget-icon-list\" data-id=\"42393b9f\" data-element_type=\"widget\" data-e-type=\"widget\" data-widget_type=\"icon-list.default\">\n\t\t\t\t<div class=\"elementor-widget-container\">\n\t\t\t\t\t\t\t<ul class=\"elementor-icon-list-items\">\n\t\t\t\t\t\t\t<li class=\"elementor-icon-list-item\">\n\t\t\t\t\t\t\t\t\t\t\t<span class=\"elementor-icon-list-icon\">\n\t\t\t\t\t\t\t<i aria-hidden=\"true\" class=\"fas fa-angle-right\"><\/i>\t\t\t\t\t\t<\/span>\n\t\t\t\t\t\t\t\t\t\t<span class=\"elementor-icon-list-text\">Cancha de f\u00fatbol playa<\/span>\n\t\t\t\t\t\t\t\t\t<\/li>\n\t\t\t\t\t\t\t\t<li class=\"elementor-icon-list-item\">\n\t\t\t\t\t\t\t\t\t\t\t<span class=\"elementor-icon-list-icon\">\n\t\t\t\t\t\t\t<i aria-hidden=\"true\" class=\"fas fa-angle-right\"><\/i>\t\t\t\t\t\t<\/span>\n\t\t\t\t\t\t\t\t\t\t<span class=\"elementor-icon-list-text\">Espacio para practicar calistenia<\/span>\n\t\t\t\t\t\t\t\t\t<\/li>\n\t\t\t\t\t\t\t\t<li class=\"elementor-icon-list-item\">\n\t\t\t\t\t\t\t\t\t\t\t<span class=\"elementor-icon-list-icon\">\n\t\t\t\t\t\t\t<i aria-hidden=\"true\" class=\"fas fa-angle-right\"><\/i>\t\t\t\t\t\t<\/span>\n\t\t\t\t\t\t\t\t\t\t<span class=\"elementor-icon-list-text\">Los miradores de El Lago y La Escombrera<\/span>\n\t\t\t\t\t\t\t\t\t<\/li>\n\t\t\t\t\t\t\t\t<li class=\"elementor-icon-list-item\">\n\t\t\t\t\t\t\t\t\t\t\t<span class=\"elementor-icon-list-icon\">\n\t\t\t\t\t\t\t<i aria-hidden=\"true\" class=\"fas fa-angle-right\"><\/i>\t\t\t\t\t\t<\/span>\n\t\t\t\t\t\t\t\t\t\t<span class=\"elementor-icon-list-text\">Roc\u00f3dromo para practicar escalada<\/span>\n\t\t\t\t\t\t\t\t\t<\/li>\n\t\t\t\t\t\t\t\t<li class=\"elementor-icon-list-item\">\n\t\t\t\t\t\t\t\t\t\t\t<span class=\"elementor-icon-list-icon\">\n\t\t\t\t\t\t\t<i aria-hidden=\"true\" class=\"fas fa-angle-right\"><\/i>\t\t\t\t\t\t<\/span>\n\t\t\t\t\t\t\t\t\t\t<span class=\"elementor-icon-list-text\">Skatepark con un espacio de pump track separado del skate, que permite actividades de iniciaci\u00f3n para los m\u00e1s peque\u00f1os<\/span>\n\t\t\t\t\t\t\t\t\t<\/li>\n\t\t\t\t\t\t<\/ul>\n\t\t\t\t\t\t<\/div>\n\t\t\t\t<\/div>\n\t\t\t\t\t<\/div>\n\t\t<\/div>\n\t\t\t\t\t<\/div>\n\t\t<\/section>\n\t\t\t\t\t<\/div>\n\t\t<\/div>\n\t\t\t\t\t<\/div>\n\t\t<\/section>\n\t\t\t\t<section class=\"elementor-section elementor-top-section elementor-element elementor-element-ee7205c elementor-section-boxed elementor-section-height-default elementor-section-height-default\" data-id=\"ee7205c\" data-element_type=\"section\" data-e-type=\"section\">\n\t\t\t\t\t\t<div class=\"elementor-container elementor-column-gap-default\">\n\t\t\t\t\t<div class=\"elementor-column elementor-col-100 elementor-top-column elementor-element elementor-element-c2a1f3b\" data-id=\"c2a1f3b\" data-element_type=\"column\" data-e-type=\"column\">\n\t\t\t<div class=\"elementor-widget-wrap elementor-element-populated\">\n\t\t\t\t\t\t<div class=\"elementor-element elementor-element-84efb93 elementor-widget elementor-widget-text-editor\" data-id=\"84efb93\" data-element_type=\"widget\" data-e-type=\"widget\" data-widget_type=\"text-editor.default\">\n\t\t\t\t<div class=\"elementor-widget-container\">\n\t\t\t\t\t\t\t\t\t<p>El espacio verde tambi\u00e9n cuenta con m\u00faltiples zonas para hacer p\u00edcnic, bancos y merenderos donde puedes parar a comer y descansar. Adem\u00e1s, encontrar\u00e1s numerosos puentes y riachuelos donde hacer tus mejores fotos. Por \u00faltimo, se trata de un espacio inclusivo. El parque cuenta con numerosas rampas adaptadas tanto para personas con diversidad funcional como para llevar carritos de beb\u00e9.<\/p>\t\t\t\t\t\t\t\t<\/div>\n\t\t\t\t<\/div>\n\t\t\t\t\t<\/div>\n\t\t<\/div>\n\t\t\t\t\t<\/div>\n\t\t<\/section>\n\t\t\t\t<section class=\"elementor-section elementor-top-section elementor-element elementor-element-7867bf9 elementor-section-boxed elementor-section-height-default elementor-section-height-default\" data-id=\"7867bf9\" data-element_type=\"section\" data-e-type=\"section\">\n\t\t\t\t\t\t<div class=\"elementor-container elementor-column-gap-default\">\n\t\t\t\t\t<div class=\"elementor-column elementor-col-50 elementor-top-column elementor-element elementor-element-32b843c\" data-id=\"32b843c\" data-element_type=\"column\" data-e-type=\"column\">\n\t\t\t<div class=\"elementor-widget-wrap elementor-element-populated\">\n\t\t\t\t\t\t<div class=\"elementor-element elementor-element-54967b05 elementor-widget elementor-widget-image\" data-id=\"54967b05\" data-element_type=\"widget\" data-e-type=\"widget\" data-widget_type=\"image.default\">\n\t\t\t\t<div class=\"elementor-widget-container\">\n\t\t\t\t\t\t\t\t\t\t\t\t\t\t\t<img decoding=\"async\" width=\"600\" height=\"600\" src=\"https:\/\/www.sansofestay.com\/blog\/wp-content\/uploads\/2023\/01\/parque-natural-el-montillo-en-tenerife-matanza.jpg\" class=\"attachment-full size-full wp-image-280\" alt=\"Cascada del parque natural el montillo en tenerife\" srcset=\"https:\/\/www.sansofestay.com\/blog\/wp-content\/uploads\/2023\/01\/parque-natural-el-montillo-en-tenerife-matanza.jpg 600w, https:\/\/www.sansofestay.com\/blog\/wp-content\/uploads\/2023\/01\/parque-natural-el-montillo-en-tenerife-matanza-150x150.jpg 150w, https:\/\/www.sansofestay.com\/blog\/wp-content\/uploads\/2023\/01\/parque-natural-el-montillo-en-tenerife-matanza-90x90.jpg 90w\" sizes=\"(max-width: 600px) 100vw, 600px\" \/>\t\t\t\t\t\t\t\t\t\t\t\t\t\t\t<\/div>\n\t\t\t\t<\/div>\n\t\t\t\t\t<\/div>\n\t\t<\/div>\n\t\t\t\t<div class=\"elementor-column elementor-col-50 elementor-top-column elementor-element elementor-element-f439bfb\" data-id=\"f439bfb\" data-element_type=\"column\" data-e-type=\"column\">\n\t\t\t<div class=\"elementor-widget-wrap elementor-element-populated\">\n\t\t\t\t\t\t<div class=\"elementor-element elementor-element-5e9e7b2 elementor-widget elementor-widget-heading\" data-id=\"5e9e7b2\" data-element_type=\"widget\" data-e-type=\"widget\" data-widget_type=\"heading.default\">\n\t\t\t\t<div class=\"elementor-widget-container\">\n\t\t\t\t\t<h2 class=\"elementor-heading-title elementor-size-default\">C\u00f3mo llegar al Parque Natural El Montillo en Tenerife<\/h2>\t\t\t\t<\/div>\n\t\t\t\t<\/div>\n\t\t\t\t<div class=\"elementor-element elementor-element-147c60b elementor-widget elementor-widget-text-editor\" data-id=\"147c60b\" data-element_type=\"widget\" data-e-type=\"widget\" data-widget_type=\"text-editor.default\">\n\t\t\t\t<div class=\"elementor-widget-container\">\n\t\t\t\t\t\t\t\t\t<p><a href=\"https:\/\/www.sansofestay.com\/la-matanza-de-acentejo-tenerife\"><strong>La Matanza de Acentejo<\/strong><\/a> est\u00e1 tan solo a 26 km por carretera de Santa Cruz de Tenerife. Adem\u00e1s, puedes elegir ir en autob\u00fas con las l\u00edneas 101, 102 o 30.<\/p><p>Una vez en el municipio, el parque se encuentra en la calle Carretera de San Antonio. Est\u00e1 pr\u00e1cticamente en el centro de La Matanza de Acentejo, por lo que llegar hasta all\u00ed resulta relativamente f\u00e1cil. Si tomas como referencia el ayuntamiento de la localidad, coge la calle Real y la calle de La Resbala hacia la calle de la Carretera de San Antonio.<\/p><p>Si vas en coche, el recinto dispone de un aparcamiento gratuito. Incluso hay plazas para veh\u00edculos el\u00e9ctricos. El <em>parking <\/em>no es muy grande, pero si vas entre semana, no tendr\u00e1s problema para encontrar un sitio. Si decides visitarlo en fin de semana cuando la afluencia es mayor, tambi\u00e9n podr\u00e1s encontrar alg\u00fan sitio para aparcar cerca de la carretera.<\/p>\t\t\t\t\t\t\t\t<\/div>\n\t\t\t\t<\/div>\n\t\t\t\t\t<\/div>\n\t\t<\/div>\n\t\t\t\t\t<\/div>\n\t\t<\/section>\n\t\t\t\t<section class=\"elementor-section elementor-top-section elementor-element elementor-element-1c66f78b elementor-section-boxed elementor-section-height-default elementor-section-height-default\" data-id=\"1c66f78b\" data-element_type=\"section\" data-e-type=\"section\">\n\t\t\t\t\t\t<div class=\"elementor-container elementor-column-gap-default\">\n\t\t\t\t\t<div class=\"elementor-column elementor-col-100 elementor-top-column elementor-element elementor-element-2350b63e\" data-id=\"2350b63e\" data-element_type=\"column\" data-e-type=\"column\">\n\t\t\t<div class=\"elementor-widget-wrap elementor-element-populated\">\n\t\t\t\t\t\t<div class=\"elementor-element elementor-element-52eadf6f elementor-widget elementor-widget-text-editor\" data-id=\"52eadf6f\" data-element_type=\"widget\" data-e-type=\"widget\" data-widget_type=\"text-editor.default\">\n\t\t\t\t<div class=\"elementor-widget-container\">\n\t\t\t\t\t\t\t\t\t<p>Ya te hemos contado todo lo que necesitas saber sobre <strong>El Parque Natural El Montillo<\/strong>. Si ya te has decidido a pasar tus vacaciones en el norte de Tenerife, no puedes perderte este para\u00edso natural. Ahora solo queda buscar alojamiento. En <strong><a href=\"https:\/\/www.sansofestay.com\/\">San Diego Apartamentos<\/a> <\/strong>contamos con diez viviendas dentro de una fant\u00e1stica finca ecol\u00f3gica de aguacates. Adem\u00e1s, podemos asesorarte con rutas, excursiones y experiencias en la isla de Tenerife. Si quieres unas vacaciones con vistas al mar y al Teide, contacta con nosotros y reserva ya tu alquiler vacacional.<\/p>\t\t\t\t\t\t\t\t<\/div>\n\t\t\t\t<\/div>\n\t\t\t\t\t<\/div>\n\t\t<\/div>\n\t\t\t\t\t<\/div>\n\t\t<\/section>\n\t\t\t\t<section class=\"elementor-section elementor-top-section elementor-element elementor-element-5be36e9e elementor-section-boxed elementor-section-height-default elementor-section-height-default\" data-id=\"5be36e9e\" data-element_type=\"section\" data-e-type=\"section\">\n\t\t\t\t\t\t<div class=\"elementor-container elementor-column-gap-default\">\n\t\t\t\t\t<div class=\"elementor-column elementor-col-33 elementor-top-column elementor-element elementor-element-40b86ae9\" data-id=\"40b86ae9\" data-element_type=\"column\" data-e-type=\"column\">\n\t\t\t<div class=\"elementor-widget-wrap elementor-element-populated\">\n\t\t\t\t\t\t<div class=\"elementor-element elementor-element-7dd2fd5b elementor-align-right elementor-widget elementor-widget-button\" data-id=\"7dd2fd5b\" data-element_type=\"widget\" data-e-type=\"widget\" data-widget_type=\"button.default\">\n\t\t\t\t<div class=\"elementor-widget-container\">\n\t\t\t\t\t\t\t\t\t<div class=\"elementor-button-wrapper\">\n\t\t\t\t\t<a class=\"elementor-button elementor-button-link elementor-size-sm\" href=\"https:\/\/www.sansofestay.com\/alquiler\/alquileres-la-matanza-de-acentejo-d408344\/\" target=\"_blank\">\n\t\t\t\t\t\t<span class=\"elementor-button-content-wrapper\">\n\t\t\t\t\t\t\t\t\t<span class=\"elementor-button-text\">Alquiler vacacional La Matanza de Acentejo<\/span>\n\t\t\t\t\t<\/span>\n\t\t\t\t\t<\/a>\n\t\t\t\t<\/div>\n\t\t\t\t\t\t\t\t<\/div>\n\t\t\t\t<\/div>\n\t\t\t\t\t<\/div>\n\t\t<\/div>\n\t\t\t\t<div class=\"elementor-column elementor-col-33 elementor-top-column elementor-element elementor-element-2b468479\" data-id=\"2b468479\" data-element_type=\"column\" data-e-type=\"column\">\n\t\t\t<div class=\"elementor-widget-wrap elementor-element-populated\">\n\t\t\t\t\t\t<div class=\"elementor-element elementor-element-2a91e35d elementor-align-center elementor-widget elementor-widget-button\" data-id=\"2a91e35d\" data-element_type=\"widget\" data-e-type=\"widget\" data-widget_type=\"button.default\">\n\t\t\t\t<div class=\"elementor-widget-container\">\n\t\t\t\t\t\t\t\t\t<div class=\"elementor-button-wrapper\">\n\t\t\t\t\t<a class=\"elementor-button elementor-button-link elementor-size-sm\" href=\"https:\/\/www.sansofestay.com\/alquiler\/apartamentos-la-matanza-de-acentejo-c1d408344\/\" target=\"_blank\">\n\t\t\t\t\t\t<span class=\"elementor-button-content-wrapper\">\n\t\t\t\t\t\t\t\t\t<span class=\"elementor-button-text\">Apartamentos en La Matanza de Acentejo<\/span>\n\t\t\t\t\t<\/span>\n\t\t\t\t\t<\/a>\n\t\t\t\t<\/div>\n\t\t\t\t\t\t\t\t<\/div>\n\t\t\t\t<\/div>\n\t\t\t\t\t<\/div>\n\t\t<\/div>\n\t\t\t\t<div class=\"elementor-column elementor-col-33 elementor-top-column elementor-element elementor-element-3c9cd401\" data-id=\"3c9cd401\" data-element_type=\"column\" data-e-type=\"column\">\n\t\t\t<div class=\"elementor-widget-wrap elementor-element-populated\">\n\t\t\t\t\t\t<div class=\"elementor-element elementor-element-6f086874 elementor-align-left elementor-widget elementor-widget-button\" data-id=\"6f086874\" data-element_type=\"widget\" data-e-type=\"widget\" data-widget_type=\"button.default\">\n\t\t\t\t<div class=\"elementor-widget-container\">\n\t\t\t\t\t\t\t\t\t<div class=\"elementor-button-wrapper\">\n\t\t\t\t\t<a class=\"elementor-button elementor-button-link elementor-size-sm\" href=\"https:\/\/www.sansofestay.com\/alquiler\/casas-la-matanza-de-acentejo-c19d408344\/\" target=\"_blank\">\n\t\t\t\t\t\t<span class=\"elementor-button-content-wrapper\">\n\t\t\t\t\t\t\t\t\t<span class=\"elementor-button-text\">Casas en La Matanza de Acentejo<\/span>\n\t\t\t\t\t<\/span>\n\t\t\t\t\t<\/a>\n\t\t\t\t<\/div>\n\t\t\t\t\t\t\t\t<\/div>\n\t\t\t\t<\/div>\n\t\t\t\t\t<\/div>\n\t\t<\/div>\n\t\t\t\t\t<\/div>\n\t\t<\/section>\n\t\t\t\t<\/div>\n\t\t","protected":false},"excerpt":{"rendered":"<p>El Parque Natural El Montillo est\u00e1 situado en el norte de la isla Tenerife, en el municipio La Matanza de&#8230;<\/p>\n","protected":false},"author":3,"featured_media":290,"comment_status":"open","ping_status":"open","sticky":false,"template":"","format":"standard","meta":{"footnotes":""},"categories":[17,10],"class_list":["post-207","post","type-post","status-publish","format-standard","has-post-thumbnail","hentry","category-actividades-la-matanza-de-acentejo","category-la-matanza-de-acentejo"],"yoast_head":"<!-- This site is optimized with the Yoast SEO plugin v27.2 - https:\/\/yoast.com\/product\/yoast-seo-wordpress\/ -->\n<title>Parque Natural El Montillo: los mejores espacios verdes tinerfe\u00f1os<\/title>\n<meta name=\"description\" content=\"El Parque Natural El Montillo es una incre\u00edble reserva natural en el norte de la isla de Tenerife. Descubre sus lugares de inter\u00e9s ahora mismo.\" \/>\n<meta name=\"robots\" content=\"index, follow, max-snippet:-1, max-image-preview:large, max-video-preview:-1\" \/>\n<link rel=\"canonical\" href=\"https:\/\/www.sansofestay.com\/blog\/de\/el-parque-natural-el-montillo-2\/\" \/>\n<meta property=\"og:locale\" content=\"de_DE\" \/>\n<meta property=\"og:type\" content=\"article\" \/>\n<meta property=\"og:title\" content=\"Parque Natural El Montillo: los mejores espacios verdes tinerfe\u00f1os\" \/>\n<meta property=\"og:description\" content=\"El Parque Natural El Montillo es una incre\u00edble reserva natural en el norte de la isla de Tenerife. Descubre sus lugares de inter\u00e9s ahora mismo.\" \/>\n<meta property=\"og:url\" content=\"https:\/\/www.sansofestay.com\/blog\/de\/el-parque-natural-el-montillo-2\/\" \/>\n<meta property=\"og:site_name\" content=\"Urlaub auf Teneriffa Nord | Sansof\u00e9\" \/>\n<meta property=\"article:published_time\" content=\"2023-01-31T14:54:24+00:00\" \/>\n<meta property=\"article:modified_time\" content=\"2025-05-21T11:22:14+00:00\" \/>\n<meta property=\"og:image\" content=\"https:\/\/www.sansofestay.com\/blog\/wp-content\/uploads\/2023\/01\/parque-natural-el-montillo-tenerife.jpg\" \/>\n\t<meta property=\"og:image:width\" content=\"1920\" \/>\n\t<meta property=\"og:image:height\" content=\"700\" \/>\n\t<meta property=\"og:image:type\" content=\"image\/jpeg\" \/>\n<meta name=\"author\" content=\"digitalservices@avantio.com\" \/>\n<meta name=\"twitter:card\" content=\"summary_large_image\" \/>\n<meta name=\"twitter:label1\" content=\"Verfasst von\" \/>\n\t<meta name=\"twitter:data1\" content=\"digitalservices@avantio.com\" \/>\n\t<meta name=\"twitter:label2\" content=\"Gesch\u00e4tzte Lesezeit\" \/>\n\t<meta name=\"twitter:data2\" content=\"6\u00a0Minuten\" \/>\n<script type=\"application\/ld+json\" class=\"yoast-schema-graph\">{\"@context\":\"https:\/\/schema.org\",\"@graph\":[{\"@type\":\"Article\",\"@id\":\"https:\/\/www.sansofestay.com\/blog\/de\/el-parque-natural-el-montillo-2\/#article\",\"isPartOf\":{\"@id\":\"https:\/\/www.sansofestay.com\/blog\/de\/el-parque-natural-el-montillo-2\/\"},\"author\":{\"name\":\"digitalservices@avantio.com\",\"@id\":\"https:\/\/www.sansofestay.com\/blog\/de\/#\/schema\/person\/c206c4732c6fd34c0667c8566b602cd6\"},\"headline\":\"Descubre el Parque Natural El Montillo en la Matanza de Acentejo\",\"datePublished\":\"2023-01-31T14:54:24+00:00\",\"dateModified\":\"2025-05-21T11:22:14+00:00\",\"mainEntityOfPage\":{\"@id\":\"https:\/\/www.sansofestay.com\/blog\/de\/el-parque-natural-el-montillo-2\/\"},\"wordCount\":1076,\"commentCount\":0,\"image\":{\"@id\":\"https:\/\/www.sansofestay.com\/blog\/de\/el-parque-natural-el-montillo-2\/#primaryimage\"},\"thumbnailUrl\":\"https:\/\/www.sansofestay.com\/blog\/wp-content\/uploads\/2023\/01\/parque-natural-el-montillo-tenerife.jpg\",\"articleSection\":[\"Actividades\",\"La Matanza de Acentejo\"],\"inLanguage\":\"de\",\"potentialAction\":[{\"@type\":\"CommentAction\",\"name\":\"Comment\",\"target\":[\"https:\/\/www.sansofestay.com\/blog\/de\/el-parque-natural-el-montillo-2\/#respond\"]}]},{\"@type\":\"WebPage\",\"@id\":\"https:\/\/www.sansofestay.com\/blog\/de\/el-parque-natural-el-montillo-2\/\",\"url\":\"https:\/\/www.sansofestay.com\/blog\/de\/el-parque-natural-el-montillo-2\/\",\"name\":\"Parque Natural El Montillo: los mejores espacios verdes tinerfe\u00f1os\",\"isPartOf\":{\"@id\":\"https:\/\/www.sansofestay.com\/blog\/de\/#website\"},\"primaryImageOfPage\":{\"@id\":\"https:\/\/www.sansofestay.com\/blog\/de\/el-parque-natural-el-montillo-2\/#primaryimage\"},\"image\":{\"@id\":\"https:\/\/www.sansofestay.com\/blog\/de\/el-parque-natural-el-montillo-2\/#primaryimage\"},\"thumbnailUrl\":\"https:\/\/www.sansofestay.com\/blog\/wp-content\/uploads\/2023\/01\/parque-natural-el-montillo-tenerife.jpg\",\"datePublished\":\"2023-01-31T14:54:24+00:00\",\"dateModified\":\"2025-05-21T11:22:14+00:00\",\"author\":{\"@id\":\"https:\/\/www.sansofestay.com\/blog\/de\/#\/schema\/person\/c206c4732c6fd34c0667c8566b602cd6\"},\"description\":\"El Parque Natural El Montillo es una incre\u00edble reserva natural en el norte de la isla de Tenerife. Descubre sus lugares de inter\u00e9s ahora mismo.\",\"inLanguage\":\"de\",\"potentialAction\":[{\"@type\":\"ReadAction\",\"target\":[\"https:\/\/www.sansofestay.com\/blog\/de\/el-parque-natural-el-montillo-2\/\"]}]},{\"@type\":\"ImageObject\",\"inLanguage\":\"de\",\"@id\":\"https:\/\/www.sansofestay.com\/blog\/de\/el-parque-natural-el-montillo-2\/#primaryimage\",\"url\":\"https:\/\/www.sansofestay.com\/blog\/wp-content\/uploads\/2023\/01\/parque-natural-el-montillo-tenerife.jpg\",\"contentUrl\":\"https:\/\/www.sansofestay.com\/blog\/wp-content\/uploads\/2023\/01\/parque-natural-el-montillo-tenerife.jpg\",\"width\":1920,\"height\":700,\"caption\":\"Parque natural el montillo en Tenerife\"},{\"@type\":\"WebSite\",\"@id\":\"https:\/\/www.sansofestay.com\/blog\/de\/#website\",\"url\":\"https:\/\/www.sansofestay.com\/blog\/de\/\",\"name\":\"Urlaub auf Teneriffa Nord | Sansof\u00e9\",\"description\":\"Touristische Informationen \u00fcber die Insel Teneriffa. Entdecken Sie die Insel, die besten Gegenden, Aktivit\u00e4ten und Tipps.\",\"potentialAction\":[{\"@type\":\"SearchAction\",\"target\":{\"@type\":\"EntryPoint\",\"urlTemplate\":\"https:\/\/www.sansofestay.com\/blog\/de\/?s={search_term_string}\"},\"query-input\":{\"@type\":\"PropertyValueSpecification\",\"valueRequired\":true,\"valueName\":\"search_term_string\"}}],\"inLanguage\":\"de\"},{\"@type\":\"Person\",\"@id\":\"https:\/\/www.sansofestay.com\/blog\/de\/#\/schema\/person\/c206c4732c6fd34c0667c8566b602cd6\",\"name\":\"digitalservices@avantio.com\",\"image\":{\"@type\":\"ImageObject\",\"inLanguage\":\"de\",\"@id\":\"https:\/\/secure.gravatar.com\/avatar\/af30f88a1904294c1f3eb09a9d7903eec4ffa18fa2cf40c28a8681014ecdfc20?s=96&d=mm&r=g\",\"url\":\"https:\/\/secure.gravatar.com\/avatar\/af30f88a1904294c1f3eb09a9d7903eec4ffa18fa2cf40c28a8681014ecdfc20?s=96&d=mm&r=g\",\"contentUrl\":\"https:\/\/secure.gravatar.com\/avatar\/af30f88a1904294c1f3eb09a9d7903eec4ffa18fa2cf40c28a8681014ecdfc20?s=96&d=mm&r=g\",\"caption\":\"digitalservices@avantio.com\"},\"url\":\"https:\/\/www.sansofestay.com\/blog\/de\/author\/digitalservicesavantio-com\/\"}]}<\/script>\n<!-- \/ Yoast SEO plugin. -->","yoast_head_json":{"title":"Parque Natural El Montillo: los mejores espacios verdes tinerfe\u00f1os","description":"El Parque Natural El Montillo es una incre\u00edble reserva natural en el norte de la isla de Tenerife. Descubre sus lugares de inter\u00e9s ahora mismo.","robots":{"index":"index","follow":"follow","max-snippet":"max-snippet:-1","max-image-preview":"max-image-preview:large","max-video-preview":"max-video-preview:-1"},"canonical":"https:\/\/www.sansofestay.com\/blog\/de\/el-parque-natural-el-montillo-2\/","og_locale":"de_DE","og_type":"article","og_title":"Parque Natural El Montillo: los mejores espacios verdes tinerfe\u00f1os","og_description":"El Parque Natural El Montillo es una incre\u00edble reserva natural en el norte de la isla de Tenerife. Descubre sus lugares de inter\u00e9s ahora mismo.","og_url":"https:\/\/www.sansofestay.com\/blog\/de\/el-parque-natural-el-montillo-2\/","og_site_name":"Urlaub auf Teneriffa Nord | Sansof\u00e9","article_published_time":"2023-01-31T14:54:24+00:00","article_modified_time":"2025-05-21T11:22:14+00:00","og_image":[{"width":1920,"height":700,"url":"https:\/\/www.sansofestay.com\/blog\/wp-content\/uploads\/2023\/01\/parque-natural-el-montillo-tenerife.jpg","type":"image\/jpeg"}],"author":"digitalservices@avantio.com","twitter_card":"summary_large_image","twitter_misc":{"Verfasst von":"digitalservices@avantio.com","Gesch\u00e4tzte Lesezeit":"6\u00a0Minuten"},"schema":{"@context":"https:\/\/schema.org","@graph":[{"@type":"Article","@id":"https:\/\/www.sansofestay.com\/blog\/de\/el-parque-natural-el-montillo-2\/#article","isPartOf":{"@id":"https:\/\/www.sansofestay.com\/blog\/de\/el-parque-natural-el-montillo-2\/"},"author":{"name":"digitalservices@avantio.com","@id":"https:\/\/www.sansofestay.com\/blog\/de\/#\/schema\/person\/c206c4732c6fd34c0667c8566b602cd6"},"headline":"Descubre el Parque Natural El Montillo en la Matanza de Acentejo","datePublished":"2023-01-31T14:54:24+00:00","dateModified":"2025-05-21T11:22:14+00:00","mainEntityOfPage":{"@id":"https:\/\/www.sansofestay.com\/blog\/de\/el-parque-natural-el-montillo-2\/"},"wordCount":1076,"commentCount":0,"image":{"@id":"https:\/\/www.sansofestay.com\/blog\/de\/el-parque-natural-el-montillo-2\/#primaryimage"},"thumbnailUrl":"https:\/\/www.sansofestay.com\/blog\/wp-content\/uploads\/2023\/01\/parque-natural-el-montillo-tenerife.jpg","articleSection":["Actividades","La Matanza de Acentejo"],"inLanguage":"de","potentialAction":[{"@type":"CommentAction","name":"Comment","target":["https:\/\/www.sansofestay.com\/blog\/de\/el-parque-natural-el-montillo-2\/#respond"]}]},{"@type":"WebPage","@id":"https:\/\/www.sansofestay.com\/blog\/de\/el-parque-natural-el-montillo-2\/","url":"https:\/\/www.sansofestay.com\/blog\/de\/el-parque-natural-el-montillo-2\/","name":"Parque Natural El Montillo: los mejores espacios verdes tinerfe\u00f1os","isPartOf":{"@id":"https:\/\/www.sansofestay.com\/blog\/de\/#website"},"primaryImageOfPage":{"@id":"https:\/\/www.sansofestay.com\/blog\/de\/el-parque-natural-el-montillo-2\/#primaryimage"},"image":{"@id":"https:\/\/www.sansofestay.com\/blog\/de\/el-parque-natural-el-montillo-2\/#primaryimage"},"thumbnailUrl":"https:\/\/www.sansofestay.com\/blog\/wp-content\/uploads\/2023\/01\/parque-natural-el-montillo-tenerife.jpg","datePublished":"2023-01-31T14:54:24+00:00","dateModified":"2025-05-21T11:22:14+00:00","author":{"@id":"https:\/\/www.sansofestay.com\/blog\/de\/#\/schema\/person\/c206c4732c6fd34c0667c8566b602cd6"},"description":"El Parque Natural El Montillo es una incre\u00edble reserva natural en el norte de la isla de Tenerife. Descubre sus lugares de inter\u00e9s ahora mismo.","inLanguage":"de","potentialAction":[{"@type":"ReadAction","target":["https:\/\/www.sansofestay.com\/blog\/de\/el-parque-natural-el-montillo-2\/"]}]},{"@type":"ImageObject","inLanguage":"de","@id":"https:\/\/www.sansofestay.com\/blog\/de\/el-parque-natural-el-montillo-2\/#primaryimage","url":"https:\/\/www.sansofestay.com\/blog\/wp-content\/uploads\/2023\/01\/parque-natural-el-montillo-tenerife.jpg","contentUrl":"https:\/\/www.sansofestay.com\/blog\/wp-content\/uploads\/2023\/01\/parque-natural-el-montillo-tenerife.jpg","width":1920,"height":700,"caption":"Parque natural el montillo en Tenerife"},{"@type":"WebSite","@id":"https:\/\/www.sansofestay.com\/blog\/de\/#website","url":"https:\/\/www.sansofestay.com\/blog\/de\/","name":"Urlaub auf Teneriffa Nord | Sansof\u00e9","description":"Touristische Informationen \u00fcber die Insel Teneriffa. Entdecken Sie die Insel, die besten Gegenden, Aktivit\u00e4ten und Tipps.","potentialAction":[{"@type":"SearchAction","target":{"@type":"EntryPoint","urlTemplate":"https:\/\/www.sansofestay.com\/blog\/de\/?s={search_term_string}"},"query-input":{"@type":"PropertyValueSpecification","valueRequired":true,"valueName":"search_term_string"}}],"inLanguage":"de"},{"@type":"Person","@id":"https:\/\/www.sansofestay.com\/blog\/de\/#\/schema\/person\/c206c4732c6fd34c0667c8566b602cd6","name":"digitalservices@avantio.com","image":{"@type":"ImageObject","inLanguage":"de","@id":"https:\/\/secure.gravatar.com\/avatar\/af30f88a1904294c1f3eb09a9d7903eec4ffa18fa2cf40c28a8681014ecdfc20?s=96&d=mm&r=g","url":"https:\/\/secure.gravatar.com\/avatar\/af30f88a1904294c1f3eb09a9d7903eec4ffa18fa2cf40c28a8681014ecdfc20?s=96&d=mm&r=g","contentUrl":"https:\/\/secure.gravatar.com\/avatar\/af30f88a1904294c1f3eb09a9d7903eec4ffa18fa2cf40c28a8681014ecdfc20?s=96&d=mm&r=g","caption":"digitalservices@avantio.com"},"url":"https:\/\/www.sansofestay.com\/blog\/de\/author\/digitalservicesavantio-com\/"}]}},"_pingme":"","_encloseme":"","_top_nav_excluded":"","_cms_nav_minihome":"","_last_translation_edit_mode":"","_edit_last":"3","_wpml_media_featured":"0","_wpml_media_duplicate":"0","_edit_lock":"1747826484:3","_wpml_word_count":"1048","_yoast_wpseo_estimated-reading-time-minutes":"6","_yoast_wpseo_meta-robots-noindex":"","_yoast_wpseo_meta-robots-nofollow":"","_yoast_wpseo_wordproof_timestamp":"","_yoast_wpseo_primary_category":10,"_elementor_edit_mode":"builder","_elementor_template_type":"wp-post","_elementor_version":"3.8.1","_elementor_pro_version":"3.8.2","_wp_page_template":"default","_elementor_page_settings":"","_elementor_data":"[{\"id\":\"d92cfb5\",\"elType\":\"section\",\"settings\":[],\"elements\":[{\"id\":\"5a28003\",\"elType\":\"column\",\"settings\":{\"_column_size\":100,\"_inline_size\":null},\"elements\":[{\"id\":\"24ea43d\",\"elType\":\"widget\",\"settings\":{\"editor\":\"<p>El <strong>Parque Natural El Montillo<\\\/strong> est\\u00e1 situado en el norte de la isla Tenerife, en el municipio La Matanza de Acentejo. El pueblo es conocido por ser el enclave de la batalla de Acentejo en 1494, donde los guanches vencieron al ej\\u00e9rcito castellano. En otros art\\u00edculos te hemos hablado sobre <a href=\\\"https:\\\/\\\/www.sansofestay.com\\\/blog\\\/que-ver-matanza-de-acentejo\\\/\\\" target=\\\"_blank\\\" rel=\\\"noopener\\\">qu\\u00e9 ver en la Matanza de Acentejo<\\\/a>. Aqu\\u00ed queremos centrarnos en El Montillo que constituye a la vez un parque urbano y una reserva natural. Adem\\u00e1s, en los \\u00faltimos a\\u00f1os se ha convertido en un verdadero rinc\\u00f3n comunitario para el ocio y el deporte en la naturaleza para los tinerfe\\u00f1os.<\\\/p>\",\"text_color\":\"#7A7A7A\"},\"elements\":[],\"widgetType\":\"text-editor\"}],\"isInner\":false}],\"isInner\":false},{\"id\":\"613939e\",\"elType\":\"section\",\"settings\":[],\"elements\":[{\"id\":\"ec02087\",\"elType\":\"column\",\"settings\":{\"_column_size\":100,\"_inline_size\":null},\"elements\":[{\"id\":\"a0026d1\",\"elType\":\"widget\",\"settings\":{\"title\":\"Parque Natural El Montillo: im\\u00e1genes que quedar\\u00e1n grabadas en tu retina\",\"title_color\":\"#7A7A7A\",\"typography_typography\":\"custom\",\"typography_font_family\":\"Roboto\",\"typography_font_weight\":\"600\"},\"elements\":[],\"widgetType\":\"heading\"},{\"id\":\"d2c0bbd\",\"elType\":\"widget\",\"settings\":{\"editor\":\"<p>El <strong>Parque El Montillo<\\\/strong> El parque El Montillo es una reserva natural de gran belleza que comenz\\u00f3 a construirse en el a\\u00f1o 2009. Tras diez a\\u00f1os de obras, fue inaugurado en el a\\u00f1o 2019 con algunas trabas administrativas. El motivo de la demora fue una pol\\u00e9mica por una posible afecci\\u00f3n a una especie en peligro de extinci\\u00f3n: el escarabajo <em>Pimelia radula radula<\\\/em>. Hoy en d\\u00eda, el parque es un ejemplo de <strong>espacio sostenible <\\\/strong>que mantiene el equilibrio entre la conservaci\\u00f3n, el respeto al medio natural y el uso responsable del entorno.<\\\/p>\"},\"elements\":[],\"widgetType\":\"text-editor\"},{\"id\":\"8f99d8e\",\"elType\":\"widget\",\"settings\":{\"image\":{\"url\":\"https:\\\/\\\/www.sansofestay.com\\\/blog\\\/wp-content\\\/uploads\\\/2023\\\/01\\\/vista-parque-natural-el-montillo-tenerife.jpg\",\"id\":282,\"alt\":\"Vista del parque natural el montillo tenerife\",\"source\":\"library\"},\"image_size\":\"full\"},\"elements\":[],\"widgetType\":\"image\"}],\"isInner\":false}],\"isInner\":false},{\"id\":\"44e10be\",\"elType\":\"section\",\"settings\":[],\"elements\":[{\"id\":\"8f06a2b\",\"elType\":\"column\",\"settings\":{\"_column_size\":100,\"_inline_size\":null},\"elements\":[{\"id\":\"48162e7\",\"elType\":\"widget\",\"settings\":{\"editor\":\"<p>En su primera fase el parque contaba con 30 000 m\\u00b2, convirti\\u00e9ndose en la mayor zona verde de La Matanza de Acentejo. Hoy tiene una extensi\\u00f3n de m\\u00e1s de 57 000 m\\u00b2. Adem\\u00e1s, la <strong>reserva natural El Montillo<\\\/strong> incluye 410 plantas y multitud de \\u00e1rboles frutales, pinos canarios, palmeras y otras especies end\\u00e9micas. El lugar tiene como objetivo principal el p\\u00fablico infantil. De hecho, cuenta con muchas zonas de juegos para los m\\u00e1s peque\\u00f1os. No obstante, adultos y mayores tambi\\u00e9n podr\\u00e1n disfrutar de este espacio natural de recreaci\\u00f3n. El parque puede visitarse todos los d\\u00edas de 8:00 a 20:30 horas. Adem\\u00e1s, los viernes y s\\u00e1bados ampl\\u00eda su horario de apertura hasta las 21 horas.<\\\/p>\"},\"elements\":[],\"widgetType\":\"text-editor\"},{\"id\":\"1c34046\",\"elType\":\"widget\",\"settings\":{\"title\":\"Qu\\u00e9 ver en el Parque Natural El Montillo de La Matanza\",\"title_color\":\"#7A7A7A\",\"typography_typography\":\"custom\",\"typography_font_family\":\"Roboto\",\"typography_font_weight\":\"600\"},\"elements\":[],\"widgetType\":\"heading\"},{\"id\":\"74a0495\",\"elType\":\"widget\",\"settings\":{\"editor\":\"<p>Lo primero que encuentras al entrar en el <strong>Parque Natural El Montillo<\\\/strong>, aparte de su espectacular vegetaci\\u00f3n, es un mapa dispuesto por el Ayuntamiento de La Matanza de Acentejo. En \\u00e9l, se indica el itinerario que puedes recorrer y tu posici\\u00f3n en cada momento. Veamos, a continuaci\\u00f3n, qu\\u00e9 lugares de inter\\u00e9s puedes encontrar en la <strong>reserva natural:<\\\/strong><\\\/p>\",\"text_color\":\"#7A7A7A\"},\"elements\":[],\"widgetType\":\"text-editor\"},{\"id\":\"3983794\",\"elType\":\"widget\",\"settings\":{\"icon_list\":[{\"text\":\"Centro de interpretaci\\u00f3n\",\"icon\":\"fa fa-angle-right\",\"_id\":\"f9100b7\",\"selected_icon\":{\"value\":\"fas fa-angle-right\",\"library\":\"fa-solid\"},\"__fa4_migrated\":{\"selected_icon\":true}},{\"text\":\"Plaza de la igualdad, con una escultura aleg\\u00f3rica\",\"icon\":\"fa fa-angle-right\",\"_id\":\"6e554ae\",\"selected_icon\":{\"value\":\"fas fa-angle-right\",\"library\":\"fa-solid\"},\"__fa4_migrated\":{\"selected_icon\":true}},{\"text\":\"Anfiteatro al aire libre, ideal para celebrar encuentros culturales, conciertos y obras de teatro\",\"icon\":\"fa fa-angle-right\",\"_id\":\"123a835\",\"selected_icon\":{\"value\":\"fas fa-angle-right\",\"library\":\"fa-solid\"},\"__fa4_migrated\":{\"selected_icon\":true}},{\"text\":\"Lago con cascada y peque\\u00f1os barcos para navegar\",\"icon\":\"fa fa-angle-right\",\"selected_icon\":{\"value\":\"fas fa-angle-right\",\"library\":\"fa-solid\"},\"__fa4_migrated\":{\"selected_icon\":true},\"_id\":\"81e9d36\"},{\"text\":\"Parque infantil con arena de la playa, zonas con toboganes, columpios y una tirolina.\",\"icon\":\"fa fa-angle-right\",\"selected_icon\":{\"value\":\"fas fa-angle-right\",\"library\":\"fa-solid\"},\"__fa4_migrated\":{\"selected_icon\":true},\"_id\":\"2e0e5d1\"}],\"space_between\":{\"unit\":\"px\",\"size\":12},\"icon_color\":\"#686868\",\"text_indent\":{\"unit\":\"px\",\"size\":10},\"icon_typography_typography\":\"custom\",\"icon_typography_font_size\":{\"unit\":\"px\",\"size\":16},\"icon_align_tablet\":\"left\",\"text_color\":\"#7A7A7A\",\"icon_typography_font_family\":\"Roboto\",\"hide_desktop\":\"hidden-desktop\"},\"elements\":[],\"widgetType\":\"icon-list\"},{\"id\":\"78b2a14\",\"elType\":\"widget\",\"settings\":{\"icon_list\":[{\"text\":\"Cafeter\\u00eda con dos terrazas y precios asequibles\",\"icon\":\"fa fa-angle-right\",\"_id\":\"ab3227e\",\"selected_icon\":{\"value\":\"fas fa-angle-right\",\"library\":\"fa-solid\"},\"__fa4_migrated\":{\"selected_icon\":true}},{\"text\":\"Parque biosaludable con diferentes m\\u00e1quinas para hacer ejercicio, especialmente, para los mayores\",\"icon\":\"fa fa-angle-right\",\"_id\":\"0816417\",\"selected_icon\":{\"value\":\"fas fa-angle-right\",\"library\":\"fa-solid\"},\"__fa4_migrated\":{\"selected_icon\":true}},{\"text\":\"Parque canino con circuitos para perros y fuentes para beber agua\",\"icon\":\"fa fa-angle-right\",\"_id\":\"d8c317a\",\"selected_icon\":{\"value\":\"fas fa-angle-right\",\"library\":\"fa-solid\"},\"__fa4_migrated\":{\"selected_icon\":true}},{\"text\":\"Circuito deportivo con m\\u00e1quinas para practicar saltos, abdominales, rodillo, etc.\",\"icon\":\"fa fa-angle-right\",\"selected_icon\":{\"value\":\"fas fa-angle-right\",\"library\":\"fa-solid\"},\"__fa4_migrated\":{\"selected_icon\":true},\"_id\":\"7a718cf\"},{\"text\":\"Escultura Los agricultores, de un hombre y una mujer, que rinde homenaje a los agricultores de La Matanza de Acentejo\",\"icon\":\"fa fa-angle-right\",\"selected_icon\":{\"value\":\"fas fa-angle-right\",\"library\":\"fa-solid\"},\"__fa4_migrated\":{\"selected_icon\":true},\"_id\":\"b63ef29\"}],\"space_between\":{\"unit\":\"px\",\"size\":12},\"icon_color\":\"#686868\",\"text_indent\":{\"unit\":\"px\",\"size\":10},\"icon_typography_typography\":\"custom\",\"icon_typography_font_size\":{\"unit\":\"px\",\"size\":16},\"icon_align_tablet\":\"left\",\"text_color\":\"#7A7A7A\",\"icon_typography_font_family\":\"Roboto\",\"view\":\"\",\"hide_desktop\":\"hidden-desktop\"},\"elements\":[],\"widgetType\":\"icon-list\"},{\"id\":\"502bc75\",\"elType\":\"widget\",\"settings\":{\"icon_list\":[{\"text\":\"Cancha de f\\u00fatbol playa\",\"icon\":\"fa fa-angle-right\",\"_id\":\"ab3227e\",\"selected_icon\":{\"value\":\"fas fa-angle-right\",\"library\":\"fa-solid\"},\"__fa4_migrated\":{\"selected_icon\":true}},{\"text\":\"Espacio para practicar calistenia\",\"icon\":\"fa fa-angle-right\",\"_id\":\"0816417\",\"selected_icon\":{\"value\":\"fas fa-angle-right\",\"library\":\"fa-solid\"},\"__fa4_migrated\":{\"selected_icon\":true}},{\"text\":\"Los miradores de El Lago y La Escombrera\",\"icon\":\"fa fa-angle-right\",\"_id\":\"d8c317a\",\"selected_icon\":{\"value\":\"fas fa-angle-right\",\"library\":\"fa-solid\"},\"__fa4_migrated\":{\"selected_icon\":true}},{\"text\":\"Roc\\u00f3dromo para practicar escalada\",\"icon\":\"fa fa-angle-right\",\"selected_icon\":{\"value\":\"fas fa-angle-right\",\"library\":\"fa-solid\"},\"__fa4_migrated\":{\"selected_icon\":true},\"_id\":\"3bbc5ce\"},{\"text\":\"Skatepark con un espacio de pump track separado del skate, que permite actividades de iniciaci\\u00f3n para los m\\u00e1s peque\\u00f1os\",\"icon\":\"fa fa-angle-right\",\"selected_icon\":{\"value\":\"fas fa-angle-right\",\"library\":\"fa-solid\"},\"__fa4_migrated\":{\"selected_icon\":true},\"_id\":\"edf1022\"}],\"space_between\":{\"unit\":\"px\",\"size\":12},\"icon_color\":\"#686868\",\"text_indent\":{\"unit\":\"px\",\"size\":10},\"icon_typography_typography\":\"custom\",\"icon_typography_font_size\":{\"unit\":\"px\",\"size\":16},\"text_color\":\"#7A7A7A\",\"icon_typography_font_family\":\"Roboto\",\"hide_desktop\":\"hidden-desktop\"},\"elements\":[],\"widgetType\":\"icon-list\"},{\"id\":\"4d118140\",\"elType\":\"section\",\"settings\":{\"gap\":\"no\",\"structure\":\"30\",\"margin\":{\"unit\":\"px\",\"top\":\"0\",\"right\":0,\"bottom\":\"0\",\"left\":0,\"isLinked\":false},\"margin_tablet\":{\"unit\":\"px\",\"top\":\"40\",\"right\":0,\"bottom\":\"0\",\"left\":0,\"isLinked\":false},\"margin_mobile\":{\"unit\":\"px\",\"top\":\"40\",\"right\":0,\"bottom\":\"0\",\"left\":0,\"isLinked\":false},\"hide_tablet\":\"hidden-tablet\",\"hide_mobile\":\"hidden-mobile\"},\"elements\":[{\"id\":\"235d41df\",\"elType\":\"column\",\"settings\":{\"_column_size\":33,\"_inline_size\":32.224,\"_inline_size_mobile\":34},\"elements\":[{\"id\":\"6cca34a3\",\"elType\":\"widget\",\"settings\":{\"icon_list\":[{\"text\":\"Centro de interpretaci\\u00f3n\",\"icon\":\"fa fa-angle-right\",\"_id\":\"f9100b7\",\"selected_icon\":{\"value\":\"fas fa-angle-right\",\"library\":\"fa-solid\"},\"__fa4_migrated\":{\"selected_icon\":true}},{\"text\":\"Plaza de la igualdad, con una escultura aleg\\u00f3rica\",\"icon\":\"fa fa-angle-right\",\"_id\":\"6e554ae\",\"selected_icon\":{\"value\":\"fas fa-angle-right\",\"library\":\"fa-solid\"},\"__fa4_migrated\":{\"selected_icon\":true}},{\"text\":\"Anfiteatro al aire libre, ideal para celebrar encuentros culturales, conciertos y obras de teatro\",\"icon\":\"fa fa-angle-right\",\"_id\":\"123a835\",\"selected_icon\":{\"value\":\"fas fa-angle-right\",\"library\":\"fa-solid\"},\"__fa4_migrated\":{\"selected_icon\":true}},{\"text\":\"Lago con cascada y peque\\u00f1os barcos para navegar\",\"icon\":\"fa fa-angle-right\",\"selected_icon\":{\"value\":\"fas fa-angle-right\",\"library\":\"fa-solid\"},\"__fa4_migrated\":{\"selected_icon\":true},\"_id\":\"81e9d36\"},{\"text\":\"Parque infantil con arena de la playa, zonas con toboganes, columpios y una tirolina.\",\"icon\":\"fa fa-angle-right\",\"selected_icon\":{\"value\":\"fas fa-angle-right\",\"library\":\"fa-solid\"},\"__fa4_migrated\":{\"selected_icon\":true},\"_id\":\"2e0e5d1\"}],\"space_between\":{\"unit\":\"px\",\"size\":12},\"icon_color\":\"#686868\",\"text_indent\":{\"unit\":\"px\",\"size\":10},\"icon_typography_typography\":\"custom\",\"icon_typography_font_size\":{\"unit\":\"px\",\"size\":16},\"icon_align_tablet\":\"left\",\"text_color\":\"#7A7A7A\",\"icon_typography_font_family\":\"Roboto\",\"motion_fx_motion_fx_scrolling\":\"yes\"},\"elements\":[],\"widgetType\":\"icon-list\"}],\"isInner\":true},{\"id\":\"49e2e06f\",\"elType\":\"column\",\"settings\":{\"_column_size\":33,\"_inline_size\":38.384,\"_inline_size_mobile\":34},\"elements\":[{\"id\":\"7c7cb7db\",\"elType\":\"widget\",\"settings\":{\"icon_list\":[{\"text\":\"Cafeter\\u00eda con dos terrazas y precios asequibles\",\"icon\":\"fa fa-angle-right\",\"_id\":\"ab3227e\",\"selected_icon\":{\"value\":\"fas fa-angle-right\",\"library\":\"fa-solid\"},\"__fa4_migrated\":{\"selected_icon\":true}},{\"text\":\"Parque biosaludable con diferentes m\\u00e1quinas para hacer ejercicio, especialmente, para los mayores\",\"icon\":\"fa fa-angle-right\",\"_id\":\"0816417\",\"selected_icon\":{\"value\":\"fas fa-angle-right\",\"library\":\"fa-solid\"},\"__fa4_migrated\":{\"selected_icon\":true}},{\"text\":\"Parque canino con circuitos para perros y fuentes para beber agua\",\"icon\":\"fa fa-angle-right\",\"_id\":\"d8c317a\",\"selected_icon\":{\"value\":\"fas fa-angle-right\",\"library\":\"fa-solid\"},\"__fa4_migrated\":{\"selected_icon\":true}},{\"text\":\"Circuito deportivo con m\\u00e1quinas para practicar saltos, abdominales, rodillo, etc.\",\"icon\":\"fa fa-angle-right\",\"selected_icon\":{\"value\":\"fas fa-angle-right\",\"library\":\"fa-solid\"},\"__fa4_migrated\":{\"selected_icon\":true},\"_id\":\"7a718cf\"},{\"text\":\"Escultura Los agricultores, de un hombre y una mujer, que rinde homenaje a los agricultores de La Matanza de Acentejo\",\"icon\":\"fa fa-angle-right\",\"selected_icon\":{\"value\":\"fas fa-angle-right\",\"library\":\"fa-solid\"},\"__fa4_migrated\":{\"selected_icon\":true},\"_id\":\"b63ef29\"}],\"space_between\":{\"unit\":\"px\",\"size\":12},\"icon_color\":\"#686868\",\"text_indent\":{\"unit\":\"px\",\"size\":10},\"icon_typography_typography\":\"custom\",\"icon_typography_font_size\":{\"unit\":\"px\",\"size\":16},\"icon_align_tablet\":\"left\",\"text_color\":\"#7A7A7A\",\"icon_typography_font_family\":\"Roboto\"},\"elements\":[],\"widgetType\":\"icon-list\"}],\"isInner\":true},{\"id\":\"4a3e29a7\",\"elType\":\"column\",\"settings\":{\"_column_size\":33,\"_inline_size\":34.545,\"_inline_size_mobile\":32},\"elements\":[{\"id\":\"42393b9f\",\"elType\":\"widget\",\"settings\":{\"icon_list\":[{\"text\":\"Cancha de f\\u00fatbol playa\",\"icon\":\"fa fa-angle-right\",\"_id\":\"ab3227e\",\"selected_icon\":{\"value\":\"fas fa-angle-right\",\"library\":\"fa-solid\"},\"__fa4_migrated\":{\"selected_icon\":true}},{\"text\":\"Espacio para practicar calistenia\",\"icon\":\"fa fa-angle-right\",\"_id\":\"0816417\",\"selected_icon\":{\"value\":\"fas fa-angle-right\",\"library\":\"fa-solid\"},\"__fa4_migrated\":{\"selected_icon\":true}},{\"text\":\"Los miradores de El Lago y La Escombrera\",\"icon\":\"fa fa-angle-right\",\"_id\":\"d8c317a\",\"selected_icon\":{\"value\":\"fas fa-angle-right\",\"library\":\"fa-solid\"},\"__fa4_migrated\":{\"selected_icon\":true}},{\"text\":\"Roc\\u00f3dromo para practicar escalada\",\"icon\":\"fa fa-angle-right\",\"selected_icon\":{\"value\":\"fas fa-angle-right\",\"library\":\"fa-solid\"},\"__fa4_migrated\":{\"selected_icon\":true},\"_id\":\"3bbc5ce\"},{\"text\":\"Skatepark con un espacio de pump track separado del skate, que permite actividades de iniciaci\\u00f3n para los m\\u00e1s peque\\u00f1os\",\"icon\":\"fa fa-angle-right\",\"selected_icon\":{\"value\":\"fas fa-angle-right\",\"library\":\"fa-solid\"},\"__fa4_migrated\":{\"selected_icon\":true},\"_id\":\"edf1022\"}],\"space_between\":{\"unit\":\"px\",\"size\":12},\"icon_color\":\"#686868\",\"text_indent\":{\"unit\":\"px\",\"size\":10},\"icon_typography_typography\":\"custom\",\"icon_typography_font_size\":{\"unit\":\"px\",\"size\":16},\"text_color\":\"#7A7A7A\",\"icon_typography_font_family\":\"Roboto\"},\"elements\":[],\"widgetType\":\"icon-list\"}],\"isInner\":true}],\"isInner\":true}],\"isInner\":false}],\"isInner\":false},{\"id\":\"ee7205c\",\"elType\":\"section\",\"settings\":[],\"elements\":[{\"id\":\"c2a1f3b\",\"elType\":\"column\",\"settings\":{\"_column_size\":100,\"_inline_size\":null},\"elements\":[{\"id\":\"84efb93\",\"elType\":\"widget\",\"settings\":{\"editor\":\"<p>El espacio verde tambi\\u00e9n cuenta con m\\u00faltiples zonas para hacer p\\u00edcnic, bancos y merenderos donde puedes parar a comer y descansar. Adem\\u00e1s, encontrar\\u00e1s numerosos puentes y riachuelos donde hacer tus mejores fotos. Por \\u00faltimo, se trata de un espacio inclusivo. El parque cuenta con numerosas rampas adaptadas tanto para personas con diversidad funcional como para llevar carritos de beb\\u00e9.<\\\/p>\"},\"elements\":[],\"widgetType\":\"text-editor\"}],\"isInner\":false}],\"isInner\":false},{\"id\":\"7867bf9\",\"elType\":\"section\",\"settings\":{\"structure\":\"20\"},\"elements\":[{\"id\":\"32b843c\",\"elType\":\"column\",\"settings\":{\"_column_size\":50,\"_inline_size\":51.139},\"elements\":[{\"id\":\"54967b05\",\"elType\":\"widget\",\"settings\":{\"image\":{\"id\":280,\"url\":\"https:\\\/\\\/www.sansofestay.com\\\/blog\\\/wp-content\\\/uploads\\\/2023\\\/01\\\/parque-natural-el-montillo-en-tenerife-matanza.jpg\",\"alt\":\"Cascada del parque natural el montillo en tenerife\",\"source\":\"library\"},\"image_size\":\"full\"},\"elements\":[],\"widgetType\":\"image\"}],\"isInner\":false},{\"id\":\"f439bfb\",\"elType\":\"column\",\"settings\":{\"_column_size\":50,\"_inline_size\":48.861},\"elements\":[{\"id\":\"5e9e7b2\",\"elType\":\"widget\",\"settings\":{\"title\":\"C\\u00f3mo llegar al Parque Natural El Montillo en Tenerife\",\"title_color\":\"#7A7A7A\"},\"elements\":[],\"widgetType\":\"heading\"},{\"id\":\"147c60b\",\"elType\":\"widget\",\"settings\":{\"editor\":\"<p><a href=\\\"https:\\\/\\\/www.sansofestay.com\\\/la-matanza-de-acentejo-tenerife\\\"><strong>La Matanza de Acentejo<\\\/strong><\\\/a> est\\u00e1 tan solo a 26 km por carretera de Santa Cruz de Tenerife. Adem\\u00e1s, puedes elegir ir en autob\\u00fas con las l\\u00edneas 101, 102 o 30.<\\\/p><p>Una vez en el municipio, el parque se encuentra en la calle Carretera de San Antonio. Est\\u00e1 pr\\u00e1cticamente en el centro de La Matanza de Acentejo, por lo que llegar hasta all\\u00ed resulta relativamente f\\u00e1cil. Si tomas como referencia el ayuntamiento de la localidad, coge la calle Real y la calle de La Resbala hacia la calle de la Carretera de San Antonio.<\\\/p><p>Si vas en coche, el recinto dispone de un aparcamiento gratuito. Incluso hay plazas para veh\\u00edculos el\\u00e9ctricos. El <em>parking <\\\/em>no es muy grande, pero si vas entre semana, no tendr\\u00e1s problema para encontrar un sitio. Si decides visitarlo en fin de semana cuando la afluencia es mayor, tambi\\u00e9n podr\\u00e1s encontrar alg\\u00fan sitio para aparcar cerca de la carretera.<\\\/p>\"},\"elements\":[],\"widgetType\":\"text-editor\"}],\"isInner\":false}],\"isInner\":false},{\"id\":\"1c66f78b\",\"elType\":\"section\",\"settings\":[],\"elements\":[{\"id\":\"2350b63e\",\"elType\":\"column\",\"settings\":{\"_column_size\":100},\"elements\":[{\"id\":\"52eadf6f\",\"elType\":\"widget\",\"settings\":{\"editor\":\"<p>Ya te hemos contado todo lo que necesitas saber sobre <strong>El Parque Natural El Montillo<\\\/strong>. Si ya te has decidido a pasar tus vacaciones en el norte de Tenerife, no puedes perderte este para\\u00edso natural. Ahora solo queda buscar alojamiento. En <strong><a href=\\\"https:\\\/\\\/www.sansofestay.com\\\/\\\">San Diego Apartamentos<\\\/a> <\\\/strong>contamos con diez viviendas dentro de una fant\\u00e1stica finca ecol\\u00f3gica de aguacates. Adem\\u00e1s, podemos asesorarte con rutas, excursiones y experiencias en la isla de Tenerife. Si quieres unas vacaciones con vistas al mar y al Teide, contacta con nosotros y reserva ya tu alquiler vacacional.<\\\/p>\",\"text_color\":\"#7A7A7A\"},\"elements\":[],\"widgetType\":\"text-editor\"}],\"isInner\":false}],\"isInner\":false},{\"id\":\"5be36e9e\",\"elType\":\"section\",\"settings\":{\"structure\":\"30\"},\"elements\":[{\"id\":\"40b86ae9\",\"elType\":\"column\",\"settings\":{\"_column_size\":33,\"_inline_size\":null},\"elements\":[{\"id\":\"7dd2fd5b\",\"elType\":\"widget\",\"settings\":{\"text\":\"Alquiler vacacional La Matanza de Acentejo\",\"link\":{\"url\":\"https:\\\/\\\/www.sansofestay.com\\\/alquiler\\\/alquileres-la-matanza-de-acentejo-d408344\\\/\",\"is_external\":\"on\",\"nofollow\":\"\",\"custom_attributes\":\"\"},\"align\":\"right\",\"background_color\":\"#27AE60\"},\"elements\":[],\"widgetType\":\"button\"}],\"isInner\":false},{\"id\":\"2b468479\",\"elType\":\"column\",\"settings\":{\"_column_size\":33,\"_inline_size\":null},\"elements\":[{\"id\":\"2a91e35d\",\"elType\":\"widget\",\"settings\":{\"text\":\"Apartamentos en La Matanza de Acentejo\",\"link\":{\"url\":\"https:\\\/\\\/www.sansofestay.com\\\/alquiler\\\/apartamentos-la-matanza-de-acentejo-c1d408344\\\/\",\"is_external\":\"on\",\"nofollow\":\"\",\"custom_attributes\":\"\"},\"align\":\"center\",\"background_color\":\"#27AE60\"},\"elements\":[],\"widgetType\":\"button\"}],\"isInner\":false},{\"id\":\"3c9cd401\",\"elType\":\"column\",\"settings\":{\"_column_size\":33,\"_inline_size\":null},\"elements\":[{\"id\":\"6f086874\",\"elType\":\"widget\",\"settings\":{\"text\":\"Casas en La Matanza de Acentejo\",\"link\":{\"url\":\"https:\\\/\\\/www.sansofestay.com\\\/alquiler\\\/casas-la-matanza-de-acentejo-c19d408344\\\/\",\"is_external\":\"on\",\"nofollow\":\"\",\"custom_attributes\":\"\"},\"align\":\"left\",\"background_color\":\"#27AE60\"},\"elements\":[],\"widgetType\":\"button\"}],\"isInner\":false}],\"isInner\":false}]","_yoast_wpseo_content_score":"60","_wpml_location_migration_done":"1","_yoast_wpseo_metadesc":"El Parque Natural El Montillo es una incre\u00edble reserva natural en el norte de la isla de Tenerife. Descubre sus lugares de inter\u00e9s ahora mismo.","_wpse_old_slug":"el-parque-natural-el-montillo","_thumbnail_id":"290","_yoast_wpseo_focuskw":"Parque natural El Montillo","_yoast_wpseo_title":"Parque Natural El Montillo: los mejores espacios verdes tinerfe\u00f1os","_yoast_wpseo_linkdex":"74","_elementor_controls_usage":{"text-editor":{"count":7,"control_percent":1,"controls":{"content":{"section_editor":{"editor":7}},"style":{"section_style":{"text_color":3}}}},"column":{"count":13,"control_percent":0,"controls":{"layout":{"layout":{"_inline_size":12}}}},"section":{"count":8,"control_percent":0,"controls":{"layout":{"section_layout":{"gap":1},"section_structure":{"structure":3}},"advanced":{"section_advanced":{"margin":1},"_section_responsive":{"hide_tablet":1,"hide_mobile":1}}}},"heading":{"count":3,"control_percent":1,"controls":{"content":{"section_title":{"title":3}},"style":{"section_title_style":{"title_color":3,"typography_typography":2,"typography_font_family":2,"typography_font_weight":2}}}},"image":{"count":2,"control_percent":1,"controls":{"content":{"section_image":{"image":2,"image_size":2}}}},"icon-list":{"count":6,"control_percent":2,"controls":{"content":{"section_icon":{"icon_list":6,"view":1}},"style":{"section_icon_list":{"space_between":6,"icon_align_tablet":4},"section_icon_style":{"icon_color":6,"text_indent":6},"section_text_style":{"icon_typography_typography":6,"icon_typography_font_size":6,"text_color":6,"icon_typography_font_family":6}},"advanced":{"_section_responsive":{"hide_desktop":3},"section_effects":{"motion_fx_motion_fx_scrolling":1}}}},"button":{"count":3,"control_percent":1,"controls":{"content":{"section_button":{"text":3,"link":3}},"style":{"section_style":{"align":3,"background_color":3}}}}},"_wp_old_slug":"el-parque-natural-el-montillo","_elementor_template_widget_type":"","_elementor_popup_display_settings":"","_wpml_post_translation_editor_native":"","_wp_old_date":"","_oembed_73d8af3ba4596fb88a7f14b93e1916a9":"","_oembed_time_73d8af3ba4596fb88a7f14b93e1916a9":"","_oembed_f9dc1bf2ed4539093f877876c5bac98e":"","_links":{"self":[{"href":"https:\/\/www.sansofestay.com\/blog\/de\/wp-json\/wp\/v2\/posts\/207","targetHints":{"allow":["GET"]}}],"collection":[{"href":"https:\/\/www.sansofestay.com\/blog\/de\/wp-json\/wp\/v2\/posts"}],"about":[{"href":"https:\/\/www.sansofestay.com\/blog\/de\/wp-json\/wp\/v2\/types\/post"}],"author":[{"embeddable":true,"href":"https:\/\/www.sansofestay.com\/blog\/de\/wp-json\/wp\/v2\/users\/3"}],"replies":[{"embeddable":true,"href":"https:\/\/www.sansofestay.com\/blog\/de\/wp-json\/wp\/v2\/comments?post=207"}],"version-history":[{"count":18,"href":"https:\/\/www.sansofestay.com\/blog\/de\/wp-json\/wp\/v2\/posts\/207\/revisions"}],"predecessor-version":[{"id":298,"href":"https:\/\/www.sansofestay.com\/blog\/de\/wp-json\/wp\/v2\/posts\/207\/revisions\/298"}],"wp:featuredmedia":[{"embeddable":true,"href":"https:\/\/www.sansofestay.com\/blog\/de\/wp-json\/wp\/v2\/media\/290"}],"wp:attachment":[{"href":"https:\/\/www.sansofestay.com\/blog\/de\/wp-json\/wp\/v2\/media?parent=207"}],"wp:term":[{"taxonomy":"category","embeddable":true,"href":"https:\/\/www.sansofestay.com\/blog\/de\/wp-json\/wp\/v2\/categories?post=207"}],"curies":[{"name":"wp","href":"https:\/\/api.w.org\/{rel}","templated":true}]}}