{"id":2083,"date":"2024-12-16T11:21:28","date_gmt":"2024-12-16T11:21:28","guid":{"rendered":"https:\/\/www.sansofestay.com\/blog\/?p=2083"},"modified":"2025-02-25T14:54:11","modified_gmt":"2025-02-25T14:54:11","slug":"las-calderetas","status":"publish","type":"post","link":"https:\/\/www.sansofestay.com\/blog\/de\/las-calderetas\/","title":{"rendered":"Las Calderetas: Natur pur"},"content":{"rendered":"\t\t<div data-elementor-type=\"wp-post\" data-elementor-id=\"2083\" class=\"elementor elementor-2083 elementor-2049\" data-elementor-post-type=\"post\">\n\t\t\t\t\t\t<section class=\"elementor-section elementor-top-section elementor-element elementor-element-5becc262 elementor-section-boxed elementor-section-height-default elementor-section-height-default\" data-id=\"5becc262\" data-element_type=\"section\" data-e-type=\"section\">\n\t\t\t\t\t\t<div class=\"elementor-container elementor-column-gap-default\">\n\t\t\t\t\t<div class=\"elementor-column elementor-col-100 elementor-top-column elementor-element elementor-element-732600d9\" data-id=\"732600d9\" data-element_type=\"column\" data-e-type=\"column\">\n\t\t\t<div class=\"elementor-widget-wrap elementor-element-populated\">\n\t\t\t\t\t\t<div class=\"elementor-element elementor-element-311aabde elementor-widget elementor-widget-text-editor\" data-id=\"311aabde\" data-element_type=\"widget\" data-e-type=\"widget\" data-widget_type=\"text-editor.default\">\n\t\t\t\t<div class=\"elementor-widget-container\">\n\t\t\t\t\t\t\t\t\t<p>Wenn Sie einen Besuch auf Teneriffa planen, sollten Sie sich den Namen Las Calderetas merken. Das Erholungsgebiet Las Calderetas auf Teneriffa hat eine Fl\u00e4che von fast 4.500 Metern. Es ist ein fantastischer Ort f\u00fcr Naturliebhaber und ein idealer Ort, um vom Stress und der t\u00e4glichen Routine abzuschalten. Er liegt im Nordwesten der Insel, in der N\u00e4he von San Crist\u00f3bal de La Laguna, und ist einen Besuch wert, wenn Sie sich gerne in der Natur \u201everlieren\u201c.<\/p><p>Dieser Artikel ist f\u00fcr alle, die auf der Suche nach Aktivit\u00e4ten in der Natur auf Teneriffa sind. Wir werden Sie \u00fcber die Aktivit\u00e4ten informieren, die Sie in Las Calderetas unternehmen k\u00f6nnen, wir werden Ihnen die besten Wanderrouten in der Gegend vorstellen, wir werden Ihnen sagen, wie Sie nach Las Calderetas kommen, und wir werden Ihnen einige Tipps und Vorschl\u00e4ge geben, damit Ihre Reise Ihre Erwartungen erf\u00fcllt und sogar \u00fcbertrifft. Lesen Sie weiter und erfahren Sie, warum Sie das Erholungsgebiet Las Calderetas in Ihren Reiseplan f\u00fcr Teneriffa aufnehmen sollten.<\/p>\t\t\t\t\t\t\t\t<\/div>\n\t\t\t\t<\/div>\n\t\t\t\t\t<\/div>\n\t\t<\/div>\n\t\t\t\t\t<\/div>\n\t\t<\/section>\n\t\t\t\t<section class=\"elementor-section elementor-top-section elementor-element elementor-element-1e673d2a elementor-section-boxed elementor-section-height-default elementor-section-height-default\" data-id=\"1e673d2a\" data-element_type=\"section\" data-e-type=\"section\">\n\t\t\t\t\t\t<div class=\"elementor-container elementor-column-gap-default\">\n\t\t\t\t\t<div class=\"elementor-column elementor-col-100 elementor-top-column elementor-element elementor-element-39bc9d3f\" data-id=\"39bc9d3f\" data-element_type=\"column\" data-e-type=\"column\">\n\t\t\t<div class=\"elementor-widget-wrap\">\n\t\t\t\t\t\t\t<\/div>\n\t\t<\/div>\n\t\t\t\t\t<\/div>\n\t\t<\/section>\n\t\t\t\t<section class=\"elementor-section elementor-top-section elementor-element elementor-element-2dddd1ad elementor-section-boxed elementor-section-height-default elementor-section-height-default\" data-id=\"2dddd1ad\" data-element_type=\"section\" data-e-type=\"section\">\n\t\t\t\t\t\t<div class=\"elementor-container elementor-column-gap-default\">\n\t\t\t\t\t<div class=\"elementor-column elementor-col-100 elementor-top-column elementor-element elementor-element-13b3f9fb\" data-id=\"13b3f9fb\" data-element_type=\"column\" data-e-type=\"column\">\n\t\t\t<div class=\"elementor-widget-wrap elementor-element-populated\">\n\t\t\t\t\t\t<div class=\"elementor-element elementor-element-3aa2abf7 elementor-toc--minimized-on-tablet elementor-widget elementor-widget-table-of-contents\" data-id=\"3aa2abf7\" data-element_type=\"widget\" data-e-type=\"widget\" data-settings=\"{&quot;headings_by_tags&quot;:[&quot;h2&quot;],&quot;exclude_headings_by_selector&quot;:[],&quot;marker_view&quot;:&quot;numbers&quot;,&quot;no_headings_message&quot;:&quot;Es wurden keine \\u00dcberschriften auf dieser Seite gefunden.&quot;,&quot;minimize_box&quot;:&quot;yes&quot;,&quot;minimized_on&quot;:&quot;tablet&quot;,&quot;hierarchical_view&quot;:&quot;yes&quot;,&quot;min_height&quot;:{&quot;unit&quot;:&quot;px&quot;,&quot;size&quot;:&quot;&quot;,&quot;sizes&quot;:[]},&quot;min_height_tablet&quot;:{&quot;unit&quot;:&quot;px&quot;,&quot;size&quot;:&quot;&quot;,&quot;sizes&quot;:[]},&quot;min_height_mobile&quot;:{&quot;unit&quot;:&quot;px&quot;,&quot;size&quot;:&quot;&quot;,&quot;sizes&quot;:[]}}\" data-widget_type=\"table-of-contents.default\">\n\t\t\t\t<div class=\"elementor-widget-container\">\n\t\t\t\t\t\t\t\t\t<div class=\"elementor-toc__header\">\n\t\t\t\t\t\t<div class=\"elementor-toc__header-title\">\n\t\t\t\tVerzeichnis\t\t\t<\/div>\n\t\t\t\t\t\t\t\t\t\t<div class=\"elementor-toc__toggle-button elementor-toc__toggle-button--expand\" role=\"button\" tabindex=\"0\" aria-controls=\"elementor-toc__3aa2abf7\" aria-expanded=\"true\" aria-label=\"Inhaltsverzeichnis \u00f6ffnen\"><i aria-hidden=\"true\" class=\"fas fa-chevron-down\"><\/i><\/div>\n\t\t\t\t<div class=\"elementor-toc__toggle-button elementor-toc__toggle-button--collapse\" role=\"button\" tabindex=\"0\" aria-controls=\"elementor-toc__3aa2abf7\" aria-expanded=\"true\" aria-label=\"Inhaltsverzeichnis schlie\u00dfen\"><i aria-hidden=\"true\" class=\"fas fa-chevron-up\"><\/i><\/div>\n\t\t\t\t\t<\/div>\n\t\t\t\t<div id=\"elementor-toc__3aa2abf7\" class=\"elementor-toc__body\">\n\t\t\t<div class=\"elementor-toc__spinner-container\">\n\t\t\t\t<i class=\"elementor-toc__spinner eicon-animation-spin eicon-loading\" aria-hidden=\"true\"><\/i>\t\t\t<\/div>\n\t\t<\/div>\n\t\t\t\t\t\t<\/div>\n\t\t\t\t<\/div>\n\t\t\t\t<div class=\"elementor-element elementor-element-44edc28c elementor-widget elementor-widget-heading\" data-id=\"44edc28c\" data-element_type=\"widget\" data-e-type=\"widget\" data-widget_type=\"heading.default\">\n\t\t\t\t<div class=\"elementor-widget-container\">\n\t\t\t\t\t<h2 class=\"elementor-heading-title elementor-size-default\">Welche Aktivit\u00e4ten man in Las Calderetas unternehmen kann\n<\/h2>\t\t\t\t<\/div>\n\t\t\t\t<\/div>\n\t\t\t\t<div class=\"elementor-element elementor-element-4fbeb7ab elementor-widget elementor-widget-text-editor\" data-id=\"4fbeb7ab\" data-element_type=\"widget\" data-e-type=\"widget\" data-widget_type=\"text-editor.default\">\n\t\t\t\t<div class=\"elementor-widget-container\">\n\t\t\t\t\t\t\t\t\t<p>Las Calderetas auf Teneriffa ist ein perfekter Ort zum Ausruhen und f\u00fcr Abenteuer auf verschiedenen Wanderrouten, die duch dieses bei Einheimischen und Reisenden so beliebte Naturgebiet f\u00fchren. Hier finden Sie einen Kinderspielplatz, einen Fu\u00dfballplatz, Grillpl\u00e4tze, Tische mit B\u00e4nken und vieles mehr, sodass Sie und Ihre Familie sich gleichzeitig am\u00fcsieren und ausruhen k\u00f6nnen. Es ist wichtig, den Ort sauber und frei von menschlichen Verschmutzungen zu halten, damit jeder die Natur auf die angenehmste Weise genie\u00dfen kann.<\/p>\t\t\t\t\t\t\t\t<\/div>\n\t\t\t\t<\/div>\n\t\t\t\t\t<\/div>\n\t\t<\/div>\n\t\t\t\t\t<\/div>\n\t\t<\/section>\n\t\t\t\t<section class=\"elementor-section elementor-top-section elementor-element elementor-element-4b8f5df elementor-section-boxed elementor-section-height-default elementor-section-height-default\" data-id=\"4b8f5df\" data-element_type=\"section\" data-e-type=\"section\">\n\t\t\t\t\t\t<div class=\"elementor-container elementor-column-gap-default\">\n\t\t\t\t\t<div class=\"elementor-column elementor-col-100 elementor-top-column elementor-element elementor-element-03a09e9\" data-id=\"03a09e9\" data-element_type=\"column\" data-e-type=\"column\">\n\t\t\t<div class=\"elementor-widget-wrap elementor-element-populated\">\n\t\t\t\t\t\t<div class=\"elementor-element elementor-element-d486161 elementor-widget elementor-widget-image\" data-id=\"d486161\" data-element_type=\"widget\" data-e-type=\"widget\" data-widget_type=\"image.default\">\n\t\t\t\t<div class=\"elementor-widget-container\">\n\t\t\t\t\t\t\t\t\t\t\t\t\t\t\t<img fetchpriority=\"high\" decoding=\"async\" width=\"1200\" height=\"583\" src=\"https:\/\/www.sansofestay.com\/blog\/wp-content\/uploads\/2024\/12\/Las-Calderetas-parque-tenerife.jpg\" class=\"attachment-full size-full wp-image-2061\" alt=\"Las-Calderetas-parque-tenerife\" srcset=\"https:\/\/www.sansofestay.com\/blog\/wp-content\/uploads\/2024\/12\/Las-Calderetas-parque-tenerife.jpg 1200w, https:\/\/www.sansofestay.com\/blog\/wp-content\/uploads\/2024\/12\/Las-Calderetas-parque-tenerife-768x373.jpg 768w\" sizes=\"(max-width: 1200px) 100vw, 1200px\" \/>\t\t\t\t\t\t\t\t\t\t\t\t\t\t\t<\/div>\n\t\t\t\t<\/div>\n\t\t\t\t\t<\/div>\n\t\t<\/div>\n\t\t\t\t\t<\/div>\n\t\t<\/section>\n\t\t\t\t<section class=\"elementor-section elementor-top-section elementor-element elementor-element-c83f0f3 elementor-section-boxed elementor-section-height-default elementor-section-height-default\" data-id=\"c83f0f3\" data-element_type=\"section\" data-e-type=\"section\">\n\t\t\t\t\t\t<div class=\"elementor-container elementor-column-gap-default\">\n\t\t\t\t\t<div class=\"elementor-column elementor-col-100 elementor-top-column elementor-element elementor-element-f10d4e1\" data-id=\"f10d4e1\" data-element_type=\"column\" data-e-type=\"column\">\n\t\t\t<div class=\"elementor-widget-wrap elementor-element-populated\">\n\t\t\t\t\t\t<div class=\"elementor-element elementor-element-db13bbc elementor-widget elementor-widget-heading\" data-id=\"db13bbc\" data-element_type=\"widget\" data-e-type=\"widget\" data-widget_type=\"heading.default\">\n\t\t\t\t<div class=\"elementor-widget-container\">\n\t\t\t\t\t<h2 class=\"elementor-heading-title elementor-size-default\">Wander- und Naturrouten\n<\/h2>\t\t\t\t<\/div>\n\t\t\t\t<\/div>\n\t\t\t\t<div class=\"elementor-element elementor-element-f22169b elementor-widget elementor-widget-text-editor\" data-id=\"f22169b\" data-element_type=\"widget\" data-e-type=\"widget\" data-widget_type=\"text-editor.default\">\n\t\t\t\t<div class=\"elementor-widget-container\">\n\t\t\t\t\t\t\t\t\t<p>Wandern in einer so spektakul\u00e4ren Naturlandschaft wie Las Calderetas ist ein Privileg und eine der besten Aktivit\u00e4ten, die man auf Teneriffa unternehmen kann. Wenn Sie auf der Suche nach Informationen \u00fcber Wanderrouten in Las Calderetas sind, haben Sie Gl\u00fcck \u2013 hier stellen wir Ihnen zwei der besten Optionen vor.<\/p>\t\t\t\t\t\t\t\t<\/div>\n\t\t\t\t<\/div>\n\t\t\t\t\t<\/div>\n\t\t<\/div>\n\t\t\t\t\t<\/div>\n\t\t<\/section>\n\t\t\t\t<section class=\"elementor-section elementor-top-section elementor-element elementor-element-a14c682 elementor-section-boxed elementor-section-height-default elementor-section-height-default\" data-id=\"a14c682\" data-element_type=\"section\" data-e-type=\"section\">\n\t\t\t\t\t\t<div class=\"elementor-container elementor-column-gap-default\">\n\t\t\t\t\t<div class=\"elementor-column elementor-col-50 elementor-top-column elementor-element elementor-element-c032532\" data-id=\"c032532\" data-element_type=\"column\" data-e-type=\"column\">\n\t\t\t<div class=\"elementor-widget-wrap elementor-element-populated\">\n\t\t\t\t\t\t<div class=\"elementor-element elementor-element-924650c elementor-widget elementor-widget-heading\" data-id=\"924650c\" data-element_type=\"widget\" data-e-type=\"widget\" data-widget_type=\"heading.default\">\n\t\t\t\t<div class=\"elementor-widget-container\">\n\t\t\t\t\t<h3 class=\"elementor-heading-title elementor-size-default\">Rundweg durch das Erholungsgebiet Las Calderetas\n<\/h3>\t\t\t\t<\/div>\n\t\t\t\t<\/div>\n\t\t\t\t<div class=\"elementor-element elementor-element-22b9cb57 elementor-widget elementor-widget-text-editor\" data-id=\"22b9cb57\" data-element_type=\"widget\" data-e-type=\"widget\" data-widget_type=\"text-editor.default\">\n\t\t\t\t<div class=\"elementor-widget-container\">\n\t\t\t\t\t\t\t\t\t<p>Wie der Name schon sagt, handelt es sich um einen Rundweg, der im Erholungsgebiet von Las Calderetas beginnt und endet. Er ist nicht sehr schwierig und weist keine nennenswerten Steigungen auf, aber es ist wichtig, sich der verschiedenen Abzweigungen bewusst zu sein, die zu einer gewissen Orientierungslosigkeit f\u00fchren k\u00f6nnen. Die Route verl\u00e4uft fast immer im Schutz des Waldes und ist eine sehr sch\u00f6ne Strecke, auf der man eine Flora aus Nadelb\u00e4umen, Lorbeerw\u00e4ldern und Buschland beobachten kann. Es empfiehlt sich, die Wanderung im Fr\u00fchjahr oder Sommer zu unternehmen, da dann die besten Wetterbedingungen herrschen.<\/p>\t\t\t\t\t\t\t\t<\/div>\n\t\t\t\t<\/div>\n\t\t\t\t\t<\/div>\n\t\t<\/div>\n\t\t\t\t<div class=\"elementor-column elementor-col-50 elementor-top-column elementor-element elementor-element-a925351\" data-id=\"a925351\" data-element_type=\"column\" data-e-type=\"column\">\n\t\t\t<div class=\"elementor-widget-wrap elementor-element-populated\">\n\t\t\t\t\t\t<div class=\"elementor-element elementor-element-450f6b1 elementor-widget elementor-widget-heading\" data-id=\"450f6b1\" data-element_type=\"widget\" data-e-type=\"widget\" data-widget_type=\"heading.default\">\n\t\t\t\t<div class=\"elementor-widget-container\">\n\t\t\t\t\t<h3 class=\"elementor-heading-title elementor-size-default\">Rundweg Las Calderetas-Las Crucitas-Monte de Agua Garcia\n<\/h3>\t\t\t\t<\/div>\n\t\t\t\t<\/div>\n\t\t\t\t<div class=\"elementor-element elementor-element-6b07b68 elementor-widget elementor-widget-text-editor\" data-id=\"6b07b68\" data-element_type=\"widget\" data-e-type=\"widget\" data-widget_type=\"text-editor.default\">\n\t\t\t\t<div class=\"elementor-widget-container\">\n\t\t\t\t\t\t\t\t\t<p>Diese Route ist eine fantastische M\u00f6glichkeit, das Wesen der W\u00e4lder Teneriffas zu entdecken und einen Blick auf die einst urspr\u00fcngliche Flora der Insel zu werfen. Diese Route ist in das Landschaftsschutzgebiet Las Lagunetas integriert, wo man zwei sehr alte und gro\u00dfe B\u00e4ume sehen kann: die Vi\u00f1atigos Centenarios. Eine interessante Option f\u00fcr einen Familienausflug mit geringem Schwierigkeitsgrad, der im Erholungsgebiet von Las Calderetas beginnt und es Ihnen erm\u00f6glicht, einen anderen Teil Teneriffas zu entdecken.<\/p>\t\t\t\t\t\t\t\t<\/div>\n\t\t\t\t<\/div>\n\t\t\t\t\t<\/div>\n\t\t<\/div>\n\t\t\t\t\t<\/div>\n\t\t<\/section>\n\t\t\t\t<section class=\"elementor-section elementor-top-section elementor-element elementor-element-a147310 elementor-section-boxed elementor-section-height-default elementor-section-height-default\" data-id=\"a147310\" data-element_type=\"section\" data-e-type=\"section\">\n\t\t\t\t\t\t<div class=\"elementor-container elementor-column-gap-default\">\n\t\t\t\t\t<div class=\"elementor-column elementor-col-100 elementor-top-column elementor-element elementor-element-69e8dad\" data-id=\"69e8dad\" data-element_type=\"column\" data-e-type=\"column\">\n\t\t\t<div class=\"elementor-widget-wrap elementor-element-populated\">\n\t\t\t\t\t\t<div class=\"elementor-element elementor-element-b6b27d6 elementor-widget elementor-widget-image\" data-id=\"b6b27d6\" data-element_type=\"widget\" data-e-type=\"widget\" data-widget_type=\"image.default\">\n\t\t\t\t<div class=\"elementor-widget-container\">\n\t\t\t\t\t\t\t\t\t\t\t\t\t\t\t<img decoding=\"async\" width=\"1254\" height=\"627\" src=\"https:\/\/www.sansofestay.com\/blog\/wp-content\/uploads\/2024\/12\/Mirador-Las-Calderetas.jpg\" class=\"attachment-full size-full wp-image-2058\" alt=\"Mirador-Las-Calderetas\" srcset=\"https:\/\/www.sansofestay.com\/blog\/wp-content\/uploads\/2024\/12\/Mirador-Las-Calderetas.jpg 1254w, https:\/\/www.sansofestay.com\/blog\/wp-content\/uploads\/2024\/12\/Mirador-Las-Calderetas-768x384.jpg 768w\" sizes=\"(max-width: 1254px) 100vw, 1254px\" \/>\t\t\t\t\t\t\t\t\t\t\t\t\t\t\t<\/div>\n\t\t\t\t<\/div>\n\t\t\t\t\t<\/div>\n\t\t<\/div>\n\t\t\t\t\t<\/div>\n\t\t<\/section>\n\t\t\t\t<section class=\"elementor-section elementor-top-section elementor-element elementor-element-36d14394 elementor-section-boxed elementor-section-height-default elementor-section-height-default\" data-id=\"36d14394\" data-element_type=\"section\" data-e-type=\"section\">\n\t\t\t\t\t\t<div class=\"elementor-container elementor-column-gap-default\">\n\t\t\t\t\t<div class=\"elementor-column elementor-col-100 elementor-top-column elementor-element elementor-element-437943fa\" data-id=\"437943fa\" data-element_type=\"column\" data-e-type=\"column\">\n\t\t\t<div class=\"elementor-widget-wrap elementor-element-populated\">\n\t\t\t\t\t\t<div class=\"elementor-element elementor-element-39ea6b10 elementor-widget elementor-widget-heading\" data-id=\"39ea6b10\" data-element_type=\"widget\" data-e-type=\"widget\" data-widget_type=\"heading.default\">\n\t\t\t\t<div class=\"elementor-widget-container\">\n\t\t\t\t\t<h2 class=\"elementor-heading-title elementor-size-default\">Picknick und Erholung in Las Calderetas\n<\/h2>\t\t\t\t<\/div>\n\t\t\t\t<\/div>\n\t\t\t\t<div class=\"elementor-element elementor-element-3f969729 elementor-widget elementor-widget-text-editor\" data-id=\"3f969729\" data-element_type=\"widget\" data-e-type=\"widget\" data-widget_type=\"text-editor.default\">\n\t\t\t\t<div class=\"elementor-widget-container\">\n\t\t\t\t\t\t\t\t\t<p>Nach dem Besuch einiger der sch\u00f6nsten D\u00f6rfer im Norden Teneriffas, wie z. B. Orotava, Los Realejos oder La Guancha, oder nach der Erkundung des Naturerbes der Insel, wie z. B. des Teide-Nationalparks, gibt es nichts Sch\u00f6neres als einen Ausflug in die Natur und ein Picknick mit Ihren Lieben. Dieser gro\u00dfartige Plan ist ideal zum Entspannen und Las Calderetas ist einer der besten Orte auf der Insel, um dies zu tun. Auf 1.000 Metern \u00fcber dem Meeresspiegel und inmitten der wilden Natur f\u00fchlen Sie sich wie in den Wolken. Au\u00dferdem ist die Kapazit\u00e4t des Ortes relativ gering, sodass keine Gefahr besteht, zu viele Menschen anzutreffen.<\/p>\t\t\t\t\t\t\t\t<\/div>\n\t\t\t\t<\/div>\n\t\t\t\t\t<\/div>\n\t\t<\/div>\n\t\t\t\t\t<\/div>\n\t\t<\/section>\n\t\t\t\t<section class=\"elementor-section elementor-top-section elementor-element elementor-element-f8c32c1 elementor-section-boxed elementor-section-height-default elementor-section-height-default\" data-id=\"f8c32c1\" data-element_type=\"section\" data-e-type=\"section\">\n\t\t\t\t\t\t<div class=\"elementor-container elementor-column-gap-default\">\n\t\t\t\t\t<div class=\"elementor-column elementor-col-100 elementor-top-column elementor-element elementor-element-05ffd07\" data-id=\"05ffd07\" data-element_type=\"column\" data-e-type=\"column\">\n\t\t\t<div class=\"elementor-widget-wrap elementor-element-populated\">\n\t\t\t\t\t\t<div class=\"elementor-element elementor-element-99b73cc elementor-widget elementor-widget-heading\" data-id=\"99b73cc\" data-element_type=\"widget\" data-e-type=\"widget\" data-widget_type=\"heading.default\">\n\t\t\t\t<div class=\"elementor-widget-container\">\n\t\t\t\t\t<h2 class=\"elementor-heading-title elementor-size-default\">Tipps f\u00fcr einen gelungenen Besuch in Las Calderetas auf Teneriffa\n<\/h2>\t\t\t\t<\/div>\n\t\t\t\t<\/div>\n\t\t\t\t<div class=\"elementor-element elementor-element-0204b93 elementor-widget elementor-widget-text-editor\" data-id=\"0204b93\" data-element_type=\"widget\" data-e-type=\"widget\" data-widget_type=\"text-editor.default\">\n\t\t\t\t<div class=\"elementor-widget-container\">\n\t\t\t\t\t\t\t\t\t<p>Es ist nicht notwendig, sich auf einen Besuch in Las Calderetas besonders vorzubereiten, denn der Zugang ist einfach und es gibt verschiedene Dienstleistungen, die Ihren Besuch angenehm machen. Es gibt jedoch einige Dinge, die Ihren Besuch noch angenehmer machen k\u00f6nnen: Tragen Sie wettergerechte Kleidung und bequeme Wanderschuhe; nehmen Sie gen\u00fcgend Wasser und etwas zu essen mit, falls die Wanderung l\u00e4nger dauert als erwartet; beachten Sie die geltenden Regeln und die Beschilderung; und achten Sie auf die Umwelt, indem Sie den von Ihnen produzierten Abfall einsammeln, kein Feuer au\u00dferhalb der daf\u00fcr vorgesehenen Pl\u00e4tze machen und die Flora und Fauna nicht sch\u00e4digen.<\/p>\t\t\t\t\t\t\t\t<\/div>\n\t\t\t\t<\/div>\n\t\t\t\t\t<\/div>\n\t\t<\/div>\n\t\t\t\t\t<\/div>\n\t\t<\/section>\n\t\t\t\t<section class=\"elementor-section elementor-top-section elementor-element elementor-element-bd0bbea elementor-section-boxed elementor-section-height-default elementor-section-height-default\" data-id=\"bd0bbea\" data-element_type=\"section\" data-e-type=\"section\">\n\t\t\t\t\t\t<div class=\"elementor-container elementor-column-gap-default\">\n\t\t\t\t\t<div class=\"elementor-column elementor-col-100 elementor-top-column elementor-element elementor-element-b7aa9b3\" data-id=\"b7aa9b3\" data-element_type=\"column\" data-e-type=\"column\">\n\t\t\t<div class=\"elementor-widget-wrap elementor-element-populated\">\n\t\t\t\t\t\t<div class=\"elementor-element elementor-element-d4e255a elementor-widget elementor-widget-image\" data-id=\"d4e255a\" data-element_type=\"widget\" data-e-type=\"widget\" data-widget_type=\"image.default\">\n\t\t\t\t<div class=\"elementor-widget-container\">\n\t\t\t\t\t\t\t\t\t\t\t\t\t\t\t<img decoding=\"async\" src=\"https:\/\/www.sansofestay.com\/blog\/wp-content\/uploads\/elementor\/thumbs\/Las-Calderetas-tenerife-qyl9sz5w63jfmx2l8qb17kbyfwsqsnbs924fkyztrk.jpg\" title=\"Las-Calderetas-tenerife\" alt=\"Las-Calderetas-tenerife\" loading=\"lazy\" \/>\t\t\t\t\t\t\t\t\t\t\t\t\t\t\t<\/div>\n\t\t\t\t<\/div>\n\t\t\t\t\t<\/div>\n\t\t<\/div>\n\t\t\t\t\t<\/div>\n\t\t<\/section>\n\t\t\t\t<section class=\"elementor-section elementor-top-section elementor-element elementor-element-e9f0fff elementor-section-boxed elementor-section-height-default elementor-section-height-default\" data-id=\"e9f0fff\" data-element_type=\"section\" data-e-type=\"section\">\n\t\t\t\t\t\t<div class=\"elementor-container elementor-column-gap-default\">\n\t\t\t\t\t<div class=\"elementor-column elementor-col-100 elementor-top-column elementor-element elementor-element-760d543\" data-id=\"760d543\" data-element_type=\"column\" data-e-type=\"column\">\n\t\t\t<div class=\"elementor-widget-wrap elementor-element-populated\">\n\t\t\t\t\t\t<div class=\"elementor-element elementor-element-89c5442 elementor-widget elementor-widget-heading\" data-id=\"89c5442\" data-element_type=\"widget\" data-e-type=\"widget\" data-widget_type=\"heading.default\">\n\t\t\t\t<div class=\"elementor-widget-container\">\n\t\t\t\t\t<h2 class=\"elementor-heading-title elementor-size-default\">Wie man nach Las Calderetas auf Teneriffa kommt\n<\/h2>\t\t\t\t<\/div>\n\t\t\t\t<\/div>\n\t\t\t\t<div class=\"elementor-element elementor-element-0b0797e elementor-widget elementor-widget-text-editor\" data-id=\"0b0797e\" data-element_type=\"widget\" data-e-type=\"widget\" data-widget_type=\"text-editor.default\">\n\t\t\t\t<div class=\"elementor-widget-container\">\n\t\t\t\t\t\t\t\t\t<p>Es ist sehr einfach, das Erholungsgebiet Las Calderetas zu erreichen, denn die Gegend ist gut erschlossen und es gibt eine Stra\u00dfe, die Sie dorthin bringt, wo Sie hinwollen. Von San Crist\u00f3bal de La Laguna aus muss man nur die TF-5 in Richtung Tacoronte nehmen und dann die Ausfahrt in Richtung Ravelo und dann nach El Sauzal abfahren. Insgesamt dauert die Fahrt etwa 20 Minuten. Wenn Sie aus Puerto de La Cruz kommen, nehmen Sie die TF-5, aber in Richtung Santa Cruz de Tenerife, und die Fahrt dauert etwas mehr als 20 Minuten. Wenn Sie aus dem S\u00fcden der Insel kommen, dauert die Fahrt etwas mehr als 1 Stunde.<\/p>\t\t\t\t\t\t\t\t<\/div>\n\t\t\t\t<\/div>\n\t\t\t\t\t<\/div>\n\t\t<\/div>\n\t\t\t\t\t<\/div>\n\t\t<\/section>\n\t\t\t\t<section class=\"elementor-section elementor-top-section elementor-element elementor-element-75cd6cb elementor-section-boxed elementor-section-height-default elementor-section-height-default\" data-id=\"75cd6cb\" data-element_type=\"section\" data-e-type=\"section\">\n\t\t\t\t\t\t<div class=\"elementor-container elementor-column-gap-default\">\n\t\t\t\t\t<div class=\"elementor-column elementor-col-100 elementor-top-column elementor-element elementor-element-1666649\" data-id=\"1666649\" data-element_type=\"column\" data-e-type=\"column\">\n\t\t\t<div class=\"elementor-widget-wrap elementor-element-populated\">\n\t\t\t\t\t\t<div class=\"elementor-element elementor-element-58f73b7 elementor-widget elementor-widget-google_maps\" data-id=\"58f73b7\" data-element_type=\"widget\" data-e-type=\"widget\" data-widget_type=\"google_maps.default\">\n\t\t\t\t<div class=\"elementor-widget-container\">\n\t\t\t\t\t\t\t<div class=\"elementor-custom-embed\">\n\t\t\t<iframe loading=\"lazy\"\n\t\t\t\t\tsrc=\"https:\/\/maps.google.com\/maps?q=38140%2C%20Santa%20Cruz%20de%20Tenerife&#038;t=m&#038;z=12&#038;output=embed&#038;iwloc=near\"\n\t\t\t\t\ttitle=\"38140, Santa Cruz de Tenerife\"\n\t\t\t\t\taria-label=\"38140, Santa Cruz de Tenerife\"\n\t\t\t><\/iframe>\n\t\t<\/div>\n\t\t\t\t\t\t<\/div>\n\t\t\t\t<\/div>\n\t\t\t\t\t<\/div>\n\t\t<\/div>\n\t\t\t\t\t<\/div>\n\t\t<\/section>\n\t\t\t\t<section class=\"elementor-section elementor-top-section elementor-element elementor-element-7eb31db elementor-section-boxed elementor-section-height-default elementor-section-height-default\" data-id=\"7eb31db\" data-element_type=\"section\" data-e-type=\"section\">\n\t\t\t\t\t\t<div class=\"elementor-container elementor-column-gap-default\">\n\t\t\t\t\t<div class=\"elementor-column elementor-col-100 elementor-top-column elementor-element elementor-element-a99f715\" data-id=\"a99f715\" data-element_type=\"column\" data-e-type=\"column\">\n\t\t\t<div class=\"elementor-widget-wrap elementor-element-populated\">\n\t\t\t\t\t\t<div class=\"elementor-element elementor-element-18a60f9 elementor-widget elementor-widget-heading\" data-id=\"18a60f9\" data-element_type=\"widget\" data-e-type=\"widget\" data-widget_type=\"heading.default\">\n\t\t\t\t<div class=\"elementor-widget-container\">\n\t\t\t\t\t<h2 class=\"elementor-heading-title elementor-size-default\">Las Calderetas ist das ideale Ziel f\u00fcr einen Ausflug in die Natur\n<\/h2>\t\t\t\t<\/div>\n\t\t\t\t<\/div>\n\t\t\t\t<div class=\"elementor-element elementor-element-6a09dbb elementor-widget elementor-widget-text-editor\" data-id=\"6a09dbb\" data-element_type=\"widget\" data-e-type=\"widget\" data-widget_type=\"text-editor.default\">\n\t\t\t\t<div class=\"elementor-widget-container\">\n\t\t\t\t\t\t\t\t\t<p>F\u00fcr Naturliebhaber ist Las Calderetas ein fantastischer Ort, der zum Entspannen und zur Verbindung mit Mutter Natur einl\u00e4dt. Umgeben von zahlreichen auf der Insel beheimateten Arten werden Sie das Gef\u00fchl haben, an einem einzigartigen Ort zu sein, der sich von dem, was Sie in anderen Teilen der Welt gewohnt sind, stark unterscheidet. Tats\u00e4chlich sind Sie nur wenige Minuten vom Strand entfernt! Dies ist einer der gro\u00dfen Vorteile des n\u00f6rdlichen Teils von Teneriffa\u00a0\u2026<\/p><p>Bei Sansof\u00e9 Stays, den Experten f\u00fcr Ferienunterk\u00fcnfte auf Teneriffa, finden Sie das Haus, die Wohnung oder die Villa, die Sie f\u00fcr Ihren Traumurlaub auf der Insel suchen. Sie k\u00f6nnen die Eigenschaften ausw\u00e4hlen, die Sie interessieren, sodass Sie die perfekte Unterkunft f\u00fcr Ihre Bed\u00fcrfnisse finden, egal ob es sich um einen romantischen Kurzurlaub, eine Reise mit einer Gruppe von Freunden oder einen Familienurlaub mit Menschen jeden Alters handelt. Entdecken Sie Teneriffa und genie\u00dfen Sie die Insel in vollen Z\u00fcgen.<\/p>\t\t\t\t\t\t\t\t<\/div>\n\t\t\t\t<\/div>\n\t\t\t\t\t<\/div>\n\t\t<\/div>\n\t\t\t\t\t<\/div>\n\t\t<\/section>\n\t\t\t\t<section class=\"elementor-section elementor-top-section elementor-element elementor-element-2fd870f9 elementor-section-boxed elementor-section-height-default elementor-section-height-default\" data-id=\"2fd870f9\" data-element_type=\"section\" data-e-type=\"section\">\n\t\t\t\t\t\t<div class=\"elementor-container elementor-column-gap-default\">\n\t\t\t\t\t<div class=\"elementor-column elementor-col-100 elementor-top-column elementor-element elementor-element-46a09b54\" data-id=\"46a09b54\" data-element_type=\"column\" data-e-type=\"column\">\n\t\t\t<div class=\"elementor-widget-wrap elementor-element-populated\">\n\t\t\t\t\t\t<div class=\"elementor-element elementor-element-19deb204 elementor-widget elementor-widget-shortcode\" data-id=\"19deb204\" data-element_type=\"widget\" data-e-type=\"widget\" data-widget_type=\"shortcode.default\">\n\t\t\t\t<div class=\"elementor-widget-container\">\n\t\t\t\t\t\t\t<div class=\"elementor-shortcode\">\t\t<div data-elementor-type=\"section\" data-elementor-id=\"2014\" class=\"elementor elementor-2014 elementor-157 elementor-157\" data-elementor-post-type=\"elementor_library\">\n\t\t\t\t\t<section class=\"elementor-section elementor-top-section elementor-element elementor-element-55564cff elementor-section-boxed elementor-section-height-default elementor-section-height-default\" data-id=\"55564cff\" data-element_type=\"section\" data-e-type=\"section\">\n\t\t\t\t\t\t<div class=\"elementor-container elementor-column-gap-default\">\n\t\t\t\t\t<div class=\"elementor-column elementor-col-33 elementor-top-column elementor-element elementor-element-7cb2f425\" data-id=\"7cb2f425\" data-element_type=\"column\" data-e-type=\"column\">\n\t\t\t<div class=\"elementor-widget-wrap elementor-element-populated\">\n\t\t\t\t\t\t<div class=\"elementor-element elementor-element-20c55a8e elementor-align-right elementor-widget elementor-widget-button\" data-id=\"20c55a8e\" data-element_type=\"widget\" data-e-type=\"widget\" data-widget_type=\"button.default\">\n\t\t\t\t<div class=\"elementor-widget-container\">\n\t\t\t\t\t\t\t\t\t<div class=\"elementor-button-wrapper\">\n\t\t\t\t\t<a class=\"elementor-button elementor-button-link elementor-size-sm\" href=\"https:\/\/www.sansofestay.com\/de\/vermietung\/vermietungen-la-matanza-de-acentejo-d408344\/\" target=\"_blank\">\n\t\t\t\t\t\t<span class=\"elementor-button-content-wrapper\">\n\t\t\t\t\t\t\t\t\t<span class=\"elementor-button-text\">Vermietungen La Matanza de Acentejo<\/span>\n\t\t\t\t\t<\/span>\n\t\t\t\t\t<\/a>\n\t\t\t\t<\/div>\n\t\t\t\t\t\t\t\t<\/div>\n\t\t\t\t<\/div>\n\t\t\t\t\t<\/div>\n\t\t<\/div>\n\t\t\t\t<div class=\"elementor-column elementor-col-33 elementor-top-column elementor-element elementor-element-50aeabf9\" data-id=\"50aeabf9\" data-element_type=\"column\" data-e-type=\"column\">\n\t\t\t<div class=\"elementor-widget-wrap elementor-element-populated\">\n\t\t\t\t\t\t<div class=\"elementor-element elementor-element-2bcfdd26 elementor-align-center elementor-widget elementor-widget-button\" data-id=\"2bcfdd26\" data-element_type=\"widget\" data-e-type=\"widget\" data-widget_type=\"button.default\">\n\t\t\t\t<div class=\"elementor-widget-container\">\n\t\t\t\t\t\t\t\t\t<div class=\"elementor-button-wrapper\">\n\t\t\t\t\t<a class=\"elementor-button elementor-button-link elementor-size-sm\" href=\"https:\/\/www.sansofestay.com\/de\/vermietung\/ferienwohnungen-la-matanza-de-acentejo-c1d408344\/\" target=\"_blank\">\n\t\t\t\t\t\t<span class=\"elementor-button-content-wrapper\">\n\t\t\t\t\t\t\t\t\t<span class=\"elementor-button-text\">Ferienwohnungen La Matanza de Acentejo<\/span>\n\t\t\t\t\t<\/span>\n\t\t\t\t\t<\/a>\n\t\t\t\t<\/div>\n\t\t\t\t\t\t\t\t<\/div>\n\t\t\t\t<\/div>\n\t\t\t\t\t<\/div>\n\t\t<\/div>\n\t\t\t\t<div class=\"elementor-column elementor-col-33 elementor-top-column elementor-element elementor-element-b547a1\" data-id=\"b547a1\" data-element_type=\"column\" data-e-type=\"column\">\n\t\t\t<div class=\"elementor-widget-wrap elementor-element-populated\">\n\t\t\t\t\t\t<div class=\"elementor-element elementor-element-5fffd184 elementor-align-left elementor-widget elementor-widget-button\" data-id=\"5fffd184\" data-element_type=\"widget\" data-e-type=\"widget\" data-widget_type=\"button.default\">\n\t\t\t\t<div class=\"elementor-widget-container\">\n\t\t\t\t\t\t\t\t\t<div class=\"elementor-button-wrapper\">\n\t\t\t\t\t<a class=\"elementor-button elementor-button-link elementor-size-sm\" href=\"https:\/\/www.sansofestay.com\/de\/vermietung\/ferienhauser-la-matanza-de-acentejo-c19d408344\/\" target=\"_blank\">\n\t\t\t\t\t\t<span class=\"elementor-button-content-wrapper\">\n\t\t\t\t\t\t\t\t\t<span class=\"elementor-button-text\">H\u00e4usern in La Matanza de Acentejo<\/span>\n\t\t\t\t\t<\/span>\n\t\t\t\t\t<\/a>\n\t\t\t\t<\/div>\n\t\t\t\t\t\t\t\t<\/div>\n\t\t\t\t<\/div>\n\t\t\t\t\t<\/div>\n\t\t<\/div>\n\t\t\t\t\t<\/div>\n\t\t<\/section>\n\t\t\t\t<\/div>\n\t\t<\/div>\n\t\t\t\t\t\t<\/div>\n\t\t\t\t<\/div>\n\t\t\t\t\t<\/div>\n\t\t<\/div>\n\t\t\t\t\t<\/div>\n\t\t<\/section>\n\t\t\t\t<\/div>\n\t\t","protected":false},"excerpt":{"rendered":"<p>Wenn Sie einen Besuch auf Teneriffa planen, sollten Sie sich den Namen Las Calderetas merken. Das Erholungsgebiet Las Calderetas auf&#8230;<\/p>\n","protected":false},"author":3,"featured_media":2064,"comment_status":"open","ping_status":"open","sticky":false,"template":"","format":"standard","meta":{"footnotes":""},"categories":[81,59],"class_list":["post-2083","post","type-post","status-publish","format-standard","has-post-thumbnail","hentry","category-la-matanza-de-acentejo-de","category-teneriffa","tag-no-template"],"yoast_head":"<!-- This site is optimized with the Yoast SEO plugin v27.2 - https:\/\/yoast.com\/product\/yoast-seo-wordpress\/ -->\n<title>Las Calderetas: Natur pur - Urlaub auf Teneriffa Nord | Sansof\u00e9<\/title>\n<meta name=\"description\" content=\"Entdecken Sie Las Calderetas. Vulkanische Natur, einzigartige Wanderwege und Ruhe auf den Kanarischen Inseln.\" \/>\n<meta name=\"robots\" content=\"index, follow, max-snippet:-1, max-image-preview:large, max-video-preview:-1\" \/>\n<link rel=\"canonical\" href=\"https:\/\/www.sansofestay.com\/blog\/de\/las-calderetas\/\" \/>\n<meta property=\"og:locale\" content=\"de_DE\" \/>\n<meta property=\"og:type\" content=\"article\" \/>\n<meta property=\"og:title\" content=\"Las Calderetas: Natur pur - Urlaub auf Teneriffa Nord | Sansof\u00e9\" \/>\n<meta property=\"og:description\" content=\"Entdecken Sie Las Calderetas. Vulkanische Natur, einzigartige Wanderwege und Ruhe auf den Kanarischen Inseln.\" \/>\n<meta property=\"og:url\" content=\"https:\/\/www.sansofestay.com\/blog\/de\/las-calderetas\/\" \/>\n<meta property=\"og:site_name\" content=\"Urlaub auf Teneriffa Nord | Sansof\u00e9\" \/>\n<meta property=\"article:published_time\" content=\"2024-12-16T11:21:28+00:00\" \/>\n<meta property=\"article:modified_time\" content=\"2025-02-25T14:54:11+00:00\" \/>\n<meta property=\"og:image\" content=\"https:\/\/www.sansofestay.com\/blog\/wp-content\/uploads\/2024\/12\/Las-Calderetas-tenerife.jpg\" \/>\n\t<meta property=\"og:image:width\" content=\"1920\" \/>\n\t<meta property=\"og:image:height\" content=\"651\" \/>\n\t<meta property=\"og:image:type\" content=\"image\/jpeg\" \/>\n<meta name=\"author\" content=\"digitalservices@avantio.com\" \/>\n<meta name=\"twitter:card\" content=\"summary_large_image\" \/>\n<meta name=\"twitter:label1\" content=\"Verfasst von\" \/>\n\t<meta name=\"twitter:data1\" content=\"digitalservices@avantio.com\" \/>\n\t<meta name=\"twitter:label2\" content=\"Gesch\u00e4tzte Lesezeit\" \/>\n\t<meta name=\"twitter:data2\" content=\"7\u00a0Minuten\" \/>\n<script type=\"application\/ld+json\" class=\"yoast-schema-graph\">{\"@context\":\"https:\/\/schema.org\",\"@graph\":[{\"@type\":\"Article\",\"@id\":\"https:\/\/www.sansofestay.com\/blog\/de\/las-calderetas\/#article\",\"isPartOf\":{\"@id\":\"https:\/\/www.sansofestay.com\/blog\/de\/las-calderetas\/\"},\"author\":{\"name\":\"digitalservices@avantio.com\",\"@id\":\"https:\/\/www.sansofestay.com\/blog\/de\/#\/schema\/person\/c206c4732c6fd34c0667c8566b602cd6\"},\"headline\":\"Las Calderetas: Natur pur\",\"datePublished\":\"2024-12-16T11:21:28+00:00\",\"dateModified\":\"2025-02-25T14:54:11+00:00\",\"mainEntityOfPage\":{\"@id\":\"https:\/\/www.sansofestay.com\/blog\/de\/las-calderetas\/\"},\"wordCount\":1049,\"commentCount\":0,\"image\":{\"@id\":\"https:\/\/www.sansofestay.com\/blog\/de\/las-calderetas\/#primaryimage\"},\"thumbnailUrl\":\"https:\/\/www.sansofestay.com\/blog\/wp-content\/uploads\/2024\/12\/Las-Calderetas-tenerife.jpg\",\"keywords\":[\"No template\"],\"articleSection\":[\"La Matanza de Acentejo\",\"Teneriffa\"],\"inLanguage\":\"de\",\"potentialAction\":[{\"@type\":\"CommentAction\",\"name\":\"Comment\",\"target\":[\"https:\/\/www.sansofestay.com\/blog\/de\/las-calderetas\/#respond\"]}]},{\"@type\":\"WebPage\",\"@id\":\"https:\/\/www.sansofestay.com\/blog\/de\/las-calderetas\/\",\"url\":\"https:\/\/www.sansofestay.com\/blog\/de\/las-calderetas\/\",\"name\":\"Las Calderetas: Natur pur - Urlaub auf Teneriffa Nord | Sansof\u00e9\",\"isPartOf\":{\"@id\":\"https:\/\/www.sansofestay.com\/blog\/de\/#website\"},\"primaryImageOfPage\":{\"@id\":\"https:\/\/www.sansofestay.com\/blog\/de\/las-calderetas\/#primaryimage\"},\"image\":{\"@id\":\"https:\/\/www.sansofestay.com\/blog\/de\/las-calderetas\/#primaryimage\"},\"thumbnailUrl\":\"https:\/\/www.sansofestay.com\/blog\/wp-content\/uploads\/2024\/12\/Las-Calderetas-tenerife.jpg\",\"datePublished\":\"2024-12-16T11:21:28+00:00\",\"dateModified\":\"2025-02-25T14:54:11+00:00\",\"author\":{\"@id\":\"https:\/\/www.sansofestay.com\/blog\/de\/#\/schema\/person\/c206c4732c6fd34c0667c8566b602cd6\"},\"description\":\"Entdecken Sie Las Calderetas. Vulkanische Natur, einzigartige Wanderwege und Ruhe auf den Kanarischen Inseln.\",\"inLanguage\":\"de\",\"potentialAction\":[{\"@type\":\"ReadAction\",\"target\":[\"https:\/\/www.sansofestay.com\/blog\/de\/las-calderetas\/\"]}]},{\"@type\":\"ImageObject\",\"inLanguage\":\"de\",\"@id\":\"https:\/\/www.sansofestay.com\/blog\/de\/las-calderetas\/#primaryimage\",\"url\":\"https:\/\/www.sansofestay.com\/blog\/wp-content\/uploads\/2024\/12\/Las-Calderetas-tenerife.jpg\",\"contentUrl\":\"https:\/\/www.sansofestay.com\/blog\/wp-content\/uploads\/2024\/12\/Las-Calderetas-tenerife.jpg\",\"width\":1920,\"height\":651,\"caption\":\"Las-Calderetas-tenerife\"},{\"@type\":\"WebSite\",\"@id\":\"https:\/\/www.sansofestay.com\/blog\/de\/#website\",\"url\":\"https:\/\/www.sansofestay.com\/blog\/de\/\",\"name\":\"Urlaub auf Teneriffa Nord | Sansof\u00e9\",\"description\":\"Touristische Informationen \u00fcber die Insel Teneriffa. Entdecken Sie die Insel, die besten Gegenden, Aktivit\u00e4ten und Tipps.\",\"potentialAction\":[{\"@type\":\"SearchAction\",\"target\":{\"@type\":\"EntryPoint\",\"urlTemplate\":\"https:\/\/www.sansofestay.com\/blog\/de\/?s={search_term_string}\"},\"query-input\":{\"@type\":\"PropertyValueSpecification\",\"valueRequired\":true,\"valueName\":\"search_term_string\"}}],\"inLanguage\":\"de\"},{\"@type\":\"Person\",\"@id\":\"https:\/\/www.sansofestay.com\/blog\/de\/#\/schema\/person\/c206c4732c6fd34c0667c8566b602cd6\",\"name\":\"digitalservices@avantio.com\",\"image\":{\"@type\":\"ImageObject\",\"inLanguage\":\"de\",\"@id\":\"https:\/\/secure.gravatar.com\/avatar\/af30f88a1904294c1f3eb09a9d7903eec4ffa18fa2cf40c28a8681014ecdfc20?s=96&d=mm&r=g\",\"url\":\"https:\/\/secure.gravatar.com\/avatar\/af30f88a1904294c1f3eb09a9d7903eec4ffa18fa2cf40c28a8681014ecdfc20?s=96&d=mm&r=g\",\"contentUrl\":\"https:\/\/secure.gravatar.com\/avatar\/af30f88a1904294c1f3eb09a9d7903eec4ffa18fa2cf40c28a8681014ecdfc20?s=96&d=mm&r=g\",\"caption\":\"digitalservices@avantio.com\"},\"url\":\"https:\/\/www.sansofestay.com\/blog\/de\/author\/digitalservicesavantio-com\/\"}]}<\/script>\n<!-- \/ Yoast SEO plugin. -->","yoast_head_json":{"title":"Las Calderetas: Natur pur - Urlaub auf Teneriffa Nord | Sansof\u00e9","description":"Entdecken Sie Las Calderetas. Vulkanische Natur, einzigartige Wanderwege und Ruhe auf den Kanarischen Inseln.","robots":{"index":"index","follow":"follow","max-snippet":"max-snippet:-1","max-image-preview":"max-image-preview:large","max-video-preview":"max-video-preview:-1"},"canonical":"https:\/\/www.sansofestay.com\/blog\/de\/las-calderetas\/","og_locale":"de_DE","og_type":"article","og_title":"Las Calderetas: Natur pur - Urlaub auf Teneriffa Nord | Sansof\u00e9","og_description":"Entdecken Sie Las Calderetas. Vulkanische Natur, einzigartige Wanderwege und Ruhe auf den Kanarischen Inseln.","og_url":"https:\/\/www.sansofestay.com\/blog\/de\/las-calderetas\/","og_site_name":"Urlaub auf Teneriffa Nord | Sansof\u00e9","article_published_time":"2024-12-16T11:21:28+00:00","article_modified_time":"2025-02-25T14:54:11+00:00","og_image":[{"width":1920,"height":651,"url":"https:\/\/www.sansofestay.com\/blog\/wp-content\/uploads\/2024\/12\/Las-Calderetas-tenerife.jpg","type":"image\/jpeg"}],"author":"digitalservices@avantio.com","twitter_card":"summary_large_image","twitter_misc":{"Verfasst von":"digitalservices@avantio.com","Gesch\u00e4tzte Lesezeit":"7\u00a0Minuten"},"schema":{"@context":"https:\/\/schema.org","@graph":[{"@type":"Article","@id":"https:\/\/www.sansofestay.com\/blog\/de\/las-calderetas\/#article","isPartOf":{"@id":"https:\/\/www.sansofestay.com\/blog\/de\/las-calderetas\/"},"author":{"name":"digitalservices@avantio.com","@id":"https:\/\/www.sansofestay.com\/blog\/de\/#\/schema\/person\/c206c4732c6fd34c0667c8566b602cd6"},"headline":"Las Calderetas: Natur pur","datePublished":"2024-12-16T11:21:28+00:00","dateModified":"2025-02-25T14:54:11+00:00","mainEntityOfPage":{"@id":"https:\/\/www.sansofestay.com\/blog\/de\/las-calderetas\/"},"wordCount":1049,"commentCount":0,"image":{"@id":"https:\/\/www.sansofestay.com\/blog\/de\/las-calderetas\/#primaryimage"},"thumbnailUrl":"https:\/\/www.sansofestay.com\/blog\/wp-content\/uploads\/2024\/12\/Las-Calderetas-tenerife.jpg","keywords":["No template"],"articleSection":["La Matanza de Acentejo","Teneriffa"],"inLanguage":"de","potentialAction":[{"@type":"CommentAction","name":"Comment","target":["https:\/\/www.sansofestay.com\/blog\/de\/las-calderetas\/#respond"]}]},{"@type":"WebPage","@id":"https:\/\/www.sansofestay.com\/blog\/de\/las-calderetas\/","url":"https:\/\/www.sansofestay.com\/blog\/de\/las-calderetas\/","name":"Las Calderetas: Natur pur - Urlaub auf Teneriffa Nord | Sansof\u00e9","isPartOf":{"@id":"https:\/\/www.sansofestay.com\/blog\/de\/#website"},"primaryImageOfPage":{"@id":"https:\/\/www.sansofestay.com\/blog\/de\/las-calderetas\/#primaryimage"},"image":{"@id":"https:\/\/www.sansofestay.com\/blog\/de\/las-calderetas\/#primaryimage"},"thumbnailUrl":"https:\/\/www.sansofestay.com\/blog\/wp-content\/uploads\/2024\/12\/Las-Calderetas-tenerife.jpg","datePublished":"2024-12-16T11:21:28+00:00","dateModified":"2025-02-25T14:54:11+00:00","author":{"@id":"https:\/\/www.sansofestay.com\/blog\/de\/#\/schema\/person\/c206c4732c6fd34c0667c8566b602cd6"},"description":"Entdecken Sie Las Calderetas. Vulkanische Natur, einzigartige Wanderwege und Ruhe auf den Kanarischen Inseln.","inLanguage":"de","potentialAction":[{"@type":"ReadAction","target":["https:\/\/www.sansofestay.com\/blog\/de\/las-calderetas\/"]}]},{"@type":"ImageObject","inLanguage":"de","@id":"https:\/\/www.sansofestay.com\/blog\/de\/las-calderetas\/#primaryimage","url":"https:\/\/www.sansofestay.com\/blog\/wp-content\/uploads\/2024\/12\/Las-Calderetas-tenerife.jpg","contentUrl":"https:\/\/www.sansofestay.com\/blog\/wp-content\/uploads\/2024\/12\/Las-Calderetas-tenerife.jpg","width":1920,"height":651,"caption":"Las-Calderetas-tenerife"},{"@type":"WebSite","@id":"https:\/\/www.sansofestay.com\/blog\/de\/#website","url":"https:\/\/www.sansofestay.com\/blog\/de\/","name":"Urlaub auf Teneriffa Nord | Sansof\u00e9","description":"Touristische Informationen \u00fcber die Insel Teneriffa. Entdecken Sie die Insel, die besten Gegenden, Aktivit\u00e4ten und Tipps.","potentialAction":[{"@type":"SearchAction","target":{"@type":"EntryPoint","urlTemplate":"https:\/\/www.sansofestay.com\/blog\/de\/?s={search_term_string}"},"query-input":{"@type":"PropertyValueSpecification","valueRequired":true,"valueName":"search_term_string"}}],"inLanguage":"de"},{"@type":"Person","@id":"https:\/\/www.sansofestay.com\/blog\/de\/#\/schema\/person\/c206c4732c6fd34c0667c8566b602cd6","name":"digitalservices@avantio.com","image":{"@type":"ImageObject","inLanguage":"de","@id":"https:\/\/secure.gravatar.com\/avatar\/af30f88a1904294c1f3eb09a9d7903eec4ffa18fa2cf40c28a8681014ecdfc20?s=96&d=mm&r=g","url":"https:\/\/secure.gravatar.com\/avatar\/af30f88a1904294c1f3eb09a9d7903eec4ffa18fa2cf40c28a8681014ecdfc20?s=96&d=mm&r=g","contentUrl":"https:\/\/secure.gravatar.com\/avatar\/af30f88a1904294c1f3eb09a9d7903eec4ffa18fa2cf40c28a8681014ecdfc20?s=96&d=mm&r=g","caption":"digitalservices@avantio.com"},"url":"https:\/\/www.sansofestay.com\/blog\/de\/author\/digitalservicesavantio-com\/"}]}},"_pingme":"1","_encloseme":"1","_top_nav_excluded":"","_cms_nav_minihome":"","_last_translation_edit_mode":"translation-editor","_edit_last":"3","_wpml_media_featured":"1","_wpml_media_duplicate":"1","_edit_lock":"1740495253:3","_wpml_word_count":"{\"total\":0,\"to_translate\":{\"en\":4,\"de\":4,\"es\":4}}","_yoast_wpseo_estimated-reading-time-minutes":"7","_yoast_wpseo_meta-robots-noindex":"","_yoast_wpseo_meta-robots-nofollow":"","_yoast_wpseo_wordproof_timestamp":"","_yoast_wpseo_primary_category":"","_elementor_edit_mode":"builder","_elementor_template_type":"wp-post","_elementor_version":"3.19.4","_elementor_pro_version":"3.19.3","_wp_page_template":"default","_elementor_page_settings":{"page_template":"elementor_header_footer"},"_elementor_data":"[{\"id\":\"5becc262\",\"elType\":\"section\",\"settings\":[],\"elements\":[{\"id\":\"732600d9\",\"elType\":\"column\",\"settings\":{\"_column_size\":100,\"_inline_size\":null},\"elements\":[{\"id\":\"311aabde\",\"elType\":\"widget\",\"settings\":{\"editor\":\"<p>Wenn Sie einen Besuch auf Teneriffa planen, sollten Sie sich den Namen Las Calderetas merken. Das Erholungsgebiet Las Calderetas auf Teneriffa hat eine Fl\\u00e4che von fast 4.500 Metern. Es ist ein fantastischer Ort f\\u00fcr Naturliebhaber und ein idealer Ort, um vom Stress und der t\\u00e4glichen Routine abzuschalten. Er liegt im Nordwesten der Insel, in der N\\u00e4he von San Crist\\u00f3bal de La Laguna, und ist einen Besuch wert, wenn Sie sich gerne in der Natur \\u201everlieren\\u201c.<\\\/p><p>Dieser Artikel ist f\\u00fcr alle, die auf der Suche nach Aktivit\\u00e4ten in der Natur auf Teneriffa sind. Wir werden Sie \\u00fcber die Aktivit\\u00e4ten informieren, die Sie in Las Calderetas unternehmen k\\u00f6nnen, wir werden Ihnen die besten Wanderrouten in der Gegend vorstellen, wir werden Ihnen sagen, wie Sie nach Las Calderetas kommen, und wir werden Ihnen einige Tipps und Vorschl\\u00e4ge geben, damit Ihre Reise Ihre Erwartungen erf\\u00fcllt und sogar \\u00fcbertrifft. Lesen Sie weiter und erfahren Sie, warum Sie das Erholungsgebiet Las Calderetas in Ihren Reiseplan f\\u00fcr Teneriffa aufnehmen sollten.<\\\/p>\",\"text_color\":\"#7A7A7A\",\"typography_typography\":\"custom\",\"typography_font_family\":\"Maven Pro\",\"typography_font_size\":{\"unit\":\"px\",\"size\":18,\"sizes\":[]},\"typography_font_weight\":\"400\",\"align\":\"justify\",\"_margin\":{\"unit\":\"px\",\"top\":\"-15\",\"right\":\"0\",\"bottom\":\"0\",\"left\":\"0\",\"isLinked\":false}},\"elements\":[],\"widgetType\":\"text-editor\"}],\"isInner\":false}],\"isInner\":false},{\"id\":\"1e673d2a\",\"elType\":\"section\",\"settings\":[],\"elements\":[{\"id\":\"39bc9d3f\",\"elType\":\"column\",\"settings\":{\"_column_size\":100,\"_inline_size\":null},\"elements\":[],\"isInner\":false}],\"isInner\":false},{\"id\":\"2dddd1ad\",\"elType\":\"section\",\"settings\":{\"margin\":{\"unit\":\"px\",\"top\":\"30\",\"right\":0,\"bottom\":\"0\",\"left\":0,\"isLinked\":false}},\"elements\":[{\"id\":\"13b3f9fb\",\"elType\":\"column\",\"settings\":{\"_column_size\":100,\"_inline_size\":null},\"elements\":[{\"id\":\"3aa2abf7\",\"elType\":\"widget\",\"settings\":{\"title\":\"Verzeichnis\",\"html_tag\":\"div\",\"headings_by_tags\":[\"h2\"],\"exclude_headings_by_selector\":[],\"border_radius\":{\"unit\":\"px\",\"size\":10,\"sizes\":[]},\"header_background_color\":\"#69775E\",\"header_text_color\":\"#FFFFFF\"},\"elements\":[],\"widgetType\":\"table-of-contents\"},{\"id\":\"44edc28c\",\"elType\":\"widget\",\"settings\":{\"title\":\"Welche Aktivit\\u00e4ten man in Las Calderetas unternehmen kann\\n\",\"title_color\":\"#69775E\",\"typography_typography\":\"custom\",\"typography_font_family\":\"Maven Pro\",\"typography_font_size\":{\"unit\":\"px\",\"size\":30,\"sizes\":[]},\"typography_font_weight\":\"700\"},\"elements\":[],\"widgetType\":\"heading\"},{\"id\":\"4fbeb7ab\",\"elType\":\"widget\",\"settings\":{\"editor\":\"<p>Las Calderetas auf Teneriffa ist ein perfekter Ort zum Ausruhen und f\\u00fcr Abenteuer auf verschiedenen Wanderrouten, die duch dieses bei Einheimischen und Reisenden so beliebte Naturgebiet f\\u00fchren. Hier finden Sie einen Kinderspielplatz, einen Fu\\u00dfballplatz, Grillpl\\u00e4tze, Tische mit B\\u00e4nken und vieles mehr, sodass Sie und Ihre Familie sich gleichzeitig am\\u00fcsieren und ausruhen k\\u00f6nnen. Es ist wichtig, den Ort sauber und frei von menschlichen Verschmutzungen zu halten, damit jeder die Natur auf die angenehmste Weise genie\\u00dfen kann.<\\\/p>\",\"text_color\":\"#7A7A7A\",\"typography_typography\":\"custom\",\"typography_font_family\":\"Maven Pro\",\"typography_font_size\":{\"unit\":\"px\",\"size\":18,\"sizes\":[]},\"typography_font_weight\":\"400\",\"align\":\"justify\",\"_margin\":{\"unit\":\"px\",\"top\":\"-15\",\"right\":\"0\",\"bottom\":\"0\",\"left\":\"0\",\"isLinked\":false}},\"elements\":[],\"widgetType\":\"text-editor\"}],\"isInner\":false}],\"isInner\":false},{\"id\":\"4b8f5df\",\"elType\":\"section\",\"settings\":[],\"elements\":[{\"id\":\"03a09e9\",\"elType\":\"column\",\"settings\":{\"_column_size\":100,\"_inline_size\":null},\"elements\":[{\"id\":\"d486161\",\"elType\":\"widget\",\"settings\":{\"image\":{\"url\":\"https:\\\/\\\/www.sansofestay.com\\\/blog\\\/wp-content\\\/uploads\\\/2024\\\/12\\\/Las-Calderetas-parque-tenerife.jpg\",\"id\":2059},\"image_size\":\"full\"},\"elements\":[],\"widgetType\":\"image\"}],\"isInner\":false}],\"isInner\":false},{\"id\":\"c83f0f3\",\"elType\":\"section\",\"settings\":{\"margin\":{\"unit\":\"px\",\"top\":\"30\",\"right\":0,\"bottom\":\"0\",\"left\":0,\"isLinked\":false}},\"elements\":[{\"id\":\"f10d4e1\",\"elType\":\"column\",\"settings\":{\"_column_size\":100,\"_inline_size\":null},\"elements\":[{\"id\":\"db13bbc\",\"elType\":\"widget\",\"settings\":{\"title\":\"Wander- und Naturrouten\\n\",\"title_color\":\"#69775E\",\"typography_typography\":\"custom\",\"typography_font_family\":\"Maven Pro\",\"typography_font_size\":{\"unit\":\"px\",\"size\":30,\"sizes\":[]},\"typography_font_weight\":\"700\"},\"elements\":[],\"widgetType\":\"heading\"},{\"id\":\"f22169b\",\"elType\":\"widget\",\"settings\":{\"editor\":\"<p>Wandern in einer so spektakul\\u00e4ren Naturlandschaft wie Las Calderetas ist ein Privileg und eine der besten Aktivit\\u00e4ten, die man auf Teneriffa unternehmen kann. Wenn Sie auf der Suche nach Informationen \\u00fcber Wanderrouten in Las Calderetas sind, haben Sie Gl\\u00fcck \\u2013 hier stellen wir Ihnen zwei der besten Optionen vor.<\\\/p>\",\"text_color\":\"#7A7A7A\",\"typography_typography\":\"custom\",\"typography_font_family\":\"Maven Pro\",\"typography_font_size\":{\"unit\":\"px\",\"size\":18,\"sizes\":[]},\"typography_font_weight\":\"400\",\"align\":\"justify\",\"_margin\":{\"unit\":\"px\",\"top\":\"-15\",\"right\":\"0\",\"bottom\":\"0\",\"left\":\"0\",\"isLinked\":false}},\"elements\":[],\"widgetType\":\"text-editor\"}],\"isInner\":false}],\"isInner\":false},{\"id\":\"a14c682\",\"elType\":\"section\",\"settings\":{\"structure\":\"20\"},\"elements\":[{\"id\":\"c032532\",\"elType\":\"column\",\"settings\":{\"_column_size\":50,\"_inline_size\":null},\"elements\":[{\"id\":\"924650c\",\"elType\":\"widget\",\"settings\":{\"title\":\"Rundweg durch das Erholungsgebiet Las Calderetas\\n\",\"header_size\":\"h3\",\"title_color\":\"#69775E\",\"typography_typography\":\"custom\",\"typography_font_family\":\"Maven Pro\",\"typography_font_size\":{\"unit\":\"px\",\"size\":20,\"sizes\":[]},\"typography_font_weight\":\"700\"},\"elements\":[],\"widgetType\":\"heading\"},{\"id\":\"22b9cb57\",\"elType\":\"widget\",\"settings\":{\"editor\":\"<p>Wie der Name schon sagt, handelt es sich um einen Rundweg, der im Erholungsgebiet von Las Calderetas beginnt und endet. Er ist nicht sehr schwierig und weist keine nennenswerten Steigungen auf, aber es ist wichtig, sich der verschiedenen Abzweigungen bewusst zu sein, die zu einer gewissen Orientierungslosigkeit f\\u00fchren k\\u00f6nnen. Die Route verl\\u00e4uft fast immer im Schutz des Waldes und ist eine sehr sch\\u00f6ne Strecke, auf der man eine Flora aus Nadelb\\u00e4umen, Lorbeerw\\u00e4ldern und Buschland beobachten kann. Es empfiehlt sich, die Wanderung im Fr\\u00fchjahr oder Sommer zu unternehmen, da dann die besten Wetterbedingungen herrschen.<\\\/p>\",\"text_color\":\"#7A7A7A\",\"typography_typography\":\"custom\",\"typography_font_family\":\"Maven Pro\",\"typography_font_size\":{\"unit\":\"px\",\"size\":18,\"sizes\":[]},\"typography_font_weight\":\"400\",\"align\":\"justify\",\"_margin\":{\"unit\":\"px\",\"top\":\"-15\",\"right\":\"0\",\"bottom\":\"0\",\"left\":\"0\",\"isLinked\":false}},\"elements\":[],\"widgetType\":\"text-editor\"}],\"isInner\":false},{\"id\":\"a925351\",\"elType\":\"column\",\"settings\":{\"_column_size\":50,\"_inline_size\":null},\"elements\":[{\"id\":\"450f6b1\",\"elType\":\"widget\",\"settings\":{\"title\":\"Rundweg Las Calderetas-Las Crucitas-Monte de Agua Garcia\\n\",\"header_size\":\"h3\",\"title_color\":\"#69775E\",\"typography_typography\":\"custom\",\"typography_font_family\":\"Maven Pro\",\"typography_font_size\":{\"unit\":\"px\",\"size\":20,\"sizes\":[]},\"typography_font_weight\":\"700\"},\"elements\":[],\"widgetType\":\"heading\"},{\"id\":\"6b07b68\",\"elType\":\"widget\",\"settings\":{\"editor\":\"<p>Diese Route ist eine fantastische M\\u00f6glichkeit, das Wesen der W\\u00e4lder Teneriffas zu entdecken und einen Blick auf die einst urspr\\u00fcngliche Flora der Insel zu werfen. Diese Route ist in das Landschaftsschutzgebiet Las Lagunetas integriert, wo man zwei sehr alte und gro\\u00dfe B\\u00e4ume sehen kann: die Vi\\u00f1atigos Centenarios. Eine interessante Option f\\u00fcr einen Familienausflug mit geringem Schwierigkeitsgrad, der im Erholungsgebiet von Las Calderetas beginnt und es Ihnen erm\\u00f6glicht, einen anderen Teil Teneriffas zu entdecken.<\\\/p>\",\"text_color\":\"#7A7A7A\",\"typography_typography\":\"custom\",\"typography_font_family\":\"Maven Pro\",\"typography_font_size\":{\"unit\":\"px\",\"size\":18,\"sizes\":[]},\"typography_font_weight\":\"400\",\"align\":\"justify\",\"_margin\":{\"unit\":\"px\",\"top\":\"-15\",\"right\":\"0\",\"bottom\":\"0\",\"left\":\"0\",\"isLinked\":false}},\"elements\":[],\"widgetType\":\"text-editor\"}],\"isInner\":false}],\"isInner\":false},{\"id\":\"a147310\",\"elType\":\"section\",\"settings\":{\"margin\":{\"unit\":\"px\",\"top\":\"20\",\"right\":0,\"bottom\":\"0\",\"left\":0,\"isLinked\":false}},\"elements\":[{\"id\":\"69e8dad\",\"elType\":\"column\",\"settings\":{\"_column_size\":100,\"_inline_size\":null},\"elements\":[{\"id\":\"b6b27d6\",\"elType\":\"widget\",\"settings\":{\"image\":{\"url\":\"https:\\\/\\\/www.sansofestay.com\\\/blog\\\/wp-content\\\/uploads\\\/2024\\\/12\\\/Mirador-Las-Calderetas.jpg\",\"id\":2056},\"image_size\":\"full\"},\"elements\":[],\"widgetType\":\"image\"}],\"isInner\":false}],\"isInner\":false},{\"id\":\"36d14394\",\"elType\":\"section\",\"settings\":{\"margin\":{\"unit\":\"px\",\"top\":\"30\",\"right\":0,\"bottom\":\"0\",\"left\":0,\"isLinked\":false}},\"elements\":[{\"id\":\"437943fa\",\"elType\":\"column\",\"settings\":{\"_column_size\":100,\"_inline_size\":null},\"elements\":[{\"id\":\"39ea6b10\",\"elType\":\"widget\",\"settings\":{\"title\":\"Picknick und Erholung in Las Calderetas\\n\",\"title_color\":\"#69775E\",\"typography_typography\":\"custom\",\"typography_font_family\":\"Maven Pro\",\"typography_font_size\":{\"unit\":\"px\",\"size\":30,\"sizes\":[]},\"typography_font_weight\":\"700\"},\"elements\":[],\"widgetType\":\"heading\"},{\"id\":\"3f969729\",\"elType\":\"widget\",\"settings\":{\"editor\":\"<p>Nach dem Besuch einiger der sch\\u00f6nsten D\\u00f6rfer im Norden Teneriffas, wie z. B. Orotava, Los Realejos oder La Guancha, oder nach der Erkundung des Naturerbes der Insel, wie z. B. des Teide-Nationalparks, gibt es nichts Sch\\u00f6neres als einen Ausflug in die Natur und ein Picknick mit Ihren Lieben. Dieser gro\\u00dfartige Plan ist ideal zum Entspannen und Las Calderetas ist einer der besten Orte auf der Insel, um dies zu tun. Auf 1.000 Metern \\u00fcber dem Meeresspiegel und inmitten der wilden Natur f\\u00fchlen Sie sich wie in den Wolken. Au\\u00dferdem ist die Kapazit\\u00e4t des Ortes relativ gering, sodass keine Gefahr besteht, zu viele Menschen anzutreffen.<\\\/p>\",\"text_color\":\"#7A7A7A\",\"typography_typography\":\"custom\",\"typography_font_family\":\"Maven Pro\",\"typography_font_size\":{\"unit\":\"px\",\"size\":18,\"sizes\":[]},\"typography_font_weight\":\"400\",\"align\":\"justify\",\"_margin\":{\"unit\":\"px\",\"top\":\"-15\",\"right\":\"0\",\"bottom\":\"0\",\"left\":\"0\",\"isLinked\":false}},\"elements\":[],\"widgetType\":\"text-editor\"}],\"isInner\":false}],\"isInner\":false},{\"id\":\"f8c32c1\",\"elType\":\"section\",\"settings\":{\"margin\":{\"unit\":\"px\",\"top\":\"30\",\"right\":0,\"bottom\":\"0\",\"left\":0,\"isLinked\":false}},\"elements\":[{\"id\":\"05ffd07\",\"elType\":\"column\",\"settings\":{\"_column_size\":100,\"_inline_size\":null},\"elements\":[{\"id\":\"99b73cc\",\"elType\":\"widget\",\"settings\":{\"title\":\"Tipps f\\u00fcr einen gelungenen Besuch in Las Calderetas auf Teneriffa\\n\",\"title_color\":\"#69775E\",\"typography_typography\":\"custom\",\"typography_font_family\":\"Maven Pro\",\"typography_font_size\":{\"unit\":\"px\",\"size\":30,\"sizes\":[]},\"typography_font_weight\":\"700\"},\"elements\":[],\"widgetType\":\"heading\"},{\"id\":\"0204b93\",\"elType\":\"widget\",\"settings\":{\"editor\":\"<p>Es ist nicht notwendig, sich auf einen Besuch in Las Calderetas besonders vorzubereiten, denn der Zugang ist einfach und es gibt verschiedene Dienstleistungen, die Ihren Besuch angenehm machen. Es gibt jedoch einige Dinge, die Ihren Besuch noch angenehmer machen k\\u00f6nnen: Tragen Sie wettergerechte Kleidung und bequeme Wanderschuhe; nehmen Sie gen\\u00fcgend Wasser und etwas zu essen mit, falls die Wanderung l\\u00e4nger dauert als erwartet; beachten Sie die geltenden Regeln und die Beschilderung; und achten Sie auf die Umwelt, indem Sie den von Ihnen produzierten Abfall einsammeln, kein Feuer au\\u00dferhalb der daf\\u00fcr vorgesehenen Pl\\u00e4tze machen und die Flora und Fauna nicht sch\\u00e4digen.<\\\/p>\",\"text_color\":\"#7A7A7A\",\"typography_typography\":\"custom\",\"typography_font_family\":\"Maven Pro\",\"typography_font_size\":{\"unit\":\"px\",\"size\":18,\"sizes\":[]},\"typography_font_weight\":\"400\",\"align\":\"justify\",\"_margin\":{\"unit\":\"px\",\"top\":\"-15\",\"right\":\"0\",\"bottom\":\"0\",\"left\":\"0\",\"isLinked\":false}},\"elements\":[],\"widgetType\":\"text-editor\"}],\"isInner\":false}],\"isInner\":false},{\"id\":\"bd0bbea\",\"elType\":\"section\",\"settings\":[],\"elements\":[{\"id\":\"b7aa9b3\",\"elType\":\"column\",\"settings\":{\"_column_size\":100,\"_inline_size\":null},\"elements\":[{\"id\":\"d4e255a\",\"elType\":\"widget\",\"settings\":{\"image\":{\"url\":\"https:\\\/\\\/www.sansofestay.com\\\/blog\\\/wp-content\\\/uploads\\\/2024\\\/12\\\/Las-Calderetas-tenerife.jpg\",\"id\":2062},\"image_size\":\"custom\",\"image_custom_dimension\":{\"width\":\"1200\",\"height\":\"600\"}},\"elements\":[],\"widgetType\":\"image\"}],\"isInner\":false}],\"isInner\":false},{\"id\":\"e9f0fff\",\"elType\":\"section\",\"settings\":{\"margin\":{\"unit\":\"px\",\"top\":\"30\",\"right\":0,\"bottom\":\"0\",\"left\":0,\"isLinked\":false}},\"elements\":[{\"id\":\"760d543\",\"elType\":\"column\",\"settings\":{\"_column_size\":100,\"_inline_size\":null},\"elements\":[{\"id\":\"89c5442\",\"elType\":\"widget\",\"settings\":{\"title\":\"Wie man nach Las Calderetas auf Teneriffa kommt\\n\",\"title_color\":\"#69775E\",\"typography_typography\":\"custom\",\"typography_font_family\":\"Maven Pro\",\"typography_font_size\":{\"unit\":\"px\",\"size\":30,\"sizes\":[]},\"typography_font_weight\":\"700\"},\"elements\":[],\"widgetType\":\"heading\"},{\"id\":\"0b0797e\",\"elType\":\"widget\",\"settings\":{\"editor\":\"<p>Es ist sehr einfach, das Erholungsgebiet Las Calderetas zu erreichen, denn die Gegend ist gut erschlossen und es gibt eine Stra\\u00dfe, die Sie dorthin bringt, wo Sie hinwollen. Von San Crist\\u00f3bal de La Laguna aus muss man nur die TF-5 in Richtung Tacoronte nehmen und dann die Ausfahrt in Richtung Ravelo und dann nach El Sauzal abfahren. Insgesamt dauert die Fahrt etwa 20 Minuten. Wenn Sie aus Puerto de La Cruz kommen, nehmen Sie die TF-5, aber in Richtung Santa Cruz de Tenerife, und die Fahrt dauert etwas mehr als 20 Minuten. Wenn Sie aus dem S\\u00fcden der Insel kommen, dauert die Fahrt etwas mehr als 1 Stunde.<\\\/p>\",\"text_color\":\"#7A7A7A\",\"typography_typography\":\"custom\",\"typography_font_family\":\"Maven Pro\",\"typography_font_size\":{\"unit\":\"px\",\"size\":18,\"sizes\":[]},\"typography_font_weight\":\"400\",\"align\":\"justify\",\"_margin\":{\"unit\":\"px\",\"top\":\"-15\",\"right\":\"0\",\"bottom\":\"0\",\"left\":\"0\",\"isLinked\":false}},\"elements\":[],\"widgetType\":\"text-editor\"}],\"isInner\":false}],\"isInner\":false},{\"id\":\"75cd6cb\",\"elType\":\"section\",\"settings\":[],\"elements\":[{\"id\":\"1666649\",\"elType\":\"column\",\"settings\":{\"_column_size\":100,\"_inline_size\":null},\"elements\":[{\"id\":\"58f73b7\",\"elType\":\"widget\",\"settings\":{\"address\":\"38140, Santa Cruz de Tenerife\",\"zoom\":{\"unit\":\"px\",\"size\":12,\"sizes\":[]},\"height\":{\"unit\":\"px\",\"size\":475,\"sizes\":[]}},\"elements\":[],\"widgetType\":\"google_maps\"}],\"isInner\":false}],\"isInner\":false},{\"id\":\"7eb31db\",\"elType\":\"section\",\"settings\":{\"margin\":{\"unit\":\"px\",\"top\":\"30\",\"right\":0,\"bottom\":\"0\",\"left\":0,\"isLinked\":false}},\"elements\":[{\"id\":\"a99f715\",\"elType\":\"column\",\"settings\":{\"_column_size\":100,\"_inline_size\":null},\"elements\":[{\"id\":\"18a60f9\",\"elType\":\"widget\",\"settings\":{\"title\":\"Las Calderetas ist das ideale Ziel f\\u00fcr einen Ausflug in die Natur\\n\",\"title_color\":\"#69775E\",\"typography_typography\":\"custom\",\"typography_font_family\":\"Maven Pro\",\"typography_font_size\":{\"unit\":\"px\",\"size\":30,\"sizes\":[]},\"typography_font_weight\":\"700\"},\"elements\":[],\"widgetType\":\"heading\"},{\"id\":\"6a09dbb\",\"elType\":\"widget\",\"settings\":{\"editor\":\"<p>F\\u00fcr Naturliebhaber ist Las Calderetas ein fantastischer Ort, der zum Entspannen und zur Verbindung mit Mutter Natur einl\\u00e4dt. Umgeben von zahlreichen auf der Insel beheimateten Arten werden Sie das Gef\\u00fchl haben, an einem einzigartigen Ort zu sein, der sich von dem, was Sie in anderen Teilen der Welt gewohnt sind, stark unterscheidet. Tats\\u00e4chlich sind Sie nur wenige Minuten vom Strand entfernt! Dies ist einer der gro\\u00dfen Vorteile des n\\u00f6rdlichen Teils von Teneriffa\\u00a0\\u2026<\\\/p><p>Bei Sansof\\u00e9 Stays, den Experten f\\u00fcr Ferienunterk\\u00fcnfte auf Teneriffa, finden Sie das Haus, die Wohnung oder die Villa, die Sie f\\u00fcr Ihren Traumurlaub auf der Insel suchen. Sie k\\u00f6nnen die Eigenschaften ausw\\u00e4hlen, die Sie interessieren, sodass Sie die perfekte Unterkunft f\\u00fcr Ihre Bed\\u00fcrfnisse finden, egal ob es sich um einen romantischen Kurzurlaub, eine Reise mit einer Gruppe von Freunden oder einen Familienurlaub mit Menschen jeden Alters handelt. Entdecken Sie Teneriffa und genie\\u00dfen Sie die Insel in vollen Z\\u00fcgen.<\\\/p>\",\"text_color\":\"#7A7A7A\",\"typography_typography\":\"custom\",\"typography_font_family\":\"Maven Pro\",\"typography_font_size\":{\"unit\":\"px\",\"size\":18,\"sizes\":[]},\"typography_font_weight\":\"400\",\"align\":\"justify\",\"_margin\":{\"unit\":\"px\",\"top\":\"-15\",\"right\":\"0\",\"bottom\":\"0\",\"left\":\"0\",\"isLinked\":false}},\"elements\":[],\"widgetType\":\"text-editor\"}],\"isInner\":false}],\"isInner\":false},{\"id\":\"2fd870f9\",\"elType\":\"section\",\"settings\":[],\"elements\":[{\"id\":\"46a09b54\",\"elType\":\"column\",\"settings\":{\"_column_size\":100,\"_inline_size\":null},\"elements\":[{\"id\":\"19deb204\",\"elType\":\"widget\",\"settings\":{\"shortcode\":\"[elementor-template id=\\\"2014\\\"]\"},\"elements\":[],\"widgetType\":\"shortcode\"}],\"isInner\":false}],\"isInner\":false}]","_yoast_wpseo_content_score":"60","_wpml_location_migration_done":"","_yoast_wpseo_metadesc":"Entdecken Sie Las Calderetas. Vulkanische Natur, einzigartige Wanderwege und Ruhe auf den Kanarischen Inseln.","_wpse_old_slug":"las-calderetas-natur-pur","_thumbnail_id":"2064","_yoast_wpseo_focuskw":"Las Calderetas","_yoast_wpseo_title":"%%title%% %%page%% %%sep%% %%sitename%%","_yoast_wpseo_linkdex":"57","_elementor_controls_usage":{"text-editor":{"count":9,"control_percent":2,"controls":{"content":{"section_editor":{"editor":9}},"style":{"section_style":{"text_color":9,"typography_typography":9,"typography_font_family":9,"typography_font_size":9,"typography_font_weight":9,"align":9}},"advanced":{"_section_style":{"_margin":9}}}},"column":{"count":15,"control_percent":0,"controls":{"layout":{"layout":{"_inline_size":15}}}},"section":{"count":14,"control_percent":0,"controls":{"advanced":{"section_advanced":{"margin":7}},"layout":{"section_structure":{"structure":1}}}},"table-of-contents":{"count":1,"control_percent":1,"controls":{"content":{"table_of_contents":{"title":1,"html_tag":1,"headings_by_tags":1}},"style":{"box_style":{"border_radius":1},"header_style":{"header_background_color":1,"header_text_color":1}}}},"heading":{"count":8,"control_percent":1,"controls":{"content":{"section_title":{"title":8,"header_size":2}},"style":{"section_title_style":{"title_color":8,"typography_typography":8,"typography_font_family":8,"typography_font_size":8,"typography_font_weight":8}}}},"image":{"count":3,"control_percent":1,"controls":{"content":{"section_image":{"image":3,"image_size":3,"image_custom_dimension":1}}}},"google_maps":{"count":1,"control_percent":1,"controls":{"content":{"section_map":{"address":1,"zoom":1,"height":1}}}},"shortcode":{"count":1,"control_percent":0,"controls":{"content":{"section_shortcode":{"shortcode":1}}}}},"_wp_old_slug":"las-calderetas-natur-pur","_elementor_template_widget_type":"","_elementor_popup_display_settings":"","_wpml_post_translation_editor_native":"","_wp_old_date":"","_oembed_73d8af3ba4596fb88a7f14b93e1916a9":"","_oembed_time_73d8af3ba4596fb88a7f14b93e1916a9":"","_oembed_f9dc1bf2ed4539093f877876c5bac98e":"","_links":{"self":[{"href":"https:\/\/www.sansofestay.com\/blog\/de\/wp-json\/wp\/v2\/posts\/2083","targetHints":{"allow":["GET"]}}],"collection":[{"href":"https:\/\/www.sansofestay.com\/blog\/de\/wp-json\/wp\/v2\/posts"}],"about":[{"href":"https:\/\/www.sansofestay.com\/blog\/de\/wp-json\/wp\/v2\/types\/post"}],"author":[{"embeddable":true,"href":"https:\/\/www.sansofestay.com\/blog\/de\/wp-json\/wp\/v2\/users\/3"}],"replies":[{"embeddable":true,"href":"https:\/\/www.sansofestay.com\/blog\/de\/wp-json\/wp\/v2\/comments?post=2083"}],"version-history":[{"count":7,"href":"https:\/\/www.sansofestay.com\/blog\/de\/wp-json\/wp\/v2\/posts\/2083\/revisions"}],"predecessor-version":[{"id":2125,"href":"https:\/\/www.sansofestay.com\/blog\/de\/wp-json\/wp\/v2\/posts\/2083\/revisions\/2125"}],"wp:featuredmedia":[{"embeddable":true,"href":"https:\/\/www.sansofestay.com\/blog\/de\/wp-json\/wp\/v2\/media\/2064"}],"wp:attachment":[{"href":"https:\/\/www.sansofestay.com\/blog\/de\/wp-json\/wp\/v2\/media?parent=2083"}],"wp:term":[{"taxonomy":"category","embeddable":true,"href":"https:\/\/www.sansofestay.com\/blog\/de\/wp-json\/wp\/v2\/categories?post=2083"}],"curies":[{"name":"wp","href":"https:\/\/api.w.org\/{rel}","templated":true}]}}