{"id":2438,"date":"2025-04-14T08:26:21","date_gmt":"2025-04-14T08:26:21","guid":{"rendered":"https:\/\/www.sansofestay.com\/blog\/?p=2438"},"modified":"2025-04-29T13:56:02","modified_gmt":"2025-04-29T13:56:02","slug":"schoene-teneriffa-zum-fotografieren","status":"publish","type":"post","link":"https:\/\/www.sansofestay.com\/blog\/de\/schoene-teneriffa-zum-fotografieren\/","title":{"rendered":"Sch\u00f6ne Orte auf Teneriffa zum Fotografieren"},"content":{"rendered":"\t\t<div data-elementor-type=\"wp-post\" data-elementor-id=\"2438\" class=\"elementor elementor-2438 elementor-2394\" data-elementor-post-type=\"post\">\n\t\t\t\t\t\t<section class=\"elementor-section elementor-top-section elementor-element elementor-element-5ba3f8d2 elementor-section-boxed elementor-section-height-default elementor-section-height-default\" data-id=\"5ba3f8d2\" data-element_type=\"section\" data-e-type=\"section\">\n\t\t\t\t\t\t<div class=\"elementor-container elementor-column-gap-default\">\n\t\t\t\t\t<div class=\"elementor-column elementor-col-100 elementor-top-column elementor-element elementor-element-432845d6\" data-id=\"432845d6\" data-element_type=\"column\" data-e-type=\"column\">\n\t\t\t<div class=\"elementor-widget-wrap elementor-element-populated\">\n\t\t\t\t\t\t<div class=\"elementor-element elementor-element-55ed1a1a elementor-widget elementor-widget-text-editor\" data-id=\"55ed1a1a\" data-element_type=\"widget\" data-e-type=\"widget\" data-widget_type=\"text-editor.default\">\n\t\t\t\t<div class=\"elementor-widget-container\">\n\t\t\t\t\t\t\t\t\t<p>Wenn Sie ein Liebhaber der Fotografie sind, ist dieser Artikel genau das Richtige f\u00fcr Sie. Wenn dies nicht der Fall ist, Sie aber dennoch mehr \u00fcber Teneriffa erfahren und diese paradiesische Insel besuchen m\u00f6chten, lesen Sie bitte auch, was wir Ihnen zu erz\u00e4hlen haben. Die Vulkanlandschaften, die sch\u00f6nen Str\u00e4nde, die bezaubernden D\u00f6rfer und das Licht, das diese Atlantikinsel erhellt, sind mehr als Grund genug f\u00fcr einen Besuch, besonders wenn Sie gerne Landschaftsfotografie betreiben.\u00a0<\/p><p>Der Teide-Nationalpark ist aufgrund seiner spektakul\u00e4ren Natur einer der offensichtlichsten H\u00f6hepunkte, aber auch seine vielen Schluchten, der Drago Milenario und Los Gigantes sind weitere Punkte, die unsere Aufmerksamkeit verdienen. Teneriffa hat als Reiseziel viel zu bieten, und in diesem Artikel stellen wir Ihnen die sch\u00f6nsten Orte auf Teneriffa zum Fotografieren vor und wecken gleichzeitig Ihre Lust, diese kanarische Insel zu besuchen.<\/p>\t\t\t\t\t\t\t\t<\/div>\n\t\t\t\t<\/div>\n\t\t\t\t\t<\/div>\n\t\t<\/div>\n\t\t\t\t\t<\/div>\n\t\t<\/section>\n\t\t\t\t<section class=\"elementor-section elementor-top-section elementor-element elementor-element-175efbac elementor-section-boxed elementor-section-height-default elementor-section-height-default\" data-id=\"175efbac\" data-element_type=\"section\" data-e-type=\"section\">\n\t\t\t\t\t\t<div class=\"elementor-container elementor-column-gap-default\">\n\t\t\t\t\t<div class=\"elementor-column elementor-col-100 elementor-top-column elementor-element elementor-element-5112e3a7\" data-id=\"5112e3a7\" data-element_type=\"column\" data-e-type=\"column\">\n\t\t\t<div class=\"elementor-widget-wrap elementor-element-populated\">\n\t\t\t\t\t\t<div class=\"elementor-element elementor-element-208d935b elementor-toc--minimized-on-tablet elementor-widget elementor-widget-table-of-contents\" data-id=\"208d935b\" data-element_type=\"widget\" data-e-type=\"widget\" data-settings=\"{&quot;headings_by_tags&quot;:[&quot;h2&quot;],&quot;exclude_headings_by_selector&quot;:[],&quot;no_headings_message&quot;:&quot;No se ha encontrado ning\\u00fan encabezado en esta p\\u00e1gina.&quot;,&quot;marker_view&quot;:&quot;numbers&quot;,&quot;minimize_box&quot;:&quot;yes&quot;,&quot;minimized_on&quot;:&quot;tablet&quot;,&quot;hierarchical_view&quot;:&quot;yes&quot;,&quot;min_height&quot;:{&quot;unit&quot;:&quot;px&quot;,&quot;size&quot;:&quot;&quot;,&quot;sizes&quot;:[]},&quot;min_height_tablet&quot;:{&quot;unit&quot;:&quot;px&quot;,&quot;size&quot;:&quot;&quot;,&quot;sizes&quot;:[]},&quot;min_height_mobile&quot;:{&quot;unit&quot;:&quot;px&quot;,&quot;size&quot;:&quot;&quot;,&quot;sizes&quot;:[]}}\" data-widget_type=\"table-of-contents.default\">\n\t\t\t\t<div class=\"elementor-widget-container\">\n\t\t\t\t\t\t\t\t\t<div class=\"elementor-toc__header\">\n\t\t\t\t\t\t<div class=\"elementor-toc__header-title\">\n\t\t\t\tInhaltsverzeichnis\t\t\t<\/div>\n\t\t\t\t\t\t\t\t\t\t<div class=\"elementor-toc__toggle-button elementor-toc__toggle-button--expand\" role=\"button\" tabindex=\"0\" aria-controls=\"elementor-toc__208d935b\" aria-expanded=\"true\" aria-label=\"Inhaltsverzeichnis \u00f6ffnen\"><i aria-hidden=\"true\" class=\"fas fa-chevron-down\"><\/i><\/div>\n\t\t\t\t<div class=\"elementor-toc__toggle-button elementor-toc__toggle-button--collapse\" role=\"button\" tabindex=\"0\" aria-controls=\"elementor-toc__208d935b\" aria-expanded=\"true\" aria-label=\"Inhaltsverzeichnis schlie\u00dfen\"><i aria-hidden=\"true\" class=\"fas fa-chevron-up\"><\/i><\/div>\n\t\t\t\t\t<\/div>\n\t\t\t\t<div id=\"elementor-toc__208d935b\" class=\"elementor-toc__body\">\n\t\t\t<div class=\"elementor-toc__spinner-container\">\n\t\t\t\t<i class=\"elementor-toc__spinner eicon-animation-spin eicon-loading\" aria-hidden=\"true\"><\/i>\t\t\t<\/div>\n\t\t<\/div>\n\t\t\t\t\t\t<\/div>\n\t\t\t\t<\/div>\n\t\t\t\t\t<\/div>\n\t\t<\/div>\n\t\t\t\t\t<\/div>\n\t\t<\/section>\n\t\t\t\t<section class=\"elementor-section elementor-top-section elementor-element elementor-element-67d4b8b7 elementor-section-boxed elementor-section-height-default elementor-section-height-default\" data-id=\"67d4b8b7\" data-element_type=\"section\" data-e-type=\"section\">\n\t\t\t\t\t\t<div class=\"elementor-container elementor-column-gap-default\">\n\t\t\t\t\t<div class=\"elementor-column elementor-col-100 elementor-top-column elementor-element elementor-element-7641075e\" data-id=\"7641075e\" data-element_type=\"column\" data-e-type=\"column\">\n\t\t\t<div class=\"elementor-widget-wrap elementor-element-populated\">\n\t\t\t\t\t\t<div class=\"elementor-element elementor-element-6adcbf53 elementor-widget elementor-widget-heading\" data-id=\"6adcbf53\" data-element_type=\"widget\" data-e-type=\"widget\" data-widget_type=\"heading.default\">\n\t\t\t\t<div class=\"elementor-widget-container\">\n\t\t\t\t\t<h2 class=\"elementor-heading-title elementor-size-default\">Die fotogensten Ecken Teneriffas\n<\/h2>\t\t\t\t<\/div>\n\t\t\t\t<\/div>\n\t\t\t\t<div class=\"elementor-element elementor-element-8080773 elementor-widget elementor-widget-text-editor\" data-id=\"8080773\" data-element_type=\"widget\" data-e-type=\"widget\" data-widget_type=\"text-editor.default\">\n\t\t\t\t<div class=\"elementor-widget-container\">\n\t\t\t\t\t\t\t\t\t<p>Kommen wir zur Sache. Hier sind einige der sch\u00f6nsten Orte auf Teneriffa, um Fotos zu machen, aber auch, um die Ruhe zu genie\u00dfen, eine einzigartige Gastronomie zu probieren und mit der Natur und der Geschichte in Kontakt zu kommen.<\/p>\t\t\t\t\t\t\t\t<\/div>\n\t\t\t\t<\/div>\n\t\t\t\t\t<\/div>\n\t\t<\/div>\n\t\t\t\t\t<\/div>\n\t\t<\/section>\n\t\t\t\t<section class=\"elementor-section elementor-top-section elementor-element elementor-element-d36833d elementor-section-boxed elementor-section-height-default elementor-section-height-default\" data-id=\"d36833d\" data-element_type=\"section\" data-e-type=\"section\">\n\t\t\t\t\t\t<div class=\"elementor-container elementor-column-gap-default\">\n\t\t\t\t\t<div class=\"elementor-column elementor-col-50 elementor-top-column elementor-element elementor-element-35335792\" data-id=\"35335792\" data-element_type=\"column\" data-e-type=\"column\">\n\t\t\t<div class=\"elementor-widget-wrap elementor-element-populated\">\n\t\t\t\t\t\t<div class=\"elementor-element elementor-element-72a24d7a elementor-widget elementor-widget-heading\" data-id=\"72a24d7a\" data-element_type=\"widget\" data-e-type=\"widget\" data-widget_type=\"heading.default\">\n\t\t\t\t<div class=\"elementor-widget-container\">\n\t\t\t\t\t<h3 class=\"elementor-heading-title elementor-size-default\">Teide-Nationalpark\n<\/h3>\t\t\t\t<\/div>\n\t\t\t\t<\/div>\n\t\t\t\t<div class=\"elementor-element elementor-element-10572b99 elementor-widget elementor-widget-text-editor\" data-id=\"10572b99\" data-element_type=\"widget\" data-e-type=\"widget\" data-widget_type=\"text-editor.default\">\n\t\t\t\t<div class=\"elementor-widget-container\">\n\t\t\t\t\t\t\t\t\t<p>Wenn Sie den Teide-Nationalpark besuchen, der zu den wichtigsten Sehensw\u00fcrdigkeiten Teneriffas geh\u00f6rt, werden Sie sich aufgrund der vulkanischen Landschaften und der schieren Gr\u00f6\u00dfe des Ortes vielleicht wie auf einem anderen Planeten f\u00fchlen. Es ist ein Ort von enormem geologischem Interesse und au\u00dferdem einer der sch\u00f6nsten Locations auf Teneriffa, um Fotos zu machen.<\/p>\t\t\t\t\t\t\t\t<\/div>\n\t\t\t\t<\/div>\n\t\t\t\t\t<\/div>\n\t\t<\/div>\n\t\t\t\t<div class=\"elementor-column elementor-col-50 elementor-top-column elementor-element elementor-element-eedc850\" data-id=\"eedc850\" data-element_type=\"column\" data-e-type=\"column\">\n\t\t\t<div class=\"elementor-widget-wrap elementor-element-populated\">\n\t\t\t\t\t\t<div class=\"elementor-element elementor-element-4674569 elementor-widget elementor-widget-heading\" data-id=\"4674569\" data-element_type=\"widget\" data-e-type=\"widget\" data-widget_type=\"heading.default\">\n\t\t\t\t<div class=\"elementor-widget-container\">\n\t\t\t\t\t<h3 class=\"elementor-heading-title elementor-size-default\">Los Gigantes<\/h3>\t\t\t\t<\/div>\n\t\t\t\t<\/div>\n\t\t\t\t<div class=\"elementor-element elementor-element-d969eaf elementor-widget elementor-widget-text-editor\" data-id=\"d969eaf\" data-element_type=\"widget\" data-e-type=\"widget\" data-widget_type=\"text-editor.default\">\n\t\t\t\t<div class=\"elementor-widget-container\">\n\t\t\t\t\t\t\t\t\t<p>Diese Klippen sind bis zu 600 Meter hoch und k\u00f6nnen vom Land aus besichtigt werden, aber viel interessanter ist es, sie bei einer Bootsfahrt zu erkunden. F\u00fcr Fotos ist es vielleicht eine gute Idee, die verschiedenen m\u00f6glichen Perspektiven einzufangen.<\/p>\t\t\t\t\t\t\t\t<\/div>\n\t\t\t\t<\/div>\n\t\t\t\t\t<\/div>\n\t\t<\/div>\n\t\t\t\t\t<\/div>\n\t\t<\/section>\n\t\t\t\t<section class=\"elementor-section elementor-top-section elementor-element elementor-element-87d8a5e elementor-section-boxed elementor-section-height-default elementor-section-height-default\" data-id=\"87d8a5e\" data-element_type=\"section\" data-e-type=\"section\">\n\t\t\t\t\t\t<div class=\"elementor-container elementor-column-gap-default\">\n\t\t\t\t\t<div class=\"elementor-column elementor-col-100 elementor-top-column elementor-element elementor-element-31f98c3\" data-id=\"31f98c3\" data-element_type=\"column\" data-e-type=\"column\">\n\t\t\t<div class=\"elementor-widget-wrap elementor-element-populated\">\n\t\t\t\t\t\t<div class=\"elementor-element elementor-element-8b05717 elementor-widget elementor-widget-image\" data-id=\"8b05717\" data-element_type=\"widget\" data-e-type=\"widget\" data-widget_type=\"image.default\">\n\t\t\t\t<div class=\"elementor-widget-container\">\n\t\t\t\t\t\t\t\t\t\t\t\t\t\t\t<img fetchpriority=\"high\" decoding=\"async\" width=\"1254\" height=\"627\" src=\"https:\/\/www.sansofestay.com\/blog\/wp-content\/uploads\/2024\/07\/teide-norte-tenerife.jpg\" class=\"attachment-full size-full wp-image-1679\" alt=\"teide norte tenerife\" srcset=\"https:\/\/www.sansofestay.com\/blog\/wp-content\/uploads\/2024\/07\/teide-norte-tenerife.jpg 1254w, https:\/\/www.sansofestay.com\/blog\/wp-content\/uploads\/2024\/07\/teide-norte-tenerife-768x384.jpg 768w\" sizes=\"(max-width: 1254px) 100vw, 1254px\" \/>\t\t\t\t\t\t\t\t\t\t\t\t\t\t\t<\/div>\n\t\t\t\t<\/div>\n\t\t\t\t\t<\/div>\n\t\t<\/div>\n\t\t\t\t\t<\/div>\n\t\t<\/section>\n\t\t\t\t<section class=\"elementor-section elementor-top-section elementor-element elementor-element-a8c9ba9 elementor-section-boxed elementor-section-height-default elementor-section-height-default\" data-id=\"a8c9ba9\" data-element_type=\"section\" data-e-type=\"section\">\n\t\t\t\t\t\t<div class=\"elementor-container elementor-column-gap-default\">\n\t\t\t\t\t<div class=\"elementor-column elementor-col-33 elementor-top-column elementor-element elementor-element-e9ebd88\" data-id=\"e9ebd88\" data-element_type=\"column\" data-e-type=\"column\">\n\t\t\t<div class=\"elementor-widget-wrap elementor-element-populated\">\n\t\t\t\t\t\t<div class=\"elementor-element elementor-element-5fbdcc8 elementor-widget elementor-widget-heading\" data-id=\"5fbdcc8\" data-element_type=\"widget\" data-e-type=\"widget\" data-widget_type=\"heading.default\">\n\t\t\t\t<div class=\"elementor-widget-container\">\n\t\t\t\t\t<h3 class=\"elementor-heading-title elementor-size-default\">La Laguna<\/h3>\t\t\t\t<\/div>\n\t\t\t\t<\/div>\n\t\t\t\t<div class=\"elementor-element elementor-element-395d9a3 elementor-widget elementor-widget-text-editor\" data-id=\"395d9a3\" data-element_type=\"widget\" data-e-type=\"widget\" data-widget_type=\"text-editor.default\">\n\t\t\t\t<div class=\"elementor-widget-container\">\n\t\t\t\t\t\t\t\t\t<p>Die Kolonialstadt San Crist\u00f3bal de La Laguna geh\u00f6rt zum UNESCO-Weltkulturerbe und beherbergt ein wundersch\u00f6nes architektonisches Ensemble mit bezaubernden Pl\u00e4tzen und bunten H\u00e4usern, weshalb sie zu den sch\u00f6nsten Orten im Norden Teneriffas z\u00e4hlt.<\/p>\t\t\t\t\t\t\t\t<\/div>\n\t\t\t\t<\/div>\n\t\t\t\t\t<\/div>\n\t\t<\/div>\n\t\t\t\t<div class=\"elementor-column elementor-col-33 elementor-top-column elementor-element elementor-element-9c892bf\" data-id=\"9c892bf\" data-element_type=\"column\" data-e-type=\"column\">\n\t\t\t<div class=\"elementor-widget-wrap elementor-element-populated\">\n\t\t\t\t\t\t<div class=\"elementor-element elementor-element-269aee8 elementor-widget elementor-widget-heading\" data-id=\"269aee8\" data-element_type=\"widget\" data-e-type=\"widget\" data-widget_type=\"heading.default\">\n\t\t\t\t<div class=\"elementor-widget-container\">\n\t\t\t\t\t<h3 class=\"elementor-heading-title elementor-size-default\">Playa de Benijo<\/h3>\t\t\t\t<\/div>\n\t\t\t\t<\/div>\n\t\t\t\t<div class=\"elementor-element elementor-element-85fbc42 elementor-widget elementor-widget-text-editor\" data-id=\"85fbc42\" data-element_type=\"widget\" data-e-type=\"widget\" data-widget_type=\"text-editor.default\">\n\t\t\t\t<div class=\"elementor-widget-container\">\n\t\t\t\t\t\t\t\t\t<p>Natur pur. Das finden Sie am weitl\u00e4ufigen Playa de Benijo mit seinem schwarzen Vulkansand, den Klippen und einem der sch\u00f6nsten Sonnenunterg\u00e4nge der Insel.<\/p>\t\t\t\t\t\t\t\t<\/div>\n\t\t\t\t<\/div>\n\t\t\t\t\t<\/div>\n\t\t<\/div>\n\t\t\t\t<div class=\"elementor-column elementor-col-33 elementor-top-column elementor-element elementor-element-6fc3226\" data-id=\"6fc3226\" data-element_type=\"column\" data-e-type=\"column\">\n\t\t\t<div class=\"elementor-widget-wrap elementor-element-populated\">\n\t\t\t\t\t\t<div class=\"elementor-element elementor-element-b962a37 elementor-widget elementor-widget-heading\" data-id=\"b962a37\" data-element_type=\"widget\" data-e-type=\"widget\" data-widget_type=\"heading.default\">\n\t\t\t\t<div class=\"elementor-widget-container\">\n\t\t\t\t\t<h3 class=\"elementor-heading-title elementor-size-default\">Masca<\/h3>\t\t\t\t<\/div>\n\t\t\t\t<\/div>\n\t\t\t\t<div class=\"elementor-element elementor-element-5254cc6 elementor-widget elementor-widget-text-editor\" data-id=\"5254cc6\" data-element_type=\"widget\" data-e-type=\"widget\" data-widget_type=\"text-editor.default\">\n\t\t\t\t<div class=\"elementor-widget-container\">\n\t\t\t\t\t\t\t\t\t<p>Wir fahren ins Landesinnere, um einen der sch\u00f6nsten Fotospots Teneriffas zu entdecken, ein zwischen Schluchten gelegenes Dorf mit exotischer Vegetation und Meerblick. Es empfiehlt sich, diesen Ort bei Sonnenaufgang zu besuchen.<\/p>\t\t\t\t\t\t\t\t<\/div>\n\t\t\t\t<\/div>\n\t\t\t\t\t<\/div>\n\t\t<\/div>\n\t\t\t\t\t<\/div>\n\t\t<\/section>\n\t\t\t\t<section class=\"elementor-section elementor-top-section elementor-element elementor-element-e8b3cd0 elementor-section-boxed elementor-section-height-default elementor-section-height-default\" data-id=\"e8b3cd0\" data-element_type=\"section\" data-e-type=\"section\">\n\t\t\t\t\t\t<div class=\"elementor-container elementor-column-gap-default\">\n\t\t\t\t\t<div class=\"elementor-column elementor-col-100 elementor-top-column elementor-element elementor-element-90ce962\" data-id=\"90ce962\" data-element_type=\"column\" data-e-type=\"column\">\n\t\t\t<div class=\"elementor-widget-wrap elementor-element-populated\">\n\t\t\t\t\t\t<div class=\"elementor-element elementor-element-fb29f28 elementor-widget elementor-widget-image\" data-id=\"fb29f28\" data-element_type=\"widget\" data-e-type=\"widget\" data-widget_type=\"image.default\">\n\t\t\t\t<div class=\"elementor-widget-container\">\n\t\t\t\t\t\t\t\t\t\t\t\t\t\t\t<img decoding=\"async\" width=\"751\" height=\"376\" src=\"https:\/\/www.sansofestay.com\/blog\/wp-content\/uploads\/2025\/04\/Playa-de-Benijo.jpg\" class=\"attachment-large size-large wp-image-2402\" alt=\"Playa-de-Benijo.jpg\" srcset=\"https:\/\/www.sansofestay.com\/blog\/wp-content\/uploads\/2025\/04\/Playa-de-Benijo.jpg 1254w, https:\/\/www.sansofestay.com\/blog\/wp-content\/uploads\/2025\/04\/Playa-de-Benijo-768x384.jpg 768w\" sizes=\"(max-width: 751px) 100vw, 751px\" \/>\t\t\t\t\t\t\t\t\t\t\t\t\t\t\t<\/div>\n\t\t\t\t<\/div>\n\t\t\t\t\t<\/div>\n\t\t<\/div>\n\t\t\t\t\t<\/div>\n\t\t<\/section>\n\t\t\t\t<section class=\"elementor-section elementor-top-section elementor-element elementor-element-9e0bc98 elementor-section-boxed elementor-section-height-default elementor-section-height-default\" data-id=\"9e0bc98\" data-element_type=\"section\" data-e-type=\"section\">\n\t\t\t\t\t\t<div class=\"elementor-container elementor-column-gap-default\">\n\t\t\t\t\t<div class=\"elementor-column elementor-col-100 elementor-top-column elementor-element elementor-element-6dbc8a50\" data-id=\"6dbc8a50\" data-element_type=\"column\" data-e-type=\"column\">\n\t\t\t<div class=\"elementor-widget-wrap elementor-element-populated\">\n\t\t\t\t\t\t<div class=\"elementor-element elementor-element-beb2956 elementor-widget elementor-widget-heading\" data-id=\"beb2956\" data-element_type=\"widget\" data-e-type=\"widget\" data-widget_type=\"heading.default\">\n\t\t\t\t<div class=\"elementor-widget-container\">\n\t\t\t\t\t<h2 class=\"elementor-heading-title elementor-size-default\">Unverzichtbare Aussichtspunkte und Landschaften\n<\/h2>\t\t\t\t<\/div>\n\t\t\t\t<\/div>\n\t\t\t\t<div class=\"elementor-element elementor-element-8cf1c5b elementor-widget elementor-widget-text-editor\" data-id=\"8cf1c5b\" data-element_type=\"widget\" data-e-type=\"widget\" data-widget_type=\"text-editor.default\">\n\t\t\t\t<div class=\"elementor-widget-container\">\n\t\t\t\t\t\t\t\t\t<p>Diese Insel ist voller Aussichtspunkte \u00a0(span. miradores), und das ist ein Wunder f\u00fcr Liebhaber sch\u00f6ner Landschaften sowie f\u00fcr Fotografen, ob Profis oder Amateure. Hier sind einige unserer Favoriten.<\/p>\t\t\t\t\t\t\t\t<\/div>\n\t\t\t\t<\/div>\n\t\t\t\t\t<\/div>\n\t\t<\/div>\n\t\t\t\t\t<\/div>\n\t\t<\/section>\n\t\t\t\t<section class=\"elementor-section elementor-top-section elementor-element elementor-element-e49a9a0 elementor-section-boxed elementor-section-height-default elementor-section-height-default\" data-id=\"e49a9a0\" data-element_type=\"section\" data-e-type=\"section\">\n\t\t\t\t\t\t<div class=\"elementor-container elementor-column-gap-default\">\n\t\t\t\t\t<div class=\"elementor-column elementor-col-25 elementor-top-column elementor-element elementor-element-61b87a7\" data-id=\"61b87a7\" data-element_type=\"column\" data-e-type=\"column\">\n\t\t\t<div class=\"elementor-widget-wrap elementor-element-populated\">\n\t\t\t\t\t\t<div class=\"elementor-element elementor-element-17df6ed elementor-widget elementor-widget-heading\" data-id=\"17df6ed\" data-element_type=\"widget\" data-e-type=\"widget\" data-widget_type=\"heading.default\">\n\t\t\t\t<div class=\"elementor-widget-container\">\n\t\t\t\t\t<h3 class=\"elementor-heading-title elementor-size-default\">Mirador de Jardina<\/h3>\t\t\t\t<\/div>\n\t\t\t\t<\/div>\n\t\t\t\t<div class=\"elementor-element elementor-element-f6d360b elementor-widget elementor-widget-text-editor\" data-id=\"f6d360b\" data-element_type=\"widget\" data-e-type=\"widget\" data-widget_type=\"text-editor.default\">\n\t\t\t\t<div class=\"elementor-widget-container\">\n\t\t\t\t\t\t\t\t\t<p>Ein perfekter Ort zum Fotografieren und Beobachten des Tals von La Laguna. Bei gutem Wetter kann man sogar den Teide sehen. Gutes Licht, klare Sicht und viel nat\u00fcrliche Sch\u00f6nheit.<\/p>\t\t\t\t\t\t\t\t<\/div>\n\t\t\t\t<\/div>\n\t\t\t\t\t<\/div>\n\t\t<\/div>\n\t\t\t\t<div class=\"elementor-column elementor-col-25 elementor-top-column elementor-element elementor-element-6f74763\" data-id=\"6f74763\" data-element_type=\"column\" data-e-type=\"column\">\n\t\t\t<div class=\"elementor-widget-wrap elementor-element-populated\">\n\t\t\t\t\t\t<div class=\"elementor-element elementor-element-774135e elementor-widget elementor-widget-heading\" data-id=\"774135e\" data-element_type=\"widget\" data-e-type=\"widget\" data-widget_type=\"heading.default\">\n\t\t\t\t<div class=\"elementor-widget-container\">\n\t\t\t\t\t<h3 class=\"elementor-heading-title elementor-size-default\">Mirador de Chipeque<\/h3>\t\t\t\t<\/div>\n\t\t\t\t<\/div>\n\t\t\t\t<div class=\"elementor-element elementor-element-aaf1e01 elementor-widget elementor-widget-text-editor\" data-id=\"aaf1e01\" data-element_type=\"widget\" data-e-type=\"widget\" data-widget_type=\"text-editor.default\">\n\t\t\t\t<div class=\"elementor-widget-container\">\n\t\t\t\t\t\t\t\t\t<p>Von hier aus kann man an manchen Tagen den Teide \u00fcber den Wolken sehen, und der Himmel bei Sonnenuntergang bietet atemberaubende Farben. Es ist einer der sch\u00f6nsten Orte auf Teneriffa, um Fotos zu machen.<\/p>\t\t\t\t\t\t\t\t<\/div>\n\t\t\t\t<\/div>\n\t\t\t\t\t<\/div>\n\t\t<\/div>\n\t\t\t\t<div class=\"elementor-column elementor-col-25 elementor-top-column elementor-element elementor-element-2f5f27c\" data-id=\"2f5f27c\" data-element_type=\"column\" data-e-type=\"column\">\n\t\t\t<div class=\"elementor-widget-wrap elementor-element-populated\">\n\t\t\t\t\t\t<div class=\"elementor-element elementor-element-a5624d7 elementor-widget elementor-widget-heading\" data-id=\"a5624d7\" data-element_type=\"widget\" data-e-type=\"widget\" data-widget_type=\"heading.default\">\n\t\t\t\t<div class=\"elementor-widget-container\">\n\t\t\t\t\t<h3 class=\"elementor-heading-title elementor-size-default\">Mirador de Humboldt<\/h3>\t\t\t\t<\/div>\n\t\t\t\t<\/div>\n\t\t\t\t<div class=\"elementor-element elementor-element-29581ee elementor-widget elementor-widget-text-editor\" data-id=\"29581ee\" data-element_type=\"widget\" data-e-type=\"widget\" data-widget_type=\"text-editor.default\">\n\t\t\t\t<div class=\"elementor-widget-container\">\n\t\t\t\t\t\t\t\t\t<p>Der Wissenschaftler Alexander von Humboldt war von der Aussicht von diesem Ort so begeistert, dass er sie in seinen Reiseberichten festhielt, weshalb dieser Aussichtspunkt seinen Namen tr\u00e4gt. Er ist perfekt, um das Orotava-Tal zu betrachten.<\/p>\t\t\t\t\t\t\t\t<\/div>\n\t\t\t\t<\/div>\n\t\t\t\t\t<\/div>\n\t\t<\/div>\n\t\t\t\t<div class=\"elementor-column elementor-col-25 elementor-top-column elementor-element elementor-element-81df879\" data-id=\"81df879\" data-element_type=\"column\" data-e-type=\"column\">\n\t\t\t<div class=\"elementor-widget-wrap elementor-element-populated\">\n\t\t\t\t\t\t<div class=\"elementor-element elementor-element-9f0fd01 elementor-widget elementor-widget-heading\" data-id=\"9f0fd01\" data-element_type=\"widget\" data-e-type=\"widget\" data-widget_type=\"heading.default\">\n\t\t\t\t<div class=\"elementor-widget-container\">\n\t\t\t\t\t<h3 class=\"elementor-heading-title elementor-size-default\">Mirador de Pico del Ingl\u00e9s<\/h3>\t\t\t\t<\/div>\n\t\t\t\t<\/div>\n\t\t\t\t<div class=\"elementor-element elementor-element-667c8bd elementor-widget elementor-widget-text-editor\" data-id=\"667c8bd\" data-element_type=\"widget\" data-e-type=\"widget\" data-widget_type=\"text-editor.default\">\n\t\t\t\t<div class=\"elementor-widget-container\">\n\t\t\t\t\t\t\t\t\t<p>Anaga ist ein wundersch\u00f6ner Ort mit einer einzigartigen nat\u00fcrlichen Sch\u00f6nheit, und dieser Aussichtspunkt ist eine fantastische M\u00f6glichkeit, diese zu genie\u00dfen. Von hier aus kann man Santa Cruz, den Teide sowie Gran Canaria und La Palma sehen. Es ist einer der sch\u00f6nsten Orte im Norden Teneriffas zum Fotografieren.<\/p>\t\t\t\t\t\t\t\t<\/div>\n\t\t\t\t<\/div>\n\t\t\t\t\t<\/div>\n\t\t<\/div>\n\t\t\t\t\t<\/div>\n\t\t<\/section>\n\t\t\t\t<section class=\"elementor-section elementor-top-section elementor-element elementor-element-4d42f73 elementor-section-boxed elementor-section-height-default elementor-section-height-default\" data-id=\"4d42f73\" data-element_type=\"section\" data-e-type=\"section\">\n\t\t\t\t\t\t<div class=\"elementor-container elementor-column-gap-default\">\n\t\t\t\t\t<div class=\"elementor-column elementor-col-50 elementor-top-column elementor-element elementor-element-8d67afc\" data-id=\"8d67afc\" data-element_type=\"column\" data-e-type=\"column\">\n\t\t\t<div class=\"elementor-widget-wrap elementor-element-populated\">\n\t\t\t\t\t\t<div class=\"elementor-element elementor-element-e8b834b elementor-widget elementor-widget-image\" data-id=\"e8b834b\" data-element_type=\"widget\" data-e-type=\"widget\" data-widget_type=\"image.default\">\n\t\t\t\t<div class=\"elementor-widget-container\">\n\t\t\t\t\t\t\t\t\t\t\t\t\t\t\t<img decoding=\"async\" width=\"725\" height=\"482\" src=\"https:\/\/www.sansofestay.com\/blog\/wp-content\/uploads\/2023\/07\/chipeque-mirador-tenerife-norte.jpg\" class=\"attachment-large size-large wp-image-569\" alt=\"chipeque mirador tenerife norte\" \/>\t\t\t\t\t\t\t\t\t\t\t\t\t\t\t<\/div>\n\t\t\t\t<\/div>\n\t\t\t\t\t<\/div>\n\t\t<\/div>\n\t\t\t\t<div class=\"elementor-column elementor-col-50 elementor-top-column elementor-element elementor-element-e4523fc\" data-id=\"e4523fc\" data-element_type=\"column\" data-e-type=\"column\">\n\t\t\t<div class=\"elementor-widget-wrap elementor-element-populated\">\n\t\t\t\t\t\t<div class=\"elementor-element elementor-element-e84eda7 elementor-widget elementor-widget-image\" data-id=\"e84eda7\" data-element_type=\"widget\" data-e-type=\"widget\" data-widget_type=\"image.default\">\n\t\t\t\t<div class=\"elementor-widget-container\">\n\t\t\t\t\t\t\t\t\t\t\t\t\t\t\t<img loading=\"lazy\" decoding=\"async\" width=\"724\" height=\"483\" src=\"https:\/\/www.sansofestay.com\/blog\/wp-content\/uploads\/2023\/07\/mirador-tenerife-norte-ortuno.jpg\" class=\"attachment-large size-large wp-image-565\" alt=\"mirador tenerife norte ortu\u00f1o\" \/>\t\t\t\t\t\t\t\t\t\t\t\t\t\t\t<\/div>\n\t\t\t\t<\/div>\n\t\t\t\t\t<\/div>\n\t\t<\/div>\n\t\t\t\t\t<\/div>\n\t\t<\/section>\n\t\t\t\t<section class=\"elementor-section elementor-top-section elementor-element elementor-element-4994513 elementor-section-boxed elementor-section-height-default elementor-section-height-default\" data-id=\"4994513\" data-element_type=\"section\" data-e-type=\"section\">\n\t\t\t\t\t\t<div class=\"elementor-container elementor-column-gap-default\">\n\t\t\t\t\t<div class=\"elementor-column elementor-col-100 elementor-top-column elementor-element elementor-element-f2f5592\" data-id=\"f2f5592\" data-element_type=\"column\" data-e-type=\"column\">\n\t\t\t<div class=\"elementor-widget-wrap elementor-element-populated\">\n\t\t\t\t\t\t<div class=\"elementor-element elementor-element-efa82a4 elementor-widget elementor-widget-heading\" data-id=\"efa82a4\" data-element_type=\"widget\" data-e-type=\"widget\" data-widget_type=\"heading.default\">\n\t\t\t\t<div class=\"elementor-widget-container\">\n\t\t\t\t\t<h2 class=\"elementor-heading-title elementor-size-default\">Die besten Tageszeiten, um die Sch\u00f6nheit der Insel einzufangen\n<\/h2>\t\t\t\t<\/div>\n\t\t\t\t<\/div>\n\t\t\t\t<div class=\"elementor-element elementor-element-4ceae69 elementor-widget elementor-widget-text-editor\" data-id=\"4ceae69\" data-element_type=\"widget\" data-e-type=\"widget\" data-widget_type=\"text-editor.default\">\n\t\t\t\t<div class=\"elementor-widget-container\">\n\t\t\t\t\t\t\t\t\t<p>Wenn Sie gerne fotografieren, werden wir Ihnen nichts Neues erz\u00e4hlen: Die besten Zeiten f\u00fcr Fotos auf Teneriffa ist die Morgend\u00e4mmerung, wenn die Nebelschwaden verschwinden und das Licht weich wird, und die goldene Stunde des Sonnenuntergangs, wenn die Sonne am tiefsten steht und alles auf ganz besondere Weise beleuchtet. Aber es gibt noch einen weiteren wichtigen Moment f\u00fcr die Fotografie auf Teneriffa: die Nacht. Ja, Teneriffa ist dank der hervorragenden Sicht, die der Teide-Nationalpark und insbesondere sein Observatorium bieten, ein fantastischer Ort f\u00fcr die Astrofotografie.<\/p>\t\t\t\t\t\t\t\t<\/div>\n\t\t\t\t<\/div>\n\t\t\t\t\t<\/div>\n\t\t<\/div>\n\t\t\t\t\t<\/div>\n\t\t<\/section>\n\t\t\t\t<section class=\"elementor-section elementor-top-section elementor-element elementor-element-ad0755b elementor-section-boxed elementor-section-height-default elementor-section-height-default\" data-id=\"ad0755b\" data-element_type=\"section\" data-e-type=\"section\">\n\t\t\t\t\t\t<div class=\"elementor-container elementor-column-gap-default\">\n\t\t\t\t\t<div class=\"elementor-column elementor-col-100 elementor-top-column elementor-element elementor-element-8938ebe\" data-id=\"8938ebe\" data-element_type=\"column\" data-e-type=\"column\">\n\t\t\t<div class=\"elementor-widget-wrap elementor-element-populated\">\n\t\t\t\t\t\t<div class=\"elementor-element elementor-element-1a43472 elementor-widget elementor-widget-heading\" data-id=\"1a43472\" data-element_type=\"widget\" data-e-type=\"widget\" data-widget_type=\"heading.default\">\n\t\t\t\t<div class=\"elementor-widget-container\">\n\t\t\t\t\t<h2 class=\"elementor-heading-title elementor-size-default\">Weitere interessante Aktivit\u00e4ten auf Teneriffa\n<\/h2>\t\t\t\t<\/div>\n\t\t\t\t<\/div>\n\t\t\t\t<div class=\"elementor-element elementor-element-8393ff3 elementor-widget elementor-widget-text-editor\" data-id=\"8393ff3\" data-element_type=\"widget\" data-e-type=\"widget\" data-widget_type=\"text-editor.default\">\n\t\t\t\t<div class=\"elementor-widget-container\">\n\t\t\t\t\t\t\t\t\t<p>Wenn Sie auf der Suche nach weiteren Aktivit\u00e4ten auf Teneriffa sind, finden Sie hier einige Vorschl\u00e4ge, die Ihren Urlaub bereichern werden:<\/p>\t\t\t\t\t\t\t\t<\/div>\n\t\t\t\t<\/div>\n\t\t\t\t\t<\/div>\n\t\t<\/div>\n\t\t\t\t\t<\/div>\n\t\t<\/section>\n\t\t\t\t<section class=\"elementor-section elementor-top-section elementor-element elementor-element-ec81dfe elementor-section-boxed elementor-section-height-default elementor-section-height-default\" data-id=\"ec81dfe\" data-element_type=\"section\" data-e-type=\"section\">\n\t\t\t\t\t\t<div class=\"elementor-container elementor-column-gap-default\">\n\t\t\t\t\t<div class=\"elementor-column elementor-col-33 elementor-top-column elementor-element elementor-element-bfc5750\" data-id=\"bfc5750\" data-element_type=\"column\" data-e-type=\"column\">\n\t\t\t<div class=\"elementor-widget-wrap elementor-element-populated\">\n\t\t\t\t\t\t<div class=\"elementor-element elementor-element-23179a8 elementor-widget elementor-widget-heading\" data-id=\"23179a8\" data-element_type=\"widget\" data-e-type=\"widget\" data-widget_type=\"heading.default\">\n\t\t\t\t<div class=\"elementor-widget-container\">\n\t\t\t\t\t<h3 class=\"elementor-heading-title elementor-size-default\">Windsurfen<\/h3>\t\t\t\t<\/div>\n\t\t\t\t<\/div>\n\t\t\t\t<div class=\"elementor-element elementor-element-dc4e305 elementor-widget elementor-widget-text-editor\" data-id=\"dc4e305\" data-element_type=\"widget\" data-e-type=\"widget\" data-widget_type=\"text-editor.default\">\n\t\t\t\t<div class=\"elementor-widget-container\">\n\t\t\t\t\t\t\t\t\t<p>Haben Sie Lust, diesen unterhaltsamen Sport auszuprobieren? In einigen Gebieten der Insel herrschen ideale Bedingungen zum Windsurfen, weshalb sie von Sportlern aus aller Welt besucht wird.<\/p>\t\t\t\t\t\t\t\t<\/div>\n\t\t\t\t<\/div>\n\t\t\t\t\t<\/div>\n\t\t<\/div>\n\t\t\t\t<div class=\"elementor-column elementor-col-33 elementor-top-column elementor-element elementor-element-a112bf2\" data-id=\"a112bf2\" data-element_type=\"column\" data-e-type=\"column\">\n\t\t\t<div class=\"elementor-widget-wrap elementor-element-populated\">\n\t\t\t\t\t\t<div class=\"elementor-element elementor-element-a0a3a50 elementor-widget elementor-widget-heading\" data-id=\"a0a3a50\" data-element_type=\"widget\" data-e-type=\"widget\" data-widget_type=\"heading.default\">\n\t\t\t\t<div class=\"elementor-widget-container\">\n\t\t\t\t\t<h3 class=\"elementor-heading-title elementor-size-default\">Besuch einer Guachinche\n<\/h3>\t\t\t\t<\/div>\n\t\t\t\t<\/div>\n\t\t\t\t<div class=\"elementor-element elementor-element-51baf94 elementor-widget elementor-widget-text-editor\" data-id=\"51baf94\" data-element_type=\"widget\" data-e-type=\"widget\" data-widget_type=\"text-editor.default\">\n\t\t\t\t<div class=\"elementor-widget-container\">\n\t\t\t\t\t\t\t\t\t<p>Guachinches sind einfache, schlichte Restaurants, die manchmal in Landh\u00e4usern oder Garagen untergebracht sind. Auch wenn es seltsam klingt, sind das hausgemachte Essen und der Wein aus eigenem Anbau oft k\u00f6stlich.<\/p>\t\t\t\t\t\t\t\t<\/div>\n\t\t\t\t<\/div>\n\t\t\t\t\t<\/div>\n\t\t<\/div>\n\t\t\t\t<div class=\"elementor-column elementor-col-33 elementor-top-column elementor-element elementor-element-7870e80\" data-id=\"7870e80\" data-element_type=\"column\" data-e-type=\"column\">\n\t\t\t<div class=\"elementor-widget-wrap elementor-element-populated\">\n\t\t\t\t\t\t<div class=\"elementor-element elementor-element-86f23d3 elementor-widget elementor-widget-heading\" data-id=\"86f23d3\" data-element_type=\"widget\" data-e-type=\"widget\" data-widget_type=\"heading.default\">\n\t\t\t\t<div class=\"elementor-widget-container\">\n\t\t\t\t\t<h3 class=\"elementor-heading-title elementor-size-default\">Bootsfahrt zur Walbeobachtung\n<\/h3>\t\t\t\t<\/div>\n\t\t\t\t<\/div>\n\t\t\t\t<div class=\"elementor-element elementor-element-fbb1368 elementor-widget elementor-widget-text-editor\" data-id=\"fbb1368\" data-element_type=\"widget\" data-e-type=\"widget\" data-widget_type=\"text-editor.default\">\n\t\t\t\t<div class=\"elementor-widget-container\">\n\t\t\t\t\t\t\t\t\t<p>Eine Bootsfahrt ist immer sch\u00f6n, aber wenn man Pottwale und Delfine beobachten kann, ist das schon ein spektakul\u00e4rer Plan. Es gibt viele Unternehmen, die solche und viele andere Ausfl\u00fcge organisieren.<\/p>\t\t\t\t\t\t\t\t<\/div>\n\t\t\t\t<\/div>\n\t\t\t\t\t<\/div>\n\t\t<\/div>\n\t\t\t\t\t<\/div>\n\t\t<\/section>\n\t\t\t\t<section class=\"elementor-section elementor-top-section elementor-element elementor-element-5cab873 elementor-section-boxed elementor-section-height-default elementor-section-height-default\" data-id=\"5cab873\" data-element_type=\"section\" data-e-type=\"section\">\n\t\t\t\t\t\t<div class=\"elementor-container elementor-column-gap-default\">\n\t\t\t\t\t<div class=\"elementor-column elementor-col-100 elementor-top-column elementor-element elementor-element-2747c08\" data-id=\"2747c08\" data-element_type=\"column\" data-e-type=\"column\">\n\t\t\t<div class=\"elementor-widget-wrap elementor-element-populated\">\n\t\t\t\t\t\t<div class=\"elementor-element elementor-element-b3127eb elementor-widget elementor-widget-image\" data-id=\"b3127eb\" data-element_type=\"widget\" data-e-type=\"widget\" data-widget_type=\"image.default\">\n\t\t\t\t<div class=\"elementor-widget-container\">\n\t\t\t\t\t\t\t\t\t\t\t\t\t\t\t<img loading=\"lazy\" decoding=\"async\" width=\"1800\" height=\"762\" src=\"https:\/\/www.sansofestay.com\/blog\/wp-content\/uploads\/2024\/06\/guachinches-tenerife.jpg\" class=\"attachment-full size-full wp-image-1624\" alt=\"Explora y disf\" srcset=\"https:\/\/www.sansofestay.com\/blog\/wp-content\/uploads\/2024\/06\/guachinches-tenerife.jpg 1800w, https:\/\/www.sansofestay.com\/blog\/wp-content\/uploads\/2024\/06\/guachinches-tenerife-768x325.jpg 768w, https:\/\/www.sansofestay.com\/blog\/wp-content\/uploads\/2024\/06\/guachinches-tenerife-1536x650.jpg 1536w\" sizes=\"(max-width: 1800px) 100vw, 1800px\" \/>\t\t\t\t\t\t\t\t\t\t\t\t\t\t\t<\/div>\n\t\t\t\t<\/div>\n\t\t\t\t\t<\/div>\n\t\t<\/div>\n\t\t\t\t\t<\/div>\n\t\t<\/section>\n\t\t\t\t<section class=\"elementor-section elementor-top-section elementor-element elementor-element-3fffd34 elementor-section-boxed elementor-section-height-default elementor-section-height-default\" data-id=\"3fffd34\" data-element_type=\"section\" data-e-type=\"section\">\n\t\t\t\t\t\t<div class=\"elementor-container elementor-column-gap-default\">\n\t\t\t\t\t<div class=\"elementor-column elementor-col-100 elementor-top-column elementor-element elementor-element-b424f9f\" data-id=\"b424f9f\" data-element_type=\"column\" data-e-type=\"column\">\n\t\t\t<div class=\"elementor-widget-wrap elementor-element-populated\">\n\t\t\t\t\t\t<div class=\"elementor-element elementor-element-1eb1cfb elementor-widget elementor-widget-heading\" data-id=\"1eb1cfb\" data-element_type=\"widget\" data-e-type=\"widget\" data-widget_type=\"heading.default\">\n\t\t\t\t<div class=\"elementor-widget-container\">\n\t\t\t\t\t<h2 class=\"elementor-heading-title elementor-size-default\">Teneriffa ist ein Paradies f\u00fcr Fotoliebhaber\n<\/h2>\t\t\t\t<\/div>\n\t\t\t\t<\/div>\n\t\t\t\t<div class=\"elementor-element elementor-element-6869fea elementor-widget elementor-widget-text-editor\" data-id=\"6869fea\" data-element_type=\"widget\" data-e-type=\"widget\" data-widget_type=\"text-editor.default\">\n\t\t\t\t<div class=\"elementor-widget-container\">\n\t\t\t\t\t\t\t\t\t<p>Entdecken Sie Teneriffa, eine Insel, die viel mehr zu bieten hat, als man auf den ersten Blick sieht. Sie werden einzigartige Landschaften, eine reiche Kultur und Geschichte, eine k\u00f6stliche Gastronomie und Aktivit\u00e4ten f\u00fcr jeden Geschmack finden. F\u00fcr Fotografen ist es einer der fotogensten Orte Spaniens. Sie k\u00f6nnen Vulkane, Schluchten, das Meer, Str\u00e4nde, farbenfrohe D\u00f6rfer und beeindruckende Ecken fotografieren.\u00a0<\/p><p>Wenn Sie bereits Ihren n\u00e4chsten Besuch planen, werfen Sie einen Blick auf das Unterkunftsangebot von Sansof\u00e9 Stay auf Teneriffa, einem kleinen Komplex mit zehn H\u00e4usern auf einer Bio-Avocadofarm in La Matanza de Acentejo, einem charmanten Dorf im Norden der Insel Teneriffa. Es ist der perfekte Ort f\u00fcr einen entspannten Urlaub inmitten der Ruhe mit Blick auf den Teide und das Meer. Worauf warten Sie noch, um die sch\u00f6nsten Orte Teneriffas zu besuchen und Fotos zu machen?<\/p>\t\t\t\t\t\t\t\t<\/div>\n\t\t\t\t<\/div>\n\t\t\t\t\t<\/div>\n\t\t<\/div>\n\t\t\t\t\t<\/div>\n\t\t<\/section>\n\t\t\t\t<section class=\"elementor-section elementor-top-section elementor-element elementor-element-3a0f7fc1 elementor-section-boxed elementor-section-height-default elementor-section-height-default\" data-id=\"3a0f7fc1\" data-element_type=\"section\" data-e-type=\"section\">\n\t\t\t\t\t\t<div class=\"elementor-container elementor-column-gap-default\">\n\t\t\t\t\t<div class=\"elementor-column elementor-col-100 elementor-top-column elementor-element elementor-element-16fb8ac3\" data-id=\"16fb8ac3\" data-element_type=\"column\" data-e-type=\"column\">\n\t\t\t<div class=\"elementor-widget-wrap elementor-element-populated\">\n\t\t\t\t\t\t<div class=\"elementor-element elementor-element-73466baa elementor-widget elementor-widget-shortcode\" data-id=\"73466baa\" data-element_type=\"widget\" data-e-type=\"widget\" data-widget_type=\"shortcode.default\">\n\t\t\t\t<div class=\"elementor-widget-container\">\n\t\t\t\t\t\t\t<div class=\"elementor-shortcode\">\t\t<div data-elementor-type=\"section\" data-elementor-id=\"2013\" class=\"elementor elementor-2013 elementor-599 elementor-599\" data-elementor-post-type=\"elementor_library\">\n\t\t\t\t\t<section class=\"elementor-section elementor-top-section elementor-element elementor-element-659b1800 elementor-section-boxed elementor-section-height-default elementor-section-height-default\" data-id=\"659b1800\" data-element_type=\"section\" data-e-type=\"section\">\n\t\t\t\t\t\t<div class=\"elementor-container elementor-column-gap-default\">\n\t\t\t\t\t<div class=\"elementor-column elementor-col-33 elementor-top-column elementor-element elementor-element-1f71d011\" data-id=\"1f71d011\" data-element_type=\"column\" data-e-type=\"column\">\n\t\t\t<div class=\"elementor-widget-wrap elementor-element-populated\">\n\t\t\t\t\t\t<div class=\"elementor-element elementor-element-25618803 elementor-align-center elementor-widget elementor-widget-button\" data-id=\"25618803\" data-element_type=\"widget\" data-e-type=\"widget\" data-widget_type=\"button.default\">\n\t\t\t\t<div class=\"elementor-widget-container\">\n\t\t\t\t\t\t\t\t\t<div class=\"elementor-button-wrapper\">\n\t\t\t\t\t<a class=\"elementor-button elementor-button-link elementor-size-sm\" href=\"https:\/\/www.sansofestay.com\/de\/vermietung\/vermietungen-teneriffa-e81\/\" target=\"_blank\">\n\t\t\t\t\t\t<span class=\"elementor-button-content-wrapper\">\n\t\t\t\t\t\t\t\t\t<span class=\"elementor-button-text\">Unterk\u00fcnfte in Teneriffa Nord<\/span>\n\t\t\t\t\t<\/span>\n\t\t\t\t\t<\/a>\n\t\t\t\t<\/div>\n\t\t\t\t\t\t\t\t<\/div>\n\t\t\t\t<\/div>\n\t\t\t\t\t<\/div>\n\t\t<\/div>\n\t\t\t\t<div class=\"elementor-column elementor-col-33 elementor-top-column elementor-element elementor-element-34c62f58\" data-id=\"34c62f58\" data-element_type=\"column\" data-e-type=\"column\">\n\t\t\t<div class=\"elementor-widget-wrap elementor-element-populated\">\n\t\t\t\t\t\t<div class=\"elementor-element elementor-element-1545041d elementor-align-center elementor-widget elementor-widget-button\" data-id=\"1545041d\" data-element_type=\"widget\" data-e-type=\"widget\" data-widget_type=\"button.default\">\n\t\t\t\t<div class=\"elementor-widget-container\">\n\t\t\t\t\t\t\t\t\t<div class=\"elementor-button-wrapper\">\n\t\t\t\t\t<a class=\"elementor-button elementor-button-link elementor-size-sm\" href=\"https:\/\/www.sansofestay.com\/de\/vermietung\/ferienwohnungen-teneriffa-c1e81\/\" target=\"_blank\">\n\t\t\t\t\t\t<span class=\"elementor-button-content-wrapper\">\n\t\t\t\t\t\t\t\t\t<span class=\"elementor-button-text\">Ferienwohnun Teneriffa Nord<\/span>\n\t\t\t\t\t<\/span>\n\t\t\t\t\t<\/a>\n\t\t\t\t<\/div>\n\t\t\t\t\t\t\t\t<\/div>\n\t\t\t\t<\/div>\n\t\t\t\t\t<\/div>\n\t\t<\/div>\n\t\t\t\t<div class=\"elementor-column elementor-col-33 elementor-top-column elementor-element elementor-element-2991bece\" data-id=\"2991bece\" data-element_type=\"column\" data-e-type=\"column\">\n\t\t\t<div class=\"elementor-widget-wrap elementor-element-populated\">\n\t\t\t\t\t\t<div class=\"elementor-element elementor-element-4348a8e7 elementor-align-center elementor-widget elementor-widget-button\" data-id=\"4348a8e7\" data-element_type=\"widget\" data-e-type=\"widget\" data-widget_type=\"button.default\">\n\t\t\t\t<div class=\"elementor-widget-container\">\n\t\t\t\t\t\t\t\t\t<div class=\"elementor-button-wrapper\">\n\t\t\t\t\t<a class=\"elementor-button elementor-button-link elementor-size-sm\" href=\"https:\/\/www.sansofestay.com\/de\/vermietung\/ferienhauser-teneriffa-c19e81\/\" target=\"_blank\">\n\t\t\t\t\t\t<span class=\"elementor-button-content-wrapper\">\n\t\t\t\t\t\t\t\t\t<span class=\"elementor-button-text\">Ferienhauser Teneriffa Nord<\/span>\n\t\t\t\t\t<\/span>\n\t\t\t\t\t<\/a>\n\t\t\t\t<\/div>\n\t\t\t\t\t\t\t\t<\/div>\n\t\t\t\t<\/div>\n\t\t\t\t\t<\/div>\n\t\t<\/div>\n\t\t\t\t\t<\/div>\n\t\t<\/section>\n\t\t\t\t<\/div>\n\t\t<\/div>\n\t\t\t\t\t\t<\/div>\n\t\t\t\t<\/div>\n\t\t\t\t\t<\/div>\n\t\t<\/div>\n\t\t\t\t\t<\/div>\n\t\t<\/section>\n\t\t\t\t<\/div>\n\t\t","protected":false},"excerpt":{"rendered":"<p>Wenn Sie ein Liebhaber der Fotografie sind, ist dieser Artikel genau das Richtige f\u00fcr Sie. Wenn dies nicht der Fall&#8230;<\/p>\n","protected":false},"author":3,"featured_media":2405,"comment_status":"open","ping_status":"open","sticky":false,"template":"","format":"standard","meta":{"footnotes":""},"categories":[82],"class_list":["post-2438","post","type-post","status-publish","format-standard","has-post-thumbnail","hentry","category-aktivitaten","tag-no-template"],"yoast_head":"<!-- This site is optimized with the Yoast SEO plugin v27.2 - https:\/\/yoast.com\/product\/yoast-seo-wordpress\/ -->\n<title>Sch\u00f6ne Orte auf Teneriffa zum Fotografieren - Urlaub auf Teneriffa Nord | Sansof\u00e9<\/title>\n<meta name=\"description\" content=\"Finden Sie die sch\u00f6nsten Ecken Teneriffas zum Fotografieren: Vulkanlandschaften, Str\u00e4nde und unvergessliche Sonnenunterg\u00e4nge.\" \/>\n<meta name=\"robots\" content=\"index, follow, max-snippet:-1, max-image-preview:large, max-video-preview:-1\" \/>\n<link rel=\"canonical\" href=\"https:\/\/www.sansofestay.com\/blog\/de\/schoene-teneriffa-zum-fotografieren\/\" \/>\n<meta property=\"og:locale\" content=\"de_DE\" \/>\n<meta property=\"og:type\" content=\"article\" \/>\n<meta property=\"og:title\" content=\"Sch\u00f6ne Orte auf Teneriffa zum Fotografieren - Urlaub auf Teneriffa Nord | Sansof\u00e9\" \/>\n<meta property=\"og:description\" content=\"Finden Sie die sch\u00f6nsten Ecken Teneriffas zum Fotografieren: Vulkanlandschaften, Str\u00e4nde und unvergessliche Sonnenunterg\u00e4nge.\" \/>\n<meta property=\"og:url\" content=\"https:\/\/www.sansofestay.com\/blog\/de\/schoene-teneriffa-zum-fotografieren\/\" \/>\n<meta property=\"og:site_name\" content=\"Urlaub auf Teneriffa Nord | Sansof\u00e9\" \/>\n<meta property=\"article:published_time\" content=\"2025-04-14T08:26:21+00:00\" \/>\n<meta property=\"article:modified_time\" content=\"2025-04-29T13:56:02+00:00\" \/>\n<meta property=\"og:image\" content=\"https:\/\/www.sansofestay.com\/blog\/wp-content\/uploads\/2025\/04\/sitios-fotos-tenerife-norte.jpg\" \/>\n\t<meta property=\"og:image:width\" content=\"1920\" \/>\n\t<meta property=\"og:image:height\" content=\"762\" \/>\n\t<meta property=\"og:image:type\" content=\"image\/jpeg\" \/>\n<meta name=\"author\" content=\"digitalservices@avantio.com\" \/>\n<meta name=\"twitter:card\" content=\"summary_large_image\" \/>\n<meta name=\"twitter:label1\" content=\"Verfasst von\" \/>\n\t<meta name=\"twitter:data1\" content=\"digitalservices@avantio.com\" \/>\n\t<meta name=\"twitter:label2\" content=\"Gesch\u00e4tzte Lesezeit\" \/>\n\t<meta name=\"twitter:data2\" content=\"7\u00a0Minuten\" \/>\n<script type=\"application\/ld+json\" class=\"yoast-schema-graph\">{\"@context\":\"https:\/\/schema.org\",\"@graph\":[{\"@type\":\"Article\",\"@id\":\"https:\/\/www.sansofestay.com\/blog\/de\/schoene-teneriffa-zum-fotografieren\/#article\",\"isPartOf\":{\"@id\":\"https:\/\/www.sansofestay.com\/blog\/de\/schoene-teneriffa-zum-fotografieren\/\"},\"author\":{\"name\":\"digitalservices@avantio.com\",\"@id\":\"https:\/\/www.sansofestay.com\/blog\/de\/#\/schema\/person\/c206c4732c6fd34c0667c8566b602cd6\"},\"headline\":\"Sch\u00f6ne Orte auf Teneriffa zum Fotografieren\",\"datePublished\":\"2025-04-14T08:26:21+00:00\",\"dateModified\":\"2025-04-29T13:56:02+00:00\",\"mainEntityOfPage\":{\"@id\":\"https:\/\/www.sansofestay.com\/blog\/de\/schoene-teneriffa-zum-fotografieren\/\"},\"wordCount\":987,\"commentCount\":0,\"image\":{\"@id\":\"https:\/\/www.sansofestay.com\/blog\/de\/schoene-teneriffa-zum-fotografieren\/#primaryimage\"},\"thumbnailUrl\":\"https:\/\/www.sansofestay.com\/blog\/wp-content\/uploads\/2025\/04\/sitios-fotos-tenerife-norte.jpg\",\"keywords\":[\"No template\"],\"articleSection\":[\"Aktivit\u00e4ten\"],\"inLanguage\":\"de\",\"potentialAction\":[{\"@type\":\"CommentAction\",\"name\":\"Comment\",\"target\":[\"https:\/\/www.sansofestay.com\/blog\/de\/schoene-teneriffa-zum-fotografieren\/#respond\"]}]},{\"@type\":\"WebPage\",\"@id\":\"https:\/\/www.sansofestay.com\/blog\/de\/schoene-teneriffa-zum-fotografieren\/\",\"url\":\"https:\/\/www.sansofestay.com\/blog\/de\/schoene-teneriffa-zum-fotografieren\/\",\"name\":\"Sch\u00f6ne Orte auf Teneriffa zum Fotografieren - Urlaub auf Teneriffa Nord | Sansof\u00e9\",\"isPartOf\":{\"@id\":\"https:\/\/www.sansofestay.com\/blog\/de\/#website\"},\"primaryImageOfPage\":{\"@id\":\"https:\/\/www.sansofestay.com\/blog\/de\/schoene-teneriffa-zum-fotografieren\/#primaryimage\"},\"image\":{\"@id\":\"https:\/\/www.sansofestay.com\/blog\/de\/schoene-teneriffa-zum-fotografieren\/#primaryimage\"},\"thumbnailUrl\":\"https:\/\/www.sansofestay.com\/blog\/wp-content\/uploads\/2025\/04\/sitios-fotos-tenerife-norte.jpg\",\"datePublished\":\"2025-04-14T08:26:21+00:00\",\"dateModified\":\"2025-04-29T13:56:02+00:00\",\"author\":{\"@id\":\"https:\/\/www.sansofestay.com\/blog\/de\/#\/schema\/person\/c206c4732c6fd34c0667c8566b602cd6\"},\"description\":\"Finden Sie die sch\u00f6nsten Ecken Teneriffas zum Fotografieren: Vulkanlandschaften, Str\u00e4nde und unvergessliche Sonnenunterg\u00e4nge.\",\"inLanguage\":\"de\",\"potentialAction\":[{\"@type\":\"ReadAction\",\"target\":[\"https:\/\/www.sansofestay.com\/blog\/de\/schoene-teneriffa-zum-fotografieren\/\"]}]},{\"@type\":\"ImageObject\",\"inLanguage\":\"de\",\"@id\":\"https:\/\/www.sansofestay.com\/blog\/de\/schoene-teneriffa-zum-fotografieren\/#primaryimage\",\"url\":\"https:\/\/www.sansofestay.com\/blog\/wp-content\/uploads\/2025\/04\/sitios-fotos-tenerife-norte.jpg\",\"contentUrl\":\"https:\/\/www.sansofestay.com\/blog\/wp-content\/uploads\/2025\/04\/sitios-fotos-tenerife-norte.jpg\",\"width\":1920,\"height\":762,\"caption\":\"sitios fotos tenerife norte\"},{\"@type\":\"WebSite\",\"@id\":\"https:\/\/www.sansofestay.com\/blog\/de\/#website\",\"url\":\"https:\/\/www.sansofestay.com\/blog\/de\/\",\"name\":\"Urlaub auf Teneriffa Nord | Sansof\u00e9\",\"description\":\"Touristische Informationen \u00fcber die Insel Teneriffa. Entdecken Sie die Insel, die besten Gegenden, Aktivit\u00e4ten und Tipps.\",\"potentialAction\":[{\"@type\":\"SearchAction\",\"target\":{\"@type\":\"EntryPoint\",\"urlTemplate\":\"https:\/\/www.sansofestay.com\/blog\/de\/?s={search_term_string}\"},\"query-input\":{\"@type\":\"PropertyValueSpecification\",\"valueRequired\":true,\"valueName\":\"search_term_string\"}}],\"inLanguage\":\"de\"},{\"@type\":\"Person\",\"@id\":\"https:\/\/www.sansofestay.com\/blog\/de\/#\/schema\/person\/c206c4732c6fd34c0667c8566b602cd6\",\"name\":\"digitalservices@avantio.com\",\"image\":{\"@type\":\"ImageObject\",\"inLanguage\":\"de\",\"@id\":\"https:\/\/secure.gravatar.com\/avatar\/af30f88a1904294c1f3eb09a9d7903eec4ffa18fa2cf40c28a8681014ecdfc20?s=96&d=mm&r=g\",\"url\":\"https:\/\/secure.gravatar.com\/avatar\/af30f88a1904294c1f3eb09a9d7903eec4ffa18fa2cf40c28a8681014ecdfc20?s=96&d=mm&r=g\",\"contentUrl\":\"https:\/\/secure.gravatar.com\/avatar\/af30f88a1904294c1f3eb09a9d7903eec4ffa18fa2cf40c28a8681014ecdfc20?s=96&d=mm&r=g\",\"caption\":\"digitalservices@avantio.com\"},\"url\":\"https:\/\/www.sansofestay.com\/blog\/de\/author\/digitalservicesavantio-com\/\"}]}<\/script>\n<!-- \/ Yoast SEO plugin. -->","yoast_head_json":{"title":"Sch\u00f6ne Orte auf Teneriffa zum Fotografieren - Urlaub auf Teneriffa Nord | Sansof\u00e9","description":"Finden Sie die sch\u00f6nsten Ecken Teneriffas zum Fotografieren: Vulkanlandschaften, Str\u00e4nde und unvergessliche Sonnenunterg\u00e4nge.","robots":{"index":"index","follow":"follow","max-snippet":"max-snippet:-1","max-image-preview":"max-image-preview:large","max-video-preview":"max-video-preview:-1"},"canonical":"https:\/\/www.sansofestay.com\/blog\/de\/schoene-teneriffa-zum-fotografieren\/","og_locale":"de_DE","og_type":"article","og_title":"Sch\u00f6ne Orte auf Teneriffa zum Fotografieren - Urlaub auf Teneriffa Nord | Sansof\u00e9","og_description":"Finden Sie die sch\u00f6nsten Ecken Teneriffas zum Fotografieren: Vulkanlandschaften, Str\u00e4nde und unvergessliche Sonnenunterg\u00e4nge.","og_url":"https:\/\/www.sansofestay.com\/blog\/de\/schoene-teneriffa-zum-fotografieren\/","og_site_name":"Urlaub auf Teneriffa Nord | Sansof\u00e9","article_published_time":"2025-04-14T08:26:21+00:00","article_modified_time":"2025-04-29T13:56:02+00:00","og_image":[{"width":1920,"height":762,"url":"https:\/\/www.sansofestay.com\/blog\/wp-content\/uploads\/2025\/04\/sitios-fotos-tenerife-norte.jpg","type":"image\/jpeg"}],"author":"digitalservices@avantio.com","twitter_card":"summary_large_image","twitter_misc":{"Verfasst von":"digitalservices@avantio.com","Gesch\u00e4tzte Lesezeit":"7\u00a0Minuten"},"schema":{"@context":"https:\/\/schema.org","@graph":[{"@type":"Article","@id":"https:\/\/www.sansofestay.com\/blog\/de\/schoene-teneriffa-zum-fotografieren\/#article","isPartOf":{"@id":"https:\/\/www.sansofestay.com\/blog\/de\/schoene-teneriffa-zum-fotografieren\/"},"author":{"name":"digitalservices@avantio.com","@id":"https:\/\/www.sansofestay.com\/blog\/de\/#\/schema\/person\/c206c4732c6fd34c0667c8566b602cd6"},"headline":"Sch\u00f6ne Orte auf Teneriffa zum Fotografieren","datePublished":"2025-04-14T08:26:21+00:00","dateModified":"2025-04-29T13:56:02+00:00","mainEntityOfPage":{"@id":"https:\/\/www.sansofestay.com\/blog\/de\/schoene-teneriffa-zum-fotografieren\/"},"wordCount":987,"commentCount":0,"image":{"@id":"https:\/\/www.sansofestay.com\/blog\/de\/schoene-teneriffa-zum-fotografieren\/#primaryimage"},"thumbnailUrl":"https:\/\/www.sansofestay.com\/blog\/wp-content\/uploads\/2025\/04\/sitios-fotos-tenerife-norte.jpg","keywords":["No template"],"articleSection":["Aktivit\u00e4ten"],"inLanguage":"de","potentialAction":[{"@type":"CommentAction","name":"Comment","target":["https:\/\/www.sansofestay.com\/blog\/de\/schoene-teneriffa-zum-fotografieren\/#respond"]}]},{"@type":"WebPage","@id":"https:\/\/www.sansofestay.com\/blog\/de\/schoene-teneriffa-zum-fotografieren\/","url":"https:\/\/www.sansofestay.com\/blog\/de\/schoene-teneriffa-zum-fotografieren\/","name":"Sch\u00f6ne Orte auf Teneriffa zum Fotografieren - Urlaub auf Teneriffa Nord | Sansof\u00e9","isPartOf":{"@id":"https:\/\/www.sansofestay.com\/blog\/de\/#website"},"primaryImageOfPage":{"@id":"https:\/\/www.sansofestay.com\/blog\/de\/schoene-teneriffa-zum-fotografieren\/#primaryimage"},"image":{"@id":"https:\/\/www.sansofestay.com\/blog\/de\/schoene-teneriffa-zum-fotografieren\/#primaryimage"},"thumbnailUrl":"https:\/\/www.sansofestay.com\/blog\/wp-content\/uploads\/2025\/04\/sitios-fotos-tenerife-norte.jpg","datePublished":"2025-04-14T08:26:21+00:00","dateModified":"2025-04-29T13:56:02+00:00","author":{"@id":"https:\/\/www.sansofestay.com\/blog\/de\/#\/schema\/person\/c206c4732c6fd34c0667c8566b602cd6"},"description":"Finden Sie die sch\u00f6nsten Ecken Teneriffas zum Fotografieren: Vulkanlandschaften, Str\u00e4nde und unvergessliche Sonnenunterg\u00e4nge.","inLanguage":"de","potentialAction":[{"@type":"ReadAction","target":["https:\/\/www.sansofestay.com\/blog\/de\/schoene-teneriffa-zum-fotografieren\/"]}]},{"@type":"ImageObject","inLanguage":"de","@id":"https:\/\/www.sansofestay.com\/blog\/de\/schoene-teneriffa-zum-fotografieren\/#primaryimage","url":"https:\/\/www.sansofestay.com\/blog\/wp-content\/uploads\/2025\/04\/sitios-fotos-tenerife-norte.jpg","contentUrl":"https:\/\/www.sansofestay.com\/blog\/wp-content\/uploads\/2025\/04\/sitios-fotos-tenerife-norte.jpg","width":1920,"height":762,"caption":"sitios fotos tenerife norte"},{"@type":"WebSite","@id":"https:\/\/www.sansofestay.com\/blog\/de\/#website","url":"https:\/\/www.sansofestay.com\/blog\/de\/","name":"Urlaub auf Teneriffa Nord | Sansof\u00e9","description":"Touristische Informationen \u00fcber die Insel Teneriffa. Entdecken Sie die Insel, die besten Gegenden, Aktivit\u00e4ten und Tipps.","potentialAction":[{"@type":"SearchAction","target":{"@type":"EntryPoint","urlTemplate":"https:\/\/www.sansofestay.com\/blog\/de\/?s={search_term_string}"},"query-input":{"@type":"PropertyValueSpecification","valueRequired":true,"valueName":"search_term_string"}}],"inLanguage":"de"},{"@type":"Person","@id":"https:\/\/www.sansofestay.com\/blog\/de\/#\/schema\/person\/c206c4732c6fd34c0667c8566b602cd6","name":"digitalservices@avantio.com","image":{"@type":"ImageObject","inLanguage":"de","@id":"https:\/\/secure.gravatar.com\/avatar\/af30f88a1904294c1f3eb09a9d7903eec4ffa18fa2cf40c28a8681014ecdfc20?s=96&d=mm&r=g","url":"https:\/\/secure.gravatar.com\/avatar\/af30f88a1904294c1f3eb09a9d7903eec4ffa18fa2cf40c28a8681014ecdfc20?s=96&d=mm&r=g","contentUrl":"https:\/\/secure.gravatar.com\/avatar\/af30f88a1904294c1f3eb09a9d7903eec4ffa18fa2cf40c28a8681014ecdfc20?s=96&d=mm&r=g","caption":"digitalservices@avantio.com"},"url":"https:\/\/www.sansofestay.com\/blog\/de\/author\/digitalservicesavantio-com\/"}]}},"_pingme":"1","_encloseme":"1","_top_nav_excluded":"","_cms_nav_minihome":"","_last_translation_edit_mode":"native-editor","_edit_last":"3","_wpml_media_featured":"1","_wpml_media_duplicate":"1","_edit_lock":"1745934964:3","_wpml_word_count":"1091","_yoast_wpseo_estimated-reading-time-minutes":"7","_yoast_wpseo_meta-robots-noindex":"","_yoast_wpseo_meta-robots-nofollow":"","_yoast_wpseo_wordproof_timestamp":"","_yoast_wpseo_primary_category":"","_elementor_edit_mode":"builder","_elementor_template_type":"wp-post","_elementor_version":"3.28.3","_elementor_pro_version":"3.28.3","_wp_page_template":"default","_elementor_page_settings":{"page_template":"elementor_header_footer"},"_elementor_data":"[{\"id\":\"5ba3f8d2\",\"elType\":\"section\",\"settings\":[],\"elements\":[{\"id\":\"432845d6\",\"elType\":\"column\",\"settings\":{\"_column_size\":100,\"_inline_size\":null},\"elements\":[{\"id\":\"55ed1a1a\",\"elType\":\"widget\",\"settings\":{\"editor\":\"<p>Wenn Sie ein Liebhaber der Fotografie sind, ist dieser Artikel genau das Richtige f\\u00fcr Sie. Wenn dies nicht der Fall ist, Sie aber dennoch mehr \\u00fcber Teneriffa erfahren und diese paradiesische Insel besuchen m\\u00f6chten, lesen Sie bitte auch, was wir Ihnen zu erz\\u00e4hlen haben. Die Vulkanlandschaften, die sch\\u00f6nen Str\\u00e4nde, die bezaubernden D\\u00f6rfer und das Licht, das diese Atlantikinsel erhellt, sind mehr als Grund genug f\\u00fcr einen Besuch, besonders wenn Sie gerne Landschaftsfotografie betreiben.\\u00a0<\\\/p><p>Der Teide-Nationalpark ist aufgrund seiner spektakul\\u00e4ren Natur einer der offensichtlichsten H\\u00f6hepunkte, aber auch seine vielen Schluchten, der Drago Milenario und Los Gigantes sind weitere Punkte, die unsere Aufmerksamkeit verdienen. Teneriffa hat als Reiseziel viel zu bieten, und in diesem Artikel stellen wir Ihnen die sch\\u00f6nsten Orte auf Teneriffa zum Fotografieren vor und wecken gleichzeitig Ihre Lust, diese kanarische Insel zu besuchen.<\\\/p>\",\"text_color\":\"#7A7A7A\",\"typography_typography\":\"custom\",\"typography_font_family\":\"Maven Pro\",\"typography_font_size\":{\"unit\":\"px\",\"size\":18,\"sizes\":[]},\"typography_font_weight\":\"400\",\"align\":\"justify\",\"_margin\":{\"unit\":\"px\",\"top\":\"-15\",\"right\":\"0\",\"bottom\":\"0\",\"left\":\"0\",\"isLinked\":false}},\"elements\":[],\"widgetType\":\"text-editor\"}],\"isInner\":false}],\"isInner\":false},{\"id\":\"175efbac\",\"elType\":\"section\",\"settings\":[],\"elements\":[{\"id\":\"5112e3a7\",\"elType\":\"column\",\"settings\":{\"_column_size\":100,\"_inline_size\":null},\"elements\":[{\"id\":\"208d935b\",\"elType\":\"widget\",\"settings\":{\"title\":\"Inhaltsverzeichnis\",\"html_tag\":\"div\",\"headings_by_tags\":[\"h2\"],\"exclude_headings_by_selector\":[],\"border_radius\":{\"unit\":\"px\",\"size\":10,\"sizes\":[]},\"header_background_color\":\"#69775E\",\"header_text_color\":\"#FFFFFF\",\"no_headings_message\":\"No se ha encontrado ning\\u00fan encabezado en esta p\\u00e1gina.\"},\"elements\":[],\"widgetType\":\"table-of-contents\"}],\"isInner\":false}],\"isInner\":false},{\"id\":\"67d4b8b7\",\"elType\":\"section\",\"settings\":{\"margin\":{\"unit\":\"px\",\"top\":\"30\",\"right\":0,\"bottom\":\"0\",\"left\":0,\"isLinked\":false}},\"elements\":[{\"id\":\"7641075e\",\"elType\":\"column\",\"settings\":{\"_column_size\":100,\"_inline_size\":null},\"elements\":[{\"id\":\"6adcbf53\",\"elType\":\"widget\",\"settings\":{\"title\":\"Die fotogensten Ecken Teneriffas\\n\",\"title_color\":\"#69775E\",\"typography_typography\":\"custom\",\"typography_font_family\":\"Maven Pro\",\"typography_font_size\":{\"unit\":\"px\",\"size\":30,\"sizes\":[]},\"typography_font_weight\":\"700\"},\"elements\":[],\"widgetType\":\"heading\"},{\"id\":\"8080773\",\"elType\":\"widget\",\"settings\":{\"editor\":\"<p>Kommen wir zur Sache. Hier sind einige der sch\\u00f6nsten Orte auf Teneriffa, um Fotos zu machen, aber auch, um die Ruhe zu genie\\u00dfen, eine einzigartige Gastronomie zu probieren und mit der Natur und der Geschichte in Kontakt zu kommen.<\\\/p>\",\"text_color\":\"#7A7A7A\",\"typography_typography\":\"custom\",\"typography_font_family\":\"Maven Pro\",\"typography_font_size\":{\"unit\":\"px\",\"size\":18,\"sizes\":[]},\"typography_font_weight\":\"400\",\"align\":\"justify\",\"_margin\":{\"unit\":\"px\",\"top\":\"-15\",\"right\":\"0\",\"bottom\":\"0\",\"left\":\"0\",\"isLinked\":false}},\"elements\":[],\"widgetType\":\"text-editor\"}],\"isInner\":false}],\"isInner\":false},{\"id\":\"d36833d\",\"elType\":\"section\",\"settings\":{\"margin\":{\"unit\":\"px\",\"top\":\"20\",\"right\":0,\"bottom\":\"0\",\"left\":0,\"isLinked\":false},\"structure\":\"20\"},\"elements\":[{\"id\":\"35335792\",\"elType\":\"column\",\"settings\":{\"_column_size\":50,\"_inline_size\":null},\"elements\":[{\"id\":\"72a24d7a\",\"elType\":\"widget\",\"settings\":{\"title\":\"Teide-Nationalpark\\n\",\"header_size\":\"h3\",\"title_color\":\"#69775E\",\"typography_typography\":\"custom\",\"typography_font_family\":\"Maven Pro\",\"typography_font_size\":{\"unit\":\"px\",\"size\":20,\"sizes\":[]},\"typography_font_weight\":\"700\"},\"elements\":[],\"widgetType\":\"heading\"},{\"id\":\"10572b99\",\"elType\":\"widget\",\"settings\":{\"editor\":\"<p>Wenn Sie den Teide-Nationalpark besuchen, der zu den wichtigsten Sehensw\\u00fcrdigkeiten Teneriffas geh\\u00f6rt, werden Sie sich aufgrund der vulkanischen Landschaften und der schieren Gr\\u00f6\\u00dfe des Ortes vielleicht wie auf einem anderen Planeten f\\u00fchlen. Es ist ein Ort von enormem geologischem Interesse und au\\u00dferdem einer der sch\\u00f6nsten Locations auf Teneriffa, um Fotos zu machen.<\\\/p>\",\"text_color\":\"#7A7A7A\",\"typography_typography\":\"custom\",\"typography_font_family\":\"Maven Pro\",\"typography_font_size\":{\"unit\":\"px\",\"size\":18,\"sizes\":[]},\"typography_font_weight\":\"400\",\"align\":\"justify\",\"_margin\":{\"unit\":\"px\",\"top\":\"-15\",\"right\":\"0\",\"bottom\":\"0\",\"left\":\"0\",\"isLinked\":false}},\"elements\":[],\"widgetType\":\"text-editor\"}],\"isInner\":false},{\"id\":\"eedc850\",\"elType\":\"column\",\"settings\":{\"_column_size\":50,\"_inline_size\":null},\"elements\":[{\"id\":\"4674569\",\"elType\":\"widget\",\"settings\":{\"title\":\"Los Gigantes\",\"header_size\":\"h3\",\"title_color\":\"#69775E\",\"typography_typography\":\"custom\",\"typography_font_family\":\"Maven Pro\",\"typography_font_size\":{\"unit\":\"px\",\"size\":20,\"sizes\":[]},\"typography_font_weight\":\"700\"},\"elements\":[],\"widgetType\":\"heading\"},{\"id\":\"d969eaf\",\"elType\":\"widget\",\"settings\":{\"editor\":\"<p>Diese Klippen sind bis zu 600 Meter hoch und k\\u00f6nnen vom Land aus besichtigt werden, aber viel interessanter ist es, sie bei einer Bootsfahrt zu erkunden. F\\u00fcr Fotos ist es vielleicht eine gute Idee, die verschiedenen m\\u00f6glichen Perspektiven einzufangen.<\\\/p>\",\"text_color\":\"#7A7A7A\",\"typography_typography\":\"custom\",\"typography_font_family\":\"Maven Pro\",\"typography_font_size\":{\"unit\":\"px\",\"size\":18,\"sizes\":[]},\"typography_font_weight\":\"400\",\"align\":\"justify\",\"_margin\":{\"unit\":\"px\",\"top\":\"-15\",\"right\":\"0\",\"bottom\":\"0\",\"left\":\"0\",\"isLinked\":false}},\"elements\":[],\"widgetType\":\"text-editor\"}],\"isInner\":false}],\"isInner\":false},{\"id\":\"87d8a5e\",\"elType\":\"section\",\"settings\":{\"margin\":{\"unit\":\"px\",\"top\":\"20\",\"right\":0,\"bottom\":\"0\",\"left\":0,\"isLinked\":false}},\"elements\":[{\"id\":\"31f98c3\",\"elType\":\"column\",\"settings\":{\"_column_size\":100,\"_inline_size\":null},\"elements\":[{\"id\":\"8b05717\",\"elType\":\"widget\",\"settings\":{\"image\":{\"url\":\"https:\\\/\\\/www.sansofestay.com\\\/blog\\\/wp-content\\\/uploads\\\/2024\\\/07\\\/teide-norte-tenerife.jpg\",\"id\":1677,\"size\":\"\",\"alt\":\"teide norte tenerife\",\"source\":\"library\"},\"image_size\":\"full\"},\"elements\":[],\"widgetType\":\"image\"}],\"isInner\":false}],\"isInner\":false},{\"id\":\"a8c9ba9\",\"elType\":\"section\",\"settings\":{\"margin\":{\"unit\":\"px\",\"top\":\"20\",\"right\":0,\"bottom\":\"0\",\"left\":0,\"isLinked\":false},\"structure\":\"30\"},\"elements\":[{\"id\":\"e9ebd88\",\"elType\":\"column\",\"settings\":{\"_column_size\":33,\"_inline_size\":null},\"elements\":[{\"id\":\"5fbdcc8\",\"elType\":\"widget\",\"settings\":{\"title\":\"La Laguna\",\"header_size\":\"h3\",\"title_color\":\"#69775E\",\"typography_typography\":\"custom\",\"typography_font_family\":\"Maven Pro\",\"typography_font_size\":{\"unit\":\"px\",\"size\":20,\"sizes\":[]},\"typography_font_weight\":\"700\"},\"elements\":[],\"widgetType\":\"heading\"},{\"id\":\"395d9a3\",\"elType\":\"widget\",\"settings\":{\"editor\":\"<p>Die Kolonialstadt San Crist\\u00f3bal de La Laguna geh\\u00f6rt zum UNESCO-Weltkulturerbe und beherbergt ein wundersch\\u00f6nes architektonisches Ensemble mit bezaubernden Pl\\u00e4tzen und bunten H\\u00e4usern, weshalb sie zu den sch\\u00f6nsten Orten im Norden Teneriffas z\\u00e4hlt.<\\\/p>\",\"text_color\":\"#7A7A7A\",\"typography_typography\":\"custom\",\"typography_font_family\":\"Maven Pro\",\"typography_font_size\":{\"unit\":\"px\",\"size\":18,\"sizes\":[]},\"typography_font_weight\":\"400\",\"align\":\"justify\",\"_margin\":{\"unit\":\"px\",\"top\":\"-15\",\"right\":\"0\",\"bottom\":\"0\",\"left\":\"0\",\"isLinked\":false}},\"elements\":[],\"widgetType\":\"text-editor\"}],\"isInner\":false},{\"id\":\"9c892bf\",\"elType\":\"column\",\"settings\":{\"_column_size\":33,\"_inline_size\":null},\"elements\":[{\"id\":\"269aee8\",\"elType\":\"widget\",\"settings\":{\"title\":\"Playa de Benijo\",\"header_size\":\"h3\",\"title_color\":\"#69775E\",\"typography_typography\":\"custom\",\"typography_font_family\":\"Maven Pro\",\"typography_font_size\":{\"unit\":\"px\",\"size\":20,\"sizes\":[]},\"typography_font_weight\":\"700\"},\"elements\":[],\"widgetType\":\"heading\"},{\"id\":\"85fbc42\",\"elType\":\"widget\",\"settings\":{\"editor\":\"<p>Natur pur. Das finden Sie am weitl\\u00e4ufigen Playa de Benijo mit seinem schwarzen Vulkansand, den Klippen und einem der sch\\u00f6nsten Sonnenunterg\\u00e4nge der Insel.<\\\/p>\",\"text_color\":\"#7A7A7A\",\"typography_typography\":\"custom\",\"typography_font_family\":\"Maven Pro\",\"typography_font_size\":{\"unit\":\"px\",\"size\":18,\"sizes\":[]},\"typography_font_weight\":\"400\",\"align\":\"justify\",\"_margin\":{\"unit\":\"px\",\"top\":\"-15\",\"right\":\"0\",\"bottom\":\"0\",\"left\":\"0\",\"isLinked\":false}},\"elements\":[],\"widgetType\":\"text-editor\"}],\"isInner\":false},{\"id\":\"6fc3226\",\"elType\":\"column\",\"settings\":{\"_column_size\":33,\"_inline_size\":null},\"elements\":[{\"id\":\"b962a37\",\"elType\":\"widget\",\"settings\":{\"title\":\"Masca\",\"header_size\":\"h3\",\"title_color\":\"#69775E\",\"typography_typography\":\"custom\",\"typography_font_family\":\"Maven Pro\",\"typography_font_size\":{\"unit\":\"px\",\"size\":20,\"sizes\":[]},\"typography_font_weight\":\"700\"},\"elements\":[],\"widgetType\":\"heading\"},{\"id\":\"5254cc6\",\"elType\":\"widget\",\"settings\":{\"editor\":\"<p>Wir fahren ins Landesinnere, um einen der sch\\u00f6nsten Fotospots Teneriffas zu entdecken, ein zwischen Schluchten gelegenes Dorf mit exotischer Vegetation und Meerblick. Es empfiehlt sich, diesen Ort bei Sonnenaufgang zu besuchen.<\\\/p>\",\"text_color\":\"#7A7A7A\",\"typography_typography\":\"custom\",\"typography_font_family\":\"Maven Pro\",\"typography_font_size\":{\"unit\":\"px\",\"size\":18,\"sizes\":[]},\"typography_font_weight\":\"400\",\"align\":\"justify\",\"_margin\":{\"unit\":\"px\",\"top\":\"-15\",\"right\":\"0\",\"bottom\":\"0\",\"left\":\"0\",\"isLinked\":false}},\"elements\":[],\"widgetType\":\"text-editor\"}],\"isInner\":false}],\"isInner\":false},{\"id\":\"e8b3cd0\",\"elType\":\"section\",\"settings\":{\"margin\":{\"unit\":\"px\",\"top\":\"20\",\"right\":0,\"bottom\":\"0\",\"left\":0,\"isLinked\":false}},\"elements\":[{\"id\":\"90ce962\",\"elType\":\"column\",\"settings\":{\"_column_size\":100,\"_inline_size\":null},\"elements\":[{\"id\":\"fb29f28\",\"elType\":\"widget\",\"settings\":{\"image\":{\"url\":\"https:\\\/\\\/www.sansofestay.com\\\/blog\\\/wp-content\\\/uploads\\\/2025\\\/04\\\/Playa-de-Benijo.jpg\",\"id\":2400}},\"elements\":[],\"widgetType\":\"image\"}],\"isInner\":false}],\"isInner\":false},{\"id\":\"9e0bc98\",\"elType\":\"section\",\"settings\":{\"margin\":{\"unit\":\"px\",\"top\":\"30\",\"right\":0,\"bottom\":\"0\",\"left\":0,\"isLinked\":false}},\"elements\":[{\"id\":\"6dbc8a50\",\"elType\":\"column\",\"settings\":{\"_column_size\":100,\"_inline_size\":null},\"elements\":[{\"id\":\"beb2956\",\"elType\":\"widget\",\"settings\":{\"title\":\"Unverzichtbare Aussichtspunkte und Landschaften\\n\",\"title_color\":\"#69775E\",\"typography_typography\":\"custom\",\"typography_font_family\":\"Maven Pro\",\"typography_font_size\":{\"unit\":\"px\",\"size\":30,\"sizes\":[]},\"typography_font_weight\":\"700\"},\"elements\":[],\"widgetType\":\"heading\"},{\"id\":\"8cf1c5b\",\"elType\":\"widget\",\"settings\":{\"editor\":\"<p>Diese Insel ist voller Aussichtspunkte \\u00a0(span. miradores), und das ist ein Wunder f\\u00fcr Liebhaber sch\\u00f6ner Landschaften sowie f\\u00fcr Fotografen, ob Profis oder Amateure. Hier sind einige unserer Favoriten.<\\\/p>\",\"text_color\":\"#7A7A7A\",\"typography_typography\":\"custom\",\"typography_font_family\":\"Maven Pro\",\"typography_font_size\":{\"unit\":\"px\",\"size\":18,\"sizes\":[]},\"typography_font_weight\":\"400\",\"align\":\"justify\",\"_margin\":{\"unit\":\"px\",\"top\":\"-15\",\"right\":\"0\",\"bottom\":\"0\",\"left\":\"0\",\"isLinked\":false}},\"elements\":[],\"widgetType\":\"text-editor\"}],\"isInner\":false}],\"isInner\":false},{\"id\":\"e49a9a0\",\"elType\":\"section\",\"settings\":{\"margin\":{\"unit\":\"px\",\"top\":\"20\",\"right\":0,\"bottom\":\"0\",\"left\":0,\"isLinked\":false},\"structure\":\"40\"},\"elements\":[{\"id\":\"61b87a7\",\"elType\":\"column\",\"settings\":{\"_column_size\":25,\"_inline_size\":null},\"elements\":[{\"id\":\"17df6ed\",\"elType\":\"widget\",\"settings\":{\"title\":\"Mirador de Jardina\",\"header_size\":\"h3\",\"title_color\":\"#69775E\",\"typography_typography\":\"custom\",\"typography_font_family\":\"Maven Pro\",\"typography_font_size\":{\"unit\":\"px\",\"size\":20,\"sizes\":[]},\"typography_font_weight\":\"700\"},\"elements\":[],\"widgetType\":\"heading\"},{\"id\":\"f6d360b\",\"elType\":\"widget\",\"settings\":{\"editor\":\"<p>Ein perfekter Ort zum Fotografieren und Beobachten des Tals von La Laguna. Bei gutem Wetter kann man sogar den Teide sehen. Gutes Licht, klare Sicht und viel nat\\u00fcrliche Sch\\u00f6nheit.<\\\/p>\",\"text_color\":\"#7A7A7A\",\"typography_typography\":\"custom\",\"typography_font_family\":\"Maven Pro\",\"typography_font_size\":{\"unit\":\"px\",\"size\":18,\"sizes\":[]},\"typography_font_weight\":\"400\",\"align\":\"justify\",\"_margin\":{\"unit\":\"px\",\"top\":\"-15\",\"right\":\"0\",\"bottom\":\"0\",\"left\":\"0\",\"isLinked\":false}},\"elements\":[],\"widgetType\":\"text-editor\"}],\"isInner\":false},{\"id\":\"6f74763\",\"elType\":\"column\",\"settings\":{\"_column_size\":25,\"_inline_size\":null},\"elements\":[{\"id\":\"774135e\",\"elType\":\"widget\",\"settings\":{\"title\":\"Mirador de Chipeque\",\"header_size\":\"h3\",\"title_color\":\"#69775E\",\"typography_typography\":\"custom\",\"typography_font_family\":\"Maven Pro\",\"typography_font_size\":{\"unit\":\"px\",\"size\":20,\"sizes\":[]},\"typography_font_weight\":\"700\"},\"elements\":[],\"widgetType\":\"heading\"},{\"id\":\"aaf1e01\",\"elType\":\"widget\",\"settings\":{\"editor\":\"<p>Von hier aus kann man an manchen Tagen den Teide \\u00fcber den Wolken sehen, und der Himmel bei Sonnenuntergang bietet atemberaubende Farben. Es ist einer der sch\\u00f6nsten Orte auf Teneriffa, um Fotos zu machen.<\\\/p>\",\"text_color\":\"#7A7A7A\",\"typography_typography\":\"custom\",\"typography_font_family\":\"Maven Pro\",\"typography_font_size\":{\"unit\":\"px\",\"size\":18,\"sizes\":[]},\"typography_font_weight\":\"400\",\"align\":\"justify\",\"_margin\":{\"unit\":\"px\",\"top\":\"-15\",\"right\":\"0\",\"bottom\":\"0\",\"left\":\"0\",\"isLinked\":false}},\"elements\":[],\"widgetType\":\"text-editor\"}],\"isInner\":false},{\"id\":\"2f5f27c\",\"elType\":\"column\",\"settings\":{\"_column_size\":25,\"_inline_size\":null},\"elements\":[{\"id\":\"a5624d7\",\"elType\":\"widget\",\"settings\":{\"title\":\"Mirador de Humboldt\",\"header_size\":\"h3\",\"title_color\":\"#69775E\",\"typography_typography\":\"custom\",\"typography_font_family\":\"Maven Pro\",\"typography_font_size\":{\"unit\":\"px\",\"size\":20,\"sizes\":[]},\"typography_font_weight\":\"700\"},\"elements\":[],\"widgetType\":\"heading\"},{\"id\":\"29581ee\",\"elType\":\"widget\",\"settings\":{\"editor\":\"<p>Der Wissenschaftler Alexander von Humboldt war von der Aussicht von diesem Ort so begeistert, dass er sie in seinen Reiseberichten festhielt, weshalb dieser Aussichtspunkt seinen Namen tr\\u00e4gt. Er ist perfekt, um das Orotava-Tal zu betrachten.<\\\/p>\",\"text_color\":\"#7A7A7A\",\"typography_typography\":\"custom\",\"typography_font_family\":\"Maven Pro\",\"typography_font_size\":{\"unit\":\"px\",\"size\":18,\"sizes\":[]},\"typography_font_weight\":\"400\",\"align\":\"justify\",\"_margin\":{\"unit\":\"px\",\"top\":\"-15\",\"right\":\"0\",\"bottom\":\"0\",\"left\":\"0\",\"isLinked\":false}},\"elements\":[],\"widgetType\":\"text-editor\"}],\"isInner\":false},{\"id\":\"81df879\",\"elType\":\"column\",\"settings\":{\"_column_size\":25,\"_inline_size\":null},\"elements\":[{\"id\":\"9f0fd01\",\"elType\":\"widget\",\"settings\":{\"title\":\"Mirador de Pico del Ingl\\u00e9s\",\"header_size\":\"h3\",\"title_color\":\"#69775E\",\"typography_typography\":\"custom\",\"typography_font_family\":\"Maven Pro\",\"typography_font_size\":{\"unit\":\"px\",\"size\":20,\"sizes\":[]},\"typography_font_weight\":\"700\"},\"elements\":[],\"widgetType\":\"heading\"},{\"id\":\"667c8bd\",\"elType\":\"widget\",\"settings\":{\"editor\":\"<p>Anaga ist ein wundersch\\u00f6ner Ort mit einer einzigartigen nat\\u00fcrlichen Sch\\u00f6nheit, und dieser Aussichtspunkt ist eine fantastische M\\u00f6glichkeit, diese zu genie\\u00dfen. Von hier aus kann man Santa Cruz, den Teide sowie Gran Canaria und La Palma sehen. Es ist einer der sch\\u00f6nsten Orte im Norden Teneriffas zum Fotografieren.<\\\/p>\",\"text_color\":\"#7A7A7A\",\"typography_typography\":\"custom\",\"typography_font_family\":\"Maven Pro\",\"typography_font_size\":{\"unit\":\"px\",\"size\":18,\"sizes\":[]},\"typography_font_weight\":\"400\",\"align\":\"justify\",\"_margin\":{\"unit\":\"px\",\"top\":\"-15\",\"right\":\"0\",\"bottom\":\"0\",\"left\":\"0\",\"isLinked\":false}},\"elements\":[],\"widgetType\":\"text-editor\"}],\"isInner\":false}],\"isInner\":false},{\"id\":\"4d42f73\",\"elType\":\"section\",\"settings\":{\"margin\":{\"unit\":\"px\",\"top\":\"20\",\"right\":0,\"bottom\":\"0\",\"left\":0,\"isLinked\":false},\"structure\":\"20\"},\"elements\":[{\"id\":\"8d67afc\",\"elType\":\"column\",\"settings\":{\"_column_size\":50,\"_inline_size\":null},\"elements\":[{\"id\":\"e8b834b\",\"elType\":\"widget\",\"settings\":{\"image\":{\"url\":\"https:\\\/\\\/www.sansofestay.com\\\/blog\\\/wp-content\\\/uploads\\\/2023\\\/07\\\/chipeque-mirador-tenerife-norte.jpg\",\"id\":569,\"size\":\"\",\"alt\":\"chipeque mirador tenerife norte\",\"source\":\"library\"}},\"elements\":[],\"widgetType\":\"image\"}],\"isInner\":false},{\"id\":\"e4523fc\",\"elType\":\"column\",\"settings\":{\"_column_size\":50,\"_inline_size\":null},\"elements\":[{\"id\":\"e84eda7\",\"elType\":\"widget\",\"settings\":{\"image\":{\"url\":\"https:\\\/\\\/www.sansofestay.com\\\/blog\\\/wp-content\\\/uploads\\\/2023\\\/07\\\/mirador-tenerife-norte-ortuno.jpg\",\"id\":565,\"size\":\"\",\"alt\":\"mirador tenerife norte ortu\\u00f1o\",\"source\":\"library\"}},\"elements\":[],\"widgetType\":\"image\"}],\"isInner\":false}],\"isInner\":false},{\"id\":\"4994513\",\"elType\":\"section\",\"settings\":{\"margin\":{\"unit\":\"px\",\"top\":\"30\",\"right\":0,\"bottom\":\"0\",\"left\":0,\"isLinked\":false}},\"elements\":[{\"id\":\"f2f5592\",\"elType\":\"column\",\"settings\":{\"_column_size\":100,\"_inline_size\":null},\"elements\":[{\"id\":\"efa82a4\",\"elType\":\"widget\",\"settings\":{\"title\":\"Die besten Tageszeiten, um die Sch\\u00f6nheit der Insel einzufangen\\n\",\"title_color\":\"#69775E\",\"typography_typography\":\"custom\",\"typography_font_family\":\"Maven Pro\",\"typography_font_size\":{\"unit\":\"px\",\"size\":30,\"sizes\":[]},\"typography_font_weight\":\"700\"},\"elements\":[],\"widgetType\":\"heading\"},{\"id\":\"4ceae69\",\"elType\":\"widget\",\"settings\":{\"editor\":\"<p>Wenn Sie gerne fotografieren, werden wir Ihnen nichts Neues erz\\u00e4hlen: Die besten Zeiten f\\u00fcr Fotos auf Teneriffa ist die Morgend\\u00e4mmerung, wenn die Nebelschwaden verschwinden und das Licht weich wird, und die goldene Stunde des Sonnenuntergangs, wenn die Sonne am tiefsten steht und alles auf ganz besondere Weise beleuchtet. Aber es gibt noch einen weiteren wichtigen Moment f\\u00fcr die Fotografie auf Teneriffa: die Nacht. Ja, Teneriffa ist dank der hervorragenden Sicht, die der Teide-Nationalpark und insbesondere sein Observatorium bieten, ein fantastischer Ort f\\u00fcr die Astrofotografie.<\\\/p>\",\"text_color\":\"#7A7A7A\",\"typography_typography\":\"custom\",\"typography_font_family\":\"Maven Pro\",\"typography_font_size\":{\"unit\":\"px\",\"size\":18,\"sizes\":[]},\"typography_font_weight\":\"400\",\"align\":\"justify\",\"_margin\":{\"unit\":\"px\",\"top\":\"-15\",\"right\":\"0\",\"bottom\":\"0\",\"left\":\"0\",\"isLinked\":false}},\"elements\":[],\"widgetType\":\"text-editor\"}],\"isInner\":false}],\"isInner\":false},{\"id\":\"ad0755b\",\"elType\":\"section\",\"settings\":{\"margin\":{\"unit\":\"px\",\"top\":\"30\",\"right\":0,\"bottom\":\"0\",\"left\":0,\"isLinked\":false}},\"elements\":[{\"id\":\"8938ebe\",\"elType\":\"column\",\"settings\":{\"_column_size\":100,\"_inline_size\":null},\"elements\":[{\"id\":\"1a43472\",\"elType\":\"widget\",\"settings\":{\"title\":\"Weitere interessante Aktivit\\u00e4ten auf Teneriffa\\n\",\"title_color\":\"#69775E\",\"typography_typography\":\"custom\",\"typography_font_family\":\"Maven Pro\",\"typography_font_size\":{\"unit\":\"px\",\"size\":30,\"sizes\":[]},\"typography_font_weight\":\"700\"},\"elements\":[],\"widgetType\":\"heading\"},{\"id\":\"8393ff3\",\"elType\":\"widget\",\"settings\":{\"editor\":\"<p>Wenn Sie auf der Suche nach weiteren Aktivit\\u00e4ten auf Teneriffa sind, finden Sie hier einige Vorschl\\u00e4ge, die Ihren Urlaub bereichern werden:<\\\/p>\",\"text_color\":\"#7A7A7A\",\"typography_typography\":\"custom\",\"typography_font_family\":\"Maven Pro\",\"typography_font_size\":{\"unit\":\"px\",\"size\":18,\"sizes\":[]},\"typography_font_weight\":\"400\",\"align\":\"justify\",\"_margin\":{\"unit\":\"px\",\"top\":\"-15\",\"right\":\"0\",\"bottom\":\"0\",\"left\":\"0\",\"isLinked\":false}},\"elements\":[],\"widgetType\":\"text-editor\"}],\"isInner\":false}],\"isInner\":false},{\"id\":\"ec81dfe\",\"elType\":\"section\",\"settings\":{\"margin\":{\"unit\":\"px\",\"top\":\"20\",\"right\":0,\"bottom\":\"0\",\"left\":0,\"isLinked\":false},\"structure\":\"30\"},\"elements\":[{\"id\":\"bfc5750\",\"elType\":\"column\",\"settings\":{\"_column_size\":33,\"_inline_size\":null},\"elements\":[{\"id\":\"23179a8\",\"elType\":\"widget\",\"settings\":{\"title\":\"Windsurfen\",\"header_size\":\"h3\",\"title_color\":\"#69775E\",\"typography_typography\":\"custom\",\"typography_font_family\":\"Maven Pro\",\"typography_font_size\":{\"unit\":\"px\",\"size\":20,\"sizes\":[]},\"typography_font_weight\":\"700\"},\"elements\":[],\"widgetType\":\"heading\"},{\"id\":\"dc4e305\",\"elType\":\"widget\",\"settings\":{\"editor\":\"<p>Haben Sie Lust, diesen unterhaltsamen Sport auszuprobieren? In einigen Gebieten der Insel herrschen ideale Bedingungen zum Windsurfen, weshalb sie von Sportlern aus aller Welt besucht wird.<\\\/p>\",\"text_color\":\"#7A7A7A\",\"typography_typography\":\"custom\",\"typography_font_family\":\"Maven Pro\",\"typography_font_size\":{\"unit\":\"px\",\"size\":18,\"sizes\":[]},\"typography_font_weight\":\"400\",\"align\":\"justify\",\"_margin\":{\"unit\":\"px\",\"top\":\"-15\",\"right\":\"0\",\"bottom\":\"0\",\"left\":\"0\",\"isLinked\":false}},\"elements\":[],\"widgetType\":\"text-editor\"}],\"isInner\":false},{\"id\":\"a112bf2\",\"elType\":\"column\",\"settings\":{\"_column_size\":33,\"_inline_size\":null},\"elements\":[{\"id\":\"a0a3a50\",\"elType\":\"widget\",\"settings\":{\"title\":\"Besuch einer Guachinche\\n\",\"header_size\":\"h3\",\"title_color\":\"#69775E\",\"typography_typography\":\"custom\",\"typography_font_family\":\"Maven Pro\",\"typography_font_size\":{\"unit\":\"px\",\"size\":20,\"sizes\":[]},\"typography_font_weight\":\"700\"},\"elements\":[],\"widgetType\":\"heading\"},{\"id\":\"51baf94\",\"elType\":\"widget\",\"settings\":{\"editor\":\"<p>Guachinches sind einfache, schlichte Restaurants, die manchmal in Landh\\u00e4usern oder Garagen untergebracht sind. Auch wenn es seltsam klingt, sind das hausgemachte Essen und der Wein aus eigenem Anbau oft k\\u00f6stlich.<\\\/p>\",\"text_color\":\"#7A7A7A\",\"typography_typography\":\"custom\",\"typography_font_family\":\"Maven Pro\",\"typography_font_size\":{\"unit\":\"px\",\"size\":18,\"sizes\":[]},\"typography_font_weight\":\"400\",\"align\":\"justify\",\"_margin\":{\"unit\":\"px\",\"top\":\"-15\",\"right\":\"0\",\"bottom\":\"0\",\"left\":\"0\",\"isLinked\":false}},\"elements\":[],\"widgetType\":\"text-editor\"}],\"isInner\":false},{\"id\":\"7870e80\",\"elType\":\"column\",\"settings\":{\"_column_size\":33,\"_inline_size\":null},\"elements\":[{\"id\":\"86f23d3\",\"elType\":\"widget\",\"settings\":{\"title\":\"Bootsfahrt zur Walbeobachtung\\n\",\"header_size\":\"h3\",\"title_color\":\"#69775E\",\"typography_typography\":\"custom\",\"typography_font_family\":\"Maven Pro\",\"typography_font_size\":{\"unit\":\"px\",\"size\":20,\"sizes\":[]},\"typography_font_weight\":\"700\"},\"elements\":[],\"widgetType\":\"heading\"},{\"id\":\"fbb1368\",\"elType\":\"widget\",\"settings\":{\"editor\":\"<p>Eine Bootsfahrt ist immer sch\\u00f6n, aber wenn man Pottwale und Delfine beobachten kann, ist das schon ein spektakul\\u00e4rer Plan. Es gibt viele Unternehmen, die solche und viele andere Ausfl\\u00fcge organisieren.<\\\/p>\",\"text_color\":\"#7A7A7A\",\"typography_typography\":\"custom\",\"typography_font_family\":\"Maven Pro\",\"typography_font_size\":{\"unit\":\"px\",\"size\":18,\"sizes\":[]},\"typography_font_weight\":\"400\",\"align\":\"justify\",\"_margin\":{\"unit\":\"px\",\"top\":\"-15\",\"right\":\"0\",\"bottom\":\"0\",\"left\":\"0\",\"isLinked\":false}},\"elements\":[],\"widgetType\":\"text-editor\"}],\"isInner\":false}],\"isInner\":false},{\"id\":\"5cab873\",\"elType\":\"section\",\"settings\":{\"margin\":{\"unit\":\"px\",\"top\":\"20\",\"right\":0,\"bottom\":\"0\",\"left\":0,\"isLinked\":false}},\"elements\":[{\"id\":\"2747c08\",\"elType\":\"column\",\"settings\":{\"_column_size\":100,\"_inline_size\":null},\"elements\":[{\"id\":\"b3127eb\",\"elType\":\"widget\",\"settings\":{\"image\":{\"url\":\"https:\\\/\\\/www.sansofestay.com\\\/blog\\\/wp-content\\\/uploads\\\/2024\\\/06\\\/guachinches-tenerife.jpg\",\"id\":1622,\"size\":\"\",\"alt\":\"guachinches-tenerife\",\"source\":\"library\"},\"image_size\":\"full\"},\"elements\":[],\"widgetType\":\"image\"}],\"isInner\":false}],\"isInner\":false},{\"id\":\"3fffd34\",\"elType\":\"section\",\"settings\":{\"margin\":{\"unit\":\"px\",\"top\":\"30\",\"right\":0,\"bottom\":\"0\",\"left\":0,\"isLinked\":false}},\"elements\":[{\"id\":\"b424f9f\",\"elType\":\"column\",\"settings\":{\"_column_size\":100,\"_inline_size\":null},\"elements\":[{\"id\":\"1eb1cfb\",\"elType\":\"widget\",\"settings\":{\"title\":\"Teneriffa ist ein Paradies f\\u00fcr Fotoliebhaber\\n\",\"title_color\":\"#69775E\",\"typography_typography\":\"custom\",\"typography_font_family\":\"Maven Pro\",\"typography_font_size\":{\"unit\":\"px\",\"size\":30,\"sizes\":[]},\"typography_font_weight\":\"700\"},\"elements\":[],\"widgetType\":\"heading\"},{\"id\":\"6869fea\",\"elType\":\"widget\",\"settings\":{\"editor\":\"<p>Entdecken Sie Teneriffa, eine Insel, die viel mehr zu bieten hat, als man auf den ersten Blick sieht. Sie werden einzigartige Landschaften, eine reiche Kultur und Geschichte, eine k\\u00f6stliche Gastronomie und Aktivit\\u00e4ten f\\u00fcr jeden Geschmack finden. F\\u00fcr Fotografen ist es einer der fotogensten Orte Spaniens. Sie k\\u00f6nnen Vulkane, Schluchten, das Meer, Str\\u00e4nde, farbenfrohe D\\u00f6rfer und beeindruckende Ecken fotografieren.\\u00a0<\\\/p><p>Wenn Sie bereits Ihren n\\u00e4chsten Besuch planen, werfen Sie einen Blick auf das Unterkunftsangebot von Sansof\\u00e9 Stay auf Teneriffa, einem kleinen Komplex mit zehn H\\u00e4usern auf einer Bio-Avocadofarm in La Matanza de Acentejo, einem charmanten Dorf im Norden der Insel Teneriffa. Es ist der perfekte Ort f\\u00fcr einen entspannten Urlaub inmitten der Ruhe mit Blick auf den Teide und das Meer. Worauf warten Sie noch, um die sch\\u00f6nsten Orte Teneriffas zu besuchen und Fotos zu machen?<\\\/p>\",\"text_color\":\"#7A7A7A\",\"typography_typography\":\"custom\",\"typography_font_family\":\"Maven Pro\",\"typography_font_size\":{\"unit\":\"px\",\"size\":18,\"sizes\":[]},\"typography_font_weight\":\"400\",\"align\":\"justify\",\"_margin\":{\"unit\":\"px\",\"top\":\"-15\",\"right\":\"0\",\"bottom\":\"0\",\"left\":\"0\",\"isLinked\":false}},\"elements\":[],\"widgetType\":\"text-editor\"}],\"isInner\":false}],\"isInner\":false},{\"id\":\"3a0f7fc1\",\"elType\":\"section\",\"settings\":[],\"elements\":[{\"id\":\"16fb8ac3\",\"elType\":\"column\",\"settings\":{\"_column_size\":100,\"_inline_size\":null},\"elements\":[{\"id\":\"73466baa\",\"elType\":\"widget\",\"settings\":{\"shortcode\":\"[elementor-template id=\\\"2013\\\"]\"},\"elements\":[],\"widgetType\":\"shortcode\"}],\"isInner\":false}],\"isInner\":false}]","_yoast_wpseo_content_score":"90","_wpml_location_migration_done":"","_yoast_wpseo_metadesc":"Finden Sie die sch\u00f6nsten Ecken Teneriffas zum Fotografieren: Vulkanlandschaften, Str\u00e4nde und unvergessliche Sonnenunterg\u00e4nge.","_wpse_old_slug":"schoene-orte-auf-teneriffa-zum-fotografieren","_thumbnail_id":"2405","_yoast_wpseo_focuskw":"Teneriffas zum Fotografieren","_yoast_wpseo_title":"%%title%% %%page%% %%sep%% %%sitename%%","_yoast_wpseo_linkdex":"57","_elementor_controls_usage":{"text-editor":{"count":18,"control_percent":2,"controls":{"content":{"section_editor":{"editor":18}},"style":{"section_style":{"text_color":18,"typography_typography":18,"typography_font_family":18,"typography_font_size":18,"typography_font_weight":18,"align":18}},"advanced":{"_section_style":{"_margin":18}}}},"column":{"count":25,"control_percent":0,"controls":{"layout":{"layout":{"_inline_size":25}}}},"section":{"count":16,"control_percent":0,"controls":{"advanced":{"section_advanced":{"margin":13}},"layout":{"section_structure":{"structure":5}}}},"table-of-contents":{"count":1,"control_percent":1,"controls":{"content":{"table_of_contents":{"title":1,"html_tag":1,"headings_by_tags":1,"no_headings_message":1}},"style":{"box_style":{"border_radius":1},"header_style":{"header_background_color":1,"header_text_color":1}}}},"heading":{"count":17,"control_percent":1,"controls":{"content":{"section_title":{"title":17,"header_size":12}},"style":{"section_title_style":{"title_color":17,"typography_typography":17,"typography_font_family":17,"typography_font_size":17,"typography_font_weight":17}}}},"image":{"count":5,"control_percent":0,"controls":{"content":{"section_image":{"image":5,"image_size":2}}}},"shortcode":{"count":1,"control_percent":0,"controls":{"content":{"section_shortcode":{"shortcode":1}}}}},"_wp_old_slug":"schoene-orte-auf-teneriffa-zum-fotografieren","_elementor_template_widget_type":"","_elementor_popup_display_settings":"","_wpml_post_translation_editor_native":"","_wp_old_date":"","_oembed_73d8af3ba4596fb88a7f14b93e1916a9":"","_oembed_time_73d8af3ba4596fb88a7f14b93e1916a9":"","_oembed_f9dc1bf2ed4539093f877876c5bac98e":"","_links":{"self":[{"href":"https:\/\/www.sansofestay.com\/blog\/de\/wp-json\/wp\/v2\/posts\/2438","targetHints":{"allow":["GET"]}}],"collection":[{"href":"https:\/\/www.sansofestay.com\/blog\/de\/wp-json\/wp\/v2\/posts"}],"about":[{"href":"https:\/\/www.sansofestay.com\/blog\/de\/wp-json\/wp\/v2\/types\/post"}],"author":[{"embeddable":true,"href":"https:\/\/www.sansofestay.com\/blog\/de\/wp-json\/wp\/v2\/users\/3"}],"replies":[{"embeddable":true,"href":"https:\/\/www.sansofestay.com\/blog\/de\/wp-json\/wp\/v2\/comments?post=2438"}],"version-history":[{"count":10,"href":"https:\/\/www.sansofestay.com\/blog\/de\/wp-json\/wp\/v2\/posts\/2438\/revisions"}],"predecessor-version":[{"id":2541,"href":"https:\/\/www.sansofestay.com\/blog\/de\/wp-json\/wp\/v2\/posts\/2438\/revisions\/2541"}],"wp:featuredmedia":[{"embeddable":true,"href":"https:\/\/www.sansofestay.com\/blog\/de\/wp-json\/wp\/v2\/media\/2405"}],"wp:attachment":[{"href":"https:\/\/www.sansofestay.com\/blog\/de\/wp-json\/wp\/v2\/media?parent=2438"}],"wp:term":[{"taxonomy":"category","embeddable":true,"href":"https:\/\/www.sansofestay.com\/blog\/de\/wp-json\/wp\/v2\/categories?post=2438"}],"curies":[{"name":"wp","href":"https:\/\/api.w.org\/{rel}","templated":true}]}}