{"id":3590,"date":"2026-04-02T07:53:12","date_gmt":"2026-04-02T07:53:12","guid":{"rendered":"https:\/\/www.sansofestay.com\/blog\/naturpark-corona-forestal\/"},"modified":"2026-04-27T08:26:24","modified_gmt":"2026-04-27T08:26:24","slug":"naturpark-corona-forestal","status":"publish","type":"post","link":"https:\/\/www.sansofestay.com\/blog\/de\/naturpark-corona-forestal\/","title":{"rendered":"Der gr\u00fcne Ring des Teide: Erkunden Sie den Naturpark Corona Forestal"},"content":{"rendered":"\n<p>Wenn wir an Teneriffa und die Natur denken, kommt uns als Erstes der Nationalpark Teide in den Sinn. Der gr\u00f6\u00dfte Naturpark der Kanaren ist jedoch ein anderer: der Naturpark Corona Forestal, ein Schutzgebiet von enormer nat\u00fcrlicher Sch\u00f6nheit und gro\u00dfer Bedeutung f\u00fcr die Artenvielfalt, den Wasserhaushalt und das \u00f6kologische Gleichgewicht der Insel. <\/p>\n\n<p>Sein Name hat eine einfache, aber sch\u00f6ne Erkl\u00e4rung: Dieser Park fungiert wie eine Krone oder ein gr\u00fcner Ring um den Vulkan Teide und dient als Schutz f\u00fcr den Boden, die Fauna und die Flora der Region. Es handelt sich um mehr als 46.000 Hektar mit Kanarischen Kiefernw\u00e4ldern \u2013 ein Baum, der f\u00fcr seine Widerstandsf\u00e4higkeit gegen Br\u00e4nde und seine Anpassung an schwierige Bedingungen bekannt ist.  <\/p>\n\n<p>Entdecken Sie in diesem Artikel einen der beliebtesten Orte f\u00fcr Reisende, um auf Teneriffa zu wandern und sich mit der Natur zu verbinden.<\/p>\n\n<p><\/p>\n\n<h2 class=\"wp-block-heading\">Unverzichtbare Routen und Wanderwege im Naturpark Corona Forestal<\/h2>\n\n<p>Dies ist ein fantastischer Ort zum Wandern: Er verf\u00fcgt \u00fcber ein weitl\u00e4ufiges Wegenetz zwischen gr\u00fcnen W\u00e4ldern, vulkanischen Zonen und privilegierten Pl\u00e4tzen, die als einige der besten Aussichtspunkte der Insel dienen. Der Naturpark Corona Forestal ist der gr\u00f6\u00dfte Teneriffas, aber nicht der meistbesuchte, was Ihnen ein ruhigeres Erlebnis und eine intensivere Verbindung zur Natur garantiert. Es gibt Routen mit verschiedenen Schwierigkeitsgraden, die gr\u00f6\u00dftenteils gut ausgeschildert sind. Wagen Sie es also, Teneriffa auf eine ganz besondere Weise zu erkunden, oder werfen Sie einen Blick auf einige der <a href=\"https:\/\/www.sansofestay.com\/blog\/de\/die-unglaublichen-wanderwege-im-norden-teneriffas\/\">besten Wanderrouten<\/a> im Norden der Insel.  <\/p>\n\n<figure class=\"wp-block-image size-large\"><img fetchpriority=\"high\" decoding=\"async\" width=\"1360\" height=\"630\" src=\"https:\/\/www.sansofestay.com\/blog\/wp-content\/uploads\/2026\/04\/visitar-Parque-Natural-de-la-Corona-Forestal-1360x630.webp\" alt=\"\" class=\"wp-image-3579\"\/><\/figure>\n\n<h3 class=\"wp-block-heading\">Mondlandschaft von Vilaflor<\/h3>\n\n<p>Dies ist vielleicht die beliebteste Route im Naturpark Corona Forestal \u2013 ein einfacher Wanderweg, der uns zu einer einzigartigen Landschaft mit Felsformationen f\u00fchrt, die wie ein Teil des Mondes oder eines anderen Planeten wirken.<\/p>\n\n<h3 class=\"wp-block-heading\">Route ab Arafo<\/h3>\n\n<p>Wenn Sie in Arafo in Santa Cruz de Tenerife starten, finden Sie eine Route, die stetig bergauf bis zum h\u00f6chsten Teil des Parks f\u00fchrt. Dies vermittelt Ihnen das Gef\u00fchl, das Gel\u00e4nde zu bezwingen und zu beobachten, wie sich die Landschaften mit zunehmender H\u00f6he allm\u00e4hlich ver\u00e4ndern.<\/p>\n\n<h3 class=\"wp-block-heading\">Routen vom Naturpark Corona Forestal bis zum Teide<\/h3>\n\n<p>Es handelt sich um eine sehr anspruchsvolle Route, die nur f\u00fcr erfahrene Wanderer geeignet ist, aber es ist m\u00f6glich, von diesem Park bis zum <a href=\"https:\/\/www.sansofestay.com\/blog\/de\/nationalpark-teide\/\">Nationalpark Teide<\/a>, dem ber\u00fchmtesten Ort Teneriffas, zu wandern. So k\u00f6nnen Sie das Beste aus beiden Welten genie\u00dfen! <\/p>\n\n<figure class=\"wp-block-image size-large\"><img decoding=\"async\" width=\"1360\" height=\"630\" src=\"https:\/\/www.sansofestay.com\/blog\/wp-content\/uploads\/2026\/04\/Parque-Natural-de-la-Corona-Forestal-teide-1360x630.webp\" alt=\"\" class=\"wp-image-3582\"\/><\/figure>\n\n<h2 class=\"wp-block-heading\">Flora und Fauna des Naturparks Corona Forestal<\/h2>\n\n<p>Wenn wir \u00fcber Biodiversit\u00e4t sprechen, ist der Naturpark Corona Forestal ein unumg\u00e4nglicher Ort auf Teneriffa und den Kanarischen Inseln, da hier mehrere endemische Arten beheimatet sind, die sich perfekt an die Besonderheiten der Insel und ihrer Umgebung angepasst haben. An erster Stelle und als dominierende Art haben wir die gro\u00dfen W\u00e4lder der Kanarischen Kiefer \u2013 ein Baum, der die fantastische F\u00e4higkeit besitzt, nach einem Brand wieder auszutreiben, und der deshalb f\u00fcr dieses \u00d6kosystem unverzichtbar ist. Begleitet wird sie von anderen endemischen Arten, die den Monteverde bilden, ein feuchteres Waldgebiet, das durch Lorbeerwald und Fayal-Brezal (Gagelbaum-Heidebuschwald) gekennzeichnet ist.  <\/p>\n\n<p>Auch die Fauna ist aufgrund der einzigartigen Arten, die dieser Ort beherbergt, von gro\u00dfem Interesse: Teydefinken und Kanarenmeisen, die zwischen den Baumzweigen fliegen, sowie Kanareneidechsen und andere Reptilien, die sich zwischen den Wurzeln verstecken. In Bezug auf den Artenschutz ist der Naturpark Corona Forestal auf Teneriffa von gro\u00dfer Bedeutung. Schlie\u00dflich m\u00fcssen wir die fundamentale Rolle dieses Gebiets bei der Gewinnung und Speicherung von Wasser hervorheben, was zur Speisung der Aquiferen beitr\u00e4gt, die f\u00fcr diese Vulkaninsel so wichtig sind.  <\/p>\n\n<figure class=\"wp-block-image size-large\"><img decoding=\"async\" width=\"1360\" height=\"630\" src=\"https:\/\/www.sansofestay.com\/blog\/wp-content\/uploads\/2026\/04\/Parque-Natural-de-la-Corona-Forestal-tenerife-1360x630.webp\" alt=\"\" class=\"wp-image-3576\"\/><\/figure>\n\n<h2 class=\"wp-block-heading\">Wie besucht man den Naturpark Corona Forestal auf Teneriffa?<\/h2>\n\n<p>Sie werden keine Probleme haben, den Naturpark Corona Forestal zu besuchen, da er sehr gut mit vielen Punkten der Insel verbunden ist, wie zum Beispiel La Orotava oder Arafo. Zudem sind diese Stra\u00dfen Teil des Spektakels, mit ihren <a href=\"https:\/\/www.sansofestay.com\/blog\/de\/schoene-teneriffa-zum-fotografieren\/\">Aussichtspunkten<\/a> und Zugangspunkten zu verschiedenen Wanderwegen, die sich sehr lohnen. Die ideale Art der Anreise ist zweifellos mit dem Auto, damit Sie sich in Ihrem eigenen Tempo bewegen k\u00f6nnen, \u00fcberall hinkommen und die Flexibilit\u00e4t haben, Ihr Ziel jederzeit zu \u00e4ndern.  <\/p>\n\n<p>Eine weitere Option ist die Teilnahme an einem organisierten Ausflug, der Sie bequem zu den interessantesten Orten des Naturparks Corona Forestal auf Teneriffa f\u00fchrt, begleitet von erfahrenen Guides, die f\u00fcr die Sicherheit aller sorgen und ihr Wissen \u00fcber diesen fantastischen Ort teilen.<\/p>\n\n<iframe src=\"https:\/\/www.google.com\/maps\/embed?pb=!1m18!1m12!1m3!1d106898.70573086779!2d-16.613457001179235!3d28.25351950329873!2m3!1f0!2f0!3f0!3m2!1i1024!2i768!4f13.1!3m3!1m2!1s0xc6a83a3f443e189%3A0xa53b485eb9fd22d0!2sParque%20Natural%20Corona%20Forestal!5e1!3m2!1ses!2ses!4v1775114383945!5m2!1ses!2ses\" width=\"600\" height=\"450\" style=\"border:0;\" allowfullscreen=\"\" loading=\"lazy\" referrerpolicy=\"no-referrer-when-downgrade\"><\/iframe>\n\n<h3 class=\"wp-block-heading\">Praktische Tipps f\u00fcr Ihren Ausflug<\/h3>\n\n<p>Bevor Sie eine Reise in eine so unber\u00fchrte Umgebung wie den Naturpark Corona Forestal antreten, ist es wichtig, einige Dinge f\u00fcr ein positives Erlebnis zu beachten:<\/p>\n\n<ul class=\"wp-block-list\">\n<li>Dieser Park verf\u00fcgt \u00fcber Gebiete in gro\u00dfer H\u00f6he, weshalb das Wetter schnell umschlagen kann und die Temperaturen niedriger sind als in anderen Teilen der Insel.<\/li>\n\n\n\n<li>Es ist ratsam, eine zus\u00e4tzliche Kleidungsschicht mitzunehmen.<\/li>\n\n\n\n<li>Sobald Sie tiefer in den Park vordringen, werden Sie nicht viele Serviceeinrichtungen finden, daher sollten Sie ausreichend Wasser und etwas zu essen mitnehmen.<\/li>\n\n\n\n<li>Das Tragen von Wanderschuhen ist sehr wichtig, um unebenes Gel\u00e4nde zu bew\u00e4ltigen und Verletzungen an den F\u00fc\u00dfen zu vermeiden.<\/li>\n\n\n\n<li>Der Naturpark Corona Forestal verdient es, gut gepflegt zu werden: Bleiben Sie auf den Wegen, werfen Sie keinen M\u00fcll weg, beobachten Sie die Fauna und Flora aus angemessener Entfernung und respektieren Sie stets die vorhandenen Hinweisschilder.<\/li>\n<\/ul>\n\n<p>Wenn wir diese einfachen Tipps ber\u00fccksichtigen, k\u00f6nnen wir einzigartige Momente an diesem wundersch\u00f6nen Ort genie\u00dfen.<\/p>\n\n<figure class=\"wp-block-image size-large\"><img loading=\"lazy\" decoding=\"async\" width=\"1360\" height=\"630\" src=\"https:\/\/www.sansofestay.com\/blog\/wp-content\/uploads\/2026\/04\/Parque-Natural-de-la-Corona-Forestal-1360x630.webp\" alt=\"\" class=\"wp-image-3573\"\/><\/figure>\n\n<h2 class=\"wp-block-heading\">Entdecken Sie die Sch\u00f6nheit des Naturparks Corona Forestal<\/h2>\n\n<p>Ein Besuch im Naturpark Corona Forestal sollte eine unverzichtbare Aktivit\u00e4t f\u00fcr jeden Teneriffa-Reisenden sein. Obwohl er ein wenig im Schatten des Nationalparks Teide steht, hat er gute Gr\u00fcnde, unsere Aufmerksamkeit zu verdienen \u2013 und schlie\u00dflich: Warum nicht beide Orte besuchen? Beide sind auf ihre Weise fantastisch. Wenn Sie die Natur lieben und eine ruhige Umgebung mit weniger Touristen bevorzugen, sollte der Naturpark Corona Forestal fest in Ihren Pl\u00e4nen stehen.   <\/p>\n\n<p>Wenn Sie eine Reise zum Naturpark Corona Forestal auf Teneriffa planen, ben\u00f6tigen Sie einen Ort zum Ausruhen und Entspannen mit allem Komfort, den Sie verdienen. Bei <a href=\"https:\/\/www.sansofestay.com\/\">Sansof\u00e9 Stay<\/a> bieten wir fantastische Unterk\u00fcnfte zum besten Preis in einer ruhigen Umgebung mit Blick auf den Teide und das Meer. Sie k\u00f6nnen unkompliziert online buchen, und wir werden alles tun, um Ihnen das beste Erlebnis auf dieser magischen Insel zu bieten.  <\/p>\n\n<p><\/p>\n","protected":false},"excerpt":{"rendered":"<p>Wenn wir an Teneriffa und die Natur denken, kommt uns als Erstes der Nationalpark Teide in den Sinn. Der gr\u00f6\u00dfte&#8230;<\/p>\n","protected":false},"author":5,"featured_media":3581,"comment_status":"open","ping_status":"open","sticky":false,"template":"","format":"standard","meta":{"footnotes":""},"categories":[89,83],"class_list":["post-3590","post","type-post","status-publish","format-standard","has-post-thumbnail","hentry","category-routen","category-teneriffa-de"],"yoast_head":"<!-- This site is optimized with the Yoast SEO plugin v27.2 - https:\/\/yoast.com\/product\/yoast-seo-wordpress\/ -->\n<title>Der gr\u00fcne Ring des Teide: Erkunden Sie den Naturpark Corona Forestal - Urlaub auf Teneriffa Nord | Sansof\u00e9<\/title>\n<meta name=\"robots\" content=\"index, follow, max-snippet:-1, max-image-preview:large, max-video-preview:-1\" \/>\n<link rel=\"canonical\" href=\"https:\/\/www.sansofestay.com\/blog\/de\/naturpark-corona-forestal\/\" \/>\n<meta property=\"og:locale\" content=\"de_DE\" \/>\n<meta property=\"og:type\" content=\"article\" \/>\n<meta property=\"og:title\" content=\"Der gr\u00fcne Ring des Teide: Erkunden Sie den Naturpark Corona Forestal - Urlaub auf Teneriffa Nord | Sansof\u00e9\" \/>\n<meta property=\"og:description\" content=\"Wenn wir an Teneriffa und die Natur denken, kommt uns als Erstes der Nationalpark Teide in den Sinn. Der gr\u00f6\u00dfte...\" \/>\n<meta property=\"og:url\" content=\"https:\/\/www.sansofestay.com\/blog\/de\/naturpark-corona-forestal\/\" \/>\n<meta property=\"og:site_name\" content=\"Urlaub auf Teneriffa Nord | Sansof\u00e9\" \/>\n<meta property=\"article:published_time\" content=\"2026-04-02T07:53:12+00:00\" \/>\n<meta property=\"article:modified_time\" content=\"2026-04-27T08:26:24+00:00\" \/>\n<meta property=\"og:image\" content=\"https:\/\/www.sansofestay.com\/blog\/wp-content\/uploads\/2026\/04\/visitar-Parque-Natural-de-la-Corona-Forestal.webp\" \/>\n\t<meta property=\"og:image:width\" content=\"1360\" \/>\n\t<meta property=\"og:image:height\" content=\"765\" \/>\n\t<meta property=\"og:image:type\" content=\"image\/webp\" \/>\n<meta name=\"author\" content=\"Rui\" \/>\n<meta name=\"twitter:card\" content=\"summary_large_image\" \/>\n<meta name=\"twitter:label1\" content=\"Verfasst von\" \/>\n\t<meta name=\"twitter:data1\" content=\"Rui\" \/>\n\t<meta name=\"twitter:label2\" content=\"Gesch\u00e4tzte Lesezeit\" \/>\n\t<meta name=\"twitter:data2\" content=\"5\u00a0Minuten\" \/>\n<script type=\"application\/ld+json\" class=\"yoast-schema-graph\">{\"@context\":\"https:\/\/schema.org\",\"@graph\":[{\"@type\":\"Article\",\"@id\":\"https:\/\/www.sansofestay.com\/blog\/de\/naturpark-corona-forestal\/#article\",\"isPartOf\":{\"@id\":\"https:\/\/www.sansofestay.com\/blog\/de\/naturpark-corona-forestal\/\"},\"author\":{\"name\":\"Rui\",\"@id\":\"https:\/\/www.sansofestay.com\/blog\/de\/#\/schema\/person\/2011cadc7d09a39a534c68aecdf27ebe\"},\"headline\":\"Der gr\u00fcne Ring des Teide: Erkunden Sie den Naturpark Corona Forestal\",\"datePublished\":\"2026-04-02T07:53:12+00:00\",\"dateModified\":\"2026-04-27T08:26:24+00:00\",\"mainEntityOfPage\":{\"@id\":\"https:\/\/www.sansofestay.com\/blog\/de\/naturpark-corona-forestal\/\"},\"wordCount\":1065,\"commentCount\":0,\"image\":{\"@id\":\"https:\/\/www.sansofestay.com\/blog\/de\/naturpark-corona-forestal\/#primaryimage\"},\"thumbnailUrl\":\"https:\/\/www.sansofestay.com\/blog\/wp-content\/uploads\/2026\/04\/visitar-Parque-Natural-de-la-Corona-Forestal.webp\",\"articleSection\":[\"Routen\",\"Teneriffa\"],\"inLanguage\":\"de\",\"potentialAction\":[{\"@type\":\"CommentAction\",\"name\":\"Comment\",\"target\":[\"https:\/\/www.sansofestay.com\/blog\/de\/naturpark-corona-forestal\/#respond\"]}]},{\"@type\":\"WebPage\",\"@id\":\"https:\/\/www.sansofestay.com\/blog\/de\/naturpark-corona-forestal\/\",\"url\":\"https:\/\/www.sansofestay.com\/blog\/de\/naturpark-corona-forestal\/\",\"name\":\"Der gr\u00fcne Ring des Teide: Erkunden Sie den Naturpark Corona Forestal - Urlaub auf Teneriffa Nord | Sansof\u00e9\",\"isPartOf\":{\"@id\":\"https:\/\/www.sansofestay.com\/blog\/de\/#website\"},\"primaryImageOfPage\":{\"@id\":\"https:\/\/www.sansofestay.com\/blog\/de\/naturpark-corona-forestal\/#primaryimage\"},\"image\":{\"@id\":\"https:\/\/www.sansofestay.com\/blog\/de\/naturpark-corona-forestal\/#primaryimage\"},\"thumbnailUrl\":\"https:\/\/www.sansofestay.com\/blog\/wp-content\/uploads\/2026\/04\/visitar-Parque-Natural-de-la-Corona-Forestal.webp\",\"datePublished\":\"2026-04-02T07:53:12+00:00\",\"dateModified\":\"2026-04-27T08:26:24+00:00\",\"author\":{\"@id\":\"https:\/\/www.sansofestay.com\/blog\/de\/#\/schema\/person\/2011cadc7d09a39a534c68aecdf27ebe\"},\"inLanguage\":\"de\",\"potentialAction\":[{\"@type\":\"ReadAction\",\"target\":[\"https:\/\/www.sansofestay.com\/blog\/de\/naturpark-corona-forestal\/\"]}]},{\"@type\":\"ImageObject\",\"inLanguage\":\"de\",\"@id\":\"https:\/\/www.sansofestay.com\/blog\/de\/naturpark-corona-forestal\/#primaryimage\",\"url\":\"https:\/\/www.sansofestay.com\/blog\/wp-content\/uploads\/2026\/04\/visitar-Parque-Natural-de-la-Corona-Forestal.webp\",\"contentUrl\":\"https:\/\/www.sansofestay.com\/blog\/wp-content\/uploads\/2026\/04\/visitar-Parque-Natural-de-la-Corona-Forestal.webp\",\"width\":1360,\"height\":765},{\"@type\":\"WebSite\",\"@id\":\"https:\/\/www.sansofestay.com\/blog\/de\/#website\",\"url\":\"https:\/\/www.sansofestay.com\/blog\/de\/\",\"name\":\"Urlaub auf Teneriffa Nord | Sansof\u00e9\",\"description\":\"Touristische Informationen \u00fcber die Insel Teneriffa. Entdecken Sie die Insel, die besten Gegenden, Aktivit\u00e4ten und Tipps.\",\"potentialAction\":[{\"@type\":\"SearchAction\",\"target\":{\"@type\":\"EntryPoint\",\"urlTemplate\":\"https:\/\/www.sansofestay.com\/blog\/de\/?s={search_term_string}\"},\"query-input\":{\"@type\":\"PropertyValueSpecification\",\"valueRequired\":true,\"valueName\":\"search_term_string\"}}],\"inLanguage\":\"de\"},{\"@type\":\"Person\",\"@id\":\"https:\/\/www.sansofestay.com\/blog\/de\/#\/schema\/person\/2011cadc7d09a39a534c68aecdf27ebe\",\"name\":\"Rui\",\"image\":{\"@type\":\"ImageObject\",\"inLanguage\":\"de\",\"@id\":\"https:\/\/secure.gravatar.com\/avatar\/a38ee8cdbacfab6e36a7213a319aecff60b0580665839c1ae56aa02edbe73002?s=96&d=mm&r=g\",\"url\":\"https:\/\/secure.gravatar.com\/avatar\/a38ee8cdbacfab6e36a7213a319aecff60b0580665839c1ae56aa02edbe73002?s=96&d=mm&r=g\",\"contentUrl\":\"https:\/\/secure.gravatar.com\/avatar\/a38ee8cdbacfab6e36a7213a319aecff60b0580665839c1ae56aa02edbe73002?s=96&d=mm&r=g\",\"caption\":\"Rui\"},\"url\":\"https:\/\/www.sansofestay.com\/blog\/de\/author\/rui\/\"}]}<\/script>\n<!-- \/ Yoast SEO plugin. -->","yoast_head_json":{"title":"Der gr\u00fcne Ring des Teide: Erkunden Sie den Naturpark Corona Forestal - Urlaub auf Teneriffa Nord | Sansof\u00e9","robots":{"index":"index","follow":"follow","max-snippet":"max-snippet:-1","max-image-preview":"max-image-preview:large","max-video-preview":"max-video-preview:-1"},"canonical":"https:\/\/www.sansofestay.com\/blog\/de\/naturpark-corona-forestal\/","og_locale":"de_DE","og_type":"article","og_title":"Der gr\u00fcne Ring des Teide: Erkunden Sie den Naturpark Corona Forestal - Urlaub auf Teneriffa Nord | Sansof\u00e9","og_description":"Wenn wir an Teneriffa und die Natur denken, kommt uns als Erstes der Nationalpark Teide in den Sinn. Der gr\u00f6\u00dfte...","og_url":"https:\/\/www.sansofestay.com\/blog\/de\/naturpark-corona-forestal\/","og_site_name":"Urlaub auf Teneriffa Nord | Sansof\u00e9","article_published_time":"2026-04-02T07:53:12+00:00","article_modified_time":"2026-04-27T08:26:24+00:00","og_image":[{"width":1360,"height":765,"url":"https:\/\/www.sansofestay.com\/blog\/wp-content\/uploads\/2026\/04\/visitar-Parque-Natural-de-la-Corona-Forestal.webp","type":"image\/webp"}],"author":"Rui","twitter_card":"summary_large_image","twitter_misc":{"Verfasst von":"Rui","Gesch\u00e4tzte Lesezeit":"5\u00a0Minuten"},"schema":{"@context":"https:\/\/schema.org","@graph":[{"@type":"Article","@id":"https:\/\/www.sansofestay.com\/blog\/de\/naturpark-corona-forestal\/#article","isPartOf":{"@id":"https:\/\/www.sansofestay.com\/blog\/de\/naturpark-corona-forestal\/"},"author":{"name":"Rui","@id":"https:\/\/www.sansofestay.com\/blog\/de\/#\/schema\/person\/2011cadc7d09a39a534c68aecdf27ebe"},"headline":"Der gr\u00fcne Ring des Teide: Erkunden Sie den Naturpark Corona Forestal","datePublished":"2026-04-02T07:53:12+00:00","dateModified":"2026-04-27T08:26:24+00:00","mainEntityOfPage":{"@id":"https:\/\/www.sansofestay.com\/blog\/de\/naturpark-corona-forestal\/"},"wordCount":1065,"commentCount":0,"image":{"@id":"https:\/\/www.sansofestay.com\/blog\/de\/naturpark-corona-forestal\/#primaryimage"},"thumbnailUrl":"https:\/\/www.sansofestay.com\/blog\/wp-content\/uploads\/2026\/04\/visitar-Parque-Natural-de-la-Corona-Forestal.webp","articleSection":["Routen","Teneriffa"],"inLanguage":"de","potentialAction":[{"@type":"CommentAction","name":"Comment","target":["https:\/\/www.sansofestay.com\/blog\/de\/naturpark-corona-forestal\/#respond"]}]},{"@type":"WebPage","@id":"https:\/\/www.sansofestay.com\/blog\/de\/naturpark-corona-forestal\/","url":"https:\/\/www.sansofestay.com\/blog\/de\/naturpark-corona-forestal\/","name":"Der gr\u00fcne Ring des Teide: Erkunden Sie den Naturpark Corona Forestal - Urlaub auf Teneriffa Nord | Sansof\u00e9","isPartOf":{"@id":"https:\/\/www.sansofestay.com\/blog\/de\/#website"},"primaryImageOfPage":{"@id":"https:\/\/www.sansofestay.com\/blog\/de\/naturpark-corona-forestal\/#primaryimage"},"image":{"@id":"https:\/\/www.sansofestay.com\/blog\/de\/naturpark-corona-forestal\/#primaryimage"},"thumbnailUrl":"https:\/\/www.sansofestay.com\/blog\/wp-content\/uploads\/2026\/04\/visitar-Parque-Natural-de-la-Corona-Forestal.webp","datePublished":"2026-04-02T07:53:12+00:00","dateModified":"2026-04-27T08:26:24+00:00","author":{"@id":"https:\/\/www.sansofestay.com\/blog\/de\/#\/schema\/person\/2011cadc7d09a39a534c68aecdf27ebe"},"inLanguage":"de","potentialAction":[{"@type":"ReadAction","target":["https:\/\/www.sansofestay.com\/blog\/de\/naturpark-corona-forestal\/"]}]},{"@type":"ImageObject","inLanguage":"de","@id":"https:\/\/www.sansofestay.com\/blog\/de\/naturpark-corona-forestal\/#primaryimage","url":"https:\/\/www.sansofestay.com\/blog\/wp-content\/uploads\/2026\/04\/visitar-Parque-Natural-de-la-Corona-Forestal.webp","contentUrl":"https:\/\/www.sansofestay.com\/blog\/wp-content\/uploads\/2026\/04\/visitar-Parque-Natural-de-la-Corona-Forestal.webp","width":1360,"height":765},{"@type":"WebSite","@id":"https:\/\/www.sansofestay.com\/blog\/de\/#website","url":"https:\/\/www.sansofestay.com\/blog\/de\/","name":"Urlaub auf Teneriffa Nord | Sansof\u00e9","description":"Touristische Informationen \u00fcber die Insel Teneriffa. Entdecken Sie die Insel, die besten Gegenden, Aktivit\u00e4ten und Tipps.","potentialAction":[{"@type":"SearchAction","target":{"@type":"EntryPoint","urlTemplate":"https:\/\/www.sansofestay.com\/blog\/de\/?s={search_term_string}"},"query-input":{"@type":"PropertyValueSpecification","valueRequired":true,"valueName":"search_term_string"}}],"inLanguage":"de"},{"@type":"Person","@id":"https:\/\/www.sansofestay.com\/blog\/de\/#\/schema\/person\/2011cadc7d09a39a534c68aecdf27ebe","name":"Rui","image":{"@type":"ImageObject","inLanguage":"de","@id":"https:\/\/secure.gravatar.com\/avatar\/a38ee8cdbacfab6e36a7213a319aecff60b0580665839c1ae56aa02edbe73002?s=96&d=mm&r=g","url":"https:\/\/secure.gravatar.com\/avatar\/a38ee8cdbacfab6e36a7213a319aecff60b0580665839c1ae56aa02edbe73002?s=96&d=mm&r=g","contentUrl":"https:\/\/secure.gravatar.com\/avatar\/a38ee8cdbacfab6e36a7213a319aecff60b0580665839c1ae56aa02edbe73002?s=96&d=mm&r=g","caption":"Rui"},"url":"https:\/\/www.sansofestay.com\/blog\/de\/author\/rui\/"}]}},"_pingme":"1","_encloseme":"1","_top_nav_excluded":"","_cms_nav_minihome":"","_last_translation_edit_mode":"translation-editor","_edit_last":"","_wpml_media_featured":"","_wpml_media_duplicate":"","_edit_lock":"","_wpml_word_count":"1163","_yoast_wpseo_estimated-reading-time-minutes":"","_yoast_wpseo_meta-robots-noindex":"","_yoast_wpseo_meta-robots-nofollow":"","_yoast_wpseo_wordproof_timestamp":"","_yoast_wpseo_primary_category":51,"_elementor_edit_mode":"","_elementor_template_type":"wp-post","_elementor_version":"3.35.4","_elementor_pro_version":"","_wp_page_template":"default","_elementor_page_settings":{"page_template":"elementor_header_footer"},"_elementor_data":"[{\"id\":\"613c3a8d\",\"elType\":\"section\",\"settings\":[],\"elements\":[{\"id\":\"e611558\",\"elType\":\"column\",\"settings\":{\"_column_size\":100,\"_inline_size\":null},\"elements\":[{\"id\":\"2ac6f2e5\",\"elType\":\"widget\",\"settings\":{\"editor\":\"<p><span style=\\\"font-weight: 400;\\\">Cuando pensamos en Tenerife y en la naturaleza, lo primero que se nos viene a la mente es el Parque Nacional del Teide. Sin embargo, el parque natural m\\u00e1s grande de Canarias es otro: el Parque Natural de la Corona Forestal, un espacio protegido de enorme belleza natural y de gran importancia para la biodiversidad, la conservaci\\u00f3n del agua y el equilibrio ecol\\u00f3gico de la isla.<\\\/span><\\\/p><p><span style=\\\"font-weight: 400;\\\">Su nombre tiene una explicaci\\u00f3n sencilla pero preciosa: este parque funciona como una corona o anillo verde alrededor del volc\\u00e1n del Teide, actuando como protecci\\u00f3n del suelo, de la fauna y de la flora de la regi\\u00f3n. Son m\\u00e1s de 46.000 hect\\u00e1reas con bosques de pino canario, un \\u00e1rbol conocido por su resistencia a los incendios y su adaptaci\\u00f3n a condiciones dif\\u00edciles.\\u00a0<\\\/span><\\\/p><p><span style=\\\"font-weight: 400;\\\">Descubre en este art\\u00edculo uno de los lugares favoritos de los viajeros para practicar senderismo y conectar con la naturaleza en Tenerife.<\\\/span><\\\/p>\",\"text_color\":\"#7A7A7A\",\"typography_typography\":\"custom\",\"typography_font_family\":\"Maven Pro\",\"typography_font_size\":{\"unit\":\"px\",\"size\":18,\"sizes\":[]},\"typography_font_weight\":\"400\",\"align\":\"justify\",\"_margin\":{\"unit\":\"px\",\"top\":\"-15\",\"right\":\"0\",\"bottom\":\"0\",\"left\":\"0\",\"isLinked\":false}},\"elements\":[],\"widgetType\":\"text-editor\"}],\"isInner\":false}],\"isInner\":false},{\"id\":\"247d013e\",\"elType\":\"section\",\"settings\":[],\"elements\":[{\"id\":\"5bb65e43\",\"elType\":\"column\",\"settings\":{\"_column_size\":100,\"_inline_size\":null},\"elements\":[{\"id\":\"7ded182f\",\"elType\":\"widget\",\"settings\":{\"title\":\"\\u00cdNDICE\",\"html_tag\":\"div\",\"headings_by_tags\":[\"h2\"],\"exclude_headings_by_selector\":[],\"border_radius\":{\"unit\":\"px\",\"size\":10,\"sizes\":[]},\"header_background_color\":\"#69775E\",\"header_text_color\":\"#FFFFFF\",\"no_headings_message\":\"No se ha encontrado ning\\u00fan encabezado en esta p\\u00e1gina.\"},\"elements\":[],\"widgetType\":\"table-of-contents\"}],\"isInner\":false}],\"isInner\":false},{\"id\":\"2c7417e9\",\"elType\":\"section\",\"settings\":{\"margin\":{\"unit\":\"px\",\"top\":\"30\",\"right\":0,\"bottom\":\"0\",\"left\":0,\"isLinked\":false}},\"elements\":[{\"id\":\"5cf20a17\",\"elType\":\"column\",\"settings\":{\"_column_size\":100,\"_inline_size\":null},\"elements\":[{\"id\":\"703819ff\",\"elType\":\"widget\",\"settings\":{\"title\":\"Rutas y senderos imprescindibles en el Parque Natural de la Corona Forestal\",\"title_color\":\"#69775E\",\"typography_typography\":\"custom\",\"typography_font_family\":\"Maven Pro\",\"typography_font_size\":{\"unit\":\"px\",\"size\":30,\"sizes\":[]},\"typography_font_weight\":\"700\"},\"elements\":[],\"widgetType\":\"heading\"},{\"id\":\"31263756\",\"elType\":\"widget\",\"settings\":{\"editor\":\"<p><span style=\\\"font-weight: 400;\\\">Este es un lugar fant\\u00e1stico para hacer senderismo: cuenta con una amplia red de senderos entre bosques verdes, zonas volc\\u00e1nicas y lugares privilegiados que sirven como algunos de los miradores de la isla. El Parque Natural de la Corona Forestal es el m\\u00e1s grande de Tenerife, pero no el m\\u00e1s visitado, lo que te garantiza una experiencia m\\u00e1s tranquila y una mayor conexi\\u00f3n con la naturaleza. Hay rutas con varios niveles de dificultad, en su mayor\\u00eda bien se\\u00f1alizadas, as\\u00ed que atr\\u00e9vete a explorar Tenerife de una forma muy especial, o echa un vistazo a algunas de las <\\\/span><a href=\\\"https:\\\/\\\/www.sansofestay.com\\\/blog\\\/rutas-tenerife-norte\\\/\\\"><span style=\\\"font-weight: 400;\\\">mejores rutas de senderismo<\\\/span><\\\/a><span style=\\\"font-weight: 400;\\\"> de la zona norte de la isla.<\\\/span><\\\/p>\",\"text_color\":\"#7A7A7A\",\"typography_typography\":\"custom\",\"typography_font_family\":\"Maven Pro\",\"typography_font_size\":{\"unit\":\"px\",\"size\":18,\"sizes\":[]},\"typography_font_weight\":\"400\",\"align\":\"justify\",\"_margin\":{\"unit\":\"px\",\"top\":\"-15\",\"right\":\"0\",\"bottom\":\"0\",\"left\":\"0\",\"isLinked\":false}},\"elements\":[],\"widgetType\":\"text-editor\"}],\"isInner\":false}],\"isInner\":false},{\"id\":\"63179147\",\"elType\":\"section\",\"settings\":{\"margin\":{\"unit\":\"px\",\"top\":\"20\",\"right\":0,\"bottom\":\"0\",\"left\":0,\"isLinked\":false}},\"elements\":[{\"id\":\"7cab369e\",\"elType\":\"column\",\"settings\":{\"_column_size\":100,\"_inline_size\":null},\"elements\":[{\"id\":\"4b037d17\",\"elType\":\"widget\",\"settings\":{\"title\":\"Paisaje lunar de Vilaflor\",\"header_size\":\"h3\",\"title_color\":\"#69775E\",\"typography_typography\":\"custom\",\"typography_font_family\":\"Maven Pro\",\"typography_font_size\":{\"unit\":\"px\",\"size\":20,\"sizes\":[]},\"typography_font_weight\":\"700\"},\"elements\":[],\"widgetType\":\"heading\"},{\"id\":\"33e053bd\",\"elType\":\"widget\",\"settings\":{\"editor\":\"<p><span style=\\\"font-weight: 400;\\\">Esta es quiz\\u00e1s la ruta m\\u00e1s popular en el Parque Natural de la Corona Forestal, un sendero sencillo que nos lleva hasta un paisaje \\u00fanico, con formaciones rocosas que parecen parte de la luna o de otro planeta.<\\\/span><\\\/p>\",\"text_color\":\"#7A7A7A\",\"typography_typography\":\"custom\",\"typography_font_family\":\"Maven Pro\",\"typography_font_size\":{\"unit\":\"px\",\"size\":18,\"sizes\":[]},\"typography_font_weight\":\"400\",\"align\":\"justify\",\"_margin\":{\"unit\":\"px\",\"top\":\"-15\",\"right\":\"0\",\"bottom\":\"0\",\"left\":\"0\",\"isLinked\":false}},\"elements\":[],\"widgetType\":\"text-editor\"}],\"isInner\":false}],\"isInner\":false},{\"id\":\"2976194\",\"elType\":\"section\",\"settings\":{\"margin\":{\"unit\":\"px\",\"top\":\"20\",\"right\":0,\"bottom\":\"0\",\"left\":0,\"isLinked\":false}},\"elements\":[{\"id\":\"ccda7b4\",\"elType\":\"column\",\"settings\":{\"_column_size\":100,\"_inline_size\":null},\"elements\":[{\"id\":\"85533a6\",\"elType\":\"widget\",\"settings\":{\"title\":\"Ruta desde Arafo\",\"header_size\":\"h3\",\"title_color\":\"#69775E\",\"typography_typography\":\"custom\",\"typography_font_family\":\"Maven Pro\",\"typography_font_size\":{\"unit\":\"px\",\"size\":20,\"sizes\":[]},\"typography_font_weight\":\"700\"},\"elements\":[],\"widgetType\":\"heading\"},{\"id\":\"1a00910\",\"elType\":\"widget\",\"settings\":{\"editor\":\"<p><span style=\\\"font-weight: 400;\\\">Si empiezas desde Arafo, en Santa Cruz de Tenerife, encontrar\\u00e1s una ruta que va subiendo y subiendo hasta la parte m\\u00e1s alta del parque, lo que te dar\\u00e1 esa sensaci\\u00f3n de conquistar el terreno y de observar como van cambiando los paisajes con la altitud de forma gradual.<\\\/span><\\\/p>\",\"text_color\":\"#7A7A7A\",\"typography_typography\":\"custom\",\"typography_font_family\":\"Maven Pro\",\"typography_font_size\":{\"unit\":\"px\",\"size\":18,\"sizes\":[]},\"typography_font_weight\":\"400\",\"align\":\"justify\",\"_margin\":{\"unit\":\"px\",\"top\":\"-15\",\"right\":\"0\",\"bottom\":\"0\",\"left\":\"0\",\"isLinked\":false}},\"elements\":[],\"widgetType\":\"text-editor\"}],\"isInner\":false}],\"isInner\":false},{\"id\":\"c0c6ee2\",\"elType\":\"section\",\"settings\":{\"margin\":{\"unit\":\"px\",\"top\":\"20\",\"right\":0,\"bottom\":\"0\",\"left\":0,\"isLinked\":false}},\"elements\":[{\"id\":\"dc8b788\",\"elType\":\"column\",\"settings\":{\"_column_size\":100,\"_inline_size\":null},\"elements\":[{\"id\":\"5096316\",\"elType\":\"widget\",\"settings\":{\"title\":\"Rutas del Parque Natural de la Corona Forestal hasta el Teide\",\"header_size\":\"h3\",\"title_color\":\"#69775E\",\"typography_typography\":\"custom\",\"typography_font_family\":\"Maven Pro\",\"typography_font_size\":{\"unit\":\"px\",\"size\":20,\"sizes\":[]},\"typography_font_weight\":\"700\"},\"elements\":[],\"widgetType\":\"heading\"},{\"id\":\"b1694c4\",\"elType\":\"widget\",\"settings\":{\"editor\":\"<p><span style=\\\"font-weight: 400;\\\">Se trata de una ruta muy exigente, solo apta para senderistas experimentados, pero es posible caminar desde este parque hasta el <\\\/span><a href=\\\"https:\\\/\\\/www.sansofestay.com\\\/blog\\\/parque-nacional-teide\\\/\\\"><span style=\\\"font-weight: 400;\\\">Parque Nacional del Teide<\\\/span><\\\/a><span style=\\\"font-weight: 400;\\\">, el lugar m\\u00e1s famoso de Tenerife. As\\u00ed, \\u00a1podr\\u00e1s aprovechar lo mejor de ambos mundos!<\\\/span><\\\/p>\",\"text_color\":\"#7A7A7A\",\"typography_typography\":\"custom\",\"typography_font_family\":\"Maven Pro\",\"typography_font_size\":{\"unit\":\"px\",\"size\":18,\"sizes\":[]},\"typography_font_weight\":\"400\",\"align\":\"justify\",\"_margin\":{\"unit\":\"px\",\"top\":\"-15\",\"right\":\"0\",\"bottom\":\"0\",\"left\":\"0\",\"isLinked\":false}},\"elements\":[],\"widgetType\":\"text-editor\"}],\"isInner\":false}],\"isInner\":false},{\"id\":\"e66938a\",\"elType\":\"section\",\"settings\":{\"margin\":{\"unit\":\"px\",\"top\":\"30\",\"right\":0,\"bottom\":\"0\",\"left\":0,\"isLinked\":false}},\"elements\":[{\"id\":\"3df1908a\",\"elType\":\"column\",\"settings\":{\"_column_size\":100,\"_inline_size\":null},\"elements\":[{\"id\":\"d3c4e77\",\"elType\":\"widget\",\"settings\":{\"title\":\"Flora y fauna del Parque Natural de la Corona Forestal\",\"title_color\":\"#69775E\",\"typography_typography\":\"custom\",\"typography_font_family\":\"Maven Pro\",\"typography_font_size\":{\"unit\":\"px\",\"size\":30,\"sizes\":[]},\"typography_font_weight\":\"700\"},\"elements\":[],\"widgetType\":\"heading\"},{\"id\":\"985e4e7\",\"elType\":\"widget\",\"settings\":{\"editor\":\"<p><span style=\\\"font-weight: 400;\\\">Si hablamos de biodiversidad, el Parque Natural de la Corona Forestal es un lugar ineludible de Tenerife y de las Islas Canarias, ya que aqu\\u00ed se encuentran varias especies end\\u00e9micas que se han adaptado perfectamente a las caracter\\u00edsticas de la isla y de su entorno. En primer lugar, y como especie dominante, tenemos los grandes bosques de pino canario, un \\u00e1rbol que tiene la fant\\u00e1stica capacidad de renacer despu\\u00e9s de un incendio y que por eso es imprescindible para este ecosistema. Les acompa\\u00f1an otras especies end\\u00e9micas que conforman el Monteverde, una zona boscosa m\\u00e1s h\\u00fameda, caracterizada por laurisilva y fayal-berzal.<\\\/span><\\\/p><p><span style=\\\"font-weight: 400;\\\">La fauna tambi\\u00e9n tiene gran inter\\u00e9s por las especies \\u00fanicas que este lugar alberga: pinzones azules y herrerillos canarios, que vuelan entre las ramas de los \\u00e1rboles, y lagartos tizones, entre otros reptiles, que se esconden entre las ra\\u00edces. A nivel de conservaci\\u00f3n animal, el Parque Natural de la Corona Forestal de Tenerife es de gran importancia. Por \\u00faltimo, tenemos que destacar el papel fundamental de este territorio en la captaci\\u00f3n y conservaci\\u00f3n de agua, lo que contribuye a alimentar los acu\\u00edferos, tan importantes para esta isla volc\\u00e1nica.<\\\/span><\\\/p>\",\"text_color\":\"#7A7A7A\",\"typography_typography\":\"custom\",\"typography_font_family\":\"Maven Pro\",\"typography_font_size\":{\"unit\":\"px\",\"size\":18,\"sizes\":[]},\"typography_font_weight\":\"400\",\"align\":\"justify\",\"_margin\":{\"unit\":\"px\",\"top\":\"-15\",\"right\":\"0\",\"bottom\":\"0\",\"left\":\"0\",\"isLinked\":false}},\"elements\":[],\"widgetType\":\"text-editor\"}],\"isInner\":false}],\"isInner\":false},{\"id\":\"bc1a543\",\"elType\":\"section\",\"settings\":{\"margin\":{\"unit\":\"px\",\"top\":\"30\",\"right\":0,\"bottom\":\"0\",\"left\":0,\"isLinked\":false}},\"elements\":[{\"id\":\"7c9f297\",\"elType\":\"column\",\"settings\":{\"_column_size\":100,\"_inline_size\":null},\"elements\":[{\"id\":\"aa9f99a\",\"elType\":\"widget\",\"settings\":{\"title\":\"\\u00bfC\\u00f3mo visitar el Parque Natural de la Corona Forestal en Tenerife?\",\"title_color\":\"#69775E\",\"typography_typography\":\"custom\",\"typography_font_family\":\"Maven Pro\",\"typography_font_size\":{\"unit\":\"px\",\"size\":30,\"sizes\":[]},\"typography_font_weight\":\"700\"},\"elements\":[],\"widgetType\":\"heading\"},{\"id\":\"a09c6dd\",\"elType\":\"widget\",\"settings\":{\"editor\":\"<p><span style=\\\"font-weight: 400;\\\">No tendr\\u00e1s ning\\u00fan problema para visitar el Parque Natural de la Corona Forestal, ya que est\\u00e1 muy bien comunicado con muchos puntos de la isla, como La Orotava o Arafo. Adem\\u00e1s, estas carreteras forman parte del espect\\u00e1culo, con sus <\\\/span><a href=\\\"https:\\\/\\\/www.sansofestay.com\\\/blog\\\/tenerife-norte-fotos\\\/\\\"><span style=\\\"font-weight: 400;\\\">miradores<\\\/span><\\\/a><span style=\\\"font-weight: 400;\\\"> y puntos de acceso a varias rutas de senderismo que merecen mucho la pena. La forma ideal de llegar hasta aqu\\u00ed es en coche, sin duda, para que puedas moverte a tu ritmo, llegar donde quieras y tener la flexibilidad de cambiar tu destino en cualquier momento.<\\\/span><\\\/p><p><span style=\\\"font-weight: 400;\\\">Otra opci\\u00f3n es participar en una excursi\\u00f3n organizada que te llevar\\u00e1 c\\u00f3modamente a los lugares m\\u00e1s interesantes del Parque Natural de la Corona Forestal de Tenerife, con gu\\u00edas experimentados que velar\\u00e1n por la seguridad de todos y aportar\\u00e1n sus conocimientos sobre este lugar fant\\u00e1stico.<\\\/span><\\\/p>\",\"text_color\":\"#7A7A7A\",\"typography_typography\":\"custom\",\"typography_font_family\":\"Maven Pro\",\"typography_font_size\":{\"unit\":\"px\",\"size\":18,\"sizes\":[]},\"typography_font_weight\":\"400\",\"align\":\"justify\",\"_margin\":{\"unit\":\"px\",\"top\":\"-15\",\"right\":\"0\",\"bottom\":\"0\",\"left\":\"0\",\"isLinked\":false}},\"elements\":[],\"widgetType\":\"text-editor\"}],\"isInner\":false}],\"isInner\":false},{\"id\":\"dc9dc20\",\"elType\":\"section\",\"settings\":{\"margin\":{\"unit\":\"px\",\"top\":\"20\",\"right\":0,\"bottom\":\"0\",\"left\":0,\"isLinked\":false}},\"elements\":[{\"id\":\"c4329ef\",\"elType\":\"column\",\"settings\":{\"_column_size\":100,\"_inline_size\":null},\"elements\":[{\"id\":\"e6732f4\",\"elType\":\"widget\",\"settings\":{\"title\":\"Consejos pr\\u00e1cticos para tu excursi\\u00f3n\",\"header_size\":\"h3\",\"title_color\":\"#69775E\",\"typography_typography\":\"custom\",\"typography_font_family\":\"Maven Pro\",\"typography_font_size\":{\"unit\":\"px\",\"size\":20,\"sizes\":[]},\"typography_font_weight\":\"700\"},\"elements\":[],\"widgetType\":\"heading\"},{\"id\":\"9bb93cc\",\"elType\":\"widget\",\"settings\":{\"editor\":\"<p><span style=\\\"font-weight: 400;\\\">Antes de emprender un viaje a un entorno tan salvaje como el Parque Natural de la Corona Forestal, es importante considerar algunas cosas para una experiencia positiva:<\\\/span><\\\/p><ul><li style=\\\"font-weight: 400;\\\" aria-level=\\\"1\\\"><span style=\\\"font-weight: 400;\\\">Este parque tiene zonas de gran altitud, por lo que el tiempo puede cambiar r\\u00e1pidamente y las temperaturas son m\\u00e1s bajas que en otras partes de la isla.<\\\/span><\\\/li><li style=\\\"font-weight: 400;\\\" aria-level=\\\"1\\\"><span style=\\\"font-weight: 400;\\\">Es recomendable llevar una capa extra de ropa.<\\\/span><\\\/li><li style=\\\"font-weight: 400;\\\" aria-level=\\\"1\\\"><span style=\\\"font-weight: 400;\\\">No encontrar\\u00e1s muchos servicios una vez que te adentres en el parque, as\\u00ed que debes llevar suficiente agua y algo de comer.<\\\/span><\\\/li><li style=\\\"font-weight: 400;\\\" aria-level=\\\"1\\\"><span style=\\\"font-weight: 400;\\\">Usar calzado de monta\\u00f1a es muy importante para afrontar terrenos irregulares y evitar da\\u00f1os en los pies.<\\\/span><\\\/li><li style=\\\"font-weight: 400;\\\" aria-level=\\\"1\\\"><span style=\\\"font-weight: 400;\\\">El Parque Natural de la Corona Forestal merece ser bien cuidado: mantente en los senderos, no arrojes basura, observa la fauna y la flora a la distancia adecuada y respeta siempre las indicaciones existentes.<\\\/span><\\\/li><\\\/ul><p><span style=\\\"font-weight: 400;\\\">Si tenemos en cuenta estos consejos sencillos, podremos disfrutar de momentos \\u00fanicos en este lugar tan bonito.<\\\/span><\\\/p>\",\"text_color\":\"#7A7A7A\",\"typography_typography\":\"custom\",\"typography_font_family\":\"Maven Pro\",\"typography_font_size\":{\"unit\":\"px\",\"size\":18,\"sizes\":[]},\"typography_font_weight\":\"400\",\"align\":\"justify\",\"_margin\":{\"unit\":\"px\",\"top\":\"-15\",\"right\":\"0\",\"bottom\":\"0\",\"left\":\"0\",\"isLinked\":false}},\"elements\":[],\"widgetType\":\"text-editor\"}],\"isInner\":false}],\"isInner\":false},{\"id\":\"4cc20cd\",\"elType\":\"section\",\"settings\":{\"margin\":{\"unit\":\"px\",\"top\":\"30\",\"right\":0,\"bottom\":\"0\",\"left\":0,\"isLinked\":false}},\"elements\":[{\"id\":\"d2ee49e\",\"elType\":\"column\",\"settings\":{\"_column_size\":100,\"_inline_size\":null},\"elements\":[{\"id\":\"d8c7857\",\"elType\":\"widget\",\"settings\":{\"title\":\"Descubre la belleza del Parque Natural de la Corona Forestal\",\"title_color\":\"#69775E\",\"typography_typography\":\"custom\",\"typography_font_family\":\"Maven Pro\",\"typography_font_size\":{\"unit\":\"px\",\"size\":30,\"sizes\":[]},\"typography_font_weight\":\"700\"},\"elements\":[],\"widgetType\":\"heading\"},{\"id\":\"d594fd0\",\"elType\":\"widget\",\"settings\":{\"editor\":\"<p><span style=\\\"font-weight: 400;\\\">Visitar el Parque Natural de la Corona Forestal deber\\u00eda ser una actividad imprescindible para quien viaja a Tenerife. A pesar de estar un poco en la sombra del Parque Nacional del Teide, tiene argumentos para merecer nuestra atenci\\u00f3n y, al final, \\u00bfpor qu\\u00e9 no visitar ambos lugares? Ambos son fant\\u00e1sticos a su manera. Si te gusta la naturaleza y prefieres un entorno tranquilo, con menos turistas, el Parque Natural de la Corona Forestal deber\\u00eda estar en tus planes.<\\\/span><\\\/p><p><span style=\\\"font-weight: 400;\\\">Si est\\u00e1s planificando un viaje al Parque Natural de la Corona Forestal de Tenerife, vas a necesitar un lugar para descansar y relajarte con todo el confort que te mereces. En <\\\/span><a href=\\\"https:\\\/\\\/www.sansofestay.com\\\/\\\"><span style=\\\"font-weight: 400;\\\">Sansof\\u00e9 Stay<\\\/span><\\\/a><span style=\\\"font-weight: 400;\\\"> tenemos alojamientos fant\\u00e1sticos al mejor precio, en un entorno tranquilo, con vistas al Teide y al mar. Puedes reservar online sin complicaciones y haremos todo lo posible para darte la mejor experiencia en esta isla m\\u00e1gica.<\\\/span><\\\/p>\",\"text_color\":\"#7A7A7A\",\"typography_typography\":\"custom\",\"typography_font_family\":\"Maven Pro\",\"typography_font_size\":{\"unit\":\"px\",\"size\":18,\"sizes\":[]},\"typography_font_weight\":\"400\",\"align\":\"justify\",\"_margin\":{\"unit\":\"px\",\"top\":\"-15\",\"right\":\"0\",\"bottom\":\"0\",\"left\":\"0\",\"isLinked\":false}},\"elements\":[],\"widgetType\":\"text-editor\"}],\"isInner\":false}],\"isInner\":false},{\"id\":\"3b5e8331\",\"elType\":\"section\",\"settings\":{\"structure\":\"30\",\"margin\":{\"unit\":\"px\",\"top\":\"30\",\"right\":0,\"bottom\":\"0\",\"left\":0,\"isLinked\":false}},\"elements\":[{\"id\":\"b3d6f4c\",\"elType\":\"column\",\"settings\":{\"_column_size\":33,\"_inline_size\":null},\"elements\":[{\"id\":\"5a8e2222\",\"elType\":\"widget\",\"settings\":{\"text\":\"Alojamientos Tenerife Norte\",\"link\":{\"url\":\"https:\\\/\\\/www.sansofestay.com\\\/alquiler\\\/alquileres-tenerife-e81\\\/\",\"is_external\":\"on\",\"nofollow\":\"\",\"custom_attributes\":\"\"},\"align\":\"center\",\"background_color\":\"#69775E\"},\"elements\":[],\"widgetType\":\"button\"}],\"isInner\":false},{\"id\":\"4bb4a8ae\",\"elType\":\"column\",\"settings\":{\"_column_size\":33,\"_inline_size\":null},\"elements\":[{\"id\":\"3dffe3d5\",\"elType\":\"widget\",\"settings\":{\"text\":\"Alquiler de apartamentos en Tenerife Norte\",\"link\":{\"url\":\"https:\\\/\\\/www.sansofestay.com\\\/alquiler\\\/apartamentos-tenerife-c1e81\\\/\",\"is_external\":\"on\",\"nofollow\":\"\",\"custom_attributes\":\"\"},\"align\":\"center\",\"background_color\":\"#69775E\"},\"elements\":[],\"widgetType\":\"button\"}],\"isInner\":false},{\"id\":\"b0bc1d9\",\"elType\":\"column\",\"settings\":{\"_column_size\":33,\"_inline_size\":null},\"elements\":[{\"id\":\"31417188\",\"elType\":\"widget\",\"settings\":{\"text\":\"Casas de alquiler en Tenerife Norte\",\"link\":{\"url\":\"https:\\\/\\\/www.sansofestay.com\\\/alquiler\\\/casas-tenerife-c19e81\\\/\",\"is_external\":\"on\",\"nofollow\":\"\",\"custom_attributes\":\"\"},\"align\":\"center\",\"background_color\":\"#69775E\"},\"elements\":[],\"widgetType\":\"button\"}],\"isInner\":false}],\"isInner\":false}]","_yoast_wpseo_content_score":"","_wpml_location_migration_done":"","_yoast_wpseo_metadesc":"","_wpse_old_slug":"","_thumbnail_id":"3581","_yoast_wpseo_focuskw":"","_yoast_wpseo_title":"","_yoast_wpseo_linkdex":"","_elementor_controls_usage":"","_wp_old_slug":"","_elementor_template_widget_type":"","_elementor_popup_display_settings":"","_wpml_post_translation_editor_native":"","_wp_old_date":"","_oembed_73d8af3ba4596fb88a7f14b93e1916a9":"","_oembed_time_73d8af3ba4596fb88a7f14b93e1916a9":"","_oembed_f9dc1bf2ed4539093f877876c5bac98e":"","_links":{"self":[{"href":"https:\/\/www.sansofestay.com\/blog\/de\/wp-json\/wp\/v2\/posts\/3590","targetHints":{"allow":["GET"]}}],"collection":[{"href":"https:\/\/www.sansofestay.com\/blog\/de\/wp-json\/wp\/v2\/posts"}],"about":[{"href":"https:\/\/www.sansofestay.com\/blog\/de\/wp-json\/wp\/v2\/types\/post"}],"author":[{"embeddable":true,"href":"https:\/\/www.sansofestay.com\/blog\/de\/wp-json\/wp\/v2\/users\/5"}],"replies":[{"embeddable":true,"href":"https:\/\/www.sansofestay.com\/blog\/de\/wp-json\/wp\/v2\/comments?post=3590"}],"version-history":[{"count":1,"href":"https:\/\/www.sansofestay.com\/blog\/de\/wp-json\/wp\/v2\/posts\/3590\/revisions"}],"predecessor-version":[{"id":3591,"href":"https:\/\/www.sansofestay.com\/blog\/de\/wp-json\/wp\/v2\/posts\/3590\/revisions\/3591"}],"wp:featuredmedia":[{"embeddable":true,"href":"https:\/\/www.sansofestay.com\/blog\/de\/wp-json\/wp\/v2\/media\/3581"}],"wp:attachment":[{"href":"https:\/\/www.sansofestay.com\/blog\/de\/wp-json\/wp\/v2\/media?parent=3590"}],"wp:term":[{"taxonomy":"category","embeddable":true,"href":"https:\/\/www.sansofestay.com\/blog\/de\/wp-json\/wp\/v2\/categories?post=3590"}],"curies":[{"name":"wp","href":"https:\/\/api.w.org\/{rel}","templated":true}]}}