{"id":840,"date":"2023-10-16T08:47:27","date_gmt":"2023-10-16T08:47:27","guid":{"rendered":"https:\/\/www.sansofestay.com\/blog\/?p=840"},"modified":"2025-01-28T13:04:30","modified_gmt":"2025-01-28T13:04:30","slug":"carnaval-santa-cruz-de-tenerife","status":"publish","type":"post","link":"https:\/\/www.sansofestay.com\/blog\/de\/carnaval-santa-cruz-de-tenerife\/","title":{"rendered":"\u00bfTe apetece vivir el carnaval de Tenerife 2025?"},"content":{"rendered":"\t\t<div data-elementor-type=\"wp-post\" data-elementor-id=\"840\" class=\"elementor elementor-840\" data-elementor-post-type=\"post\">\n\t\t\t\t\t\t<section class=\"elementor-section elementor-top-section elementor-element elementor-element-09e55e5 elementor-section-boxed elementor-section-height-default elementor-section-height-default\" data-id=\"09e55e5\" data-element_type=\"section\" data-e-type=\"section\">\n\t\t\t\t\t\t<div class=\"elementor-container elementor-column-gap-default\">\n\t\t\t\t\t<div class=\"elementor-column elementor-col-100 elementor-top-column elementor-element elementor-element-613b9cf\" data-id=\"613b9cf\" data-element_type=\"column\" data-e-type=\"column\">\n\t\t\t<div class=\"elementor-widget-wrap elementor-element-populated\">\n\t\t\t\t\t\t<div class=\"elementor-element elementor-element-57d92a9 elementor-widget elementor-widget-table-of-contents\" data-id=\"57d92a9\" data-element_type=\"widget\" data-e-type=\"widget\" data-settings=\"{&quot;headings_by_tags&quot;:[&quot;h2&quot;],&quot;exclude_headings_by_selector&quot;:[],&quot;marker_view&quot;:&quot;bullets&quot;,&quot;icon&quot;:{&quot;value&quot;:&quot;&quot;,&quot;library&quot;:&quot;&quot;},&quot;no_headings_message&quot;:&quot;No se ha encontrado ning\\u00fan encabezado en esta p\\u00e1gina.&quot;,&quot;hierarchical_view&quot;:&quot;yes&quot;,&quot;min_height&quot;:{&quot;unit&quot;:&quot;px&quot;,&quot;size&quot;:&quot;&quot;,&quot;sizes&quot;:[]},&quot;min_height_tablet&quot;:{&quot;unit&quot;:&quot;px&quot;,&quot;size&quot;:&quot;&quot;,&quot;sizes&quot;:[]},&quot;min_height_mobile&quot;:{&quot;unit&quot;:&quot;px&quot;,&quot;size&quot;:&quot;&quot;,&quot;sizes&quot;:[]}}\" data-widget_type=\"table-of-contents.default\">\n\t\t\t\t<div class=\"elementor-widget-container\">\n\t\t\t\t\t\t\t\t\t<div class=\"elementor-toc__header\">\n\t\t\t\t\t\t<div class=\"elementor-toc__header-title\">\n\t\t\t\t\u00cdNDICE\t\t\t<\/div>\n\t\t\t\t\t\t\t\t<\/div>\n\t\t\t\t<div id=\"elementor-toc__57d92a9\" class=\"elementor-toc__body\">\n\t\t\t<div class=\"elementor-toc__spinner-container\">\n\t\t\t\t<i class=\"elementor-toc__spinner eicon-animation-spin eicon-loading\" aria-hidden=\"true\"><\/i>\t\t\t<\/div>\n\t\t<\/div>\n\t\t\t\t\t\t<\/div>\n\t\t\t\t<\/div>\n\t\t\t\t\t<\/div>\n\t\t<\/div>\n\t\t\t\t\t<\/div>\n\t\t<\/section>\n\t\t\t\t<section class=\"elementor-section elementor-top-section elementor-element elementor-element-16316fc4 elementor-section-boxed elementor-section-height-default elementor-section-height-default\" data-id=\"16316fc4\" data-element_type=\"section\" data-e-type=\"section\">\n\t\t\t\t\t\t<div class=\"elementor-container elementor-column-gap-default\">\n\t\t\t\t\t<div class=\"elementor-column elementor-col-100 elementor-top-column elementor-element elementor-element-6a2c335d\" data-id=\"6a2c335d\" data-element_type=\"column\" data-e-type=\"column\">\n\t\t\t<div class=\"elementor-widget-wrap elementor-element-populated\">\n\t\t\t\t\t\t<div class=\"elementor-element elementor-element-8a808eb elementor-widget elementor-widget-heading\" data-id=\"8a808eb\" data-element_type=\"widget\" data-e-type=\"widget\" data-widget_type=\"heading.default\">\n\t\t\t\t<div class=\"elementor-widget-container\">\n\t\t\t\t\t<h2 class=\"elementor-heading-title elementor-size-default\">El Carnaval de Tenerife en 2025<\/h2>\t\t\t\t<\/div>\n\t\t\t\t<\/div>\n\t\t\t\t<div class=\"elementor-element elementor-element-2f3862a9 elementor-widget elementor-widget-text-editor\" data-id=\"2f3862a9\" data-element_type=\"widget\" data-e-type=\"widget\" data-widget_type=\"text-editor.default\">\n\t\t\t\t<div class=\"elementor-widget-container\">\n\t\t\t\t\t\t\t\t\t<p><span style=\"font-weight: 400;\">\u00a1Prep\u00e1rate para vivir la celebraci\u00f3n m\u00e1s emocionante y colorida del a\u00f1o en las Islas Canarias! El Carnaval de Santa Cruz de Tenerife en 2025 se acerca, y con \u00e9l llega un mes repleto de festividades, m\u00fasica, baile, y, por supuesto, impresionantes desfiles de carnaval. E<\/span><span style=\"font-weight: 400;\">ste carnaval promete un viaje lleno de diversi\u00f3n y alegr\u00eda que no querr\u00e1s perderte. En este blog, te guiaremos a trav\u00e9s de las fechas clave y los eventos m\u00e1s emocionantes de esta celebraci\u00f3n ic\u00f3nica, para que est\u00e9s preparado para sumergirte en la magia del <\/span><b>Carnaval de Santa Cruz de Tenerife.<\/b><\/p>\t\t\t\t\t\t\t\t<\/div>\n\t\t\t\t<\/div>\n\t\t\t\t\t<\/div>\n\t\t<\/div>\n\t\t\t\t\t<\/div>\n\t\t<\/section>\n\t\t\t\t<section class=\"elementor-section elementor-top-section elementor-element elementor-element-2484877 elementor-section-boxed elementor-section-height-default elementor-section-height-default\" data-id=\"2484877\" data-element_type=\"section\" data-e-type=\"section\">\n\t\t\t\t\t\t<div class=\"elementor-container elementor-column-gap-default\">\n\t\t\t\t\t<div class=\"elementor-column elementor-col-100 elementor-top-column elementor-element elementor-element-9cbc523\" data-id=\"9cbc523\" data-element_type=\"column\" data-e-type=\"column\">\n\t\t\t<div class=\"elementor-widget-wrap elementor-element-populated\">\n\t\t\t\t\t\t<div class=\"elementor-element elementor-element-2ee2844 elementor-blockquote--skin-border elementor-widget elementor-widget-blockquote\" data-id=\"2ee2844\" data-element_type=\"widget\" data-e-type=\"widget\" data-widget_type=\"blockquote.default\">\n\t\t\t\t<div class=\"elementor-widget-container\">\n\t\t\t\t\t\t\t<blockquote class=\"elementor-blockquote\">\n\t\t\t<p class=\"elementor-blockquote__content\">\n\t\t\t\t<b>Fechas<\/b>: del 31 de enero al 9 de marzo\t\t\t<\/p>\n\t\t\t\t\t<\/blockquote>\n\t\t\t\t\t\t<\/div>\n\t\t\t\t<\/div>\n\t\t\t\t\t<\/div>\n\t\t<\/div>\n\t\t\t\t\t<\/div>\n\t\t<\/section>\n\t\t\t\t<section class=\"elementor-section elementor-top-section elementor-element elementor-element-5ff245b elementor-section-boxed elementor-section-height-default elementor-section-height-default\" data-id=\"5ff245b\" data-element_type=\"section\" data-e-type=\"section\">\n\t\t\t\t\t\t<div class=\"elementor-container elementor-column-gap-default\">\n\t\t\t\t\t<div class=\"elementor-column elementor-col-100 elementor-top-column elementor-element elementor-element-b858f7a\" data-id=\"b858f7a\" data-element_type=\"column\" data-e-type=\"column\">\n\t\t\t<div class=\"elementor-widget-wrap elementor-element-populated\">\n\t\t\t\t\t\t<div class=\"elementor-element elementor-element-444d114 elementor-widget elementor-widget-heading\" data-id=\"444d114\" data-element_type=\"widget\" data-e-type=\"widget\" data-widget_type=\"heading.default\">\n\t\t\t\t<div class=\"elementor-widget-container\">\n\t\t\t\t\t<h2 class=\"elementor-heading-title elementor-size-default\">Programa del carnaval de Tenerife\n<\/h2>\t\t\t\t<\/div>\n\t\t\t\t<\/div>\n\t\t\t\t\t<\/div>\n\t\t<\/div>\n\t\t\t\t\t<\/div>\n\t\t<\/section>\n\t\t\t\t<section class=\"elementor-section elementor-top-section elementor-element elementor-element-73db975a elementor-section-boxed elementor-section-height-default elementor-section-height-default\" data-id=\"73db975a\" data-element_type=\"section\" data-e-type=\"section\">\n\t\t\t\t\t\t<div class=\"elementor-container elementor-column-gap-default\">\n\t\t\t\t\t<div class=\"elementor-column elementor-col-100 elementor-top-column elementor-element elementor-element-61602536\" data-id=\"61602536\" data-element_type=\"column\" data-e-type=\"column\">\n\t\t\t<div class=\"elementor-widget-wrap elementor-element-populated\">\n\t\t\t\t\t\t<div class=\"elementor-element elementor-element-54e798df elementor-widget elementor-widget-text-editor\" data-id=\"54e798df\" data-element_type=\"widget\" data-e-type=\"widget\" data-widget_type=\"text-editor.default\">\n\t\t\t\t<div class=\"elementor-widget-container\">\n\t\t\t\t\t\t\t\t\t<p><span style=\"font-weight: 400;\">Con la llegada del nuevo a\u00f1o, las Islas Canarias se preparan para dar rienda suelta a una de las celebraciones m\u00e1s esperadas: el <\/span><b>Carnaval de Santa Cruz de Tenerife<\/b><span style=\"font-weight: 400;\">. La ciudad se transforma en un escenario de alegr\u00eda, m\u00fasica y color, marcando el inicio de una fiesta que cautiva a locales y visitantes por igual. Las primeras semanas del a\u00f1o son testigos de un despliegue de creatividad y diversi\u00f3n con las murgas infantiles, el <\/span><b>Festival Coreogr\u00e1fico<\/b><span style=\"font-weight: 400;\"> y la emocionante elecci\u00f3n de la<\/span><b> Reina del Carnaval de los Mayores<\/b><span style=\"font-weight: 400;\">. Prepara tu agenda y tus mejores disfraces porque en enero, Tenerife se viste de carnaval.<\/span><\/p>\t\t\t\t\t\t\t\t<\/div>\n\t\t\t\t<\/div>\n\t\t\t\t\t<\/div>\n\t\t<\/div>\n\t\t\t\t\t<\/div>\n\t\t<\/section>\n\t\t\t\t<section class=\"elementor-section elementor-top-section elementor-element elementor-element-f4514a9 elementor-section-boxed elementor-section-height-default elementor-section-height-default\" data-id=\"f4514a9\" data-element_type=\"section\" data-e-type=\"section\">\n\t\t\t\t\t\t<div class=\"elementor-container elementor-column-gap-default\">\n\t\t\t\t\t<div class=\"elementor-column elementor-col-33 elementor-top-column elementor-element elementor-element-371b36a\" data-id=\"371b36a\" data-element_type=\"column\" data-e-type=\"column\">\n\t\t\t<div class=\"elementor-widget-wrap elementor-element-populated\">\n\t\t\t\t\t\t<div class=\"elementor-element elementor-element-23e4847 elementor-widget elementor-widget-text-editor\" data-id=\"23e4847\" data-element_type=\"widget\" data-e-type=\"widget\" data-widget_type=\"text-editor.default\">\n\t\t\t\t<div class=\"elementor-widget-container\">\n\t\t\t\t\t\t\t\t\t<h4><strong>Cabalgata y Carnaval en la Calle<\/strong><\/h4><ul><li><strong>Cabalgata Anunciadora:<\/strong> 28 de febrero<\/li><li><strong>Carnaval de D\u00eda:<\/strong><ul><li>Primera jornada: 2 de marzo<\/li><li>Segunda jornada: 8 de marzo<\/li><\/ul><\/li><li><strong>Coso Apoteosis:<\/strong> 4 de marzo<\/li><li><strong>Entierro de la Sardina:<\/strong> 5 de marzo<\/li><li><strong>Sardina de la Inclusi\u00f3n:<\/strong> 6 de marzo<\/li><\/ul>\t\t\t\t\t\t\t\t<\/div>\n\t\t\t\t<\/div>\n\t\t\t\t\t<\/div>\n\t\t<\/div>\n\t\t\t\t<div class=\"elementor-column elementor-col-33 elementor-top-column elementor-element elementor-element-ef3a2da\" data-id=\"ef3a2da\" data-element_type=\"column\" data-e-type=\"column\">\n\t\t\t<div class=\"elementor-widget-wrap elementor-element-populated\">\n\t\t\t\t\t\t<div class=\"elementor-element elementor-element-80a1e4c elementor-widget elementor-widget-text-editor\" data-id=\"80a1e4c\" data-element_type=\"widget\" data-e-type=\"widget\" data-widget_type=\"text-editor.default\">\n\t\t\t\t<div class=\"elementor-widget-container\">\n\t\t\t\t\t\t\t\t\t<h4><strong>Elecci\u00f3n de la Reina<\/strong><\/h4><ul><li><strong>Reina Infantil:<\/strong> 16 de febrero<\/li><li><strong>Reina de los Mayores:<\/strong> 19 de febrero<\/li><li><strong>Reina del Carnaval:<\/strong> 26 de febrero<\/li><\/ul>\t\t\t\t\t\t\t\t<\/div>\n\t\t\t\t<\/div>\n\t\t\t\t\t<\/div>\n\t\t<\/div>\n\t\t\t\t<div class=\"elementor-column elementor-col-33 elementor-top-column elementor-element elementor-element-0a75474\" data-id=\"0a75474\" data-element_type=\"column\" data-e-type=\"column\">\n\t\t\t<div class=\"elementor-widget-wrap elementor-element-populated\">\n\t\t\t\t\t\t<div class=\"elementor-element elementor-element-8a3bba5 elementor-widget elementor-widget-text-editor\" data-id=\"8a3bba5\" data-element_type=\"widget\" data-e-type=\"widget\" data-widget_type=\"text-editor.default\">\n\t\t\t\t<div class=\"elementor-widget-container\">\n\t\t\t\t\t\t\t\t\t<h4><strong>Concurso de Murgas<\/strong><\/h4><p><strong>Murgas Infantiles:<\/strong><\/p><ul><li>Primera fase: 7 de febrero<\/li><li>Segunda fase: 8 de febrero<\/li><\/ul><p><strong>Murgas Adultas:<\/strong><\/p><ul><li>Primera fase: 10 de febrero<\/li><li>Segunda fase: 11 de febrero<\/li><li>Tercera fase: 12 de febrero<\/li><li>Final: 14 de febrero<\/li><\/ul>\t\t\t\t\t\t\t\t<\/div>\n\t\t\t\t<\/div>\n\t\t\t\t\t<\/div>\n\t\t<\/div>\n\t\t\t\t\t<\/div>\n\t\t<\/section>\n\t\t\t\t<section class=\"elementor-section elementor-top-section elementor-element elementor-element-9d333ba elementor-section-boxed elementor-section-height-default elementor-section-height-default\" data-id=\"9d333ba\" data-element_type=\"section\" data-e-type=\"section\">\n\t\t\t\t\t\t<div class=\"elementor-container elementor-column-gap-default\">\n\t\t\t\t\t<div class=\"elementor-column elementor-col-50 elementor-top-column elementor-element elementor-element-b7d77d0\" data-id=\"b7d77d0\" data-element_type=\"column\" data-e-type=\"column\">\n\t\t\t<div class=\"elementor-widget-wrap elementor-element-populated\">\n\t\t\t\t\t\t<div class=\"elementor-element elementor-element-8716987 elementor-widget elementor-widget-text-editor\" data-id=\"8716987\" data-element_type=\"widget\" data-e-type=\"widget\" data-widget_type=\"text-editor.default\">\n\t\t\t\t<div class=\"elementor-widget-container\">\n\t\t\t\t\t\t\t\t\t<h4><strong>Otras Fechas Destacadas<\/strong><\/h4><ul><li><strong>Agrupaciones Musicales:<\/strong> 15 de febrero<\/li><li><strong>Canci\u00f3n de la Risa:<\/strong> 21 de febrero<\/li><li><strong>Comparsas:<\/strong> 22 de febrero<\/li><li><strong>Disfraces y Rondallas:<\/strong> 23 de febrero<\/li><li><strong>Certamen de Ritmo y Armon\u00eda:<\/strong> 1 de marzo<\/li><li><strong>Coso Infantil y Gala Dragnaval:<\/strong> 7 de marzo<\/li><\/ul>\t\t\t\t\t\t\t\t<\/div>\n\t\t\t\t<\/div>\n\t\t\t\t\t<\/div>\n\t\t<\/div>\n\t\t\t\t<div class=\"elementor-column elementor-col-50 elementor-top-column elementor-element elementor-element-524b3be\" data-id=\"524b3be\" data-element_type=\"column\" data-e-type=\"column\">\n\t\t\t<div class=\"elementor-widget-wrap elementor-element-populated\">\n\t\t\t\t\t\t<div class=\"elementor-element elementor-element-cfe26d5 elementor-widget elementor-widget-image\" data-id=\"cfe26d5\" data-element_type=\"widget\" data-e-type=\"widget\" data-widget_type=\"image.default\">\n\t\t\t\t<div class=\"elementor-widget-container\">\n\t\t\t\t\t\t\t\t\t\t\t\t\t\t\t<img fetchpriority=\"high\" decoding=\"async\" width=\"1200\" height=\"750\" src=\"https:\/\/www.sansofestay.com\/blog\/wp-content\/uploads\/2024\/01\/Carnaval-de-Tenerife-2024.jpg\" class=\"attachment-full size-full wp-image-1056\" alt=\"Carnaval-de-Tenerife-2024\" srcset=\"https:\/\/www.sansofestay.com\/blog\/wp-content\/uploads\/2024\/01\/Carnaval-de-Tenerife-2024.jpg 1200w, https:\/\/www.sansofestay.com\/blog\/wp-content\/uploads\/2024\/01\/Carnaval-de-Tenerife-2024-768x480.jpg 768w\" sizes=\"(max-width: 1200px) 100vw, 1200px\" \/>\t\t\t\t\t\t\t\t\t\t\t\t\t\t\t<\/div>\n\t\t\t\t<\/div>\n\t\t\t\t\t<\/div>\n\t\t<\/div>\n\t\t\t\t\t<\/div>\n\t\t<\/section>\n\t\t\t\t<section class=\"elementor-section elementor-top-section elementor-element elementor-element-38ac716a elementor-section-boxed elementor-section-height-default elementor-section-height-default\" data-id=\"38ac716a\" data-element_type=\"section\" data-e-type=\"section\">\n\t\t\t\t\t\t<div class=\"elementor-container elementor-column-gap-default\">\n\t\t\t\t\t<div class=\"elementor-column elementor-col-100 elementor-top-column elementor-element elementor-element-330585c7\" data-id=\"330585c7\" data-element_type=\"column\" data-e-type=\"column\">\n\t\t\t<div class=\"elementor-widget-wrap elementor-element-populated\">\n\t\t\t\t\t\t<div class=\"elementor-element elementor-element-3eebcda3 elementor-widget elementor-widget-heading\" data-id=\"3eebcda3\" data-element_type=\"widget\" data-e-type=\"widget\" data-widget_type=\"heading.default\">\n\t\t\t\t<div class=\"elementor-widget-container\">\n\t\t\t\t\t<h2 class=\"elementor-heading-title elementor-size-default\">Tradici\u00f3n del carnaval en Tenerife<\/h2>\t\t\t\t<\/div>\n\t\t\t\t<\/div>\n\t\t\t\t<div class=\"elementor-element elementor-element-a27e99b elementor-widget elementor-widget-text-editor\" data-id=\"a27e99b\" data-element_type=\"widget\" data-e-type=\"widget\" data-widget_type=\"text-editor.default\">\n\t\t\t\t<div class=\"elementor-widget-container\">\n\t\t\t\t\t\t\t\t\t<p><span style=\"font-weight: 400;\">El origen del <\/span><b>Carnaval de Tenerife<\/b><span style=\"font-weight: 400;\"> se remonta al <\/span><b>siglo XVI<\/b><span style=\"font-weight: 400;\">. Canarias era una parada habitual en el despliegue de la cultura europea hacia el Nuevo Continente. Esto posibilit\u00f3 que, poco a poco, se implantar\u00e1 en sus islas. Solo doscientos a\u00f1os despu\u00e9s, ya era muy famoso.<\/span><\/p>\n<p><span style=\"font-weight: 400;\">Desde sus inicios, se caracteriz\u00f3 por tener un enfoque callejero. As\u00ed, siempre ha sido igual de popular entre las clases pudientes y las gentes del pueblo.<\/span><\/p>\n<p><span style=\"font-weight: 400;\">La <\/span><b>tradici\u00f3n del uso de m\u00e1scaras<\/b><span style=\"font-weight: 400;\">, sin embargo, se concret\u00f3 en el siglo XIX. En este caso, las mujeres de la alta sociedad las usaban para disfrutar de la fiesta sin ser reconocidas. Durante el siglo XX, su fama atrajo a gran cantidad de turistas. A partir de 1925, aparecieron las murgas, las comparsas, las agrupaciones y las rondallas que lo caracterizan actualmente.<\/span><\/p>\n<p><span style=\"font-weight: 400;\">\u00bfSabes que millares de tinerfe\u00f1os ensayan seis meses al a\u00f1o para tenerlo todo preparado? La importancia de este evento es tal que incluso permanece abierta la <\/span><b>Casa del Carnaval<\/b><span style=\"font-weight: 400;\"> durante todo el a\u00f1o.<\/span><\/p>\t\t\t\t\t\t\t\t<\/div>\n\t\t\t\t<\/div>\n\t\t\t\t\t<\/div>\n\t\t<\/div>\n\t\t\t\t\t<\/div>\n\t\t<\/section>\n\t\t\t\t<section class=\"elementor-section elementor-top-section elementor-element elementor-element-de5ea1c elementor-section-boxed elementor-section-height-default elementor-section-height-default\" data-id=\"de5ea1c\" data-element_type=\"section\" data-e-type=\"section\">\n\t\t\t\t\t\t<div class=\"elementor-container elementor-column-gap-default\">\n\t\t\t\t\t<div class=\"elementor-column elementor-col-100 elementor-top-column elementor-element elementor-element-824af78\" data-id=\"824af78\" data-element_type=\"column\" data-e-type=\"column\">\n\t\t\t<div class=\"elementor-widget-wrap elementor-element-populated\">\n\t\t\t\t\t\t<div class=\"elementor-element elementor-element-734fc83 elementor-widget elementor-widget-image\" data-id=\"734fc83\" data-element_type=\"widget\" data-e-type=\"widget\" data-widget_type=\"image.default\">\n\t\t\t\t<div class=\"elementor-widget-container\">\n\t\t\t\t\t\t\t\t\t\t\t\t\t\t\t<img decoding=\"async\" width=\"1200\" height=\"750\" src=\"https:\/\/www.sansofestay.com\/blog\/wp-content\/uploads\/2024\/01\/bailarines-carnaval-tenerife-2024.jpg\" class=\"attachment-full size-full wp-image-1058\" alt=\"bailarines-carnaval-tenerife-2024\" srcset=\"https:\/\/www.sansofestay.com\/blog\/wp-content\/uploads\/2024\/01\/bailarines-carnaval-tenerife-2024.jpg 1200w, https:\/\/www.sansofestay.com\/blog\/wp-content\/uploads\/2024\/01\/bailarines-carnaval-tenerife-2024-768x480.jpg 768w\" sizes=\"(max-width: 1200px) 100vw, 1200px\" \/>\t\t\t\t\t\t\t\t\t\t\t\t\t\t\t<\/div>\n\t\t\t\t<\/div>\n\t\t\t\t\t<\/div>\n\t\t<\/div>\n\t\t\t\t\t<\/div>\n\t\t<\/section>\n\t\t\t\t<section class=\"elementor-section elementor-top-section elementor-element elementor-element-c1e44a8 elementor-section-boxed elementor-section-height-default elementor-section-height-default\" data-id=\"c1e44a8\" data-element_type=\"section\" data-e-type=\"section\">\n\t\t\t\t\t\t<div class=\"elementor-container elementor-column-gap-default\">\n\t\t\t\t\t<div class=\"elementor-column elementor-col-100 elementor-top-column elementor-element elementor-element-1a24df4\" data-id=\"1a24df4\" data-element_type=\"column\" data-e-type=\"column\">\n\t\t\t<div class=\"elementor-widget-wrap elementor-element-populated\">\n\t\t\t\t\t\t<div class=\"elementor-element elementor-element-e400ae7 elementor-widget elementor-widget-heading\" data-id=\"e400ae7\" data-element_type=\"widget\" data-e-type=\"widget\" data-widget_type=\"heading.default\">\n\t\t\t\t<div class=\"elementor-widget-container\">\n\t\t\t\t\t<h2 class=\"elementor-heading-title elementor-size-default\">\u00bfCu\u00e1les ser\u00e1n los principales eventos del carnaval de Tenerife?\n<\/h2>\t\t\t\t<\/div>\n\t\t\t\t<\/div>\n\t\t\t\t<div class=\"elementor-element elementor-element-dbcb084 elementor-widget elementor-widget-text-editor\" data-id=\"dbcb084\" data-element_type=\"widget\" data-e-type=\"widget\" data-widget_type=\"text-editor.default\">\n\t\t\t\t<div class=\"elementor-widget-container\">\n\t\t\t\t\t\t\t\t\t<p><span style=\"font-weight: 400;\">La gala de elecci\u00f3n de la <\/span><b>reina para el Carnaval de Tenerife<\/b><span style=\"font-weight: 400;\"> es el evento m\u00e1s simb\u00f3lico y aclamado. Adem\u00e1s, los carnavaleros tinerfe\u00f1os valoran especialmente otros actos tradicionales:<\/span><\/p>\t\t\t\t\t\t\t\t<\/div>\n\t\t\t\t<\/div>\n\t\t\t\t\t<\/div>\n\t\t<\/div>\n\t\t\t\t\t<\/div>\n\t\t<\/section>\n\t\t\t\t<section class=\"elementor-section elementor-top-section elementor-element elementor-element-e123dfb elementor-section-boxed elementor-section-height-default elementor-section-height-default\" data-id=\"e123dfb\" data-element_type=\"section\" data-e-type=\"section\">\n\t\t\t\t\t\t<div class=\"elementor-container elementor-column-gap-default\">\n\t\t\t\t\t<div class=\"elementor-column elementor-col-50 elementor-top-column elementor-element elementor-element-22030c3\" data-id=\"22030c3\" data-element_type=\"column\" data-e-type=\"column\">\n\t\t\t<div class=\"elementor-widget-wrap elementor-element-populated\">\n\t\t\t\t\t\t<div class=\"elementor-element elementor-element-e5f0d03 elementor-widget elementor-widget-text-editor\" data-id=\"e5f0d03\" data-element_type=\"widget\" data-e-type=\"widget\" data-widget_type=\"text-editor.default\">\n\t\t\t\t<div class=\"elementor-widget-container\">\n\t\t\t\t\t\t\t\t\t<ul><li style=\"font-weight: 400;\" aria-level=\"1\"><b>El d\u00eda del coso apoteosis<\/b><span style=\"font-weight: 400;\">. Supone la m\u00e1xima exhibici\u00f3n de color, ritmo y alegr\u00eda de estas fiestas. Se concreta en un desfile de carrozas, ciudadanos y comparsas que tocan m\u00fasica animada.<\/span><\/li>\n<li style=\"font-weight: 400;\" aria-level=\"1\"><b>El entierro de la sardina<\/b><span style=\"font-weight: 400;\">. Tiene lugar el mi\u00e9rcoles de ceniza y se envuelve de un halo de irreverencia y desenfado muy caracter\u00edstico. Las viudas sollozan y se lamentan por la proximidad del fin de los carnavales.<\/span><\/li>\n<li style=\"font-weight: 400;\" aria-level=\"1\"><b>Carnaval de d\u00eda y fin de semana de pi\u00f1ata<\/b><span style=\"font-weight: 400;\">. Son el colof\u00f3n del carnaval y el cierre dorado en el que se despide a don Carnal.<\/span><\/li>\n<\/ul>\t\t\t\t\t\t\t\t<\/div>\n\t\t\t\t<\/div>\n\t\t\t\t\t<\/div>\n\t\t<\/div>\n\t\t\t\t<div class=\"elementor-column elementor-col-50 elementor-top-column elementor-element elementor-element-a565b39\" data-id=\"a565b39\" data-element_type=\"column\" data-e-type=\"column\">\n\t\t\t<div class=\"elementor-widget-wrap elementor-element-populated\">\n\t\t\t\t\t\t<div class=\"elementor-element elementor-element-14e3b39 elementor-widget elementor-widget-image\" data-id=\"14e3b39\" data-element_type=\"widget\" data-e-type=\"widget\" data-widget_type=\"image.default\">\n\t\t\t\t<div class=\"elementor-widget-container\">\n\t\t\t\t\t\t\t\t\t\t\t\t\t\t\t<img decoding=\"async\" width=\"700\" height=\"430\" src=\"https:\/\/www.sansofestay.com\/blog\/wp-content\/uploads\/2024\/01\/reina-carnaval-2024-tenerife-700x430.jpg\" class=\"attachment-post size-post wp-image-1054\" alt=\"reina-carnaval-2024-tenerife\" \/>\t\t\t\t\t\t\t\t\t\t\t\t\t\t\t<\/div>\n\t\t\t\t<\/div>\n\t\t\t\t\t<\/div>\n\t\t<\/div>\n\t\t\t\t\t<\/div>\n\t\t<\/section>\n\t\t\t\t<section class=\"elementor-section elementor-top-section elementor-element elementor-element-b5d1e04 elementor-section-boxed elementor-section-height-default elementor-section-height-default\" data-id=\"b5d1e04\" data-element_type=\"section\" data-e-type=\"section\">\n\t\t\t\t\t\t<div class=\"elementor-container elementor-column-gap-default\">\n\t\t\t\t\t<div class=\"elementor-column elementor-col-100 elementor-top-column elementor-element elementor-element-1a41da6\" data-id=\"1a41da6\" data-element_type=\"column\" data-e-type=\"column\">\n\t\t\t<div class=\"elementor-widget-wrap elementor-element-populated\">\n\t\t\t\t\t\t<div class=\"elementor-element elementor-element-8ca8a04 elementor-widget elementor-widget-heading\" data-id=\"8ca8a04\" data-element_type=\"widget\" data-e-type=\"widget\" data-widget_type=\"heading.default\">\n\t\t\t\t<div class=\"elementor-widget-container\">\n\t\t\t\t\t<h2 class=\"elementor-heading-title elementor-size-default\">Trajes y dise\u00f1o\n<\/h2>\t\t\t\t<\/div>\n\t\t\t\t<\/div>\n\t\t\t\t<div class=\"elementor-element elementor-element-650c43e elementor-widget elementor-widget-text-editor\" data-id=\"650c43e\" data-element_type=\"widget\" data-e-type=\"widget\" data-widget_type=\"text-editor.default\">\n\t\t\t\t<div class=\"elementor-widget-container\">\n\t\t\t\t\t\t\t\t\t<p><span style=\"font-weight: 400;\">El <\/span><b>Carnaval de Tenerife<\/b><span style=\"font-weight: 400;\"> es un compendio de imaginaci\u00f3n y creatividad. Durante la gala de elecci\u00f3n de la reina, congrega miles de plumas y lentejuelas en creaciones textiles absolutamente \u00fanicas. Algunos de estos atuendos alcanzan los tres metros de altura y los cuatrocientos kilos de peso.\u00a0<\/span><span style=\"background-color: transparent;\">Adem\u00e1s, la fantas\u00eda se dispara tanto en los disfraces como en el atrezo presente en <\/span><b style=\"background-color: transparent;\">las cabalgatas, los desfiles y las concentraciones callejeras<\/b><span style=\"background-color: transparent;\"> de los participantes. El dise\u00f1o es, no cabe duda, uno de los ingredientes diferenciales de estos carnavales tinerfe\u00f1os.<\/span><\/p>\t\t\t\t\t\t\t\t<\/div>\n\t\t\t\t<\/div>\n\t\t\t\t\t<\/div>\n\t\t<\/div>\n\t\t\t\t\t<\/div>\n\t\t<\/section>\n\t\t\t\t<section class=\"elementor-section elementor-top-section elementor-element elementor-element-4072508 elementor-section-boxed elementor-section-height-default elementor-section-height-default\" data-id=\"4072508\" data-element_type=\"section\" data-e-type=\"section\">\n\t\t\t\t\t\t<div class=\"elementor-container elementor-column-gap-default\">\n\t\t\t\t\t<div class=\"elementor-column elementor-col-100 elementor-top-column elementor-element elementor-element-18e0c46\" data-id=\"18e0c46\" data-element_type=\"column\" data-e-type=\"column\">\n\t\t\t<div class=\"elementor-widget-wrap elementor-element-populated\">\n\t\t\t\t\t\t<div class=\"elementor-element elementor-element-1742849 elementor-widget elementor-widget-heading\" data-id=\"1742849\" data-element_type=\"widget\" data-e-type=\"widget\" data-widget_type=\"heading.default\">\n\t\t\t\t<div class=\"elementor-widget-container\">\n\t\t\t\t\t<h2 class=\"elementor-heading-title elementor-size-default\">C\u00f3mo participar y disfrutar del carnaval\n<\/h2>\t\t\t\t<\/div>\n\t\t\t\t<\/div>\n\t\t\t\t<div class=\"elementor-element elementor-element-4aa2288 elementor-widget elementor-widget-text-editor\" data-id=\"4aa2288\" data-element_type=\"widget\" data-e-type=\"widget\" data-widget_type=\"text-editor.default\">\n\t\t\t\t<div class=\"elementor-widget-container\">\n\t\t\t\t\t\t\t\t\t<p><span style=\"font-weight: 400;\">El car\u00e1cter popular y callejero del <\/span><b>Carnaval de Santa Cruz de Tenerife <\/b><span style=\"font-weight: 400;\">te garantiza una r\u00e1pida integraci\u00f3n en esta fiesta \u00fanica. Te recomendamos, eso s\u00ed, mimetizarte con el entorno: <\/span><b>elige un buen disfraz<\/b><span style=\"font-weight: 400;\"> (o al menos una m\u00e1scara) para exprimir al m\u00e1ximo la diversi\u00f3n.<\/span><\/p><p><span style=\"font-weight: 400;\">En las calles vas a encontrar un buen n\u00famero de <\/span><i><span style=\"font-weight: 400;\">shows<\/span><\/i><span style=\"font-weight: 400;\"> musicales, pasacalles, desfiles, personas con ganas de pasarlo bien y much\u00edsima alegr\u00eda.\u00a0<\/span><span style=\"background-color: transparent;\">Una buena idea es asistir al <\/span><b style=\"background-color: transparent;\">Concurso de Murgas<\/b><span style=\"background-color: transparent;\">, un acontecimiento tan singular como memorable. Estas agrupaciones, que interpretan canciones sat\u00edricas, garantizan el entretenimiento y el espect\u00e1culo. En cualquier caso, la diversi\u00f3n se sucede durante el d\u00eda y la noche.<\/span><\/p>\t\t\t\t\t\t\t\t<\/div>\n\t\t\t\t<\/div>\n\t\t\t\t\t<\/div>\n\t\t<\/div>\n\t\t\t\t\t<\/div>\n\t\t<\/section>\n\t\t\t\t<section class=\"elementor-section elementor-top-section elementor-element elementor-element-4fef697 elementor-section-boxed elementor-section-height-default elementor-section-height-default\" data-id=\"4fef697\" data-element_type=\"section\" data-e-type=\"section\">\n\t\t\t\t\t\t<div class=\"elementor-container elementor-column-gap-default\">\n\t\t\t\t\t<div class=\"elementor-column elementor-col-100 elementor-top-column elementor-element elementor-element-8bb191a\" data-id=\"8bb191a\" data-element_type=\"column\" data-e-type=\"column\">\n\t\t\t<div class=\"elementor-widget-wrap elementor-element-populated\">\n\t\t\t\t\t\t<div class=\"elementor-element elementor-element-d6b0dad elementor-widget elementor-widget-image\" data-id=\"d6b0dad\" data-element_type=\"widget\" data-e-type=\"widget\" data-widget_type=\"image.default\">\n\t\t\t\t<div class=\"elementor-widget-container\">\n\t\t\t\t\t\t\t\t\t\t\t\t\t\t\t<img loading=\"lazy\" decoding=\"async\" width=\"1200\" height=\"750\" src=\"https:\/\/www.sansofestay.com\/blog\/wp-content\/uploads\/2024\/01\/desfile-carnaval-tenerife.jpg\" class=\"attachment-full size-full wp-image-1060\" alt=\"desfile-carnaval-tenerife\" srcset=\"https:\/\/www.sansofestay.com\/blog\/wp-content\/uploads\/2024\/01\/desfile-carnaval-tenerife.jpg 1200w, https:\/\/www.sansofestay.com\/blog\/wp-content\/uploads\/2024\/01\/desfile-carnaval-tenerife-768x480.jpg 768w\" sizes=\"(max-width: 1200px) 100vw, 1200px\" \/>\t\t\t\t\t\t\t\t\t\t\t\t\t\t\t<\/div>\n\t\t\t\t<\/div>\n\t\t\t\t\t<\/div>\n\t\t<\/div>\n\t\t\t\t\t<\/div>\n\t\t<\/section>\n\t\t\t\t<section class=\"elementor-section elementor-top-section elementor-element elementor-element-163db11 elementor-section-boxed elementor-section-height-default elementor-section-height-default\" data-id=\"163db11\" data-element_type=\"section\" data-e-type=\"section\">\n\t\t\t\t\t\t<div class=\"elementor-container elementor-column-gap-default\">\n\t\t\t\t\t<div class=\"elementor-column elementor-col-100 elementor-top-column elementor-element elementor-element-8958fe1\" data-id=\"8958fe1\" data-element_type=\"column\" data-e-type=\"column\">\n\t\t\t<div class=\"elementor-widget-wrap elementor-element-populated\">\n\t\t\t\t\t\t<div class=\"elementor-element elementor-element-bddde64 elementor-widget elementor-widget-heading\" data-id=\"bddde64\" data-element_type=\"widget\" data-e-type=\"widget\" data-widget_type=\"heading.default\">\n\t\t\t\t<div class=\"elementor-widget-container\">\n\t\t\t\t\t<h2 class=\"elementor-heading-title elementor-size-default\">Ven al Carnaval de Tenerife\n<\/h2>\t\t\t\t<\/div>\n\t\t\t\t<\/div>\n\t\t\t\t<div class=\"elementor-element elementor-element-def08dd elementor-widget elementor-widget-text-editor\" data-id=\"def08dd\" data-element_type=\"widget\" data-e-type=\"widget\" data-widget_type=\"text-editor.default\">\n\t\t\t\t<div class=\"elementor-widget-container\">\n\t\t\t\t\t\t\t\t\t<p><span style=\"font-weight: 400;\">\u00bfTe gustar\u00eda disfrutar del <\/span><b>Carnaval de Santa Cruz de Tenerife<\/b><span style=\"font-weight: 400;\"> de forma inmejorable? S\u00e9 previsor, reserva cuanto antes tu estancia y aseg\u00farate un alojamiento excelente en estas fechas clave.<\/span><\/p><p><span style=\"font-weight: 400;\">Para ello, lo mejor es que entres ahora en nuestra web. En <a href=\"http:\/\/www.sansofestay.com\/\"><strong>Sansof\u00e9 Stay<\/strong><\/a><\/span><span style=\"font-weight: 400;\">\u00a0somos especialistas en el <\/span><b>alquiler vacacional<\/b><span style=\"font-weight: 400;\"> en la zona norte de Tenerife. \u00bfCu\u00e1les son tus preferencias de alojamiento? Puedes hacerlo en un apartamento, un chal\u00e9, una villa o en ese espacio residencial tinerfe\u00f1o de tus sue\u00f1os.<\/span><\/p><p><span style=\"font-weight: 400;\">Si est\u00e1s instalado en un lugar acogedor, lujoso y pleno de servicios, combinar\u00e1s la diversi\u00f3n y la fiesta con un descanso reparador d\u00eda tras d\u00eda. Gracias a nuestra amplia oferta de <\/span><strong>alojamientos vacacionales en Tenerife<\/strong><span style=\"font-weight: 400;\">, encontrar\u00e1s lo que precisas. No lo dudes: haz tu reserva y ven al <\/span><b>Carnaval de Tenerife <\/b><span style=\"font-weight: 400;\">en cuanto sea posible. \u00a1Ser\u00e1 una de las mejores experiencias de tu vida!<\/span><\/p>\t\t\t\t\t\t\t\t<\/div>\n\t\t\t\t<\/div>\n\t\t\t\t\t<\/div>\n\t\t<\/div>\n\t\t\t\t\t<\/div>\n\t\t<\/section>\n\t\t\t\t<section class=\"elementor-section elementor-top-section elementor-element elementor-element-66d485b0 elementor-section-boxed elementor-section-height-default elementor-section-height-default\" data-id=\"66d485b0\" data-element_type=\"section\" data-e-type=\"section\">\n\t\t\t\t\t\t<div class=\"elementor-container elementor-column-gap-default\">\n\t\t\t\t\t<div class=\"elementor-column elementor-col-33 elementor-top-column elementor-element elementor-element-48489c63\" data-id=\"48489c63\" data-element_type=\"column\" data-e-type=\"column\">\n\t\t\t<div class=\"elementor-widget-wrap elementor-element-populated\">\n\t\t\t\t\t\t<div class=\"elementor-element elementor-element-56719695 elementor-align-center elementor-widget elementor-widget-button\" data-id=\"56719695\" data-element_type=\"widget\" data-e-type=\"widget\" data-widget_type=\"button.default\">\n\t\t\t\t<div class=\"elementor-widget-container\">\n\t\t\t\t\t\t\t\t\t<div class=\"elementor-button-wrapper\">\n\t\t\t\t\t<a class=\"elementor-button elementor-button-link elementor-size-sm\" href=\"https:\/\/www.sansofestay.com\/alquiler-vacacional-tenerife\/\" target=\"_blank\">\n\t\t\t\t\t\t<span class=\"elementor-button-content-wrapper\">\n\t\t\t\t\t\t\t\t\t<span class=\"elementor-button-text\">Alojamientos Tenerife Norte<\/span>\n\t\t\t\t\t<\/span>\n\t\t\t\t\t<\/a>\n\t\t\t\t<\/div>\n\t\t\t\t\t\t\t\t<\/div>\n\t\t\t\t<\/div>\n\t\t\t\t\t<\/div>\n\t\t<\/div>\n\t\t\t\t<div class=\"elementor-column elementor-col-33 elementor-top-column elementor-element elementor-element-67c99854\" data-id=\"67c99854\" data-element_type=\"column\" data-e-type=\"column\">\n\t\t\t<div class=\"elementor-widget-wrap elementor-element-populated\">\n\t\t\t\t\t\t<div class=\"elementor-element elementor-element-21edbcaa elementor-align-center elementor-widget elementor-widget-button\" data-id=\"21edbcaa\" data-element_type=\"widget\" data-e-type=\"widget\" data-widget_type=\"button.default\">\n\t\t\t\t<div class=\"elementor-widget-container\">\n\t\t\t\t\t\t\t\t\t<div class=\"elementor-button-wrapper\">\n\t\t\t\t\t<a class=\"elementor-button elementor-button-link elementor-size-sm\" href=\"https:\/\/www.sansofestay.com\/alquiler\/apartamentos-tenerife-c1e81\/\" target=\"_blank\">\n\t\t\t\t\t\t<span class=\"elementor-button-content-wrapper\">\n\t\t\t\t\t\t\t\t\t<span class=\"elementor-button-text\">Alquiler de apartamentos en Tenerife Norte<\/span>\n\t\t\t\t\t<\/span>\n\t\t\t\t\t<\/a>\n\t\t\t\t<\/div>\n\t\t\t\t\t\t\t\t<\/div>\n\t\t\t\t<\/div>\n\t\t\t\t\t<\/div>\n\t\t<\/div>\n\t\t\t\t<div class=\"elementor-column elementor-col-33 elementor-top-column elementor-element elementor-element-3700458a\" data-id=\"3700458a\" data-element_type=\"column\" data-e-type=\"column\">\n\t\t\t<div class=\"elementor-widget-wrap elementor-element-populated\">\n\t\t\t\t\t\t<div class=\"elementor-element elementor-element-4cb69cc4 elementor-align-center elementor-widget elementor-widget-button\" data-id=\"4cb69cc4\" data-element_type=\"widget\" data-e-type=\"widget\" data-widget_type=\"button.default\">\n\t\t\t\t<div class=\"elementor-widget-container\">\n\t\t\t\t\t\t\t\t\t<div class=\"elementor-button-wrapper\">\n\t\t\t\t\t<a class=\"elementor-button elementor-button-link elementor-size-sm\" href=\"https:\/\/www.sansofestay.com\/alquiler\/casas-tenerife-c19e81\/\" target=\"_blank\">\n\t\t\t\t\t\t<span class=\"elementor-button-content-wrapper\">\n\t\t\t\t\t\t\t\t\t<span class=\"elementor-button-text\">Casas de alquiler en Tenerife Norte<\/span>\n\t\t\t\t\t<\/span>\n\t\t\t\t\t<\/a>\n\t\t\t\t<\/div>\n\t\t\t\t\t\t\t\t<\/div>\n\t\t\t\t<\/div>\n\t\t\t\t\t<\/div>\n\t\t<\/div>\n\t\t\t\t\t<\/div>\n\t\t<\/section>\n\t\t\t\t<\/div>\n\t\t","protected":false},"excerpt":{"rendered":"<p>\u00cdNDICE El Carnaval de Tenerife en 2025 \u00a1Prep\u00e1rate para vivir la celebraci\u00f3n m\u00e1s emocionante y colorida del a\u00f1o en las&#8230;<\/p>\n","protected":false},"author":3,"featured_media":1065,"comment_status":"open","ping_status":"open","sticky":false,"template":"","format":"standard","meta":{"footnotes":""},"categories":[29],"class_list":["post-840","post","type-post","status-publish","format-standard","has-post-thumbnail","hentry","category-fiestas-y-eventos"],"yoast_head":"<!-- This site is optimized with the Yoast SEO plugin v27.2 - https:\/\/yoast.com\/product\/yoast-seo-wordpress\/ -->\n<title>\u00bfTe apetece vivir el carnaval de Tenerife 2025?<\/title>\n<meta name=\"description\" content=\"El Carnaval de Tenerife es una fiesta mundialmente conocida y plena de inter\u00e9s, color y alegr\u00eda. En este art\u00edculo te animamos a disfrutarlo.\" \/>\n<meta name=\"robots\" content=\"index, follow, max-snippet:-1, max-image-preview:large, max-video-preview:-1\" \/>\n<link rel=\"canonical\" href=\"https:\/\/www.sansofestay.com\/blog\/de\/carnaval-santa-cruz-de-tenerife\/\" \/>\n<meta property=\"og:locale\" content=\"de_DE\" \/>\n<meta property=\"og:type\" content=\"article\" \/>\n<meta property=\"og:title\" content=\"\u00bfTe apetece vivir el carnaval de Tenerife 2025?\" \/>\n<meta property=\"og:description\" content=\"El Carnaval de Tenerife es una fiesta mundialmente conocida y plena de inter\u00e9s, color y alegr\u00eda. En este art\u00edculo te animamos a disfrutarlo.\" \/>\n<meta property=\"og:url\" content=\"https:\/\/www.sansofestay.com\/blog\/de\/carnaval-santa-cruz-de-tenerife\/\" \/>\n<meta property=\"og:site_name\" content=\"Urlaub auf Teneriffa Nord | Sansof\u00e9\" \/>\n<meta property=\"article:published_time\" content=\"2023-10-16T08:47:27+00:00\" \/>\n<meta property=\"article:modified_time\" content=\"2025-01-28T13:04:30+00:00\" \/>\n<meta property=\"og:image\" content=\"https:\/\/www.sansofestay.com\/blog\/wp-content\/uploads\/2023\/10\/carnaval-tenerife-2024-1.jpg\" \/>\n\t<meta property=\"og:image:width\" content=\"1920\" \/>\n\t<meta property=\"og:image:height\" content=\"650\" \/>\n\t<meta property=\"og:image:type\" content=\"image\/jpeg\" \/>\n<meta name=\"author\" content=\"digitalservices@avantio.com\" \/>\n<meta name=\"twitter:card\" content=\"summary_large_image\" \/>\n<meta name=\"twitter:label1\" content=\"Verfasst von\" \/>\n\t<meta name=\"twitter:data1\" content=\"digitalservices@avantio.com\" \/>\n\t<meta name=\"twitter:label2\" content=\"Gesch\u00e4tzte Lesezeit\" \/>\n\t<meta name=\"twitter:data2\" content=\"6\u00a0Minuten\" \/>\n<script type=\"application\/ld+json\" class=\"yoast-schema-graph\">{\"@context\":\"https:\/\/schema.org\",\"@graph\":[{\"@type\":\"Article\",\"@id\":\"https:\/\/www.sansofestay.com\/blog\/de\/carnaval-santa-cruz-de-tenerife\/#article\",\"isPartOf\":{\"@id\":\"https:\/\/www.sansofestay.com\/blog\/de\/carnaval-santa-cruz-de-tenerife\/\"},\"author\":{\"name\":\"digitalservices@avantio.com\",\"@id\":\"https:\/\/www.sansofestay.com\/blog\/de\/#\/schema\/person\/c206c4732c6fd34c0667c8566b602cd6\"},\"headline\":\"\u00bfTe apetece vivir el carnaval de Tenerife 2025?\",\"datePublished\":\"2023-10-16T08:47:27+00:00\",\"dateModified\":\"2025-01-28T13:04:30+00:00\",\"mainEntityOfPage\":{\"@id\":\"https:\/\/www.sansofestay.com\/blog\/de\/carnaval-santa-cruz-de-tenerife\/\"},\"wordCount\":1094,\"commentCount\":0,\"image\":{\"@id\":\"https:\/\/www.sansofestay.com\/blog\/de\/carnaval-santa-cruz-de-tenerife\/#primaryimage\"},\"thumbnailUrl\":\"https:\/\/www.sansofestay.com\/blog\/wp-content\/uploads\/2023\/10\/carnaval-tenerife-2024-1.jpg\",\"articleSection\":[\"Fiestas y Eventos\"],\"inLanguage\":\"de\",\"potentialAction\":[{\"@type\":\"CommentAction\",\"name\":\"Comment\",\"target\":[\"https:\/\/www.sansofestay.com\/blog\/de\/carnaval-santa-cruz-de-tenerife\/#respond\"]}]},{\"@type\":\"WebPage\",\"@id\":\"https:\/\/www.sansofestay.com\/blog\/de\/carnaval-santa-cruz-de-tenerife\/\",\"url\":\"https:\/\/www.sansofestay.com\/blog\/de\/carnaval-santa-cruz-de-tenerife\/\",\"name\":\"\u00bfTe apetece vivir el carnaval de Tenerife 2025?\",\"isPartOf\":{\"@id\":\"https:\/\/www.sansofestay.com\/blog\/de\/#website\"},\"primaryImageOfPage\":{\"@id\":\"https:\/\/www.sansofestay.com\/blog\/de\/carnaval-santa-cruz-de-tenerife\/#primaryimage\"},\"image\":{\"@id\":\"https:\/\/www.sansofestay.com\/blog\/de\/carnaval-santa-cruz-de-tenerife\/#primaryimage\"},\"thumbnailUrl\":\"https:\/\/www.sansofestay.com\/blog\/wp-content\/uploads\/2023\/10\/carnaval-tenerife-2024-1.jpg\",\"datePublished\":\"2023-10-16T08:47:27+00:00\",\"dateModified\":\"2025-01-28T13:04:30+00:00\",\"author\":{\"@id\":\"https:\/\/www.sansofestay.com\/blog\/de\/#\/schema\/person\/c206c4732c6fd34c0667c8566b602cd6\"},\"description\":\"El Carnaval de Tenerife es una fiesta mundialmente conocida y plena de inter\u00e9s, color y alegr\u00eda. En este art\u00edculo te animamos a disfrutarlo.\",\"inLanguage\":\"de\",\"potentialAction\":[{\"@type\":\"ReadAction\",\"target\":[\"https:\/\/www.sansofestay.com\/blog\/de\/carnaval-santa-cruz-de-tenerife\/\"]}]},{\"@type\":\"ImageObject\",\"inLanguage\":\"de\",\"@id\":\"https:\/\/www.sansofestay.com\/blog\/de\/carnaval-santa-cruz-de-tenerife\/#primaryimage\",\"url\":\"https:\/\/www.sansofestay.com\/blog\/wp-content\/uploads\/2023\/10\/carnaval-tenerife-2024-1.jpg\",\"contentUrl\":\"https:\/\/www.sansofestay.com\/blog\/wp-content\/uploads\/2023\/10\/carnaval-tenerife-2024-1.jpg\",\"width\":1920,\"height\":650,\"caption\":\"carnaval tenerife 2024\"},{\"@type\":\"WebSite\",\"@id\":\"https:\/\/www.sansofestay.com\/blog\/de\/#website\",\"url\":\"https:\/\/www.sansofestay.com\/blog\/de\/\",\"name\":\"Urlaub auf Teneriffa Nord | Sansof\u00e9\",\"description\":\"Touristische Informationen \u00fcber die Insel Teneriffa. Entdecken Sie die Insel, die besten Gegenden, Aktivit\u00e4ten und Tipps.\",\"potentialAction\":[{\"@type\":\"SearchAction\",\"target\":{\"@type\":\"EntryPoint\",\"urlTemplate\":\"https:\/\/www.sansofestay.com\/blog\/de\/?s={search_term_string}\"},\"query-input\":{\"@type\":\"PropertyValueSpecification\",\"valueRequired\":true,\"valueName\":\"search_term_string\"}}],\"inLanguage\":\"de\"},{\"@type\":\"Person\",\"@id\":\"https:\/\/www.sansofestay.com\/blog\/de\/#\/schema\/person\/c206c4732c6fd34c0667c8566b602cd6\",\"name\":\"digitalservices@avantio.com\",\"image\":{\"@type\":\"ImageObject\",\"inLanguage\":\"de\",\"@id\":\"https:\/\/secure.gravatar.com\/avatar\/af30f88a1904294c1f3eb09a9d7903eec4ffa18fa2cf40c28a8681014ecdfc20?s=96&d=mm&r=g\",\"url\":\"https:\/\/secure.gravatar.com\/avatar\/af30f88a1904294c1f3eb09a9d7903eec4ffa18fa2cf40c28a8681014ecdfc20?s=96&d=mm&r=g\",\"contentUrl\":\"https:\/\/secure.gravatar.com\/avatar\/af30f88a1904294c1f3eb09a9d7903eec4ffa18fa2cf40c28a8681014ecdfc20?s=96&d=mm&r=g\",\"caption\":\"digitalservices@avantio.com\"},\"url\":\"https:\/\/www.sansofestay.com\/blog\/de\/author\/digitalservicesavantio-com\/\"}]}<\/script>\n<!-- \/ Yoast SEO plugin. -->","yoast_head_json":{"title":"\u00bfTe apetece vivir el carnaval de Tenerife 2025?","description":"El Carnaval de Tenerife es una fiesta mundialmente conocida y plena de inter\u00e9s, color y alegr\u00eda. En este art\u00edculo te animamos a disfrutarlo.","robots":{"index":"index","follow":"follow","max-snippet":"max-snippet:-1","max-image-preview":"max-image-preview:large","max-video-preview":"max-video-preview:-1"},"canonical":"https:\/\/www.sansofestay.com\/blog\/de\/carnaval-santa-cruz-de-tenerife\/","og_locale":"de_DE","og_type":"article","og_title":"\u00bfTe apetece vivir el carnaval de Tenerife 2025?","og_description":"El Carnaval de Tenerife es una fiesta mundialmente conocida y plena de inter\u00e9s, color y alegr\u00eda. En este art\u00edculo te animamos a disfrutarlo.","og_url":"https:\/\/www.sansofestay.com\/blog\/de\/carnaval-santa-cruz-de-tenerife\/","og_site_name":"Urlaub auf Teneriffa Nord | Sansof\u00e9","article_published_time":"2023-10-16T08:47:27+00:00","article_modified_time":"2025-01-28T13:04:30+00:00","og_image":[{"width":1920,"height":650,"url":"https:\/\/www.sansofestay.com\/blog\/wp-content\/uploads\/2023\/10\/carnaval-tenerife-2024-1.jpg","type":"image\/jpeg"}],"author":"digitalservices@avantio.com","twitter_card":"summary_large_image","twitter_misc":{"Verfasst von":"digitalservices@avantio.com","Gesch\u00e4tzte Lesezeit":"6\u00a0Minuten"},"schema":{"@context":"https:\/\/schema.org","@graph":[{"@type":"Article","@id":"https:\/\/www.sansofestay.com\/blog\/de\/carnaval-santa-cruz-de-tenerife\/#article","isPartOf":{"@id":"https:\/\/www.sansofestay.com\/blog\/de\/carnaval-santa-cruz-de-tenerife\/"},"author":{"name":"digitalservices@avantio.com","@id":"https:\/\/www.sansofestay.com\/blog\/de\/#\/schema\/person\/c206c4732c6fd34c0667c8566b602cd6"},"headline":"\u00bfTe apetece vivir el carnaval de Tenerife 2025?","datePublished":"2023-10-16T08:47:27+00:00","dateModified":"2025-01-28T13:04:30+00:00","mainEntityOfPage":{"@id":"https:\/\/www.sansofestay.com\/blog\/de\/carnaval-santa-cruz-de-tenerife\/"},"wordCount":1094,"commentCount":0,"image":{"@id":"https:\/\/www.sansofestay.com\/blog\/de\/carnaval-santa-cruz-de-tenerife\/#primaryimage"},"thumbnailUrl":"https:\/\/www.sansofestay.com\/blog\/wp-content\/uploads\/2023\/10\/carnaval-tenerife-2024-1.jpg","articleSection":["Fiestas y Eventos"],"inLanguage":"de","potentialAction":[{"@type":"CommentAction","name":"Comment","target":["https:\/\/www.sansofestay.com\/blog\/de\/carnaval-santa-cruz-de-tenerife\/#respond"]}]},{"@type":"WebPage","@id":"https:\/\/www.sansofestay.com\/blog\/de\/carnaval-santa-cruz-de-tenerife\/","url":"https:\/\/www.sansofestay.com\/blog\/de\/carnaval-santa-cruz-de-tenerife\/","name":"\u00bfTe apetece vivir el carnaval de Tenerife 2025?","isPartOf":{"@id":"https:\/\/www.sansofestay.com\/blog\/de\/#website"},"primaryImageOfPage":{"@id":"https:\/\/www.sansofestay.com\/blog\/de\/carnaval-santa-cruz-de-tenerife\/#primaryimage"},"image":{"@id":"https:\/\/www.sansofestay.com\/blog\/de\/carnaval-santa-cruz-de-tenerife\/#primaryimage"},"thumbnailUrl":"https:\/\/www.sansofestay.com\/blog\/wp-content\/uploads\/2023\/10\/carnaval-tenerife-2024-1.jpg","datePublished":"2023-10-16T08:47:27+00:00","dateModified":"2025-01-28T13:04:30+00:00","author":{"@id":"https:\/\/www.sansofestay.com\/blog\/de\/#\/schema\/person\/c206c4732c6fd34c0667c8566b602cd6"},"description":"El Carnaval de Tenerife es una fiesta mundialmente conocida y plena de inter\u00e9s, color y alegr\u00eda. En este art\u00edculo te animamos a disfrutarlo.","inLanguage":"de","potentialAction":[{"@type":"ReadAction","target":["https:\/\/www.sansofestay.com\/blog\/de\/carnaval-santa-cruz-de-tenerife\/"]}]},{"@type":"ImageObject","inLanguage":"de","@id":"https:\/\/www.sansofestay.com\/blog\/de\/carnaval-santa-cruz-de-tenerife\/#primaryimage","url":"https:\/\/www.sansofestay.com\/blog\/wp-content\/uploads\/2023\/10\/carnaval-tenerife-2024-1.jpg","contentUrl":"https:\/\/www.sansofestay.com\/blog\/wp-content\/uploads\/2023\/10\/carnaval-tenerife-2024-1.jpg","width":1920,"height":650,"caption":"carnaval tenerife 2024"},{"@type":"WebSite","@id":"https:\/\/www.sansofestay.com\/blog\/de\/#website","url":"https:\/\/www.sansofestay.com\/blog\/de\/","name":"Urlaub auf Teneriffa Nord | Sansof\u00e9","description":"Touristische Informationen \u00fcber die Insel Teneriffa. Entdecken Sie die Insel, die besten Gegenden, Aktivit\u00e4ten und Tipps.","potentialAction":[{"@type":"SearchAction","target":{"@type":"EntryPoint","urlTemplate":"https:\/\/www.sansofestay.com\/blog\/de\/?s={search_term_string}"},"query-input":{"@type":"PropertyValueSpecification","valueRequired":true,"valueName":"search_term_string"}}],"inLanguage":"de"},{"@type":"Person","@id":"https:\/\/www.sansofestay.com\/blog\/de\/#\/schema\/person\/c206c4732c6fd34c0667c8566b602cd6","name":"digitalservices@avantio.com","image":{"@type":"ImageObject","inLanguage":"de","@id":"https:\/\/secure.gravatar.com\/avatar\/af30f88a1904294c1f3eb09a9d7903eec4ffa18fa2cf40c28a8681014ecdfc20?s=96&d=mm&r=g","url":"https:\/\/secure.gravatar.com\/avatar\/af30f88a1904294c1f3eb09a9d7903eec4ffa18fa2cf40c28a8681014ecdfc20?s=96&d=mm&r=g","contentUrl":"https:\/\/secure.gravatar.com\/avatar\/af30f88a1904294c1f3eb09a9d7903eec4ffa18fa2cf40c28a8681014ecdfc20?s=96&d=mm&r=g","caption":"digitalservices@avantio.com"},"url":"https:\/\/www.sansofestay.com\/blog\/de\/author\/digitalservicesavantio-com\/"}]}},"_pingme":"","_encloseme":"","_top_nav_excluded":"","_cms_nav_minihome":"","_last_translation_edit_mode":"","_edit_last":"3","_wpml_media_featured":"1","_wpml_media_duplicate":"1","_edit_lock":"1738071965:3","_wpml_word_count":"1053","_yoast_wpseo_estimated-reading-time-minutes":"6","_yoast_wpseo_meta-robots-noindex":"","_yoast_wpseo_meta-robots-nofollow":"","_yoast_wpseo_wordproof_timestamp":"","_yoast_wpseo_primary_category":29,"_elementor_edit_mode":"builder","_elementor_template_type":"wp-post","_elementor_version":"3.19.4","_elementor_pro_version":"3.19.3","_wp_page_template":"default","_elementor_page_settings":{"page_template":"elementor_header_footer"},"_elementor_data":"[{\"id\":\"09e55e5\",\"elType\":\"section\",\"settings\":[],\"elements\":[{\"id\":\"613b9cf\",\"elType\":\"column\",\"settings\":{\"_column_size\":100,\"_inline_size\":null},\"elements\":[{\"id\":\"57d92a9\",\"elType\":\"widget\",\"settings\":{\"title\":\"\\u00cdNDICE\",\"html_tag\":\"div\",\"headings_by_tags\":[\"h2\"],\"exclude_headings_by_selector\":[],\"marker_view\":\"bullets\",\"icon\":{\"value\":\"\",\"library\":\"\"},\"minimize_box\":\"\",\"border_radius\":{\"unit\":\"px\",\"size\":20,\"sizes\":[]},\"header_background_color\":\"#69775E\",\"header_text_color\":\"#FFFFFF\"},\"elements\":[],\"widgetType\":\"table-of-contents\"}],\"isInner\":false}],\"isInner\":false},{\"id\":\"16316fc4\",\"elType\":\"section\",\"settings\":[],\"elements\":[{\"id\":\"6a2c335d\",\"elType\":\"column\",\"settings\":{\"_column_size\":100,\"_inline_size\":null},\"elements\":[{\"id\":\"8a808eb\",\"elType\":\"widget\",\"settings\":{\"title\":\"El Carnaval de Tenerife en 2025\",\"title_color\":\"#7A7A7A\",\"typography_typography\":\"custom\",\"typography_font_family\":\"Roboto\",\"typography_font_size\":{\"unit\":\"px\",\"size\":30,\"sizes\":[]},\"typography_font_weight\":\"700\",\"_margin\":{\"unit\":\"px\",\"top\":\"50\",\"right\":\"0\",\"bottom\":\"0\",\"left\":\"0\",\"isLinked\":false}},\"elements\":[],\"widgetType\":\"heading\"},{\"id\":\"2f3862a9\",\"elType\":\"widget\",\"settings\":{\"editor\":\"<p><span style=\\\"font-weight: 400;\\\">\\u00a1Prep\\u00e1rate para vivir la celebraci\\u00f3n m\\u00e1s emocionante y colorida del a\\u00f1o en las Islas Canarias! El Carnaval de Santa Cruz de Tenerife en 2025 se acerca, y con \\u00e9l llega un mes repleto de festividades, m\\u00fasica, baile, y, por supuesto, impresionantes desfiles de carnaval. E<\\\/span><span style=\\\"font-weight: 400;\\\">ste carnaval promete un viaje lleno de diversi\\u00f3n y alegr\\u00eda que no querr\\u00e1s perderte. En este blog, te guiaremos a trav\\u00e9s de las fechas clave y los eventos m\\u00e1s emocionantes de esta celebraci\\u00f3n ic\\u00f3nica, para que est\\u00e9s preparado para sumergirte en la magia del <\\\/span><b>Carnaval de Santa Cruz de Tenerife.<\\\/b><\\\/p>\",\"text_color\":\"#7A7A7A\",\"typography_typography\":\"custom\",\"typography_font_family\":\"Roboto\",\"typography_font_size\":{\"unit\":\"px\",\"size\":18,\"sizes\":[]},\"typography_font_weight\":\"400\",\"align\":\"justify\",\"_margin\":{\"unit\":\"px\",\"top\":\"-15\",\"right\":\"0\",\"bottom\":\"0\",\"left\":\"0\",\"isLinked\":false}},\"elements\":[],\"widgetType\":\"text-editor\"}],\"isInner\":false}],\"isInner\":false},{\"id\":\"2484877\",\"elType\":\"section\",\"settings\":[],\"elements\":[{\"id\":\"9cbc523\",\"elType\":\"column\",\"settings\":{\"_column_size\":100,\"_inline_size\":null},\"elements\":[{\"id\":\"2ee2844\",\"elType\":\"widget\",\"settings\":{\"blockquote_content\":\"<b>Fechas<\\\/b>: del 31 de enero al 9 de marzo\",\"author_name\":\"\",\"tweet_button\":\"\",\"tweet_button_label\":\"Tuit\",\"content_typography_typography\":\"custom\",\"content_typography_font_family\":\"Roboto Slab\",\"content_typography_font_size\":{\"unit\":\"px\",\"size\":25,\"sizes\":[]},\"content_typography_font_weight\":\"400\",\"__globals__\":{\"content_typography_typography\":\"\"}},\"elements\":[],\"widgetType\":\"blockquote\"}],\"isInner\":false}],\"isInner\":false},{\"id\":\"5ff245b\",\"elType\":\"section\",\"settings\":[],\"elements\":[{\"id\":\"b858f7a\",\"elType\":\"column\",\"settings\":{\"_column_size\":100,\"_inline_size\":null},\"elements\":[{\"id\":\"444d114\",\"elType\":\"widget\",\"settings\":{\"title\":\"Programa del carnaval de Tenerife\\n\",\"title_color\":\"#7A7A7A\",\"typography_typography\":\"custom\",\"typography_font_family\":\"Roboto\",\"typography_font_size\":{\"unit\":\"px\",\"size\":30,\"sizes\":[]},\"typography_font_weight\":\"700\",\"_margin\":{\"unit\":\"px\",\"top\":\"50\",\"right\":\"0\",\"bottom\":\"0\",\"left\":\"0\",\"isLinked\":false}},\"elements\":[],\"widgetType\":\"heading\"}],\"isInner\":false}],\"isInner\":false},{\"id\":\"73db975a\",\"elType\":\"section\",\"settings\":[],\"elements\":[{\"id\":\"61602536\",\"elType\":\"column\",\"settings\":{\"_column_size\":100,\"_inline_size\":null},\"elements\":[{\"id\":\"54e798df\",\"elType\":\"widget\",\"settings\":{\"editor\":\"<p><span style=\\\"font-weight: 400;\\\">Con la llegada del nuevo a\\u00f1o, las Islas Canarias se preparan para dar rienda suelta a una de las celebraciones m\\u00e1s esperadas: el <\\\/span><b>Carnaval de Santa Cruz de Tenerife<\\\/b><span style=\\\"font-weight: 400;\\\">. La ciudad se transforma en un escenario de alegr\\u00eda, m\\u00fasica y color, marcando el inicio de una fiesta que cautiva a locales y visitantes por igual. Las primeras semanas del a\\u00f1o son testigos de un despliegue de creatividad y diversi\\u00f3n con las murgas infantiles, el <\\\/span><b>Festival Coreogr\\u00e1fico<\\\/b><span style=\\\"font-weight: 400;\\\"> y la emocionante elecci\\u00f3n de la<\\\/span><b> Reina del Carnaval de los Mayores<\\\/b><span style=\\\"font-weight: 400;\\\">. Prepara tu agenda y tus mejores disfraces porque en enero, Tenerife se viste de carnaval.<\\\/span><\\\/p>\",\"text_color\":\"#7A7A7A\",\"typography_typography\":\"custom\",\"typography_font_family\":\"Roboto\",\"typography_font_size\":{\"unit\":\"px\",\"size\":18,\"sizes\":[]},\"typography_font_weight\":\"400\",\"align\":\"justify\",\"_margin\":{\"unit\":\"px\",\"top\":\"-15\",\"right\":\"0\",\"bottom\":\"0\",\"left\":\"0\",\"isLinked\":false}},\"elements\":[],\"widgetType\":\"text-editor\"}],\"isInner\":false}],\"isInner\":false},{\"id\":\"f4514a9\",\"elType\":\"section\",\"settings\":{\"structure\":\"30\"},\"elements\":[{\"id\":\"371b36a\",\"elType\":\"column\",\"settings\":{\"_column_size\":33,\"_inline_size\":null},\"elements\":[{\"id\":\"23e4847\",\"elType\":\"widget\",\"settings\":{\"editor\":\"<h4><strong>Cabalgata y Carnaval en la Calle<\\\/strong><\\\/h4><ul><li><strong>Cabalgata Anunciadora:<\\\/strong> 28 de febrero<\\\/li><li><strong>Carnaval de D\\u00eda:<\\\/strong><ul><li>Primera jornada: 2 de marzo<\\\/li><li>Segunda jornada: 8 de marzo<\\\/li><\\\/ul><\\\/li><li><strong>Coso Apoteosis:<\\\/strong> 4 de marzo<\\\/li><li><strong>Entierro de la Sardina:<\\\/strong> 5 de marzo<\\\/li><li><strong>Sardina de la Inclusi\\u00f3n:<\\\/strong> 6 de marzo<\\\/li><\\\/ul>\"},\"elements\":[],\"widgetType\":\"text-editor\"}],\"isInner\":false},{\"id\":\"ef3a2da\",\"elType\":\"column\",\"settings\":{\"_column_size\":33,\"_inline_size\":null},\"elements\":[{\"id\":\"80a1e4c\",\"elType\":\"widget\",\"settings\":{\"editor\":\"<h4><strong>Elecci\\u00f3n de la Reina<\\\/strong><\\\/h4><ul><li><strong>Reina Infantil:<\\\/strong> 16 de febrero<\\\/li><li><strong>Reina de los Mayores:<\\\/strong> 19 de febrero<\\\/li><li><strong>Reina del Carnaval:<\\\/strong> 26 de febrero<\\\/li><\\\/ul>\"},\"elements\":[],\"widgetType\":\"text-editor\"}],\"isInner\":false},{\"id\":\"0a75474\",\"elType\":\"column\",\"settings\":{\"_column_size\":33,\"_inline_size\":null},\"elements\":[{\"id\":\"8a3bba5\",\"elType\":\"widget\",\"settings\":{\"editor\":\"<h4><strong>Concurso de Murgas<\\\/strong><\\\/h4><p><strong>Murgas Infantiles:<\\\/strong><\\\/p><ul><li>Primera fase: 7 de febrero<\\\/li><li>Segunda fase: 8 de febrero<\\\/li><\\\/ul><p><strong>Murgas Adultas:<\\\/strong><\\\/p><ul><li>Primera fase: 10 de febrero<\\\/li><li>Segunda fase: 11 de febrero<\\\/li><li>Tercera fase: 12 de febrero<\\\/li><li>Final: 14 de febrero<\\\/li><\\\/ul>\"},\"elements\":[],\"widgetType\":\"text-editor\"}],\"isInner\":false}],\"isInner\":false},{\"id\":\"9d333ba\",\"elType\":\"section\",\"settings\":{\"structure\":\"20\"},\"elements\":[{\"id\":\"b7d77d0\",\"elType\":\"column\",\"settings\":{\"_column_size\":50,\"_inline_size\":null},\"elements\":[{\"id\":\"8716987\",\"elType\":\"widget\",\"settings\":{\"editor\":\"<h4><strong>Otras Fechas Destacadas<\\\/strong><\\\/h4><ul><li><strong>Agrupaciones Musicales:<\\\/strong> 15 de febrero<\\\/li><li><strong>Canci\\u00f3n de la Risa:<\\\/strong> 21 de febrero<\\\/li><li><strong>Comparsas:<\\\/strong> 22 de febrero<\\\/li><li><strong>Disfraces y Rondallas:<\\\/strong> 23 de febrero<\\\/li><li><strong>Certamen de Ritmo y Armon\\u00eda:<\\\/strong> 1 de marzo<\\\/li><li><strong>Coso Infantil y Gala Dragnaval:<\\\/strong> 7 de marzo<\\\/li><\\\/ul>\"},\"elements\":[],\"widgetType\":\"text-editor\"}],\"isInner\":false},{\"id\":\"524b3be\",\"elType\":\"column\",\"settings\":{\"_column_size\":50,\"_inline_size\":null},\"elements\":[{\"id\":\"cfe26d5\",\"elType\":\"widget\",\"settings\":{\"image\":{\"url\":\"https:\\\/\\\/www.sansofestay.com\\\/blog\\\/wp-content\\\/uploads\\\/2024\\\/01\\\/Carnaval-de-Tenerife-2024.jpg\",\"id\":1056},\"image_size\":\"full\"},\"elements\":[],\"widgetType\":\"image\"}],\"isInner\":false}],\"isInner\":false},{\"id\":\"38ac716a\",\"elType\":\"section\",\"settings\":[],\"elements\":[{\"id\":\"330585c7\",\"elType\":\"column\",\"settings\":{\"_column_size\":100,\"_inline_size\":null},\"elements\":[{\"id\":\"3eebcda3\",\"elType\":\"widget\",\"settings\":{\"title\":\"Tradici\\u00f3n del carnaval en Tenerife\",\"title_color\":\"#7A7A7A\",\"typography_typography\":\"custom\",\"typography_font_family\":\"Roboto\",\"typography_font_size\":{\"unit\":\"px\",\"size\":30,\"sizes\":[]},\"typography_font_weight\":\"700\",\"_margin\":{\"unit\":\"px\",\"top\":\"50\",\"right\":\"0\",\"bottom\":\"0\",\"left\":\"0\",\"isLinked\":false}},\"elements\":[],\"widgetType\":\"heading\"},{\"id\":\"a27e99b\",\"elType\":\"widget\",\"settings\":{\"editor\":\"<p><span style=\\\"font-weight: 400;\\\">El origen del <\\\/span><b>Carnaval de Tenerife<\\\/b><span style=\\\"font-weight: 400;\\\"> se remonta al <\\\/span><b>siglo XVI<\\\/b><span style=\\\"font-weight: 400;\\\">. Canarias era una parada habitual en el despliegue de la cultura europea hacia el Nuevo Continente. Esto posibilit\\u00f3 que, poco a poco, se implantar\\u00e1 en sus islas. Solo doscientos a\\u00f1os despu\\u00e9s, ya era muy famoso.<\\\/span><\\\/p>\\n<p><span style=\\\"font-weight: 400;\\\">Desde sus inicios, se caracteriz\\u00f3 por tener un enfoque callejero. As\\u00ed, siempre ha sido igual de popular entre las clases pudientes y las gentes del pueblo.<\\\/span><\\\/p>\\n<p><span style=\\\"font-weight: 400;\\\">La <\\\/span><b>tradici\\u00f3n del uso de m\\u00e1scaras<\\\/b><span style=\\\"font-weight: 400;\\\">, sin embargo, se concret\\u00f3 en el siglo XIX. En este caso, las mujeres de la alta sociedad las usaban para disfrutar de la fiesta sin ser reconocidas. Durante el siglo XX, su fama atrajo a gran cantidad de turistas. A partir de 1925, aparecieron las murgas, las comparsas, las agrupaciones y las rondallas que lo caracterizan actualmente.<\\\/span><\\\/p>\\n<p><span style=\\\"font-weight: 400;\\\">\\u00bfSabes que millares de tinerfe\\u00f1os ensayan seis meses al a\\u00f1o para tenerlo todo preparado? La importancia de este evento es tal que incluso permanece abierta la <\\\/span><b>Casa del Carnaval<\\\/b><span style=\\\"font-weight: 400;\\\"> durante todo el a\\u00f1o.<\\\/span><\\\/p>\",\"text_color\":\"#7A7A7A\",\"typography_typography\":\"custom\",\"typography_font_family\":\"Roboto\",\"typography_font_size\":{\"unit\":\"px\",\"size\":18,\"sizes\":[]},\"typography_font_weight\":\"400\",\"align\":\"justify\",\"_margin\":{\"unit\":\"px\",\"top\":\"-15\",\"right\":\"0\",\"bottom\":\"0\",\"left\":\"0\",\"isLinked\":false}},\"elements\":[],\"widgetType\":\"text-editor\"}],\"isInner\":false}],\"isInner\":false},{\"id\":\"de5ea1c\",\"elType\":\"section\",\"settings\":[],\"elements\":[{\"id\":\"824af78\",\"elType\":\"column\",\"settings\":{\"_column_size\":100,\"_inline_size\":null},\"elements\":[{\"id\":\"734fc83\",\"elType\":\"widget\",\"settings\":{\"image\":{\"url\":\"https:\\\/\\\/www.sansofestay.com\\\/blog\\\/wp-content\\\/uploads\\\/2024\\\/01\\\/bailarines-carnaval-tenerife-2024.jpg\",\"id\":1058},\"image_size\":\"full\"},\"elements\":[],\"widgetType\":\"image\"}],\"isInner\":false}],\"isInner\":false},{\"id\":\"c1e44a8\",\"elType\":\"section\",\"settings\":[],\"elements\":[{\"id\":\"1a24df4\",\"elType\":\"column\",\"settings\":{\"_column_size\":100,\"_inline_size\":null},\"elements\":[{\"id\":\"e400ae7\",\"elType\":\"widget\",\"settings\":{\"title\":\"\\u00bfCu\\u00e1les ser\\u00e1n los principales eventos del carnaval de Tenerife?\\n\",\"title_color\":\"#7A7A7A\",\"typography_typography\":\"custom\",\"typography_font_family\":\"Roboto\",\"typography_font_size\":{\"unit\":\"px\",\"size\":30,\"sizes\":[]},\"typography_font_weight\":\"700\",\"_margin\":{\"unit\":\"px\",\"top\":\"50\",\"right\":\"0\",\"bottom\":\"0\",\"left\":\"0\",\"isLinked\":false}},\"elements\":[],\"widgetType\":\"heading\"},{\"id\":\"dbcb084\",\"elType\":\"widget\",\"settings\":{\"editor\":\"<p><span style=\\\"font-weight: 400;\\\">La gala de elecci\\u00f3n de la <\\\/span><b>reina para el Carnaval de Tenerife<\\\/b><span style=\\\"font-weight: 400;\\\"> es el evento m\\u00e1s simb\\u00f3lico y aclamado. Adem\\u00e1s, los carnavaleros tinerfe\\u00f1os valoran especialmente otros actos tradicionales:<\\\/span><\\\/p>\",\"text_color\":\"#7A7A7A\",\"typography_typography\":\"custom\",\"typography_font_family\":\"Roboto\",\"typography_font_size\":{\"unit\":\"px\",\"size\":18,\"sizes\":[]},\"typography_font_weight\":\"400\",\"align\":\"justify\",\"_margin\":{\"unit\":\"px\",\"top\":\"-15\",\"right\":\"0\",\"bottom\":\"0\",\"left\":\"0\",\"isLinked\":false}},\"elements\":[],\"widgetType\":\"text-editor\"}],\"isInner\":false}],\"isInner\":false},{\"id\":\"e123dfb\",\"elType\":\"section\",\"settings\":{\"structure\":\"20\"},\"elements\":[{\"id\":\"22030c3\",\"elType\":\"column\",\"settings\":{\"_column_size\":50,\"_inline_size\":null},\"elements\":[{\"id\":\"e5f0d03\",\"elType\":\"widget\",\"settings\":{\"editor\":\"<ul><li style=\\\"font-weight: 400;\\\" aria-level=\\\"1\\\"><b>El d\\u00eda del coso apoteosis<\\\/b><span style=\\\"font-weight: 400;\\\">. Supone la m\\u00e1xima exhibici\\u00f3n de color, ritmo y alegr\\u00eda de estas fiestas. Se concreta en un desfile de carrozas, ciudadanos y comparsas que tocan m\\u00fasica animada.<\\\/span><\\\/li>\\n<li style=\\\"font-weight: 400;\\\" aria-level=\\\"1\\\"><b>El entierro de la sardina<\\\/b><span style=\\\"font-weight: 400;\\\">. Tiene lugar el mi\\u00e9rcoles de ceniza y se envuelve de un halo de irreverencia y desenfado muy caracter\\u00edstico. Las viudas sollozan y se lamentan por la proximidad del fin de los carnavales.<\\\/span><\\\/li>\\n<li style=\\\"font-weight: 400;\\\" aria-level=\\\"1\\\"><b>Carnaval de d\\u00eda y fin de semana de pi\\u00f1ata<\\\/b><span style=\\\"font-weight: 400;\\\">. Son el colof\\u00f3n del carnaval y el cierre dorado en el que se despide a don Carnal.<\\\/span><\\\/li>\\n<\\\/ul>\",\"text_color\":\"#7A7A7A\",\"typography_typography\":\"custom\",\"typography_font_family\":\"Roboto\",\"typography_font_size\":{\"unit\":\"px\",\"size\":18,\"sizes\":[]},\"typography_font_weight\":\"400\",\"align\":\"justify\",\"_margin\":{\"unit\":\"px\",\"top\":\"-15\",\"right\":\"0\",\"bottom\":\"0\",\"left\":\"0\",\"isLinked\":false}},\"elements\":[],\"widgetType\":\"text-editor\"}],\"isInner\":false},{\"id\":\"a565b39\",\"elType\":\"column\",\"settings\":{\"_column_size\":50,\"_inline_size\":null},\"elements\":[{\"id\":\"14e3b39\",\"elType\":\"widget\",\"settings\":{\"image\":{\"url\":\"https:\\\/\\\/www.sansofestay.com\\\/blog\\\/wp-content\\\/uploads\\\/2024\\\/01\\\/reina-carnaval-2024-tenerife.jpg\",\"id\":1054},\"image_size\":\"post\"},\"elements\":[],\"widgetType\":\"image\"}],\"isInner\":false}],\"isInner\":false},{\"id\":\"b5d1e04\",\"elType\":\"section\",\"settings\":[],\"elements\":[{\"id\":\"1a41da6\",\"elType\":\"column\",\"settings\":{\"_column_size\":100,\"_inline_size\":null},\"elements\":[{\"id\":\"8ca8a04\",\"elType\":\"widget\",\"settings\":{\"title\":\"Trajes y dise\\u00f1o\\n\",\"title_color\":\"#7A7A7A\",\"typography_typography\":\"custom\",\"typography_font_family\":\"Roboto\",\"typography_font_size\":{\"unit\":\"px\",\"size\":30,\"sizes\":[]},\"typography_font_weight\":\"700\",\"_margin\":{\"unit\":\"px\",\"top\":\"50\",\"right\":\"0\",\"bottom\":\"0\",\"left\":\"0\",\"isLinked\":false}},\"elements\":[],\"widgetType\":\"heading\"},{\"id\":\"650c43e\",\"elType\":\"widget\",\"settings\":{\"editor\":\"<p><span style=\\\"font-weight: 400;\\\">El <\\\/span><b>Carnaval de Tenerife<\\\/b><span style=\\\"font-weight: 400;\\\"> es un compendio de imaginaci\\u00f3n y creatividad. Durante la gala de elecci\\u00f3n de la reina, congrega miles de plumas y lentejuelas en creaciones textiles absolutamente \\u00fanicas. Algunos de estos atuendos alcanzan los tres metros de altura y los cuatrocientos kilos de peso.\\u00a0<\\\/span><span style=\\\"background-color: transparent;\\\">Adem\\u00e1s, la fantas\\u00eda se dispara tanto en los disfraces como en el atrezo presente en <\\\/span><b style=\\\"background-color: transparent;\\\">las cabalgatas, los desfiles y las concentraciones callejeras<\\\/b><span style=\\\"background-color: transparent;\\\"> de los participantes. El dise\\u00f1o es, no cabe duda, uno de los ingredientes diferenciales de estos carnavales tinerfe\\u00f1os.<\\\/span><\\\/p>\",\"text_color\":\"#7A7A7A\",\"typography_typography\":\"custom\",\"typography_font_family\":\"Roboto\",\"typography_font_size\":{\"unit\":\"px\",\"size\":18,\"sizes\":[]},\"typography_font_weight\":\"400\",\"align\":\"justify\",\"_margin\":{\"unit\":\"px\",\"top\":\"-15\",\"right\":\"0\",\"bottom\":\"0\",\"left\":\"0\",\"isLinked\":false}},\"elements\":[],\"widgetType\":\"text-editor\"}],\"isInner\":false}],\"isInner\":false},{\"id\":\"4072508\",\"elType\":\"section\",\"settings\":[],\"elements\":[{\"id\":\"18e0c46\",\"elType\":\"column\",\"settings\":{\"_column_size\":100,\"_inline_size\":null},\"elements\":[{\"id\":\"1742849\",\"elType\":\"widget\",\"settings\":{\"title\":\"C\\u00f3mo participar y disfrutar del carnaval\\n\",\"title_color\":\"#7A7A7A\",\"typography_typography\":\"custom\",\"typography_font_family\":\"Roboto\",\"typography_font_size\":{\"unit\":\"px\",\"size\":30,\"sizes\":[]},\"typography_font_weight\":\"700\",\"_margin\":{\"unit\":\"px\",\"top\":\"50\",\"right\":\"0\",\"bottom\":\"0\",\"left\":\"0\",\"isLinked\":false}},\"elements\":[],\"widgetType\":\"heading\"},{\"id\":\"4aa2288\",\"elType\":\"widget\",\"settings\":{\"editor\":\"<p><span style=\\\"font-weight: 400;\\\">El car\\u00e1cter popular y callejero del <\\\/span><b>Carnaval de Santa Cruz de Tenerife <\\\/b><span style=\\\"font-weight: 400;\\\">te garantiza una r\\u00e1pida integraci\\u00f3n en esta fiesta \\u00fanica. Te recomendamos, eso s\\u00ed, mimetizarte con el entorno: <\\\/span><b>elige un buen disfraz<\\\/b><span style=\\\"font-weight: 400;\\\"> (o al menos una m\\u00e1scara) para exprimir al m\\u00e1ximo la diversi\\u00f3n.<\\\/span><\\\/p><p><span style=\\\"font-weight: 400;\\\">En las calles vas a encontrar un buen n\\u00famero de <\\\/span><i><span style=\\\"font-weight: 400;\\\">shows<\\\/span><\\\/i><span style=\\\"font-weight: 400;\\\"> musicales, pasacalles, desfiles, personas con ganas de pasarlo bien y much\\u00edsima alegr\\u00eda.\\u00a0<\\\/span><span style=\\\"background-color: transparent;\\\">Una buena idea es asistir al <\\\/span><b style=\\\"background-color: transparent;\\\">Concurso de Murgas<\\\/b><span style=\\\"background-color: transparent;\\\">, un acontecimiento tan singular como memorable. Estas agrupaciones, que interpretan canciones sat\\u00edricas, garantizan el entretenimiento y el espect\\u00e1culo. En cualquier caso, la diversi\\u00f3n se sucede durante el d\\u00eda y la noche.<\\\/span><\\\/p>\",\"text_color\":\"#7A7A7A\",\"typography_typography\":\"custom\",\"typography_font_family\":\"Roboto\",\"typography_font_size\":{\"unit\":\"px\",\"size\":18,\"sizes\":[]},\"typography_font_weight\":\"400\",\"align\":\"justify\",\"_margin\":{\"unit\":\"px\",\"top\":\"-15\",\"right\":\"0\",\"bottom\":\"0\",\"left\":\"0\",\"isLinked\":false}},\"elements\":[],\"widgetType\":\"text-editor\"}],\"isInner\":false}],\"isInner\":false},{\"id\":\"4fef697\",\"elType\":\"section\",\"settings\":[],\"elements\":[{\"id\":\"8bb191a\",\"elType\":\"column\",\"settings\":{\"_column_size\":100,\"_inline_size\":null},\"elements\":[{\"id\":\"d6b0dad\",\"elType\":\"widget\",\"settings\":{\"image\":{\"url\":\"https:\\\/\\\/www.sansofestay.com\\\/blog\\\/wp-content\\\/uploads\\\/2024\\\/01\\\/desfile-carnaval-tenerife.jpg\",\"id\":1060},\"image_size\":\"full\"},\"elements\":[],\"widgetType\":\"image\"}],\"isInner\":false}],\"isInner\":false},{\"id\":\"163db11\",\"elType\":\"section\",\"settings\":[],\"elements\":[{\"id\":\"8958fe1\",\"elType\":\"column\",\"settings\":{\"_column_size\":100,\"_inline_size\":null},\"elements\":[{\"id\":\"bddde64\",\"elType\":\"widget\",\"settings\":{\"title\":\"Ven al Carnaval de Tenerife\\n\",\"title_color\":\"#7A7A7A\",\"typography_typography\":\"custom\",\"typography_font_family\":\"Roboto\",\"typography_font_size\":{\"unit\":\"px\",\"size\":30,\"sizes\":[]},\"typography_font_weight\":\"700\",\"_margin\":{\"unit\":\"px\",\"top\":\"50\",\"right\":\"0\",\"bottom\":\"0\",\"left\":\"0\",\"isLinked\":false}},\"elements\":[],\"widgetType\":\"heading\"},{\"id\":\"def08dd\",\"elType\":\"widget\",\"settings\":{\"editor\":\"<p><span style=\\\"font-weight: 400;\\\">\\u00bfTe gustar\\u00eda disfrutar del <\\\/span><b>Carnaval de Santa Cruz de Tenerife<\\\/b><span style=\\\"font-weight: 400;\\\"> de forma inmejorable? S\\u00e9 previsor, reserva cuanto antes tu estancia y aseg\\u00farate un alojamiento excelente en estas fechas clave.<\\\/span><\\\/p><p><span style=\\\"font-weight: 400;\\\">Para ello, lo mejor es que entres ahora en nuestra web. En <a href=\\\"http:\\\/\\\/www.sansofestay.com\\\/\\\"><strong>Sansof\\u00e9 Stay<\\\/strong><\\\/a><\\\/span><span style=\\\"font-weight: 400;\\\">\\u00a0somos especialistas en el <\\\/span><b>alquiler vacacional<\\\/b><span style=\\\"font-weight: 400;\\\"> en la zona norte de Tenerife. \\u00bfCu\\u00e1les son tus preferencias de alojamiento? Puedes hacerlo en un apartamento, un chal\\u00e9, una villa o en ese espacio residencial tinerfe\\u00f1o de tus sue\\u00f1os.<\\\/span><\\\/p><p><span style=\\\"font-weight: 400;\\\">Si est\\u00e1s instalado en un lugar acogedor, lujoso y pleno de servicios, combinar\\u00e1s la diversi\\u00f3n y la fiesta con un descanso reparador d\\u00eda tras d\\u00eda. Gracias a nuestra amplia oferta de <\\\/span><strong>alojamientos vacacionales en Tenerife<\\\/strong><span style=\\\"font-weight: 400;\\\">, encontrar\\u00e1s lo que precisas. No lo dudes: haz tu reserva y ven al <\\\/span><b>Carnaval de Tenerife <\\\/b><span style=\\\"font-weight: 400;\\\">en cuanto sea posible. \\u00a1Ser\\u00e1 una de las mejores experiencias de tu vida!<\\\/span><\\\/p>\",\"text_color\":\"#7A7A7A\",\"typography_typography\":\"custom\",\"typography_font_family\":\"Roboto\",\"typography_font_size\":{\"unit\":\"px\",\"size\":18,\"sizes\":[]},\"typography_font_weight\":\"400\",\"align\":\"justify\",\"_margin\":{\"unit\":\"px\",\"top\":\"-15\",\"right\":\"0\",\"bottom\":\"0\",\"left\":\"0\",\"isLinked\":false}},\"elements\":[],\"widgetType\":\"text-editor\"}],\"isInner\":false}],\"isInner\":false},{\"id\":\"66d485b0\",\"elType\":\"section\",\"settings\":{\"structure\":\"30\",\"margin\":{\"unit\":\"px\",\"top\":\"25\",\"right\":0,\"bottom\":\"0\",\"left\":0,\"isLinked\":false}},\"elements\":[{\"id\":\"48489c63\",\"elType\":\"column\",\"settings\":{\"_column_size\":33,\"_inline_size\":null},\"elements\":[{\"id\":\"56719695\",\"elType\":\"widget\",\"settings\":{\"text\":\"Alojamientos Tenerife Norte\",\"link\":{\"url\":\"https:\\\/\\\/www.sansofestay.com\\\/alquiler-vacacional-tenerife\\\/\",\"is_external\":\"on\",\"nofollow\":\"\",\"custom_attributes\":\"\"},\"align\":\"center\",\"background_color\":\"#69775E\"},\"elements\":[],\"widgetType\":\"button\"}],\"isInner\":false},{\"id\":\"67c99854\",\"elType\":\"column\",\"settings\":{\"_column_size\":33,\"_inline_size\":null},\"elements\":[{\"id\":\"21edbcaa\",\"elType\":\"widget\",\"settings\":{\"text\":\"Alquiler de apartamentos en Tenerife Norte\",\"link\":{\"url\":\"https:\\\/\\\/www.sansofestay.com\\\/alquiler\\\/apartamentos-tenerife-c1e81\\\/\",\"is_external\":\"on\",\"nofollow\":\"\",\"custom_attributes\":\"\"},\"align\":\"center\",\"background_color\":\"#69775E\"},\"elements\":[],\"widgetType\":\"button\"}],\"isInner\":false},{\"id\":\"3700458a\",\"elType\":\"column\",\"settings\":{\"_column_size\":33,\"_inline_size\":null},\"elements\":[{\"id\":\"4cb69cc4\",\"elType\":\"widget\",\"settings\":{\"text\":\"Casas de alquiler en Tenerife Norte\",\"link\":{\"url\":\"https:\\\/\\\/www.sansofestay.com\\\/alquiler\\\/casas-tenerife-c19e81\\\/\",\"is_external\":\"on\",\"nofollow\":\"\",\"custom_attributes\":\"\"},\"align\":\"center\",\"background_color\":\"#69775E\"},\"elements\":[],\"widgetType\":\"button\"}],\"isInner\":false}],\"isInner\":false}]","_yoast_wpseo_content_score":"90","_wpml_location_migration_done":"1","_yoast_wpseo_metadesc":"El Carnaval de Tenerife es una fiesta mundialmente conocida y plena de inter\u00e9s, color y alegr\u00eda. En este art\u00edculo te animamos a disfrutarlo.","_wpse_old_slug":"","_thumbnail_id":"1065","_yoast_wpseo_focuskw":"carnaval Tenerife","_yoast_wpseo_title":"%%title%% %%page%%","_yoast_wpseo_linkdex":"74","_elementor_controls_usage":{"table-of-contents":{"count":1,"control_percent":2,"controls":{"content":{"table_of_contents":{"title":1,"html_tag":1,"headings_by_tags":1,"marker_view":1,"icon":1},"additional_options":{"minimize_box":1}},"style":{"box_style":{"border_radius":1},"header_style":{"header_background_color":1,"header_text_color":1}}}},"column":{"count":22,"control_percent":0,"controls":{"layout":{"layout":{"_inline_size":22}}}},"section":{"count":16,"control_percent":1,"controls":{"layout":{"section_structure":{"structure":4}},"advanced":{"section_advanced":{"margin":1}}}},"heading":{"count":7,"control_percent":2,"controls":{"content":{"section_title":{"title":7}},"style":{"section_title_style":{"title_color":7,"typography_typography":7,"typography_font_family":7,"typography_font_size":7,"typography_font_weight":7}},"advanced":{"_section_style":{"_margin":7}}}},"text-editor":{"count":12,"control_percent":2,"controls":{"content":{"section_editor":{"editor":12}},"style":{"section_style":{"text_color":8,"typography_typography":8,"typography_font_family":8,"typography_font_size":8,"typography_font_weight":8,"align":8}},"advanced":{"_section_style":{"_margin":8}}}},"blockquote":{"count":1,"control_percent":2,"controls":{"content":{"section_blockquote_content":{"blockquote_content":1,"author_name":1,"tweet_button":1}},"style":{"section_content_style":{"content_typography_typography":1,"content_typography_font_family":1,"content_typography_font_size":1,"content_typography_font_weight":1}}}},"image":{"count":4,"control_percent":1,"controls":{"content":{"section_image":{"image":4,"image_size":4}}}},"button":{"count":3,"control_percent":1,"controls":{"content":{"section_button":{"text":3,"link":3}},"style":{"section_style":{"align":3,"background_color":3}}}}},"_wp_old_slug":"carnaval-tenerife","_elementor_template_widget_type":"","_elementor_popup_display_settings":"","_wpml_post_translation_editor_native":"","_wp_old_date":"2023-10-11","_oembed_73d8af3ba4596fb88a7f14b93e1916a9":"","_oembed_time_73d8af3ba4596fb88a7f14b93e1916a9":"","_oembed_f9dc1bf2ed4539093f877876c5bac98e":"","_links":{"self":[{"href":"https:\/\/www.sansofestay.com\/blog\/de\/wp-json\/wp\/v2\/posts\/840","targetHints":{"allow":["GET"]}}],"collection":[{"href":"https:\/\/www.sansofestay.com\/blog\/de\/wp-json\/wp\/v2\/posts"}],"about":[{"href":"https:\/\/www.sansofestay.com\/blog\/de\/wp-json\/wp\/v2\/types\/post"}],"author":[{"embeddable":true,"href":"https:\/\/www.sansofestay.com\/blog\/de\/wp-json\/wp\/v2\/users\/3"}],"replies":[{"embeddable":true,"href":"https:\/\/www.sansofestay.com\/blog\/de\/wp-json\/wp\/v2\/comments?post=840"}],"version-history":[{"count":42,"href":"https:\/\/www.sansofestay.com\/blog\/de\/wp-json\/wp\/v2\/posts\/840\/revisions"}],"predecessor-version":[{"id":2196,"href":"https:\/\/www.sansofestay.com\/blog\/de\/wp-json\/wp\/v2\/posts\/840\/revisions\/2196"}],"wp:featuredmedia":[{"embeddable":true,"href":"https:\/\/www.sansofestay.com\/blog\/de\/wp-json\/wp\/v2\/media\/1065"}],"wp:attachment":[{"href":"https:\/\/www.sansofestay.com\/blog\/de\/wp-json\/wp\/v2\/media?parent=840"}],"wp:term":[{"taxonomy":"category","embeddable":true,"href":"https:\/\/www.sansofestay.com\/blog\/de\/wp-json\/wp\/v2\/categories?post=840"}],"curies":[{"name":"wp","href":"https:\/\/api.w.org\/{rel}","templated":true}]}}