{"id":948,"date":"2023-11-13T15:26:05","date_gmt":"2023-11-13T15:26:05","guid":{"rendered":"https:\/\/www.sansofestay.com\/blog\/?p=948"},"modified":"2023-11-28T12:13:06","modified_gmt":"2023-11-28T12:13:06","slug":"cueva-del-viento-tenerife","status":"publish","type":"post","link":"https:\/\/www.sansofestay.com\/blog\/de\/cueva-del-viento-tenerife\/","title":{"rendered":"Descubre la Cueva del Viento Tenerife, un viaje subterr\u00e1neo"},"content":{"rendered":"\t\t<div data-elementor-type=\"wp-post\" data-elementor-id=\"948\" class=\"elementor elementor-948\" data-elementor-post-type=\"post\">\n\t\t\t\t\t\t<section class=\"elementor-section elementor-top-section elementor-element elementor-element-27f9b5f0 elementor-section-boxed elementor-section-height-default elementor-section-height-default\" data-id=\"27f9b5f0\" data-element_type=\"section\" data-e-type=\"section\">\n\t\t\t\t\t\t<div class=\"elementor-container elementor-column-gap-default\">\n\t\t\t\t\t<div class=\"elementor-column elementor-col-100 elementor-top-column elementor-element elementor-element-e76add5\" data-id=\"e76add5\" data-element_type=\"column\" data-e-type=\"column\">\n\t\t\t<div class=\"elementor-widget-wrap elementor-element-populated\">\n\t\t\t\t\t\t<div class=\"elementor-element elementor-element-400ea1b4 elementor-widget elementor-widget-text-editor\" data-id=\"400ea1b4\" data-element_type=\"widget\" data-e-type=\"widget\" data-widget_type=\"text-editor.default\">\n\t\t\t\t<div class=\"elementor-widget-container\">\n\t\t\t\t\t\t\t\t\t<p><b>La Cueva del Viento, en el norte de Tenerife<\/b><span style=\"font-weight: 400;\">, es un tesoro geol\u00f3gico escondido en el coraz\u00f3n de la isla. Ofrece a los visitantes la oportunidad de sumergirse en un mundo subterr\u00e1neo lleno de maravillas naturales. Este lugar, no solo es una de las principales atracciones tur\u00edsticas de Tenerife, sino que ostenta la condici\u00f3n de ser una de las <\/span><b>cuevas volc\u00e1nicas<\/b><span style=\"font-weight: 400;\"> m\u00e1s impresionantes y extensas del mundo. Te revelamos sus secretos y maravillas geol\u00f3gicas y te proporcionamos informaci\u00f3n pr\u00e1ctica para la visita.<\/span><\/p>\t\t\t\t\t\t\t\t<\/div>\n\t\t\t\t<\/div>\n\t\t\t\t\t<\/div>\n\t\t<\/div>\n\t\t\t\t\t<\/div>\n\t\t<\/section>\n\t\t\t\t<section class=\"elementor-section elementor-top-section elementor-element elementor-element-5b6ec268 elementor-section-boxed elementor-section-height-default elementor-section-height-default\" data-id=\"5b6ec268\" data-element_type=\"section\" data-e-type=\"section\">\n\t\t\t\t\t\t<div class=\"elementor-container elementor-column-gap-default\">\n\t\t\t\t\t<div class=\"elementor-column elementor-col-100 elementor-top-column elementor-element elementor-element-51d48d73\" data-id=\"51d48d73\" data-element_type=\"column\" data-e-type=\"column\">\n\t\t\t<div class=\"elementor-widget-wrap elementor-element-populated\">\n\t\t\t\t\t\t<div class=\"elementor-element elementor-element-1fbc9a77 elementor-toc--minimized-on-tablet elementor-widget elementor-widget-table-of-contents\" data-id=\"1fbc9a77\" data-element_type=\"widget\" data-e-type=\"widget\" data-settings=\"{&quot;headings_by_tags&quot;:[&quot;h2&quot;],&quot;exclude_headings_by_selector&quot;:[],&quot;marker_view&quot;:&quot;bullets&quot;,&quot;icon&quot;:{&quot;value&quot;:&quot;&quot;,&quot;library&quot;:&quot;&quot;},&quot;no_headings_message&quot;:&quot;No se ha encontrado ning\\u00fan encabezado en esta p\\u00e1gina.&quot;,&quot;minimize_box&quot;:&quot;yes&quot;,&quot;minimized_on&quot;:&quot;tablet&quot;,&quot;hierarchical_view&quot;:&quot;yes&quot;,&quot;min_height&quot;:{&quot;unit&quot;:&quot;px&quot;,&quot;size&quot;:&quot;&quot;,&quot;sizes&quot;:[]},&quot;min_height_tablet&quot;:{&quot;unit&quot;:&quot;px&quot;,&quot;size&quot;:&quot;&quot;,&quot;sizes&quot;:[]},&quot;min_height_mobile&quot;:{&quot;unit&quot;:&quot;px&quot;,&quot;size&quot;:&quot;&quot;,&quot;sizes&quot;:[]}}\" data-widget_type=\"table-of-contents.default\">\n\t\t\t\t<div class=\"elementor-widget-container\">\n\t\t\t\t\t\t\t\t\t<div class=\"elementor-toc__header\">\n\t\t\t\t\t\t<div class=\"elementor-toc__header-title\">\n\t\t\t\t\u00cdNDICE\t\t\t<\/div>\n\t\t\t\t\t\t\t\t\t\t<div class=\"elementor-toc__toggle-button elementor-toc__toggle-button--expand\" role=\"button\" tabindex=\"0\" aria-controls=\"elementor-toc__1fbc9a77\" aria-expanded=\"true\" aria-label=\"Abrir la tabla de contenidos\"><i aria-hidden=\"true\" class=\"fas fa-chevron-down\"><\/i><\/div>\n\t\t\t\t<div class=\"elementor-toc__toggle-button elementor-toc__toggle-button--collapse\" role=\"button\" tabindex=\"0\" aria-controls=\"elementor-toc__1fbc9a77\" aria-expanded=\"true\" aria-label=\"Cerrar la tabla de contenidos\"><i aria-hidden=\"true\" class=\"fas fa-chevron-up\"><\/i><\/div>\n\t\t\t\t\t<\/div>\n\t\t\t\t<div id=\"elementor-toc__1fbc9a77\" class=\"elementor-toc__body\">\n\t\t\t<div class=\"elementor-toc__spinner-container\">\n\t\t\t\t<i class=\"elementor-toc__spinner eicon-animation-spin eicon-loading\" aria-hidden=\"true\"><\/i>\t\t\t<\/div>\n\t\t<\/div>\n\t\t\t\t\t\t<\/div>\n\t\t\t\t<\/div>\n\t\t\t\t\t<\/div>\n\t\t<\/div>\n\t\t\t\t\t<\/div>\n\t\t<\/section>\n\t\t\t\t<section class=\"elementor-section elementor-top-section elementor-element elementor-element-29fe5aaa elementor-section-boxed elementor-section-height-default elementor-section-height-default\" data-id=\"29fe5aaa\" data-element_type=\"section\" data-e-type=\"section\">\n\t\t\t\t\t\t<div class=\"elementor-container elementor-column-gap-default\">\n\t\t\t\t\t<div class=\"elementor-column elementor-col-100 elementor-top-column elementor-element elementor-element-121b3b5a\" data-id=\"121b3b5a\" data-element_type=\"column\" data-e-type=\"column\">\n\t\t\t<div class=\"elementor-widget-wrap elementor-element-populated\">\n\t\t\t\t\t\t<div class=\"elementor-element elementor-element-99f75c7 elementor-widget elementor-widget-heading\" data-id=\"99f75c7\" data-element_type=\"widget\" data-e-type=\"widget\" data-widget_type=\"heading.default\">\n\t\t\t\t<div class=\"elementor-widget-container\">\n\t\t\t\t\t<h2 class=\"elementor-heading-title elementor-size-default\">Adentrarse en la Cueva del Viento\n<\/h2>\t\t\t\t<\/div>\n\t\t\t\t<\/div>\n\t\t\t\t<div class=\"elementor-element elementor-element-6f6dfe8b elementor-widget elementor-widget-text-editor\" data-id=\"6f6dfe8b\" data-element_type=\"widget\" data-e-type=\"widget\" data-widget_type=\"text-editor.default\">\n\t\t\t\t<div class=\"elementor-widget-container\">\n\t\t\t\t\t\t\t\t\t<p><b>La Cueva del Viento de Tenerife<\/b><span style=\"font-weight: 400;\"> se encuentra ubicada en el municipio de Icod de los Vinos. Es un impresionante ejemplo de tubo volc\u00e1nico, creado por las corrientes de lava del Pico Viejo, vecino al famoso Teide. Con <\/span><b>m\u00e1s de 17 kil\u00f3metros de galer\u00edas<\/b> <b>subterr\u00e1neas<\/b><span style=\"font-weight: 400;\">, la cueva garantiza un viaje \u00fanico al interior de la tierra. Permite a los visitantes explorar sus misterios y aprender sobre los procesos geol\u00f3gicos que la formaron.<\/span><\/p>\n<p><span style=\"font-weight: 400;\">La cueva alberga una gran diversidad de especies animales, muchas de las cuales son \u00fanicas de este h\u00e1bitat subterr\u00e1neo. Entre ellas, merecen tu atenci\u00f3n varias especies de murci\u00e9lagos, as\u00ed como invertebrados que han adaptado sus formas de vida a la oscuridad.<\/span><\/p>\t\t\t\t\t\t\t\t<\/div>\n\t\t\t\t<\/div>\n\t\t\t\t\t<\/div>\n\t\t<\/div>\n\t\t\t\t\t<\/div>\n\t\t<\/section>\n\t\t\t\t<section class=\"elementor-section elementor-top-section elementor-element elementor-element-92cbc96 elementor-section-boxed elementor-section-height-default elementor-section-height-default\" data-id=\"92cbc96\" data-element_type=\"section\" data-e-type=\"section\">\n\t\t\t\t\t\t<div class=\"elementor-container elementor-column-gap-default\">\n\t\t\t\t\t<div class=\"elementor-column elementor-col-100 elementor-top-column elementor-element elementor-element-79eb20f\" data-id=\"79eb20f\" data-element_type=\"column\" data-e-type=\"column\">\n\t\t\t<div class=\"elementor-widget-wrap elementor-element-populated\">\n\t\t\t\t\t\t<div class=\"elementor-element elementor-element-ad24787 elementor-widget elementor-widget-google_maps\" data-id=\"ad24787\" data-element_type=\"widget\" data-e-type=\"widget\" data-widget_type=\"google_maps.default\">\n\t\t\t\t<div class=\"elementor-widget-container\">\n\t\t\t\t\t\t\t<div class=\"elementor-custom-embed\">\n\t\t\t<iframe loading=\"lazy\"\n\t\t\t\t\tsrc=\"https:\/\/maps.google.com\/maps?q=cueva%20del%20viento%20tenerife&#038;t=m&#038;z=11&#038;output=embed&#038;iwloc=near\"\n\t\t\t\t\ttitle=\"cueva del viento tenerife\"\n\t\t\t\t\taria-label=\"cueva del viento tenerife\"\n\t\t\t><\/iframe>\n\t\t<\/div>\n\t\t\t\t\t\t<\/div>\n\t\t\t\t<\/div>\n\t\t\t\t\t<\/div>\n\t\t<\/div>\n\t\t\t\t\t<\/div>\n\t\t<\/section>\n\t\t\t\t<section class=\"elementor-section elementor-top-section elementor-element elementor-element-c060add elementor-section-boxed elementor-section-height-default elementor-section-height-default\" data-id=\"c060add\" data-element_type=\"section\" data-e-type=\"section\">\n\t\t\t\t\t\t<div class=\"elementor-container elementor-column-gap-default\">\n\t\t\t\t\t<div class=\"elementor-column elementor-col-100 elementor-top-column elementor-element elementor-element-1fdb4cb\" data-id=\"1fdb4cb\" data-element_type=\"column\" data-e-type=\"column\">\n\t\t\t<div class=\"elementor-widget-wrap elementor-element-populated\">\n\t\t\t\t\t\t<div class=\"elementor-element elementor-element-7baafb4 elementor-widget elementor-widget-heading\" data-id=\"7baafb4\" data-element_type=\"widget\" data-e-type=\"widget\" data-widget_type=\"heading.default\">\n\t\t\t\t<div class=\"elementor-widget-container\">\n\t\t\t\t\t<h2 class=\"elementor-heading-title elementor-size-default\">Formaciones geol\u00f3gicas sorprendentes\n<\/h2>\t\t\t\t<\/div>\n\t\t\t\t<\/div>\n\t\t\t\t<div class=\"elementor-element elementor-element-d88cba0 elementor-widget elementor-widget-text-editor\" data-id=\"d88cba0\" data-element_type=\"widget\" data-e-type=\"widget\" data-widget_type=\"text-editor.default\">\n\t\t\t\t<div class=\"elementor-widget-container\">\n\t\t\t\t\t\t\t\t\t<p><b>La Cueva del Viento de Tenerife<\/b><span style=\"font-weight: 400;\"> se encuentra ubicada en el municipio de Icod de los Vinos. Es un impresionante ejemplo de tubo volc\u00e1nico, creado por las corrientes de lava del Pico Viejo, vecino al famoso Teide. Con <\/span><b>m\u00e1s de 17 kil\u00f3metros de galer\u00edas<\/b> <b>subterr\u00e1neas<\/b><span style=\"font-weight: 400;\">, la cueva garantiza un viaje \u00fanico al interior de la tierra. Permite a los visitantes explorar sus misterios y aprender sobre los procesos geol\u00f3gicos que la formaron.<\/span><\/p>\n<p><span style=\"font-weight: 400;\">La cueva alberga una gran diversidad de especies animales, muchas de las cuales son \u00fanicas de este h\u00e1bitat subterr\u00e1neo. Entre ellas, merecen tu atenci\u00f3n varias especies de murci\u00e9lagos, as\u00ed como invertebrados que han adaptado sus formas de vida a la oscuridad.<\/span><\/p>\t\t\t\t\t\t\t\t<\/div>\n\t\t\t\t<\/div>\n\t\t\t\t\t<\/div>\n\t\t<\/div>\n\t\t\t\t\t<\/div>\n\t\t<\/section>\n\t\t\t\t<section class=\"elementor-section elementor-top-section elementor-element elementor-element-3528d67 elementor-section-boxed elementor-section-height-default elementor-section-height-default\" data-id=\"3528d67\" data-element_type=\"section\" data-e-type=\"section\">\n\t\t\t\t\t\t<div class=\"elementor-container elementor-column-gap-default\">\n\t\t\t\t\t<div class=\"elementor-column elementor-col-100 elementor-top-column elementor-element elementor-element-8ee956c\" data-id=\"8ee956c\" data-element_type=\"column\" data-e-type=\"column\">\n\t\t\t<div class=\"elementor-widget-wrap elementor-element-populated\">\n\t\t\t\t\t\t<div class=\"elementor-element elementor-element-1c30c30 elementor-widget elementor-widget-image\" data-id=\"1c30c30\" data-element_type=\"widget\" data-e-type=\"widget\" data-widget_type=\"image.default\">\n\t\t\t\t<div class=\"elementor-widget-container\">\n\t\t\t\t\t\t\t\t\t\t\t\t\t\t\t<img fetchpriority=\"high\" decoding=\"async\" width=\"751\" height=\"473\" src=\"https:\/\/www.sansofestay.com\/blog\/wp-content\/uploads\/2023\/10\/excursion-cueva-del-viento-tenerife-1000x630.jpg\" class=\"attachment-large size-large wp-image-962\" alt=\"excursi\u00f3n cueva del viento tenerife\" \/>\t\t\t\t\t\t\t\t\t\t\t\t\t\t\t<\/div>\n\t\t\t\t<\/div>\n\t\t\t\t\t<\/div>\n\t\t<\/div>\n\t\t\t\t\t<\/div>\n\t\t<\/section>\n\t\t\t\t<section class=\"elementor-section elementor-top-section elementor-element elementor-element-df7d96e elementor-section-boxed elementor-section-height-default elementor-section-height-default\" data-id=\"df7d96e\" data-element_type=\"section\" data-e-type=\"section\">\n\t\t\t\t\t\t<div class=\"elementor-container elementor-column-gap-default\">\n\t\t\t\t\t<div class=\"elementor-column elementor-col-100 elementor-top-column elementor-element elementor-element-0e57386\" data-id=\"0e57386\" data-element_type=\"column\" data-e-type=\"column\">\n\t\t\t<div class=\"elementor-widget-wrap elementor-element-populated\">\n\t\t\t\t\t\t<div class=\"elementor-element elementor-element-d6c4560 elementor-widget elementor-widget-heading\" data-id=\"d6c4560\" data-element_type=\"widget\" data-e-type=\"widget\" data-widget_type=\"heading.default\">\n\t\t\t\t<div class=\"elementor-widget-container\">\n\t\t\t\t\t<h2 class=\"elementor-heading-title elementor-size-default\">C\u00f3mo visitar la Cueva del Viento de Tenerife Norte\n<\/h2>\t\t\t\t<\/div>\n\t\t\t\t<\/div>\n\t\t\t\t<div class=\"elementor-element elementor-element-4c87025 elementor-widget elementor-widget-text-editor\" data-id=\"4c87025\" data-element_type=\"widget\" data-e-type=\"widget\" data-widget_type=\"text-editor.default\">\n\t\t\t\t<div class=\"elementor-widget-container\">\n\t\t\t\t\t\t\t\t\t<p><span style=\"font-weight: 400;\">Para explorar <\/span><b>la Cueva del Viento Tenerife<\/b><span style=\"font-weight: 400;\">, resulta preciso participar en una de <\/span><b>las visitas guiadas organizadas por el centro de visitantes<\/b><span style=\"font-weight: 400;\">. Antes de sumergirse en las profundidades, los visitantes reciben una charla informativa sobre las normas de seguridad y el equipo requerido. El uso de casco y linterna es obligatorio. El personal de la cueva se asegura de que todos los participantes est\u00e1n convenientemente equipados para la aventura.<\/span><\/p>\n<p><b>Existen diferentes tipos de recorridos disponibles, adaptados a distintos niveles de edad y capacidad f\u00edsica<\/b><span style=\"font-weight: 400;\">. Desde rutas f\u00e1ciles y accesibles para familias con ni\u00f1os hasta recorridos m\u00e1s largos y desafiantes para los aventureros m\u00e1s experimentados, hay opciones para todos. Cada visita guiada ofrece la oportunidad de aprender sobre geolog\u00eda, vulcanolog\u00eda y sobre la historia natural de la Cueva del Viento.<\/span><\/p>\t\t\t\t\t\t\t\t<\/div>\n\t\t\t\t<\/div>\n\t\t\t\t\t<\/div>\n\t\t<\/div>\n\t\t\t\t\t<\/div>\n\t\t<\/section>\n\t\t\t\t<section class=\"elementor-section elementor-top-section elementor-element elementor-element-90b3e5b elementor-section-boxed elementor-section-height-default elementor-section-height-default\" data-id=\"90b3e5b\" data-element_type=\"section\" data-e-type=\"section\">\n\t\t\t\t\t\t<div class=\"elementor-container elementor-column-gap-default\">\n\t\t\t\t\t<div class=\"elementor-column elementor-col-100 elementor-top-column elementor-element elementor-element-f7f0b3e\" data-id=\"f7f0b3e\" data-element_type=\"column\" data-e-type=\"column\">\n\t\t\t<div class=\"elementor-widget-wrap elementor-element-populated\">\n\t\t\t\t\t\t<div class=\"elementor-element elementor-element-141faee elementor-widget elementor-widget-heading\" data-id=\"141faee\" data-element_type=\"widget\" data-e-type=\"widget\" data-widget_type=\"heading.default\">\n\t\t\t\t<div class=\"elementor-widget-container\">\n\t\t\t\t\t<h2 class=\"elementor-heading-title elementor-size-default\">Informaci\u00f3n y reservas para visitar las cuevas de Tenerife\n<\/h2>\t\t\t\t<\/div>\n\t\t\t\t<\/div>\n\t\t\t\t<div class=\"elementor-element elementor-element-3cca29b elementor-widget elementor-widget-text-editor\" data-id=\"3cca29b\" data-element_type=\"widget\" data-e-type=\"widget\" data-widget_type=\"text-editor.default\">\n\t\t\t\t<div class=\"elementor-widget-container\">\n\t\t\t\t\t\t\t\t\t<p><span style=\"font-weight: 400;\">Antes de planificar tu visita a <\/span><b>la Cueva del Viento de Tenerife<\/b><span style=\"font-weight: 400;\">, conviene que tengas en cuenta varios detalles pr\u00e1cticos.<\/span><\/p><p><b>Se puede llegar en coche y hay un aparcamiento<\/b> <b>disponible para los visitantes.<\/b><span style=\"font-weight: 400;\"> Tambi\u00e9n es posible llegar en transporte p\u00fablico, aunque las alternativas son m\u00e1s limitadas y es recomendable revisar los horarios con antelaci\u00f3n.<\/span><\/p><p><b>La cueva permanece abierta al p\u00fablico de martes a s\u00e1bados. Los domingos, lunes y festivos est\u00e1 cerrada.<\/b><span style=\"font-weight: 400;\"> Los horarios de las visitas guiadas var\u00edan, por lo que es recomendable consultar la p\u00e1gina oficial o contactar directamente para obtener la informaci\u00f3n m\u00e1s actualizada.<\/span><\/p>\t\t\t\t\t\t\t\t<\/div>\n\t\t\t\t<\/div>\n\t\t\t\t<div class=\"elementor-element elementor-element-dcd8f52 elementor-widget elementor-widget-image\" data-id=\"dcd8f52\" data-element_type=\"widget\" data-e-type=\"widget\" data-widget_type=\"image.default\">\n\t\t\t\t<div class=\"elementor-widget-container\">\n\t\t\t\t\t\t\t\t\t\t\t\t\t\t\t<img decoding=\"async\" width=\"1920\" height=\"1080\" src=\"https:\/\/www.sansofestay.com\/blog\/wp-content\/uploads\/2023\/10\/Cueva-del-viento-tenerife.jpg\" class=\"attachment-full size-full wp-image-960\" alt=\"Cueva del viento tenerife\" srcset=\"https:\/\/www.sansofestay.com\/blog\/wp-content\/uploads\/2023\/10\/Cueva-del-viento-tenerife.jpg 1920w, https:\/\/www.sansofestay.com\/blog\/wp-content\/uploads\/2023\/10\/Cueva-del-viento-tenerife-768x432.jpg 768w, https:\/\/www.sansofestay.com\/blog\/wp-content\/uploads\/2023\/10\/Cueva-del-viento-tenerife-1536x864.jpg 1536w\" sizes=\"(max-width: 1920px) 100vw, 1920px\" \/>\t\t\t\t\t\t\t\t\t\t\t\t\t\t\t<\/div>\n\t\t\t\t<\/div>\n\t\t\t\t\t<\/div>\n\t\t<\/div>\n\t\t\t\t\t<\/div>\n\t\t<\/section>\n\t\t\t\t<section class=\"elementor-section elementor-top-section elementor-element elementor-element-2b3999f elementor-section-boxed elementor-section-height-default elementor-section-height-default\" data-id=\"2b3999f\" data-element_type=\"section\" data-e-type=\"section\">\n\t\t\t\t\t\t<div class=\"elementor-container elementor-column-gap-default\">\n\t\t\t\t\t<div class=\"elementor-column elementor-col-100 elementor-top-column elementor-element elementor-element-169bc5b\" data-id=\"169bc5b\" data-element_type=\"column\" data-e-type=\"column\">\n\t\t\t<div class=\"elementor-widget-wrap elementor-element-populated\">\n\t\t\t\t\t\t<div class=\"elementor-element elementor-element-b1ae112 elementor-widget elementor-widget-text-editor\" data-id=\"b1ae112\" data-element_type=\"widget\" data-e-type=\"widget\" data-widget_type=\"text-editor.default\">\n\t\t\t\t<div class=\"elementor-widget-container\">\n\t\t\t\t\t\t\t\t\t<p><b style=\"background-color: transparent;\">Las tarifas oscilan en funci\u00f3n de la edad y del tipo de visita<\/b><span style=\"background-color: transparent;\">, con descuentos disponibles para residentes, ni\u00f1os y grupos. Toda esta informaci\u00f3n est\u00e1 detallada en la p\u00e1gina oficial, facilit\u00e1ndote la elecci\u00f3n del recorrido id\u00f3neo a tus necesidades y presupuesto.<\/span><br><\/p>\n<p><b>Es imprescindible reservar tu visita con antelaci\u00f3n, ya que el n\u00famero de personas por grupo es limitado<\/b><span style=\"font-weight: 400;\"> a fin de garantizar una experiencia segura y de calidad.<\/span><\/p>\n<p><span style=\"font-weight: 400;\">Para disfrutar plenamente de tu experiencia, te aconsejamos llevar <\/span><b>ropa y calzado c\u00f3modo para caminar en terreno irregular<\/b><span style=\"font-weight: 400;\">. Aunque la temperatura en el interior de la cueva es relativamente estable durante todo el a\u00f1o, llevar una chaqueta ligera es una buena idea.<\/span><\/p>\t\t\t\t\t\t\t\t<\/div>\n\t\t\t\t<\/div>\n\t\t\t\t\t<\/div>\n\t\t<\/div>\n\t\t\t\t\t<\/div>\n\t\t<\/section>\n\t\t\t\t<section class=\"elementor-section elementor-top-section elementor-element elementor-element-2ddb092 elementor-section-boxed elementor-section-height-default elementor-section-height-default\" data-id=\"2ddb092\" data-element_type=\"section\" data-e-type=\"section\">\n\t\t\t\t\t\t<div class=\"elementor-container elementor-column-gap-default\">\n\t\t\t\t\t<div class=\"elementor-column elementor-col-100 elementor-top-column elementor-element elementor-element-43b3dc18\" data-id=\"43b3dc18\" data-element_type=\"column\" data-e-type=\"column\">\n\t\t\t<div class=\"elementor-widget-wrap elementor-element-populated\">\n\t\t\t\t\t\t<div class=\"elementor-element elementor-element-3391330 elementor-widget elementor-widget-heading\" data-id=\"3391330\" data-element_type=\"widget\" data-e-type=\"widget\" data-widget_type=\"heading.default\">\n\t\t\t\t<div class=\"elementor-widget-container\">\n\t\t\t\t\t<h2 class=\"elementor-heading-title elementor-size-default\">\u00a1Ven y descubre la magia de la Cueva del Viento!\n<\/h2>\t\t\t\t<\/div>\n\t\t\t\t<\/div>\n\t\t\t\t<div class=\"elementor-element elementor-element-51933cc3 elementor-widget elementor-widget-text-editor\" data-id=\"51933cc3\" data-element_type=\"widget\" data-e-type=\"widget\" data-widget_type=\"text-editor.default\">\n\t\t\t\t<div class=\"elementor-widget-container\">\n\t\t\t\t\t\t\t\t\t<p><span style=\"font-weight: 400;\">No te pierdas la oportunidad de vivir una aventura memorable explorando <\/span><b>la Cueva del Viento en Tenerife<\/b><span style=\"font-weight: 400;\">. Descubre sus secretos, marav\u00edllate con sus formaciones geol\u00f3gicas y sum\u00e9rgete en el fascinante mundo subterr\u00e1neo que te aguarda bajo la superficie de la isla. Con las visitas guiadas, tendr\u00e1s la ocasi\u00f3n de profundizar en los secretos de la cueva de la mano de expertos que compartir\u00e1n contigo datos interesantes y an\u00e9cdotas sobre este lugar tan especial. \u00a1Reserva tu visita hoy y prep\u00e1rate para una experiencia inolvidable! Visita nuestro sitio web <\/span><a href=\"https:\/\/www.sandiegoapartamentos.es\/\"><span style=\"font-weight: 400;\">San Diego Apartamentos<\/span><\/a><span style=\"font-weight: 400;\"> para ampliar informaci\u00f3n y planificar tu estancia en Tenerife.<\/span><\/p>\t\t\t\t\t\t\t\t<\/div>\n\t\t\t\t<\/div>\n\t\t\t\t\t<\/div>\n\t\t<\/div>\n\t\t\t\t\t<\/div>\n\t\t<\/section>\n\t\t\t\t<section class=\"elementor-section elementor-top-section elementor-element elementor-element-18328b2f elementor-section-boxed elementor-section-height-default elementor-section-height-default\" data-id=\"18328b2f\" data-element_type=\"section\" data-e-type=\"section\">\n\t\t\t\t\t\t<div class=\"elementor-container elementor-column-gap-default\">\n\t\t\t\t\t<div class=\"elementor-column elementor-col-33 elementor-top-column elementor-element elementor-element-571acdae\" data-id=\"571acdae\" data-element_type=\"column\" data-e-type=\"column\">\n\t\t\t<div class=\"elementor-widget-wrap elementor-element-populated\">\n\t\t\t\t\t\t<div class=\"elementor-element elementor-element-31d3ff47 elementor-align-center elementor-widget elementor-widget-button\" data-id=\"31d3ff47\" data-element_type=\"widget\" data-e-type=\"widget\" data-widget_type=\"button.default\">\n\t\t\t\t<div class=\"elementor-widget-container\">\n\t\t\t\t\t\t\t\t\t<div class=\"elementor-button-wrapper\">\n\t\t\t\t\t<a class=\"elementor-button elementor-button-link elementor-size-sm\" href=\"https:\/\/www.sansofestay.com\/alquiler\/alquileres-tenerife-e81\/\" target=\"_blank\">\n\t\t\t\t\t\t<span class=\"elementor-button-content-wrapper\">\n\t\t\t\t\t\t\t\t\t<span class=\"elementor-button-text\">Alojamientos Tenerife Norte<\/span>\n\t\t\t\t\t<\/span>\n\t\t\t\t\t<\/a>\n\t\t\t\t<\/div>\n\t\t\t\t\t\t\t\t<\/div>\n\t\t\t\t<\/div>\n\t\t\t\t\t<\/div>\n\t\t<\/div>\n\t\t\t\t<div class=\"elementor-column elementor-col-33 elementor-top-column elementor-element elementor-element-6e584cab\" data-id=\"6e584cab\" data-element_type=\"column\" data-e-type=\"column\">\n\t\t\t<div class=\"elementor-widget-wrap elementor-element-populated\">\n\t\t\t\t\t\t<div class=\"elementor-element elementor-element-2c30416b elementor-align-center elementor-widget elementor-widget-button\" data-id=\"2c30416b\" data-element_type=\"widget\" data-e-type=\"widget\" data-widget_type=\"button.default\">\n\t\t\t\t<div class=\"elementor-widget-container\">\n\t\t\t\t\t\t\t\t\t<div class=\"elementor-button-wrapper\">\n\t\t\t\t\t<a class=\"elementor-button elementor-button-link elementor-size-sm\" href=\"https:\/\/www.sansofestay.com\/alquiler\/apartamentos-tenerife-c1e81\/\" target=\"_blank\">\n\t\t\t\t\t\t<span class=\"elementor-button-content-wrapper\">\n\t\t\t\t\t\t\t\t\t<span class=\"elementor-button-text\">Alquiler de apartamentos en Tenerife Norte<\/span>\n\t\t\t\t\t<\/span>\n\t\t\t\t\t<\/a>\n\t\t\t\t<\/div>\n\t\t\t\t\t\t\t\t<\/div>\n\t\t\t\t<\/div>\n\t\t\t\t\t<\/div>\n\t\t<\/div>\n\t\t\t\t<div class=\"elementor-column elementor-col-33 elementor-top-column elementor-element elementor-element-21caa8a0\" data-id=\"21caa8a0\" data-element_type=\"column\" data-e-type=\"column\">\n\t\t\t<div class=\"elementor-widget-wrap elementor-element-populated\">\n\t\t\t\t\t\t<div class=\"elementor-element elementor-element-7abc9b1d elementor-align-center elementor-widget elementor-widget-button\" data-id=\"7abc9b1d\" data-element_type=\"widget\" data-e-type=\"widget\" data-widget_type=\"button.default\">\n\t\t\t\t<div class=\"elementor-widget-container\">\n\t\t\t\t\t\t\t\t\t<div class=\"elementor-button-wrapper\">\n\t\t\t\t\t<a class=\"elementor-button elementor-button-link elementor-size-sm\" href=\"https:\/\/www.sansofestay.com\/alquiler\/casas-tenerife-c19e81\/\" target=\"_blank\">\n\t\t\t\t\t\t<span class=\"elementor-button-content-wrapper\">\n\t\t\t\t\t\t\t\t\t<span class=\"elementor-button-text\">Casas de alquiler en Tenerife Norte<\/span>\n\t\t\t\t\t<\/span>\n\t\t\t\t\t<\/a>\n\t\t\t\t<\/div>\n\t\t\t\t\t\t\t\t<\/div>\n\t\t\t\t<\/div>\n\t\t\t\t\t<\/div>\n\t\t<\/div>\n\t\t\t\t\t<\/div>\n\t\t<\/section>\n\t\t\t\t<\/div>\n\t\t","protected":false},"excerpt":{"rendered":"<p>La Cueva del Viento, en el norte de Tenerife, es un tesoro geol\u00f3gico escondido en el coraz\u00f3n de la isla&#8230;.<\/p>\n","protected":false},"author":3,"featured_media":960,"comment_status":"open","ping_status":"open","sticky":false,"template":"","format":"standard","meta":{"footnotes":""},"categories":[17,26],"class_list":["post-948","post","type-post","status-publish","format-standard","has-post-thumbnail","hentry","category-actividades-la-matanza-de-acentejo","category-rutas"],"yoast_head":"<!-- This site is optimized with the Yoast SEO plugin v27.2 - https:\/\/yoast.com\/product\/yoast-seo-wordpress\/ -->\n<title>Descubre la Cueva del Viento Tenerife, un viaje subterr\u00e1neo<\/title>\n<meta name=\"description\" content=\"Explora la asombrosa Cueva del Viento de Tenerife, una aventura por t\u00faneles volc\u00e1nicos. \u00a1Ven y s\u00e9 testigo del poder de la naturaleza!\" \/>\n<meta name=\"robots\" content=\"index, follow, max-snippet:-1, max-image-preview:large, max-video-preview:-1\" \/>\n<link rel=\"canonical\" href=\"https:\/\/www.sansofestay.com\/blog\/de\/cueva-del-viento-tenerife\/\" \/>\n<meta property=\"og:locale\" content=\"de_DE\" \/>\n<meta property=\"og:type\" content=\"article\" \/>\n<meta property=\"og:title\" content=\"Descubre la Cueva del Viento Tenerife, un viaje subterr\u00e1neo\" \/>\n<meta property=\"og:description\" content=\"Explora la asombrosa Cueva del Viento de Tenerife, una aventura por t\u00faneles volc\u00e1nicos. \u00a1Ven y s\u00e9 testigo del poder de la naturaleza!\" \/>\n<meta property=\"og:url\" content=\"https:\/\/www.sansofestay.com\/blog\/de\/cueva-del-viento-tenerife\/\" \/>\n<meta property=\"og:site_name\" content=\"Urlaub auf Teneriffa Nord | Sansof\u00e9\" \/>\n<meta property=\"article:published_time\" content=\"2023-11-13T15:26:05+00:00\" \/>\n<meta property=\"article:modified_time\" content=\"2023-11-28T12:13:06+00:00\" \/>\n<meta property=\"og:image\" content=\"https:\/\/www.sansofestay.com\/blog\/wp-content\/uploads\/2023\/10\/Cueva-del-viento-tenerife.jpg\" \/>\n\t<meta property=\"og:image:width\" content=\"1920\" \/>\n\t<meta property=\"og:image:height\" content=\"1080\" \/>\n\t<meta property=\"og:image:type\" content=\"image\/jpeg\" \/>\n<meta name=\"author\" content=\"digitalservices@avantio.com\" \/>\n<meta name=\"twitter:card\" content=\"summary_large_image\" \/>\n<meta name=\"twitter:label1\" content=\"Verfasst von\" \/>\n\t<meta name=\"twitter:data1\" content=\"digitalservices@avantio.com\" \/>\n\t<meta name=\"twitter:label2\" content=\"Gesch\u00e4tzte Lesezeit\" \/>\n\t<meta name=\"twitter:data2\" content=\"5\u00a0Minuten\" \/>\n<script type=\"application\/ld+json\" class=\"yoast-schema-graph\">{\"@context\":\"https:\/\/schema.org\",\"@graph\":[{\"@type\":\"Article\",\"@id\":\"https:\/\/www.sansofestay.com\/blog\/de\/cueva-del-viento-tenerife\/#article\",\"isPartOf\":{\"@id\":\"https:\/\/www.sansofestay.com\/blog\/de\/cueva-del-viento-tenerife\/\"},\"author\":{\"name\":\"digitalservices@avantio.com\",\"@id\":\"https:\/\/www.sansofestay.com\/blog\/de\/#\/schema\/person\/c206c4732c6fd34c0667c8566b602cd6\"},\"headline\":\"Descubre la Cueva del Viento Tenerife, un viaje subterr\u00e1neo\",\"datePublished\":\"2023-11-13T15:26:05+00:00\",\"dateModified\":\"2023-11-28T12:13:06+00:00\",\"mainEntityOfPage\":{\"@id\":\"https:\/\/www.sansofestay.com\/blog\/de\/cueva-del-viento-tenerife\/\"},\"wordCount\":876,\"commentCount\":0,\"image\":{\"@id\":\"https:\/\/www.sansofestay.com\/blog\/de\/cueva-del-viento-tenerife\/#primaryimage\"},\"thumbnailUrl\":\"https:\/\/www.sansofestay.com\/blog\/wp-content\/uploads\/2023\/10\/Cueva-del-viento-tenerife.jpg\",\"articleSection\":[\"Actividades\",\"Rutas\"],\"inLanguage\":\"de\",\"potentialAction\":[{\"@type\":\"CommentAction\",\"name\":\"Comment\",\"target\":[\"https:\/\/www.sansofestay.com\/blog\/de\/cueva-del-viento-tenerife\/#respond\"]}]},{\"@type\":\"WebPage\",\"@id\":\"https:\/\/www.sansofestay.com\/blog\/de\/cueva-del-viento-tenerife\/\",\"url\":\"https:\/\/www.sansofestay.com\/blog\/de\/cueva-del-viento-tenerife\/\",\"name\":\"Descubre la Cueva del Viento Tenerife, un viaje subterr\u00e1neo\",\"isPartOf\":{\"@id\":\"https:\/\/www.sansofestay.com\/blog\/de\/#website\"},\"primaryImageOfPage\":{\"@id\":\"https:\/\/www.sansofestay.com\/blog\/de\/cueva-del-viento-tenerife\/#primaryimage\"},\"image\":{\"@id\":\"https:\/\/www.sansofestay.com\/blog\/de\/cueva-del-viento-tenerife\/#primaryimage\"},\"thumbnailUrl\":\"https:\/\/www.sansofestay.com\/blog\/wp-content\/uploads\/2023\/10\/Cueva-del-viento-tenerife.jpg\",\"datePublished\":\"2023-11-13T15:26:05+00:00\",\"dateModified\":\"2023-11-28T12:13:06+00:00\",\"author\":{\"@id\":\"https:\/\/www.sansofestay.com\/blog\/de\/#\/schema\/person\/c206c4732c6fd34c0667c8566b602cd6\"},\"description\":\"Explora la asombrosa Cueva del Viento de Tenerife, una aventura por t\u00faneles volc\u00e1nicos. \u00a1Ven y s\u00e9 testigo del poder de la naturaleza!\",\"inLanguage\":\"de\",\"potentialAction\":[{\"@type\":\"ReadAction\",\"target\":[\"https:\/\/www.sansofestay.com\/blog\/de\/cueva-del-viento-tenerife\/\"]}]},{\"@type\":\"ImageObject\",\"inLanguage\":\"de\",\"@id\":\"https:\/\/www.sansofestay.com\/blog\/de\/cueva-del-viento-tenerife\/#primaryimage\",\"url\":\"https:\/\/www.sansofestay.com\/blog\/wp-content\/uploads\/2023\/10\/Cueva-del-viento-tenerife.jpg\",\"contentUrl\":\"https:\/\/www.sansofestay.com\/blog\/wp-content\/uploads\/2023\/10\/Cueva-del-viento-tenerife.jpg\",\"width\":1920,\"height\":1080,\"caption\":\"Cueva del viento tenerife\"},{\"@type\":\"WebSite\",\"@id\":\"https:\/\/www.sansofestay.com\/blog\/de\/#website\",\"url\":\"https:\/\/www.sansofestay.com\/blog\/de\/\",\"name\":\"Urlaub auf Teneriffa Nord | Sansof\u00e9\",\"description\":\"Touristische Informationen \u00fcber die Insel Teneriffa. Entdecken Sie die Insel, die besten Gegenden, Aktivit\u00e4ten und Tipps.\",\"potentialAction\":[{\"@type\":\"SearchAction\",\"target\":{\"@type\":\"EntryPoint\",\"urlTemplate\":\"https:\/\/www.sansofestay.com\/blog\/de\/?s={search_term_string}\"},\"query-input\":{\"@type\":\"PropertyValueSpecification\",\"valueRequired\":true,\"valueName\":\"search_term_string\"}}],\"inLanguage\":\"de\"},{\"@type\":\"Person\",\"@id\":\"https:\/\/www.sansofestay.com\/blog\/de\/#\/schema\/person\/c206c4732c6fd34c0667c8566b602cd6\",\"name\":\"digitalservices@avantio.com\",\"image\":{\"@type\":\"ImageObject\",\"inLanguage\":\"de\",\"@id\":\"https:\/\/secure.gravatar.com\/avatar\/af30f88a1904294c1f3eb09a9d7903eec4ffa18fa2cf40c28a8681014ecdfc20?s=96&d=mm&r=g\",\"url\":\"https:\/\/secure.gravatar.com\/avatar\/af30f88a1904294c1f3eb09a9d7903eec4ffa18fa2cf40c28a8681014ecdfc20?s=96&d=mm&r=g\",\"contentUrl\":\"https:\/\/secure.gravatar.com\/avatar\/af30f88a1904294c1f3eb09a9d7903eec4ffa18fa2cf40c28a8681014ecdfc20?s=96&d=mm&r=g\",\"caption\":\"digitalservices@avantio.com\"},\"url\":\"https:\/\/www.sansofestay.com\/blog\/de\/author\/digitalservicesavantio-com\/\"}]}<\/script>\n<!-- \/ Yoast SEO plugin. -->","yoast_head_json":{"title":"Descubre la Cueva del Viento Tenerife, un viaje subterr\u00e1neo","description":"Explora la asombrosa Cueva del Viento de Tenerife, una aventura por t\u00faneles volc\u00e1nicos. \u00a1Ven y s\u00e9 testigo del poder de la naturaleza!","robots":{"index":"index","follow":"follow","max-snippet":"max-snippet:-1","max-image-preview":"max-image-preview:large","max-video-preview":"max-video-preview:-1"},"canonical":"https:\/\/www.sansofestay.com\/blog\/de\/cueva-del-viento-tenerife\/","og_locale":"de_DE","og_type":"article","og_title":"Descubre la Cueva del Viento Tenerife, un viaje subterr\u00e1neo","og_description":"Explora la asombrosa Cueva del Viento de Tenerife, una aventura por t\u00faneles volc\u00e1nicos. \u00a1Ven y s\u00e9 testigo del poder de la naturaleza!","og_url":"https:\/\/www.sansofestay.com\/blog\/de\/cueva-del-viento-tenerife\/","og_site_name":"Urlaub auf Teneriffa Nord | Sansof\u00e9","article_published_time":"2023-11-13T15:26:05+00:00","article_modified_time":"2023-11-28T12:13:06+00:00","og_image":[{"width":1920,"height":1080,"url":"https:\/\/www.sansofestay.com\/blog\/wp-content\/uploads\/2023\/10\/Cueva-del-viento-tenerife.jpg","type":"image\/jpeg"}],"author":"digitalservices@avantio.com","twitter_card":"summary_large_image","twitter_misc":{"Verfasst von":"digitalservices@avantio.com","Gesch\u00e4tzte Lesezeit":"5\u00a0Minuten"},"schema":{"@context":"https:\/\/schema.org","@graph":[{"@type":"Article","@id":"https:\/\/www.sansofestay.com\/blog\/de\/cueva-del-viento-tenerife\/#article","isPartOf":{"@id":"https:\/\/www.sansofestay.com\/blog\/de\/cueva-del-viento-tenerife\/"},"author":{"name":"digitalservices@avantio.com","@id":"https:\/\/www.sansofestay.com\/blog\/de\/#\/schema\/person\/c206c4732c6fd34c0667c8566b602cd6"},"headline":"Descubre la Cueva del Viento Tenerife, un viaje subterr\u00e1neo","datePublished":"2023-11-13T15:26:05+00:00","dateModified":"2023-11-28T12:13:06+00:00","mainEntityOfPage":{"@id":"https:\/\/www.sansofestay.com\/blog\/de\/cueva-del-viento-tenerife\/"},"wordCount":876,"commentCount":0,"image":{"@id":"https:\/\/www.sansofestay.com\/blog\/de\/cueva-del-viento-tenerife\/#primaryimage"},"thumbnailUrl":"https:\/\/www.sansofestay.com\/blog\/wp-content\/uploads\/2023\/10\/Cueva-del-viento-tenerife.jpg","articleSection":["Actividades","Rutas"],"inLanguage":"de","potentialAction":[{"@type":"CommentAction","name":"Comment","target":["https:\/\/www.sansofestay.com\/blog\/de\/cueva-del-viento-tenerife\/#respond"]}]},{"@type":"WebPage","@id":"https:\/\/www.sansofestay.com\/blog\/de\/cueva-del-viento-tenerife\/","url":"https:\/\/www.sansofestay.com\/blog\/de\/cueva-del-viento-tenerife\/","name":"Descubre la Cueva del Viento Tenerife, un viaje subterr\u00e1neo","isPartOf":{"@id":"https:\/\/www.sansofestay.com\/blog\/de\/#website"},"primaryImageOfPage":{"@id":"https:\/\/www.sansofestay.com\/blog\/de\/cueva-del-viento-tenerife\/#primaryimage"},"image":{"@id":"https:\/\/www.sansofestay.com\/blog\/de\/cueva-del-viento-tenerife\/#primaryimage"},"thumbnailUrl":"https:\/\/www.sansofestay.com\/blog\/wp-content\/uploads\/2023\/10\/Cueva-del-viento-tenerife.jpg","datePublished":"2023-11-13T15:26:05+00:00","dateModified":"2023-11-28T12:13:06+00:00","author":{"@id":"https:\/\/www.sansofestay.com\/blog\/de\/#\/schema\/person\/c206c4732c6fd34c0667c8566b602cd6"},"description":"Explora la asombrosa Cueva del Viento de Tenerife, una aventura por t\u00faneles volc\u00e1nicos. \u00a1Ven y s\u00e9 testigo del poder de la naturaleza!","inLanguage":"de","potentialAction":[{"@type":"ReadAction","target":["https:\/\/www.sansofestay.com\/blog\/de\/cueva-del-viento-tenerife\/"]}]},{"@type":"ImageObject","inLanguage":"de","@id":"https:\/\/www.sansofestay.com\/blog\/de\/cueva-del-viento-tenerife\/#primaryimage","url":"https:\/\/www.sansofestay.com\/blog\/wp-content\/uploads\/2023\/10\/Cueva-del-viento-tenerife.jpg","contentUrl":"https:\/\/www.sansofestay.com\/blog\/wp-content\/uploads\/2023\/10\/Cueva-del-viento-tenerife.jpg","width":1920,"height":1080,"caption":"Cueva del viento tenerife"},{"@type":"WebSite","@id":"https:\/\/www.sansofestay.com\/blog\/de\/#website","url":"https:\/\/www.sansofestay.com\/blog\/de\/","name":"Urlaub auf Teneriffa Nord | Sansof\u00e9","description":"Touristische Informationen \u00fcber die Insel Teneriffa. Entdecken Sie die Insel, die besten Gegenden, Aktivit\u00e4ten und Tipps.","potentialAction":[{"@type":"SearchAction","target":{"@type":"EntryPoint","urlTemplate":"https:\/\/www.sansofestay.com\/blog\/de\/?s={search_term_string}"},"query-input":{"@type":"PropertyValueSpecification","valueRequired":true,"valueName":"search_term_string"}}],"inLanguage":"de"},{"@type":"Person","@id":"https:\/\/www.sansofestay.com\/blog\/de\/#\/schema\/person\/c206c4732c6fd34c0667c8566b602cd6","name":"digitalservices@avantio.com","image":{"@type":"ImageObject","inLanguage":"de","@id":"https:\/\/secure.gravatar.com\/avatar\/af30f88a1904294c1f3eb09a9d7903eec4ffa18fa2cf40c28a8681014ecdfc20?s=96&d=mm&r=g","url":"https:\/\/secure.gravatar.com\/avatar\/af30f88a1904294c1f3eb09a9d7903eec4ffa18fa2cf40c28a8681014ecdfc20?s=96&d=mm&r=g","contentUrl":"https:\/\/secure.gravatar.com\/avatar\/af30f88a1904294c1f3eb09a9d7903eec4ffa18fa2cf40c28a8681014ecdfc20?s=96&d=mm&r=g","caption":"digitalservices@avantio.com"},"url":"https:\/\/www.sansofestay.com\/blog\/de\/author\/digitalservicesavantio-com\/"}]}},"_pingme":"","_encloseme":"","_top_nav_excluded":"","_cms_nav_minihome":"","_last_translation_edit_mode":"","_edit_last":"3","_wpml_media_featured":"1","_wpml_media_duplicate":"1","_edit_lock":"1701173590:3","_wpml_word_count":"873","_yoast_wpseo_estimated-reading-time-minutes":"5","_yoast_wpseo_meta-robots-noindex":"","_yoast_wpseo_meta-robots-nofollow":"","_yoast_wpseo_wordproof_timestamp":"","_yoast_wpseo_primary_category":17,"_elementor_edit_mode":"builder","_elementor_template_type":"wp-post","_elementor_version":"3.16.6","_elementor_pro_version":"3.8.2","_wp_page_template":"default","_elementor_page_settings":{"page_template":"elementor_header_footer"},"_elementor_data":"[{\"id\":\"27f9b5f0\",\"elType\":\"section\",\"settings\":[],\"elements\":[{\"id\":\"e76add5\",\"elType\":\"column\",\"settings\":{\"_column_size\":100,\"_inline_size\":null},\"elements\":[{\"id\":\"400ea1b4\",\"elType\":\"widget\",\"settings\":{\"editor\":\"<p><b>La Cueva del Viento, en el norte de Tenerife<\\\/b><span style=\\\"font-weight: 400;\\\">, es un tesoro geol\\u00f3gico escondido en el coraz\\u00f3n de la isla. Ofrece a los visitantes la oportunidad de sumergirse en un mundo subterr\\u00e1neo lleno de maravillas naturales. Este lugar, no solo es una de las principales atracciones tur\\u00edsticas de Tenerife, sino que ostenta la condici\\u00f3n de ser una de las <\\\/span><b>cuevas volc\\u00e1nicas<\\\/b><span style=\\\"font-weight: 400;\\\"> m\\u00e1s impresionantes y extensas del mundo. Te revelamos sus secretos y maravillas geol\\u00f3gicas y te proporcionamos informaci\\u00f3n pr\\u00e1ctica para la visita.<\\\/span><\\\/p>\",\"text_color\":\"#7A7A7A\",\"typography_typography\":\"custom\",\"typography_font_family\":\"Maven Pro\",\"typography_font_size\":{\"unit\":\"px\",\"size\":18,\"sizes\":[]},\"typography_font_weight\":\"400\",\"align\":\"justify\",\"_margin\":{\"unit\":\"px\",\"top\":\"-15\",\"right\":\"0\",\"bottom\":\"0\",\"left\":\"0\",\"isLinked\":false}},\"elements\":[],\"widgetType\":\"text-editor\"}],\"isInner\":false}],\"isInner\":false},{\"id\":\"5b6ec268\",\"elType\":\"section\",\"settings\":[],\"elements\":[{\"id\":\"51d48d73\",\"elType\":\"column\",\"settings\":{\"_column_size\":100,\"_inline_size\":null},\"elements\":[{\"id\":\"1fbc9a77\",\"elType\":\"widget\",\"settings\":{\"title\":\"\\u00cdNDICE\",\"html_tag\":\"div\",\"headings_by_tags\":[\"h2\"],\"exclude_headings_by_selector\":[],\"border_radius\":{\"unit\":\"px\",\"size\":20,\"sizes\":[]},\"header_background_color\":\"#69775E\",\"header_text_color\":\"#FFFFFF\",\"marker_view\":\"bullets\",\"icon\":{\"value\":\"\",\"library\":\"\"}},\"elements\":[],\"widgetType\":\"table-of-contents\"}],\"isInner\":false}],\"isInner\":false},{\"id\":\"29fe5aaa\",\"elType\":\"section\",\"settings\":[],\"elements\":[{\"id\":\"121b3b5a\",\"elType\":\"column\",\"settings\":{\"_column_size\":100,\"_inline_size\":null},\"elements\":[{\"id\":\"99f75c7\",\"elType\":\"widget\",\"settings\":{\"title\":\"Adentrarse en la Cueva del Viento\\n\",\"title_color\":\"#69775E\",\"typography_typography\":\"custom\",\"typography_font_family\":\"Maven Pro\",\"typography_font_size\":{\"unit\":\"px\",\"size\":30,\"sizes\":[]},\"typography_font_weight\":\"700\",\"_margin\":{\"unit\":\"px\",\"top\":\"50\",\"right\":\"0\",\"bottom\":\"0\",\"left\":\"0\",\"isLinked\":false}},\"elements\":[],\"widgetType\":\"heading\"},{\"id\":\"6f6dfe8b\",\"elType\":\"widget\",\"settings\":{\"editor\":\"<p><b>La Cueva del Viento de Tenerife<\\\/b><span style=\\\"font-weight: 400;\\\"> se encuentra ubicada en el municipio de Icod de los Vinos. Es un impresionante ejemplo de tubo volc\\u00e1nico, creado por las corrientes de lava del Pico Viejo, vecino al famoso Teide. Con <\\\/span><b>m\\u00e1s de 17 kil\\u00f3metros de galer\\u00edas<\\\/b> <b>subterr\\u00e1neas<\\\/b><span style=\\\"font-weight: 400;\\\">, la cueva garantiza un viaje \\u00fanico al interior de la tierra. Permite a los visitantes explorar sus misterios y aprender sobre los procesos geol\\u00f3gicos que la formaron.<\\\/span><\\\/p>\\n<p><span style=\\\"font-weight: 400;\\\">La cueva alberga una gran diversidad de especies animales, muchas de las cuales son \\u00fanicas de este h\\u00e1bitat subterr\\u00e1neo. Entre ellas, merecen tu atenci\\u00f3n varias especies de murci\\u00e9lagos, as\\u00ed como invertebrados que han adaptado sus formas de vida a la oscuridad.<\\\/span><\\\/p>\",\"text_color\":\"#7A7A7A\",\"typography_typography\":\"custom\",\"typography_font_family\":\"Maven Pro\",\"typography_font_size\":{\"unit\":\"px\",\"size\":18,\"sizes\":[]},\"typography_font_weight\":\"400\",\"align\":\"justify\",\"_margin\":{\"unit\":\"px\",\"top\":\"-15\",\"right\":\"0\",\"bottom\":\"0\",\"left\":\"0\",\"isLinked\":false}},\"elements\":[],\"widgetType\":\"text-editor\"}],\"isInner\":false}],\"isInner\":false},{\"id\":\"92cbc96\",\"elType\":\"section\",\"settings\":[],\"elements\":[{\"id\":\"79eb20f\",\"elType\":\"column\",\"settings\":{\"_column_size\":100,\"_inline_size\":null},\"elements\":[{\"id\":\"ad24787\",\"elType\":\"widget\",\"settings\":{\"address\":\"cueva del viento tenerife\",\"zoom\":{\"unit\":\"px\",\"size\":11,\"sizes\":[]},\"height\":{\"unit\":\"px\",\"size\":482,\"sizes\":[]}},\"elements\":[],\"widgetType\":\"google_maps\"}],\"isInner\":false}],\"isInner\":false},{\"id\":\"c060add\",\"elType\":\"section\",\"settings\":[],\"elements\":[{\"id\":\"1fdb4cb\",\"elType\":\"column\",\"settings\":{\"_column_size\":100,\"_inline_size\":null},\"elements\":[{\"id\":\"7baafb4\",\"elType\":\"widget\",\"settings\":{\"title\":\"Formaciones geol\\u00f3gicas sorprendentes\\n\",\"title_color\":\"#69775E\",\"typography_typography\":\"custom\",\"typography_font_family\":\"Maven Pro\",\"typography_font_size\":{\"unit\":\"px\",\"size\":30,\"sizes\":[]},\"typography_font_weight\":\"700\",\"_margin\":{\"unit\":\"px\",\"top\":\"50\",\"right\":\"0\",\"bottom\":\"0\",\"left\":\"0\",\"isLinked\":false}},\"elements\":[],\"widgetType\":\"heading\"},{\"id\":\"d88cba0\",\"elType\":\"widget\",\"settings\":{\"editor\":\"<p><b>La Cueva del Viento de Tenerife<\\\/b><span style=\\\"font-weight: 400;\\\"> se encuentra ubicada en el municipio de Icod de los Vinos. Es un impresionante ejemplo de tubo volc\\u00e1nico, creado por las corrientes de lava del Pico Viejo, vecino al famoso Teide. Con <\\\/span><b>m\\u00e1s de 17 kil\\u00f3metros de galer\\u00edas<\\\/b> <b>subterr\\u00e1neas<\\\/b><span style=\\\"font-weight: 400;\\\">, la cueva garantiza un viaje \\u00fanico al interior de la tierra. Permite a los visitantes explorar sus misterios y aprender sobre los procesos geol\\u00f3gicos que la formaron.<\\\/span><\\\/p>\\n<p><span style=\\\"font-weight: 400;\\\">La cueva alberga una gran diversidad de especies animales, muchas de las cuales son \\u00fanicas de este h\\u00e1bitat subterr\\u00e1neo. Entre ellas, merecen tu atenci\\u00f3n varias especies de murci\\u00e9lagos, as\\u00ed como invertebrados que han adaptado sus formas de vida a la oscuridad.<\\\/span><\\\/p>\",\"text_color\":\"#7A7A7A\",\"typography_typography\":\"custom\",\"typography_font_family\":\"Maven Pro\",\"typography_font_size\":{\"unit\":\"px\",\"size\":18,\"sizes\":[]},\"typography_font_weight\":\"400\",\"align\":\"justify\",\"_margin\":{\"unit\":\"px\",\"top\":\"-15\",\"right\":\"0\",\"bottom\":\"0\",\"left\":\"0\",\"isLinked\":false}},\"elements\":[],\"widgetType\":\"text-editor\"}],\"isInner\":false}],\"isInner\":false},{\"id\":\"3528d67\",\"elType\":\"section\",\"settings\":[],\"elements\":[{\"id\":\"8ee956c\",\"elType\":\"column\",\"settings\":{\"_column_size\":100,\"_inline_size\":null},\"elements\":[{\"id\":\"1c30c30\",\"elType\":\"widget\",\"settings\":{\"image\":{\"url\":\"https:\\\/\\\/www.sansofestay.com\\\/blog\\\/wp-content\\\/uploads\\\/2023\\\/10\\\/excursion-cueva-del-viento-tenerife.jpg\",\"id\":962,\"size\":\"\",\"alt\":\"excursi\\u00f3n cueva del viento tenerife\",\"source\":\"library\"}},\"elements\":[],\"widgetType\":\"image\"}],\"isInner\":false}],\"isInner\":false},{\"id\":\"df7d96e\",\"elType\":\"section\",\"settings\":[],\"elements\":[{\"id\":\"0e57386\",\"elType\":\"column\",\"settings\":{\"_column_size\":100,\"_inline_size\":null},\"elements\":[{\"id\":\"d6c4560\",\"elType\":\"widget\",\"settings\":{\"title\":\"C\\u00f3mo visitar la Cueva del Viento de Tenerife Norte\\n\",\"title_color\":\"#69775E\",\"typography_typography\":\"custom\",\"typography_font_family\":\"Maven Pro\",\"typography_font_size\":{\"unit\":\"px\",\"size\":30,\"sizes\":[]},\"typography_font_weight\":\"700\",\"_margin\":{\"unit\":\"px\",\"top\":\"50\",\"right\":\"0\",\"bottom\":\"0\",\"left\":\"0\",\"isLinked\":false}},\"elements\":[],\"widgetType\":\"heading\"},{\"id\":\"4c87025\",\"elType\":\"widget\",\"settings\":{\"editor\":\"<p><span style=\\\"font-weight: 400;\\\">Para explorar <\\\/span><b>la Cueva del Viento Tenerife<\\\/b><span style=\\\"font-weight: 400;\\\">, resulta preciso participar en una de <\\\/span><b>las visitas guiadas organizadas por el centro de visitantes<\\\/b><span style=\\\"font-weight: 400;\\\">. Antes de sumergirse en las profundidades, los visitantes reciben una charla informativa sobre las normas de seguridad y el equipo requerido. El uso de casco y linterna es obligatorio. El personal de la cueva se asegura de que todos los participantes est\\u00e1n convenientemente equipados para la aventura.<\\\/span><\\\/p>\\n<p><b>Existen diferentes tipos de recorridos disponibles, adaptados a distintos niveles de edad y capacidad f\\u00edsica<\\\/b><span style=\\\"font-weight: 400;\\\">. Desde rutas f\\u00e1ciles y accesibles para familias con ni\\u00f1os hasta recorridos m\\u00e1s largos y desafiantes para los aventureros m\\u00e1s experimentados, hay opciones para todos. Cada visita guiada ofrece la oportunidad de aprender sobre geolog\\u00eda, vulcanolog\\u00eda y sobre la historia natural de la Cueva del Viento.<\\\/span><\\\/p>\",\"text_color\":\"#7A7A7A\",\"typography_typography\":\"custom\",\"typography_font_family\":\"Maven Pro\",\"typography_font_size\":{\"unit\":\"px\",\"size\":18,\"sizes\":[]},\"typography_font_weight\":\"400\",\"align\":\"justify\",\"_margin\":{\"unit\":\"px\",\"top\":\"-15\",\"right\":\"0\",\"bottom\":\"0\",\"left\":\"0\",\"isLinked\":false}},\"elements\":[],\"widgetType\":\"text-editor\"}],\"isInner\":false}],\"isInner\":false},{\"id\":\"90b3e5b\",\"elType\":\"section\",\"settings\":[],\"elements\":[{\"id\":\"f7f0b3e\",\"elType\":\"column\",\"settings\":{\"_column_size\":100,\"_inline_size\":null},\"elements\":[{\"id\":\"141faee\",\"elType\":\"widget\",\"settings\":{\"title\":\"Informaci\\u00f3n y reservas para visitar las cuevas de Tenerife\\n\",\"title_color\":\"#69775E\",\"typography_typography\":\"custom\",\"typography_font_family\":\"Maven Pro\",\"typography_font_size\":{\"unit\":\"px\",\"size\":30,\"sizes\":[]},\"typography_font_weight\":\"700\",\"_margin\":{\"unit\":\"px\",\"top\":\"50\",\"right\":\"0\",\"bottom\":\"0\",\"left\":\"0\",\"isLinked\":false}},\"elements\":[],\"widgetType\":\"heading\"},{\"id\":\"3cca29b\",\"elType\":\"widget\",\"settings\":{\"editor\":\"<p><span style=\\\"font-weight: 400;\\\">Antes de planificar tu visita a <\\\/span><b>la Cueva del Viento de Tenerife<\\\/b><span style=\\\"font-weight: 400;\\\">, conviene que tengas en cuenta varios detalles pr\\u00e1cticos.<\\\/span><\\\/p><p><b>Se puede llegar en coche y hay un aparcamiento<\\\/b> <b>disponible para los visitantes.<\\\/b><span style=\\\"font-weight: 400;\\\"> Tambi\\u00e9n es posible llegar en transporte p\\u00fablico, aunque las alternativas son m\\u00e1s limitadas y es recomendable revisar los horarios con antelaci\\u00f3n.<\\\/span><\\\/p><p><b>La cueva permanece abierta al p\\u00fablico de martes a s\\u00e1bados. Los domingos, lunes y festivos est\\u00e1 cerrada.<\\\/b><span style=\\\"font-weight: 400;\\\"> Los horarios de las visitas guiadas var\\u00edan, por lo que es recomendable consultar la p\\u00e1gina oficial o contactar directamente para obtener la informaci\\u00f3n m\\u00e1s actualizada.<\\\/span><\\\/p>\",\"text_color\":\"#7A7A7A\",\"typography_typography\":\"custom\",\"typography_font_family\":\"Maven Pro\",\"typography_font_size\":{\"unit\":\"px\",\"size\":18,\"sizes\":[]},\"typography_font_weight\":\"400\",\"align\":\"justify\",\"_margin\":{\"unit\":\"px\",\"top\":\"-15\",\"right\":\"0\",\"bottom\":\"0\",\"left\":\"0\",\"isLinked\":false}},\"elements\":[],\"widgetType\":\"text-editor\"},{\"id\":\"dcd8f52\",\"elType\":\"widget\",\"settings\":{\"image\":{\"url\":\"https:\\\/\\\/www.sansofestay.com\\\/blog\\\/wp-content\\\/uploads\\\/2023\\\/10\\\/Cueva-del-viento-tenerife.jpg\",\"id\":960,\"size\":\"\",\"alt\":\"Cueva del viento tenerife\",\"source\":\"library\"},\"image_size\":\"full\"},\"elements\":[],\"widgetType\":\"image\"}],\"isInner\":false}],\"isInner\":false},{\"id\":\"2b3999f\",\"elType\":\"section\",\"settings\":[],\"elements\":[{\"id\":\"169bc5b\",\"elType\":\"column\",\"settings\":{\"_column_size\":100,\"_inline_size\":null},\"elements\":[{\"id\":\"b1ae112\",\"elType\":\"widget\",\"settings\":{\"editor\":\"<p><b style=\\\"background-color: transparent;\\\">Las tarifas oscilan en funci\\u00f3n de la edad y del tipo de visita<\\\/b><span style=\\\"background-color: transparent;\\\">, con descuentos disponibles para residentes, ni\\u00f1os y grupos. Toda esta informaci\\u00f3n est\\u00e1 detallada en la p\\u00e1gina oficial, facilit\\u00e1ndote la elecci\\u00f3n del recorrido id\\u00f3neo a tus necesidades y presupuesto.<\\\/span><br><\\\/p>\\n<p><b>Es imprescindible reservar tu visita con antelaci\\u00f3n, ya que el n\\u00famero de personas por grupo es limitado<\\\/b><span style=\\\"font-weight: 400;\\\"> a fin de garantizar una experiencia segura y de calidad.<\\\/span><\\\/p>\\n<p><span style=\\\"font-weight: 400;\\\">Para disfrutar plenamente de tu experiencia, te aconsejamos llevar <\\\/span><b>ropa y calzado c\\u00f3modo para caminar en terreno irregular<\\\/b><span style=\\\"font-weight: 400;\\\">. Aunque la temperatura en el interior de la cueva es relativamente estable durante todo el a\\u00f1o, llevar una chaqueta ligera es una buena idea.<\\\/span><\\\/p>\",\"text_color\":\"#7A7A7A\",\"typography_typography\":\"custom\",\"typography_font_family\":\"Maven Pro\",\"typography_font_size\":{\"unit\":\"px\",\"size\":18,\"sizes\":[]},\"typography_font_weight\":\"400\",\"align\":\"justify\",\"_margin\":{\"unit\":\"px\",\"top\":\"-15\",\"right\":\"0\",\"bottom\":\"0\",\"left\":\"0\",\"isLinked\":false}},\"elements\":[],\"widgetType\":\"text-editor\"}],\"isInner\":false}],\"isInner\":false},{\"id\":\"2ddb092\",\"elType\":\"section\",\"settings\":[],\"elements\":[{\"id\":\"43b3dc18\",\"elType\":\"column\",\"settings\":{\"_column_size\":100,\"_inline_size\":null},\"elements\":[{\"id\":\"3391330\",\"elType\":\"widget\",\"settings\":{\"title\":\"\\u00a1Ven y descubre la magia de la Cueva del Viento!\\n\",\"title_color\":\"#69775E\",\"typography_typography\":\"custom\",\"typography_font_family\":\"Maven Pro\",\"typography_font_size\":{\"unit\":\"px\",\"size\":30,\"sizes\":[]},\"typography_font_weight\":\"700\",\"_margin\":{\"unit\":\"px\",\"top\":\"50\",\"right\":\"0\",\"bottom\":\"0\",\"left\":\"0\",\"isLinked\":false}},\"elements\":[],\"widgetType\":\"heading\"},{\"id\":\"51933cc3\",\"elType\":\"widget\",\"settings\":{\"editor\":\"<p><span style=\\\"font-weight: 400;\\\">No te pierdas la oportunidad de vivir una aventura memorable explorando <\\\/span><b>la Cueva del Viento en Tenerife<\\\/b><span style=\\\"font-weight: 400;\\\">. Descubre sus secretos, marav\\u00edllate con sus formaciones geol\\u00f3gicas y sum\\u00e9rgete en el fascinante mundo subterr\\u00e1neo que te aguarda bajo la superficie de la isla. Con las visitas guiadas, tendr\\u00e1s la ocasi\\u00f3n de profundizar en los secretos de la cueva de la mano de expertos que compartir\\u00e1n contigo datos interesantes y an\\u00e9cdotas sobre este lugar tan especial. \\u00a1Reserva tu visita hoy y prep\\u00e1rate para una experiencia inolvidable! Visita nuestro sitio web <\\\/span><a href=\\\"https:\\\/\\\/www.sandiegoapartamentos.es\\\/\\\"><span style=\\\"font-weight: 400;\\\">San Diego Apartamentos<\\\/span><\\\/a><span style=\\\"font-weight: 400;\\\"> para ampliar informaci\\u00f3n y planificar tu estancia en Tenerife.<\\\/span><\\\/p>\",\"text_color\":\"#7A7A7A\",\"typography_typography\":\"custom\",\"typography_font_family\":\"Maven Pro\",\"typography_font_size\":{\"unit\":\"px\",\"size\":18,\"sizes\":[]},\"typography_font_weight\":\"400\",\"align\":\"justify\",\"_margin\":{\"unit\":\"px\",\"top\":\"-15\",\"right\":\"0\",\"bottom\":\"0\",\"left\":\"0\",\"isLinked\":false}},\"elements\":[],\"widgetType\":\"text-editor\"}],\"isInner\":false}],\"isInner\":false},{\"id\":\"18328b2f\",\"elType\":\"section\",\"settings\":{\"structure\":\"30\"},\"elements\":[{\"id\":\"571acdae\",\"elType\":\"column\",\"settings\":{\"_column_size\":33,\"_inline_size\":null},\"elements\":[{\"id\":\"31d3ff47\",\"elType\":\"widget\",\"settings\":{\"text\":\"Alojamientos Tenerife Norte\",\"link\":{\"url\":\"https:\\\/\\\/www.sansofestay.com\\\/alquiler\\\/alquileres-tenerife-e81\\\/\",\"is_external\":\"on\",\"nofollow\":\"\",\"custom_attributes\":\"\"},\"align\":\"center\",\"background_color\":\"#69775E\"},\"elements\":[],\"widgetType\":\"button\"}],\"isInner\":false},{\"id\":\"6e584cab\",\"elType\":\"column\",\"settings\":{\"_column_size\":33,\"_inline_size\":null},\"elements\":[{\"id\":\"2c30416b\",\"elType\":\"widget\",\"settings\":{\"text\":\"Alquiler de apartamentos en Tenerife Norte\",\"link\":{\"url\":\"https:\\\/\\\/www.sansofestay.com\\\/alquiler\\\/apartamentos-tenerife-c1e81\\\/\",\"is_external\":\"on\",\"nofollow\":\"\",\"custom_attributes\":\"\"},\"align\":\"center\",\"background_color\":\"#69775E\"},\"elements\":[],\"widgetType\":\"button\"}],\"isInner\":false},{\"id\":\"21caa8a0\",\"elType\":\"column\",\"settings\":{\"_column_size\":33,\"_inline_size\":null},\"elements\":[{\"id\":\"7abc9b1d\",\"elType\":\"widget\",\"settings\":{\"text\":\"Casas de alquiler en Tenerife Norte\",\"link\":{\"url\":\"https:\\\/\\\/www.sansofestay.com\\\/alquiler\\\/casas-tenerife-c19e81\\\/\",\"is_external\":\"on\",\"nofollow\":\"\",\"custom_attributes\":\"\"},\"align\":\"center\",\"background_color\":\"#69775E\"},\"elements\":[],\"widgetType\":\"button\"}],\"isInner\":false}],\"isInner\":false}]","_yoast_wpseo_content_score":"60","_wpml_location_migration_done":"1","_yoast_wpseo_metadesc":"Explora la asombrosa Cueva del Viento de Tenerife, una aventura por t\u00faneles volc\u00e1nicos. \u00a1Ven y s\u00e9 testigo del poder de la naturaleza!","_wpse_old_slug":"","_thumbnail_id":"960","_yoast_wpseo_focuskw":"Cueva del Viento Tenerife","_yoast_wpseo_title":"%%title%% %%page%%","_yoast_wpseo_linkdex":"66","_elementor_controls_usage":{"text-editor":{"count":7,"control_percent":2,"controls":{"content":{"section_editor":{"editor":7}},"style":{"section_style":{"text_color":7,"typography_typography":7,"typography_font_family":7,"typography_font_size":7,"typography_font_weight":7,"align":7}},"advanced":{"_section_style":{"_margin":7}}}},"column":{"count":13,"control_percent":0,"controls":{"layout":{"layout":{"_inline_size":13}}}},"section":{"count":11,"control_percent":0,"controls":{"layout":{"section_structure":{"structure":1}}}},"table-of-contents":{"count":1,"control_percent":2,"controls":{"content":{"table_of_contents":{"title":1,"html_tag":1,"headings_by_tags":1,"marker_view":1,"icon":1}},"style":{"box_style":{"border_radius":1},"header_style":{"header_background_color":1,"header_text_color":1}}}},"heading":{"count":5,"control_percent":2,"controls":{"content":{"section_title":{"title":5}},"style":{"section_title_style":{"title_color":5,"typography_typography":5,"typography_font_family":5,"typography_font_size":5,"typography_font_weight":5}},"advanced":{"_section_style":{"_margin":5}}}},"google_maps":{"count":1,"control_percent":1,"controls":{"content":{"section_map":{"address":1,"zoom":1,"height":1}}}},"image":{"count":2,"control_percent":1,"controls":{"content":{"section_image":{"image":2,"image_size":1}}}},"button":{"count":3,"control_percent":1,"controls":{"content":{"section_button":{"text":3,"link":3}},"style":{"section_style":{"align":3,"background_color":3}}}}},"_wp_old_slug":"","_elementor_template_widget_type":"","_elementor_popup_display_settings":"","_wpml_post_translation_editor_native":"","_wp_old_date":"2023-11-07","_oembed_73d8af3ba4596fb88a7f14b93e1916a9":"","_oembed_time_73d8af3ba4596fb88a7f14b93e1916a9":"","_oembed_f9dc1bf2ed4539093f877876c5bac98e":"","_links":{"self":[{"href":"https:\/\/www.sansofestay.com\/blog\/de\/wp-json\/wp\/v2\/posts\/948","targetHints":{"allow":["GET"]}}],"collection":[{"href":"https:\/\/www.sansofestay.com\/blog\/de\/wp-json\/wp\/v2\/posts"}],"about":[{"href":"https:\/\/www.sansofestay.com\/blog\/de\/wp-json\/wp\/v2\/types\/post"}],"author":[{"embeddable":true,"href":"https:\/\/www.sansofestay.com\/blog\/de\/wp-json\/wp\/v2\/users\/3"}],"replies":[{"embeddable":true,"href":"https:\/\/www.sansofestay.com\/blog\/de\/wp-json\/wp\/v2\/comments?post=948"}],"version-history":[{"count":17,"href":"https:\/\/www.sansofestay.com\/blog\/de\/wp-json\/wp\/v2\/posts\/948\/revisions"}],"predecessor-version":[{"id":976,"href":"https:\/\/www.sansofestay.com\/blog\/de\/wp-json\/wp\/v2\/posts\/948\/revisions\/976"}],"wp:featuredmedia":[{"embeddable":true,"href":"https:\/\/www.sansofestay.com\/blog\/de\/wp-json\/wp\/v2\/media\/960"}],"wp:attachment":[{"href":"https:\/\/www.sansofestay.com\/blog\/de\/wp-json\/wp\/v2\/media?parent=948"}],"wp:term":[{"taxonomy":"category","embeddable":true,"href":"https:\/\/www.sansofestay.com\/blog\/de\/wp-json\/wp\/v2\/categories?post=948"}],"curies":[{"name":"wp","href":"https:\/\/api.w.org\/{rel}","templated":true}]}}