{"id":1996,"date":"2024-11-18T09:49:25","date_gmt":"2024-11-18T09:49:25","guid":{"rendered":"https:\/\/www.sansofestay.com\/blog\/?p=1996"},"modified":"2024-11-26T16:01:19","modified_gmt":"2024-11-26T16:01:19","slug":"la-garanona-viewpoint","status":"publish","type":"post","link":"https:\/\/www.sansofestay.com\/blog\/en\/la-garanona-viewpoint\/","title":{"rendered":"Spectacular Views at the Mirador de La Gara\u00f1ona"},"content":{"rendered":"\t\t<div data-elementor-type=\"wp-post\" data-elementor-id=\"1996\" class=\"elementor elementor-1996 elementor-1970\" data-elementor-post-type=\"post\">\n\t\t\t\t\t\t<section class=\"elementor-section elementor-top-section elementor-element elementor-element-1713abc9 elementor-section-boxed elementor-section-height-default elementor-section-height-default\" data-id=\"1713abc9\" data-element_type=\"section\" data-e-type=\"section\">\n\t\t\t\t\t\t<div class=\"elementor-container elementor-column-gap-default\">\n\t\t\t\t\t<div class=\"elementor-column elementor-col-100 elementor-top-column elementor-element elementor-element-4ccc039a\" data-id=\"4ccc039a\" data-element_type=\"column\" data-e-type=\"column\">\n\t\t\t<div class=\"elementor-widget-wrap elementor-element-populated\">\n\t\t\t\t\t\t<div class=\"elementor-element elementor-element-5068557 elementor-widget elementor-widget-text-editor\" data-id=\"5068557\" data-element_type=\"widget\" data-e-type=\"widget\" data-widget_type=\"text-editor.default\">\n\t\t\t\t<div class=\"elementor-widget-container\">\n\t\t\t\t\t\t\t\t\t<p><span style=\"font-weight: 400;\">On your next trip to Tenerife, be sure to add the \u2018<\/span><i><span style=\"font-weight: 400;\">Mirador de La Gara\u00f1ona<\/span><\/i><span style=\"font-weight: 400;\">\u2019 (La Gara\u00f1ona Lookout Point) to your itinerary. This collection of gardens, filled with lush vegetation, offers fantastic views of the Atlantic Ocean from a beautiful cliff over 200 metres high, providing the perfect opportunity to take some incredible photos. Located on the northern coast of Tenerife, this spot is a must-see in the region.<\/span><\/p><p><span style=\"font-weight: 400;\">Additionally, you can explore the various trails, palm groves, and hidden corners of the area \u2013 a very pleasant walk for the whole family. In this article, we\u2019ll tell you what you can see from the Mirador de La Gara\u00f1ona, what activities are available nearby, how to get there, and some accommodation suggestions to make your trip unforgettable.<\/span><\/p>\t\t\t\t\t\t\t\t<\/div>\n\t\t\t\t<\/div>\n\t\t\t\t\t<\/div>\n\t\t<\/div>\n\t\t\t\t\t<\/div>\n\t\t<\/section>\n\t\t\t\t<section class=\"elementor-section elementor-top-section elementor-element elementor-element-aca2571 elementor-section-boxed elementor-section-height-default elementor-section-height-default\" data-id=\"aca2571\" data-element_type=\"section\" data-e-type=\"section\">\n\t\t\t\t\t\t<div class=\"elementor-container elementor-column-gap-default\">\n\t\t\t\t\t<div class=\"elementor-column elementor-col-100 elementor-top-column elementor-element elementor-element-755a4b52\" data-id=\"755a4b52\" data-element_type=\"column\" data-e-type=\"column\">\n\t\t\t<div class=\"elementor-widget-wrap elementor-element-populated\">\n\t\t\t\t\t\t<div class=\"elementor-element elementor-element-23754 elementor-toc--minimized-on-tablet elementor-widget elementor-widget-table-of-contents\" data-id=\"23754\" data-element_type=\"widget\" data-e-type=\"widget\" data-settings=\"{&quot;headings_by_tags&quot;:[&quot;h2&quot;],&quot;exclude_headings_by_selector&quot;:[],&quot;marker_view&quot;:&quot;numbers&quot;,&quot;no_headings_message&quot;:&quot;No headings were found on this page.&quot;,&quot;minimize_box&quot;:&quot;yes&quot;,&quot;minimized_on&quot;:&quot;tablet&quot;,&quot;hierarchical_view&quot;:&quot;yes&quot;,&quot;min_height&quot;:{&quot;unit&quot;:&quot;px&quot;,&quot;size&quot;:&quot;&quot;,&quot;sizes&quot;:[]},&quot;min_height_tablet&quot;:{&quot;unit&quot;:&quot;px&quot;,&quot;size&quot;:&quot;&quot;,&quot;sizes&quot;:[]},&quot;min_height_mobile&quot;:{&quot;unit&quot;:&quot;px&quot;,&quot;size&quot;:&quot;&quot;,&quot;sizes&quot;:[]}}\" data-widget_type=\"table-of-contents.default\">\n\t\t\t\t<div class=\"elementor-widget-container\">\n\t\t\t\t\t\t\t\t\t<div class=\"elementor-toc__header\">\n\t\t\t\t\t\t<div class=\"elementor-toc__header-title\">\n\t\t\t\tTABLE OF CONTENTS\t\t\t<\/div>\n\t\t\t\t\t\t\t\t\t\t<div class=\"elementor-toc__toggle-button elementor-toc__toggle-button--expand\" role=\"button\" tabindex=\"0\" aria-controls=\"elementor-toc__23754\" aria-expanded=\"true\" aria-label=\"Open table of contents\"><i aria-hidden=\"true\" class=\"fas fa-chevron-down\"><\/i><\/div>\n\t\t\t\t<div class=\"elementor-toc__toggle-button elementor-toc__toggle-button--collapse\" role=\"button\" tabindex=\"0\" aria-controls=\"elementor-toc__23754\" aria-expanded=\"true\" aria-label=\"Close table of contents\"><i aria-hidden=\"true\" class=\"fas fa-chevron-up\"><\/i><\/div>\n\t\t\t\t\t<\/div>\n\t\t\t\t<div id=\"elementor-toc__23754\" class=\"elementor-toc__body\">\n\t\t\t<div class=\"elementor-toc__spinner-container\">\n\t\t\t\t<i class=\"elementor-toc__spinner eicon-animation-spin eicon-loading\" aria-hidden=\"true\"><\/i>\t\t\t<\/div>\n\t\t<\/div>\n\t\t\t\t\t\t<\/div>\n\t\t\t\t<\/div>\n\t\t\t\t\t<\/div>\n\t\t<\/div>\n\t\t\t\t\t<\/div>\n\t\t<\/section>\n\t\t\t\t<section class=\"elementor-section elementor-top-section elementor-element elementor-element-7265b924 elementor-section-boxed elementor-section-height-default elementor-section-height-default\" data-id=\"7265b924\" data-element_type=\"section\" data-e-type=\"section\">\n\t\t\t\t\t\t<div class=\"elementor-container elementor-column-gap-default\">\n\t\t\t\t\t<div class=\"elementor-column elementor-col-100 elementor-top-column elementor-element elementor-element-78e88fe\" data-id=\"78e88fe\" data-element_type=\"column\" data-e-type=\"column\">\n\t\t\t<div class=\"elementor-widget-wrap elementor-element-populated\">\n\t\t\t\t\t\t<div class=\"elementor-element elementor-element-48c306be elementor-widget elementor-widget-heading\" data-id=\"48c306be\" data-element_type=\"widget\" data-e-type=\"widget\" data-widget_type=\"heading.default\">\n\t\t\t\t<div class=\"elementor-widget-container\">\n\t\t\t\t\t<h2 class=\"elementor-heading-title elementor-size-default\">What to See from the Mirador de La Gara\u00f1ona\n<\/h2>\t\t\t\t<\/div>\n\t\t\t\t<\/div>\n\t\t\t\t<div class=\"elementor-element elementor-element-4ada7808 elementor-widget elementor-widget-text-editor\" data-id=\"4ada7808\" data-element_type=\"widget\" data-e-type=\"widget\" data-widget_type=\"text-editor.default\">\n\t\t\t\t<div class=\"elementor-widget-container\">\n\t\t\t\t\t\t\t\t\t<p><span style=\"font-weight: 400;\">The Mirador de La Gara\u00f1ona in Tenerife offers unobstructed views over the Atlantic Ocean and the Gara\u00f1ona beach, also known as El Arenal beach. It\u2019s just one of the many volcanic black sand beaches this island has to offer. On clear days, which are nearly every day here, you can see Callao de los Parrales and the coast of Tacoronte. With a bit of luck and calm seas, you might even spot the silhouette of the DC-3 aircraft from Spantax, which made an emergency water landing off the coast of El Sauzal in 1966.<\/span><\/p>\t\t\t\t\t\t\t\t<\/div>\n\t\t\t\t<\/div>\n\t\t\t\t\t<\/div>\n\t\t<\/div>\n\t\t\t\t\t<\/div>\n\t\t<\/section>\n\t\t\t\t<section class=\"elementor-section elementor-top-section elementor-element elementor-element-5a4a4a8 elementor-section-boxed elementor-section-height-default elementor-section-height-default\" data-id=\"5a4a4a8\" data-element_type=\"section\" data-e-type=\"section\">\n\t\t\t\t\t\t<div class=\"elementor-container elementor-column-gap-default\">\n\t\t\t\t\t<div class=\"elementor-column elementor-col-100 elementor-top-column elementor-element elementor-element-affa166\" data-id=\"affa166\" data-element_type=\"column\" data-e-type=\"column\">\n\t\t\t<div class=\"elementor-widget-wrap elementor-element-populated\">\n\t\t\t\t\t\t<div class=\"elementor-element elementor-element-0c0966a elementor-widget elementor-widget-heading\" data-id=\"0c0966a\" data-element_type=\"widget\" data-e-type=\"widget\" data-widget_type=\"heading.default\">\n\t\t\t\t<div class=\"elementor-widget-container\">\n\t\t\t\t\t<h2 class=\"elementor-heading-title elementor-size-default\">Activities to Enjoy Near the Mirador\n<\/h2>\t\t\t\t<\/div>\n\t\t\t\t<\/div>\n\t\t\t\t<div class=\"elementor-element elementor-element-ef03fba elementor-widget elementor-widget-text-editor\" data-id=\"ef03fba\" data-element_type=\"widget\" data-e-type=\"widget\" data-widget_type=\"text-editor.default\">\n\t\t\t\t<div class=\"elementor-widget-container\">\n\t\t\t\t\t\t\t\t\t<p><span style=\"font-weight: 400;\">During your visit to the Mirador de La Gara\u00f1ona, you\u2019ll likely work up an appetite and feel like trying some traditional Tenerife food. Don\u2019t worry \u2013 there are a few dining options in El Sauzal, just a short walk from the viewpoint, and there\u2019s also a caf\u00e9 right next to it.<\/span><\/p>\t\t\t\t\t\t\t\t<\/div>\n\t\t\t\t<\/div>\n\t\t\t\t<div class=\"elementor-element elementor-element-9bac777 elementor-widget elementor-widget-image\" data-id=\"9bac777\" data-element_type=\"widget\" data-e-type=\"widget\" data-widget_type=\"image.default\">\n\t\t\t\t<div class=\"elementor-widget-container\">\n\t\t\t\t\t\t\t\t\t\t\t\t\t\t\t<img fetchpriority=\"high\" decoding=\"async\" width=\"1360\" height=\"680\" src=\"https:\/\/www.sansofestay.com\/blog\/wp-content\/uploads\/2024\/11\/mirador-garanona-el-sauzal.jpg\" class=\"attachment-full size-full wp-image-1987\" alt=\"mirador-garanona-el-sauzal\" srcset=\"https:\/\/www.sansofestay.com\/blog\/wp-content\/uploads\/2024\/11\/mirador-garanona-el-sauzal.jpg 1360w, https:\/\/www.sansofestay.com\/blog\/wp-content\/uploads\/2024\/11\/mirador-garanona-el-sauzal-768x384.jpg 768w\" sizes=\"(max-width: 1360px) 100vw, 1360px\" \/>\t\t\t\t\t\t\t\t\t\t\t\t\t\t\t<\/div>\n\t\t\t\t<\/div>\n\t\t\t\t<div class=\"elementor-element elementor-element-83e3fd2 elementor-widget elementor-widget-text-editor\" data-id=\"83e3fd2\" data-element_type=\"widget\" data-e-type=\"widget\" data-widget_type=\"text-editor.default\">\n\t\t\t\t<div class=\"elementor-widget-container\">\n\t\t\t\t\t\t\t\t\t<p><span style=\"font-weight: 400;\">Take the opportunity to visit the town\u2019s old quarter and enjoy a stroll around the area. This will also allow you to take in more spectacular views of the sea.<\/span><\/p><p><span style=\"font-weight: 400;\">Another point of interest is the Parque de los Lavaderos, a picturesque spot filled with plants and fountains, also offering views of Mount Teide. Wine lovers should consider visiting some of the local wineries in El Sauzal, or even the Casa del Vino, a former estate now housing the Museum of Wine and Vineyards of Tenerife. This is undoubtedly a fascinating addition to your visit to the Mirador de La Gara\u00f1ona.<\/span><\/p>\t\t\t\t\t\t\t\t<\/div>\n\t\t\t\t<\/div>\n\t\t\t\t\t<\/div>\n\t\t<\/div>\n\t\t\t\t\t<\/div>\n\t\t<\/section>\n\t\t\t\t<section class=\"elementor-section elementor-top-section elementor-element elementor-element-0181d39 elementor-section-boxed elementor-section-height-default elementor-section-height-default\" data-id=\"0181d39\" data-element_type=\"section\" data-e-type=\"section\">\n\t\t\t\t\t\t<div class=\"elementor-container elementor-column-gap-default\">\n\t\t\t\t\t<div class=\"elementor-column elementor-col-100 elementor-top-column elementor-element elementor-element-2d018e7\" data-id=\"2d018e7\" data-element_type=\"column\" data-e-type=\"column\">\n\t\t\t<div class=\"elementor-widget-wrap elementor-element-populated\">\n\t\t\t\t\t\t<div class=\"elementor-element elementor-element-9c03cf8 elementor-widget elementor-widget-heading\" data-id=\"9c03cf8\" data-element_type=\"widget\" data-e-type=\"widget\" data-widget_type=\"heading.default\">\n\t\t\t\t<div class=\"elementor-widget-container\">\n\t\t\t\t\t<h2 class=\"elementor-heading-title elementor-size-default\">How to Get to the Mirador de La Gara\u00f1ona\n<\/h2>\t\t\t\t<\/div>\n\t\t\t\t<\/div>\n\t\t\t\t\t<\/div>\n\t\t<\/div>\n\t\t\t\t\t<\/div>\n\t\t<\/section>\n\t\t\t\t<section class=\"elementor-section elementor-top-section elementor-element elementor-element-73b8c1b elementor-section-boxed elementor-section-height-default elementor-section-height-default\" data-id=\"73b8c1b\" data-element_type=\"section\" data-e-type=\"section\">\n\t\t\t\t\t\t<div class=\"elementor-container elementor-column-gap-default\">\n\t\t\t\t\t<div class=\"elementor-column elementor-col-50 elementor-top-column elementor-element elementor-element-abbe3cc\" data-id=\"abbe3cc\" data-element_type=\"column\" data-e-type=\"column\">\n\t\t\t<div class=\"elementor-widget-wrap elementor-element-populated\">\n\t\t\t\t\t\t<div class=\"elementor-element elementor-element-6dcd871 elementor-widget elementor-widget-google_maps\" data-id=\"6dcd871\" data-element_type=\"widget\" data-e-type=\"widget\" data-widget_type=\"google_maps.default\">\n\t\t\t\t<div class=\"elementor-widget-container\">\n\t\t\t\t\t\t\t<div class=\"elementor-custom-embed\">\n\t\t\t<iframe loading=\"lazy\"\n\t\t\t\t\tsrc=\"https:\/\/maps.google.com\/maps?q=mirador%20la%20gara%C3%B1ona&#038;t=m&#038;z=10&#038;output=embed&#038;iwloc=near\"\n\t\t\t\t\ttitle=\"mirador la gara\u00f1ona\"\n\t\t\t\t\taria-label=\"mirador la gara\u00f1ona\"\n\t\t\t><\/iframe>\n\t\t<\/div>\n\t\t\t\t\t\t<\/div>\n\t\t\t\t<\/div>\n\t\t\t\t\t<\/div>\n\t\t<\/div>\n\t\t\t\t<div class=\"elementor-column elementor-col-50 elementor-top-column elementor-element elementor-element-e919044\" data-id=\"e919044\" data-element_type=\"column\" data-e-type=\"column\">\n\t\t\t<div class=\"elementor-widget-wrap elementor-element-populated\">\n\t\t\t\t\t\t<div class=\"elementor-element elementor-element-ae6c79c elementor-widget elementor-widget-text-editor\" data-id=\"ae6c79c\" data-element_type=\"widget\" data-e-type=\"widget\" data-widget_type=\"text-editor.default\">\n\t\t\t\t<div class=\"elementor-widget-container\">\n\t\t\t\t\t\t\t\t\t<p><span style=\"font-weight: 400;\">You won\u2019t have any trouble getting to the Mirador de La Gara\u00f1ona, as it\u2019s well sign-posted from the centre of El Sauzal. The journey from Santa Cruz de Tenerife, nearly 25 kilometres away, takes about 20 minutes by car while San Crist\u00f3bal de La Laguna is even closer, around a 15-minute drive. From Puerto de La Cruz, it also takes about 15 minutes and from Mount Teide, located in the heart of the island, your drive will take just over an hour.<\/span><\/p>\t\t\t\t\t\t\t\t<\/div>\n\t\t\t\t<\/div>\n\t\t\t\t\t<\/div>\n\t\t<\/div>\n\t\t\t\t\t<\/div>\n\t\t<\/section>\n\t\t\t\t<section class=\"elementor-section elementor-top-section elementor-element elementor-element-d908535 elementor-section-boxed elementor-section-height-default elementor-section-height-default\" data-id=\"d908535\" data-element_type=\"section\" data-e-type=\"section\">\n\t\t\t\t\t\t<div class=\"elementor-container elementor-column-gap-default\">\n\t\t\t\t\t<div class=\"elementor-column elementor-col-100 elementor-top-column elementor-element elementor-element-8cd1b94\" data-id=\"8cd1b94\" data-element_type=\"column\" data-e-type=\"column\">\n\t\t\t<div class=\"elementor-widget-wrap elementor-element-populated\">\n\t\t\t\t\t\t<div class=\"elementor-element elementor-element-00a6081 elementor-widget elementor-widget-heading\" data-id=\"00a6081\" data-element_type=\"widget\" data-e-type=\"widget\" data-widget_type=\"heading.default\">\n\t\t\t\t<div class=\"elementor-widget-container\">\n\t\t\t\t\t<h2 class=\"elementor-heading-title elementor-size-default\">What Towns Should I Visit Near the Mirador de La Gara\u00f1ona?\n<\/h2>\t\t\t\t<\/div>\n\t\t\t\t<\/div>\n\t\t\t\t<div class=\"elementor-element elementor-element-6f2e698 elementor-widget elementor-widget-text-editor\" data-id=\"6f2e698\" data-element_type=\"widget\" data-e-type=\"widget\" data-widget_type=\"text-editor.default\">\n\t\t\t\t<div class=\"elementor-widget-container\">\n\t\t\t\t\t\t\t\t\t<p><span style=\"font-weight: 400;\">Close to the Mirador de La Gara\u00f1ona, you\u2019ll find several interesting towns that blend the tranquillity of island life with a cultural, gastronomic, and leisure offering that will exceed your expectations.<\/span><\/p>\t\t\t\t\t\t\t\t<\/div>\n\t\t\t\t<\/div>\n\t\t\t\t\t<\/div>\n\t\t<\/div>\n\t\t\t\t\t<\/div>\n\t\t<\/section>\n\t\t\t\t<section class=\"elementor-section elementor-top-section elementor-element elementor-element-73c18a6 elementor-section-boxed elementor-section-height-default elementor-section-height-default\" data-id=\"73c18a6\" data-element_type=\"section\" data-e-type=\"section\">\n\t\t\t\t\t\t<div class=\"elementor-container elementor-column-gap-default\">\n\t\t\t\t\t<div class=\"elementor-column elementor-col-50 elementor-top-column elementor-element elementor-element-5251849\" data-id=\"5251849\" data-element_type=\"column\" data-e-type=\"column\">\n\t\t\t<div class=\"elementor-widget-wrap elementor-element-populated\">\n\t\t\t\t\t\t<div class=\"elementor-element elementor-element-d961adc elementor-widget elementor-widget-heading\" data-id=\"d961adc\" data-element_type=\"widget\" data-e-type=\"widget\" data-widget_type=\"heading.default\">\n\t\t\t\t<div class=\"elementor-widget-container\">\n\t\t\t\t\t<h3 class=\"elementor-heading-title elementor-size-default\">El Sauzal<\/h3>\t\t\t\t<\/div>\n\t\t\t\t<\/div>\n\t\t\t\t<div class=\"elementor-element elementor-element-3a7e78c2 elementor-widget elementor-widget-text-editor\" data-id=\"3a7e78c2\" data-element_type=\"widget\" data-e-type=\"widget\" data-widget_type=\"text-editor.default\">\n\t\t\t\t<div class=\"elementor-widget-container\">\n\t\t\t\t\t\t\t\t\t<p><span style=\"font-weight: 400;\">This small town, where the Mirador de La Gara\u00f1ona is located, is perfect for a relaxed stroll, with its fantastic views of the sea and Mount Teide. Local products that stand out here include honey and wine, so be sure to try them and pick up a souvenir. You can also visit the Casa Museo de la Sierva de Dios, where the body of Sister Mar\u00eda de Jes\u00fas, perfectly preserved since her death around 400 years ago, is on display.<\/span><\/p>\t\t\t\t\t\t\t\t<\/div>\n\t\t\t\t<\/div>\n\t\t\t\t\t<\/div>\n\t\t<\/div>\n\t\t\t\t<div class=\"elementor-column elementor-col-50 elementor-top-column elementor-element elementor-element-ffb877c\" data-id=\"ffb877c\" data-element_type=\"column\" data-e-type=\"column\">\n\t\t\t<div class=\"elementor-widget-wrap elementor-element-populated\">\n\t\t\t\t\t\t<div class=\"elementor-element elementor-element-eb44997 elementor-widget elementor-widget-heading\" data-id=\"eb44997\" data-element_type=\"widget\" data-e-type=\"widget\" data-widget_type=\"heading.default\">\n\t\t\t\t<div class=\"elementor-widget-container\">\n\t\t\t\t\t<h3 class=\"elementor-heading-title elementor-size-default\">Tacoronte<\/h3>\t\t\t\t<\/div>\n\t\t\t\t<\/div>\n\t\t\t\t<div class=\"elementor-element elementor-element-2b474f2 elementor-widget elementor-widget-text-editor\" data-id=\"2b474f2\" data-element_type=\"widget\" data-e-type=\"widget\" data-widget_type=\"text-editor.default\">\n\t\t\t\t<div class=\"elementor-widget-container\">\n\t\t\t\t\t\t\t\t\t<p><span style=\"font-weight: 400;\">Just 15 minutes from the Mirador de La Gara\u00f1ona is the town of Tacoronte, which reaches an altitude of 1200 metres and descends to the coast, where you\u2019ll find spectacular cliffs. It\u2019s a good option for a beach getaway, with Mesa del Mar being our favourite beach in the area. You can also visit the fishing district of El Pris, go diving, or try water sports.<\/span><\/p>\t\t\t\t\t\t\t\t<\/div>\n\t\t\t\t<\/div>\n\t\t\t\t\t<\/div>\n\t\t<\/div>\n\t\t\t\t\t<\/div>\n\t\t<\/section>\n\t\t\t\t<section class=\"elementor-section elementor-top-section elementor-element elementor-element-c4e8550 elementor-section-boxed elementor-section-height-default elementor-section-height-default\" data-id=\"c4e8550\" data-element_type=\"section\" data-e-type=\"section\">\n\t\t\t\t\t\t<div class=\"elementor-container elementor-column-gap-default\">\n\t\t\t\t\t<div class=\"elementor-column elementor-col-50 elementor-top-column elementor-element elementor-element-1ce3885\" data-id=\"1ce3885\" data-element_type=\"column\" data-e-type=\"column\">\n\t\t\t<div class=\"elementor-widget-wrap elementor-element-populated\">\n\t\t\t\t\t\t<div class=\"elementor-element elementor-element-30fce2e elementor-widget elementor-widget-heading\" data-id=\"30fce2e\" data-element_type=\"widget\" data-e-type=\"widget\" data-widget_type=\"heading.default\">\n\t\t\t\t<div class=\"elementor-widget-container\">\n\t\t\t\t\t<h3 class=\"elementor-heading-title elementor-size-default\">Puerto de La Cruz<\/h3>\t\t\t\t<\/div>\n\t\t\t\t<\/div>\n\t\t\t\t<div class=\"elementor-element elementor-element-747f455 elementor-widget elementor-widget-text-editor\" data-id=\"747f455\" data-element_type=\"widget\" data-e-type=\"widget\" data-widget_type=\"text-editor.default\">\n\t\t\t\t<div class=\"elementor-widget-container\">\n\t\t\t\t\t\t\t\t\t<p><span style=\"font-weight: 400;\">One of Tenerife\u2019s first tourist hotspots, Puerto de La Cruz still maintains its fishing village charm. Here, you can see boats arriving with the day\u2019s catch (if you wake up early enough, of course), enjoy an ice cream while walking through the streets, or take a dip in Lago Marti\u00e1nez, a complex of pools almost directly in the sea.<\/span><\/p>\t\t\t\t\t\t\t\t<\/div>\n\t\t\t\t<\/div>\n\t\t\t\t\t<\/div>\n\t\t<\/div>\n\t\t\t\t<div class=\"elementor-column elementor-col-50 elementor-top-column elementor-element elementor-element-d14f145\" data-id=\"d14f145\" data-element_type=\"column\" data-e-type=\"column\">\n\t\t\t<div class=\"elementor-widget-wrap elementor-element-populated\">\n\t\t\t\t\t\t<div class=\"elementor-element elementor-element-a4c65df elementor-widget elementor-widget-heading\" data-id=\"a4c65df\" data-element_type=\"widget\" data-e-type=\"widget\" data-widget_type=\"heading.default\">\n\t\t\t\t<div class=\"elementor-widget-container\">\n\t\t\t\t\t<h3 class=\"elementor-heading-title elementor-size-default\">San Crist\u00f3bal de La Laguna<\/h3>\t\t\t\t<\/div>\n\t\t\t\t<\/div>\n\t\t\t\t<div class=\"elementor-element elementor-element-b679e3c elementor-widget elementor-widget-text-editor\" data-id=\"b679e3c\" data-element_type=\"widget\" data-e-type=\"widget\" data-widget_type=\"text-editor.default\">\n\t\t\t\t<div class=\"elementor-widget-container\">\n\t\t\t\t\t\t\t\t\t<p><span style=\"font-weight: 400;\">Also close to the Mirador de La Gara\u00f1ona, you\u2019ll find San Crist\u00f3bal de La Laguna, a modern, lively city. There are many bars and restaurants where you can enjoy the atmosphere while street musicians provide a soundtrack. Fancy a shopping spree? This is the perfect place. The old town of this UNESCO World Heritage city is definitely worth a visit.<\/span><\/p>\t\t\t\t\t\t\t\t<\/div>\n\t\t\t\t<\/div>\n\t\t\t\t\t<\/div>\n\t\t<\/div>\n\t\t\t\t\t<\/div>\n\t\t<\/section>\n\t\t\t\t<section class=\"elementor-section elementor-top-section elementor-element elementor-element-cd39874 elementor-section-boxed elementor-section-height-default elementor-section-height-default\" data-id=\"cd39874\" data-element_type=\"section\" data-e-type=\"section\">\n\t\t\t\t\t\t<div class=\"elementor-container elementor-column-gap-default\">\n\t\t\t\t\t<div class=\"elementor-column elementor-col-100 elementor-top-column elementor-element elementor-element-608f572\" data-id=\"608f572\" data-element_type=\"column\" data-e-type=\"column\">\n\t\t\t<div class=\"elementor-widget-wrap elementor-element-populated\">\n\t\t\t\t\t\t<div class=\"elementor-element elementor-element-7783e7f elementor-widget elementor-widget-video\" data-id=\"7783e7f\" data-element_type=\"widget\" data-e-type=\"widget\" data-settings=\"{&quot;youtube_url&quot;:&quot;https:\\\/\\\/www.youtube.com\\\/watch?v=03nmahE7BTo&quot;,&quot;video_type&quot;:&quot;youtube&quot;,&quot;controls&quot;:&quot;yes&quot;}\" data-widget_type=\"video.default\">\n\t\t\t\t<div class=\"elementor-widget-container\">\n\t\t\t\t\t\t\t<div class=\"elementor-wrapper elementor-open-inline\">\n\t\t\t<div class=\"elementor-video\"><\/div>\t\t<\/div>\n\t\t\t\t\t\t<\/div>\n\t\t\t\t<\/div>\n\t\t\t\t\t<\/div>\n\t\t<\/div>\n\t\t\t\t\t<\/div>\n\t\t<\/section>\n\t\t\t\t<section class=\"elementor-section elementor-top-section elementor-element elementor-element-2568572 elementor-section-boxed elementor-section-height-default elementor-section-height-default\" data-id=\"2568572\" data-element_type=\"section\" data-e-type=\"section\">\n\t\t\t\t\t\t<div class=\"elementor-container elementor-column-gap-default\">\n\t\t\t\t\t<div class=\"elementor-column elementor-col-100 elementor-top-column elementor-element elementor-element-b07e22c\" data-id=\"b07e22c\" data-element_type=\"column\" data-e-type=\"column\">\n\t\t\t<div class=\"elementor-widget-wrap\">\n\t\t\t\t\t\t\t<\/div>\n\t\t<\/div>\n\t\t\t\t\t<\/div>\n\t\t<\/section>\n\t\t\t\t<section class=\"elementor-section elementor-top-section elementor-element elementor-element-7cc383d7 elementor-section-boxed elementor-section-height-default elementor-section-height-default\" data-id=\"7cc383d7\" data-element_type=\"section\" data-e-type=\"section\">\n\t\t\t\t\t\t<div class=\"elementor-container elementor-column-gap-default\">\n\t\t\t\t\t<div class=\"elementor-column elementor-col-100 elementor-top-column elementor-element elementor-element-7fcef9f4\" data-id=\"7fcef9f4\" data-element_type=\"column\" data-e-type=\"column\">\n\t\t\t<div class=\"elementor-widget-wrap elementor-element-populated\">\n\t\t\t\t\t\t<div class=\"elementor-element elementor-element-2e9ea6d5 elementor-widget elementor-widget-heading\" data-id=\"2e9ea6d5\" data-element_type=\"widget\" data-e-type=\"widget\" data-widget_type=\"heading.default\">\n\t\t\t\t<div class=\"elementor-widget-container\">\n\t\t\t\t\t<h2 class=\"elementor-heading-title elementor-size-default\">Come Visit the Mirador de La Gara\u00f1ona: A Perfect Spot for Sunset\n<\/h2>\t\t\t\t<\/div>\n\t\t\t\t<\/div>\n\t\t\t\t<div class=\"elementor-element elementor-element-2fb7b977 elementor-widget elementor-widget-text-editor\" data-id=\"2fb7b977\" data-element_type=\"widget\" data-e-type=\"widget\" data-widget_type=\"text-editor.default\">\n\t\t\t\t<div class=\"elementor-widget-container\">\n\t\t\t\t\t\t\t\t\t<p><span style=\"font-weight: 400;\">Start planning your next visit to Tenerife, the island of eternal spring, and be sure to include the Mirador de La Gara\u00f1ona in your itinerary. In addition to the stunning views, you can take the opportunity to discover some lesser-known towns, explore the region\u2019s wines, and experience the true essence of the island. We can\u2019t forget to mention the great accommodation options available at <\/span><a href=\"https:\/\/www.sansofestay.com\/\"><span style=\"font-weight: 400;\">Sansof\u00e9 Stays<\/span><\/a><span style=\"font-weight: 400;\">: apartments, houses, and villas in the northern part of Tenerife, all offering the perfect conditions for a dream holiday. Whether for a family holiday or a getaway with friends, Tenerife is the perfect choice and one you\u2019ll love.<\/span><\/p>\t\t\t\t\t\t\t\t<\/div>\n\t\t\t\t<\/div>\n\t\t\t\t\t<\/div>\n\t\t<\/div>\n\t\t\t\t\t<\/div>\n\t\t<\/section>\n\t\t\t\t<section class=\"elementor-section elementor-top-section elementor-element elementor-element-5723c4b3 elementor-section-boxed elementor-section-height-default elementor-section-height-default\" data-id=\"5723c4b3\" data-element_type=\"section\" data-e-type=\"section\">\n\t\t\t\t\t\t<div class=\"elementor-container elementor-column-gap-default\">\n\t\t\t\t\t<div class=\"elementor-column elementor-col-100 elementor-top-column elementor-element elementor-element-674e10d3\" data-id=\"674e10d3\" data-element_type=\"column\" data-e-type=\"column\">\n\t\t\t<div class=\"elementor-widget-wrap elementor-element-populated\">\n\t\t\t\t\t\t<div class=\"elementor-element elementor-element-65c88978 elementor-widget elementor-widget-shortcode\" data-id=\"65c88978\" data-element_type=\"widget\" data-e-type=\"widget\" data-widget_type=\"shortcode.default\">\n\t\t\t\t<div class=\"elementor-widget-container\">\n\t\t\t\t\t\t\t<div class=\"elementor-shortcode\">\t\t<div data-elementor-type=\"section\" data-elementor-id=\"599\" class=\"elementor elementor-599\" data-elementor-post-type=\"elementor_library\">\n\t\t\t\t\t<section class=\"elementor-section elementor-top-section elementor-element elementor-element-3993bf56 elementor-section-boxed elementor-section-height-default elementor-section-height-default\" data-id=\"3993bf56\" data-element_type=\"section\" data-e-type=\"section\">\n\t\t\t\t\t\t<div class=\"elementor-container elementor-column-gap-default\">\n\t\t\t\t\t<div class=\"elementor-column elementor-col-33 elementor-top-column elementor-element elementor-element-444dc841\" data-id=\"444dc841\" data-element_type=\"column\" data-e-type=\"column\">\n\t\t\t<div class=\"elementor-widget-wrap elementor-element-populated\">\n\t\t\t\t\t\t<div class=\"elementor-element elementor-element-e34f201 elementor-align-center elementor-widget elementor-widget-button\" data-id=\"e34f201\" data-element_type=\"widget\" data-e-type=\"widget\" data-widget_type=\"button.default\">\n\t\t\t\t<div class=\"elementor-widget-container\">\n\t\t\t\t\t\t\t\t\t<div class=\"elementor-button-wrapper\">\n\t\t\t\t\t<a class=\"elementor-button elementor-button-link elementor-size-sm\" href=\"https:\/\/www.sansofestay.com\/en\/rentals\/rentals-tenerife-e81\/\" target=\"_blank\">\n\t\t\t\t\t\t<span class=\"elementor-button-content-wrapper\">\n\t\t\t\t\t\t\t\t\t<span class=\"elementor-button-text\">Accommodation in North Tenerife<\/span>\n\t\t\t\t\t<\/span>\n\t\t\t\t\t<\/a>\n\t\t\t\t<\/div>\n\t\t\t\t\t\t\t\t<\/div>\n\t\t\t\t<\/div>\n\t\t\t\t\t<\/div>\n\t\t<\/div>\n\t\t\t\t<div class=\"elementor-column elementor-col-33 elementor-top-column elementor-element elementor-element-34377be0\" data-id=\"34377be0\" data-element_type=\"column\" data-e-type=\"column\">\n\t\t\t<div class=\"elementor-widget-wrap elementor-element-populated\">\n\t\t\t\t\t\t<div class=\"elementor-element elementor-element-3aa91bd0 elementor-align-center elementor-widget elementor-widget-button\" data-id=\"3aa91bd0\" data-element_type=\"widget\" data-e-type=\"widget\" data-widget_type=\"button.default\">\n\t\t\t\t<div class=\"elementor-widget-container\">\n\t\t\t\t\t\t\t\t\t<div class=\"elementor-button-wrapper\">\n\t\t\t\t\t<a class=\"elementor-button elementor-button-link elementor-size-sm\" href=\"https:\/\/www.sansofestay.com\/en\/rentals\/apartments-tenerife-c1e81\/\" target=\"_blank\">\n\t\t\t\t\t\t<span class=\"elementor-button-content-wrapper\">\n\t\t\t\t\t\t\t\t\t<span class=\"elementor-button-text\">Apartments in North Tenerife<\/span>\n\t\t\t\t\t<\/span>\n\t\t\t\t\t<\/a>\n\t\t\t\t<\/div>\n\t\t\t\t\t\t\t\t<\/div>\n\t\t\t\t<\/div>\n\t\t\t\t\t<\/div>\n\t\t<\/div>\n\t\t\t\t<div class=\"elementor-column elementor-col-33 elementor-top-column elementor-element elementor-element-77e60e78\" data-id=\"77e60e78\" data-element_type=\"column\" data-e-type=\"column\">\n\t\t\t<div class=\"elementor-widget-wrap elementor-element-populated\">\n\t\t\t\t\t\t<div class=\"elementor-element elementor-element-6a15c88a elementor-align-center elementor-widget elementor-widget-button\" data-id=\"6a15c88a\" data-element_type=\"widget\" data-e-type=\"widget\" data-widget_type=\"button.default\">\n\t\t\t\t<div class=\"elementor-widget-container\">\n\t\t\t\t\t\t\t\t\t<div class=\"elementor-button-wrapper\">\n\t\t\t\t\t<a class=\"elementor-button elementor-button-link elementor-size-sm\" href=\"https:\/\/www.sansofestay.com\/en\/rentals\/houses-tenerife-c19e81\/\" target=\"_blank\">\n\t\t\t\t\t\t<span class=\"elementor-button-content-wrapper\">\n\t\t\t\t\t\t\t\t\t<span class=\"elementor-button-text\">Houses in North Tenerife<\/span>\n\t\t\t\t\t<\/span>\n\t\t\t\t\t<\/a>\n\t\t\t\t<\/div>\n\t\t\t\t\t\t\t\t<\/div>\n\t\t\t\t<\/div>\n\t\t\t\t\t<\/div>\n\t\t<\/div>\n\t\t\t\t\t<\/div>\n\t\t<\/section>\n\t\t\t\t<\/div>\n\t\t<\/div>\n\t\t\t\t\t\t<\/div>\n\t\t\t\t<\/div>\n\t\t\t\t\t<\/div>\n\t\t<\/div>\n\t\t\t\t\t<\/div>\n\t\t<\/section>\n\t\t\t\t<\/div>\n\t\t","protected":false},"excerpt":{"rendered":"<p>On your next trip to Tenerife, be sure to add the \u2018Mirador de La Gara\u00f1ona\u2019 (La Gara\u00f1ona Lookout Point) to&#8230;<\/p>\n","protected":false},"author":3,"featured_media":1990,"comment_status":"open","ping_status":"open","sticky":false,"template":"","format":"standard","meta":{"footnotes":""},"categories":[31,90,33,2],"class_list":["post-1996","post","type-post","status-publish","format-standard","has-post-thumbnail","hentry","category-north-tenerife","category-routes-2","category-routes","category-uncategorized","tag-no-template"],"yoast_head":"<!-- This site is optimized with the Yoast SEO plugin v27.2 - https:\/\/yoast.com\/product\/yoast-seo-wordpress\/ -->\n<title>Spectacular Views at the Mirador de La Gara\u00f1ona - Holidays in North Tenerife | Sansof\u00e9<\/title>\n<meta name=\"description\" content=\"Enjoy the La Gara\u00f1ona Viewpoint and contemplate the amazing views of the ocean and cliffs.\" \/>\n<meta name=\"robots\" content=\"index, follow, max-snippet:-1, max-image-preview:large, max-video-preview:-1\" \/>\n<link rel=\"canonical\" href=\"https:\/\/www.sansofestay.com\/blog\/en\/la-garanona-viewpoint\/\" \/>\n<meta property=\"og:locale\" content=\"en_GB\" \/>\n<meta property=\"og:type\" content=\"article\" \/>\n<meta property=\"og:title\" content=\"Spectacular Views at the Mirador de La Gara\u00f1ona - Holidays in North Tenerife | Sansof\u00e9\" \/>\n<meta property=\"og:description\" content=\"Enjoy the La Gara\u00f1ona Viewpoint and contemplate the amazing views of the ocean and cliffs.\" \/>\n<meta property=\"og:url\" content=\"https:\/\/www.sansofestay.com\/blog\/en\/la-garanona-viewpoint\/\" \/>\n<meta property=\"og:site_name\" content=\"Holidays in North Tenerife | Sansof\u00e9\" \/>\n<meta property=\"article:published_time\" content=\"2024-11-18T09:49:25+00:00\" \/>\n<meta property=\"article:modified_time\" content=\"2024-11-26T16:01:19+00:00\" \/>\n<meta property=\"og:image\" content=\"https:\/\/www.sansofestay.com\/blog\/wp-content\/uploads\/2024\/11\/mirador-garanona-el-sauzal-tenerife.jpg\" \/>\n\t<meta property=\"og:image:width\" content=\"1920\" \/>\n\t<meta property=\"og:image:height\" content=\"724\" \/>\n\t<meta property=\"og:image:type\" content=\"image\/jpeg\" \/>\n<meta name=\"author\" content=\"digitalservices@avantio.com\" \/>\n<meta name=\"twitter:card\" content=\"summary_large_image\" \/>\n<meta name=\"twitter:label1\" content=\"Written by\" \/>\n\t<meta name=\"twitter:data1\" content=\"digitalservices@avantio.com\" \/>\n\t<meta name=\"twitter:label2\" content=\"Estimated reading time\" \/>\n\t<meta name=\"twitter:data2\" content=\"5 minutes\" \/>\n<script type=\"application\/ld+json\" class=\"yoast-schema-graph\">{\"@context\":\"https:\/\/schema.org\",\"@graph\":[{\"@type\":\"Article\",\"@id\":\"https:\/\/www.sansofestay.com\/blog\/en\/la-garanona-viewpoint\/#article\",\"isPartOf\":{\"@id\":\"https:\/\/www.sansofestay.com\/blog\/en\/la-garanona-viewpoint\/\"},\"author\":{\"name\":\"digitalservices@avantio.com\",\"@id\":\"https:\/\/www.sansofestay.com\/blog\/en\/#\/schema\/person\/c206c4732c6fd34c0667c8566b602cd6\"},\"headline\":\"Spectacular Views at the Mirador de La Gara\u00f1ona\",\"datePublished\":\"2024-11-18T09:49:25+00:00\",\"dateModified\":\"2024-11-26T16:01:19+00:00\",\"mainEntityOfPage\":{\"@id\":\"https:\/\/www.sansofestay.com\/blog\/en\/la-garanona-viewpoint\/\"},\"wordCount\":966,\"commentCount\":0,\"image\":{\"@id\":\"https:\/\/www.sansofestay.com\/blog\/en\/la-garanona-viewpoint\/#primaryimage\"},\"thumbnailUrl\":\"https:\/\/www.sansofestay.com\/blog\/wp-content\/uploads\/2024\/11\/mirador-garanona-el-sauzal-tenerife.jpg\",\"keywords\":[\"No template\"],\"articleSection\":[\"North Tenerife\",\"Routes\",\"Routes\",\"Uncategorized\"],\"inLanguage\":\"en-GB\",\"potentialAction\":[{\"@type\":\"CommentAction\",\"name\":\"Comment\",\"target\":[\"https:\/\/www.sansofestay.com\/blog\/en\/la-garanona-viewpoint\/#respond\"]}]},{\"@type\":\"WebPage\",\"@id\":\"https:\/\/www.sansofestay.com\/blog\/en\/la-garanona-viewpoint\/\",\"url\":\"https:\/\/www.sansofestay.com\/blog\/en\/la-garanona-viewpoint\/\",\"name\":\"Spectacular Views at the Mirador de La Gara\u00f1ona - Holidays in North Tenerife | Sansof\u00e9\",\"isPartOf\":{\"@id\":\"https:\/\/www.sansofestay.com\/blog\/en\/#website\"},\"primaryImageOfPage\":{\"@id\":\"https:\/\/www.sansofestay.com\/blog\/en\/la-garanona-viewpoint\/#primaryimage\"},\"image\":{\"@id\":\"https:\/\/www.sansofestay.com\/blog\/en\/la-garanona-viewpoint\/#primaryimage\"},\"thumbnailUrl\":\"https:\/\/www.sansofestay.com\/blog\/wp-content\/uploads\/2024\/11\/mirador-garanona-el-sauzal-tenerife.jpg\",\"datePublished\":\"2024-11-18T09:49:25+00:00\",\"dateModified\":\"2024-11-26T16:01:19+00:00\",\"author\":{\"@id\":\"https:\/\/www.sansofestay.com\/blog\/en\/#\/schema\/person\/c206c4732c6fd34c0667c8566b602cd6\"},\"description\":\"Enjoy the La Gara\u00f1ona Viewpoint and contemplate the amazing views of the ocean and cliffs.\",\"inLanguage\":\"en-GB\",\"potentialAction\":[{\"@type\":\"ReadAction\",\"target\":[\"https:\/\/www.sansofestay.com\/blog\/en\/la-garanona-viewpoint\/\"]}]},{\"@type\":\"ImageObject\",\"inLanguage\":\"en-GB\",\"@id\":\"https:\/\/www.sansofestay.com\/blog\/en\/la-garanona-viewpoint\/#primaryimage\",\"url\":\"https:\/\/www.sansofestay.com\/blog\/wp-content\/uploads\/2024\/11\/mirador-garanona-el-sauzal-tenerife.jpg\",\"contentUrl\":\"https:\/\/www.sansofestay.com\/blog\/wp-content\/uploads\/2024\/11\/mirador-garanona-el-sauzal-tenerife.jpg\",\"width\":1920,\"height\":724,\"caption\":\"mirador gara\u00f1ona el sauzal tenerife\"},{\"@type\":\"WebSite\",\"@id\":\"https:\/\/www.sansofestay.com\/blog\/en\/#website\",\"url\":\"https:\/\/www.sansofestay.com\/blog\/en\/\",\"name\":\"Holidays in North Tenerife | Sansof\u00e9\",\"description\":\"Tourist information on the island of Tenerife. Explore the island, the best areas, activities and tips\",\"potentialAction\":[{\"@type\":\"SearchAction\",\"target\":{\"@type\":\"EntryPoint\",\"urlTemplate\":\"https:\/\/www.sansofestay.com\/blog\/en\/?s={search_term_string}\"},\"query-input\":{\"@type\":\"PropertyValueSpecification\",\"valueRequired\":true,\"valueName\":\"search_term_string\"}}],\"inLanguage\":\"en-GB\"},{\"@type\":\"Person\",\"@id\":\"https:\/\/www.sansofestay.com\/blog\/en\/#\/schema\/person\/c206c4732c6fd34c0667c8566b602cd6\",\"name\":\"digitalservices@avantio.com\",\"image\":{\"@type\":\"ImageObject\",\"inLanguage\":\"en-GB\",\"@id\":\"https:\/\/secure.gravatar.com\/avatar\/af30f88a1904294c1f3eb09a9d7903eec4ffa18fa2cf40c28a8681014ecdfc20?s=96&d=mm&r=g\",\"url\":\"https:\/\/secure.gravatar.com\/avatar\/af30f88a1904294c1f3eb09a9d7903eec4ffa18fa2cf40c28a8681014ecdfc20?s=96&d=mm&r=g\",\"contentUrl\":\"https:\/\/secure.gravatar.com\/avatar\/af30f88a1904294c1f3eb09a9d7903eec4ffa18fa2cf40c28a8681014ecdfc20?s=96&d=mm&r=g\",\"caption\":\"digitalservices@avantio.com\"},\"url\":\"https:\/\/www.sansofestay.com\/blog\/en\/author\/digitalservicesavantio-com\/\"}]}<\/script>\n<!-- \/ Yoast SEO plugin. -->","yoast_head_json":{"title":"Spectacular Views at the Mirador de La Gara\u00f1ona - Holidays in North Tenerife | Sansof\u00e9","description":"Enjoy the La Gara\u00f1ona Viewpoint and contemplate the amazing views of the ocean and cliffs.","robots":{"index":"index","follow":"follow","max-snippet":"max-snippet:-1","max-image-preview":"max-image-preview:large","max-video-preview":"max-video-preview:-1"},"canonical":"https:\/\/www.sansofestay.com\/blog\/en\/la-garanona-viewpoint\/","og_locale":"en_GB","og_type":"article","og_title":"Spectacular Views at the Mirador de La Gara\u00f1ona - Holidays in North Tenerife | Sansof\u00e9","og_description":"Enjoy the La Gara\u00f1ona Viewpoint and contemplate the amazing views of the ocean and cliffs.","og_url":"https:\/\/www.sansofestay.com\/blog\/en\/la-garanona-viewpoint\/","og_site_name":"Holidays in North Tenerife | Sansof\u00e9","article_published_time":"2024-11-18T09:49:25+00:00","article_modified_time":"2024-11-26T16:01:19+00:00","og_image":[{"width":1920,"height":724,"url":"https:\/\/www.sansofestay.com\/blog\/wp-content\/uploads\/2024\/11\/mirador-garanona-el-sauzal-tenerife.jpg","type":"image\/jpeg"}],"author":"digitalservices@avantio.com","twitter_card":"summary_large_image","twitter_misc":{"Written by":"digitalservices@avantio.com","Estimated reading time":"5 minutes"},"schema":{"@context":"https:\/\/schema.org","@graph":[{"@type":"Article","@id":"https:\/\/www.sansofestay.com\/blog\/en\/la-garanona-viewpoint\/#article","isPartOf":{"@id":"https:\/\/www.sansofestay.com\/blog\/en\/la-garanona-viewpoint\/"},"author":{"name":"digitalservices@avantio.com","@id":"https:\/\/www.sansofestay.com\/blog\/en\/#\/schema\/person\/c206c4732c6fd34c0667c8566b602cd6"},"headline":"Spectacular Views at the Mirador de La Gara\u00f1ona","datePublished":"2024-11-18T09:49:25+00:00","dateModified":"2024-11-26T16:01:19+00:00","mainEntityOfPage":{"@id":"https:\/\/www.sansofestay.com\/blog\/en\/la-garanona-viewpoint\/"},"wordCount":966,"commentCount":0,"image":{"@id":"https:\/\/www.sansofestay.com\/blog\/en\/la-garanona-viewpoint\/#primaryimage"},"thumbnailUrl":"https:\/\/www.sansofestay.com\/blog\/wp-content\/uploads\/2024\/11\/mirador-garanona-el-sauzal-tenerife.jpg","keywords":["No template"],"articleSection":["North Tenerife","Routes","Routes","Uncategorized"],"inLanguage":"en-GB","potentialAction":[{"@type":"CommentAction","name":"Comment","target":["https:\/\/www.sansofestay.com\/blog\/en\/la-garanona-viewpoint\/#respond"]}]},{"@type":"WebPage","@id":"https:\/\/www.sansofestay.com\/blog\/en\/la-garanona-viewpoint\/","url":"https:\/\/www.sansofestay.com\/blog\/en\/la-garanona-viewpoint\/","name":"Spectacular Views at the Mirador de La Gara\u00f1ona - Holidays in North Tenerife | Sansof\u00e9","isPartOf":{"@id":"https:\/\/www.sansofestay.com\/blog\/en\/#website"},"primaryImageOfPage":{"@id":"https:\/\/www.sansofestay.com\/blog\/en\/la-garanona-viewpoint\/#primaryimage"},"image":{"@id":"https:\/\/www.sansofestay.com\/blog\/en\/la-garanona-viewpoint\/#primaryimage"},"thumbnailUrl":"https:\/\/www.sansofestay.com\/blog\/wp-content\/uploads\/2024\/11\/mirador-garanona-el-sauzal-tenerife.jpg","datePublished":"2024-11-18T09:49:25+00:00","dateModified":"2024-11-26T16:01:19+00:00","author":{"@id":"https:\/\/www.sansofestay.com\/blog\/en\/#\/schema\/person\/c206c4732c6fd34c0667c8566b602cd6"},"description":"Enjoy the La Gara\u00f1ona Viewpoint and contemplate the amazing views of the ocean and cliffs.","inLanguage":"en-GB","potentialAction":[{"@type":"ReadAction","target":["https:\/\/www.sansofestay.com\/blog\/en\/la-garanona-viewpoint\/"]}]},{"@type":"ImageObject","inLanguage":"en-GB","@id":"https:\/\/www.sansofestay.com\/blog\/en\/la-garanona-viewpoint\/#primaryimage","url":"https:\/\/www.sansofestay.com\/blog\/wp-content\/uploads\/2024\/11\/mirador-garanona-el-sauzal-tenerife.jpg","contentUrl":"https:\/\/www.sansofestay.com\/blog\/wp-content\/uploads\/2024\/11\/mirador-garanona-el-sauzal-tenerife.jpg","width":1920,"height":724,"caption":"mirador gara\u00f1ona el sauzal tenerife"},{"@type":"WebSite","@id":"https:\/\/www.sansofestay.com\/blog\/en\/#website","url":"https:\/\/www.sansofestay.com\/blog\/en\/","name":"Holidays in North Tenerife | Sansof\u00e9","description":"Tourist information on the island of Tenerife. Explore the island, the best areas, activities and tips","potentialAction":[{"@type":"SearchAction","target":{"@type":"EntryPoint","urlTemplate":"https:\/\/www.sansofestay.com\/blog\/en\/?s={search_term_string}"},"query-input":{"@type":"PropertyValueSpecification","valueRequired":true,"valueName":"search_term_string"}}],"inLanguage":"en-GB"},{"@type":"Person","@id":"https:\/\/www.sansofestay.com\/blog\/en\/#\/schema\/person\/c206c4732c6fd34c0667c8566b602cd6","name":"digitalservices@avantio.com","image":{"@type":"ImageObject","inLanguage":"en-GB","@id":"https:\/\/secure.gravatar.com\/avatar\/af30f88a1904294c1f3eb09a9d7903eec4ffa18fa2cf40c28a8681014ecdfc20?s=96&d=mm&r=g","url":"https:\/\/secure.gravatar.com\/avatar\/af30f88a1904294c1f3eb09a9d7903eec4ffa18fa2cf40c28a8681014ecdfc20?s=96&d=mm&r=g","contentUrl":"https:\/\/secure.gravatar.com\/avatar\/af30f88a1904294c1f3eb09a9d7903eec4ffa18fa2cf40c28a8681014ecdfc20?s=96&d=mm&r=g","caption":"digitalservices@avantio.com"},"url":"https:\/\/www.sansofestay.com\/blog\/en\/author\/digitalservicesavantio-com\/"}]}},"_pingme":"1","_encloseme":"1","_top_nav_excluded":"","_cms_nav_minihome":"","_last_translation_edit_mode":"native-editor","_edit_last":"3","_wpml_media_featured":"1","_wpml_media_duplicate":"1","_edit_lock":"1732636794:3","_wpml_word_count":"{\"total\":0,\"to_translate\":{\"en\":8,\"de\":8,\"es\":8}}","_yoast_wpseo_estimated-reading-time-minutes":"5","_yoast_wpseo_meta-robots-noindex":"","_yoast_wpseo_meta-robots-nofollow":"","_yoast_wpseo_wordproof_timestamp":"","_yoast_wpseo_primary_category":"","_elementor_edit_mode":"builder","_elementor_template_type":"wp-post","_elementor_version":"3.19.4","_elementor_pro_version":"3.19.3","_wp_page_template":"default","_elementor_page_settings":{"page_template":"elementor_header_footer"},"_elementor_data":"[{\"id\":\"1713abc9\",\"elType\":\"section\",\"settings\":[],\"elements\":[{\"id\":\"4ccc039a\",\"elType\":\"column\",\"settings\":{\"_column_size\":100,\"_inline_size\":null},\"elements\":[{\"id\":\"5068557\",\"elType\":\"widget\",\"settings\":{\"editor\":\"<p><span style=\\\"font-weight: 400;\\\">On your next trip to Tenerife, be sure to add the \\u2018<\\\/span><i><span style=\\\"font-weight: 400;\\\">Mirador de La Gara\\u00f1ona<\\\/span><\\\/i><span style=\\\"font-weight: 400;\\\">\\u2019 (La Gara\\u00f1ona Lookout Point) to your itinerary. This collection of gardens, filled with lush vegetation, offers fantastic views of the Atlantic Ocean from a beautiful cliff over 200 metres high, providing the perfect opportunity to take some incredible photos. Located on the northern coast of Tenerife, this spot is a must-see in the region.<\\\/span><\\\/p><p><span style=\\\"font-weight: 400;\\\">Additionally, you can explore the various trails, palm groves, and hidden corners of the area \\u2013 a very pleasant walk for the whole family. In this article, we\\u2019ll tell you what you can see from the Mirador de La Gara\\u00f1ona, what activities are available nearby, how to get there, and some accommodation suggestions to make your trip unforgettable.<\\\/span><\\\/p>\",\"text_color\":\"#7A7A7A\",\"typography_typography\":\"custom\",\"typography_font_family\":\"Maven Pro\",\"typography_font_size\":{\"unit\":\"px\",\"size\":18,\"sizes\":[]},\"typography_font_weight\":\"400\",\"align\":\"justify\",\"_margin\":{\"unit\":\"px\",\"top\":\"-15\",\"right\":\"0\",\"bottom\":\"0\",\"left\":\"0\",\"isLinked\":false}},\"elements\":[],\"widgetType\":\"text-editor\"}],\"isInner\":false}],\"isInner\":false},{\"id\":\"aca2571\",\"elType\":\"section\",\"settings\":[],\"elements\":[{\"id\":\"755a4b52\",\"elType\":\"column\",\"settings\":{\"_column_size\":100,\"_inline_size\":null},\"elements\":[{\"id\":\"23754\",\"elType\":\"widget\",\"settings\":{\"title\":\"TABLE OF CONTENTS\",\"html_tag\":\"div\",\"headings_by_tags\":[\"h2\"],\"exclude_headings_by_selector\":[],\"border_radius\":{\"unit\":\"px\",\"size\":10,\"sizes\":[]},\"header_background_color\":\"#69775E\",\"header_text_color\":\"#FFFFFF\"},\"elements\":[],\"widgetType\":\"table-of-contents\"}],\"isInner\":false}],\"isInner\":false},{\"id\":\"7265b924\",\"elType\":\"section\",\"settings\":{\"margin\":{\"unit\":\"px\",\"top\":\"30\",\"right\":0,\"bottom\":\"0\",\"left\":0,\"isLinked\":false}},\"elements\":[{\"id\":\"78e88fe\",\"elType\":\"column\",\"settings\":{\"_column_size\":100,\"_inline_size\":null},\"elements\":[{\"id\":\"48c306be\",\"elType\":\"widget\",\"settings\":{\"title\":\"What to See from the Mirador de La Gara\\u00f1ona\\n\",\"title_color\":\"#69775E\",\"typography_typography\":\"custom\",\"typography_font_family\":\"Maven Pro\",\"typography_font_size\":{\"unit\":\"px\",\"size\":30,\"sizes\":[]},\"typography_font_weight\":\"700\"},\"elements\":[],\"widgetType\":\"heading\"},{\"id\":\"4ada7808\",\"elType\":\"widget\",\"settings\":{\"editor\":\"<p><span style=\\\"font-weight: 400;\\\">The Mirador de La Gara\\u00f1ona in Tenerife offers unobstructed views over the Atlantic Ocean and the Gara\\u00f1ona beach, also known as El Arenal beach. It\\u2019s just one of the many volcanic black sand beaches this island has to offer. On clear days, which are nearly every day here, you can see Callao de los Parrales and the coast of Tacoronte. With a bit of luck and calm seas, you might even spot the silhouette of the DC-3 aircraft from Spantax, which made an emergency water landing off the coast of El Sauzal in 1966.<\\\/span><\\\/p>\",\"text_color\":\"#7A7A7A\",\"typography_typography\":\"custom\",\"typography_font_family\":\"Maven Pro\",\"typography_font_size\":{\"unit\":\"px\",\"size\":18,\"sizes\":[]},\"typography_font_weight\":\"400\",\"align\":\"justify\",\"_margin\":{\"unit\":\"px\",\"top\":\"-15\",\"right\":\"0\",\"bottom\":\"0\",\"left\":\"0\",\"isLinked\":false}},\"elements\":[],\"widgetType\":\"text-editor\"}],\"isInner\":false}],\"isInner\":false},{\"id\":\"5a4a4a8\",\"elType\":\"section\",\"settings\":{\"margin\":{\"unit\":\"px\",\"top\":\"30\",\"right\":0,\"bottom\":\"0\",\"left\":0,\"isLinked\":false}},\"elements\":[{\"id\":\"affa166\",\"elType\":\"column\",\"settings\":{\"_column_size\":100,\"_inline_size\":null},\"elements\":[{\"id\":\"0c0966a\",\"elType\":\"widget\",\"settings\":{\"title\":\"Activities to Enjoy Near the Mirador\\n\",\"title_color\":\"#69775E\",\"typography_typography\":\"custom\",\"typography_font_family\":\"Maven Pro\",\"typography_font_size\":{\"unit\":\"px\",\"size\":30,\"sizes\":[]},\"typography_font_weight\":\"700\"},\"elements\":[],\"widgetType\":\"heading\"},{\"id\":\"ef03fba\",\"elType\":\"widget\",\"settings\":{\"editor\":\"<p><span style=\\\"font-weight: 400;\\\">During your visit to the Mirador de La Gara\\u00f1ona, you\\u2019ll likely work up an appetite and feel like trying some traditional Tenerife food. Don\\u2019t worry \\u2013 there are a few dining options in El Sauzal, just a short walk from the viewpoint, and there\\u2019s also a caf\\u00e9 right next to it.<\\\/span><\\\/p>\",\"text_color\":\"#7A7A7A\",\"typography_typography\":\"custom\",\"typography_font_family\":\"Maven Pro\",\"typography_font_size\":{\"unit\":\"px\",\"size\":18,\"sizes\":[]},\"typography_font_weight\":\"400\",\"align\":\"justify\",\"_margin\":{\"unit\":\"px\",\"top\":\"-15\",\"right\":\"0\",\"bottom\":\"0\",\"left\":\"0\",\"isLinked\":false}},\"elements\":[],\"widgetType\":\"text-editor\"},{\"id\":\"9bac777\",\"elType\":\"widget\",\"settings\":{\"image\":{\"url\":\"https:\\\/\\\/www.sansofestay.com\\\/blog\\\/wp-content\\\/uploads\\\/2024\\\/11\\\/mirador-garanona-el-sauzal.jpg\",\"id\":1986},\"image_size\":\"full\"},\"elements\":[],\"widgetType\":\"image\"},{\"id\":\"83e3fd2\",\"elType\":\"widget\",\"settings\":{\"editor\":\"<p><span style=\\\"font-weight: 400;\\\">Take the opportunity to visit the town\\u2019s old quarter and enjoy a stroll around the area. This will also allow you to take in more spectacular views of the sea.<\\\/span><\\\/p><p><span style=\\\"font-weight: 400;\\\">Another point of interest is the Parque de los Lavaderos, a picturesque spot filled with plants and fountains, also offering views of Mount Teide. Wine lovers should consider visiting some of the local wineries in El Sauzal, or even the Casa del Vino, a former estate now housing the Museum of Wine and Vineyards of Tenerife. This is undoubtedly a fascinating addition to your visit to the Mirador de La Gara\\u00f1ona.<\\\/span><\\\/p>\",\"text_color\":\"#7A7A7A\",\"typography_typography\":\"custom\",\"typography_font_family\":\"Maven Pro\",\"typography_font_size\":{\"unit\":\"px\",\"size\":18,\"sizes\":[]},\"typography_font_weight\":\"400\",\"align\":\"justify\",\"_margin\":{\"unit\":\"px\",\"top\":\"-15\",\"right\":\"0\",\"bottom\":\"0\",\"left\":\"0\",\"isLinked\":false}},\"elements\":[],\"widgetType\":\"text-editor\"}],\"isInner\":false}],\"isInner\":false},{\"id\":\"0181d39\",\"elType\":\"section\",\"settings\":{\"margin\":{\"unit\":\"px\",\"top\":\"30\",\"right\":0,\"bottom\":\"0\",\"left\":0,\"isLinked\":false}},\"elements\":[{\"id\":\"2d018e7\",\"elType\":\"column\",\"settings\":{\"_column_size\":100,\"_inline_size\":null},\"elements\":[{\"id\":\"9c03cf8\",\"elType\":\"widget\",\"settings\":{\"title\":\"How to Get to the Mirador de La Gara\\u00f1ona\\n\",\"title_color\":\"#69775E\",\"typography_typography\":\"custom\",\"typography_font_family\":\"Maven Pro\",\"typography_font_size\":{\"unit\":\"px\",\"size\":30,\"sizes\":[]},\"typography_font_weight\":\"700\"},\"elements\":[],\"widgetType\":\"heading\"}],\"isInner\":false}],\"isInner\":false},{\"id\":\"73b8c1b\",\"elType\":\"section\",\"settings\":{\"structure\":\"20\"},\"elements\":[{\"id\":\"abbe3cc\",\"elType\":\"column\",\"settings\":{\"_column_size\":50,\"_inline_size\":null},\"elements\":[{\"id\":\"6dcd871\",\"elType\":\"widget\",\"settings\":{\"address\":\"mirador la gara\\u00f1ona\"},\"elements\":[],\"widgetType\":\"google_maps\"}],\"isInner\":false},{\"id\":\"e919044\",\"elType\":\"column\",\"settings\":{\"_column_size\":50,\"_inline_size\":null},\"elements\":[{\"id\":\"ae6c79c\",\"elType\":\"widget\",\"settings\":{\"editor\":\"<p><span style=\\\"font-weight: 400;\\\">You won\\u2019t have any trouble getting to the Mirador de La Gara\\u00f1ona, as it\\u2019s well sign-posted from the centre of El Sauzal. The journey from Santa Cruz de Tenerife, nearly 25 kilometres away, takes about 20 minutes by car while San Crist\\u00f3bal de La Laguna is even closer, around a 15-minute drive. From Puerto de La Cruz, it also takes about 15 minutes and from Mount Teide, located in the heart of the island, your drive will take just over an hour.<\\\/span><\\\/p>\",\"text_color\":\"#7A7A7A\",\"typography_typography\":\"custom\",\"typography_font_family\":\"Maven Pro\",\"typography_font_size\":{\"unit\":\"px\",\"size\":18,\"sizes\":[]},\"typography_font_weight\":\"400\",\"align\":\"justify\",\"_margin\":{\"unit\":\"px\",\"top\":\"-15\",\"right\":\"0\",\"bottom\":\"0\",\"left\":\"0\",\"isLinked\":false}},\"elements\":[],\"widgetType\":\"text-editor\"}],\"isInner\":false}],\"isInner\":false},{\"id\":\"d908535\",\"elType\":\"section\",\"settings\":{\"margin\":{\"unit\":\"px\",\"top\":\"30\",\"right\":0,\"bottom\":\"0\",\"left\":0,\"isLinked\":false}},\"elements\":[{\"id\":\"8cd1b94\",\"elType\":\"column\",\"settings\":{\"_column_size\":100,\"_inline_size\":null},\"elements\":[{\"id\":\"00a6081\",\"elType\":\"widget\",\"settings\":{\"title\":\"What Towns Should I Visit Near the Mirador de La Gara\\u00f1ona?\\n\",\"title_color\":\"#69775E\",\"typography_typography\":\"custom\",\"typography_font_family\":\"Maven Pro\",\"typography_font_size\":{\"unit\":\"px\",\"size\":30,\"sizes\":[]},\"typography_font_weight\":\"700\"},\"elements\":[],\"widgetType\":\"heading\"},{\"id\":\"6f2e698\",\"elType\":\"widget\",\"settings\":{\"editor\":\"<p><span style=\\\"font-weight: 400;\\\">Close to the Mirador de La Gara\\u00f1ona, you\\u2019ll find several interesting towns that blend the tranquillity of island life with a cultural, gastronomic, and leisure offering that will exceed your expectations.<\\\/span><\\\/p>\",\"text_color\":\"#7A7A7A\",\"typography_typography\":\"custom\",\"typography_font_family\":\"Maven Pro\",\"typography_font_size\":{\"unit\":\"px\",\"size\":18,\"sizes\":[]},\"typography_font_weight\":\"400\",\"align\":\"justify\",\"_margin\":{\"unit\":\"px\",\"top\":\"-15\",\"right\":\"0\",\"bottom\":\"0\",\"left\":\"0\",\"isLinked\":false}},\"elements\":[],\"widgetType\":\"text-editor\"}],\"isInner\":false}],\"isInner\":false},{\"id\":\"73c18a6\",\"elType\":\"section\",\"settings\":{\"structure\":\"20\"},\"elements\":[{\"id\":\"5251849\",\"elType\":\"column\",\"settings\":{\"_column_size\":50,\"_inline_size\":null},\"elements\":[{\"id\":\"d961adc\",\"elType\":\"widget\",\"settings\":{\"title\":\"El Sauzal\",\"header_size\":\"h3\",\"title_color\":\"#69775E\",\"typography_typography\":\"custom\",\"typography_font_family\":\"Maven Pro\",\"typography_font_size\":{\"unit\":\"px\",\"size\":20,\"sizes\":[]},\"typography_font_weight\":\"700\"},\"elements\":[],\"widgetType\":\"heading\"},{\"id\":\"3a7e78c2\",\"elType\":\"widget\",\"settings\":{\"editor\":\"<p><span style=\\\"font-weight: 400;\\\">This small town, where the Mirador de La Gara\\u00f1ona is located, is perfect for a relaxed stroll, with its fantastic views of the sea and Mount Teide. Local products that stand out here include honey and wine, so be sure to try them and pick up a souvenir. You can also visit the Casa Museo de la Sierva de Dios, where the body of Sister Mar\\u00eda de Jes\\u00fas, perfectly preserved since her death around 400 years ago, is on display.<\\\/span><\\\/p>\",\"text_color\":\"#7A7A7A\",\"typography_typography\":\"custom\",\"typography_font_family\":\"Maven Pro\",\"typography_font_size\":{\"unit\":\"px\",\"size\":18,\"sizes\":[]},\"typography_font_weight\":\"400\",\"align\":\"justify\",\"_margin\":{\"unit\":\"px\",\"top\":\"-15\",\"right\":\"0\",\"bottom\":\"0\",\"left\":\"0\",\"isLinked\":false}},\"elements\":[],\"widgetType\":\"text-editor\"}],\"isInner\":false},{\"id\":\"ffb877c\",\"elType\":\"column\",\"settings\":{\"_column_size\":50,\"_inline_size\":null},\"elements\":[{\"id\":\"eb44997\",\"elType\":\"widget\",\"settings\":{\"title\":\"Tacoronte\",\"header_size\":\"h3\",\"title_color\":\"#69775E\",\"typography_typography\":\"custom\",\"typography_font_family\":\"Maven Pro\",\"typography_font_size\":{\"unit\":\"px\",\"size\":20,\"sizes\":[]},\"typography_font_weight\":\"700\"},\"elements\":[],\"widgetType\":\"heading\"},{\"id\":\"2b474f2\",\"elType\":\"widget\",\"settings\":{\"editor\":\"<p><span style=\\\"font-weight: 400;\\\">Just 15 minutes from the Mirador de La Gara\\u00f1ona is the town of Tacoronte, which reaches an altitude of 1200 metres and descends to the coast, where you\\u2019ll find spectacular cliffs. It\\u2019s a good option for a beach getaway, with Mesa del Mar being our favourite beach in the area. You can also visit the fishing district of El Pris, go diving, or try water sports.<\\\/span><\\\/p>\",\"text_color\":\"#7A7A7A\",\"typography_typography\":\"custom\",\"typography_font_family\":\"Maven Pro\",\"typography_font_size\":{\"unit\":\"px\",\"size\":18,\"sizes\":[]},\"typography_font_weight\":\"400\",\"align\":\"justify\",\"_margin\":{\"unit\":\"px\",\"top\":\"-15\",\"right\":\"0\",\"bottom\":\"0\",\"left\":\"0\",\"isLinked\":false}},\"elements\":[],\"widgetType\":\"text-editor\"}],\"isInner\":false}],\"isInner\":false},{\"id\":\"c4e8550\",\"elType\":\"section\",\"settings\":{\"structure\":\"20\"},\"elements\":[{\"id\":\"1ce3885\",\"elType\":\"column\",\"settings\":{\"_column_size\":50,\"_inline_size\":null},\"elements\":[{\"id\":\"30fce2e\",\"elType\":\"widget\",\"settings\":{\"title\":\"Puerto de La Cruz\",\"header_size\":\"h3\",\"title_color\":\"#69775E\",\"typography_typography\":\"custom\",\"typography_font_family\":\"Maven Pro\",\"typography_font_size\":{\"unit\":\"px\",\"size\":20,\"sizes\":[]},\"typography_font_weight\":\"700\"},\"elements\":[],\"widgetType\":\"heading\"},{\"id\":\"747f455\",\"elType\":\"widget\",\"settings\":{\"editor\":\"<p><span style=\\\"font-weight: 400;\\\">One of Tenerife\\u2019s first tourist hotspots, Puerto de La Cruz still maintains its fishing village charm. Here, you can see boats arriving with the day\\u2019s catch (if you wake up early enough, of course), enjoy an ice cream while walking through the streets, or take a dip in Lago Marti\\u00e1nez, a complex of pools almost directly in the sea.<\\\/span><\\\/p>\",\"text_color\":\"#7A7A7A\",\"typography_typography\":\"custom\",\"typography_font_family\":\"Maven Pro\",\"typography_font_size\":{\"unit\":\"px\",\"size\":18,\"sizes\":[]},\"typography_font_weight\":\"400\",\"align\":\"justify\",\"_margin\":{\"unit\":\"px\",\"top\":\"-15\",\"right\":\"0\",\"bottom\":\"0\",\"left\":\"0\",\"isLinked\":false}},\"elements\":[],\"widgetType\":\"text-editor\"}],\"isInner\":false},{\"id\":\"d14f145\",\"elType\":\"column\",\"settings\":{\"_column_size\":50,\"_inline_size\":null},\"elements\":[{\"id\":\"a4c65df\",\"elType\":\"widget\",\"settings\":{\"title\":\"San Crist\\u00f3bal de La Laguna\",\"header_size\":\"h3\",\"title_color\":\"#69775E\",\"typography_typography\":\"custom\",\"typography_font_family\":\"Maven Pro\",\"typography_font_size\":{\"unit\":\"px\",\"size\":20,\"sizes\":[]},\"typography_font_weight\":\"700\"},\"elements\":[],\"widgetType\":\"heading\"},{\"id\":\"b679e3c\",\"elType\":\"widget\",\"settings\":{\"editor\":\"<p><span style=\\\"font-weight: 400;\\\">Also close to the Mirador de La Gara\\u00f1ona, you\\u2019ll find San Crist\\u00f3bal de La Laguna, a modern, lively city. There are many bars and restaurants where you can enjoy the atmosphere while street musicians provide a soundtrack. Fancy a shopping spree? This is the perfect place. The old town of this UNESCO World Heritage city is definitely worth a visit.<\\\/span><\\\/p>\",\"text_color\":\"#7A7A7A\",\"typography_typography\":\"custom\",\"typography_font_family\":\"Maven Pro\",\"typography_font_size\":{\"unit\":\"px\",\"size\":18,\"sizes\":[]},\"typography_font_weight\":\"400\",\"align\":\"justify\",\"_margin\":{\"unit\":\"px\",\"top\":\"-15\",\"right\":\"0\",\"bottom\":\"0\",\"left\":\"0\",\"isLinked\":false}},\"elements\":[],\"widgetType\":\"text-editor\"}],\"isInner\":false}],\"isInner\":false},{\"id\":\"cd39874\",\"elType\":\"section\",\"settings\":{\"margin\":{\"unit\":\"px\",\"top\":\"20\",\"right\":0,\"bottom\":\"0\",\"left\":0,\"isLinked\":false}},\"elements\":[{\"id\":\"608f572\",\"elType\":\"column\",\"settings\":{\"_column_size\":100,\"_inline_size\":null},\"elements\":[{\"id\":\"7783e7f\",\"elType\":\"widget\",\"settings\":{\"youtube_url\":\"https:\\\/\\\/www.youtube.com\\\/watch?v=03nmahE7BTo\",\"vimeo_url\":\"https:\\\/\\\/vimeo.com\\\/235215203\",\"dailymotion_url\":\"https:\\\/\\\/www.dailymotion.com\\\/video\\\/x6tqhqb\",\"videopress_url\":\"https:\\\/\\\/videopress.com\\\/v\\\/ZCAOzTNk\",\"aspect_ratio\":\"219\"},\"elements\":[],\"widgetType\":\"video\"}],\"isInner\":false}],\"isInner\":false},{\"id\":\"2568572\",\"elType\":\"section\",\"settings\":{\"margin\":{\"unit\":\"px\",\"top\":\"20\",\"right\":0,\"bottom\":\"0\",\"left\":0,\"isLinked\":false}},\"elements\":[{\"id\":\"b07e22c\",\"elType\":\"column\",\"settings\":{\"_column_size\":100,\"_inline_size\":null},\"elements\":[],\"isInner\":false}],\"isInner\":false},{\"id\":\"7cc383d7\",\"elType\":\"section\",\"settings\":{\"margin\":{\"unit\":\"px\",\"top\":\"30\",\"right\":0,\"bottom\":\"0\",\"left\":0,\"isLinked\":false}},\"elements\":[{\"id\":\"7fcef9f4\",\"elType\":\"column\",\"settings\":{\"_column_size\":100,\"_inline_size\":null},\"elements\":[{\"id\":\"2e9ea6d5\",\"elType\":\"widget\",\"settings\":{\"title\":\"Come Visit the Mirador de La Gara\\u00f1ona: A Perfect Spot for Sunset\\n\",\"title_color\":\"#69775E\",\"typography_typography\":\"custom\",\"typography_font_family\":\"Maven Pro\",\"typography_font_size\":{\"unit\":\"px\",\"size\":30,\"sizes\":[]},\"typography_font_weight\":\"700\"},\"elements\":[],\"widgetType\":\"heading\"},{\"id\":\"2fb7b977\",\"elType\":\"widget\",\"settings\":{\"editor\":\"<p><span style=\\\"font-weight: 400;\\\">Start planning your next visit to Tenerife, the island of eternal spring, and be sure to include the Mirador de La Gara\\u00f1ona in your itinerary. In addition to the stunning views, you can take the opportunity to discover some lesser-known towns, explore the region\\u2019s wines, and experience the true essence of the island. We can\\u2019t forget to mention the great accommodation options available at <\\\/span><a href=\\\"https:\\\/\\\/www.sansofestay.com\\\/\\\"><span style=\\\"font-weight: 400;\\\">Sansof\\u00e9 Stays<\\\/span><\\\/a><span style=\\\"font-weight: 400;\\\">: apartments, houses, and villas in the northern part of Tenerife, all offering the perfect conditions for a dream holiday. Whether for a family holiday or a getaway with friends, Tenerife is the perfect choice and one you\\u2019ll love.<\\\/span><\\\/p>\",\"text_color\":\"#7A7A7A\",\"typography_typography\":\"custom\",\"typography_font_family\":\"Maven Pro\",\"typography_font_size\":{\"unit\":\"px\",\"size\":18,\"sizes\":[]},\"typography_font_weight\":\"400\",\"align\":\"justify\",\"_margin\":{\"unit\":\"px\",\"top\":\"-15\",\"right\":\"0\",\"bottom\":\"0\",\"left\":\"0\",\"isLinked\":false}},\"elements\":[],\"widgetType\":\"text-editor\"}],\"isInner\":false}],\"isInner\":false},{\"id\":\"5723c4b3\",\"elType\":\"section\",\"settings\":[],\"elements\":[{\"id\":\"674e10d3\",\"elType\":\"column\",\"settings\":{\"_column_size\":100,\"_inline_size\":null},\"elements\":[{\"id\":\"65c88978\",\"elType\":\"widget\",\"settings\":{\"shortcode\":\"[elementor-template id=\\\"599\\\"]\"},\"elements\":[],\"widgetType\":\"shortcode\"}],\"isInner\":false}],\"isInner\":false}]","_yoast_wpseo_content_score":"90","_wpml_location_migration_done":"","_yoast_wpseo_metadesc":"Enjoy the La Gara\u00f1ona Viewpoint and contemplate the amazing views of the ocean and cliffs.","_wpse_old_slug":"spectacular-views-at-the-mirador-de-la-garanona","_thumbnail_id":"1990","_yoast_wpseo_focuskw":"La Gara\u00f1ona Viewpoint","_yoast_wpseo_title":"","_yoast_wpseo_linkdex":"53","_elementor_controls_usage":{"text-editor":{"count":11,"control_percent":2,"controls":{"content":{"section_editor":{"editor":11}},"style":{"section_style":{"text_color":11,"typography_typography":11,"typography_font_family":11,"typography_font_size":11,"typography_font_weight":11,"align":11}},"advanced":{"_section_style":{"_margin":11}}}},"column":{"count":16,"control_percent":0,"controls":{"layout":{"layout":{"_inline_size":16}}}},"section":{"count":13,"control_percent":0,"controls":{"advanced":{"section_advanced":{"margin":7}},"layout":{"section_structure":{"structure":3}}}},"table-of-contents":{"count":1,"control_percent":1,"controls":{"content":{"table_of_contents":{"title":1,"html_tag":1,"headings_by_tags":1}},"style":{"box_style":{"border_radius":1},"header_style":{"header_background_color":1,"header_text_color":1}}}},"heading":{"count":9,"control_percent":1,"controls":{"content":{"section_title":{"title":9,"header_size":4}},"style":{"section_title_style":{"title_color":9,"typography_typography":9,"typography_font_family":9,"typography_font_size":9,"typography_font_weight":9}}}},"image":{"count":1,"control_percent":0,"controls":{"content":{"section_image":{"image":1,"image_size":1}}}},"google_maps":{"count":1,"control_percent":0,"controls":{"content":{"section_map":{"address":1}}}},"video":{"count":1,"control_percent":0,"controls":{"content":{"section_video":{"youtube_url":1}},"style":{"section_video_style":{"aspect_ratio":1}}}},"shortcode":{"count":1,"control_percent":0,"controls":{"content":{"section_shortcode":{"shortcode":1}}}}},"_wp_old_slug":"spectacular-views-at-the-mirador-de-la-garanona","_elementor_template_widget_type":"","_elementor_popup_display_settings":"","_wpml_post_translation_editor_native":"","_wp_old_date":"","_oembed_73d8af3ba4596fb88a7f14b93e1916a9":"<iframe title=\"Mirador de la Gara\u00f1ona \ud83d\ude0d #ElSauzal #Tenerife\" width=\"751\" height=\"422\" src=\"https:\/\/www.youtube.com\/embed\/03nmahE7BTo?feature=oembed\" frameborder=\"0\" allow=\"accelerometer; autoplay; clipboard-write; encrypted-media; gyroscope; picture-in-picture; web-share\" referrerpolicy=\"strict-origin-when-cross-origin\" allowfullscreen><\/iframe>","_oembed_time_73d8af3ba4596fb88a7f14b93e1916a9":"1732636523","_oembed_f9dc1bf2ed4539093f877876c5bac98e":"","_links":{"self":[{"href":"https:\/\/www.sansofestay.com\/blog\/en\/wp-json\/wp\/v2\/posts\/1996","targetHints":{"allow":["GET"]}}],"collection":[{"href":"https:\/\/www.sansofestay.com\/blog\/en\/wp-json\/wp\/v2\/posts"}],"about":[{"href":"https:\/\/www.sansofestay.com\/blog\/en\/wp-json\/wp\/v2\/types\/post"}],"author":[{"embeddable":true,"href":"https:\/\/www.sansofestay.com\/blog\/en\/wp-json\/wp\/v2\/users\/3"}],"replies":[{"embeddable":true,"href":"https:\/\/www.sansofestay.com\/blog\/en\/wp-json\/wp\/v2\/comments?post=1996"}],"version-history":[{"count":8,"href":"https:\/\/www.sansofestay.com\/blog\/en\/wp-json\/wp\/v2\/posts\/1996\/revisions"}],"predecessor-version":[{"id":2038,"href":"https:\/\/www.sansofestay.com\/blog\/en\/wp-json\/wp\/v2\/posts\/1996\/revisions\/2038"}],"wp:featuredmedia":[{"embeddable":true,"href":"https:\/\/www.sansofestay.com\/blog\/en\/wp-json\/wp\/v2\/media\/1990"}],"wp:attachment":[{"href":"https:\/\/www.sansofestay.com\/blog\/en\/wp-json\/wp\/v2\/media?parent=1996"}],"wp:term":[{"taxonomy":"category","embeddable":true,"href":"https:\/\/www.sansofestay.com\/blog\/en\/wp-json\/wp\/v2\/categories?post=1996"}],"curies":[{"name":"wp","href":"https:\/\/api.w.org\/{rel}","templated":true}]}}