{"id":1355,"date":"2024-03-27T11:56:07","date_gmt":"2024-03-27T11:56:07","guid":{"rendered":"https:\/\/www.sansofestay.com\/blog\/?p=1355"},"modified":"2024-03-27T12:02:31","modified_gmt":"2024-03-27T12:02:31","slug":"encuentra-el-alojamiento-perfecto-para-tus-vacaciones-de-primavera-en-tenerife","status":"publish","type":"post","link":"https:\/\/www.sansofestay.com\/blog\/encuentra-el-alojamiento-perfecto-para-tus-vacaciones-de-primavera-en-tenerife\/","title":{"rendered":"Encuentra el Alojamiento Perfecto para tus Vacaciones de Primavera en Tenerife con Sansof\u00e9 Stay"},"content":{"rendered":"\t\t<div data-elementor-type=\"wp-post\" data-elementor-id=\"1355\" class=\"elementor elementor-1355\" data-elementor-post-type=\"post\">\n\t\t\t\t\t\t<section class=\"elementor-section elementor-top-section elementor-element elementor-element-1fdbb57d elementor-section-boxed elementor-section-height-default elementor-section-height-default\" data-id=\"1fdbb57d\" data-element_type=\"section\" data-e-type=\"section\">\n\t\t\t\t\t\t<div class=\"elementor-container elementor-column-gap-default\">\n\t\t\t\t\t<div class=\"elementor-column elementor-col-100 elementor-top-column elementor-element elementor-element-345aa612\" data-id=\"345aa612\" data-element_type=\"column\" data-e-type=\"column\">\n\t\t\t<div class=\"elementor-widget-wrap elementor-element-populated\">\n\t\t\t\t\t\t<div class=\"elementor-element elementor-element-a0b48f2 elementor-widget elementor-widget-text-editor\" data-id=\"a0b48f2\" data-element_type=\"widget\" data-e-type=\"widget\" data-widget_type=\"text-editor.default\">\n\t\t\t\t<div class=\"elementor-widget-container\">\n\t\t\t\t\t\t\t\t\t<p><span style=\"font-weight: 400;\">La primavera es un momento m\u00e1gico para visitar Tenerife. La isla florece en un espect\u00e1culo de colores y vida, ofreciendo temperaturas agradables y una agenda repleta de actividades y festivales. En<\/span><a href=\"https:\/\/www.sansofestay.com\/\"> <b>Sansofe Stay<\/b><\/a><span style=\"font-weight: 400;\">, entendemos la importancia de encontrar el alojamiento ideal que complemente tu experiencia vacacional.<\/span><\/p>\t\t\t\t\t\t\t\t<\/div>\n\t\t\t\t<\/div>\n\t\t\t\t\t<\/div>\n\t\t<\/div>\n\t\t\t\t\t<\/div>\n\t\t<\/section>\n\t\t\t\t<section class=\"elementor-section elementor-top-section elementor-element elementor-element-140cec44 elementor-section-boxed elementor-section-height-default elementor-section-height-default\" data-id=\"140cec44\" data-element_type=\"section\" data-e-type=\"section\">\n\t\t\t\t\t\t<div class=\"elementor-container elementor-column-gap-default\">\n\t\t\t\t\t<div class=\"elementor-column elementor-col-100 elementor-top-column elementor-element elementor-element-12bf81d4\" data-id=\"12bf81d4\" data-element_type=\"column\" data-e-type=\"column\">\n\t\t\t<div class=\"elementor-widget-wrap elementor-element-populated\">\n\t\t\t\t\t\t<div class=\"elementor-element elementor-element-38164fd elementor-widget elementor-widget-heading\" data-id=\"38164fd\" data-element_type=\"widget\" data-e-type=\"widget\" data-widget_type=\"heading.default\">\n\t\t\t\t<div class=\"elementor-widget-container\">\n\t\t\t\t\t<h2 class=\"elementor-heading-title elementor-size-default\">Tenerife en primavera, explosi\u00f3n de vida y color \n\n<\/h2>\t\t\t\t<\/div>\n\t\t\t\t<\/div>\n\t\t\t\t<div class=\"elementor-element elementor-element-6c1741e6 elementor-widget elementor-widget-text-editor\" data-id=\"6c1741e6\" data-element_type=\"widget\" data-e-type=\"widget\" data-widget_type=\"text-editor.default\">\n\t\t\t\t<div class=\"elementor-widget-container\">\n\t\t\t\t\t\t\t\t\t<p><span style=\"font-weight: 400;\">Para muchos, la primavera se alza como la estaci\u00f3n predilecta para explorar Tenerife. A medida que los d\u00edas se alargan, la isla se viste de un mosaico vibrante, con paisajes que explotan en un arco\u00edris de colores. Las c\u00e1maras se saturan de instant\u00e1neas donde el verde de la naturaleza se ve embellecido por un espectro de amarillos, rojos, azules y violetas, gracias a las vistosas flores que emergen en cada rinc\u00f3n de Tenerife. Aunque la isla goza de un clima de \u00abeterna primavera\u00bb, permitiendo el florecer de su flora durante todo el a\u00f1o, es con la llegada de marzo cuando se desata una verdadera sinfon\u00eda de vida y color.<\/span><\/p><p><span style=\"font-weight: 400;\">La riqueza crom\u00e1tica que ofrece la naturaleza es patente tanto en los rincones m\u00e1s salvajes y preservados de la isla, como el Parque Rural de Anaga, el Parque Rural de Teno o el emblem\u00e1tico Parque Nacional del Teide, como en los numerosos jardines escondidos entre las \u00e1reas urbanas. La vegetaci\u00f3n comienza a engalanarse desde finales de febrero, culminando en marzo con una exuberante celebraci\u00f3n de la primavera. Optar por Tenerife como destino en esta \u00e9poca del a\u00f1o es garant\u00eda de una experiencia memorable y encantadora.<\/span><\/p>\t\t\t\t\t\t\t\t<\/div>\n\t\t\t\t<\/div>\n\t\t\t\t<div class=\"elementor-element elementor-element-59e57c98 elementor-widget elementor-widget-heading\" data-id=\"59e57c98\" data-element_type=\"widget\" data-e-type=\"widget\" data-widget_type=\"heading.default\">\n\t\t\t\t<div class=\"elementor-widget-container\">\n\t\t\t\t\t<h3 class=\"elementor-heading-title elementor-size-default\">\u00bfC\u00f3mo es el tiempo en Tenerife durante la primavera?<\/h3>\t\t\t\t<\/div>\n\t\t\t\t<\/div>\n\t\t\t\t<div class=\"elementor-element elementor-element-17be9396 elementor-widget elementor-widget-text-editor\" data-id=\"17be9396\" data-element_type=\"widget\" data-e-type=\"widget\" data-widget_type=\"text-editor.default\">\n\t\t\t\t<div class=\"elementor-widget-container\">\n\t\t\t\t\t\t\t\t\t<p><span style=\"font-weight: 400;\">El clima subtropical de Tenerife se caracteriza por su constancia y suavidad, presentando m\u00ednimas fluctuaciones a lo largo del a\u00f1o. Durante la primavera, la isla disfruta de temperaturas promedio que oscilan entre los 18 y los 24 grados Celsius, convirti\u00e9ndola en un destino id\u00edlico en cualquier momento.<\/span><\/p><p><span style=\"font-weight: 400;\">Con la llegada de marzo y el equinoccio de primavera, Tenerife se transforma, adquiriendo una belleza a\u00fan m\u00e1s resplandeciente y magn\u00edfica. El inicio de esta estaci\u00f3n se celebra con un despliegue natural que cautiva todos los sentidos, haciendo que la isla brille con un esplendor \u00fanico. Esta \u00e9poca del a\u00f1o se destaca no solo por el agradable clima sino tambi\u00e9n por la vibrante eclosi\u00f3n de vida y color en su flora, lo que la hace especialmente atractiva para quienes buscan experimentar la esencia pura y la exuberante biodiversidad de la isla.<\/span><\/p>\t\t\t\t\t\t\t\t<\/div>\n\t\t\t\t<\/div>\n\t\t\t\t<div class=\"elementor-element elementor-element-7c44de58 elementor-widget elementor-widget-heading\" data-id=\"7c44de58\" data-element_type=\"widget\" data-e-type=\"widget\" data-widget_type=\"heading.default\">\n\t\t\t\t<div class=\"elementor-widget-container\">\n\t\t\t\t\t<h3 class=\"elementor-heading-title elementor-size-default\">Lugares recomendados para visitar en primavera en Tenerife<\/h3>\t\t\t\t<\/div>\n\t\t\t\t<\/div>\n\t\t\t\t<div class=\"elementor-element elementor-element-60e73cb1 elementor-widget elementor-widget-text-editor\" data-id=\"60e73cb1\" data-element_type=\"widget\" data-e-type=\"widget\" data-widget_type=\"text-editor.default\">\n\t\t\t\t<div class=\"elementor-widget-container\">\n\t\t\t\t\t\t\t\t\t<p><span style=\"font-weight: 400;\">Explorar la naturaleza de Tenerife en primavera se convierte en una experiencia \u00fanica, ofreciendo momentos memorables al sumergirse en su desbordante vida y paleta de colores. Una de las actividades m\u00e1s gratificantes durante estas excursiones es la captura fotogr\u00e1fica y la identificaci\u00f3n de las especies vegetales m\u00e1s notables que encontramos a nuestro alrededor. Aunque la biodiversidad en Tenerife es vasta y compleja, esta labor se facilita gracias a la presencia de flora tan distintiva.<\/span><\/p>\t\t\t\t\t\t\t\t<\/div>\n\t\t\t\t<\/div>\n\t\t\t\t<section class=\"elementor-section elementor-inner-section elementor-element elementor-element-5b409113 elementor-section-boxed elementor-section-height-default elementor-section-height-default\" data-id=\"5b409113\" data-element_type=\"section\" data-e-type=\"section\">\n\t\t\t\t\t\t<div class=\"elementor-container elementor-column-gap-default\">\n\t\t\t\t\t<div class=\"elementor-column elementor-col-50 elementor-inner-column elementor-element elementor-element-68653057\" data-id=\"68653057\" data-element_type=\"column\" data-e-type=\"column\">\n\t\t\t<div class=\"elementor-widget-wrap elementor-element-populated\">\n\t\t\t\t\t\t<div class=\"elementor-element elementor-element-4d882f78 elementor-widget elementor-widget-image\" data-id=\"4d882f78\" data-element_type=\"widget\" data-e-type=\"widget\" data-widget_type=\"image.default\">\n\t\t\t\t<div class=\"elementor-widget-container\">\n\t\t\t\t\t\t\t\t\t\t\t\t\t\t\t<img fetchpriority=\"high\" decoding=\"async\" width=\"512\" height=\"430\" src=\"https:\/\/www.sansofestay.com\/blog\/wp-content\/uploads\/2024\/03\/parque-rural-de-Anaga-512x430.jpg\" class=\"attachment-post size-post wp-image-1364\" alt=\"parque rural de Anaga\" \/>\t\t\t\t\t\t\t\t\t\t\t\t\t\t\t<\/div>\n\t\t\t\t<\/div>\n\t\t\t\t\t<\/div>\n\t\t<\/div>\n\t\t\t\t<div class=\"elementor-column elementor-col-50 elementor-inner-column elementor-element elementor-element-64ea9430\" data-id=\"64ea9430\" data-element_type=\"column\" data-e-type=\"column\">\n\t\t\t<div class=\"elementor-widget-wrap elementor-element-populated\">\n\t\t\t\t\t\t<div class=\"elementor-element elementor-element-5c0a7ae2 elementor-widget elementor-widget-image\" data-id=\"5c0a7ae2\" data-element_type=\"widget\" data-e-type=\"widget\" data-widget_type=\"image.default\">\n\t\t\t\t<div class=\"elementor-widget-container\">\n\t\t\t\t\t\t\t\t\t\t\t\t\t\t\t<img decoding=\"async\" width=\"512\" height=\"430\" src=\"https:\/\/www.sansofestay.com\/blog\/wp-content\/uploads\/2024\/03\/parque-natural-del-teide-1-512x430.jpg\" class=\"attachment-post size-post wp-image-1370\" alt=\"parque natural del teide\" \/>\t\t\t\t\t\t\t\t\t\t\t\t\t\t\t<\/div>\n\t\t\t\t<\/div>\n\t\t\t\t\t<\/div>\n\t\t<\/div>\n\t\t\t\t\t<\/div>\n\t\t<\/section>\n\t\t\t\t<div class=\"elementor-element elementor-element-33b34e6 elementor-widget elementor-widget-text-editor\" data-id=\"33b34e6\" data-element_type=\"widget\" data-e-type=\"widget\" data-widget_type=\"text-editor.default\">\n\t\t\t\t<div class=\"elementor-widget-container\">\n\t\t\t\t\t\t\t\t\t<p><b>Parque rural de Teno<\/b><\/p><p><span style=\"font-weight: 400;\">El impresionante macizo de Teno cobra una dimensi\u00f3n especial en primavera, aunque su majestuosidad es evidente durante todo el a\u00f1o. Ubicado en el extremo noroeste de Tenerife, alberga pintorescos caser\u00edos como El Palmar, Los Bailaderos, Teno Alto, Los Carrizales, Las Portelas, Las Lagunetas y Masca, dispersos entre su terreno escarpado. Cada uno de estos enclaves ofrece una belleza distinta y excepcional.<\/span><\/p><p><span style=\"font-weight: 400;\">Realizar una excursi\u00f3n de un d\u00eda por Teno es factible con un breve viaje en autom\u00f3vil, haciendo paradas en sus variados miradores, explorando algunos de sus pueblos y, naturalmente, probando delicias locales como su famoso queso.<\/span><\/p><p><span style=\"font-weight: 400;\">No obstante, para verdaderamente apreciar la esencia de Teno, es imprescindible prepararse con buen calzado, tomar la mochila, algo de comer, agua, ropa de abrigo y aventurarse a pie. La diversidad de paisajes y relatos que ofrece el macizo de Teno es vasta. Cada ruta de senderismo revela sorpresas que igualan o superan a las vistas en recorridos anteriores.<\/span><\/p><p><b>Parque rural de Anaga<\/b><\/p><p><span style=\"font-weight: 400;\">Envuelto en brumas y humedad se presenta el Parque Rural de Anaga, uno de los rincones m\u00e1s antiguos y exuberantes de Tenerife, situado en el extremo nororiental de la isla, a un paso de la capital, Santa Cruz de Tenerife.<\/span><\/p><p><span style=\"font-weight: 400;\">El macizo de Anaga es un terreno ind\u00f3mito que encarna una extraordinaria muestra de la vida tradicional y campesina de Tenerife. Sus monta\u00f1as acogen diversos caser\u00edos que animan los profundos valles y barrancos que caracterizan la regi\u00f3n.<\/span><\/p><p><span style=\"font-weight: 400;\">Con la llegada de la primavera, localidades como Chamorga, Batanes, Afur, Las Carboneras y Chinamada se visten de color y alegr\u00eda. Al igual que en el macizo de Teno, en Anaga es aconsejable desviarse de la ruta principal y aventurarse por alguno de los innumerables senderos que serpentean a trav\u00e9s de su territorio. Anaga se destaca como un mundo aparte, una isla dentro de la isla.<\/span><\/p>\t\t\t\t\t\t\t\t<\/div>\n\t\t\t\t<\/div>\n\t\t\t\t<section class=\"elementor-section elementor-inner-section elementor-element elementor-element-47276fb7 elementor-section-boxed elementor-section-height-default elementor-section-height-default\" data-id=\"47276fb7\" data-element_type=\"section\" data-e-type=\"section\">\n\t\t\t\t\t\t<div class=\"elementor-container elementor-column-gap-default\">\n\t\t\t\t\t<div class=\"elementor-column elementor-col-50 elementor-inner-column elementor-element elementor-element-6d4b39ed\" data-id=\"6d4b39ed\" data-element_type=\"column\" data-e-type=\"column\">\n\t\t\t<div class=\"elementor-widget-wrap elementor-element-populated\">\n\t\t\t\t\t\t<div class=\"elementor-element elementor-element-53908d55 elementor-widget elementor-widget-heading\" data-id=\"53908d55\" data-element_type=\"widget\" data-e-type=\"widget\" data-widget_type=\"heading.default\">\n\t\t\t\t<div class=\"elementor-widget-container\">\n\t\t\t\t\t<h3 class=\"elementor-heading-title elementor-size-default\">Parque Nacional de Teide\n<\/h3>\t\t\t\t<\/div>\n\t\t\t\t<\/div>\n\t\t\t\t<div class=\"elementor-element elementor-element-6cffe672 elementor-widget elementor-widget-text-editor\" data-id=\"6cffe672\" data-element_type=\"widget\" data-e-type=\"widget\" data-widget_type=\"text-editor.default\">\n\t\t\t\t<div class=\"elementor-widget-container\">\n\t\t\t\t\t\t\t\t\t<p><span style=\"font-weight: 400;\">El Parque Nacional del Teide, ubicado en el coraz\u00f3n de Tenerife, ofrece uno de los paisajes m\u00e1s estremecedores de la isla durante cualquier estaci\u00f3n del a\u00f1o. <\/span><span style=\"font-weight: 400;\">Recorrer sus diferentes miradores supone trasladarse a otro planeta en un inolvidable viaje.\u00a0<\/span><\/p><p><span style=\"font-weight: 400;\">Entre volcanes, domos, coladas aa y pahoe-hoe, cr\u00e1teres de diferentes tama\u00f1os y materiales volc\u00e1nicos de cientos de colores, crece una vegetaci\u00f3n \u00fanica del mundo adaptada a las singularidades del clima de alta monta\u00f1a. <\/span><span style=\"font-weight: 400;\">La variedad de colores se vuelve cegadora durante ciertos meses del a\u00f1o.\u00a0<\/span><\/p>\t\t\t\t\t\t\t\t<\/div>\n\t\t\t\t<\/div>\n\t\t\t\t\t<\/div>\n\t\t<\/div>\n\t\t\t\t<div class=\"elementor-column elementor-col-50 elementor-inner-column elementor-element elementor-element-493d795c\" data-id=\"493d795c\" data-element_type=\"column\" data-e-type=\"column\">\n\t\t\t<div class=\"elementor-widget-wrap elementor-element-populated\">\n\t\t\t\t\t\t<div class=\"elementor-element elementor-element-48047fa0 elementor-widget elementor-widget-image\" data-id=\"48047fa0\" data-element_type=\"widget\" data-e-type=\"widget\" data-widget_type=\"image.default\">\n\t\t\t\t<div class=\"elementor-widget-container\">\n\t\t\t\t\t\t\t\t\t\t\t\t\t\t\t<img decoding=\"async\" width=\"751\" height=\"430\" src=\"https:\/\/www.sansofestay.com\/blog\/wp-content\/uploads\/2024\/02\/Naturaleza-tenerife-751x430.jpg\" class=\"attachment-post size-post wp-image-1212\" alt=\"Naturaleza tenerife\" \/>\t\t\t\t\t\t\t\t\t\t\t\t\t\t\t<\/div>\n\t\t\t\t<\/div>\n\t\t\t\t\t<\/div>\n\t\t<\/div>\n\t\t\t\t\t<\/div>\n\t\t<\/section>\n\t\t\t\t\t<\/div>\n\t\t<\/div>\n\t\t\t\t\t<\/div>\n\t\t<\/section>\n\t\t\t\t<section class=\"elementor-section elementor-top-section elementor-element elementor-element-4d1784d5 elementor-section-boxed elementor-section-height-default elementor-section-height-default\" data-id=\"4d1784d5\" data-element_type=\"section\" data-e-type=\"section\">\n\t\t\t\t\t\t<div class=\"elementor-container elementor-column-gap-default\">\n\t\t\t\t\t<div class=\"elementor-column elementor-col-100 elementor-top-column elementor-element elementor-element-3b26386f\" data-id=\"3b26386f\" data-element_type=\"column\" data-e-type=\"column\">\n\t\t\t<div class=\"elementor-widget-wrap elementor-element-populated\">\n\t\t\t\t\t\t<div class=\"elementor-element elementor-element-54116f80 elementor-widget elementor-widget-heading\" data-id=\"54116f80\" data-element_type=\"widget\" data-e-type=\"widget\" data-widget_type=\"heading.default\">\n\t\t\t\t<div class=\"elementor-widget-container\">\n\t\t\t\t\t<h2 class=\"elementor-heading-title elementor-size-default\">Reserva esta primavera uno de nuestros apartamentos vacacionales en Tenerife<\/h2>\t\t\t\t<\/div>\n\t\t\t\t<\/div>\n\t\t\t\t<div class=\"elementor-element elementor-element-687a0f80 elementor-widget elementor-widget-text-editor\" data-id=\"687a0f80\" data-element_type=\"widget\" data-e-type=\"widget\" data-widget_type=\"text-editor.default\">\n\t\t\t\t<div class=\"elementor-widget-container\">\n\t\t\t\t\t\t\t\t\t<p>Tenerife ofrece una amplia gama de opciones de alojamiento, como hoteles, complejos tur\u00edsticos y alquileres vacacionales. Para m\u00e1s intimidad, comodidad y libertad, te recomendamos nuestros <strong>apartamentos vacacionales en Tenerife<\/strong>. Para obtener los mejores precios, puedes reservar de forma segura a trav\u00e9s de nuestra p\u00e1gina web.<\/p><p>Sum\u00e9rgete en una experiencia que personifica la privacidad, el confort y la liberadora sensaci\u00f3n de tener un espacio que puedes llamar tuyo. Los apartamentos vacacionales de Tenerife brindan una oportunidad \u00fanica de crear tu santuario personal, donde cada momento est\u00e1 guiado por tu ritmo. Tanto si viajas solo, en pareja o en familia, estos apartamentos ofrecen una combinaci\u00f3n perfecta de comodidad e independencia que realmente transformar\u00e1 tus vacaciones.<\/p><p>Desde el momento en que cruzas nuestras puertas, te ver\u00e1s envuelto en un remanso de tranquilidad, donde cada detalle est\u00e1 pensado para garantizar tu m\u00e1ximo confort. Con una gran variedad de espacios cuidadosamente dise\u00f1ados, comodidades modernas y la libertad de crear tu propio itinerario.<\/p>\t\t\t\t\t\t\t\t<\/div>\n\t\t\t\t<\/div>\n\t\t\t\t\t<\/div>\n\t\t<\/div>\n\t\t\t\t\t<\/div>\n\t\t<\/section>\n\t\t\t\t<section class=\"elementor-section elementor-top-section elementor-element elementor-element-5150cd2f elementor-section-boxed elementor-section-height-default elementor-section-height-default\" data-id=\"5150cd2f\" data-element_type=\"section\" data-e-type=\"section\">\n\t\t\t\t\t\t<div class=\"elementor-container elementor-column-gap-default\">\n\t\t\t\t\t<div class=\"elementor-column elementor-col-50 elementor-top-column elementor-element elementor-element-171d54d1\" data-id=\"171d54d1\" data-element_type=\"column\" data-e-type=\"column\">\n\t\t\t<div class=\"elementor-widget-wrap elementor-element-populated\">\n\t\t\t\t\t\t<div class=\"elementor-element elementor-element-2f6b7500 elementor-widget elementor-widget-image\" data-id=\"2f6b7500\" data-element_type=\"widget\" data-e-type=\"widget\" data-widget_type=\"image.default\">\n\t\t\t\t<div class=\"elementor-widget-container\">\n\t\t\t\t\t\t\t\t\t\t\t\t\t\t\t\t<a href=\"https:\/\/www.sansofestay.com\/alquiler\/apartamento-la-matanza-de-acentejo-10-10-vista-mar-jardin-privado-167953.html\">\n\t\t\t\t\t\t\t<img loading=\"lazy\" decoding=\"async\" width=\"500\" height=\"300\" src=\"https:\/\/www.sansofestay.com\/blog\/wp-content\/uploads\/2023\/08\/apartment-garden-sea-view-north-tenerife.jpg\" class=\"attachment-full size-full wp-image-661\" alt=\"Apartment with private garden and sea view in tenerife for you next holidays\" \/>\t\t\t\t\t\t\t\t<\/a>\n\t\t\t\t\t\t\t\t\t\t\t\t\t\t\t<\/div>\n\t\t\t\t<\/div>\n\t\t\t\t\t<\/div>\n\t\t<\/div>\n\t\t\t\t<div class=\"elementor-column elementor-col-50 elementor-top-column elementor-element elementor-element-6ee94b1a\" data-id=\"6ee94b1a\" data-element_type=\"column\" data-e-type=\"column\">\n\t\t\t<div class=\"elementor-widget-wrap elementor-element-populated\">\n\t\t\t\t\t\t<div class=\"elementor-element elementor-element-5d1c322a elementor-widget elementor-widget-heading\" data-id=\"5d1c322a\" data-element_type=\"widget\" data-e-type=\"widget\" data-widget_type=\"heading.default\">\n\t\t\t\t<div class=\"elementor-widget-container\">\n\t\t\t\t\t<h3 class=\"elementor-heading-title elementor-size-default\">Apartamento con jard\u00edn privado y vista mar en Tenerife Norte<\/h3>\t\t\t\t<\/div>\n\t\t\t\t<\/div>\n\t\t\t\t<div class=\"elementor-element elementor-element-63025062 elementor-widget elementor-widget-text-editor\" data-id=\"63025062\" data-element_type=\"widget\" data-e-type=\"widget\" data-widget_type=\"text-editor.default\">\n\t\t\t\t<div class=\"elementor-widget-container\">\n\t\t\t\t\t\t\t\t\t<p>Enclavado en los serenos paisajes del norte de Tenerife, este apartamento de un dormitorio es una verdadera joya. Cuenta con una amplia terraza de 30 metros cuadrados y un jard\u00edn privado de 250 metros cuadrados, ambos con fascinantes vistas al mar y al atardecer.<\/p>\t\t\t\t\t\t\t\t<\/div>\n\t\t\t\t<\/div>\n\t\t\t\t<section class=\"elementor-section elementor-inner-section elementor-element elementor-element-23d074c2 elementor-section-boxed elementor-section-height-default elementor-section-height-default\" data-id=\"23d074c2\" data-element_type=\"section\" data-e-type=\"section\">\n\t\t\t\t\t\t<div class=\"elementor-container elementor-column-gap-default\">\n\t\t\t\t\t<div class=\"elementor-column elementor-col-50 elementor-inner-column elementor-element elementor-element-bd6d263\" data-id=\"bd6d263\" data-element_type=\"column\" data-e-type=\"column\">\n\t\t\t<div class=\"elementor-widget-wrap elementor-element-populated\">\n\t\t\t\t\t\t<div class=\"elementor-element elementor-element-49fcead4 elementor-widget elementor-widget-text-editor\" data-id=\"49fcead4\" data-element_type=\"widget\" data-e-type=\"widget\" data-widget_type=\"text-editor.default\">\n\t\t\t\t<div class=\"elementor-widget-container\">\n\t\t\t\t\t\t\t\t\t<p><strong>Desde 441\u20ac\/semana<\/strong><\/p>\t\t\t\t\t\t\t\t<\/div>\n\t\t\t\t<\/div>\n\t\t\t\t\t<\/div>\n\t\t<\/div>\n\t\t\t\t<div class=\"elementor-column elementor-col-50 elementor-inner-column elementor-element elementor-element-77b653b6\" data-id=\"77b653b6\" data-element_type=\"column\" data-e-type=\"column\">\n\t\t\t<div class=\"elementor-widget-wrap elementor-element-populated\">\n\t\t\t\t\t\t<div class=\"elementor-element elementor-element-cbb0da8 elementor-align-left elementor-widget elementor-widget-button\" data-id=\"cbb0da8\" data-element_type=\"widget\" data-e-type=\"widget\" data-widget_type=\"button.default\">\n\t\t\t\t<div class=\"elementor-widget-container\">\n\t\t\t\t\t\t\t\t\t<div class=\"elementor-button-wrapper\">\n\t\t\t\t\t<a class=\"elementor-button elementor-button-link elementor-size-sm\" href=\"https:\/\/www.sansofestay.com\/alquiler\/apartamento-la-matanza-de-acentejo-10-10-vista-mar-jardin-privado-167953.html\" target=\"_blank\">\n\t\t\t\t\t\t<span class=\"elementor-button-content-wrapper\">\n\t\t\t\t\t\t\t\t\t<span class=\"elementor-button-text\">Ver el apartamento<\/span>\n\t\t\t\t\t<\/span>\n\t\t\t\t\t<\/a>\n\t\t\t\t<\/div>\n\t\t\t\t\t\t\t\t<\/div>\n\t\t\t\t<\/div>\n\t\t\t\t\t<\/div>\n\t\t<\/div>\n\t\t\t\t\t<\/div>\n\t\t<\/section>\n\t\t\t\t\t<\/div>\n\t\t<\/div>\n\t\t\t\t\t<\/div>\n\t\t<\/section>\n\t\t\t\t<section class=\"elementor-section elementor-top-section elementor-element elementor-element-2dccca6e elementor-section-boxed elementor-section-height-default elementor-section-height-default\" data-id=\"2dccca6e\" data-element_type=\"section\" data-e-type=\"section\">\n\t\t\t\t\t\t<div class=\"elementor-container elementor-column-gap-default\">\n\t\t\t\t\t<div class=\"elementor-column elementor-col-50 elementor-top-column elementor-element elementor-element-1adb6556\" data-id=\"1adb6556\" data-element_type=\"column\" data-e-type=\"column\">\n\t\t\t<div class=\"elementor-widget-wrap elementor-element-populated\">\n\t\t\t\t\t\t<div class=\"elementor-element elementor-element-1d4c6d2 elementor-widget elementor-widget-image\" data-id=\"1d4c6d2\" data-element_type=\"widget\" data-e-type=\"widget\" data-widget_type=\"image.default\">\n\t\t\t\t<div class=\"elementor-widget-container\">\n\t\t\t\t\t\t\t\t\t\t\t\t\t\t\t\t<a href=\"https:\/\/www.sansofestay.com\/alquiler\/apartamento-la-matanza-de-acentejo-07-6-tenerife-vista-montana-privacidad-168216.html\">\n\t\t\t\t\t\t\t<img loading=\"lazy\" decoding=\"async\" width=\"500\" height=\"300\" src=\"https:\/\/www.sansofestay.com\/blog\/wp-content\/uploads\/2023\/08\/apartment-with-mountain-view-heated-pool-tenerife.jpg\" class=\"attachment-full size-full wp-image-666\" alt=\"apartment with mountain view and heated pool in tenerife\" \/>\t\t\t\t\t\t\t\t<\/a>\n\t\t\t\t\t\t\t\t\t\t\t\t\t\t\t<\/div>\n\t\t\t\t<\/div>\n\t\t\t\t\t<\/div>\n\t\t<\/div>\n\t\t\t\t<div class=\"elementor-column elementor-col-50 elementor-top-column elementor-element elementor-element-1210c8f8\" data-id=\"1210c8f8\" data-element_type=\"column\" data-e-type=\"column\">\n\t\t\t<div class=\"elementor-widget-wrap elementor-element-populated\">\n\t\t\t\t\t\t<div class=\"elementor-element elementor-element-80f79aa elementor-widget elementor-widget-heading\" data-id=\"80f79aa\" data-element_type=\"widget\" data-e-type=\"widget\" data-widget_type=\"heading.default\">\n\t\t\t\t<div class=\"elementor-widget-container\">\n\t\t\t\t\t<h3 class=\"elementor-heading-title elementor-size-default\">Apartamento con vistas a la monta\u00f1a y piscina climatizada en Tenerife<\/h3>\t\t\t\t<\/div>\n\t\t\t\t<\/div>\n\t\t\t\t<div class=\"elementor-element elementor-element-2214fb4f elementor-widget elementor-widget-text-editor\" data-id=\"2214fb4f\" data-element_type=\"widget\" data-e-type=\"widget\" data-widget_type=\"text-editor.default\">\n\t\t\t\t<div class=\"elementor-widget-container\">\n\t\t\t\t\t\t\t\t\t<p>Precioso apartamento en Tenerife, en la Costa Norte de Tenerife, con vistas a la monta\u00f1a y piscina climatizada. El apartamento mide 64m\u00b2 y puede alojar hasta 5 personas. Ideal para vacaciones en familia o con amigos.<\/p>\t\t\t\t\t\t\t\t<\/div>\n\t\t\t\t<\/div>\n\t\t\t\t<section class=\"elementor-section elementor-inner-section elementor-element elementor-element-5790413b elementor-section-boxed elementor-section-height-default elementor-section-height-default\" data-id=\"5790413b\" data-element_type=\"section\" data-e-type=\"section\">\n\t\t\t\t\t\t<div class=\"elementor-container elementor-column-gap-default\">\n\t\t\t\t\t<div class=\"elementor-column elementor-col-50 elementor-inner-column elementor-element elementor-element-660bfbc8\" data-id=\"660bfbc8\" data-element_type=\"column\" data-e-type=\"column\">\n\t\t\t<div class=\"elementor-widget-wrap elementor-element-populated\">\n\t\t\t\t\t\t<div class=\"elementor-element elementor-element-69ac8754 elementor-widget elementor-widget-text-editor\" data-id=\"69ac8754\" data-element_type=\"widget\" data-e-type=\"widget\" data-widget_type=\"text-editor.default\">\n\t\t\t\t<div class=\"elementor-widget-container\">\n\t\t\t\t\t\t\t\t\t<p><strong>Desde 504\u20ac\/semana<\/strong><\/p>\t\t\t\t\t\t\t\t<\/div>\n\t\t\t\t<\/div>\n\t\t\t\t\t<\/div>\n\t\t<\/div>\n\t\t\t\t<div class=\"elementor-column elementor-col-50 elementor-inner-column elementor-element elementor-element-7d0ee533\" data-id=\"7d0ee533\" data-element_type=\"column\" data-e-type=\"column\">\n\t\t\t<div class=\"elementor-widget-wrap elementor-element-populated\">\n\t\t\t\t\t\t<div class=\"elementor-element elementor-element-28d37a3 elementor-align-left elementor-widget elementor-widget-button\" data-id=\"28d37a3\" data-element_type=\"widget\" data-e-type=\"widget\" data-widget_type=\"button.default\">\n\t\t\t\t<div class=\"elementor-widget-container\">\n\t\t\t\t\t\t\t\t\t<div class=\"elementor-button-wrapper\">\n\t\t\t\t\t<a class=\"elementor-button elementor-button-link elementor-size-sm\" href=\"https:\/\/www.sansofestay.com\/alquiler\/apartamento-la-matanza-de-acentejo-07-6-tenerife-vista-montana-privacidad-168216.html\" target=\"_blank\">\n\t\t\t\t\t\t<span class=\"elementor-button-content-wrapper\">\n\t\t\t\t\t\t\t\t\t<span class=\"elementor-button-text\">Ver el apartamento<\/span>\n\t\t\t\t\t<\/span>\n\t\t\t\t\t<\/a>\n\t\t\t\t<\/div>\n\t\t\t\t\t\t\t\t<\/div>\n\t\t\t\t<\/div>\n\t\t\t\t\t<\/div>\n\t\t<\/div>\n\t\t\t\t\t<\/div>\n\t\t<\/section>\n\t\t\t\t\t<\/div>\n\t\t<\/div>\n\t\t\t\t\t<\/div>\n\t\t<\/section>\n\t\t\t\t<section class=\"elementor-section elementor-top-section elementor-element elementor-element-200fc5c9 elementor-section-boxed elementor-section-height-default elementor-section-height-default\" data-id=\"200fc5c9\" data-element_type=\"section\" data-e-type=\"section\">\n\t\t\t\t\t\t<div class=\"elementor-container elementor-column-gap-default\">\n\t\t\t\t\t<div class=\"elementor-column elementor-col-50 elementor-top-column elementor-element elementor-element-6186abd8\" data-id=\"6186abd8\" data-element_type=\"column\" data-e-type=\"column\">\n\t\t\t<div class=\"elementor-widget-wrap elementor-element-populated\">\n\t\t\t\t\t\t<div class=\"elementor-element elementor-element-1798d5e0 elementor-widget elementor-widget-image\" data-id=\"1798d5e0\" data-element_type=\"widget\" data-e-type=\"widget\" data-widget_type=\"image.default\">\n\t\t\t\t<div class=\"elementor-widget-container\">\n\t\t\t\t\t\t\t\t\t\t\t\t\t\t\t\t<a href=\"https:\/\/www.sansofestay.com\/alquiler\/apartamento-la-matanza-de-acentejo-03-3-tenerife-vista-mar-y-montana-168145.html\">\n\t\t\t\t\t\t\t<img loading=\"lazy\" decoding=\"async\" width=\"500\" height=\"300\" src=\"https:\/\/www.sansofestay.com\/blog\/wp-content\/uploads\/2023\/08\/apartment-with-sea-teide-mountain-view-tenerife.jpg\" class=\"attachment-full size-full wp-image-674\" alt=\"Apartment with sea and teide mountain view in tenerife\" \/>\t\t\t\t\t\t\t\t<\/a>\n\t\t\t\t\t\t\t\t\t\t\t\t\t\t\t<\/div>\n\t\t\t\t<\/div>\n\t\t\t\t\t<\/div>\n\t\t<\/div>\n\t\t\t\t<div class=\"elementor-column elementor-col-50 elementor-top-column elementor-element elementor-element-24fbff8\" data-id=\"24fbff8\" data-element_type=\"column\" data-e-type=\"column\">\n\t\t\t<div class=\"elementor-widget-wrap elementor-element-populated\">\n\t\t\t\t\t\t<div class=\"elementor-element elementor-element-71bb903e elementor-widget elementor-widget-heading\" data-id=\"71bb903e\" data-element_type=\"widget\" data-e-type=\"widget\" data-widget_type=\"heading.default\">\n\t\t\t\t<div class=\"elementor-widget-container\">\n\t\t\t\t\t<h3 class=\"elementor-heading-title elementor-size-default\">Apartamento con vistas al mar y al Teide en Tenerife Norte<\/h3>\t\t\t\t<\/div>\n\t\t\t\t<\/div>\n\t\t\t\t<div class=\"elementor-element elementor-element-668b6594 elementor-widget elementor-widget-text-editor\" data-id=\"668b6594\" data-element_type=\"widget\" data-e-type=\"widget\" data-widget_type=\"text-editor.default\">\n\t\t\t\t<div class=\"elementor-widget-container\">\n\t\t\t\t\t\t\t\t\t<p>Este acogedor apartamento disfruta tanto de las relajantes vistas al mar como de la majestuosa monta\u00f1a del Teide. Situado en la primera planta de un antiguo almac\u00e9n cuidadosamente restaurado, esta joya es uno de los ocho apartamentos r\u00fasticos construidos por apasionados agricultores de aguacate en 2009.<\/p>\t\t\t\t\t\t\t\t<\/div>\n\t\t\t\t<\/div>\n\t\t\t\t<section class=\"elementor-section elementor-inner-section elementor-element elementor-element-4626a305 elementor-section-boxed elementor-section-height-default elementor-section-height-default\" data-id=\"4626a305\" data-element_type=\"section\" data-e-type=\"section\">\n\t\t\t\t\t\t<div class=\"elementor-container elementor-column-gap-default\">\n\t\t\t\t\t<div class=\"elementor-column elementor-col-50 elementor-inner-column elementor-element elementor-element-17614b4d\" data-id=\"17614b4d\" data-element_type=\"column\" data-e-type=\"column\">\n\t\t\t<div class=\"elementor-widget-wrap elementor-element-populated\">\n\t\t\t\t\t\t<div class=\"elementor-element elementor-element-60b78dc3 elementor-widget elementor-widget-text-editor\" data-id=\"60b78dc3\" data-element_type=\"widget\" data-e-type=\"widget\" data-widget_type=\"text-editor.default\">\n\t\t\t\t<div class=\"elementor-widget-container\">\n\t\t\t\t\t\t\t\t\t<p><strong>Desde 434\u20ac\/semana<\/strong><\/p>\t\t\t\t\t\t\t\t<\/div>\n\t\t\t\t<\/div>\n\t\t\t\t\t<\/div>\n\t\t<\/div>\n\t\t\t\t<div class=\"elementor-column elementor-col-50 elementor-inner-column elementor-element elementor-element-2e4add8e\" data-id=\"2e4add8e\" data-element_type=\"column\" data-e-type=\"column\">\n\t\t\t<div class=\"elementor-widget-wrap elementor-element-populated\">\n\t\t\t\t\t\t<div class=\"elementor-element elementor-element-6fa15a1a elementor-align-left elementor-widget elementor-widget-button\" data-id=\"6fa15a1a\" data-element_type=\"widget\" data-e-type=\"widget\" data-widget_type=\"button.default\">\n\t\t\t\t<div class=\"elementor-widget-container\">\n\t\t\t\t\t\t\t\t\t<div class=\"elementor-button-wrapper\">\n\t\t\t\t\t<a class=\"elementor-button elementor-button-link elementor-size-sm\" href=\"https:\/\/www.sansofestay.com\/alquiler\/apartamento-la-matanza-de-acentejo-03-3-tenerife-vista-mar-y-montana-168145.html\" target=\"_blank\">\n\t\t\t\t\t\t<span class=\"elementor-button-content-wrapper\">\n\t\t\t\t\t\t\t\t\t<span class=\"elementor-button-text\">Ver el apartamento<\/span>\n\t\t\t\t\t<\/span>\n\t\t\t\t\t<\/a>\n\t\t\t\t<\/div>\n\t\t\t\t\t\t\t\t<\/div>\n\t\t\t\t<\/div>\n\t\t\t\t\t<\/div>\n\t\t<\/div>\n\t\t\t\t\t<\/div>\n\t\t<\/section>\n\t\t\t\t\t<\/div>\n\t\t<\/div>\n\t\t\t\t\t<\/div>\n\t\t<\/section>\n\t\t\t\t<section class=\"elementor-section elementor-top-section elementor-element elementor-element-6132bf3e elementor-section-boxed elementor-section-height-default elementor-section-height-default\" data-id=\"6132bf3e\" data-element_type=\"section\" data-e-type=\"section\">\n\t\t\t\t\t\t<div class=\"elementor-container elementor-column-gap-default\">\n\t\t\t\t\t<div class=\"elementor-column elementor-col-50 elementor-top-column elementor-element elementor-element-609c5956\" data-id=\"609c5956\" data-element_type=\"column\" data-e-type=\"column\">\n\t\t\t<div class=\"elementor-widget-wrap elementor-element-populated\">\n\t\t\t\t\t\t<div class=\"elementor-element elementor-element-2f1aa6ca elementor-widget elementor-widget-image\" data-id=\"2f1aa6ca\" data-element_type=\"widget\" data-e-type=\"widget\" data-widget_type=\"image.default\">\n\t\t\t\t<div class=\"elementor-widget-container\">\n\t\t\t\t\t\t\t\t\t\t\t\t\t\t\t\t<a href=\"https:\/\/www.sansofestay.com\/alquiler\/apartamento-la-matanza-de-acentejo-08-7-apartamento-vista-lateral-mar-y-montana-168217.html\">\n\t\t\t\t\t\t\t<img loading=\"lazy\" decoding=\"async\" width=\"500\" height=\"300\" src=\"https:\/\/www.sansofestay.com\/blog\/wp-content\/uploads\/2023\/08\/private-apartment-tenerife-with-pool.jpg\" class=\"attachment-full size-full wp-image-676\" alt=\"private apartment in tenerife with pool\" \/>\t\t\t\t\t\t\t\t<\/a>\n\t\t\t\t\t\t\t\t\t\t\t\t\t\t\t<\/div>\n\t\t\t\t<\/div>\n\t\t\t\t\t<\/div>\n\t\t<\/div>\n\t\t\t\t<div class=\"elementor-column elementor-col-50 elementor-top-column elementor-element elementor-element-570e223\" data-id=\"570e223\" data-element_type=\"column\" data-e-type=\"column\">\n\t\t\t<div class=\"elementor-widget-wrap elementor-element-populated\">\n\t\t\t\t\t\t<div class=\"elementor-element elementor-element-429d3e56 elementor-widget elementor-widget-heading\" data-id=\"429d3e56\" data-element_type=\"widget\" data-e-type=\"widget\" data-widget_type=\"heading.default\">\n\t\t\t\t<div class=\"elementor-widget-container\">\n\t\t\t\t\t<h3 class=\"elementor-heading-title elementor-size-default\">Apartamento privado con piscina en la costa norte de Tenerife<\/h3>\t\t\t\t<\/div>\n\t\t\t\t<\/div>\n\t\t\t\t<div class=\"elementor-element elementor-element-5c2c4a elementor-widget elementor-widget-text-editor\" data-id=\"5c2c4a\" data-element_type=\"widget\" data-e-type=\"widget\" data-widget_type=\"text-editor.default\">\n\t\t\t\t<div class=\"elementor-widget-container\">\n\t\t\t\t\t\t\t\t\t<p>Este apartamento de 2 dormitorios en La Matanza de Acentejo tiene capacidad para 5 personas. Est\u00e1 amueblado con gusto, es luminoso y tiene 64 m\u00b2 con vistas a la monta\u00f1a. La propiedad se encuentra en un barrio familiar en medio del encanto rural de la zona.<\/p>\t\t\t\t\t\t\t\t<\/div>\n\t\t\t\t<\/div>\n\t\t\t\t<section class=\"elementor-section elementor-inner-section elementor-element elementor-element-19c2181 elementor-section-boxed elementor-section-height-default elementor-section-height-default\" data-id=\"19c2181\" data-element_type=\"section\" data-e-type=\"section\">\n\t\t\t\t\t\t<div class=\"elementor-container elementor-column-gap-default\">\n\t\t\t\t\t<div class=\"elementor-column elementor-col-50 elementor-inner-column elementor-element elementor-element-5fd25279\" data-id=\"5fd25279\" data-element_type=\"column\" data-e-type=\"column\">\n\t\t\t<div class=\"elementor-widget-wrap elementor-element-populated\">\n\t\t\t\t\t\t<div class=\"elementor-element elementor-element-6968639 elementor-widget elementor-widget-text-editor\" data-id=\"6968639\" data-element_type=\"widget\" data-e-type=\"widget\" data-widget_type=\"text-editor.default\">\n\t\t\t\t<div class=\"elementor-widget-container\">\n\t\t\t\t\t\t\t\t\t<p><strong>Desde 504\u20ac\/semana<\/strong><\/p>\t\t\t\t\t\t\t\t<\/div>\n\t\t\t\t<\/div>\n\t\t\t\t\t<\/div>\n\t\t<\/div>\n\t\t\t\t<div class=\"elementor-column elementor-col-50 elementor-inner-column elementor-element elementor-element-17bd92d3\" data-id=\"17bd92d3\" data-element_type=\"column\" data-e-type=\"column\">\n\t\t\t<div class=\"elementor-widget-wrap elementor-element-populated\">\n\t\t\t\t\t\t<div class=\"elementor-element elementor-element-216f515 elementor-align-left elementor-widget elementor-widget-button\" data-id=\"216f515\" data-element_type=\"widget\" data-e-type=\"widget\" data-widget_type=\"button.default\">\n\t\t\t\t<div class=\"elementor-widget-container\">\n\t\t\t\t\t\t\t\t\t<div class=\"elementor-button-wrapper\">\n\t\t\t\t\t<a class=\"elementor-button elementor-button-link elementor-size-sm\" href=\"https:\/\/www.sansofestay.com\/alquiler\/apartamento-la-matanza-de-acentejo-08-7-apartamento-vista-lateral-mar-y-montana-168217.html\" target=\"_blank\">\n\t\t\t\t\t\t<span class=\"elementor-button-content-wrapper\">\n\t\t\t\t\t\t\t\t\t<span class=\"elementor-button-text\">Ver el apartamento<\/span>\n\t\t\t\t\t<\/span>\n\t\t\t\t\t<\/a>\n\t\t\t\t<\/div>\n\t\t\t\t\t\t\t\t<\/div>\n\t\t\t\t<\/div>\n\t\t\t\t\t<\/div>\n\t\t<\/div>\n\t\t\t\t\t<\/div>\n\t\t<\/section>\n\t\t\t\t\t<\/div>\n\t\t<\/div>\n\t\t\t\t\t<\/div>\n\t\t<\/section>\n\t\t\t\t<section class=\"elementor-section elementor-top-section elementor-element elementor-element-5278af43 elementor-section-boxed elementor-section-height-default elementor-section-height-default\" data-id=\"5278af43\" data-element_type=\"section\" data-e-type=\"section\">\n\t\t\t\t\t\t<div class=\"elementor-container elementor-column-gap-default\">\n\t\t\t\t\t<div class=\"elementor-column elementor-col-100 elementor-top-column elementor-element elementor-element-475043b0\" data-id=\"475043b0\" data-element_type=\"column\" data-e-type=\"column\">\n\t\t\t<div class=\"elementor-widget-wrap elementor-element-populated\">\n\t\t\t\t\t\t<div class=\"elementor-element elementor-element-11716653 elementor-widget elementor-widget-heading\" data-id=\"11716653\" data-element_type=\"widget\" data-e-type=\"widget\" data-widget_type=\"heading.default\">\n\t\t\t\t<div class=\"elementor-widget-container\">\n\t\t\t\t\t<h2 class=\"elementor-heading-title elementor-size-default\">Servicios m\u00e1s populares de nuestros apartamentos vacacionales en Tenerife<\/h2>\t\t\t\t<\/div>\n\t\t\t\t<\/div>\n\t\t\t\t<section class=\"elementor-section elementor-inner-section elementor-element elementor-element-3c2c6fa elementor-section-boxed elementor-section-height-default elementor-section-height-default\" data-id=\"3c2c6fa\" data-element_type=\"section\" data-e-type=\"section\">\n\t\t\t\t\t\t<div class=\"elementor-container elementor-column-gap-default\">\n\t\t\t\t\t<div class=\"elementor-column elementor-col-25 elementor-inner-column elementor-element elementor-element-1ed3d75b\" data-id=\"1ed3d75b\" data-element_type=\"column\" data-e-type=\"column\">\n\t\t\t<div class=\"elementor-widget-wrap elementor-element-populated\">\n\t\t\t\t\t\t<div class=\"elementor-element elementor-element-63e6d66 elementor-view-default elementor-widget elementor-widget-icon\" data-id=\"63e6d66\" data-element_type=\"widget\" data-e-type=\"widget\" data-widget_type=\"icon.default\">\n\t\t\t\t<div class=\"elementor-widget-container\">\n\t\t\t\t\t\t\t<div class=\"elementor-icon-wrapper\">\n\t\t\t<a class=\"elementor-icon\" href=\"https:\/\/www.sansofestay.com\/alquiler\/alquileres-tenerife-e81\/categoria-piscina-compartida\/\">\n\t\t\t<i aria-hidden=\"true\" class=\"fas fa-swimming-pool\"><\/i>\t\t\t<\/a>\n\t\t<\/div>\n\t\t\t\t\t\t<\/div>\n\t\t\t\t<\/div>\n\t\t\t\t<div class=\"elementor-element elementor-element-947cd0 elementor-widget elementor-widget-heading\" data-id=\"947cd0\" data-element_type=\"widget\" data-e-type=\"widget\" data-widget_type=\"heading.default\">\n\t\t\t\t<div class=\"elementor-widget-container\">\n\t\t\t\t\t<h3 class=\"elementor-heading-title elementor-size-default\"><a href=\"https:\/\/www.sansofestay.com\/alquiler\/alquileres-tenerife-e81\/categoria-piscina-compartida\/\">Piscina<\/a><\/h3>\t\t\t\t<\/div>\n\t\t\t\t<\/div>\n\t\t\t\t<div class=\"elementor-element elementor-element-4af07a27 elementor-widget elementor-widget-text-editor\" data-id=\"4af07a27\" data-element_type=\"widget\" data-e-type=\"widget\" data-widget_type=\"text-editor.default\">\n\t\t\t\t<div class=\"elementor-widget-container\">\n\t\t\t\t\t\t\t\t\t<p>La mayor\u00eda de nuestros apartamentos tienen acceso a una gran piscina.<\/p>\t\t\t\t\t\t\t\t<\/div>\n\t\t\t\t<\/div>\n\t\t\t\t\t<\/div>\n\t\t<\/div>\n\t\t\t\t<div class=\"elementor-column elementor-col-25 elementor-inner-column elementor-element elementor-element-6fa1ce85\" data-id=\"6fa1ce85\" data-element_type=\"column\" data-e-type=\"column\">\n\t\t\t<div class=\"elementor-widget-wrap elementor-element-populated\">\n\t\t\t\t\t\t<div class=\"elementor-element elementor-element-7f37eb8b elementor-view-default elementor-widget elementor-widget-icon\" data-id=\"7f37eb8b\" data-element_type=\"widget\" data-e-type=\"widget\" data-widget_type=\"icon.default\">\n\t\t\t\t<div class=\"elementor-widget-container\">\n\t\t\t\t\t\t\t<div class=\"elementor-icon-wrapper\">\n\t\t\t<a class=\"elementor-icon\" href=\"https:\/\/www.sansofestay.com\/alquiler\/alquileres-tenerife-e81\/parking\/\">\n\t\t\t<i aria-hidden=\"true\" class=\"fas fa-car\"><\/i>\t\t\t<\/a>\n\t\t<\/div>\n\t\t\t\t\t\t<\/div>\n\t\t\t\t<\/div>\n\t\t\t\t<div class=\"elementor-element elementor-element-16dfaa4f elementor-widget elementor-widget-heading\" data-id=\"16dfaa4f\" data-element_type=\"widget\" data-e-type=\"widget\" data-widget_type=\"heading.default\">\n\t\t\t\t<div class=\"elementor-widget-container\">\n\t\t\t\t\t<h3 class=\"elementor-heading-title elementor-size-default\"><a href=\"https:\/\/www.sansofestay.com\/alquiler\/alquileres-tenerife-e81\/parking\/\">Parking<\/a><\/h3>\t\t\t\t<\/div>\n\t\t\t\t<\/div>\n\t\t\t\t<div class=\"elementor-element elementor-element-5bde901f elementor-widget elementor-widget-text-editor\" data-id=\"5bde901f\" data-element_type=\"widget\" data-e-type=\"widget\" data-widget_type=\"text-editor.default\">\n\t\t\t\t<div class=\"elementor-widget-container\">\n\t\t\t\t\t\t\t\t\t<p>Consulta nuestros apartamentos de vacaciones en Tenerife con parking privado.<\/p>\t\t\t\t\t\t\t\t<\/div>\n\t\t\t\t<\/div>\n\t\t\t\t\t<\/div>\n\t\t<\/div>\n\t\t\t\t<div class=\"elementor-column elementor-col-25 elementor-inner-column elementor-element elementor-element-4c2b6089\" data-id=\"4c2b6089\" data-element_type=\"column\" data-e-type=\"column\">\n\t\t\t<div class=\"elementor-widget-wrap elementor-element-populated\">\n\t\t\t\t\t\t<div class=\"elementor-element elementor-element-7037edf9 elementor-view-default elementor-widget elementor-widget-icon\" data-id=\"7037edf9\" data-element_type=\"widget\" data-e-type=\"widget\" data-widget_type=\"icon.default\">\n\t\t\t\t<div class=\"elementor-widget-container\">\n\t\t\t\t\t\t\t<div class=\"elementor-icon-wrapper\">\n\t\t\t<a class=\"elementor-icon\" href=\"https:\/\/www.sansofestay.com\/alquiler\/alquileres-tenerife-e81\/internet\/\">\n\t\t\t<i aria-hidden=\"true\" class=\"fas fa-wifi\"><\/i>\t\t\t<\/a>\n\t\t<\/div>\n\t\t\t\t\t\t<\/div>\n\t\t\t\t<\/div>\n\t\t\t\t<div class=\"elementor-element elementor-element-2bb096ff elementor-widget elementor-widget-heading\" data-id=\"2bb096ff\" data-element_type=\"widget\" data-e-type=\"widget\" data-widget_type=\"heading.default\">\n\t\t\t\t<div class=\"elementor-widget-container\">\n\t\t\t\t\t<h3 class=\"elementor-heading-title elementor-size-default\"><a href=\"https:\/\/www.sansofestay.com\/alquiler\/alquileres-tenerife-e81\/internet\/\">Internet<\/a><\/h3>\t\t\t\t<\/div>\n\t\t\t\t<\/div>\n\t\t\t\t<div class=\"elementor-element elementor-element-1c32453b elementor-widget elementor-widget-text-editor\" data-id=\"1c32453b\" data-element_type=\"widget\" data-e-type=\"widget\" data-widget_type=\"text-editor.default\">\n\t\t\t\t<div class=\"elementor-widget-container\">\n\t\t\t\t\t\t\t\t\t<p>Para estar conectado en vacaciones, eche un vistazo a nuestros apartamentos con wifi.<\/p>\t\t\t\t\t\t\t\t<\/div>\n\t\t\t\t<\/div>\n\t\t\t\t\t<\/div>\n\t\t<\/div>\n\t\t\t\t<div class=\"elementor-column elementor-col-25 elementor-inner-column elementor-element elementor-element-e01743b\" data-id=\"e01743b\" data-element_type=\"column\" data-e-type=\"column\">\n\t\t\t<div class=\"elementor-widget-wrap elementor-element-populated\">\n\t\t\t\t\t\t<div class=\"elementor-element elementor-element-f7308c9 elementor-view-default elementor-widget elementor-widget-icon\" data-id=\"f7308c9\" data-element_type=\"widget\" data-e-type=\"widget\" data-widget_type=\"icon.default\">\n\t\t\t\t<div class=\"elementor-widget-container\">\n\t\t\t\t\t\t\t<div class=\"elementor-icon-wrapper\">\n\t\t\t<a class=\"elementor-icon\" href=\"https:\/\/www.sansofestay.com\/alquiler\/alquileres-tenerife-e81\/barbacoa\/\">\n\t\t\t<i aria-hidden=\"true\" class=\"fas fa-utensils\"><\/i>\t\t\t<\/a>\n\t\t<\/div>\n\t\t\t\t\t\t<\/div>\n\t\t\t\t<\/div>\n\t\t\t\t<div class=\"elementor-element elementor-element-574afef8 elementor-widget elementor-widget-heading\" data-id=\"574afef8\" data-element_type=\"widget\" data-e-type=\"widget\" data-widget_type=\"heading.default\">\n\t\t\t\t<div class=\"elementor-widget-container\">\n\t\t\t\t\t<h3 class=\"elementor-heading-title elementor-size-default\"><a href=\"https:\/\/www.sansofestay.com\/alquiler\/alquileres-tenerife-e81\/barbacoa\/\">Barbacoa<\/a><\/h3>\t\t\t\t<\/div>\n\t\t\t\t<\/div>\n\t\t\t\t<div class=\"elementor-element elementor-element-56c28296 elementor-widget elementor-widget-text-editor\" data-id=\"56c28296\" data-element_type=\"widget\" data-e-type=\"widget\" data-widget_type=\"text-editor.default\">\n\t\t\t\t<div class=\"elementor-widget-container\">\n\t\t\t\t\t\t\t\t\t<p>Apartamentos en Tenerife con barbacoa para sus acogedoras noches de verano.<\/p>\t\t\t\t\t\t\t\t<\/div>\n\t\t\t\t<\/div>\n\t\t\t\t\t<\/div>\n\t\t<\/div>\n\t\t\t\t\t<\/div>\n\t\t<\/section>\n\t\t\t\t\t<\/div>\n\t\t<\/div>\n\t\t\t\t\t<\/div>\n\t\t<\/section>\n\t\t\t\t<section class=\"elementor-section elementor-top-section elementor-element elementor-element-7067a5bb elementor-section-boxed elementor-section-height-default elementor-section-height-default\" data-id=\"7067a5bb\" data-element_type=\"section\" data-e-type=\"section\">\n\t\t\t\t\t\t<div class=\"elementor-container elementor-column-gap-default\">\n\t\t\t\t\t<div class=\"elementor-column elementor-col-100 elementor-top-column elementor-element elementor-element-66aee5a6\" data-id=\"66aee5a6\" data-element_type=\"column\" data-e-type=\"column\">\n\t\t\t<div class=\"elementor-widget-wrap elementor-element-populated\">\n\t\t\t\t\t\t<div class=\"elementor-element elementor-element-375c3d54 elementor-widget elementor-widget-text-editor\" data-id=\"375c3d54\" data-element_type=\"widget\" data-e-type=\"widget\" data-widget_type=\"text-editor.default\">\n\t\t\t\t<div class=\"elementor-widget-container\">\n\t\t\t\t\t\t\t\t\t<h2><b>Haz tu reserva: Tenerife te espera esta primavera<\/b><\/h2><p><span style=\"font-weight: 400;\">La primavera en Tenerife no es solo una estaci\u00f3n; es una invitaci\u00f3n a experimentar la isla en su m\u00e1ximo esplendor. Con el despertar de la naturaleza, las temperaturas perfectas y una agenda cultural vibrante, es el momento ideal para descubrir todos los tesoros que Tenerife tiene para ofrecer. Desde el majestuoso macizo de Teno hasta la m\u00edstica bruma de Anaga, cada rinc\u00f3n te espera con historias \u00fanicas y paisajes inolvidables.<\/span><\/p><p><span style=\"font-weight: 400;\">En Sansofe Stay, entendemos la magia de Tenerife en esta \u00e9poca del a\u00f1o y ofrecemos una amplia gama de alojamientos que prometen ser tu hogar lejos de casa. Ya sea que busques una villa frente al mar, un apartamento en el coraz\u00f3n de la naturaleza o una casa rural con encanto, tenemos el lugar perfecto para ti. No dejes pasar la oportunidad de vivir una primavera inolvidable en la isla de la eterna primavera. Reserva tu alojamiento con nosotros y prep\u00e1rate para ser parte de la magia de Tenerife.<\/span><\/p>\t\t\t\t\t\t\t\t<\/div>\n\t\t\t\t<\/div>\n\t\t\t\t\t<\/div>\n\t\t<\/div>\n\t\t\t\t\t<\/div>\n\t\t<\/section>\n\t\t\t\t<section class=\"elementor-section elementor-top-section elementor-element elementor-element-4403dd4 elementor-section-boxed elementor-section-height-default elementor-section-height-default\" data-id=\"4403dd4\" data-element_type=\"section\" data-e-type=\"section\">\n\t\t\t\t\t\t<div class=\"elementor-container elementor-column-gap-default\">\n\t\t\t\t\t<div class=\"elementor-column elementor-col-33 elementor-top-column elementor-element elementor-element-60834f8d\" data-id=\"60834f8d\" data-element_type=\"column\" data-e-type=\"column\">\n\t\t\t<div class=\"elementor-widget-wrap elementor-element-populated\">\n\t\t\t\t\t\t<div class=\"elementor-element elementor-element-445527b8 elementor-align-center elementor-widget elementor-widget-button\" data-id=\"445527b8\" data-element_type=\"widget\" data-e-type=\"widget\" data-widget_type=\"button.default\">\n\t\t\t\t<div class=\"elementor-widget-container\">\n\t\t\t\t\t\t\t\t\t<div class=\"elementor-button-wrapper\">\n\t\t\t\t\t<a class=\"elementor-button elementor-button-link elementor-size-sm\" href=\"https:\/\/www.sansofestay.com\/alquiler\/alquileres-tenerife-e81\/\" target=\"_blank\">\n\t\t\t\t\t\t<span class=\"elementor-button-content-wrapper\">\n\t\t\t\t\t\t\t\t\t<span class=\"elementor-button-text\">Alojamientos Tenerife Norte<\/span>\n\t\t\t\t\t<\/span>\n\t\t\t\t\t<\/a>\n\t\t\t\t<\/div>\n\t\t\t\t\t\t\t\t<\/div>\n\t\t\t\t<\/div>\n\t\t\t\t\t<\/div>\n\t\t<\/div>\n\t\t\t\t<div class=\"elementor-column elementor-col-33 elementor-top-column elementor-element elementor-element-54a1a1e2\" data-id=\"54a1a1e2\" data-element_type=\"column\" data-e-type=\"column\">\n\t\t\t<div class=\"elementor-widget-wrap elementor-element-populated\">\n\t\t\t\t\t\t<div class=\"elementor-element elementor-element-7327e251 elementor-align-center elementor-widget elementor-widget-button\" data-id=\"7327e251\" data-element_type=\"widget\" data-e-type=\"widget\" data-widget_type=\"button.default\">\n\t\t\t\t<div class=\"elementor-widget-container\">\n\t\t\t\t\t\t\t\t\t<div class=\"elementor-button-wrapper\">\n\t\t\t\t\t<a class=\"elementor-button elementor-button-link elementor-size-sm\" href=\"https:\/\/www.sansofestay.com\/alquiler\/apartamentos-tenerife-c1e81\/\" target=\"_blank\">\n\t\t\t\t\t\t<span class=\"elementor-button-content-wrapper\">\n\t\t\t\t\t\t\t\t\t<span class=\"elementor-button-text\">Alquiler de apartamentos en Tenerife Norte<\/span>\n\t\t\t\t\t<\/span>\n\t\t\t\t\t<\/a>\n\t\t\t\t<\/div>\n\t\t\t\t\t\t\t\t<\/div>\n\t\t\t\t<\/div>\n\t\t\t\t\t<\/div>\n\t\t<\/div>\n\t\t\t\t<div class=\"elementor-column elementor-col-33 elementor-top-column elementor-element elementor-element-51b4a9b9\" data-id=\"51b4a9b9\" data-element_type=\"column\" data-e-type=\"column\">\n\t\t\t<div class=\"elementor-widget-wrap elementor-element-populated\">\n\t\t\t\t\t\t<div class=\"elementor-element elementor-element-45fdcaee elementor-align-center elementor-widget elementor-widget-button\" data-id=\"45fdcaee\" data-element_type=\"widget\" data-e-type=\"widget\" data-widget_type=\"button.default\">\n\t\t\t\t<div class=\"elementor-widget-container\">\n\t\t\t\t\t\t\t\t\t<div class=\"elementor-button-wrapper\">\n\t\t\t\t\t<a class=\"elementor-button elementor-button-link elementor-size-sm\" href=\"https:\/\/www.sansofestay.com\/alquiler\/casas-tenerife-c19e81\/\" target=\"_blank\">\n\t\t\t\t\t\t<span class=\"elementor-button-content-wrapper\">\n\t\t\t\t\t\t\t\t\t<span class=\"elementor-button-text\">Casas de alquiler en Tenerife Norte<\/span>\n\t\t\t\t\t<\/span>\n\t\t\t\t\t<\/a>\n\t\t\t\t<\/div>\n\t\t\t\t\t\t\t\t<\/div>\n\t\t\t\t<\/div>\n\t\t\t\t\t<\/div>\n\t\t<\/div>\n\t\t\t\t\t<\/div>\n\t\t<\/section>\n\t\t\t\t<\/div>\n\t\t","protected":false},"excerpt":{"rendered":"<p>La primavera es un momento m\u00e1gico para visitar Tenerife. La isla florece en un espect\u00e1culo de colores y vida, ofreciendo&#8230;<\/p>\n","protected":false},"author":3,"featured_media":1356,"comment_status":"open","ping_status":"open","sticky":false,"template":"","format":"standard","meta":{"footnotes":""},"categories":[24],"class_list":["post-1355","post","type-post","status-publish","format-standard","has-post-thumbnail","hentry","category-tenerife","tag-apartamentos-vacacionales-tenerife","tag-vacaciones-primavera"],"yoast_head":"<!-- This site is optimized with the Yoast SEO plugin v27.2 - https:\/\/yoast.com\/product\/yoast-seo-wordpress\/ -->\n<title>Alojamientos perfectos para vacaciones de primavera en Tenerife - Vacaciones en Tenerife | Sansof\u00e9<\/title>\n<meta name=\"description\" content=\"La primavera es un momento m\u00e1gico para visitar Tenerife. Con Sansof\u00e9 encuentra el alojamiento vacacional para tus vacaciones de primavera\" \/>\n<meta name=\"robots\" content=\"index, follow, max-snippet:-1, max-image-preview:large, max-video-preview:-1\" \/>\n<link rel=\"canonical\" href=\"https:\/\/www.sansofestay.com\/blog\/encuentra-el-alojamiento-perfecto-para-tus-vacaciones-de-primavera-en-tenerife\/\" \/>\n<meta property=\"og:locale\" content=\"es_ES\" \/>\n<meta property=\"og:type\" content=\"article\" \/>\n<meta property=\"og:title\" content=\"Alojamientos perfectos para vacaciones de primavera en Tenerife - Vacaciones en Tenerife | Sansof\u00e9\" \/>\n<meta property=\"og:description\" content=\"La primavera es un momento m\u00e1gico para visitar Tenerife. Con Sansof\u00e9 encuentra el alojamiento vacacional para tus vacaciones de primavera\" \/>\n<meta property=\"og:url\" content=\"https:\/\/www.sansofestay.com\/blog\/encuentra-el-alojamiento-perfecto-para-tus-vacaciones-de-primavera-en-tenerife\/\" \/>\n<meta property=\"og:site_name\" content=\"Vacaciones en Tenerife | Sansof\u00e9\" \/>\n<meta property=\"article:published_time\" content=\"2024-03-27T11:56:07+00:00\" \/>\n<meta property=\"article:modified_time\" content=\"2024-03-27T12:02:31+00:00\" \/>\n<meta property=\"og:image\" content=\"https:\/\/www.sansofestay.com\/blog\/wp-content\/uploads\/2024\/03\/Vacaciones-primavera-Tenerife.jpg\" \/>\n\t<meta property=\"og:image:width\" content=\"1920\" \/>\n\t<meta property=\"og:image:height\" content=\"650\" \/>\n\t<meta property=\"og:image:type\" content=\"image\/jpeg\" \/>\n<meta name=\"author\" content=\"digitalservices@avantio.com\" \/>\n<meta name=\"twitter:card\" content=\"summary_large_image\" \/>\n<meta name=\"twitter:label1\" content=\"Escrito por\" \/>\n\t<meta name=\"twitter:data1\" content=\"digitalservices@avantio.com\" \/>\n\t<meta name=\"twitter:label2\" content=\"Tiempo de lectura\" \/>\n\t<meta name=\"twitter:data2\" content=\"9 minutos\" \/>\n<script type=\"application\/ld+json\" class=\"yoast-schema-graph\">{\"@context\":\"https:\/\/schema.org\",\"@graph\":[{\"@type\":\"Article\",\"@id\":\"https:\/\/www.sansofestay.com\/blog\/encuentra-el-alojamiento-perfecto-para-tus-vacaciones-de-primavera-en-tenerife\/#article\",\"isPartOf\":{\"@id\":\"https:\/\/www.sansofestay.com\/blog\/encuentra-el-alojamiento-perfecto-para-tus-vacaciones-de-primavera-en-tenerife\/\"},\"author\":{\"name\":\"digitalservices@avantio.com\",\"@id\":\"https:\/\/www.sansofestay.com\/blog\/#\/schema\/person\/c206c4732c6fd34c0667c8566b602cd6\"},\"headline\":\"Encuentra el Alojamiento Perfecto para tus Vacaciones de Primavera en Tenerife con Sansof\u00e9 Stay\",\"datePublished\":\"2024-03-27T11:56:07+00:00\",\"dateModified\":\"2024-03-27T12:02:31+00:00\",\"mainEntityOfPage\":{\"@id\":\"https:\/\/www.sansofestay.com\/blog\/encuentra-el-alojamiento-perfecto-para-tus-vacaciones-de-primavera-en-tenerife\/\"},\"wordCount\":1603,\"commentCount\":0,\"image\":{\"@id\":\"https:\/\/www.sansofestay.com\/blog\/encuentra-el-alojamiento-perfecto-para-tus-vacaciones-de-primavera-en-tenerife\/#primaryimage\"},\"thumbnailUrl\":\"https:\/\/www.sansofestay.com\/blog\/wp-content\/uploads\/2024\/03\/Vacaciones-primavera-Tenerife.jpg\",\"keywords\":[\"Apartamentos vacacionales Tenerife\",\"vacaciones primavera\"],\"articleSection\":[\"Tenerife\"],\"inLanguage\":\"es\",\"potentialAction\":[{\"@type\":\"CommentAction\",\"name\":\"Comment\",\"target\":[\"https:\/\/www.sansofestay.com\/blog\/encuentra-el-alojamiento-perfecto-para-tus-vacaciones-de-primavera-en-tenerife\/#respond\"]}]},{\"@type\":\"WebPage\",\"@id\":\"https:\/\/www.sansofestay.com\/blog\/encuentra-el-alojamiento-perfecto-para-tus-vacaciones-de-primavera-en-tenerife\/\",\"url\":\"https:\/\/www.sansofestay.com\/blog\/encuentra-el-alojamiento-perfecto-para-tus-vacaciones-de-primavera-en-tenerife\/\",\"name\":\"Alojamientos perfectos para vacaciones de primavera en Tenerife - Vacaciones en Tenerife | Sansof\u00e9\",\"isPartOf\":{\"@id\":\"https:\/\/www.sansofestay.com\/blog\/#website\"},\"primaryImageOfPage\":{\"@id\":\"https:\/\/www.sansofestay.com\/blog\/encuentra-el-alojamiento-perfecto-para-tus-vacaciones-de-primavera-en-tenerife\/#primaryimage\"},\"image\":{\"@id\":\"https:\/\/www.sansofestay.com\/blog\/encuentra-el-alojamiento-perfecto-para-tus-vacaciones-de-primavera-en-tenerife\/#primaryimage\"},\"thumbnailUrl\":\"https:\/\/www.sansofestay.com\/blog\/wp-content\/uploads\/2024\/03\/Vacaciones-primavera-Tenerife.jpg\",\"datePublished\":\"2024-03-27T11:56:07+00:00\",\"dateModified\":\"2024-03-27T12:02:31+00:00\",\"author\":{\"@id\":\"https:\/\/www.sansofestay.com\/blog\/#\/schema\/person\/c206c4732c6fd34c0667c8566b602cd6\"},\"description\":\"La primavera es un momento m\u00e1gico para visitar Tenerife. Con Sansof\u00e9 encuentra el alojamiento vacacional para tus vacaciones de primavera\",\"inLanguage\":\"es\",\"potentialAction\":[{\"@type\":\"ReadAction\",\"target\":[\"https:\/\/www.sansofestay.com\/blog\/encuentra-el-alojamiento-perfecto-para-tus-vacaciones-de-primavera-en-tenerife\/\"]}]},{\"@type\":\"ImageObject\",\"inLanguage\":\"es\",\"@id\":\"https:\/\/www.sansofestay.com\/blog\/encuentra-el-alojamiento-perfecto-para-tus-vacaciones-de-primavera-en-tenerife\/#primaryimage\",\"url\":\"https:\/\/www.sansofestay.com\/blog\/wp-content\/uploads\/2024\/03\/Vacaciones-primavera-Tenerife.jpg\",\"contentUrl\":\"https:\/\/www.sansofestay.com\/blog\/wp-content\/uploads\/2024\/03\/Vacaciones-primavera-Tenerife.jpg\",\"width\":1920,\"height\":650,\"caption\":\"Vacaciones primavera Tenerife\"},{\"@type\":\"WebSite\",\"@id\":\"https:\/\/www.sansofestay.com\/blog\/#website\",\"url\":\"https:\/\/www.sansofestay.com\/blog\/\",\"name\":\"Vacaciones en Tenerife | Sansof\u00e9\",\"description\":\"Informaci\u00f3n tur\u00edstica de la isla de Tenerife. Explora la isla, las mejores zonas, actividades y consejos\",\"potentialAction\":[{\"@type\":\"SearchAction\",\"target\":{\"@type\":\"EntryPoint\",\"urlTemplate\":\"https:\/\/www.sansofestay.com\/blog\/?s={search_term_string}\"},\"query-input\":{\"@type\":\"PropertyValueSpecification\",\"valueRequired\":true,\"valueName\":\"search_term_string\"}}],\"inLanguage\":\"es\"},{\"@type\":\"Person\",\"@id\":\"https:\/\/www.sansofestay.com\/blog\/#\/schema\/person\/c206c4732c6fd34c0667c8566b602cd6\",\"name\":\"digitalservices@avantio.com\",\"image\":{\"@type\":\"ImageObject\",\"inLanguage\":\"es\",\"@id\":\"https:\/\/secure.gravatar.com\/avatar\/af30f88a1904294c1f3eb09a9d7903eec4ffa18fa2cf40c28a8681014ecdfc20?s=96&d=mm&r=g\",\"url\":\"https:\/\/secure.gravatar.com\/avatar\/af30f88a1904294c1f3eb09a9d7903eec4ffa18fa2cf40c28a8681014ecdfc20?s=96&d=mm&r=g\",\"contentUrl\":\"https:\/\/secure.gravatar.com\/avatar\/af30f88a1904294c1f3eb09a9d7903eec4ffa18fa2cf40c28a8681014ecdfc20?s=96&d=mm&r=g\",\"caption\":\"digitalservices@avantio.com\"},\"url\":\"https:\/\/www.sansofestay.com\/blog\/author\/digitalservicesavantio-com\/\"}]}<\/script>\n<!-- \/ Yoast SEO plugin. -->","yoast_head_json":{"title":"Alojamientos perfectos para vacaciones de primavera en Tenerife - Vacaciones en Tenerife | Sansof\u00e9","description":"La primavera es un momento m\u00e1gico para visitar Tenerife. Con Sansof\u00e9 encuentra el alojamiento vacacional para tus vacaciones de primavera","robots":{"index":"index","follow":"follow","max-snippet":"max-snippet:-1","max-image-preview":"max-image-preview:large","max-video-preview":"max-video-preview:-1"},"canonical":"https:\/\/www.sansofestay.com\/blog\/encuentra-el-alojamiento-perfecto-para-tus-vacaciones-de-primavera-en-tenerife\/","og_locale":"es_ES","og_type":"article","og_title":"Alojamientos perfectos para vacaciones de primavera en Tenerife - Vacaciones en Tenerife | Sansof\u00e9","og_description":"La primavera es un momento m\u00e1gico para visitar Tenerife. Con Sansof\u00e9 encuentra el alojamiento vacacional para tus vacaciones de primavera","og_url":"https:\/\/www.sansofestay.com\/blog\/encuentra-el-alojamiento-perfecto-para-tus-vacaciones-de-primavera-en-tenerife\/","og_site_name":"Vacaciones en Tenerife | Sansof\u00e9","article_published_time":"2024-03-27T11:56:07+00:00","article_modified_time":"2024-03-27T12:02:31+00:00","og_image":[{"width":1920,"height":650,"url":"https:\/\/www.sansofestay.com\/blog\/wp-content\/uploads\/2024\/03\/Vacaciones-primavera-Tenerife.jpg","type":"image\/jpeg"}],"author":"digitalservices@avantio.com","twitter_card":"summary_large_image","twitter_misc":{"Escrito por":"digitalservices@avantio.com","Tiempo de lectura":"9 minutos"},"schema":{"@context":"https:\/\/schema.org","@graph":[{"@type":"Article","@id":"https:\/\/www.sansofestay.com\/blog\/encuentra-el-alojamiento-perfecto-para-tus-vacaciones-de-primavera-en-tenerife\/#article","isPartOf":{"@id":"https:\/\/www.sansofestay.com\/blog\/encuentra-el-alojamiento-perfecto-para-tus-vacaciones-de-primavera-en-tenerife\/"},"author":{"name":"digitalservices@avantio.com","@id":"https:\/\/www.sansofestay.com\/blog\/#\/schema\/person\/c206c4732c6fd34c0667c8566b602cd6"},"headline":"Encuentra el Alojamiento Perfecto para tus Vacaciones de Primavera en Tenerife con Sansof\u00e9 Stay","datePublished":"2024-03-27T11:56:07+00:00","dateModified":"2024-03-27T12:02:31+00:00","mainEntityOfPage":{"@id":"https:\/\/www.sansofestay.com\/blog\/encuentra-el-alojamiento-perfecto-para-tus-vacaciones-de-primavera-en-tenerife\/"},"wordCount":1603,"commentCount":0,"image":{"@id":"https:\/\/www.sansofestay.com\/blog\/encuentra-el-alojamiento-perfecto-para-tus-vacaciones-de-primavera-en-tenerife\/#primaryimage"},"thumbnailUrl":"https:\/\/www.sansofestay.com\/blog\/wp-content\/uploads\/2024\/03\/Vacaciones-primavera-Tenerife.jpg","keywords":["Apartamentos vacacionales Tenerife","vacaciones primavera"],"articleSection":["Tenerife"],"inLanguage":"es","potentialAction":[{"@type":"CommentAction","name":"Comment","target":["https:\/\/www.sansofestay.com\/blog\/encuentra-el-alojamiento-perfecto-para-tus-vacaciones-de-primavera-en-tenerife\/#respond"]}]},{"@type":"WebPage","@id":"https:\/\/www.sansofestay.com\/blog\/encuentra-el-alojamiento-perfecto-para-tus-vacaciones-de-primavera-en-tenerife\/","url":"https:\/\/www.sansofestay.com\/blog\/encuentra-el-alojamiento-perfecto-para-tus-vacaciones-de-primavera-en-tenerife\/","name":"Alojamientos perfectos para vacaciones de primavera en Tenerife - Vacaciones en Tenerife | Sansof\u00e9","isPartOf":{"@id":"https:\/\/www.sansofestay.com\/blog\/#website"},"primaryImageOfPage":{"@id":"https:\/\/www.sansofestay.com\/blog\/encuentra-el-alojamiento-perfecto-para-tus-vacaciones-de-primavera-en-tenerife\/#primaryimage"},"image":{"@id":"https:\/\/www.sansofestay.com\/blog\/encuentra-el-alojamiento-perfecto-para-tus-vacaciones-de-primavera-en-tenerife\/#primaryimage"},"thumbnailUrl":"https:\/\/www.sansofestay.com\/blog\/wp-content\/uploads\/2024\/03\/Vacaciones-primavera-Tenerife.jpg","datePublished":"2024-03-27T11:56:07+00:00","dateModified":"2024-03-27T12:02:31+00:00","author":{"@id":"https:\/\/www.sansofestay.com\/blog\/#\/schema\/person\/c206c4732c6fd34c0667c8566b602cd6"},"description":"La primavera es un momento m\u00e1gico para visitar Tenerife. Con Sansof\u00e9 encuentra el alojamiento vacacional para tus vacaciones de primavera","inLanguage":"es","potentialAction":[{"@type":"ReadAction","target":["https:\/\/www.sansofestay.com\/blog\/encuentra-el-alojamiento-perfecto-para-tus-vacaciones-de-primavera-en-tenerife\/"]}]},{"@type":"ImageObject","inLanguage":"es","@id":"https:\/\/www.sansofestay.com\/blog\/encuentra-el-alojamiento-perfecto-para-tus-vacaciones-de-primavera-en-tenerife\/#primaryimage","url":"https:\/\/www.sansofestay.com\/blog\/wp-content\/uploads\/2024\/03\/Vacaciones-primavera-Tenerife.jpg","contentUrl":"https:\/\/www.sansofestay.com\/blog\/wp-content\/uploads\/2024\/03\/Vacaciones-primavera-Tenerife.jpg","width":1920,"height":650,"caption":"Vacaciones primavera Tenerife"},{"@type":"WebSite","@id":"https:\/\/www.sansofestay.com\/blog\/#website","url":"https:\/\/www.sansofestay.com\/blog\/","name":"Vacaciones en Tenerife | Sansof\u00e9","description":"Informaci\u00f3n tur\u00edstica de la isla de Tenerife. Explora la isla, las mejores zonas, actividades y consejos","potentialAction":[{"@type":"SearchAction","target":{"@type":"EntryPoint","urlTemplate":"https:\/\/www.sansofestay.com\/blog\/?s={search_term_string}"},"query-input":{"@type":"PropertyValueSpecification","valueRequired":true,"valueName":"search_term_string"}}],"inLanguage":"es"},{"@type":"Person","@id":"https:\/\/www.sansofestay.com\/blog\/#\/schema\/person\/c206c4732c6fd34c0667c8566b602cd6","name":"digitalservices@avantio.com","image":{"@type":"ImageObject","inLanguage":"es","@id":"https:\/\/secure.gravatar.com\/avatar\/af30f88a1904294c1f3eb09a9d7903eec4ffa18fa2cf40c28a8681014ecdfc20?s=96&d=mm&r=g","url":"https:\/\/secure.gravatar.com\/avatar\/af30f88a1904294c1f3eb09a9d7903eec4ffa18fa2cf40c28a8681014ecdfc20?s=96&d=mm&r=g","contentUrl":"https:\/\/secure.gravatar.com\/avatar\/af30f88a1904294c1f3eb09a9d7903eec4ffa18fa2cf40c28a8681014ecdfc20?s=96&d=mm&r=g","caption":"digitalservices@avantio.com"},"url":"https:\/\/www.sansofestay.com\/blog\/author\/digitalservicesavantio-com\/"}]}},"_pingme":"","_encloseme":"","_top_nav_excluded":"","_cms_nav_minihome":"","_last_translation_edit_mode":"","_edit_last":"3","_wpml_media_featured":"1","_wpml_media_duplicate":"1","_edit_lock":"1711614810:3","_wpml_word_count":"{\"total\":1572,\"to_translate\":{\"en\":1572,\"de\":1572}}","_yoast_wpseo_estimated-reading-time-minutes":"9","_yoast_wpseo_meta-robots-noindex":"","_yoast_wpseo_meta-robots-nofollow":"","_yoast_wpseo_wordproof_timestamp":"","_yoast_wpseo_primary_category":24,"_elementor_edit_mode":"builder","_elementor_template_type":"wp-post","_elementor_version":"3.19.4","_elementor_pro_version":"3.19.3","_wp_page_template":"default","_elementor_page_settings":{"page_template":"elementor_header_footer"},"_elementor_data":"[{\"id\":\"1fdbb57d\",\"elType\":\"section\",\"settings\":[],\"elements\":[{\"id\":\"345aa612\",\"elType\":\"column\",\"settings\":{\"_column_size\":100,\"_inline_size\":null},\"elements\":[{\"id\":\"a0b48f2\",\"elType\":\"widget\",\"settings\":{\"editor\":\"<p><span style=\\\"font-weight: 400;\\\">La primavera es un momento m\\u00e1gico para visitar Tenerife. La isla florece en un espect\\u00e1culo de colores y vida, ofreciendo temperaturas agradables y una agenda repleta de actividades y festivales. En<\\\/span><a href=\\\"https:\\\/\\\/www.sansofestay.com\\\/\\\"> <b>Sansofe Stay<\\\/b><\\\/a><span style=\\\"font-weight: 400;\\\">, entendemos la importancia de encontrar el alojamiento ideal que complemente tu experiencia vacacional.<\\\/span><\\\/p>\",\"text_color\":\"#7A7A7A\"},\"elements\":[],\"widgetType\":\"text-editor\"}],\"isInner\":false}],\"isInner\":false},{\"id\":\"140cec44\",\"elType\":\"section\",\"settings\":[],\"elements\":[{\"id\":\"12bf81d4\",\"elType\":\"column\",\"settings\":{\"_column_size\":100,\"_inline_size\":null},\"elements\":[{\"id\":\"38164fd\",\"elType\":\"widget\",\"settings\":{\"title\":\"Tenerife en primavera, explosi\\u00f3n de vida y color \\n\\n\",\"title_color\":\"#7A7A7A\"},\"elements\":[],\"widgetType\":\"heading\"},{\"id\":\"6c1741e6\",\"elType\":\"widget\",\"settings\":{\"editor\":\"<p><span style=\\\"font-weight: 400;\\\">Para muchos, la primavera se alza como la estaci\\u00f3n predilecta para explorar Tenerife. A medida que los d\\u00edas se alargan, la isla se viste de un mosaico vibrante, con paisajes que explotan en un arco\\u00edris de colores. Las c\\u00e1maras se saturan de instant\\u00e1neas donde el verde de la naturaleza se ve embellecido por un espectro de amarillos, rojos, azules y violetas, gracias a las vistosas flores que emergen en cada rinc\\u00f3n de Tenerife. Aunque la isla goza de un clima de \\\"eterna primavera\\\", permitiendo el florecer de su flora durante todo el a\\u00f1o, es con la llegada de marzo cuando se desata una verdadera sinfon\\u00eda de vida y color.<\\\/span><\\\/p><p><span style=\\\"font-weight: 400;\\\">La riqueza crom\\u00e1tica que ofrece la naturaleza es patente tanto en los rincones m\\u00e1s salvajes y preservados de la isla, como el Parque Rural de Anaga, el Parque Rural de Teno o el emblem\\u00e1tico Parque Nacional del Teide, como en los numerosos jardines escondidos entre las \\u00e1reas urbanas. La vegetaci\\u00f3n comienza a engalanarse desde finales de febrero, culminando en marzo con una exuberante celebraci\\u00f3n de la primavera. Optar por Tenerife como destino en esta \\u00e9poca del a\\u00f1o es garant\\u00eda de una experiencia memorable y encantadora.<\\\/span><\\\/p>\"},\"elements\":[],\"widgetType\":\"text-editor\"},{\"id\":\"59e57c98\",\"elType\":\"widget\",\"settings\":{\"title\":\"\\u00bfC\\u00f3mo es el tiempo en Tenerife durante la primavera?\",\"header_size\":\"h3\",\"title_color\":\"#7A7A7A\"},\"elements\":[],\"widgetType\":\"heading\"},{\"id\":\"17be9396\",\"elType\":\"widget\",\"settings\":{\"editor\":\"<p><span style=\\\"font-weight: 400;\\\">El clima subtropical de Tenerife se caracteriza por su constancia y suavidad, presentando m\\u00ednimas fluctuaciones a lo largo del a\\u00f1o. Durante la primavera, la isla disfruta de temperaturas promedio que oscilan entre los 18 y los 24 grados Celsius, convirti\\u00e9ndola en un destino id\\u00edlico en cualquier momento.<\\\/span><\\\/p><p><span style=\\\"font-weight: 400;\\\">Con la llegada de marzo y el equinoccio de primavera, Tenerife se transforma, adquiriendo una belleza a\\u00fan m\\u00e1s resplandeciente y magn\\u00edfica. El inicio de esta estaci\\u00f3n se celebra con un despliegue natural que cautiva todos los sentidos, haciendo que la isla brille con un esplendor \\u00fanico. Esta \\u00e9poca del a\\u00f1o se destaca no solo por el agradable clima sino tambi\\u00e9n por la vibrante eclosi\\u00f3n de vida y color en su flora, lo que la hace especialmente atractiva para quienes buscan experimentar la esencia pura y la exuberante biodiversidad de la isla.<\\\/span><\\\/p>\",\"typography_typography\":\"custom\",\"typography_font_family\":\"Roboto\",\"typography_font_weight\":\"400\"},\"elements\":[],\"widgetType\":\"text-editor\"},{\"id\":\"7c44de58\",\"elType\":\"widget\",\"settings\":{\"title\":\"Lugares recomendados para visitar en primavera en Tenerife\",\"header_size\":\"h3\",\"title_color\":\"#7A7A7A\"},\"elements\":[],\"widgetType\":\"heading\"},{\"id\":\"60e73cb1\",\"elType\":\"widget\",\"settings\":{\"editor\":\"<p><span style=\\\"font-weight: 400;\\\">Explorar la naturaleza de Tenerife en primavera se convierte en una experiencia \\u00fanica, ofreciendo momentos memorables al sumergirse en su desbordante vida y paleta de colores. Una de las actividades m\\u00e1s gratificantes durante estas excursiones es la captura fotogr\\u00e1fica y la identificaci\\u00f3n de las especies vegetales m\\u00e1s notables que encontramos a nuestro alrededor. Aunque la biodiversidad en Tenerife es vasta y compleja, esta labor se facilita gracias a la presencia de flora tan distintiva.<\\\/span><\\\/p>\"},\"elements\":[],\"widgetType\":\"text-editor\"},{\"id\":\"5b409113\",\"elType\":\"section\",\"settings\":{\"structure\":\"20\"},\"elements\":[{\"id\":\"68653057\",\"elType\":\"column\",\"settings\":{\"_column_size\":50,\"_inline_size\":null},\"elements\":[{\"id\":\"4d882f78\",\"elType\":\"widget\",\"settings\":{\"image\":{\"url\":\"https:\\\/\\\/www.sansofestay.com\\\/blog\\\/wp-content\\\/uploads\\\/2024\\\/03\\\/parque-rural-de-Anaga.jpg\",\"id\":1364,\"size\":\"\",\"alt\":\"parque rural de Anaga\",\"source\":\"library\"},\"image_size\":\"post\"},\"elements\":[],\"widgetType\":\"image\"}],\"isInner\":true},{\"id\":\"64ea9430\",\"elType\":\"column\",\"settings\":{\"_column_size\":50,\"_inline_size\":null},\"elements\":[{\"id\":\"5c0a7ae2\",\"elType\":\"widget\",\"settings\":{\"image\":{\"url\":\"https:\\\/\\\/www.sansofestay.com\\\/blog\\\/wp-content\\\/uploads\\\/2024\\\/03\\\/parque-natural-del-teide-1.jpg\",\"id\":1370,\"size\":\"\",\"alt\":\"parque natural del teide\",\"source\":\"library\"},\"image_size\":\"post\"},\"elements\":[],\"widgetType\":\"image\"}],\"isInner\":true}],\"isInner\":true},{\"id\":\"33b34e6\",\"elType\":\"widget\",\"settings\":{\"editor\":\"<p><b>Parque rural de Teno<\\\/b><\\\/p><p><span style=\\\"font-weight: 400;\\\">El impresionante macizo de Teno cobra una dimensi\\u00f3n especial en primavera, aunque su majestuosidad es evidente durante todo el a\\u00f1o. Ubicado en el extremo noroeste de Tenerife, alberga pintorescos caser\\u00edos como El Palmar, Los Bailaderos, Teno Alto, Los Carrizales, Las Portelas, Las Lagunetas y Masca, dispersos entre su terreno escarpado. Cada uno de estos enclaves ofrece una belleza distinta y excepcional.<\\\/span><\\\/p><p><span style=\\\"font-weight: 400;\\\">Realizar una excursi\\u00f3n de un d\\u00eda por Teno es factible con un breve viaje en autom\\u00f3vil, haciendo paradas en sus variados miradores, explorando algunos de sus pueblos y, naturalmente, probando delicias locales como su famoso queso.<\\\/span><\\\/p><p><span style=\\\"font-weight: 400;\\\">No obstante, para verdaderamente apreciar la esencia de Teno, es imprescindible prepararse con buen calzado, tomar la mochila, algo de comer, agua, ropa de abrigo y aventurarse a pie. La diversidad de paisajes y relatos que ofrece el macizo de Teno es vasta. Cada ruta de senderismo revela sorpresas que igualan o superan a las vistas en recorridos anteriores.<\\\/span><\\\/p><p><b>Parque rural de Anaga<\\\/b><\\\/p><p><span style=\\\"font-weight: 400;\\\">Envuelto en brumas y humedad se presenta el Parque Rural de Anaga, uno de los rincones m\\u00e1s antiguos y exuberantes de Tenerife, situado en el extremo nororiental de la isla, a un paso de la capital, Santa Cruz de Tenerife.<\\\/span><\\\/p><p><span style=\\\"font-weight: 400;\\\">El macizo de Anaga es un terreno ind\\u00f3mito que encarna una extraordinaria muestra de la vida tradicional y campesina de Tenerife. Sus monta\\u00f1as acogen diversos caser\\u00edos que animan los profundos valles y barrancos que caracterizan la regi\\u00f3n.<\\\/span><\\\/p><p><span style=\\\"font-weight: 400;\\\">Con la llegada de la primavera, localidades como Chamorga, Batanes, Afur, Las Carboneras y Chinamada se visten de color y alegr\\u00eda. Al igual que en el macizo de Teno, en Anaga es aconsejable desviarse de la ruta principal y aventurarse por alguno de los innumerables senderos que serpentean a trav\\u00e9s de su territorio. Anaga se destaca como un mundo aparte, una isla dentro de la isla.<\\\/span><\\\/p>\"},\"elements\":[],\"widgetType\":\"text-editor\"},{\"id\":\"47276fb7\",\"elType\":\"section\",\"settings\":{\"structure\":\"20\"},\"elements\":[{\"id\":\"6d4b39ed\",\"elType\":\"column\",\"settings\":{\"_column_size\":50,\"_inline_size\":null},\"elements\":[{\"id\":\"53908d55\",\"elType\":\"widget\",\"settings\":{\"title\":\"Parque Nacional de Teide\\n\",\"header_size\":\"h3\",\"title_color\":\"#7A7A7A\"},\"elements\":[],\"widgetType\":\"heading\"},{\"id\":\"6cffe672\",\"elType\":\"widget\",\"settings\":{\"editor\":\"<p><span style=\\\"font-weight: 400;\\\">El Parque Nacional del Teide, ubicado en el coraz\\u00f3n de Tenerife, ofrece uno de los paisajes m\\u00e1s estremecedores de la isla durante cualquier estaci\\u00f3n del a\\u00f1o. <\\\/span><span style=\\\"font-weight: 400;\\\">Recorrer sus diferentes miradores supone trasladarse a otro planeta en un inolvidable viaje.\\u00a0<\\\/span><\\\/p><p><span style=\\\"font-weight: 400;\\\">Entre volcanes, domos, coladas aa y pahoe-hoe, cr\\u00e1teres de diferentes tama\\u00f1os y materiales volc\\u00e1nicos de cientos de colores, crece una vegetaci\\u00f3n \\u00fanica del mundo adaptada a las singularidades del clima de alta monta\\u00f1a. <\\\/span><span style=\\\"font-weight: 400;\\\">La variedad de colores se vuelve cegadora durante ciertos meses del a\\u00f1o.\\u00a0<\\\/span><\\\/p>\"},\"elements\":[],\"widgetType\":\"text-editor\"}],\"isInner\":true},{\"id\":\"493d795c\",\"elType\":\"column\",\"settings\":{\"_column_size\":50,\"_inline_size\":null},\"elements\":[{\"id\":\"48047fa0\",\"elType\":\"widget\",\"settings\":{\"image\":{\"url\":\"https:\\\/\\\/www.sansofestay.com\\\/blog\\\/wp-content\\\/uploads\\\/2024\\\/02\\\/Naturaleza-tenerife.jpg\",\"id\":1212,\"size\":\"\",\"alt\":\"\",\"source\":\"library\"},\"image_size\":\"post\"},\"elements\":[],\"widgetType\":\"image\"}],\"isInner\":true}],\"isInner\":true}],\"isInner\":false}],\"isInner\":false},{\"id\":\"4d1784d5\",\"elType\":\"section\",\"settings\":[],\"elements\":[{\"id\":\"3b26386f\",\"elType\":\"column\",\"settings\":{\"_column_size\":100,\"_inline_size\":null},\"elements\":[{\"id\":\"54116f80\",\"elType\":\"widget\",\"settings\":{\"title\":\"Reserva esta primavera uno de nuestros apartamentos vacacionales en Tenerife\",\"title_color\":\"#7A7A7A\"},\"elements\":[],\"widgetType\":\"heading\"},{\"id\":\"687a0f80\",\"elType\":\"widget\",\"settings\":{\"editor\":\"<p>Tenerife ofrece una amplia gama de opciones de alojamiento, como hoteles, complejos tur\\u00edsticos y alquileres vacacionales. Para m\\u00e1s intimidad, comodidad y libertad, te recomendamos nuestros <strong>apartamentos vacacionales en Tenerife<\\\/strong>. Para obtener los mejores precios, puedes reservar de forma segura a trav\\u00e9s de nuestra p\\u00e1gina web.<\\\/p><p>Sum\\u00e9rgete en una experiencia que personifica la privacidad, el confort y la liberadora sensaci\\u00f3n de tener un espacio que puedes llamar tuyo. Los apartamentos vacacionales de Tenerife brindan una oportunidad \\u00fanica de crear tu santuario personal, donde cada momento est\\u00e1 guiado por tu ritmo. Tanto si viajas solo, en pareja o en familia, estos apartamentos ofrecen una combinaci\\u00f3n perfecta de comodidad e independencia que realmente transformar\\u00e1 tus vacaciones.<\\\/p><p>Desde el momento en que cruzas nuestras puertas, te ver\\u00e1s envuelto en un remanso de tranquilidad, donde cada detalle est\\u00e1 pensado para garantizar tu m\\u00e1ximo confort. Con una gran variedad de espacios cuidadosamente dise\\u00f1ados, comodidades modernas y la libertad de crear tu propio itinerario.<\\\/p>\"},\"elements\":[],\"widgetType\":\"text-editor\"}],\"isInner\":false}],\"isInner\":false},{\"id\":\"5150cd2f\",\"elType\":\"section\",\"settings\":{\"structure\":\"20\"},\"elements\":[{\"id\":\"171d54d1\",\"elType\":\"column\",\"settings\":{\"_column_size\":50,\"_inline_size\":null},\"elements\":[{\"id\":\"2f6b7500\",\"elType\":\"widget\",\"settings\":{\"image\":{\"url\":\"https:\\\/\\\/www.sansofestay.com\\\/blog\\\/wp-content\\\/uploads\\\/2023\\\/08\\\/apartment-garden-sea-view-north-tenerife.jpg\",\"id\":660,\"size\":\"\",\"alt\":\"Apartment with private garden and sea view in tenerife for you next holidays\",\"source\":\"library\"},\"image_size\":\"full\",\"link_to\":\"custom\",\"link\":{\"url\":\"https:\\\/\\\/www.sansofestay.com\\\/alquiler\\\/apartamento-la-matanza-de-acentejo-10-10-vista-mar-jardin-privado-167953.html\",\"is_external\":\"\",\"nofollow\":\"\",\"custom_attributes\":\"\"},\"image_border_radius\":{\"unit\":\"px\",\"top\":\"10\",\"right\":\"10\",\"bottom\":\"10\",\"left\":\"10\",\"isLinked\":true}},\"elements\":[],\"widgetType\":\"image\"}],\"isInner\":false},{\"id\":\"6ee94b1a\",\"elType\":\"column\",\"settings\":{\"_column_size\":50,\"_inline_size\":null},\"elements\":[{\"id\":\"5d1c322a\",\"elType\":\"widget\",\"settings\":{\"title\":\"Apartamento con jard\\u00edn privado y vista mar en Tenerife Norte\",\"header_size\":\"h3\",\"title_color\":\"#7A7A7A\"},\"elements\":[],\"widgetType\":\"heading\"},{\"id\":\"63025062\",\"elType\":\"widget\",\"settings\":{\"editor\":\"<p>Enclavado en los serenos paisajes del norte de Tenerife, este apartamento de un dormitorio es una verdadera joya. Cuenta con una amplia terraza de 30 metros cuadrados y un jard\\u00edn privado de 250 metros cuadrados, ambos con fascinantes vistas al mar y al atardecer.<\\\/p>\"},\"elements\":[],\"widgetType\":\"text-editor\"},{\"id\":\"23d074c2\",\"elType\":\"section\",\"settings\":{\"structure\":\"20\"},\"elements\":[{\"id\":\"bd6d263\",\"elType\":\"column\",\"settings\":{\"_column_size\":50,\"_inline_size\":null},\"elements\":[{\"id\":\"49fcead4\",\"elType\":\"widget\",\"settings\":{\"editor\":\"<p><strong>Desde 441\\u20ac\\\/semana<\\\/strong><\\\/p>\"},\"elements\":[],\"widgetType\":\"text-editor\"}],\"isInner\":true},{\"id\":\"77b653b6\",\"elType\":\"column\",\"settings\":{\"_column_size\":50,\"_inline_size\":null},\"elements\":[{\"id\":\"cbb0da8\",\"elType\":\"widget\",\"settings\":{\"text\":\"Ver el apartamento\",\"link\":{\"url\":\"https:\\\/\\\/www.sansofestay.com\\\/alquiler\\\/apartamento-la-matanza-de-acentejo-10-10-vista-mar-jardin-privado-167953.html\",\"is_external\":\"on\",\"nofollow\":\"\",\"custom_attributes\":\"\"},\"align\":\"left\",\"__globals__\":{\"background_color\":\"globals\\\/colors?id=primary\"}},\"elements\":[],\"widgetType\":\"button\"}],\"isInner\":true}],\"isInner\":true}],\"isInner\":false}],\"isInner\":false},{\"id\":\"2dccca6e\",\"elType\":\"section\",\"settings\":{\"structure\":\"20\"},\"elements\":[{\"id\":\"1adb6556\",\"elType\":\"column\",\"settings\":{\"_column_size\":50,\"_inline_size\":null},\"elements\":[{\"id\":\"1d4c6d2\",\"elType\":\"widget\",\"settings\":{\"image\":{\"url\":\"https:\\\/\\\/www.sansofestay.com\\\/blog\\\/wp-content\\\/uploads\\\/2023\\\/08\\\/apartment-with-mountain-view-heated-pool-tenerife.jpg\",\"id\":665,\"size\":\"\",\"alt\":\"apartment with mountain view and heated pool in tenerife\",\"source\":\"library\"},\"image_size\":\"full\",\"link_to\":\"custom\",\"link\":{\"url\":\"https:\\\/\\\/www.sansofestay.com\\\/alquiler\\\/apartamento-la-matanza-de-acentejo-07-6-tenerife-vista-montana-privacidad-168216.html\",\"is_external\":\"\",\"nofollow\":\"\",\"custom_attributes\":\"\"},\"image_border_radius\":{\"unit\":\"px\",\"top\":\"10\",\"right\":\"10\",\"bottom\":\"10\",\"left\":\"10\",\"isLinked\":true}},\"elements\":[],\"widgetType\":\"image\"}],\"isInner\":false},{\"id\":\"1210c8f8\",\"elType\":\"column\",\"settings\":{\"_column_size\":50,\"_inline_size\":null},\"elements\":[{\"id\":\"80f79aa\",\"elType\":\"widget\",\"settings\":{\"title\":\"Apartamento con vistas a la monta\\u00f1a y piscina climatizada en Tenerife\",\"header_size\":\"h3\",\"title_color\":\"#7A7A7A\"},\"elements\":[],\"widgetType\":\"heading\"},{\"id\":\"2214fb4f\",\"elType\":\"widget\",\"settings\":{\"editor\":\"<p>Precioso apartamento en Tenerife, en la Costa Norte de Tenerife, con vistas a la monta\\u00f1a y piscina climatizada. El apartamento mide 64m\\u00b2 y puede alojar hasta 5 personas. Ideal para vacaciones en familia o con amigos.<\\\/p>\"},\"elements\":[],\"widgetType\":\"text-editor\"},{\"id\":\"5790413b\",\"elType\":\"section\",\"settings\":{\"structure\":\"20\"},\"elements\":[{\"id\":\"660bfbc8\",\"elType\":\"column\",\"settings\":{\"_column_size\":50,\"_inline_size\":null},\"elements\":[{\"id\":\"69ac8754\",\"elType\":\"widget\",\"settings\":{\"editor\":\"<p><strong>Desde 504\\u20ac\\\/semana<\\\/strong><\\\/p>\"},\"elements\":[],\"widgetType\":\"text-editor\"}],\"isInner\":true},{\"id\":\"7d0ee533\",\"elType\":\"column\",\"settings\":{\"_column_size\":50,\"_inline_size\":null},\"elements\":[{\"id\":\"28d37a3\",\"elType\":\"widget\",\"settings\":{\"text\":\"Ver el apartamento\",\"link\":{\"url\":\"https:\\\/\\\/www.sansofestay.com\\\/alquiler\\\/apartamento-la-matanza-de-acentejo-07-6-tenerife-vista-montana-privacidad-168216.html\",\"is_external\":\"on\",\"nofollow\":\"\",\"custom_attributes\":\"\"},\"align\":\"left\",\"__globals__\":{\"background_color\":\"globals\\\/colors?id=primary\"}},\"elements\":[],\"widgetType\":\"button\"}],\"isInner\":true}],\"isInner\":true}],\"isInner\":false}],\"isInner\":false},{\"id\":\"200fc5c9\",\"elType\":\"section\",\"settings\":{\"structure\":\"20\"},\"elements\":[{\"id\":\"6186abd8\",\"elType\":\"column\",\"settings\":{\"_column_size\":50,\"_inline_size\":null},\"elements\":[{\"id\":\"1798d5e0\",\"elType\":\"widget\",\"settings\":{\"image\":{\"url\":\"https:\\\/\\\/www.sansofestay.com\\\/blog\\\/wp-content\\\/uploads\\\/2023\\\/08\\\/apartment-with-sea-teide-mountain-view-tenerife.jpg\",\"id\":673,\"size\":\"\",\"alt\":\"Apartment with sea and teide mountain view in tenerife\",\"source\":\"library\"},\"image_size\":\"full\",\"link_to\":\"custom\",\"link\":{\"url\":\"https:\\\/\\\/www.sansofestay.com\\\/alquiler\\\/apartamento-la-matanza-de-acentejo-03-3-tenerife-vista-mar-y-montana-168145.html\",\"is_external\":\"\",\"nofollow\":\"\",\"custom_attributes\":\"\"},\"image_border_radius\":{\"unit\":\"px\",\"top\":\"10\",\"right\":\"10\",\"bottom\":\"10\",\"left\":\"10\",\"isLinked\":true}},\"elements\":[],\"widgetType\":\"image\"}],\"isInner\":false},{\"id\":\"24fbff8\",\"elType\":\"column\",\"settings\":{\"_column_size\":50,\"_inline_size\":null},\"elements\":[{\"id\":\"71bb903e\",\"elType\":\"widget\",\"settings\":{\"title\":\"Apartamento con vistas al mar y al Teide en Tenerife Norte\",\"header_size\":\"h3\",\"title_color\":\"#7A7A7A\"},\"elements\":[],\"widgetType\":\"heading\"},{\"id\":\"668b6594\",\"elType\":\"widget\",\"settings\":{\"editor\":\"<p>Este acogedor apartamento disfruta tanto de las relajantes vistas al mar como de la majestuosa monta\\u00f1a del Teide. Situado en la primera planta de un antiguo almac\\u00e9n cuidadosamente restaurado, esta joya es uno de los ocho apartamentos r\\u00fasticos construidos por apasionados agricultores de aguacate en 2009.<\\\/p>\"},\"elements\":[],\"widgetType\":\"text-editor\"},{\"id\":\"4626a305\",\"elType\":\"section\",\"settings\":{\"structure\":\"20\"},\"elements\":[{\"id\":\"17614b4d\",\"elType\":\"column\",\"settings\":{\"_column_size\":50,\"_inline_size\":null},\"elements\":[{\"id\":\"60b78dc3\",\"elType\":\"widget\",\"settings\":{\"editor\":\"<p><strong>Desde 434\\u20ac\\\/semana<\\\/strong><\\\/p>\"},\"elements\":[],\"widgetType\":\"text-editor\"}],\"isInner\":true},{\"id\":\"2e4add8e\",\"elType\":\"column\",\"settings\":{\"_column_size\":50,\"_inline_size\":null},\"elements\":[{\"id\":\"6fa15a1a\",\"elType\":\"widget\",\"settings\":{\"text\":\"Ver el apartamento\",\"link\":{\"url\":\"https:\\\/\\\/www.sansofestay.com\\\/alquiler\\\/apartamento-la-matanza-de-acentejo-03-3-tenerife-vista-mar-y-montana-168145.html\",\"is_external\":\"on\",\"nofollow\":\"\",\"custom_attributes\":\"\"},\"align\":\"left\",\"__globals__\":{\"background_color\":\"globals\\\/colors?id=primary\"}},\"elements\":[],\"widgetType\":\"button\"}],\"isInner\":true}],\"isInner\":true}],\"isInner\":false}],\"isInner\":false},{\"id\":\"6132bf3e\",\"elType\":\"section\",\"settings\":{\"structure\":\"20\"},\"elements\":[{\"id\":\"609c5956\",\"elType\":\"column\",\"settings\":{\"_column_size\":50,\"_inline_size\":null},\"elements\":[{\"id\":\"2f1aa6ca\",\"elType\":\"widget\",\"settings\":{\"image\":{\"url\":\"https:\\\/\\\/www.sansofestay.com\\\/blog\\\/wp-content\\\/uploads\\\/2023\\\/08\\\/private-apartment-tenerife-with-pool.jpg\",\"id\":675,\"size\":\"\",\"alt\":\"private apartment in tenerife with pool\",\"source\":\"library\"},\"image_size\":\"full\",\"link_to\":\"custom\",\"link\":{\"url\":\"https:\\\/\\\/www.sansofestay.com\\\/alquiler\\\/apartamento-la-matanza-de-acentejo-08-7-apartamento-vista-lateral-mar-y-montana-168217.html\",\"is_external\":\"\",\"nofollow\":\"\",\"custom_attributes\":\"\"},\"image_border_radius\":{\"unit\":\"px\",\"top\":\"10\",\"right\":\"10\",\"bottom\":\"10\",\"left\":\"10\",\"isLinked\":true}},\"elements\":[],\"widgetType\":\"image\"}],\"isInner\":false},{\"id\":\"570e223\",\"elType\":\"column\",\"settings\":{\"_column_size\":50,\"_inline_size\":null},\"elements\":[{\"id\":\"429d3e56\",\"elType\":\"widget\",\"settings\":{\"title\":\"Apartamento privado con piscina en la costa norte de Tenerife\",\"header_size\":\"h3\",\"title_color\":\"#7A7A7A\"},\"elements\":[],\"widgetType\":\"heading\"},{\"id\":\"5c2c4a\",\"elType\":\"widget\",\"settings\":{\"editor\":\"<p>Este apartamento de 2 dormitorios en La Matanza de Acentejo tiene capacidad para 5 personas. Est\\u00e1 amueblado con gusto, es luminoso y tiene 64 m\\u00b2 con vistas a la monta\\u00f1a. La propiedad se encuentra en un barrio familiar en medio del encanto rural de la zona.<\\\/p>\"},\"elements\":[],\"widgetType\":\"text-editor\"},{\"id\":\"19c2181\",\"elType\":\"section\",\"settings\":{\"structure\":\"20\"},\"elements\":[{\"id\":\"5fd25279\",\"elType\":\"column\",\"settings\":{\"_column_size\":50,\"_inline_size\":null},\"elements\":[{\"id\":\"6968639\",\"elType\":\"widget\",\"settings\":{\"editor\":\"<p><strong>Desde 504\\u20ac\\\/semana<\\\/strong><\\\/p>\"},\"elements\":[],\"widgetType\":\"text-editor\"}],\"isInner\":true},{\"id\":\"17bd92d3\",\"elType\":\"column\",\"settings\":{\"_column_size\":50,\"_inline_size\":null},\"elements\":[{\"id\":\"216f515\",\"elType\":\"widget\",\"settings\":{\"text\":\"Ver el apartamento\",\"link\":{\"url\":\"https:\\\/\\\/www.sansofestay.com\\\/alquiler\\\/apartamento-la-matanza-de-acentejo-08-7-apartamento-vista-lateral-mar-y-montana-168217.html\",\"is_external\":\"on\",\"nofollow\":\"\",\"custom_attributes\":\"\"},\"align\":\"left\",\"__globals__\":{\"background_color\":\"globals\\\/colors?id=primary\"}},\"elements\":[],\"widgetType\":\"button\"}],\"isInner\":true}],\"isInner\":true}],\"isInner\":false}],\"isInner\":false},{\"id\":\"5278af43\",\"elType\":\"section\",\"settings\":[],\"elements\":[{\"id\":\"475043b0\",\"elType\":\"column\",\"settings\":{\"_column_size\":100,\"_inline_size\":null},\"elements\":[{\"id\":\"11716653\",\"elType\":\"widget\",\"settings\":{\"title\":\"Servicios m\\u00e1s populares de nuestros apartamentos vacacionales en Tenerife\",\"title_color\":\"#7A7A7A\"},\"elements\":[],\"widgetType\":\"heading\"},{\"id\":\"3c2c6fa\",\"elType\":\"section\",\"settings\":{\"structure\":\"40\"},\"elements\":[{\"id\":\"1ed3d75b\",\"elType\":\"column\",\"settings\":{\"_column_size\":25,\"_inline_size\":null,\"margin\":{\"unit\":\"px\",\"top\":\"0\",\"right\":\"5\",\"bottom\":\"0\",\"left\":\"5\",\"isLinked\":false},\"padding\":{\"unit\":\"px\",\"top\":\"35\",\"right\":\"35\",\"bottom\":\"35\",\"left\":\"35\",\"isLinked\":true},\"border_width\":{\"unit\":\"px\",\"top\":\"1\",\"right\":\"1\",\"bottom\":\"1\",\"left\":\"1\",\"isLinked\":true},\"border_color\":\"#e5e5e5\",\"box_shadow_box_shadow_type\":\"yes\",\"box_shadow_box_shadow\":{\"horizontal\":0,\"vertical\":0,\"blur\":25,\"spread\":0,\"color\":\"rgba(0,0,0,0.09)\"},\"border_hover_width\":{\"unit\":\"px\",\"top\":\"1\",\"right\":\"1\",\"bottom\":\"1\",\"left\":\"1\",\"isLinked\":true},\"border_hover_color\":\"#00ce1b\",\"box_shadow_hover_box_shadow_type\":\"yes\",\"box_shadow_hover_box_shadow\":{\"horizontal\":0,\"vertical\":0,\"blur\":55,\"spread\":0,\"color\":\"rgba(0,0,0,0.29)\"},\"border_hover_transition\":{\"unit\":\"px\",\"size\":2},\"margin_tablet\":{\"unit\":\"px\",\"top\":\"0\",\"right\":\"10\",\"bottom\":\"0\",\"left\":\"0\",\"isLinked\":false},\"padding_mobile\":{\"unit\":\"px\",\"top\":\"35\",\"right\":\"35\",\"bottom\":\"35\",\"left\":\"35\",\"isLinked\":true}},\"elements\":[{\"id\":\"63e6d66\",\"elType\":\"widget\",\"settings\":{\"selected_icon\":{\"value\":\"fas fa-swimming-pool\",\"library\":\"fa-solid\"},\"link\":{\"url\":\"https:\\\/\\\/www.sansofestay.com\\\/alquiler\\\/alquileres-tenerife-e81\\\/categoria-piscina-compartida\\\/\",\"is_external\":\"\",\"nofollow\":\"\",\"custom_attributes\":\"\"},\"__globals__\":{\"primary_color\":\"globals\\\/colors?id=primary\"}},\"elements\":[],\"widgetType\":\"icon\"},{\"id\":\"947cd0\",\"elType\":\"widget\",\"settings\":{\"title\":\"Piscina\",\"link\":{\"url\":\"https:\\\/\\\/www.sansofestay.com\\\/alquiler\\\/alquileres-tenerife-e81\\\/categoria-piscina-compartida\\\/\",\"is_external\":\"\",\"nofollow\":\"\",\"custom_attributes\":\"\"},\"header_size\":\"h3\",\"align\":\"center\",\"title_color\":\"#7A7A7A\"},\"elements\":[],\"widgetType\":\"heading\"},{\"id\":\"4af07a27\",\"elType\":\"widget\",\"settings\":{\"editor\":\"<p>La mayor\\u00eda de nuestros apartamentos tienen acceso a una gran piscina.<\\\/p>\",\"align\":\"center\"},\"elements\":[],\"widgetType\":\"text-editor\"}],\"isInner\":true},{\"id\":\"6fa1ce85\",\"elType\":\"column\",\"settings\":{\"_column_size\":25,\"_inline_size\":null,\"margin\":{\"unit\":\"px\",\"top\":\"0\",\"right\":\"5\",\"bottom\":\"0\",\"left\":\"5\",\"isLinked\":false},\"padding\":{\"unit\":\"px\",\"top\":\"35\",\"right\":\"35\",\"bottom\":\"35\",\"left\":\"35\",\"isLinked\":true},\"border_width\":{\"unit\":\"px\",\"top\":\"1\",\"right\":\"1\",\"bottom\":\"1\",\"left\":\"1\",\"isLinked\":true},\"border_color\":\"#e5e5e5\",\"box_shadow_box_shadow_type\":\"yes\",\"box_shadow_box_shadow\":{\"horizontal\":0,\"vertical\":0,\"blur\":25,\"spread\":0,\"color\":\"rgba(0,0,0,0.09)\"},\"border_hover_width\":{\"unit\":\"px\",\"top\":\"1\",\"right\":\"1\",\"bottom\":\"1\",\"left\":\"1\",\"isLinked\":true},\"border_hover_color\":\"#00ce1b\",\"box_shadow_hover_box_shadow_type\":\"yes\",\"box_shadow_hover_box_shadow\":{\"horizontal\":0,\"vertical\":0,\"blur\":55,\"spread\":0,\"color\":\"rgba(0,0,0,0.29)\"},\"border_hover_transition\":{\"unit\":\"px\",\"size\":2},\"margin_tablet\":{\"unit\":\"px\",\"top\":\"0\",\"right\":\"10\",\"bottom\":\"0\",\"left\":\"0\",\"isLinked\":false},\"padding_mobile\":{\"unit\":\"px\",\"top\":\"35\",\"right\":\"35\",\"bottom\":\"35\",\"left\":\"35\",\"isLinked\":true}},\"elements\":[{\"id\":\"7f37eb8b\",\"elType\":\"widget\",\"settings\":{\"selected_icon\":{\"value\":\"fas fa-car\",\"library\":\"fa-solid\"},\"link\":{\"url\":\"https:\\\/\\\/www.sansofestay.com\\\/alquiler\\\/alquileres-tenerife-e81\\\/parking\\\/\",\"is_external\":\"\",\"nofollow\":\"\",\"custom_attributes\":\"\"},\"__globals__\":{\"primary_color\":\"globals\\\/colors?id=primary\"}},\"elements\":[],\"widgetType\":\"icon\"},{\"id\":\"16dfaa4f\",\"elType\":\"widget\",\"settings\":{\"title\":\"Parking\",\"link\":{\"url\":\"https:\\\/\\\/www.sansofestay.com\\\/alquiler\\\/alquileres-tenerife-e81\\\/parking\\\/\",\"is_external\":\"\",\"nofollow\":\"\",\"custom_attributes\":\"\"},\"header_size\":\"h3\",\"align\":\"center\",\"title_color\":\"#7A7A7A\"},\"elements\":[],\"widgetType\":\"heading\"},{\"id\":\"5bde901f\",\"elType\":\"widget\",\"settings\":{\"editor\":\"<p>Consulta nuestros apartamentos de vacaciones en Tenerife con parking privado.<\\\/p>\",\"align\":\"center\"},\"elements\":[],\"widgetType\":\"text-editor\"}],\"isInner\":true},{\"id\":\"4c2b6089\",\"elType\":\"column\",\"settings\":{\"_column_size\":25,\"_inline_size\":null,\"margin\":{\"unit\":\"px\",\"top\":\"0\",\"right\":\"5\",\"bottom\":\"0\",\"left\":\"5\",\"isLinked\":false},\"padding\":{\"unit\":\"px\",\"top\":\"35\",\"right\":\"35\",\"bottom\":\"35\",\"left\":\"35\",\"isLinked\":true},\"border_width\":{\"unit\":\"px\",\"top\":\"1\",\"right\":\"1\",\"bottom\":\"1\",\"left\":\"1\",\"isLinked\":true},\"border_color\":\"#e5e5e5\",\"box_shadow_box_shadow_type\":\"yes\",\"box_shadow_box_shadow\":{\"horizontal\":0,\"vertical\":0,\"blur\":25,\"spread\":0,\"color\":\"rgba(0,0,0,0.09)\"},\"border_hover_width\":{\"unit\":\"px\",\"top\":\"1\",\"right\":\"1\",\"bottom\":\"1\",\"left\":\"1\",\"isLinked\":true},\"border_hover_color\":\"#00ce1b\",\"box_shadow_hover_box_shadow_type\":\"yes\",\"box_shadow_hover_box_shadow\":{\"horizontal\":0,\"vertical\":0,\"blur\":55,\"spread\":0,\"color\":\"rgba(0,0,0,0.29)\"},\"border_hover_transition\":{\"unit\":\"px\",\"size\":2},\"margin_tablet\":{\"unit\":\"px\",\"top\":\"0\",\"right\":\"10\",\"bottom\":\"0\",\"left\":\"0\",\"isLinked\":false},\"padding_mobile\":{\"unit\":\"px\",\"top\":\"35\",\"right\":\"35\",\"bottom\":\"35\",\"left\":\"35\",\"isLinked\":true}},\"elements\":[{\"id\":\"7037edf9\",\"elType\":\"widget\",\"settings\":{\"selected_icon\":{\"value\":\"fas fa-wifi\",\"library\":\"fa-solid\"},\"link\":{\"url\":\"https:\\\/\\\/www.sansofestay.com\\\/alquiler\\\/alquileres-tenerife-e81\\\/internet\\\/\",\"is_external\":\"\",\"nofollow\":\"\",\"custom_attributes\":\"\"},\"__globals__\":{\"primary_color\":\"globals\\\/colors?id=primary\"}},\"elements\":[],\"widgetType\":\"icon\"},{\"id\":\"2bb096ff\",\"elType\":\"widget\",\"settings\":{\"title\":\"Internet\",\"link\":{\"url\":\"https:\\\/\\\/www.sansofestay.com\\\/alquiler\\\/alquileres-tenerife-e81\\\/internet\\\/\",\"is_external\":\"\",\"nofollow\":\"\",\"custom_attributes\":\"\"},\"header_size\":\"h3\",\"align\":\"center\",\"title_color\":\"#7A7A7A\"},\"elements\":[],\"widgetType\":\"heading\"},{\"id\":\"1c32453b\",\"elType\":\"widget\",\"settings\":{\"editor\":\"<p>Para estar conectado en vacaciones, eche un vistazo a nuestros apartamentos con wifi.<\\\/p>\",\"align\":\"center\"},\"elements\":[],\"widgetType\":\"text-editor\"}],\"isInner\":true},{\"id\":\"e01743b\",\"elType\":\"column\",\"settings\":{\"_column_size\":25,\"_inline_size\":null,\"margin\":{\"unit\":\"px\",\"top\":\"0\",\"right\":\"5\",\"bottom\":\"0\",\"left\":\"5\",\"isLinked\":false},\"padding\":{\"unit\":\"px\",\"top\":\"35\",\"right\":\"35\",\"bottom\":\"35\",\"left\":\"35\",\"isLinked\":true},\"border_width\":{\"unit\":\"px\",\"top\":\"1\",\"right\":\"1\",\"bottom\":\"1\",\"left\":\"1\",\"isLinked\":true},\"border_color\":\"#e5e5e5\",\"box_shadow_box_shadow_type\":\"yes\",\"box_shadow_box_shadow\":{\"horizontal\":0,\"vertical\":0,\"blur\":25,\"spread\":0,\"color\":\"rgba(0,0,0,0.09)\"},\"border_hover_width\":{\"unit\":\"px\",\"top\":\"1\",\"right\":\"1\",\"bottom\":\"1\",\"left\":\"1\",\"isLinked\":true},\"border_hover_color\":\"#00ce1b\",\"box_shadow_hover_box_shadow_type\":\"yes\",\"box_shadow_hover_box_shadow\":{\"horizontal\":0,\"vertical\":0,\"blur\":55,\"spread\":0,\"color\":\"rgba(0,0,0,0.29)\"},\"border_hover_transition\":{\"unit\":\"px\",\"size\":2},\"margin_tablet\":{\"unit\":\"px\",\"top\":\"0\",\"right\":\"10\",\"bottom\":\"0\",\"left\":\"0\",\"isLinked\":false},\"padding_mobile\":{\"unit\":\"px\",\"top\":\"35\",\"right\":\"35\",\"bottom\":\"35\",\"left\":\"35\",\"isLinked\":true}},\"elements\":[{\"id\":\"f7308c9\",\"elType\":\"widget\",\"settings\":{\"selected_icon\":{\"value\":\"fas fa-utensils\",\"library\":\"fa-solid\"},\"link\":{\"url\":\"https:\\\/\\\/www.sansofestay.com\\\/alquiler\\\/alquileres-tenerife-e81\\\/barbacoa\\\/\",\"is_external\":\"\",\"nofollow\":\"\",\"custom_attributes\":\"\"},\"__globals__\":{\"primary_color\":\"globals\\\/colors?id=primary\"}},\"elements\":[],\"widgetType\":\"icon\"},{\"id\":\"574afef8\",\"elType\":\"widget\",\"settings\":{\"title\":\"Barbacoa\",\"link\":{\"url\":\"https:\\\/\\\/www.sansofestay.com\\\/alquiler\\\/alquileres-tenerife-e81\\\/barbacoa\\\/\",\"is_external\":\"\",\"nofollow\":\"\",\"custom_attributes\":\"\"},\"header_size\":\"h3\",\"align\":\"center\",\"title_color\":\"#7A7A7A\"},\"elements\":[],\"widgetType\":\"heading\"},{\"id\":\"56c28296\",\"elType\":\"widget\",\"settings\":{\"editor\":\"<p>Apartamentos en Tenerife con barbacoa para sus acogedoras noches de verano.<\\\/p>\",\"align\":\"center\"},\"elements\":[],\"widgetType\":\"text-editor\"}],\"isInner\":true}],\"isInner\":true}],\"isInner\":false}],\"isInner\":false},{\"id\":\"7067a5bb\",\"elType\":\"section\",\"settings\":[],\"elements\":[{\"id\":\"66aee5a6\",\"elType\":\"column\",\"settings\":{\"_column_size\":100,\"_inline_size\":null},\"elements\":[{\"id\":\"375c3d54\",\"elType\":\"widget\",\"settings\":{\"editor\":\"<h2><b>Haz tu reserva: Tenerife te espera esta primavera<\\\/b><\\\/h2><p><span style=\\\"font-weight: 400;\\\">La primavera en Tenerife no es solo una estaci\\u00f3n; es una invitaci\\u00f3n a experimentar la isla en su m\\u00e1ximo esplendor. Con el despertar de la naturaleza, las temperaturas perfectas y una agenda cultural vibrante, es el momento ideal para descubrir todos los tesoros que Tenerife tiene para ofrecer. Desde el majestuoso macizo de Teno hasta la m\\u00edstica bruma de Anaga, cada rinc\\u00f3n te espera con historias \\u00fanicas y paisajes inolvidables.<\\\/span><\\\/p><p><span style=\\\"font-weight: 400;\\\">En Sansofe Stay, entendemos la magia de Tenerife en esta \\u00e9poca del a\\u00f1o y ofrecemos una amplia gama de alojamientos que prometen ser tu hogar lejos de casa. Ya sea que busques una villa frente al mar, un apartamento en el coraz\\u00f3n de la naturaleza o una casa rural con encanto, tenemos el lugar perfecto para ti. No dejes pasar la oportunidad de vivir una primavera inolvidable en la isla de la eterna primavera. Reserva tu alojamiento con nosotros y prep\\u00e1rate para ser parte de la magia de Tenerife.<\\\/span><\\\/p>\"},\"elements\":[],\"widgetType\":\"text-editor\"}],\"isInner\":false}],\"isInner\":false},{\"id\":\"4403dd4\",\"elType\":\"section\",\"settings\":{\"structure\":\"30\"},\"elements\":[{\"id\":\"60834f8d\",\"elType\":\"column\",\"settings\":{\"_column_size\":33,\"_inline_size\":null},\"elements\":[{\"id\":\"445527b8\",\"elType\":\"widget\",\"settings\":{\"text\":\"Alojamientos Tenerife Norte\",\"link\":{\"url\":\"https:\\\/\\\/www.sansofestay.com\\\/alquiler\\\/alquileres-tenerife-e81\\\/\",\"is_external\":\"on\",\"nofollow\":\"\",\"custom_attributes\":\"\"},\"align\":\"center\",\"__globals__\":{\"background_color\":\"globals\\\/colors?id=primary\"}},\"elements\":[],\"widgetType\":\"button\"}],\"isInner\":false},{\"id\":\"54a1a1e2\",\"elType\":\"column\",\"settings\":{\"_column_size\":33,\"_inline_size\":null},\"elements\":[{\"id\":\"7327e251\",\"elType\":\"widget\",\"settings\":{\"text\":\"Alquiler de apartamentos en Tenerife Norte\",\"link\":{\"url\":\"https:\\\/\\\/www.sansofestay.com\\\/alquiler\\\/apartamentos-tenerife-c1e81\\\/\",\"is_external\":\"on\",\"nofollow\":\"\",\"custom_attributes\":\"\"},\"align\":\"center\",\"__globals__\":{\"background_color\":\"globals\\\/colors?id=primary\"}},\"elements\":[],\"widgetType\":\"button\"}],\"isInner\":false},{\"id\":\"51b4a9b9\",\"elType\":\"column\",\"settings\":{\"_column_size\":33,\"_inline_size\":null},\"elements\":[{\"id\":\"45fdcaee\",\"elType\":\"widget\",\"settings\":{\"text\":\"Casas de alquiler en Tenerife Norte\",\"link\":{\"url\":\"https:\\\/\\\/www.sansofestay.com\\\/alquiler\\\/casas-tenerife-c19e81\\\/\",\"is_external\":\"on\",\"nofollow\":\"\",\"custom_attributes\":\"\"},\"align\":\"center\",\"__globals__\":{\"background_color\":\"globals\\\/colors?id=primary\"}},\"elements\":[],\"widgetType\":\"button\"}],\"isInner\":false}],\"isInner\":false}]","_yoast_wpseo_content_score":"60","_wpml_location_migration_done":"1","_yoast_wpseo_metadesc":"La primavera es un momento m\u00e1gico para visitar Tenerife. Con Sansof\u00e9 encuentra el alojamiento vacacional para tus vacaciones de primavera","_wpse_old_slug":"","_thumbnail_id":"1356","_yoast_wpseo_focuskw":"","_yoast_wpseo_title":"Alojamientos perfectos para vacaciones de primavera en Tenerife %%page%% %%sep%% %%sitename%%","_yoast_wpseo_linkdex":"","_elementor_controls_usage":{"text-editor":{"count":20,"control_percent":0,"controls":{"content":{"section_editor":{"editor":20}},"style":{"section_style":{"text_color":1,"typography_typography":1,"typography_font_family":1,"typography_font_weight":1,"align":4}}}},"column":{"count":32,"control_percent":0,"controls":{"layout":{"layout":{"_inline_size":32}},"advanced":{"section_advanced":{"margin":4,"padding":4}},"style":{"section_border":{"border_width":4,"border_color":4,"box_shadow_box_shadow_type":4,"box_shadow_box_shadow":4,"border_hover_width":4,"border_hover_color":4,"box_shadow_hover_box_shadow_type":4,"box_shadow_hover_box_shadow":4,"border_hover_transition":4}}}},"section":{"count":17,"control_percent":0,"controls":{"layout":{"section_structure":{"structure":12}}}},"heading":{"count":14,"control_percent":2,"controls":{"content":{"section_title":{"title":14,"header_size":11,"link":4}},"style":{"section_title_style":{"title_color":14,"align":4}}}},"image":{"count":7,"control_percent":1,"controls":{"content":{"section_image":{"image":7,"image_size":7,"link_to":4,"link":4}},"style":{"section_style_image":{"image_border_radius":4}}}},"button":{"count":7,"control_percent":1,"controls":{"content":{"section_button":{"text":7,"link":7}},"style":{"section_style":{"align":7}}}},"icon":{"count":4,"control_percent":1,"controls":{"content":{"section_icon":{"selected_icon":4,"link":4}}}}},"_wp_old_slug":"encuentra-el-alojamiento-perfecto-para-tus-vacaciones-de-primavera-en-tenerife-con-sansofe-stay","_elementor_template_widget_type":"","_elementor_popup_display_settings":"","_wpml_post_translation_editor_native":"","_wp_old_date":"","_oembed_73d8af3ba4596fb88a7f14b93e1916a9":"","_oembed_time_73d8af3ba4596fb88a7f14b93e1916a9":"","_oembed_f9dc1bf2ed4539093f877876c5bac98e":"","_links":{"self":[{"href":"https:\/\/www.sansofestay.com\/blog\/wp-json\/wp\/v2\/posts\/1355","targetHints":{"allow":["GET"]}}],"collection":[{"href":"https:\/\/www.sansofestay.com\/blog\/wp-json\/wp\/v2\/posts"}],"about":[{"href":"https:\/\/www.sansofestay.com\/blog\/wp-json\/wp\/v2\/types\/post"}],"author":[{"embeddable":true,"href":"https:\/\/www.sansofestay.com\/blog\/wp-json\/wp\/v2\/users\/3"}],"replies":[{"embeddable":true,"href":"https:\/\/www.sansofestay.com\/blog\/wp-json\/wp\/v2\/comments?post=1355"}],"version-history":[{"count":20,"href":"https:\/\/www.sansofestay.com\/blog\/wp-json\/wp\/v2\/posts\/1355\/revisions"}],"predecessor-version":[{"id":1387,"href":"https:\/\/www.sansofestay.com\/blog\/wp-json\/wp\/v2\/posts\/1355\/revisions\/1387"}],"wp:featuredmedia":[{"embeddable":true,"href":"https:\/\/www.sansofestay.com\/blog\/wp-json\/wp\/v2\/media\/1356"}],"wp:attachment":[{"href":"https:\/\/www.sansofestay.com\/blog\/wp-json\/wp\/v2\/media?parent=1355"}],"wp:term":[{"taxonomy":"category","embeddable":true,"href":"https:\/\/www.sansofestay.com\/blog\/wp-json\/wp\/v2\/categories?post=1355"}],"curies":[{"name":"wp","href":"https:\/\/api.w.org\/{rel}","templated":true}]}}