{"id":1970,"date":"2024-11-18T09:49:25","date_gmt":"2024-11-18T09:49:25","guid":{"rendered":"https:\/\/www.sansofestay.com\/blog\/?p=1970"},"modified":"2026-03-06T11:17:09","modified_gmt":"2026-03-06T11:17:09","slug":"mirador-la-garanona","status":"publish","type":"post","link":"https:\/\/www.sansofestay.com\/blog\/mirador-la-garanona\/","title":{"rendered":"Vistas Espectaculares en el Mirador de La Gara\u00f1ona"},"content":{"rendered":"\t\t<div data-elementor-type=\"wp-post\" data-elementor-id=\"1970\" class=\"elementor elementor-1970\" data-elementor-post-type=\"post\">\n\t\t\t\t\t\t<section class=\"elementor-section elementor-top-section elementor-element elementor-element-1713abc9 elementor-section-boxed elementor-section-height-default elementor-section-height-default\" data-id=\"1713abc9\" data-element_type=\"section\" data-e-type=\"section\">\n\t\t\t\t\t\t<div class=\"elementor-container elementor-column-gap-default\">\n\t\t\t\t\t<div class=\"elementor-column elementor-col-100 elementor-top-column elementor-element elementor-element-4ccc039a\" data-id=\"4ccc039a\" data-element_type=\"column\" data-e-type=\"column\">\n\t\t\t<div class=\"elementor-widget-wrap elementor-element-populated\">\n\t\t\t\t\t\t<div class=\"elementor-element elementor-element-5068557 elementor-widget elementor-widget-text-editor\" data-id=\"5068557\" data-element_type=\"widget\" data-e-type=\"widget\" data-widget_type=\"text-editor.default\">\n\t\t\t\t<div class=\"elementor-widget-container\">\n\t\t\t\t\t\t\t\t\t<p><span style=\"font-weight: 400;\">En tu pr\u00f3ximo viaje a Tenerife, ap\u00fantate el Mirador de La Gara\u00f1ona en tu itinerario. Este conjunto de jardines con una vegetaci\u00f3n exuberante ofrece unas vistas fant\u00e1sticas del mar Atl\u00e1ntico desde un precioso acantilado, con m\u00e1s de 200 metros de altitud, que te permitir\u00e1 sacar unas fotos incre\u00edbles. En la costa norte de Tenerife, este punto es un imprescindible de la regi\u00f3n.<\/span><\/p><p><span style=\"font-weight: 400;\">Adem\u00e1s, podr\u00e1s explorar todos los senderos, palmerales y rincones del lugar: un paseo muy agradable para toda la familia. En este art\u00edculo, vamos a contarte que puedes ver desde el Mirador de La Gara\u00f1ona, que actividades est\u00e1n disponibles en sus alrededores, te diremos como llegar hasta este punto de la isla y te daremos algunas sugerencias de alojamiento para hacer de tu viaje un \u00e9xito inolvidable.<\/span><\/p>\t\t\t\t\t\t\t\t<\/div>\n\t\t\t\t<\/div>\n\t\t\t\t\t<\/div>\n\t\t<\/div>\n\t\t\t\t\t<\/div>\n\t\t<\/section>\n\t\t\t\t<section class=\"elementor-section elementor-top-section elementor-element elementor-element-aca2571 elementor-section-boxed elementor-section-height-default elementor-section-height-default\" data-id=\"aca2571\" data-element_type=\"section\" data-e-type=\"section\">\n\t\t\t\t\t\t<div class=\"elementor-container elementor-column-gap-default\">\n\t\t\t\t\t<div class=\"elementor-column elementor-col-100 elementor-top-column elementor-element elementor-element-755a4b52\" data-id=\"755a4b52\" data-element_type=\"column\" data-e-type=\"column\">\n\t\t\t<div class=\"elementor-widget-wrap elementor-element-populated\">\n\t\t\t\t\t\t<div class=\"elementor-element elementor-element-23754 elementor-toc--minimized-on-tablet elementor-widget elementor-widget-table-of-contents\" data-id=\"23754\" data-element_type=\"widget\" data-e-type=\"widget\" data-settings=\"{&quot;headings_by_tags&quot;:[&quot;h2&quot;],&quot;exclude_headings_by_selector&quot;:[],&quot;marker_view&quot;:&quot;numbers&quot;,&quot;no_headings_message&quot;:&quot;No se ha encontrado ning\\u00fan encabezado en esta p\\u00e1gina.&quot;,&quot;minimize_box&quot;:&quot;yes&quot;,&quot;minimized_on&quot;:&quot;tablet&quot;,&quot;hierarchical_view&quot;:&quot;yes&quot;,&quot;min_height&quot;:{&quot;unit&quot;:&quot;px&quot;,&quot;size&quot;:&quot;&quot;,&quot;sizes&quot;:[]},&quot;min_height_tablet&quot;:{&quot;unit&quot;:&quot;px&quot;,&quot;size&quot;:&quot;&quot;,&quot;sizes&quot;:[]},&quot;min_height_mobile&quot;:{&quot;unit&quot;:&quot;px&quot;,&quot;size&quot;:&quot;&quot;,&quot;sizes&quot;:[]}}\" data-widget_type=\"table-of-contents.default\">\n\t\t\t\t<div class=\"elementor-widget-container\">\n\t\t\t\t\t\t\t\t\t<div class=\"elementor-toc__header\">\n\t\t\t\t\t\t<div class=\"elementor-toc__header-title\">\n\t\t\t\t\u00cdNDICE\t\t\t<\/div>\n\t\t\t\t\t\t\t\t\t\t<div class=\"elementor-toc__toggle-button elementor-toc__toggle-button--expand\" role=\"button\" tabindex=\"0\" aria-controls=\"elementor-toc__23754\" aria-expanded=\"true\" aria-label=\"Abrir la tabla de contenidos\"><i aria-hidden=\"true\" class=\"fas fa-chevron-down\"><\/i><\/div>\n\t\t\t\t<div class=\"elementor-toc__toggle-button elementor-toc__toggle-button--collapse\" role=\"button\" tabindex=\"0\" aria-controls=\"elementor-toc__23754\" aria-expanded=\"true\" aria-label=\"Cerrar la tabla de contenidos\"><i aria-hidden=\"true\" class=\"fas fa-chevron-up\"><\/i><\/div>\n\t\t\t\t\t<\/div>\n\t\t\t\t<div id=\"elementor-toc__23754\" class=\"elementor-toc__body\">\n\t\t\t<div class=\"elementor-toc__spinner-container\">\n\t\t\t\t<i class=\"elementor-toc__spinner eicon-animation-spin eicon-loading\" aria-hidden=\"true\"><\/i>\t\t\t<\/div>\n\t\t<\/div>\n\t\t\t\t\t\t<\/div>\n\t\t\t\t<\/div>\n\t\t\t\t\t<\/div>\n\t\t<\/div>\n\t\t\t\t\t<\/div>\n\t\t<\/section>\n\t\t\t\t<section class=\"elementor-section elementor-top-section elementor-element elementor-element-7265b924 elementor-section-boxed elementor-section-height-default elementor-section-height-default\" data-id=\"7265b924\" data-element_type=\"section\" data-e-type=\"section\">\n\t\t\t\t\t\t<div class=\"elementor-container elementor-column-gap-default\">\n\t\t\t\t\t<div class=\"elementor-column elementor-col-100 elementor-top-column elementor-element elementor-element-78e88fe\" data-id=\"78e88fe\" data-element_type=\"column\" data-e-type=\"column\">\n\t\t\t<div class=\"elementor-widget-wrap elementor-element-populated\">\n\t\t\t\t\t\t<div class=\"elementor-element elementor-element-48c306be elementor-widget elementor-widget-heading\" data-id=\"48c306be\" data-element_type=\"widget\" data-e-type=\"widget\" data-widget_type=\"heading.default\">\n\t\t\t\t<div class=\"elementor-widget-container\">\n\t\t\t\t\t<h2 class=\"elementor-heading-title elementor-size-default\">Qu\u00e9 Ver Desde el Mirador de La Gara\u00f1ona<\/h2>\t\t\t\t<\/div>\n\t\t\t\t<\/div>\n\t\t\t\t<div class=\"elementor-element elementor-element-4ada7808 elementor-widget elementor-widget-text-editor\" data-id=\"4ada7808\" data-element_type=\"widget\" data-e-type=\"widget\" data-widget_type=\"text-editor.default\">\n\t\t\t\t<div class=\"elementor-widget-container\">\n\t\t\t\t\t\t\t\t\t<p><span style=\"font-weight: 400;\">El Mirador de La Gara\u00f1ona, en Tenerife, ofrece vistas despejadas sobre el Atl\u00e1ntico y la playa de la Gara\u00f1ona, tambi\u00e9n conocida como la playa de El Arenal, una de las muchas playas volc\u00e1nicas de arena negra que esta isla tiene para descubrir. En d\u00edas de buen tiempo, que aqu\u00ed son casi todos, podr\u00e1s ver el Callao de los Parrales y la costa de Tacoronte. Con un poco de suerte y el mar tranquilo, puedes incluso ver la silueta del avi\u00f3n DC-3 de Spantax, una aeronave que ameriz\u00f3 delante del pueblo de El Sauzal en el a\u00f1o de 1966.<\/span><\/p>\t\t\t\t\t\t\t\t<\/div>\n\t\t\t\t<\/div>\n\t\t\t\t\t<\/div>\n\t\t<\/div>\n\t\t\t\t\t<\/div>\n\t\t<\/section>\n\t\t\t\t<section class=\"elementor-section elementor-top-section elementor-element elementor-element-5a4a4a8 elementor-section-boxed elementor-section-height-default elementor-section-height-default\" data-id=\"5a4a4a8\" data-element_type=\"section\" data-e-type=\"section\">\n\t\t\t\t\t\t<div class=\"elementor-container elementor-column-gap-default\">\n\t\t\t\t\t<div class=\"elementor-column elementor-col-100 elementor-top-column elementor-element elementor-element-affa166\" data-id=\"affa166\" data-element_type=\"column\" data-e-type=\"column\">\n\t\t\t<div class=\"elementor-widget-wrap elementor-element-populated\">\n\t\t\t\t\t\t<div class=\"elementor-element elementor-element-0c0966a elementor-widget elementor-widget-heading\" data-id=\"0c0966a\" data-element_type=\"widget\" data-e-type=\"widget\" data-widget_type=\"heading.default\">\n\t\t\t\t<div class=\"elementor-widget-container\">\n\t\t\t\t\t<h2 class=\"elementor-heading-title elementor-size-default\">Actividades para Disfrutar Cerca del Mirador<\/h2>\t\t\t\t<\/div>\n\t\t\t\t<\/div>\n\t\t\t\t<div class=\"elementor-element elementor-element-ef03fba elementor-widget elementor-widget-text-editor\" data-id=\"ef03fba\" data-element_type=\"widget\" data-e-type=\"widget\" data-widget_type=\"text-editor.default\">\n\t\t\t\t<div class=\"elementor-widget-container\">\n\t\t\t\t\t\t\t\t\t<p><span style=\"font-weight: 400;\">Durante tu visita al Mirador de La Gara\u00f1ona, es probable que te entre el hambre y tengas ganas de probar comida t\u00edpica de Tenerife. No te preocupes, existen algunas opciones de restauraci\u00f3n en El Sauzal, a pocos minutos caminando desde el mirador, y justo al lado tienes tambi\u00e9n una cafeter\u00eda.<\/span><\/p>\t\t\t\t\t\t\t\t<\/div>\n\t\t\t\t<\/div>\n\t\t\t\t<div class=\"elementor-element elementor-element-9bac777 elementor-widget elementor-widget-image\" data-id=\"9bac777\" data-element_type=\"widget\" data-e-type=\"widget\" data-widget_type=\"image.default\">\n\t\t\t\t<div class=\"elementor-widget-container\">\n\t\t\t\t\t\t\t\t\t\t\t\t\t\t\t<img fetchpriority=\"high\" decoding=\"async\" width=\"1360\" height=\"680\" src=\"https:\/\/www.sansofestay.com\/blog\/wp-content\/uploads\/2024\/11\/mirador-garanona-el-sauzal.jpg\" class=\"attachment-full size-full wp-image-1986\" alt=\"mirador-garanona-el-sauzal\" srcset=\"https:\/\/www.sansofestay.com\/blog\/wp-content\/uploads\/2024\/11\/mirador-garanona-el-sauzal.jpg 1360w, https:\/\/www.sansofestay.com\/blog\/wp-content\/uploads\/2024\/11\/mirador-garanona-el-sauzal-768x384.jpg 768w\" sizes=\"(max-width: 1360px) 100vw, 1360px\" \/>\t\t\t\t\t\t\t\t\t\t\t\t\t\t\t<\/div>\n\t\t\t\t<\/div>\n\t\t\t\t<div class=\"elementor-element elementor-element-83e3fd2 elementor-widget elementor-widget-text-editor\" data-id=\"83e3fd2\" data-element_type=\"widget\" data-e-type=\"widget\" data-widget_type=\"text-editor.default\">\n\t\t\t\t<div class=\"elementor-widget-container\">\n\t\t\t\t\t\t\t\t\t<p><span style=\"font-weight: 400;\">Puedes aprovechar para visitar el casco antiguo de este pueblo y dar un paseo por la zona. As\u00ed podr\u00e1s apreciar otras vistas espectaculares al mar.<\/span><\/p><p><span style=\"font-weight: 400;\">Otro punto que debemos destacar es el Parque de los Lavaderos, un pintoresco rinc\u00f3n con muchas plantas y fuentes, que adem\u00e1s tiene vistas al Teide. Para los amantes del vino, El Sauzal es una oportunidad para visitar algunas de sus bodegas o incluso la Casa del Vino, una antigua hacienda que es ahora el Museo Insular de la Vid y el Vino de Tenerife. Sin duda, un plan muy interesante para complementar tu visita al Mirador de La Gara\u00f1ona.<\/span><\/p>\t\t\t\t\t\t\t\t<\/div>\n\t\t\t\t<\/div>\n\t\t\t\t\t<\/div>\n\t\t<\/div>\n\t\t\t\t\t<\/div>\n\t\t<\/section>\n\t\t\t\t<section class=\"elementor-section elementor-top-section elementor-element elementor-element-0181d39 elementor-section-boxed elementor-section-height-default elementor-section-height-default\" data-id=\"0181d39\" data-element_type=\"section\" data-e-type=\"section\">\n\t\t\t\t\t\t<div class=\"elementor-container elementor-column-gap-default\">\n\t\t\t\t\t<div class=\"elementor-column elementor-col-100 elementor-top-column elementor-element elementor-element-2d018e7\" data-id=\"2d018e7\" data-element_type=\"column\" data-e-type=\"column\">\n\t\t\t<div class=\"elementor-widget-wrap elementor-element-populated\">\n\t\t\t\t\t\t<div class=\"elementor-element elementor-element-9c03cf8 elementor-widget elementor-widget-heading\" data-id=\"9c03cf8\" data-element_type=\"widget\" data-e-type=\"widget\" data-widget_type=\"heading.default\">\n\t\t\t\t<div class=\"elementor-widget-container\">\n\t\t\t\t\t<h2 class=\"elementor-heading-title elementor-size-default\">C\u00f3mo Llegar al Mirador de La Gara\u00f1ona<\/h2>\t\t\t\t<\/div>\n\t\t\t\t<\/div>\n\t\t\t\t\t<\/div>\n\t\t<\/div>\n\t\t\t\t\t<\/div>\n\t\t<\/section>\n\t\t\t\t<section class=\"elementor-section elementor-top-section elementor-element elementor-element-73b8c1b elementor-section-boxed elementor-section-height-default elementor-section-height-default\" data-id=\"73b8c1b\" data-element_type=\"section\" data-e-type=\"section\">\n\t\t\t\t\t\t<div class=\"elementor-container elementor-column-gap-default\">\n\t\t\t\t\t<div class=\"elementor-column elementor-col-50 elementor-top-column elementor-element elementor-element-abbe3cc\" data-id=\"abbe3cc\" data-element_type=\"column\" data-e-type=\"column\">\n\t\t\t<div class=\"elementor-widget-wrap elementor-element-populated\">\n\t\t\t\t\t\t<div class=\"elementor-element elementor-element-6dcd871 elementor-widget elementor-widget-google_maps\" data-id=\"6dcd871\" data-element_type=\"widget\" data-e-type=\"widget\" data-widget_type=\"google_maps.default\">\n\t\t\t\t<div class=\"elementor-widget-container\">\n\t\t\t\t\t\t\t<div class=\"elementor-custom-embed\">\n\t\t\t<iframe loading=\"lazy\"\n\t\t\t\t\tsrc=\"https:\/\/maps.google.com\/maps?q=mirador%20la%20gara%C3%B1ona&#038;t=m&#038;z=10&#038;output=embed&#038;iwloc=near\"\n\t\t\t\t\ttitle=\"mirador la gara\u00f1ona\"\n\t\t\t\t\taria-label=\"mirador la gara\u00f1ona\"\n\t\t\t><\/iframe>\n\t\t<\/div>\n\t\t\t\t\t\t<\/div>\n\t\t\t\t<\/div>\n\t\t\t\t\t<\/div>\n\t\t<\/div>\n\t\t\t\t<div class=\"elementor-column elementor-col-50 elementor-top-column elementor-element elementor-element-e919044\" data-id=\"e919044\" data-element_type=\"column\" data-e-type=\"column\">\n\t\t\t<div class=\"elementor-widget-wrap elementor-element-populated\">\n\t\t\t\t\t\t<div class=\"elementor-element elementor-element-ae6c79c elementor-widget elementor-widget-text-editor\" data-id=\"ae6c79c\" data-element_type=\"widget\" data-e-type=\"widget\" data-widget_type=\"text-editor.default\">\n\t\t\t\t<div class=\"elementor-widget-container\">\n\t\t\t\t\t\t\t\t\t<p><span style=\"font-weight: 400;\">No tendr\u00e1s ning\u00fan problema para llegar al Mirador de La Gara\u00f1ona, ya que desde el centro del pueblo de El Sauzal existen indicaciones perfectamente claras. El trayecto desde Santa Cruz de Tenerife, de casi 25 kil\u00f3metros de distancia, tarda unos 20 minutos en coche; San Crist\u00f3bal de La Laguna est\u00e1 todav\u00eda m\u00e1s cerca, a unos 15 minutos en coche; si vienes desde Puerto de La Cruz, tardar\u00e1s igualmente unos 15 minutos; y desde el Teide, en el coraz\u00f3n de la isla, tu viaje en coche llevar\u00e1 poco m\u00e1s de una hora.<\/span><\/p>\t\t\t\t\t\t\t\t<\/div>\n\t\t\t\t<\/div>\n\t\t\t\t\t<\/div>\n\t\t<\/div>\n\t\t\t\t\t<\/div>\n\t\t<\/section>\n\t\t\t\t<section class=\"elementor-section elementor-top-section elementor-element elementor-element-d908535 elementor-section-boxed elementor-section-height-default elementor-section-height-default\" data-id=\"d908535\" data-element_type=\"section\" data-e-type=\"section\">\n\t\t\t\t\t\t<div class=\"elementor-container elementor-column-gap-default\">\n\t\t\t\t\t<div class=\"elementor-column elementor-col-100 elementor-top-column elementor-element elementor-element-8cd1b94\" data-id=\"8cd1b94\" data-element_type=\"column\" data-e-type=\"column\">\n\t\t\t<div class=\"elementor-widget-wrap elementor-element-populated\">\n\t\t\t\t\t\t<div class=\"elementor-element elementor-element-00a6081 elementor-widget elementor-widget-heading\" data-id=\"00a6081\" data-element_type=\"widget\" data-e-type=\"widget\" data-widget_type=\"heading.default\">\n\t\t\t\t<div class=\"elementor-widget-container\">\n\t\t\t\t\t<h2 class=\"elementor-heading-title elementor-size-default\">\u00bfQu\u00e9 Pueblos Debo Visitar Cerca del Mirador de La Gara\u00f1ona?<\/h2>\t\t\t\t<\/div>\n\t\t\t\t<\/div>\n\t\t\t\t<div class=\"elementor-element elementor-element-6f2e698 elementor-widget elementor-widget-text-editor\" data-id=\"6f2e698\" data-element_type=\"widget\" data-e-type=\"widget\" data-widget_type=\"text-editor.default\">\n\t\t\t\t<div class=\"elementor-widget-container\">\n\t\t\t\t\t\t\t\t\t<p><span style=\"font-weight: 400;\">Muy cerca del Mirador de La Gara\u00f1ona podr\u00e1s encontrar algunos pueblos muy interesantes, que combinan la tranquilidad de la vida isle\u00f1a con una oferta cultural, gastron\u00f3mica y de ocio que va a superar tus expectativas.\u00a0<\/span><\/p>\t\t\t\t\t\t\t\t<\/div>\n\t\t\t\t<\/div>\n\t\t\t\t\t<\/div>\n\t\t<\/div>\n\t\t\t\t\t<\/div>\n\t\t<\/section>\n\t\t\t\t<section class=\"elementor-section elementor-top-section elementor-element elementor-element-73c18a6 elementor-section-boxed elementor-section-height-default elementor-section-height-default\" data-id=\"73c18a6\" data-element_type=\"section\" data-e-type=\"section\">\n\t\t\t\t\t\t<div class=\"elementor-container elementor-column-gap-default\">\n\t\t\t\t\t<div class=\"elementor-column elementor-col-50 elementor-top-column elementor-element elementor-element-5251849\" data-id=\"5251849\" data-element_type=\"column\" data-e-type=\"column\">\n\t\t\t<div class=\"elementor-widget-wrap elementor-element-populated\">\n\t\t\t\t\t\t<div class=\"elementor-element elementor-element-d961adc elementor-widget elementor-widget-heading\" data-id=\"d961adc\" data-element_type=\"widget\" data-e-type=\"widget\" data-widget_type=\"heading.default\">\n\t\t\t\t<div class=\"elementor-widget-container\">\n\t\t\t\t\t<h3 class=\"elementor-heading-title elementor-size-default\">El Sauzal<\/h3>\t\t\t\t<\/div>\n\t\t\t\t<\/div>\n\t\t\t\t<div class=\"elementor-element elementor-element-3a7e78c2 elementor-widget elementor-widget-text-editor\" data-id=\"3a7e78c2\" data-element_type=\"widget\" data-e-type=\"widget\" data-widget_type=\"text-editor.default\">\n\t\t\t\t<div class=\"elementor-widget-container\">\n\t\t\t\t\t\t\t\t\t<p><span style=\"font-weight: 400;\">Este peque\u00f1o pueblo, donde est\u00e1 ubicado el Mirador de La Gara\u00f1ona, es perfecto para un paseo relajado, con sus fant\u00e1sticas vistas al mar y al Teide. Los productos locales que destacan aqu\u00ed son la miel y el vino, as\u00ed que aprovecha para probarlos y llevarte un recuerdo a casa. Tambi\u00e9n se encuentra aqu\u00ed la Casa Museo de la Sierva de Dios, donde podr\u00e1s ver el cuerpo de Sor Mar\u00eda de Jes\u00fas, intacto desde su muerte hace unos 400 a\u00f1os.<\/span><\/p>\t\t\t\t\t\t\t\t<\/div>\n\t\t\t\t<\/div>\n\t\t\t\t\t<\/div>\n\t\t<\/div>\n\t\t\t\t<div class=\"elementor-column elementor-col-50 elementor-top-column elementor-element elementor-element-ffb877c\" data-id=\"ffb877c\" data-element_type=\"column\" data-e-type=\"column\">\n\t\t\t<div class=\"elementor-widget-wrap elementor-element-populated\">\n\t\t\t\t\t\t<div class=\"elementor-element elementor-element-eb44997 elementor-widget elementor-widget-heading\" data-id=\"eb44997\" data-element_type=\"widget\" data-e-type=\"widget\" data-widget_type=\"heading.default\">\n\t\t\t\t<div class=\"elementor-widget-container\">\n\t\t\t\t\t<h3 class=\"elementor-heading-title elementor-size-default\">Tacoronte<\/h3>\t\t\t\t<\/div>\n\t\t\t\t<\/div>\n\t\t\t\t<div class=\"elementor-element elementor-element-2b474f2 elementor-widget elementor-widget-text-editor\" data-id=\"2b474f2\" data-element_type=\"widget\" data-e-type=\"widget\" data-widget_type=\"text-editor.default\">\n\t\t\t\t<div class=\"elementor-widget-container\">\n\t\t\t\t\t\t\t\t\t<p><span style=\"font-weight: 400;\">A 15 minutos del Mirador de La Gara\u00f1ona est\u00e1 el pueblo de Tacoronte, con su punto m\u00e1s alto a 1200 metros de altitud y que llega hasta la costa, donde destacan espectaculares acantilados. Es una buena opci\u00f3n como destino de playa, siendo Mesa del Mar nuestra favorita de la zona. Aprovecha para visitar tambi\u00e9n el barrio pesquero de El Pris, hacer buceo o practicar deportes acu\u00e1ticos.\u00a0<\/span><\/p>\t\t\t\t\t\t\t\t<\/div>\n\t\t\t\t<\/div>\n\t\t\t\t\t<\/div>\n\t\t<\/div>\n\t\t\t\t\t<\/div>\n\t\t<\/section>\n\t\t\t\t<section class=\"elementor-section elementor-top-section elementor-element elementor-element-c4e8550 elementor-section-boxed elementor-section-height-default elementor-section-height-default\" data-id=\"c4e8550\" data-element_type=\"section\" data-e-type=\"section\">\n\t\t\t\t\t\t<div class=\"elementor-container elementor-column-gap-default\">\n\t\t\t\t\t<div class=\"elementor-column elementor-col-50 elementor-top-column elementor-element elementor-element-1ce3885\" data-id=\"1ce3885\" data-element_type=\"column\" data-e-type=\"column\">\n\t\t\t<div class=\"elementor-widget-wrap elementor-element-populated\">\n\t\t\t\t\t\t<div class=\"elementor-element elementor-element-30fce2e elementor-widget elementor-widget-heading\" data-id=\"30fce2e\" data-element_type=\"widget\" data-e-type=\"widget\" data-widget_type=\"heading.default\">\n\t\t\t\t<div class=\"elementor-widget-container\">\n\t\t\t\t\t<h3 class=\"elementor-heading-title elementor-size-default\">Puerto de La Cruz<\/h3>\t\t\t\t<\/div>\n\t\t\t\t<\/div>\n\t\t\t\t<div class=\"elementor-element elementor-element-747f455 elementor-widget elementor-widget-text-editor\" data-id=\"747f455\" data-element_type=\"widget\" data-e-type=\"widget\" data-widget_type=\"text-editor.default\">\n\t\t\t\t<div class=\"elementor-widget-container\">\n\t\t\t\t\t\t\t\t\t<p><span style=\"font-weight: 400;\">Uno de los primeros puntos tur\u00edsticos de la Tenerife, Puerto de La Cruz sigue manteniendo su aura piscat\u00f3ria, donde podr\u00e1s ver llegar los barcos con el pescado del d\u00eda (si te despiertas de madrugada, claro), tomar un helado mientras paseas por las calles o darte una chapuz\u00f3n en el Lago Marti\u00e1nez, un complejo de piscinas pr\u00e1cticamente dentro del mar.<\/span><\/p>\t\t\t\t\t\t\t\t<\/div>\n\t\t\t\t<\/div>\n\t\t\t\t\t<\/div>\n\t\t<\/div>\n\t\t\t\t<div class=\"elementor-column elementor-col-50 elementor-top-column elementor-element elementor-element-d14f145\" data-id=\"d14f145\" data-element_type=\"column\" data-e-type=\"column\">\n\t\t\t<div class=\"elementor-widget-wrap elementor-element-populated\">\n\t\t\t\t\t\t<div class=\"elementor-element elementor-element-a4c65df elementor-widget elementor-widget-heading\" data-id=\"a4c65df\" data-element_type=\"widget\" data-e-type=\"widget\" data-widget_type=\"heading.default\">\n\t\t\t\t<div class=\"elementor-widget-container\">\n\t\t\t\t\t<h3 class=\"elementor-heading-title elementor-size-default\">San Crist\u00f3bal de La Laguna<\/h3>\t\t\t\t<\/div>\n\t\t\t\t<\/div>\n\t\t\t\t<div class=\"elementor-element elementor-element-b679e3c elementor-widget elementor-widget-text-editor\" data-id=\"b679e3c\" data-element_type=\"widget\" data-e-type=\"widget\" data-widget_type=\"text-editor.default\">\n\t\t\t\t<div class=\"elementor-widget-container\">\n\t\t\t\t\t\t\t\t\t<p><span style=\"font-weight: 400;\">Tambi\u00e9n cerca del Mirador de La Gara\u00f1ona encontramos San Crist\u00f3bal de La Laguna, una ciudad moderna, joven y llena de vida. Son muchos los bares y restaurantes donde disfrutar del ambiente proporcionado por los m\u00fasicos callejeros, y para quien quiere pasar una tarde de compras, este es un lugar perfecto. El casco antiguo de esta ciudad Patrimonio de la Humanidad de la Unesco merece una visita atenta.<\/span><\/p>\t\t\t\t\t\t\t\t<\/div>\n\t\t\t\t<\/div>\n\t\t\t\t\t<\/div>\n\t\t<\/div>\n\t\t\t\t\t<\/div>\n\t\t<\/section>\n\t\t\t\t<section class=\"elementor-section elementor-top-section elementor-element elementor-element-cd39874 elementor-section-boxed elementor-section-height-default elementor-section-height-default\" data-id=\"cd39874\" data-element_type=\"section\" data-e-type=\"section\">\n\t\t\t\t\t\t<div class=\"elementor-container elementor-column-gap-default\">\n\t\t\t\t\t<div class=\"elementor-column elementor-col-100 elementor-top-column elementor-element elementor-element-608f572\" data-id=\"608f572\" data-element_type=\"column\" data-e-type=\"column\">\n\t\t\t<div class=\"elementor-widget-wrap elementor-element-populated\">\n\t\t\t\t\t\t<div class=\"elementor-element elementor-element-7783e7f elementor-widget elementor-widget-video\" data-id=\"7783e7f\" data-element_type=\"widget\" data-e-type=\"widget\" data-settings=\"{&quot;youtube_url&quot;:&quot;https:\\\/\\\/www.youtube.com\\\/watch?v=03nmahE7BTo&quot;,&quot;video_type&quot;:&quot;youtube&quot;,&quot;controls&quot;:&quot;yes&quot;}\" data-widget_type=\"video.default\">\n\t\t\t\t<div class=\"elementor-widget-container\">\n\t\t\t\t\t\t\t<div class=\"elementor-wrapper elementor-open-inline\">\n\t\t\t<div class=\"elementor-video\"><\/div>\t\t<\/div>\n\t\t\t\t\t\t<\/div>\n\t\t\t\t<\/div>\n\t\t\t\t\t<\/div>\n\t\t<\/div>\n\t\t\t\t\t<\/div>\n\t\t<\/section>\n\t\t\t\t<section class=\"elementor-section elementor-top-section elementor-element elementor-element-2568572 elementor-section-boxed elementor-section-height-default elementor-section-height-default\" data-id=\"2568572\" data-element_type=\"section\" data-e-type=\"section\">\n\t\t\t\t\t\t<div class=\"elementor-container elementor-column-gap-default\">\n\t\t\t\t\t<div class=\"elementor-column elementor-col-100 elementor-top-column elementor-element elementor-element-b07e22c\" data-id=\"b07e22c\" data-element_type=\"column\" data-e-type=\"column\">\n\t\t\t<div class=\"elementor-widget-wrap\">\n\t\t\t\t\t\t\t<\/div>\n\t\t<\/div>\n\t\t\t\t\t<\/div>\n\t\t<\/section>\n\t\t\t\t<section class=\"elementor-section elementor-top-section elementor-element elementor-element-7cc383d7 elementor-section-boxed elementor-section-height-default elementor-section-height-default\" data-id=\"7cc383d7\" data-element_type=\"section\" data-e-type=\"section\">\n\t\t\t\t\t\t<div class=\"elementor-container elementor-column-gap-default\">\n\t\t\t\t\t<div class=\"elementor-column elementor-col-100 elementor-top-column elementor-element elementor-element-7fcef9f4\" data-id=\"7fcef9f4\" data-element_type=\"column\" data-e-type=\"column\">\n\t\t\t<div class=\"elementor-widget-wrap elementor-element-populated\">\n\t\t\t\t\t\t<div class=\"elementor-element elementor-element-2e9ea6d5 elementor-widget elementor-widget-heading\" data-id=\"2e9ea6d5\" data-element_type=\"widget\" data-e-type=\"widget\" data-widget_type=\"heading.default\">\n\t\t\t\t<div class=\"elementor-widget-container\">\n\t\t\t\t\t<h2 class=\"elementor-heading-title elementor-size-default\">Ven a visitar el Mirador de La Gara\u00f1ona: Un Lugar Perfecto para el Atardecer<\/h2>\t\t\t\t<\/div>\n\t\t\t\t<\/div>\n\t\t\t\t<div class=\"elementor-element elementor-element-2fb7b977 elementor-widget elementor-widget-text-editor\" data-id=\"2fb7b977\" data-element_type=\"widget\" data-e-type=\"widget\" data-widget_type=\"text-editor.default\">\n\t\t\t\t<div class=\"elementor-widget-container\">\n\t\t\t\t\t\t\t\t\t<p><span style=\"font-weight: 400;\">Empieza a preparar ya tu pr\u00f3xima visita a Tenerife, la isla de la eterna primavera, y no te olvides de incluir el Mirador de La Gara\u00f1ona en tu itinerario. Adem\u00e1s de las impresionantes vistas, podr\u00e1s aprovechar para conocer algunos pueblos menos tur\u00edsticos, descubrir los vinos de la regi\u00f3n y sentir la verdadera esencia de la isla. No podemos dejar de mencionar la gran oferta de alojamientos que podr\u00e1s encontrar en <\/span><a href=\"https:\/\/www.sansofestay.com\/\"><span style=\"font-weight: 400;\">Sansof\u00e9 Stays<\/span><\/a><span style=\"font-weight: 400;\">: apartamentos, casas y villas en la zona norte de Tenerife, con las condiciones perfectas para unas vacaciones de ensue\u00f1o. Tanto para unas vacaciones familiares como para una escapada con amigos, Tenerife es una soluci\u00f3n perfecta que te va a encantar.<\/span><\/p>\t\t\t\t\t\t\t\t<\/div>\n\t\t\t\t<\/div>\n\t\t\t\t\t<\/div>\n\t\t<\/div>\n\t\t\t\t\t<\/div>\n\t\t<\/section>\n\t\t\t\t<section class=\"elementor-section elementor-top-section elementor-element elementor-element-4d2da180 elementor-section-boxed elementor-section-height-default elementor-section-height-default\" data-id=\"4d2da180\" data-element_type=\"section\" data-e-type=\"section\">\n\t\t\t\t\t\t<div class=\"elementor-container elementor-column-gap-default\">\n\t\t\t\t\t<div class=\"elementor-column elementor-col-33 elementor-top-column elementor-element elementor-element-3273bc4f\" data-id=\"3273bc4f\" data-element_type=\"column\" data-e-type=\"column\">\n\t\t\t<div class=\"elementor-widget-wrap elementor-element-populated\">\n\t\t\t\t\t\t<div class=\"elementor-element elementor-element-13f500ec elementor-align-center elementor-widget elementor-widget-button\" data-id=\"13f500ec\" data-element_type=\"widget\" data-e-type=\"widget\" data-widget_type=\"button.default\">\n\t\t\t\t<div class=\"elementor-widget-container\">\n\t\t\t\t\t\t\t\t\t<div class=\"elementor-button-wrapper\">\n\t\t\t\t\t<a class=\"elementor-button elementor-button-link elementor-size-sm\" href=\"https:\/\/www.sansofestay.com\/alquiler\/alquileres-tenerife-e81\/\" target=\"_blank\">\n\t\t\t\t\t\t<span class=\"elementor-button-content-wrapper\">\n\t\t\t\t\t\t\t\t\t<span class=\"elementor-button-text\">Alojamientos Tenerife Norte<\/span>\n\t\t\t\t\t<\/span>\n\t\t\t\t\t<\/a>\n\t\t\t\t<\/div>\n\t\t\t\t\t\t\t\t<\/div>\n\t\t\t\t<\/div>\n\t\t\t\t\t<\/div>\n\t\t<\/div>\n\t\t\t\t<div class=\"elementor-column elementor-col-33 elementor-top-column elementor-element elementor-element-7fa9c7ae\" data-id=\"7fa9c7ae\" data-element_type=\"column\" data-e-type=\"column\">\n\t\t\t<div class=\"elementor-widget-wrap elementor-element-populated\">\n\t\t\t\t\t\t<div class=\"elementor-element elementor-element-4e897498 elementor-align-center elementor-widget elementor-widget-button\" data-id=\"4e897498\" data-element_type=\"widget\" data-e-type=\"widget\" data-widget_type=\"button.default\">\n\t\t\t\t<div class=\"elementor-widget-container\">\n\t\t\t\t\t\t\t\t\t<div class=\"elementor-button-wrapper\">\n\t\t\t\t\t<a class=\"elementor-button elementor-button-link elementor-size-sm\" href=\"https:\/\/www.sansofestay.com\/alquiler\/apartamentos-tenerife-c1e81\/\" target=\"_blank\">\n\t\t\t\t\t\t<span class=\"elementor-button-content-wrapper\">\n\t\t\t\t\t\t\t\t\t<span class=\"elementor-button-text\">Alquiler de apartamentos en Tenerife Norte<\/span>\n\t\t\t\t\t<\/span>\n\t\t\t\t\t<\/a>\n\t\t\t\t<\/div>\n\t\t\t\t\t\t\t\t<\/div>\n\t\t\t\t<\/div>\n\t\t\t\t\t<\/div>\n\t\t<\/div>\n\t\t\t\t<div class=\"elementor-column elementor-col-33 elementor-top-column elementor-element elementor-element-51d2248c\" data-id=\"51d2248c\" data-element_type=\"column\" data-e-type=\"column\">\n\t\t\t<div class=\"elementor-widget-wrap elementor-element-populated\">\n\t\t\t\t\t\t<div class=\"elementor-element elementor-element-26eafd95 elementor-align-center elementor-widget elementor-widget-button\" data-id=\"26eafd95\" data-element_type=\"widget\" data-e-type=\"widget\" data-widget_type=\"button.default\">\n\t\t\t\t<div class=\"elementor-widget-container\">\n\t\t\t\t\t\t\t\t\t<div class=\"elementor-button-wrapper\">\n\t\t\t\t\t<a class=\"elementor-button elementor-button-link elementor-size-sm\" href=\"https:\/\/www.sansofestay.com\/alquiler\/casas-tenerife-c19e81\/\" target=\"_blank\">\n\t\t\t\t\t\t<span class=\"elementor-button-content-wrapper\">\n\t\t\t\t\t\t\t\t\t<span class=\"elementor-button-text\">Casas de alquiler en Tenerife Norte<\/span>\n\t\t\t\t\t<\/span>\n\t\t\t\t\t<\/a>\n\t\t\t\t<\/div>\n\t\t\t\t\t\t\t\t<\/div>\n\t\t\t\t<\/div>\n\t\t\t\t\t<\/div>\n\t\t<\/div>\n\t\t\t\t\t<\/div>\n\t\t<\/section>\n\t\t\t\t<\/div>\n\t\t","protected":false},"excerpt":{"rendered":"<p>En tu pr\u00f3ximo viaje a Tenerife, ap\u00fantate el Mirador de La Gara\u00f1ona en tu itinerario. Este conjunto de jardines con&#8230;<\/p>\n","protected":false},"author":5,"featured_media":1989,"comment_status":"open","ping_status":"open","sticky":false,"template":"","format":"standard","meta":{"footnotes":""},"categories":[26],"class_list":["post-1970","post","type-post","status-publish","format-standard","has-post-thumbnail","hentry","category-rutas","tag-no-template"],"yoast_head":"<!-- This site is optimized with the Yoast SEO plugin v27.2 - https:\/\/yoast.com\/product\/yoast-seo-wordpress\/ -->\n<title>Vistas Espectaculares en el Mirador de La Gara\u00f1ona - Vacaciones en Tenerife | Sansof\u00e9<\/title>\n<meta name=\"description\" content=\"Disfruta del Mirador La Gara\u00f1ona, en la regi\u00f3n de el Sauzal, en Tenerife Norte, y contempla las vistas asombrosas del oc\u00e9ano y acantilados.\" \/>\n<meta name=\"robots\" content=\"index, follow, max-snippet:-1, max-image-preview:large, max-video-preview:-1\" \/>\n<link rel=\"canonical\" href=\"https:\/\/www.sansofestay.com\/blog\/mirador-la-garanona\/\" \/>\n<meta property=\"og:locale\" content=\"es_ES\" \/>\n<meta property=\"og:type\" content=\"article\" \/>\n<meta property=\"og:title\" content=\"Vistas Espectaculares en el Mirador de La Gara\u00f1ona - Vacaciones en Tenerife | Sansof\u00e9\" \/>\n<meta property=\"og:description\" content=\"Disfruta del Mirador La Gara\u00f1ona, en la regi\u00f3n de el Sauzal, en Tenerife Norte, y contempla las vistas asombrosas del oc\u00e9ano y acantilados.\" \/>\n<meta property=\"og:url\" content=\"https:\/\/www.sansofestay.com\/blog\/mirador-la-garanona\/\" \/>\n<meta property=\"og:site_name\" content=\"Vacaciones en Tenerife | Sansof\u00e9\" \/>\n<meta property=\"article:published_time\" content=\"2024-11-18T09:49:25+00:00\" \/>\n<meta property=\"article:modified_time\" content=\"2026-03-06T11:17:09+00:00\" \/>\n<meta property=\"og:image\" content=\"https:\/\/www.sansofestay.com\/blog\/wp-content\/uploads\/2024\/11\/mirador-garanona-el-sauzal-tenerife.jpg\" \/>\n\t<meta property=\"og:image:width\" content=\"1920\" \/>\n\t<meta property=\"og:image:height\" content=\"724\" \/>\n\t<meta property=\"og:image:type\" content=\"image\/jpeg\" \/>\n<meta name=\"author\" content=\"Rui\" \/>\n<meta name=\"twitter:card\" content=\"summary_large_image\" \/>\n<meta name=\"twitter:label1\" content=\"Escrito por\" \/>\n\t<meta name=\"twitter:data1\" content=\"Rui\" \/>\n\t<meta name=\"twitter:label2\" content=\"Tiempo de lectura\" \/>\n\t<meta name=\"twitter:data2\" content=\"5 minutos\" \/>\n<script type=\"application\/ld+json\" class=\"yoast-schema-graph\">{\"@context\":\"https:\/\/schema.org\",\"@graph\":[{\"@type\":\"Article\",\"@id\":\"https:\/\/www.sansofestay.com\/blog\/mirador-la-garanona\/#article\",\"isPartOf\":{\"@id\":\"https:\/\/www.sansofestay.com\/blog\/mirador-la-garanona\/\"},\"author\":{\"name\":\"Rui\",\"@id\":\"https:\/\/www.sansofestay.com\/blog\/#\/schema\/person\/2011cadc7d09a39a534c68aecdf27ebe\"},\"headline\":\"Vistas Espectaculares en el Mirador de La Gara\u00f1ona\",\"datePublished\":\"2024-11-18T09:49:25+00:00\",\"dateModified\":\"2026-03-06T11:17:09+00:00\",\"mainEntityOfPage\":{\"@id\":\"https:\/\/www.sansofestay.com\/blog\/mirador-la-garanona\/\"},\"wordCount\":1055,\"commentCount\":0,\"image\":{\"@id\":\"https:\/\/www.sansofestay.com\/blog\/mirador-la-garanona\/#primaryimage\"},\"thumbnailUrl\":\"https:\/\/www.sansofestay.com\/blog\/wp-content\/uploads\/2024\/11\/mirador-garanona-el-sauzal-tenerife.jpg\",\"keywords\":[\"No template\"],\"articleSection\":[\"Rutas\"],\"inLanguage\":\"es\",\"potentialAction\":[{\"@type\":\"CommentAction\",\"name\":\"Comment\",\"target\":[\"https:\/\/www.sansofestay.com\/blog\/mirador-la-garanona\/#respond\"]}]},{\"@type\":\"WebPage\",\"@id\":\"https:\/\/www.sansofestay.com\/blog\/mirador-la-garanona\/\",\"url\":\"https:\/\/www.sansofestay.com\/blog\/mirador-la-garanona\/\",\"name\":\"Vistas Espectaculares en el Mirador de La Gara\u00f1ona - Vacaciones en Tenerife | Sansof\u00e9\",\"isPartOf\":{\"@id\":\"https:\/\/www.sansofestay.com\/blog\/#website\"},\"primaryImageOfPage\":{\"@id\":\"https:\/\/www.sansofestay.com\/blog\/mirador-la-garanona\/#primaryimage\"},\"image\":{\"@id\":\"https:\/\/www.sansofestay.com\/blog\/mirador-la-garanona\/#primaryimage\"},\"thumbnailUrl\":\"https:\/\/www.sansofestay.com\/blog\/wp-content\/uploads\/2024\/11\/mirador-garanona-el-sauzal-tenerife.jpg\",\"datePublished\":\"2024-11-18T09:49:25+00:00\",\"dateModified\":\"2026-03-06T11:17:09+00:00\",\"author\":{\"@id\":\"https:\/\/www.sansofestay.com\/blog\/#\/schema\/person\/2011cadc7d09a39a534c68aecdf27ebe\"},\"description\":\"Disfruta del Mirador La Gara\u00f1ona, en la regi\u00f3n de el Sauzal, en Tenerife Norte, y contempla las vistas asombrosas del oc\u00e9ano y acantilados.\",\"inLanguage\":\"es\",\"potentialAction\":[{\"@type\":\"ReadAction\",\"target\":[\"https:\/\/www.sansofestay.com\/blog\/mirador-la-garanona\/\"]}]},{\"@type\":\"ImageObject\",\"inLanguage\":\"es\",\"@id\":\"https:\/\/www.sansofestay.com\/blog\/mirador-la-garanona\/#primaryimage\",\"url\":\"https:\/\/www.sansofestay.com\/blog\/wp-content\/uploads\/2024\/11\/mirador-garanona-el-sauzal-tenerife.jpg\",\"contentUrl\":\"https:\/\/www.sansofestay.com\/blog\/wp-content\/uploads\/2024\/11\/mirador-garanona-el-sauzal-tenerife.jpg\",\"width\":1920,\"height\":724,\"caption\":\"mirador gara\u00f1ona el sauzal tenerife\"},{\"@type\":\"WebSite\",\"@id\":\"https:\/\/www.sansofestay.com\/blog\/#website\",\"url\":\"https:\/\/www.sansofestay.com\/blog\/\",\"name\":\"Vacaciones en Tenerife | Sansof\u00e9\",\"description\":\"Informaci\u00f3n tur\u00edstica de la isla de Tenerife. Explora la isla, las mejores zonas, actividades y consejos\",\"potentialAction\":[{\"@type\":\"SearchAction\",\"target\":{\"@type\":\"EntryPoint\",\"urlTemplate\":\"https:\/\/www.sansofestay.com\/blog\/?s={search_term_string}\"},\"query-input\":{\"@type\":\"PropertyValueSpecification\",\"valueRequired\":true,\"valueName\":\"search_term_string\"}}],\"inLanguage\":\"es\"},{\"@type\":\"Person\",\"@id\":\"https:\/\/www.sansofestay.com\/blog\/#\/schema\/person\/2011cadc7d09a39a534c68aecdf27ebe\",\"name\":\"Rui\",\"image\":{\"@type\":\"ImageObject\",\"inLanguage\":\"es\",\"@id\":\"https:\/\/secure.gravatar.com\/avatar\/a38ee8cdbacfab6e36a7213a319aecff60b0580665839c1ae56aa02edbe73002?s=96&d=mm&r=g\",\"url\":\"https:\/\/secure.gravatar.com\/avatar\/a38ee8cdbacfab6e36a7213a319aecff60b0580665839c1ae56aa02edbe73002?s=96&d=mm&r=g\",\"contentUrl\":\"https:\/\/secure.gravatar.com\/avatar\/a38ee8cdbacfab6e36a7213a319aecff60b0580665839c1ae56aa02edbe73002?s=96&d=mm&r=g\",\"caption\":\"Rui\"},\"url\":\"https:\/\/www.sansofestay.com\/blog\/author\/rui\/\"}]}<\/script>\n<!-- \/ Yoast SEO plugin. -->","yoast_head_json":{"title":"Vistas Espectaculares en el Mirador de La Gara\u00f1ona - Vacaciones en Tenerife | Sansof\u00e9","description":"Disfruta del Mirador La Gara\u00f1ona, en la regi\u00f3n de el Sauzal, en Tenerife Norte, y contempla las vistas asombrosas del oc\u00e9ano y acantilados.","robots":{"index":"index","follow":"follow","max-snippet":"max-snippet:-1","max-image-preview":"max-image-preview:large","max-video-preview":"max-video-preview:-1"},"canonical":"https:\/\/www.sansofestay.com\/blog\/mirador-la-garanona\/","og_locale":"es_ES","og_type":"article","og_title":"Vistas Espectaculares en el Mirador de La Gara\u00f1ona - Vacaciones en Tenerife | Sansof\u00e9","og_description":"Disfruta del Mirador La Gara\u00f1ona, en la regi\u00f3n de el Sauzal, en Tenerife Norte, y contempla las vistas asombrosas del oc\u00e9ano y acantilados.","og_url":"https:\/\/www.sansofestay.com\/blog\/mirador-la-garanona\/","og_site_name":"Vacaciones en Tenerife | Sansof\u00e9","article_published_time":"2024-11-18T09:49:25+00:00","article_modified_time":"2026-03-06T11:17:09+00:00","og_image":[{"width":1920,"height":724,"url":"https:\/\/www.sansofestay.com\/blog\/wp-content\/uploads\/2024\/11\/mirador-garanona-el-sauzal-tenerife.jpg","type":"image\/jpeg"}],"author":"Rui","twitter_card":"summary_large_image","twitter_misc":{"Escrito por":"Rui","Tiempo de lectura":"5 minutos"},"schema":{"@context":"https:\/\/schema.org","@graph":[{"@type":"Article","@id":"https:\/\/www.sansofestay.com\/blog\/mirador-la-garanona\/#article","isPartOf":{"@id":"https:\/\/www.sansofestay.com\/blog\/mirador-la-garanona\/"},"author":{"name":"Rui","@id":"https:\/\/www.sansofestay.com\/blog\/#\/schema\/person\/2011cadc7d09a39a534c68aecdf27ebe"},"headline":"Vistas Espectaculares en el Mirador de La Gara\u00f1ona","datePublished":"2024-11-18T09:49:25+00:00","dateModified":"2026-03-06T11:17:09+00:00","mainEntityOfPage":{"@id":"https:\/\/www.sansofestay.com\/blog\/mirador-la-garanona\/"},"wordCount":1055,"commentCount":0,"image":{"@id":"https:\/\/www.sansofestay.com\/blog\/mirador-la-garanona\/#primaryimage"},"thumbnailUrl":"https:\/\/www.sansofestay.com\/blog\/wp-content\/uploads\/2024\/11\/mirador-garanona-el-sauzal-tenerife.jpg","keywords":["No template"],"articleSection":["Rutas"],"inLanguage":"es","potentialAction":[{"@type":"CommentAction","name":"Comment","target":["https:\/\/www.sansofestay.com\/blog\/mirador-la-garanona\/#respond"]}]},{"@type":"WebPage","@id":"https:\/\/www.sansofestay.com\/blog\/mirador-la-garanona\/","url":"https:\/\/www.sansofestay.com\/blog\/mirador-la-garanona\/","name":"Vistas Espectaculares en el Mirador de La Gara\u00f1ona - Vacaciones en Tenerife | Sansof\u00e9","isPartOf":{"@id":"https:\/\/www.sansofestay.com\/blog\/#website"},"primaryImageOfPage":{"@id":"https:\/\/www.sansofestay.com\/blog\/mirador-la-garanona\/#primaryimage"},"image":{"@id":"https:\/\/www.sansofestay.com\/blog\/mirador-la-garanona\/#primaryimage"},"thumbnailUrl":"https:\/\/www.sansofestay.com\/blog\/wp-content\/uploads\/2024\/11\/mirador-garanona-el-sauzal-tenerife.jpg","datePublished":"2024-11-18T09:49:25+00:00","dateModified":"2026-03-06T11:17:09+00:00","author":{"@id":"https:\/\/www.sansofestay.com\/blog\/#\/schema\/person\/2011cadc7d09a39a534c68aecdf27ebe"},"description":"Disfruta del Mirador La Gara\u00f1ona, en la regi\u00f3n de el Sauzal, en Tenerife Norte, y contempla las vistas asombrosas del oc\u00e9ano y acantilados.","inLanguage":"es","potentialAction":[{"@type":"ReadAction","target":["https:\/\/www.sansofestay.com\/blog\/mirador-la-garanona\/"]}]},{"@type":"ImageObject","inLanguage":"es","@id":"https:\/\/www.sansofestay.com\/blog\/mirador-la-garanona\/#primaryimage","url":"https:\/\/www.sansofestay.com\/blog\/wp-content\/uploads\/2024\/11\/mirador-garanona-el-sauzal-tenerife.jpg","contentUrl":"https:\/\/www.sansofestay.com\/blog\/wp-content\/uploads\/2024\/11\/mirador-garanona-el-sauzal-tenerife.jpg","width":1920,"height":724,"caption":"mirador gara\u00f1ona el sauzal tenerife"},{"@type":"WebSite","@id":"https:\/\/www.sansofestay.com\/blog\/#website","url":"https:\/\/www.sansofestay.com\/blog\/","name":"Vacaciones en Tenerife | Sansof\u00e9","description":"Informaci\u00f3n tur\u00edstica de la isla de Tenerife. Explora la isla, las mejores zonas, actividades y consejos","potentialAction":[{"@type":"SearchAction","target":{"@type":"EntryPoint","urlTemplate":"https:\/\/www.sansofestay.com\/blog\/?s={search_term_string}"},"query-input":{"@type":"PropertyValueSpecification","valueRequired":true,"valueName":"search_term_string"}}],"inLanguage":"es"},{"@type":"Person","@id":"https:\/\/www.sansofestay.com\/blog\/#\/schema\/person\/2011cadc7d09a39a534c68aecdf27ebe","name":"Rui","image":{"@type":"ImageObject","inLanguage":"es","@id":"https:\/\/secure.gravatar.com\/avatar\/a38ee8cdbacfab6e36a7213a319aecff60b0580665839c1ae56aa02edbe73002?s=96&d=mm&r=g","url":"https:\/\/secure.gravatar.com\/avatar\/a38ee8cdbacfab6e36a7213a319aecff60b0580665839c1ae56aa02edbe73002?s=96&d=mm&r=g","contentUrl":"https:\/\/secure.gravatar.com\/avatar\/a38ee8cdbacfab6e36a7213a319aecff60b0580665839c1ae56aa02edbe73002?s=96&d=mm&r=g","caption":"Rui"},"url":"https:\/\/www.sansofestay.com\/blog\/author\/rui\/"}]}},"_pingme":"","_encloseme":"","_top_nav_excluded":"","_cms_nav_minihome":"","_last_translation_edit_mode":"","_edit_last":"3","_wpml_media_featured":"1","_wpml_media_duplicate":"1","_edit_lock":"1731923929:3","_wpml_word_count":"963","_yoast_wpseo_estimated-reading-time-minutes":"5","_yoast_wpseo_meta-robots-noindex":"","_yoast_wpseo_meta-robots-nofollow":"","_yoast_wpseo_wordproof_timestamp":"","_yoast_wpseo_primary_category":"","_elementor_edit_mode":"builder","_elementor_template_type":"wp-post","_elementor_version":"3.19.4","_elementor_pro_version":"3.19.3","_wp_page_template":"default","_elementor_page_settings":{"page_template":"elementor_header_footer"},"_elementor_data":"[{\"id\":\"1713abc9\",\"elType\":\"section\",\"settings\":[],\"elements\":[{\"id\":\"4ccc039a\",\"elType\":\"column\",\"settings\":{\"_column_size\":100,\"_inline_size\":null},\"elements\":[{\"id\":\"5068557\",\"elType\":\"widget\",\"settings\":{\"editor\":\"<p><span style=\\\"font-weight: 400;\\\">En tu pr\\u00f3ximo viaje a Tenerife, ap\\u00fantate el Mirador de La Gara\\u00f1ona en tu itinerario. Este conjunto de jardines con una vegetaci\\u00f3n exuberante ofrece unas vistas fant\\u00e1sticas del mar Atl\\u00e1ntico desde un precioso acantilado, con m\\u00e1s de 200 metros de altitud, que te permitir\\u00e1 sacar unas fotos incre\\u00edbles. En la costa norte de Tenerife, este punto es un imprescindible de la regi\\u00f3n.<\\\/span><\\\/p><p><span style=\\\"font-weight: 400;\\\">Adem\\u00e1s, podr\\u00e1s explorar todos los senderos, palmerales y rincones del lugar: un paseo muy agradable para toda la familia. En este art\\u00edculo, vamos a contarte que puedes ver desde el Mirador de La Gara\\u00f1ona, que actividades est\\u00e1n disponibles en sus alrededores, te diremos como llegar hasta este punto de la isla y te daremos algunas sugerencias de alojamiento para hacer de tu viaje un \\u00e9xito inolvidable.<\\\/span><\\\/p>\",\"text_color\":\"#7A7A7A\",\"typography_typography\":\"custom\",\"typography_font_family\":\"Maven Pro\",\"typography_font_size\":{\"unit\":\"px\",\"size\":18,\"sizes\":[]},\"typography_font_weight\":\"400\",\"align\":\"justify\",\"_margin\":{\"unit\":\"px\",\"top\":\"-15\",\"right\":\"0\",\"bottom\":\"0\",\"left\":\"0\",\"isLinked\":false}},\"elements\":[],\"widgetType\":\"text-editor\"}],\"isInner\":false}],\"isInner\":false},{\"id\":\"aca2571\",\"elType\":\"section\",\"settings\":[],\"elements\":[{\"id\":\"755a4b52\",\"elType\":\"column\",\"settings\":{\"_column_size\":100,\"_inline_size\":null},\"elements\":[{\"id\":\"23754\",\"elType\":\"widget\",\"settings\":{\"title\":\"\\u00cdNDICE\",\"html_tag\":\"div\",\"headings_by_tags\":[\"h2\"],\"exclude_headings_by_selector\":[],\"border_radius\":{\"unit\":\"px\",\"size\":10,\"sizes\":[]},\"header_background_color\":\"#69775E\",\"header_text_color\":\"#FFFFFF\"},\"elements\":[],\"widgetType\":\"table-of-contents\"}],\"isInner\":false}],\"isInner\":false},{\"id\":\"7265b924\",\"elType\":\"section\",\"settings\":{\"margin\":{\"unit\":\"px\",\"top\":\"30\",\"right\":0,\"bottom\":\"0\",\"left\":0,\"isLinked\":false}},\"elements\":[{\"id\":\"78e88fe\",\"elType\":\"column\",\"settings\":{\"_column_size\":100,\"_inline_size\":null},\"elements\":[{\"id\":\"48c306be\",\"elType\":\"widget\",\"settings\":{\"title\":\"Qu\\u00e9 Ver Desde el Mirador de La Gara\\u00f1ona\",\"title_color\":\"#69775E\",\"typography_typography\":\"custom\",\"typography_font_family\":\"Maven Pro\",\"typography_font_size\":{\"unit\":\"px\",\"size\":30,\"sizes\":[]},\"typography_font_weight\":\"700\"},\"elements\":[],\"widgetType\":\"heading\"},{\"id\":\"4ada7808\",\"elType\":\"widget\",\"settings\":{\"editor\":\"<p><span style=\\\"font-weight: 400;\\\">El Mirador de La Gara\\u00f1ona, en Tenerife, ofrece vistas despejadas sobre el Atl\\u00e1ntico y la playa de la Gara\\u00f1ona, tambi\\u00e9n conocida como la playa de El Arenal, una de las muchas playas volc\\u00e1nicas de arena negra que esta isla tiene para descubrir. En d\\u00edas de buen tiempo, que aqu\\u00ed son casi todos, podr\\u00e1s ver el Callao de los Parrales y la costa de Tacoronte. Con un poco de suerte y el mar tranquilo, puedes incluso ver la silueta del avi\\u00f3n DC-3 de Spantax, una aeronave que ameriz\\u00f3 delante del pueblo de El Sauzal en el a\\u00f1o de 1966.<\\\/span><\\\/p>\",\"text_color\":\"#7A7A7A\",\"typography_typography\":\"custom\",\"typography_font_family\":\"Maven Pro\",\"typography_font_size\":{\"unit\":\"px\",\"size\":18,\"sizes\":[]},\"typography_font_weight\":\"400\",\"align\":\"justify\",\"_margin\":{\"unit\":\"px\",\"top\":\"-15\",\"right\":\"0\",\"bottom\":\"0\",\"left\":\"0\",\"isLinked\":false}},\"elements\":[],\"widgetType\":\"text-editor\"}],\"isInner\":false}],\"isInner\":false},{\"id\":\"5a4a4a8\",\"elType\":\"section\",\"settings\":{\"margin\":{\"unit\":\"px\",\"top\":\"30\",\"right\":0,\"bottom\":\"0\",\"left\":0,\"isLinked\":false}},\"elements\":[{\"id\":\"affa166\",\"elType\":\"column\",\"settings\":{\"_column_size\":100,\"_inline_size\":null},\"elements\":[{\"id\":\"0c0966a\",\"elType\":\"widget\",\"settings\":{\"title\":\"Actividades para Disfrutar Cerca del Mirador\",\"title_color\":\"#69775E\",\"typography_typography\":\"custom\",\"typography_font_family\":\"Maven Pro\",\"typography_font_size\":{\"unit\":\"px\",\"size\":30,\"sizes\":[]},\"typography_font_weight\":\"700\"},\"elements\":[],\"widgetType\":\"heading\"},{\"id\":\"ef03fba\",\"elType\":\"widget\",\"settings\":{\"editor\":\"<p><span style=\\\"font-weight: 400;\\\">Durante tu visita al Mirador de La Gara\\u00f1ona, es probable que te entre el hambre y tengas ganas de probar comida t\\u00edpica de Tenerife. No te preocupes, existen algunas opciones de restauraci\\u00f3n en El Sauzal, a pocos minutos caminando desde el mirador, y justo al lado tienes tambi\\u00e9n una cafeter\\u00eda.<\\\/span><\\\/p>\",\"text_color\":\"#7A7A7A\",\"typography_typography\":\"custom\",\"typography_font_family\":\"Maven Pro\",\"typography_font_size\":{\"unit\":\"px\",\"size\":18,\"sizes\":[]},\"typography_font_weight\":\"400\",\"align\":\"justify\",\"_margin\":{\"unit\":\"px\",\"top\":\"-15\",\"right\":\"0\",\"bottom\":\"0\",\"left\":\"0\",\"isLinked\":false}},\"elements\":[],\"widgetType\":\"text-editor\"},{\"id\":\"9bac777\",\"elType\":\"widget\",\"settings\":{\"image\":{\"url\":\"https:\\\/\\\/www.sansofestay.com\\\/blog\\\/wp-content\\\/uploads\\\/2024\\\/11\\\/mirador-garanona-el-sauzal.jpg\",\"id\":1986},\"image_size\":\"full\"},\"elements\":[],\"widgetType\":\"image\"},{\"id\":\"83e3fd2\",\"elType\":\"widget\",\"settings\":{\"editor\":\"<p><span style=\\\"font-weight: 400;\\\">Puedes aprovechar para visitar el casco antiguo de este pueblo y dar un paseo por la zona. As\\u00ed podr\\u00e1s apreciar otras vistas espectaculares al mar.<\\\/span><\\\/p><p><span style=\\\"font-weight: 400;\\\">Otro punto que debemos destacar es el Parque de los Lavaderos, un pintoresco rinc\\u00f3n con muchas plantas y fuentes, que adem\\u00e1s tiene vistas al Teide. Para los amantes del vino, El Sauzal es una oportunidad para visitar algunas de sus bodegas o incluso la Casa del Vino, una antigua hacienda que es ahora el Museo Insular de la Vid y el Vino de Tenerife. Sin duda, un plan muy interesante para complementar tu visita al Mirador de La Gara\\u00f1ona.<\\\/span><\\\/p>\",\"text_color\":\"#7A7A7A\",\"typography_typography\":\"custom\",\"typography_font_family\":\"Maven Pro\",\"typography_font_size\":{\"unit\":\"px\",\"size\":18,\"sizes\":[]},\"typography_font_weight\":\"400\",\"align\":\"justify\",\"_margin\":{\"unit\":\"px\",\"top\":\"-15\",\"right\":\"0\",\"bottom\":\"0\",\"left\":\"0\",\"isLinked\":false}},\"elements\":[],\"widgetType\":\"text-editor\"}],\"isInner\":false}],\"isInner\":false},{\"id\":\"0181d39\",\"elType\":\"section\",\"settings\":{\"margin\":{\"unit\":\"px\",\"top\":\"30\",\"right\":0,\"bottom\":\"0\",\"left\":0,\"isLinked\":false}},\"elements\":[{\"id\":\"2d018e7\",\"elType\":\"column\",\"settings\":{\"_column_size\":100,\"_inline_size\":null},\"elements\":[{\"id\":\"9c03cf8\",\"elType\":\"widget\",\"settings\":{\"title\":\"C\\u00f3mo Llegar al Mirador de La Gara\\u00f1ona\",\"title_color\":\"#69775E\",\"typography_typography\":\"custom\",\"typography_font_family\":\"Maven Pro\",\"typography_font_size\":{\"unit\":\"px\",\"size\":30,\"sizes\":[]},\"typography_font_weight\":\"700\"},\"elements\":[],\"widgetType\":\"heading\"}],\"isInner\":false}],\"isInner\":false},{\"id\":\"73b8c1b\",\"elType\":\"section\",\"settings\":{\"structure\":\"20\"},\"elements\":[{\"id\":\"abbe3cc\",\"elType\":\"column\",\"settings\":{\"_column_size\":50,\"_inline_size\":null},\"elements\":[{\"id\":\"6dcd871\",\"elType\":\"widget\",\"settings\":{\"address\":\"mirador la gara\\u00f1ona\"},\"elements\":[],\"widgetType\":\"google_maps\"}],\"isInner\":false},{\"id\":\"e919044\",\"elType\":\"column\",\"settings\":{\"_column_size\":50,\"_inline_size\":null},\"elements\":[{\"id\":\"ae6c79c\",\"elType\":\"widget\",\"settings\":{\"editor\":\"<p><span style=\\\"font-weight: 400;\\\">No tendr\\u00e1s ning\\u00fan problema para llegar al Mirador de La Gara\\u00f1ona, ya que desde el centro del pueblo de El Sauzal existen indicaciones perfectamente claras. El trayecto desde Santa Cruz de Tenerife, de casi 25 kil\\u00f3metros de distancia, tarda unos 20 minutos en coche; San Crist\\u00f3bal de La Laguna est\\u00e1 todav\\u00eda m\\u00e1s cerca, a unos 15 minutos en coche; si vienes desde Puerto de La Cruz, tardar\\u00e1s igualmente unos 15 minutos; y desde el Teide, en el coraz\\u00f3n de la isla, tu viaje en coche llevar\\u00e1 poco m\\u00e1s de una hora.<\\\/span><\\\/p>\",\"text_color\":\"#7A7A7A\",\"typography_typography\":\"custom\",\"typography_font_family\":\"Maven Pro\",\"typography_font_size\":{\"unit\":\"px\",\"size\":18,\"sizes\":[]},\"typography_font_weight\":\"400\",\"align\":\"justify\",\"_margin\":{\"unit\":\"px\",\"top\":\"-15\",\"right\":\"0\",\"bottom\":\"0\",\"left\":\"0\",\"isLinked\":false}},\"elements\":[],\"widgetType\":\"text-editor\"}],\"isInner\":false}],\"isInner\":false},{\"id\":\"d908535\",\"elType\":\"section\",\"settings\":{\"margin\":{\"unit\":\"px\",\"top\":\"30\",\"right\":0,\"bottom\":\"0\",\"left\":0,\"isLinked\":false}},\"elements\":[{\"id\":\"8cd1b94\",\"elType\":\"column\",\"settings\":{\"_column_size\":100,\"_inline_size\":null},\"elements\":[{\"id\":\"00a6081\",\"elType\":\"widget\",\"settings\":{\"title\":\"\\u00bfQu\\u00e9 Pueblos Debo Visitar Cerca del Mirador de La Gara\\u00f1ona?\",\"title_color\":\"#69775E\",\"typography_typography\":\"custom\",\"typography_font_family\":\"Maven Pro\",\"typography_font_size\":{\"unit\":\"px\",\"size\":30,\"sizes\":[]},\"typography_font_weight\":\"700\"},\"elements\":[],\"widgetType\":\"heading\"},{\"id\":\"6f2e698\",\"elType\":\"widget\",\"settings\":{\"editor\":\"<p><span style=\\\"font-weight: 400;\\\">Muy cerca del Mirador de La Gara\\u00f1ona podr\\u00e1s encontrar algunos pueblos muy interesantes, que combinan la tranquilidad de la vida isle\\u00f1a con una oferta cultural, gastron\\u00f3mica y de ocio que va a superar tus expectativas.\\u00a0<\\\/span><\\\/p>\",\"text_color\":\"#7A7A7A\",\"typography_typography\":\"custom\",\"typography_font_family\":\"Maven Pro\",\"typography_font_size\":{\"unit\":\"px\",\"size\":18,\"sizes\":[]},\"typography_font_weight\":\"400\",\"align\":\"justify\",\"_margin\":{\"unit\":\"px\",\"top\":\"-15\",\"right\":\"0\",\"bottom\":\"0\",\"left\":\"0\",\"isLinked\":false}},\"elements\":[],\"widgetType\":\"text-editor\"}],\"isInner\":false}],\"isInner\":false},{\"id\":\"73c18a6\",\"elType\":\"section\",\"settings\":{\"structure\":\"20\"},\"elements\":[{\"id\":\"5251849\",\"elType\":\"column\",\"settings\":{\"_column_size\":50,\"_inline_size\":null},\"elements\":[{\"id\":\"d961adc\",\"elType\":\"widget\",\"settings\":{\"title\":\"El Sauzal\",\"header_size\":\"h3\",\"title_color\":\"#69775E\",\"typography_typography\":\"custom\",\"typography_font_family\":\"Maven Pro\",\"typography_font_size\":{\"unit\":\"px\",\"size\":20,\"sizes\":[]},\"typography_font_weight\":\"700\"},\"elements\":[],\"widgetType\":\"heading\"},{\"id\":\"3a7e78c2\",\"elType\":\"widget\",\"settings\":{\"editor\":\"<p><span style=\\\"font-weight: 400;\\\">Este peque\\u00f1o pueblo, donde est\\u00e1 ubicado el Mirador de La Gara\\u00f1ona, es perfecto para un paseo relajado, con sus fant\\u00e1sticas vistas al mar y al Teide. Los productos locales que destacan aqu\\u00ed son la miel y el vino, as\\u00ed que aprovecha para probarlos y llevarte un recuerdo a casa. Tambi\\u00e9n se encuentra aqu\\u00ed la Casa Museo de la Sierva de Dios, donde podr\\u00e1s ver el cuerpo de Sor Mar\\u00eda de Jes\\u00fas, intacto desde su muerte hace unos 400 a\\u00f1os.<\\\/span><\\\/p>\",\"text_color\":\"#7A7A7A\",\"typography_typography\":\"custom\",\"typography_font_family\":\"Maven Pro\",\"typography_font_size\":{\"unit\":\"px\",\"size\":18,\"sizes\":[]},\"typography_font_weight\":\"400\",\"align\":\"justify\",\"_margin\":{\"unit\":\"px\",\"top\":\"-15\",\"right\":\"0\",\"bottom\":\"0\",\"left\":\"0\",\"isLinked\":false}},\"elements\":[],\"widgetType\":\"text-editor\"}],\"isInner\":false},{\"id\":\"ffb877c\",\"elType\":\"column\",\"settings\":{\"_column_size\":50,\"_inline_size\":null},\"elements\":[{\"id\":\"eb44997\",\"elType\":\"widget\",\"settings\":{\"title\":\"Tacoronte\",\"header_size\":\"h3\",\"title_color\":\"#69775E\",\"typography_typography\":\"custom\",\"typography_font_family\":\"Maven Pro\",\"typography_font_size\":{\"unit\":\"px\",\"size\":20,\"sizes\":[]},\"typography_font_weight\":\"700\"},\"elements\":[],\"widgetType\":\"heading\"},{\"id\":\"2b474f2\",\"elType\":\"widget\",\"settings\":{\"editor\":\"<p><span style=\\\"font-weight: 400;\\\">A 15 minutos del Mirador de La Gara\\u00f1ona est\\u00e1 el pueblo de Tacoronte, con su punto m\\u00e1s alto a 1200 metros de altitud y que llega hasta la costa, donde destacan espectaculares acantilados. Es una buena opci\\u00f3n como destino de playa, siendo Mesa del Mar nuestra favorita de la zona. Aprovecha para visitar tambi\\u00e9n el barrio pesquero de El Pris, hacer buceo o practicar deportes acu\\u00e1ticos.\\u00a0<\\\/span><\\\/p>\",\"text_color\":\"#7A7A7A\",\"typography_typography\":\"custom\",\"typography_font_family\":\"Maven Pro\",\"typography_font_size\":{\"unit\":\"px\",\"size\":18,\"sizes\":[]},\"typography_font_weight\":\"400\",\"align\":\"justify\",\"_margin\":{\"unit\":\"px\",\"top\":\"-15\",\"right\":\"0\",\"bottom\":\"0\",\"left\":\"0\",\"isLinked\":false}},\"elements\":[],\"widgetType\":\"text-editor\"}],\"isInner\":false}],\"isInner\":false},{\"id\":\"c4e8550\",\"elType\":\"section\",\"settings\":{\"structure\":\"20\"},\"elements\":[{\"id\":\"1ce3885\",\"elType\":\"column\",\"settings\":{\"_column_size\":50,\"_inline_size\":null},\"elements\":[{\"id\":\"30fce2e\",\"elType\":\"widget\",\"settings\":{\"title\":\"Puerto de La Cruz\",\"header_size\":\"h3\",\"title_color\":\"#69775E\",\"typography_typography\":\"custom\",\"typography_font_family\":\"Maven Pro\",\"typography_font_size\":{\"unit\":\"px\",\"size\":20,\"sizes\":[]},\"typography_font_weight\":\"700\"},\"elements\":[],\"widgetType\":\"heading\"},{\"id\":\"747f455\",\"elType\":\"widget\",\"settings\":{\"editor\":\"<p><span style=\\\"font-weight: 400;\\\">Uno de los primeros puntos tur\\u00edsticos de la Tenerife, Puerto de La Cruz sigue manteniendo su aura piscat\\u00f3ria, donde podr\\u00e1s ver llegar los barcos con el pescado del d\\u00eda (si te despiertas de madrugada, claro), tomar un helado mientras paseas por las calles o darte una chapuz\\u00f3n en el Lago Marti\\u00e1nez, un complejo de piscinas pr\\u00e1cticamente dentro del mar.<\\\/span><\\\/p>\",\"text_color\":\"#7A7A7A\",\"typography_typography\":\"custom\",\"typography_font_family\":\"Maven Pro\",\"typography_font_size\":{\"unit\":\"px\",\"size\":18,\"sizes\":[]},\"typography_font_weight\":\"400\",\"align\":\"justify\",\"_margin\":{\"unit\":\"px\",\"top\":\"-15\",\"right\":\"0\",\"bottom\":\"0\",\"left\":\"0\",\"isLinked\":false}},\"elements\":[],\"widgetType\":\"text-editor\"}],\"isInner\":false},{\"id\":\"d14f145\",\"elType\":\"column\",\"settings\":{\"_column_size\":50,\"_inline_size\":null},\"elements\":[{\"id\":\"a4c65df\",\"elType\":\"widget\",\"settings\":{\"title\":\"San Crist\\u00f3bal de La Laguna\",\"header_size\":\"h3\",\"title_color\":\"#69775E\",\"typography_typography\":\"custom\",\"typography_font_family\":\"Maven Pro\",\"typography_font_size\":{\"unit\":\"px\",\"size\":20,\"sizes\":[]},\"typography_font_weight\":\"700\"},\"elements\":[],\"widgetType\":\"heading\"},{\"id\":\"b679e3c\",\"elType\":\"widget\",\"settings\":{\"editor\":\"<p><span style=\\\"font-weight: 400;\\\">Tambi\\u00e9n cerca del Mirador de La Gara\\u00f1ona encontramos San Crist\\u00f3bal de La Laguna, una ciudad moderna, joven y llena de vida. Son muchos los bares y restaurantes donde disfrutar del ambiente proporcionado por los m\\u00fasicos callejeros, y para quien quiere pasar una tarde de compras, este es un lugar perfecto. El casco antiguo de esta ciudad Patrimonio de la Humanidad de la Unesco merece una visita atenta.<\\\/span><\\\/p>\",\"text_color\":\"#7A7A7A\",\"typography_typography\":\"custom\",\"typography_font_family\":\"Maven Pro\",\"typography_font_size\":{\"unit\":\"px\",\"size\":18,\"sizes\":[]},\"typography_font_weight\":\"400\",\"align\":\"justify\",\"_margin\":{\"unit\":\"px\",\"top\":\"-15\",\"right\":\"0\",\"bottom\":\"0\",\"left\":\"0\",\"isLinked\":false}},\"elements\":[],\"widgetType\":\"text-editor\"}],\"isInner\":false}],\"isInner\":false},{\"id\":\"cd39874\",\"elType\":\"section\",\"settings\":{\"margin\":{\"unit\":\"px\",\"top\":\"20\",\"right\":0,\"bottom\":\"0\",\"left\":0,\"isLinked\":false}},\"elements\":[{\"id\":\"608f572\",\"elType\":\"column\",\"settings\":{\"_column_size\":100,\"_inline_size\":null},\"elements\":[{\"id\":\"7783e7f\",\"elType\":\"widget\",\"settings\":{\"youtube_url\":\"https:\\\/\\\/www.youtube.com\\\/watch?v=03nmahE7BTo\",\"vimeo_url\":\"https:\\\/\\\/vimeo.com\\\/235215203\",\"dailymotion_url\":\"https:\\\/\\\/www.dailymotion.com\\\/video\\\/x6tqhqb\",\"videopress_url\":\"https:\\\/\\\/videopress.com\\\/v\\\/ZCAOzTNk\",\"aspect_ratio\":\"219\"},\"elements\":[],\"widgetType\":\"video\"}],\"isInner\":false}],\"isInner\":false},{\"id\":\"2568572\",\"elType\":\"section\",\"settings\":{\"margin\":{\"unit\":\"px\",\"top\":\"20\",\"right\":0,\"bottom\":\"0\",\"left\":0,\"isLinked\":false}},\"elements\":[{\"id\":\"b07e22c\",\"elType\":\"column\",\"settings\":{\"_column_size\":100,\"_inline_size\":null},\"elements\":[],\"isInner\":false}],\"isInner\":false},{\"id\":\"7cc383d7\",\"elType\":\"section\",\"settings\":{\"margin\":{\"unit\":\"px\",\"top\":\"30\",\"right\":0,\"bottom\":\"0\",\"left\":0,\"isLinked\":false}},\"elements\":[{\"id\":\"7fcef9f4\",\"elType\":\"column\",\"settings\":{\"_column_size\":100,\"_inline_size\":null},\"elements\":[{\"id\":\"2e9ea6d5\",\"elType\":\"widget\",\"settings\":{\"title\":\"Ven a visitar el Mirador de La Gara\\u00f1ona: Un Lugar Perfecto para el Atardecer\",\"title_color\":\"#69775E\",\"typography_typography\":\"custom\",\"typography_font_family\":\"Maven Pro\",\"typography_font_size\":{\"unit\":\"px\",\"size\":30,\"sizes\":[]},\"typography_font_weight\":\"700\"},\"elements\":[],\"widgetType\":\"heading\"},{\"id\":\"2fb7b977\",\"elType\":\"widget\",\"settings\":{\"editor\":\"<p><span style=\\\"font-weight: 400;\\\">Empieza a preparar ya tu pr\\u00f3xima visita a Tenerife, la isla de la eterna primavera, y no te olvides de incluir el Mirador de La Gara\\u00f1ona en tu itinerario. Adem\\u00e1s de las impresionantes vistas, podr\\u00e1s aprovechar para conocer algunos pueblos menos tur\\u00edsticos, descubrir los vinos de la regi\\u00f3n y sentir la verdadera esencia de la isla. No podemos dejar de mencionar la gran oferta de alojamientos que podr\\u00e1s encontrar en <\\\/span><a href=\\\"https:\\\/\\\/www.sansofestay.com\\\/\\\"><span style=\\\"font-weight: 400;\\\">Sansof\\u00e9 Stays<\\\/span><\\\/a><span style=\\\"font-weight: 400;\\\">: apartamentos, casas y villas en la zona norte de Tenerife, con las condiciones perfectas para unas vacaciones de ensue\\u00f1o. Tanto para unas vacaciones familiares como para una escapada con amigos, Tenerife es una soluci\\u00f3n perfecta que te va a encantar.<\\\/span><\\\/p>\",\"text_color\":\"#7A7A7A\",\"typography_typography\":\"custom\",\"typography_font_family\":\"Maven Pro\",\"typography_font_size\":{\"unit\":\"px\",\"size\":18,\"sizes\":[]},\"typography_font_weight\":\"400\",\"align\":\"justify\",\"_margin\":{\"unit\":\"px\",\"top\":\"-15\",\"right\":\"0\",\"bottom\":\"0\",\"left\":\"0\",\"isLinked\":false}},\"elements\":[],\"widgetType\":\"text-editor\"}],\"isInner\":false}],\"isInner\":false},{\"id\":\"4d2da180\",\"elType\":\"section\",\"settings\":{\"structure\":\"30\",\"margin\":{\"unit\":\"px\",\"top\":\"30\",\"right\":0,\"bottom\":\"0\",\"left\":0,\"isLinked\":false}},\"elements\":[{\"id\":\"3273bc4f\",\"elType\":\"column\",\"settings\":{\"_column_size\":33,\"_inline_size\":null},\"elements\":[{\"id\":\"13f500ec\",\"elType\":\"widget\",\"settings\":{\"text\":\"Alojamientos Tenerife Norte\",\"link\":{\"url\":\"https:\\\/\\\/www.sansofestay.com\\\/alquiler\\\/alquileres-tenerife-e81\\\/\",\"is_external\":\"on\",\"nofollow\":\"\",\"custom_attributes\":\"\"},\"align\":\"center\",\"background_color\":\"#69775E\"},\"elements\":[],\"widgetType\":\"button\"}],\"isInner\":false},{\"id\":\"7fa9c7ae\",\"elType\":\"column\",\"settings\":{\"_column_size\":33,\"_inline_size\":null},\"elements\":[{\"id\":\"4e897498\",\"elType\":\"widget\",\"settings\":{\"text\":\"Alquiler de apartamentos en Tenerife Norte\",\"link\":{\"url\":\"https:\\\/\\\/www.sansofestay.com\\\/alquiler\\\/apartamentos-tenerife-c1e81\\\/\",\"is_external\":\"on\",\"nofollow\":\"\",\"custom_attributes\":\"\"},\"align\":\"center\",\"background_color\":\"#69775E\"},\"elements\":[],\"widgetType\":\"button\"}],\"isInner\":false},{\"id\":\"51d2248c\",\"elType\":\"column\",\"settings\":{\"_column_size\":33,\"_inline_size\":null},\"elements\":[{\"id\":\"26eafd95\",\"elType\":\"widget\",\"settings\":{\"text\":\"Casas de alquiler en Tenerife Norte\",\"link\":{\"url\":\"https:\\\/\\\/www.sansofestay.com\\\/alquiler\\\/casas-tenerife-c19e81\\\/\",\"is_external\":\"on\",\"nofollow\":\"\",\"custom_attributes\":\"\"},\"align\":\"center\",\"background_color\":\"#69775E\"},\"elements\":[],\"widgetType\":\"button\"}],\"isInner\":false}],\"isInner\":false}]","_yoast_wpseo_content_score":"90","_wpml_location_migration_done":"1","_yoast_wpseo_metadesc":"Disfruta del Mirador La Gara\u00f1ona, en la regi\u00f3n de el Sauzal, en Tenerife Norte, y contempla las vistas asombrosas del oc\u00e9ano y acantilados.","_wpse_old_slug":"vistas-espectaculares-en-el-mirador-de-la-garanona","_thumbnail_id":"1989","_yoast_wpseo_focuskw":"Mirador La Gara\u00f1ona","_yoast_wpseo_title":"%%title%% %%page%% %%sep%% %%sitename%%","_yoast_wpseo_linkdex":"72","_elementor_controls_usage":{"text-editor":{"count":11,"control_percent":2,"controls":{"content":{"section_editor":{"editor":11}},"style":{"section_style":{"text_color":11,"typography_typography":11,"typography_font_family":11,"typography_font_size":11,"typography_font_weight":11,"align":11}},"advanced":{"_section_style":{"_margin":11}}}},"column":{"count":18,"control_percent":0,"controls":{"layout":{"layout":{"_inline_size":18}}}},"section":{"count":13,"control_percent":1,"controls":{"advanced":{"section_advanced":{"margin":8}},"layout":{"section_structure":{"structure":4}}}},"table-of-contents":{"count":1,"control_percent":2,"controls":{"content":{"table_of_contents":{"title":1,"html_tag":1,"headings_by_tags":1}},"style":{"box_style":{"border_radius":1},"header_style":{"header_background_color":1,"header_text_color":1}}}},"heading":{"count":9,"control_percent":2,"controls":{"content":{"section_title":{"title":9,"header_size":4}},"style":{"section_title_style":{"title_color":9,"typography_typography":9,"typography_font_family":9,"typography_font_size":9,"typography_font_weight":9}}}},"image":{"count":1,"control_percent":1,"controls":{"content":{"section_image":{"image":1,"image_size":1}}}},"google_maps":{"count":1,"control_percent":0,"controls":{"content":{"section_map":{"address":1}}}},"video":{"count":1,"control_percent":1,"controls":{"content":{"section_video":{"youtube_url":1}},"style":{"section_video_style":{"aspect_ratio":1}}}},"button":{"count":3,"control_percent":1,"controls":{"content":{"section_button":{"text":3,"link":3}},"style":{"section_style":{"align":3,"background_color":3}}}}},"_wp_old_slug":"vistas-espectaculares-en-el-mirador-de-la-garanona","_elementor_template_widget_type":"","_elementor_popup_display_settings":"","_wpml_post_translation_editor_native":"","_wp_old_date":"","_oembed_73d8af3ba4596fb88a7f14b93e1916a9":"","_oembed_time_73d8af3ba4596fb88a7f14b93e1916a9":"","_oembed_f9dc1bf2ed4539093f877876c5bac98e":"","_links":{"self":[{"href":"https:\/\/www.sansofestay.com\/blog\/wp-json\/wp\/v2\/posts\/1970","targetHints":{"allow":["GET"]}}],"collection":[{"href":"https:\/\/www.sansofestay.com\/blog\/wp-json\/wp\/v2\/posts"}],"about":[{"href":"https:\/\/www.sansofestay.com\/blog\/wp-json\/wp\/v2\/types\/post"}],"author":[{"embeddable":true,"href":"https:\/\/www.sansofestay.com\/blog\/wp-json\/wp\/v2\/users\/5"}],"replies":[{"embeddable":true,"href":"https:\/\/www.sansofestay.com\/blog\/wp-json\/wp\/v2\/comments?post=1970"}],"version-history":[{"count":14,"href":"https:\/\/www.sansofestay.com\/blog\/wp-json\/wp\/v2\/posts\/1970\/revisions"}],"predecessor-version":[{"id":1994,"href":"https:\/\/www.sansofestay.com\/blog\/wp-json\/wp\/v2\/posts\/1970\/revisions\/1994"}],"wp:featuredmedia":[{"embeddable":true,"href":"https:\/\/www.sansofestay.com\/blog\/wp-json\/wp\/v2\/media\/1989"}],"wp:attachment":[{"href":"https:\/\/www.sansofestay.com\/blog\/wp-json\/wp\/v2\/media?parent=1970"}],"wp:term":[{"taxonomy":"category","embeddable":true,"href":"https:\/\/www.sansofestay.com\/blog\/wp-json\/wp\/v2\/categories?post=1970"}],"curies":[{"name":"wp","href":"https:\/\/api.w.org\/{rel}","templated":true}]}}