{"id":2088,"date":"2024-12-24T08:23:24","date_gmt":"2024-12-24T08:23:24","guid":{"rendered":"https:\/\/www.sansofestay.com\/blog\/?p=2088"},"modified":"2024-12-26T10:02:35","modified_gmt":"2024-12-26T10:02:35","slug":"vive-un-fin-de-ano-inolvidable-en-tenerife","status":"publish","type":"post","link":"https:\/\/www.sansofestay.com\/blog\/vive-un-fin-de-ano-inolvidable-en-tenerife\/","title":{"rendered":"Vive un Fin de A\u00f1o Inolvidable en Tenerife"},"content":{"rendered":"\t\t<div data-elementor-type=\"wp-post\" data-elementor-id=\"2088\" class=\"elementor elementor-2088\" data-elementor-post-type=\"post\">\n\t\t\t\t\t\t<section class=\"elementor-section elementor-top-section elementor-element elementor-element-40ca5ec elementor-section-boxed elementor-section-height-default elementor-section-height-default\" data-id=\"40ca5ec\" data-element_type=\"section\" data-e-type=\"section\">\n\t\t\t\t\t\t<div class=\"elementor-container elementor-column-gap-default\">\n\t\t\t\t\t<div class=\"elementor-column elementor-col-100 elementor-top-column elementor-element elementor-element-d1738b0\" data-id=\"d1738b0\" data-element_type=\"column\" data-e-type=\"column\">\n\t\t\t<div class=\"elementor-widget-wrap elementor-element-populated\">\n\t\t\t\t\t\t<div class=\"elementor-element elementor-element-2a44c97 elementor-widget elementor-widget-text-editor\" data-id=\"2a44c97\" data-element_type=\"widget\" data-e-type=\"widget\" data-widget_type=\"text-editor.default\">\n\t\t\t\t<div class=\"elementor-widget-container\">\n\t\t\t\t\t\t\t\t\t<p><span style=\"font-weight: 400;\">Si buscas un lugar especial para despedir el a\u00f1o y dar la bienvenida al siguiente, <\/span><b>Tenerife<\/b><span style=\"font-weight: 400;\"> se posiciona como un destino ideal. Este para\u00edso en las Islas Canarias ofrece una combinaci\u00f3n perfecta de buen clima, paisajes de ensue\u00f1o y una amplia variedad de actividades que har\u00e1n de tu <\/span><b>fin de a\u00f1o en Tenerife<\/b><span style=\"font-weight: 400;\"> una experiencia memorable.<\/span><\/p><h2><b>\u00bfPor qu\u00e9 Tenerife es el mejor destino para Fin de A\u00f1o?<\/b><\/h2><p><span style=\"font-weight: 400;\">Tenerife combina todo lo que necesitas para despedir el a\u00f1o de manera inolvidable. Su clima templado en diciembre, con temperaturas que rondan los 20 \u00b0C, permite disfrutar de actividades al aire libre, desde relajarse en sus playas de arena dorada hasta explorar sus impresionantes paisajes naturales.<\/span><\/p><p><span style=\"font-weight: 400;\">Adem\u00e1s, la isla ofrece una atm\u00f3sfera \u00fanica durante estas fechas, con eventos especiales, mercados navide\u00f1os y espectaculares fuegos artificiales que iluminan el cielo al llegar la medianoche. Sin importar si prefieres una celebraci\u00f3n tranquila en la playa o una noche llena de energ\u00eda en la ciudad, Tenerife tiene algo especial para cada tipo de viajero.<\/span><\/p><p><span style=\"font-weight: 400;\">En <\/span><b>Sansofe Stay<\/b><span style=\"font-weight: 400;\">, te ayudamos a aprovechar al m\u00e1ximo tu estancia con alojamientos perfectamente ubicados para disfrutar de todo lo que Tenerife ofrece durante el fin de a\u00f1o.<\/span><\/p>\t\t\t\t\t\t\t\t<\/div>\n\t\t\t\t<\/div>\n\t\t\t\t\t<\/div>\n\t\t<\/div>\n\t\t\t\t\t<\/div>\n\t\t<\/section>\n\t\t\t\t<section class=\"elementor-section elementor-top-section elementor-element elementor-element-2a3c9be elementor-section-boxed elementor-section-height-default elementor-section-height-default\" data-id=\"2a3c9be\" data-element_type=\"section\" data-e-type=\"section\">\n\t\t\t\t\t\t<div class=\"elementor-container elementor-column-gap-default\">\n\t\t\t\t\t<div class=\"elementor-column elementor-col-100 elementor-top-column elementor-element elementor-element-27030fa\" data-id=\"27030fa\" data-element_type=\"column\" data-e-type=\"column\">\n\t\t\t<div class=\"elementor-widget-wrap elementor-element-populated\">\n\t\t\t\t\t\t<div class=\"elementor-element elementor-element-287fdbc elementor-widget elementor-widget-image\" data-id=\"287fdbc\" data-element_type=\"widget\" data-e-type=\"widget\" data-widget_type=\"image.default\">\n\t\t\t\t<div class=\"elementor-widget-container\">\n\t\t\t\t\t\t\t\t\t\t\t\t\t\t\t<img fetchpriority=\"high\" decoding=\"async\" width=\"1900\" height=\"806\" src=\"https:\/\/www.sansofestay.com\/blog\/wp-content\/uploads\/2024\/12\/fin-ano-tenerife.webp\" class=\"attachment-full size-full wp-image-2094\" alt=\"fin-an\u0303o-tenerife\" srcset=\"https:\/\/www.sansofestay.com\/blog\/wp-content\/uploads\/2024\/12\/fin-ano-tenerife.webp 1900w, https:\/\/www.sansofestay.com\/blog\/wp-content\/uploads\/2024\/12\/fin-ano-tenerife-768x326.webp 768w, https:\/\/www.sansofestay.com\/blog\/wp-content\/uploads\/2024\/12\/fin-ano-tenerife-1536x652.webp 1536w\" sizes=\"(max-width: 1900px) 100vw, 1900px\" \/>\t\t\t\t\t\t\t\t\t\t\t\t\t\t\t<\/div>\n\t\t\t\t<\/div>\n\t\t\t\t\t<\/div>\n\t\t<\/div>\n\t\t\t\t\t<\/div>\n\t\t<\/section>\n\t\t\t\t<section class=\"elementor-section elementor-top-section elementor-element elementor-element-cca719b elementor-section-boxed elementor-section-height-default elementor-section-height-default\" data-id=\"cca719b\" data-element_type=\"section\" data-e-type=\"section\">\n\t\t\t\t\t\t<div class=\"elementor-container elementor-column-gap-default\">\n\t\t\t\t\t<div class=\"elementor-column elementor-col-100 elementor-top-column elementor-element elementor-element-710cf86\" data-id=\"710cf86\" data-element_type=\"column\" data-e-type=\"column\">\n\t\t\t<div class=\"elementor-widget-wrap elementor-element-populated\">\n\t\t\t\t\t\t<div class=\"elementor-element elementor-element-7bbd4b3 elementor-widget elementor-widget-text-editor\" data-id=\"7bbd4b3\" data-element_type=\"widget\" data-e-type=\"widget\" data-widget_type=\"text-editor.default\">\n\t\t\t\t<div class=\"elementor-widget-container\">\n\t\t\t\t\t\t\t\t\t<h3><b>Alojamientos exclusivos en Tenerife Norte para Fin de A\u00f1o<\/b><\/h3><p><span style=\"font-weight: 400;\">En <\/span><b>Sansofe Stay<\/b><span style=\"font-weight: 400;\">, ofrecemos una selecci\u00f3n de <a href=\"https:\/\/www.sansofestay.com\/alquiler-vacacional-tenerife\/\">alojamientos en el norte de Tenerife<\/a>, ideales para disfrutar de una estancia inolvidable durante las celebraciones de fin de a\u00f1o. Nuestras propiedades, situadas en entornos naturales, brindan vistas al mar y al Teide, proporcionando un ambiente sereno y confortable para tus vacaciones.<\/span><\/p><p><b>Opciones de alojamiento:<\/b><\/p><ul><li style=\"font-weight: 400;\" aria-level=\"1\"><b>Villa de lujo con piscina y vistas al mar en El Sauzal:<\/b><span style=\"font-weight: 400;\"> Esta villa cuenta con cuatro dormitorios y capacidad para ocho personas, ofreciendo un espacio amplio y elegante para grupos o familias que buscan comodidad y privacidad.\u00a0<\/span><\/li><\/ul>\t\t\t\t\t\t\t\t<\/div>\n\t\t\t\t<\/div>\n\t\t\t\t\t<\/div>\n\t\t<\/div>\n\t\t\t\t\t<\/div>\n\t\t<\/section>\n\t\t\t\t<section class=\"elementor-section elementor-top-section elementor-element elementor-element-3ee19d54 elementor-section-boxed elementor-section-height-default elementor-section-height-default\" data-id=\"3ee19d54\" data-element_type=\"section\" data-e-type=\"section\">\n\t\t\t\t\t\t<div class=\"elementor-container elementor-column-gap-default\">\n\t\t\t\t\t<div class=\"elementor-column elementor-col-50 elementor-top-column elementor-element elementor-element-ea50f32\" data-id=\"ea50f32\" data-element_type=\"column\" data-e-type=\"column\">\n\t\t\t<div class=\"elementor-widget-wrap elementor-element-populated\">\n\t\t\t\t\t\t<div class=\"elementor-element elementor-element-74e5918e elementor-widget elementor-widget-image\" data-id=\"74e5918e\" data-element_type=\"widget\" data-e-type=\"widget\" data-widget_type=\"image.default\">\n\t\t\t\t<div class=\"elementor-widget-container\">\n\t\t\t\t\t\t\t\t\t\t\t\t\t\t\t\t<a href=\"https:\/\/www.sansofestay.com\/alquiler\/villa-el-sauzal-villa-de-lujo-con-piscina-y-vistas-al-mar-449228.html\">\n\t\t\t\t\t\t\t<img decoding=\"async\" src=\"https:\/\/www.sansofestay.com\/blog\/wp-content\/uploads\/elementor\/thumbs\/reserva-tu-alojamiento-con-piscina-privada-en-tenerife-qu1p0ge5ufrp66hf0594ak4uglu7uvb7gcawpfijog.webp\" title=\"reserva tu alojamiento con piscina privada en tenerife\" alt=\"reserva tu alojamiento con piscina privada en tenerife\" loading=\"lazy\" \/>\t\t\t\t\t\t\t\t<\/a>\n\t\t\t\t\t\t\t\t\t\t\t\t\t\t\t<\/div>\n\t\t\t\t<\/div>\n\t\t\t\t\t<\/div>\n\t\t<\/div>\n\t\t\t\t<div class=\"elementor-column elementor-col-50 elementor-top-column elementor-element elementor-element-133164c4\" data-id=\"133164c4\" data-element_type=\"column\" data-e-type=\"column\">\n\t\t\t<div class=\"elementor-widget-wrap elementor-element-populated\">\n\t\t\t\t\t\t<div class=\"elementor-element elementor-element-596b6206 elementor-widget elementor-widget-heading\" data-id=\"596b6206\" data-element_type=\"widget\" data-e-type=\"widget\" data-widget_type=\"heading.default\">\n\t\t\t\t<div class=\"elementor-widget-container\">\n\t\t\t\t\t<h3 class=\"elementor-heading-title elementor-size-default\">Villa de lujo con piscina privada y vistas al mar<\/h3>\t\t\t\t<\/div>\n\t\t\t\t<\/div>\n\t\t\t\t<div class=\"elementor-element elementor-element-6a973a86 elementor-widget elementor-widget-text-editor\" data-id=\"6a973a86\" data-element_type=\"widget\" data-e-type=\"widget\" data-widget_type=\"text-editor.default\">\n\t\t\t\t<div class=\"elementor-widget-container\">\n\t\t\t\t\t\t\t\t\t<p>Disfruta de un remanso de paz con una privacidad y libertad exclusiva. El Jard\u00edn del Sol est\u00e1 pensado para aquellos que buscan la excelencia.\u00a0Rodeada por la naturaleza y en primera l\u00ednea de mar, nuestra villa le ofrece la oportunidad de presenciar los mejores atardeceres de Tenerife en un entorno \u00fanico<\/p>\t\t\t\t\t\t\t\t<\/div>\n\t\t\t\t<\/div>\n\t\t\t\t<section class=\"elementor-section elementor-inner-section elementor-element elementor-element-bbf0613 elementor-section-boxed elementor-section-height-default elementor-section-height-default\" data-id=\"bbf0613\" data-element_type=\"section\" data-e-type=\"section\">\n\t\t\t\t\t\t<div class=\"elementor-container elementor-column-gap-default\">\n\t\t\t\t\t<div class=\"elementor-column elementor-col-50 elementor-inner-column elementor-element elementor-element-46045726\" data-id=\"46045726\" data-element_type=\"column\" data-e-type=\"column\">\n\t\t\t<div class=\"elementor-widget-wrap elementor-element-populated\">\n\t\t\t\t\t\t<div class=\"elementor-element elementor-element-bfabba8 elementor-widget elementor-widget-text-editor\" data-id=\"bfabba8\" data-element_type=\"widget\" data-e-type=\"widget\" data-widget_type=\"text-editor.default\">\n\t\t\t\t<div class=\"elementor-widget-container\">\n\t\t\t\t\t\t\t\t\t<p><strong>Desde 3.500\u20ac\/semana<\/strong><\/p>\t\t\t\t\t\t\t\t<\/div>\n\t\t\t\t<\/div>\n\t\t\t\t\t<\/div>\n\t\t<\/div>\n\t\t\t\t<div class=\"elementor-column elementor-col-50 elementor-inner-column elementor-element elementor-element-53ae86e4\" data-id=\"53ae86e4\" data-element_type=\"column\" data-e-type=\"column\">\n\t\t\t<div class=\"elementor-widget-wrap elementor-element-populated\">\n\t\t\t\t\t\t<div class=\"elementor-element elementor-element-44843a3d elementor-align-left elementor-widget elementor-widget-button\" data-id=\"44843a3d\" data-element_type=\"widget\" data-e-type=\"widget\" data-widget_type=\"button.default\">\n\t\t\t\t<div class=\"elementor-widget-container\">\n\t\t\t\t\t\t\t\t\t<div class=\"elementor-button-wrapper\">\n\t\t\t\t\t<a class=\"elementor-button elementor-button-link elementor-size-sm\" href=\"https:\/\/www.sansofestay.com\/alquiler\/apartamento-la-matanza-de-acentejo-03-3-tenerife-vista-mar-y-montana-168145.html\" target=\"_blank\">\n\t\t\t\t\t\t<span class=\"elementor-button-content-wrapper\">\n\t\t\t\t\t\t\t\t\t<span class=\"elementor-button-text\">Ver m\u00e1s<\/span>\n\t\t\t\t\t<\/span>\n\t\t\t\t\t<\/a>\n\t\t\t\t<\/div>\n\t\t\t\t\t\t\t\t<\/div>\n\t\t\t\t<\/div>\n\t\t\t\t\t<\/div>\n\t\t<\/div>\n\t\t\t\t\t<\/div>\n\t\t<\/section>\n\t\t\t\t\t<\/div>\n\t\t<\/div>\n\t\t\t\t\t<\/div>\n\t\t<\/section>\n\t\t\t\t<section class=\"elementor-section elementor-top-section elementor-element elementor-element-36c2554 elementor-section-boxed elementor-section-height-default elementor-section-height-default\" data-id=\"36c2554\" data-element_type=\"section\" data-e-type=\"section\">\n\t\t\t\t\t\t<div class=\"elementor-container elementor-column-gap-default\">\n\t\t\t\t\t<div class=\"elementor-column elementor-col-100 elementor-top-column elementor-element elementor-element-8363bf0\" data-id=\"8363bf0\" data-element_type=\"column\" data-e-type=\"column\">\n\t\t\t<div class=\"elementor-widget-wrap elementor-element-populated\">\n\t\t\t\t\t\t<div class=\"elementor-element elementor-element-42aa037 elementor-widget elementor-widget-text-editor\" data-id=\"42aa037\" data-element_type=\"widget\" data-e-type=\"widget\" data-widget_type=\"text-editor.default\">\n\t\t\t\t<div class=\"elementor-widget-container\">\n\t\t\t\t\t\t\t\t\t<p><b>Apartamentos en La Matanza de Acentejo:<\/b><span style=\"font-weight: 400;\"> Disponemos de apartamentos de una y dos habitaciones, equipados con terrazas privadas, jardines y vistas panor\u00e1micas al oc\u00e9ano Atl\u00e1ntico, perfectos para parejas o peque\u00f1as familias que desean una escapada tranquila.<\/span><\/p>\t\t\t\t\t\t\t\t<\/div>\n\t\t\t\t<\/div>\n\t\t\t\t\t<\/div>\n\t\t<\/div>\n\t\t\t\t\t<\/div>\n\t\t<\/section>\n\t\t\t\t<section class=\"elementor-section elementor-top-section elementor-element elementor-element-3ec85994 elementor-section-boxed elementor-section-height-default elementor-section-height-default\" data-id=\"3ec85994\" data-element_type=\"section\" data-e-type=\"section\">\n\t\t\t\t\t\t<div class=\"elementor-container elementor-column-gap-default\">\n\t\t\t\t\t<div class=\"elementor-column elementor-col-50 elementor-top-column elementor-element elementor-element-26447c69\" data-id=\"26447c69\" data-element_type=\"column\" data-e-type=\"column\">\n\t\t\t<div class=\"elementor-widget-wrap elementor-element-populated\">\n\t\t\t\t\t\t<div class=\"elementor-element elementor-element-51927ec0 elementor-widget elementor-widget-image\" data-id=\"51927ec0\" data-element_type=\"widget\" data-e-type=\"widget\" data-widget_type=\"image.default\">\n\t\t\t\t<div class=\"elementor-widget-container\">\n\t\t\t\t\t\t\t\t\t\t\t\t\t\t\t\t<a href=\"https:\/\/www.sansofestay.com\/alquiler\/apartamento-la-matanza-de-acentejo-07-6-tenerife-vista-montana-privacidad-168216.html\">\n\t\t\t\t\t\t\t<img decoding=\"async\" width=\"500\" height=\"300\" src=\"https:\/\/www.sansofestay.com\/blog\/wp-content\/uploads\/2023\/08\/apartment-with-mountain-view-heated-pool-tenerife.jpg\" class=\"attachment-full size-full wp-image-666\" alt=\"apartment with mountain view and heated pool in tenerife\" \/>\t\t\t\t\t\t\t\t<\/a>\n\t\t\t\t\t\t\t\t\t\t\t\t\t\t\t<\/div>\n\t\t\t\t<\/div>\n\t\t\t\t\t<\/div>\n\t\t<\/div>\n\t\t\t\t<div class=\"elementor-column elementor-col-50 elementor-top-column elementor-element elementor-element-19d0dc06\" data-id=\"19d0dc06\" data-element_type=\"column\" data-e-type=\"column\">\n\t\t\t<div class=\"elementor-widget-wrap elementor-element-populated\">\n\t\t\t\t\t\t<div class=\"elementor-element elementor-element-3057e449 elementor-widget elementor-widget-heading\" data-id=\"3057e449\" data-element_type=\"widget\" data-e-type=\"widget\" data-widget_type=\"heading.default\">\n\t\t\t\t<div class=\"elementor-widget-container\">\n\t\t\t\t\t<h3 class=\"elementor-heading-title elementor-size-default\">Apartamento con vistas a la monta\u00f1a y piscina climatizada en Tenerife<\/h3>\t\t\t\t<\/div>\n\t\t\t\t<\/div>\n\t\t\t\t<div class=\"elementor-element elementor-element-7167e04c elementor-widget elementor-widget-text-editor\" data-id=\"7167e04c\" data-element_type=\"widget\" data-e-type=\"widget\" data-widget_type=\"text-editor.default\">\n\t\t\t\t<div class=\"elementor-widget-container\">\n\t\t\t\t\t\t\t\t\t<p>Precioso apartamento en Tenerife, en la Costa Norte de Tenerife, con vistas a la monta\u00f1a y piscina climatizada. El apartamento mide 64m\u00b2 y puede alojar hasta 5 personas. Ideal para vacaciones en familia o con amigos.<\/p>\t\t\t\t\t\t\t\t<\/div>\n\t\t\t\t<\/div>\n\t\t\t\t<section class=\"elementor-section elementor-inner-section elementor-element elementor-element-1d1f3b0 elementor-section-boxed elementor-section-height-default elementor-section-height-default\" data-id=\"1d1f3b0\" data-element_type=\"section\" data-e-type=\"section\">\n\t\t\t\t\t\t<div class=\"elementor-container elementor-column-gap-default\">\n\t\t\t\t\t<div class=\"elementor-column elementor-col-50 elementor-inner-column elementor-element elementor-element-23e22a93\" data-id=\"23e22a93\" data-element_type=\"column\" data-e-type=\"column\">\n\t\t\t<div class=\"elementor-widget-wrap elementor-element-populated\">\n\t\t\t\t\t\t<div class=\"elementor-element elementor-element-14ccdd41 elementor-widget elementor-widget-text-editor\" data-id=\"14ccdd41\" data-element_type=\"widget\" data-e-type=\"widget\" data-widget_type=\"text-editor.default\">\n\t\t\t\t<div class=\"elementor-widget-container\">\n\t\t\t\t\t\t\t\t\t<p><strong>Desde 504\u20ac\/semana<\/strong><\/p>\t\t\t\t\t\t\t\t<\/div>\n\t\t\t\t<\/div>\n\t\t\t\t\t<\/div>\n\t\t<\/div>\n\t\t\t\t<div class=\"elementor-column elementor-col-50 elementor-inner-column elementor-element elementor-element-50244867\" data-id=\"50244867\" data-element_type=\"column\" data-e-type=\"column\">\n\t\t\t<div class=\"elementor-widget-wrap elementor-element-populated\">\n\t\t\t\t\t\t<div class=\"elementor-element elementor-element-435d8321 elementor-align-left elementor-widget elementor-widget-button\" data-id=\"435d8321\" data-element_type=\"widget\" data-e-type=\"widget\" data-widget_type=\"button.default\">\n\t\t\t\t<div class=\"elementor-widget-container\">\n\t\t\t\t\t\t\t\t\t<div class=\"elementor-button-wrapper\">\n\t\t\t\t\t<a class=\"elementor-button elementor-button-link elementor-size-sm\" href=\"https:\/\/www.sansofestay.com\/alquiler\/apartamento-la-matanza-de-acentejo-07-6-tenerife-vista-montana-privacidad-168216.html\" target=\"_blank\">\n\t\t\t\t\t\t<span class=\"elementor-button-content-wrapper\">\n\t\t\t\t\t\t\t\t\t<span class=\"elementor-button-text\">Ver el apartamento<\/span>\n\t\t\t\t\t<\/span>\n\t\t\t\t\t<\/a>\n\t\t\t\t<\/div>\n\t\t\t\t\t\t\t\t<\/div>\n\t\t\t\t<\/div>\n\t\t\t\t\t<\/div>\n\t\t<\/div>\n\t\t\t\t\t<\/div>\n\t\t<\/section>\n\t\t\t\t\t<\/div>\n\t\t<\/div>\n\t\t\t\t\t<\/div>\n\t\t<\/section>\n\t\t\t\t<section class=\"elementor-section elementor-top-section elementor-element elementor-element-66a583b elementor-section-boxed elementor-section-height-default elementor-section-height-default\" data-id=\"66a583b\" data-element_type=\"section\" data-e-type=\"section\">\n\t\t\t\t\t\t<div class=\"elementor-container elementor-column-gap-default\">\n\t\t\t\t\t<div class=\"elementor-column elementor-col-100 elementor-top-column elementor-element elementor-element-f7787da\" data-id=\"f7787da\" data-element_type=\"column\" data-e-type=\"column\">\n\t\t\t<div class=\"elementor-widget-wrap elementor-element-populated\">\n\t\t\t\t\t\t<div class=\"elementor-element elementor-element-4d2f076 elementor-widget elementor-widget-text-editor\" data-id=\"4d2f076\" data-element_type=\"widget\" data-e-type=\"widget\" data-widget_type=\"text-editor.default\">\n\t\t\t\t<div class=\"elementor-widget-container\">\n\t\t\t\t\t\t\t\t\t<p><b>Caracter\u00edsticas destacadas de nuestros alojamientos:<\/b><\/p><ul><li style=\"font-weight: 400;\" aria-level=\"1\"><b>Piscinas climatizadas:<\/b><span style=\"font-weight: 400;\"> Algunas de nuestras propiedades cuentan con piscinas climatizadas, permitiendo disfrutar de un ba\u00f1o relajante incluso en las noches frescas de diciembre.<\/span><\/li><li style=\"font-weight: 400;\" aria-level=\"1\"><b>Entornos naturales:<\/b><span style=\"font-weight: 400;\"> Nuestras viviendas est\u00e1n rodeadas de jardines y ubicadas en fincas ecol\u00f3gicas, ofreciendo un contacto directo con la naturaleza y un ambiente de paz y tranquilidad.<\/span><\/li><li style=\"font-weight: 400;\" aria-level=\"1\"><b>Vistas panor\u00e1micas:<\/b><span style=\"font-weight: 400;\"> Disfruta de impresionantes vistas al mar y al Teide desde la comodidad de tu alojamiento, creando el escenario perfecto para recibir el nuevo a\u00f1o.<\/span><\/li><\/ul><p><b>Ubicaci\u00f3n estrat\u00e9gica:<\/b><\/p><p><span style=\"font-weight: 400;\">Situados en el norte de Tenerife, nuestros alojamientos te permiten acceder f\u00e1cilmente a las principales atracciones de la isla, como el Parque Nacional del Teide, playas naturales y pintorescos pueblos canarios.<\/span><\/p><p><b>Experiencias adicionales:<\/b><\/p><p><span style=\"font-weight: 400;\">Adem\u00e1s del alojamiento, en Sansofe Stay te ofrecemos informaci\u00f3n sobre actividades y eventos locales para que disfrutes plenamente de las festividades de fin de a\u00f1o en Tenerife.<\/span><\/p>\t\t\t\t\t\t\t\t<\/div>\n\t\t\t\t<\/div>\n\t\t\t\t\t<\/div>\n\t\t<\/div>\n\t\t\t\t\t<\/div>\n\t\t<\/section>\n\t\t\t\t<section class=\"elementor-section elementor-top-section elementor-element elementor-element-d702e58 elementor-section-boxed elementor-section-height-default elementor-section-height-default\" data-id=\"d702e58\" data-element_type=\"section\" data-e-type=\"section\">\n\t\t\t\t\t\t<div class=\"elementor-container elementor-column-gap-default\">\n\t\t\t\t\t<div class=\"elementor-column elementor-col-100 elementor-top-column elementor-element elementor-element-a5ae51d\" data-id=\"a5ae51d\" data-element_type=\"column\" data-e-type=\"column\">\n\t\t\t<div class=\"elementor-widget-wrap elementor-element-populated\">\n\t\t\t\t\t\t<div class=\"elementor-element elementor-element-4c0b17a elementor-widget elementor-widget-image\" data-id=\"4c0b17a\" data-element_type=\"widget\" data-e-type=\"widget\" data-widget_type=\"image.default\">\n\t\t\t\t<div class=\"elementor-widget-container\">\n\t\t\t\t\t\t\t\t\t\t\t\t\t\t\t<img decoding=\"async\" width=\"1920\" height=\"650\" src=\"https:\/\/www.sansofestay.com\/blog\/wp-content\/uploads\/2024\/02\/Escapada-Tenerife.jpg\" class=\"attachment-full size-full wp-image-1246\" alt=\"Escapada Tenerife\" srcset=\"https:\/\/www.sansofestay.com\/blog\/wp-content\/uploads\/2024\/02\/Escapada-Tenerife.jpg 1920w, https:\/\/www.sansofestay.com\/blog\/wp-content\/uploads\/2024\/02\/Escapada-Tenerife-768x260.jpg 768w, https:\/\/www.sansofestay.com\/blog\/wp-content\/uploads\/2024\/02\/Escapada-Tenerife-1536x520.jpg 1536w\" sizes=\"(max-width: 1920px) 100vw, 1920px\" \/>\t\t\t\t\t\t\t\t\t\t\t\t\t\t\t<\/div>\n\t\t\t\t<\/div>\n\t\t\t\t\t<\/div>\n\t\t<\/div>\n\t\t\t\t\t<\/div>\n\t\t<\/section>\n\t\t\t\t<section class=\"elementor-section elementor-top-section elementor-element elementor-element-d569de7 elementor-section-boxed elementor-section-height-default elementor-section-height-default\" data-id=\"d569de7\" data-element_type=\"section\" data-e-type=\"section\">\n\t\t\t\t\t\t<div class=\"elementor-container elementor-column-gap-default\">\n\t\t\t\t\t<div class=\"elementor-column elementor-col-100 elementor-top-column elementor-element elementor-element-c4582cb\" data-id=\"c4582cb\" data-element_type=\"column\" data-e-type=\"column\">\n\t\t\t<div class=\"elementor-widget-wrap elementor-element-populated\">\n\t\t\t\t\t\t<div class=\"elementor-element elementor-element-5c5fc82 elementor-widget elementor-widget-text-editor\" data-id=\"5c5fc82\" data-element_type=\"widget\" data-e-type=\"widget\" data-widget_type=\"text-editor.default\">\n\t\t\t\t<div class=\"elementor-widget-container\">\n\t\t\t\t\t\t\t\t\t<h3><b>\u00bfQu\u00e9 hacer en Tenerife durante el Fin de A\u00f1o?<\/b><\/h3><p><span style=\"font-weight: 400;\">Tenerife ofrece una amplia variedad de actividades y eventos para celebrar el fin de a\u00f1o, adapt\u00e1ndose a todos los gustos y edades. A continuaci\u00f3n, te presentamos algunas opciones destacadas:<\/span><\/p><p><b>Fiestas y Celebraciones Populares<\/b><\/p><ul><li style=\"font-weight: 400;\" aria-level=\"1\"><b>Santa Cruz de Tenerife:<\/b><span style=\"font-weight: 400;\"> La Plaza de la Candelaria se convierte en el epicentro de la celebraci\u00f3n, con actuaciones musicales en vivo y fuegos artificiales que iluminan el cielo al llegar la medianoche.<\/span><\/li><li style=\"font-weight: 400;\" aria-level=\"1\"><b>La Laguna:<\/b><span style=\"font-weight: 400;\"> La Plaza de la Concepci\u00f3n ofrece conciertos y espect\u00e1culos para recibir el nuevo a\u00f1o en un ambiente festivo y familiar.<\/span><\/li><\/ul><p><b>Experiencias Gastron\u00f3micas<\/b><\/p><p><span style=\"font-weight: 400;\">Muchos restaurantes en la isla preparan men\u00fas especiales para la cena de Nochevieja, combinando la gastronom\u00eda local con platos internacionales. Es recomendable reservar con antelaci\u00f3n para garantizar una mesa en estos eventos culinarios.<\/span><\/p><p><b>Actividades al Aire Libre<\/b><\/p><ul><li style=\"font-weight: 400;\" aria-level=\"1\"><b>Excursi\u00f3n al Teide:<\/b><span style=\"font-weight: 400;\"> Aunque las carreteras pueden estar afectadas por condiciones clim\u00e1ticas, si el acceso est\u00e1 permitido, una visita al Parque Nacional del Teide ofrece paisajes nevados y una experiencia natural \u00fanica en estas fechas.<\/span><\/li><li style=\"font-weight: 400;\" aria-level=\"1\"><b>D\u00eda de Playa:<\/b><span style=\"font-weight: 400;\"> Aprovecha el clima templado de Tenerife y disfruta de un d\u00eda en playas como Las Teresitas o El M\u00e9dano, ideales para relajarse o practicar deportes acu\u00e1ticos.<\/span><\/li><\/ul><p><b>Tradiciones Locales<\/b><\/p><p><span style=\"font-weight: 400;\">No puedes perderte las tradiciones canarias, como las campanadas acompa\u00f1adas de las doce uvas de la suerte, una costumbre que se celebra en plazas y hogares de toda la isla.<\/span><\/p><p><span style=\"font-weight: 400;\">En <\/span><b>Sansofe Stay<\/b><span style=\"font-weight: 400;\">, nos complace ayudarte a planificar tu estancia y proporcionarte informaci\u00f3n adicional sobre las actividades y eventos disponibles durante el fin de a\u00f1o en Tenerife. \u00a1No dudes en contactarnos para hacer de tu visita una experiencia inolvidable!<\/span><\/p>\t\t\t\t\t\t\t\t<\/div>\n\t\t\t\t<\/div>\n\t\t\t\t\t<\/div>\n\t\t<\/div>\n\t\t\t\t\t<\/div>\n\t\t<\/section>\n\t\t\t\t<section class=\"elementor-section elementor-top-section elementor-element elementor-element-14821f75 elementor-section-boxed elementor-section-height-default elementor-section-height-default\" data-id=\"14821f75\" data-element_type=\"section\" data-e-type=\"section\">\n\t\t\t\t\t\t<div class=\"elementor-container elementor-column-gap-default\">\n\t\t\t\t\t<div class=\"elementor-column elementor-col-100 elementor-top-column elementor-element elementor-element-7d9422c7\" data-id=\"7d9422c7\" data-element_type=\"column\" data-e-type=\"column\">\n\t\t\t<div class=\"elementor-widget-wrap elementor-element-populated\">\n\t\t\t\t\t\t<div class=\"elementor-element elementor-element-4d2b8ccc elementor-widget elementor-widget-shortcode\" data-id=\"4d2b8ccc\" data-element_type=\"widget\" data-e-type=\"widget\" data-widget_type=\"shortcode.default\">\n\t\t\t\t<div class=\"elementor-widget-container\">\n\t\t\t\t\t\t\t<div class=\"elementor-shortcode\">\t\t<div data-elementor-type=\"section\" data-elementor-id=\"475\" class=\"elementor elementor-475 elementor-599 elementor-599\" data-elementor-post-type=\"elementor_library\">\n\t\t\t\t\t<section class=\"elementor-section elementor-top-section elementor-element elementor-element-659b1800 elementor-section-boxed elementor-section-height-default elementor-section-height-default\" data-id=\"659b1800\" data-element_type=\"section\" data-e-type=\"section\">\n\t\t\t\t\t\t<div class=\"elementor-container elementor-column-gap-default\">\n\t\t\t\t\t<div class=\"elementor-column elementor-col-33 elementor-top-column elementor-element elementor-element-1f71d011\" data-id=\"1f71d011\" data-element_type=\"column\" data-e-type=\"column\">\n\t\t\t<div class=\"elementor-widget-wrap elementor-element-populated\">\n\t\t\t\t\t\t<div class=\"elementor-element elementor-element-25618803 elementor-align-center elementor-widget elementor-widget-button\" data-id=\"25618803\" data-element_type=\"widget\" data-e-type=\"widget\" data-widget_type=\"button.default\">\n\t\t\t\t<div class=\"elementor-widget-container\">\n\t\t\t\t\t\t\t\t\t<div class=\"elementor-button-wrapper\">\n\t\t\t\t\t<a class=\"elementor-button elementor-button-link elementor-size-sm\" href=\"https:\/\/www.sansofestay.com\/alquiler\/alquileres-tenerife-e81\/\" target=\"_blank\">\n\t\t\t\t\t\t<span class=\"elementor-button-content-wrapper\">\n\t\t\t\t\t\t\t\t\t<span class=\"elementor-button-text\">Alojamientos Tenerife Norte<\/span>\n\t\t\t\t\t<\/span>\n\t\t\t\t\t<\/a>\n\t\t\t\t<\/div>\n\t\t\t\t\t\t\t\t<\/div>\n\t\t\t\t<\/div>\n\t\t\t\t\t<\/div>\n\t\t<\/div>\n\t\t\t\t<div class=\"elementor-column elementor-col-33 elementor-top-column elementor-element elementor-element-34c62f58\" data-id=\"34c62f58\" data-element_type=\"column\" data-e-type=\"column\">\n\t\t\t<div class=\"elementor-widget-wrap elementor-element-populated\">\n\t\t\t\t\t\t<div class=\"elementor-element elementor-element-1545041d elementor-align-center elementor-widget elementor-widget-button\" data-id=\"1545041d\" data-element_type=\"widget\" data-e-type=\"widget\" data-widget_type=\"button.default\">\n\t\t\t\t<div class=\"elementor-widget-container\">\n\t\t\t\t\t\t\t\t\t<div class=\"elementor-button-wrapper\">\n\t\t\t\t\t<a class=\"elementor-button elementor-button-link elementor-size-sm\" href=\"https:\/\/www.sansofestay.com\/alquiler\/apartamentos-tenerife-c1e81\/\" target=\"_blank\">\n\t\t\t\t\t\t<span class=\"elementor-button-content-wrapper\">\n\t\t\t\t\t\t\t\t\t<span class=\"elementor-button-text\">Alquiler de apartamentos en Tenerife Norte<\/span>\n\t\t\t\t\t<\/span>\n\t\t\t\t\t<\/a>\n\t\t\t\t<\/div>\n\t\t\t\t\t\t\t\t<\/div>\n\t\t\t\t<\/div>\n\t\t\t\t\t<\/div>\n\t\t<\/div>\n\t\t\t\t<div class=\"elementor-column elementor-col-33 elementor-top-column elementor-element elementor-element-2991bece\" data-id=\"2991bece\" data-element_type=\"column\" data-e-type=\"column\">\n\t\t\t<div class=\"elementor-widget-wrap elementor-element-populated\">\n\t\t\t\t\t\t<div class=\"elementor-element elementor-element-4348a8e7 elementor-align-center elementor-widget elementor-widget-button\" data-id=\"4348a8e7\" data-element_type=\"widget\" data-e-type=\"widget\" data-widget_type=\"button.default\">\n\t\t\t\t<div class=\"elementor-widget-container\">\n\t\t\t\t\t\t\t\t\t<div class=\"elementor-button-wrapper\">\n\t\t\t\t\t<a class=\"elementor-button elementor-button-link elementor-size-sm\" href=\"https:\/\/www.sansofestay.com\/alquiler\/casas-tenerife-c19e81\/\" target=\"_blank\">\n\t\t\t\t\t\t<span class=\"elementor-button-content-wrapper\">\n\t\t\t\t\t\t\t\t\t<span class=\"elementor-button-text\">Casas de alquiler en Tenerife Norte<\/span>\n\t\t\t\t\t<\/span>\n\t\t\t\t\t<\/a>\n\t\t\t\t<\/div>\n\t\t\t\t\t\t\t\t<\/div>\n\t\t\t\t<\/div>\n\t\t\t\t\t<\/div>\n\t\t<\/div>\n\t\t\t\t\t<\/div>\n\t\t<\/section>\n\t\t\t\t<\/div>\n\t\t<\/div>\n\t\t\t\t\t\t<\/div>\n\t\t\t\t<\/div>\n\t\t\t\t\t<\/div>\n\t\t<\/div>\n\t\t\t\t\t<\/div>\n\t\t<\/section>\n\t\t\t\t<\/div>\n\t\t","protected":false},"excerpt":{"rendered":"<p>Celebra el fin de a\u00f1o en Tenerife. Disfruta de alojamientos exclusivos y actividades \u00fanicas para despedir el a\u00f1o en un entorno paradis\u00edaco.<\/p>\n","protected":false},"author":3,"featured_media":2089,"comment_status":"open","ping_status":"open","sticky":false,"template":"","format":"standard","meta":{"footnotes":""},"categories":[68],"class_list":["post-2088","post","type-post","status-publish","format-standard","has-post-thumbnail","hentry","category-alquiler-vacacional","tag-apartamentos-vacacionales-tenerife","tag-escapada-tenerife","tag-playas-tenerife","tag-tenerife-norte"],"yoast_head":"<!-- This site is optimized with the Yoast SEO plugin v27.2 - https:\/\/yoast.com\/product\/yoast-seo-wordpress\/ -->\n<title>Vive un Fin de A\u00f1o Inolvidable en Tenerife - Vacaciones en Tenerife | Sansof\u00e9<\/title>\n<meta name=\"description\" content=\"Celebra el fin de a\u00f1o en Tenerife. Disfruta de alojamientos exclusivos y actividades \u00fanicas para despedir el a\u00f1o en un entorno paradis\u00edaco.\" \/>\n<meta name=\"robots\" content=\"index, follow, max-snippet:-1, max-image-preview:large, max-video-preview:-1\" \/>\n<link rel=\"canonical\" href=\"https:\/\/www.sansofestay.com\/blog\/vive-un-fin-de-ano-inolvidable-en-tenerife\/\" \/>\n<meta property=\"og:locale\" content=\"es_ES\" \/>\n<meta property=\"og:type\" content=\"article\" \/>\n<meta property=\"og:title\" content=\"Vive un Fin de A\u00f1o Inolvidable en Tenerife - Vacaciones en Tenerife | Sansof\u00e9\" \/>\n<meta property=\"og:description\" content=\"Celebra el fin de a\u00f1o en Tenerife. Disfruta de alojamientos exclusivos y actividades \u00fanicas para despedir el a\u00f1o en un entorno paradis\u00edaco.\" \/>\n<meta property=\"og:url\" content=\"https:\/\/www.sansofestay.com\/blog\/vive-un-fin-de-ano-inolvidable-en-tenerife\/\" \/>\n<meta property=\"og:site_name\" content=\"Vacaciones en Tenerife | Sansof\u00e9\" \/>\n<meta property=\"article:published_time\" content=\"2024-12-24T08:23:24+00:00\" \/>\n<meta property=\"article:modified_time\" content=\"2024-12-26T10:02:35+00:00\" \/>\n<meta property=\"og:image\" content=\"https:\/\/www.sansofestay.com\/blog\/wp-content\/uploads\/2024\/12\/fin-de-ano-tenerife.webp\" \/>\n\t<meta property=\"og:image:width\" content=\"1900\" \/>\n\t<meta property=\"og:image:height\" content=\"806\" \/>\n\t<meta property=\"og:image:type\" content=\"image\/webp\" \/>\n<meta name=\"author\" content=\"digitalservices@avantio.com\" \/>\n<meta name=\"twitter:card\" content=\"summary_large_image\" \/>\n<meta name=\"twitter:label1\" content=\"Escrito por\" \/>\n\t<meta name=\"twitter:data1\" content=\"digitalservices@avantio.com\" \/>\n\t<meta name=\"twitter:label2\" content=\"Tiempo de lectura\" \/>\n\t<meta name=\"twitter:data2\" content=\"5 minutos\" \/>\n<script type=\"application\/ld+json\" class=\"yoast-schema-graph\">{\"@context\":\"https:\/\/schema.org\",\"@graph\":[{\"@type\":\"Article\",\"@id\":\"https:\/\/www.sansofestay.com\/blog\/vive-un-fin-de-ano-inolvidable-en-tenerife\/#article\",\"isPartOf\":{\"@id\":\"https:\/\/www.sansofestay.com\/blog\/vive-un-fin-de-ano-inolvidable-en-tenerife\/\"},\"author\":{\"name\":\"digitalservices@avantio.com\",\"@id\":\"https:\/\/www.sansofestay.com\/blog\/#\/schema\/person\/c206c4732c6fd34c0667c8566b602cd6\"},\"headline\":\"Vive un Fin de A\u00f1o Inolvidable en Tenerife\",\"datePublished\":\"2024-12-24T08:23:24+00:00\",\"dateModified\":\"2024-12-26T10:02:35+00:00\",\"mainEntityOfPage\":{\"@id\":\"https:\/\/www.sansofestay.com\/blog\/vive-un-fin-de-ano-inolvidable-en-tenerife\/\"},\"wordCount\":931,\"commentCount\":0,\"image\":{\"@id\":\"https:\/\/www.sansofestay.com\/blog\/vive-un-fin-de-ano-inolvidable-en-tenerife\/#primaryimage\"},\"thumbnailUrl\":\"https:\/\/www.sansofestay.com\/blog\/wp-content\/uploads\/2024\/12\/fin-de-ano-tenerife.webp\",\"keywords\":[\"Apartamentos vacacionales Tenerife\",\"escapada tenerife\",\"playas tenerife\",\"tenerife norte\"],\"articleSection\":[\"Alquiler Vacacional\"],\"inLanguage\":\"es\",\"potentialAction\":[{\"@type\":\"CommentAction\",\"name\":\"Comment\",\"target\":[\"https:\/\/www.sansofestay.com\/blog\/vive-un-fin-de-ano-inolvidable-en-tenerife\/#respond\"]}]},{\"@type\":\"WebPage\",\"@id\":\"https:\/\/www.sansofestay.com\/blog\/vive-un-fin-de-ano-inolvidable-en-tenerife\/\",\"url\":\"https:\/\/www.sansofestay.com\/blog\/vive-un-fin-de-ano-inolvidable-en-tenerife\/\",\"name\":\"Vive un Fin de A\u00f1o Inolvidable en Tenerife - Vacaciones en Tenerife | Sansof\u00e9\",\"isPartOf\":{\"@id\":\"https:\/\/www.sansofestay.com\/blog\/#website\"},\"primaryImageOfPage\":{\"@id\":\"https:\/\/www.sansofestay.com\/blog\/vive-un-fin-de-ano-inolvidable-en-tenerife\/#primaryimage\"},\"image\":{\"@id\":\"https:\/\/www.sansofestay.com\/blog\/vive-un-fin-de-ano-inolvidable-en-tenerife\/#primaryimage\"},\"thumbnailUrl\":\"https:\/\/www.sansofestay.com\/blog\/wp-content\/uploads\/2024\/12\/fin-de-ano-tenerife.webp\",\"datePublished\":\"2024-12-24T08:23:24+00:00\",\"dateModified\":\"2024-12-26T10:02:35+00:00\",\"author\":{\"@id\":\"https:\/\/www.sansofestay.com\/blog\/#\/schema\/person\/c206c4732c6fd34c0667c8566b602cd6\"},\"description\":\"Celebra el fin de a\u00f1o en Tenerife. Disfruta de alojamientos exclusivos y actividades \u00fanicas para despedir el a\u00f1o en un entorno paradis\u00edaco.\",\"inLanguage\":\"es\",\"potentialAction\":[{\"@type\":\"ReadAction\",\"target\":[\"https:\/\/www.sansofestay.com\/blog\/vive-un-fin-de-ano-inolvidable-en-tenerife\/\"]}]},{\"@type\":\"ImageObject\",\"inLanguage\":\"es\",\"@id\":\"https:\/\/www.sansofestay.com\/blog\/vive-un-fin-de-ano-inolvidable-en-tenerife\/#primaryimage\",\"url\":\"https:\/\/www.sansofestay.com\/blog\/wp-content\/uploads\/2024\/12\/fin-de-ano-tenerife.webp\",\"contentUrl\":\"https:\/\/www.sansofestay.com\/blog\/wp-content\/uploads\/2024\/12\/fin-de-ano-tenerife.webp\",\"width\":1900,\"height\":806,\"caption\":\"fin-de-an\u0303o-tenerife\"},{\"@type\":\"WebSite\",\"@id\":\"https:\/\/www.sansofestay.com\/blog\/#website\",\"url\":\"https:\/\/www.sansofestay.com\/blog\/\",\"name\":\"Vacaciones en Tenerife | Sansof\u00e9\",\"description\":\"Informaci\u00f3n tur\u00edstica de la isla de Tenerife. Explora la isla, las mejores zonas, actividades y consejos\",\"potentialAction\":[{\"@type\":\"SearchAction\",\"target\":{\"@type\":\"EntryPoint\",\"urlTemplate\":\"https:\/\/www.sansofestay.com\/blog\/?s={search_term_string}\"},\"query-input\":{\"@type\":\"PropertyValueSpecification\",\"valueRequired\":true,\"valueName\":\"search_term_string\"}}],\"inLanguage\":\"es\"},{\"@type\":\"Person\",\"@id\":\"https:\/\/www.sansofestay.com\/blog\/#\/schema\/person\/c206c4732c6fd34c0667c8566b602cd6\",\"name\":\"digitalservices@avantio.com\",\"image\":{\"@type\":\"ImageObject\",\"inLanguage\":\"es\",\"@id\":\"https:\/\/secure.gravatar.com\/avatar\/af30f88a1904294c1f3eb09a9d7903eec4ffa18fa2cf40c28a8681014ecdfc20?s=96&d=mm&r=g\",\"url\":\"https:\/\/secure.gravatar.com\/avatar\/af30f88a1904294c1f3eb09a9d7903eec4ffa18fa2cf40c28a8681014ecdfc20?s=96&d=mm&r=g\",\"contentUrl\":\"https:\/\/secure.gravatar.com\/avatar\/af30f88a1904294c1f3eb09a9d7903eec4ffa18fa2cf40c28a8681014ecdfc20?s=96&d=mm&r=g\",\"caption\":\"digitalservices@avantio.com\"},\"url\":\"https:\/\/www.sansofestay.com\/blog\/author\/digitalservicesavantio-com\/\"}]}<\/script>\n<!-- \/ Yoast SEO plugin. -->","yoast_head_json":{"title":"Vive un Fin de A\u00f1o Inolvidable en Tenerife - Vacaciones en Tenerife | Sansof\u00e9","description":"Celebra el fin de a\u00f1o en Tenerife. Disfruta de alojamientos exclusivos y actividades \u00fanicas para despedir el a\u00f1o en un entorno paradis\u00edaco.","robots":{"index":"index","follow":"follow","max-snippet":"max-snippet:-1","max-image-preview":"max-image-preview:large","max-video-preview":"max-video-preview:-1"},"canonical":"https:\/\/www.sansofestay.com\/blog\/vive-un-fin-de-ano-inolvidable-en-tenerife\/","og_locale":"es_ES","og_type":"article","og_title":"Vive un Fin de A\u00f1o Inolvidable en Tenerife - Vacaciones en Tenerife | Sansof\u00e9","og_description":"Celebra el fin de a\u00f1o en Tenerife. Disfruta de alojamientos exclusivos y actividades \u00fanicas para despedir el a\u00f1o en un entorno paradis\u00edaco.","og_url":"https:\/\/www.sansofestay.com\/blog\/vive-un-fin-de-ano-inolvidable-en-tenerife\/","og_site_name":"Vacaciones en Tenerife | Sansof\u00e9","article_published_time":"2024-12-24T08:23:24+00:00","article_modified_time":"2024-12-26T10:02:35+00:00","og_image":[{"width":1900,"height":806,"url":"https:\/\/www.sansofestay.com\/blog\/wp-content\/uploads\/2024\/12\/fin-de-ano-tenerife.webp","type":"image\/webp"}],"author":"digitalservices@avantio.com","twitter_card":"summary_large_image","twitter_misc":{"Escrito por":"digitalservices@avantio.com","Tiempo de lectura":"5 minutos"},"schema":{"@context":"https:\/\/schema.org","@graph":[{"@type":"Article","@id":"https:\/\/www.sansofestay.com\/blog\/vive-un-fin-de-ano-inolvidable-en-tenerife\/#article","isPartOf":{"@id":"https:\/\/www.sansofestay.com\/blog\/vive-un-fin-de-ano-inolvidable-en-tenerife\/"},"author":{"name":"digitalservices@avantio.com","@id":"https:\/\/www.sansofestay.com\/blog\/#\/schema\/person\/c206c4732c6fd34c0667c8566b602cd6"},"headline":"Vive un Fin de A\u00f1o Inolvidable en Tenerife","datePublished":"2024-12-24T08:23:24+00:00","dateModified":"2024-12-26T10:02:35+00:00","mainEntityOfPage":{"@id":"https:\/\/www.sansofestay.com\/blog\/vive-un-fin-de-ano-inolvidable-en-tenerife\/"},"wordCount":931,"commentCount":0,"image":{"@id":"https:\/\/www.sansofestay.com\/blog\/vive-un-fin-de-ano-inolvidable-en-tenerife\/#primaryimage"},"thumbnailUrl":"https:\/\/www.sansofestay.com\/blog\/wp-content\/uploads\/2024\/12\/fin-de-ano-tenerife.webp","keywords":["Apartamentos vacacionales Tenerife","escapada tenerife","playas tenerife","tenerife norte"],"articleSection":["Alquiler Vacacional"],"inLanguage":"es","potentialAction":[{"@type":"CommentAction","name":"Comment","target":["https:\/\/www.sansofestay.com\/blog\/vive-un-fin-de-ano-inolvidable-en-tenerife\/#respond"]}]},{"@type":"WebPage","@id":"https:\/\/www.sansofestay.com\/blog\/vive-un-fin-de-ano-inolvidable-en-tenerife\/","url":"https:\/\/www.sansofestay.com\/blog\/vive-un-fin-de-ano-inolvidable-en-tenerife\/","name":"Vive un Fin de A\u00f1o Inolvidable en Tenerife - Vacaciones en Tenerife | Sansof\u00e9","isPartOf":{"@id":"https:\/\/www.sansofestay.com\/blog\/#website"},"primaryImageOfPage":{"@id":"https:\/\/www.sansofestay.com\/blog\/vive-un-fin-de-ano-inolvidable-en-tenerife\/#primaryimage"},"image":{"@id":"https:\/\/www.sansofestay.com\/blog\/vive-un-fin-de-ano-inolvidable-en-tenerife\/#primaryimage"},"thumbnailUrl":"https:\/\/www.sansofestay.com\/blog\/wp-content\/uploads\/2024\/12\/fin-de-ano-tenerife.webp","datePublished":"2024-12-24T08:23:24+00:00","dateModified":"2024-12-26T10:02:35+00:00","author":{"@id":"https:\/\/www.sansofestay.com\/blog\/#\/schema\/person\/c206c4732c6fd34c0667c8566b602cd6"},"description":"Celebra el fin de a\u00f1o en Tenerife. Disfruta de alojamientos exclusivos y actividades \u00fanicas para despedir el a\u00f1o en un entorno paradis\u00edaco.","inLanguage":"es","potentialAction":[{"@type":"ReadAction","target":["https:\/\/www.sansofestay.com\/blog\/vive-un-fin-de-ano-inolvidable-en-tenerife\/"]}]},{"@type":"ImageObject","inLanguage":"es","@id":"https:\/\/www.sansofestay.com\/blog\/vive-un-fin-de-ano-inolvidable-en-tenerife\/#primaryimage","url":"https:\/\/www.sansofestay.com\/blog\/wp-content\/uploads\/2024\/12\/fin-de-ano-tenerife.webp","contentUrl":"https:\/\/www.sansofestay.com\/blog\/wp-content\/uploads\/2024\/12\/fin-de-ano-tenerife.webp","width":1900,"height":806,"caption":"fin-de-an\u0303o-tenerife"},{"@type":"WebSite","@id":"https:\/\/www.sansofestay.com\/blog\/#website","url":"https:\/\/www.sansofestay.com\/blog\/","name":"Vacaciones en Tenerife | Sansof\u00e9","description":"Informaci\u00f3n tur\u00edstica de la isla de Tenerife. Explora la isla, las mejores zonas, actividades y consejos","potentialAction":[{"@type":"SearchAction","target":{"@type":"EntryPoint","urlTemplate":"https:\/\/www.sansofestay.com\/blog\/?s={search_term_string}"},"query-input":{"@type":"PropertyValueSpecification","valueRequired":true,"valueName":"search_term_string"}}],"inLanguage":"es"},{"@type":"Person","@id":"https:\/\/www.sansofestay.com\/blog\/#\/schema\/person\/c206c4732c6fd34c0667c8566b602cd6","name":"digitalservices@avantio.com","image":{"@type":"ImageObject","inLanguage":"es","@id":"https:\/\/secure.gravatar.com\/avatar\/af30f88a1904294c1f3eb09a9d7903eec4ffa18fa2cf40c28a8681014ecdfc20?s=96&d=mm&r=g","url":"https:\/\/secure.gravatar.com\/avatar\/af30f88a1904294c1f3eb09a9d7903eec4ffa18fa2cf40c28a8681014ecdfc20?s=96&d=mm&r=g","contentUrl":"https:\/\/secure.gravatar.com\/avatar\/af30f88a1904294c1f3eb09a9d7903eec4ffa18fa2cf40c28a8681014ecdfc20?s=96&d=mm&r=g","caption":"digitalservices@avantio.com"},"url":"https:\/\/www.sansofestay.com\/blog\/author\/digitalservicesavantio-com\/"}]}},"_pingme":"","_encloseme":"","_top_nav_excluded":"","_cms_nav_minihome":"","_last_translation_edit_mode":"","_edit_last":"3","_wpml_media_featured":"1","_wpml_media_duplicate":"1","_edit_lock":"1735207326:3","_wpml_word_count":"992","_yoast_wpseo_estimated-reading-time-minutes":"5","_yoast_wpseo_meta-robots-noindex":"","_yoast_wpseo_meta-robots-nofollow":"","_yoast_wpseo_wordproof_timestamp":"","_yoast_wpseo_primary_category":"","_elementor_edit_mode":"builder","_elementor_template_type":"wp-post","_elementor_version":"3.19.4","_elementor_pro_version":"3.19.3","_wp_page_template":"default","_elementor_page_settings":{"page_template":"elementor_header_footer"},"_elementor_data":"[{\"id\":\"40ca5ec\",\"elType\":\"section\",\"settings\":[],\"elements\":[{\"id\":\"d1738b0\",\"elType\":\"column\",\"settings\":{\"_column_size\":100,\"_inline_size\":null},\"elements\":[{\"id\":\"2a44c97\",\"elType\":\"widget\",\"settings\":{\"editor\":\"<p><span style=\\\"font-weight: 400;\\\">Si buscas un lugar especial para despedir el a\\u00f1o y dar la bienvenida al siguiente, <\\\/span><b>Tenerife<\\\/b><span style=\\\"font-weight: 400;\\\"> se posiciona como un destino ideal. Este para\\u00edso en las Islas Canarias ofrece una combinaci\\u00f3n perfecta de buen clima, paisajes de ensue\\u00f1o y una amplia variedad de actividades que har\\u00e1n de tu <\\\/span><b>fin de a\\u00f1o en Tenerife<\\\/b><span style=\\\"font-weight: 400;\\\"> una experiencia memorable.<\\\/span><\\\/p><h2><b>\\u00bfPor qu\\u00e9 Tenerife es el mejor destino para Fin de A\\u00f1o?<\\\/b><\\\/h2><p><span style=\\\"font-weight: 400;\\\">Tenerife combina todo lo que necesitas para despedir el a\\u00f1o de manera inolvidable. Su clima templado en diciembre, con temperaturas que rondan los 20 \\u00b0C, permite disfrutar de actividades al aire libre, desde relajarse en sus playas de arena dorada hasta explorar sus impresionantes paisajes naturales.<\\\/span><\\\/p><p><span style=\\\"font-weight: 400;\\\">Adem\\u00e1s, la isla ofrece una atm\\u00f3sfera \\u00fanica durante estas fechas, con eventos especiales, mercados navide\\u00f1os y espectaculares fuegos artificiales que iluminan el cielo al llegar la medianoche. Sin importar si prefieres una celebraci\\u00f3n tranquila en la playa o una noche llena de energ\\u00eda en la ciudad, Tenerife tiene algo especial para cada tipo de viajero.<\\\/span><\\\/p><p><span style=\\\"font-weight: 400;\\\">En <\\\/span><b>Sansofe Stay<\\\/b><span style=\\\"font-weight: 400;\\\">, te ayudamos a aprovechar al m\\u00e1ximo tu estancia con alojamientos perfectamente ubicados para disfrutar de todo lo que Tenerife ofrece durante el fin de a\\u00f1o.<\\\/span><\\\/p>\"},\"elements\":[],\"widgetType\":\"text-editor\"}],\"isInner\":false}],\"isInner\":false},{\"id\":\"2a3c9be\",\"elType\":\"section\",\"settings\":[],\"elements\":[{\"id\":\"27030fa\",\"elType\":\"column\",\"settings\":{\"_column_size\":100,\"_inline_size\":null},\"elements\":[{\"id\":\"287fdbc\",\"elType\":\"widget\",\"settings\":{\"image\":{\"url\":\"https:\\\/\\\/www.sansofestay.com\\\/blog\\\/wp-content\\\/uploads\\\/2024\\\/12\\\/fin-ano-tenerife.webp\",\"id\":2094,\"size\":\"\",\"alt\":\"fin-an\\u0303o-tenerife\",\"source\":\"library\"},\"image_size\":\"full\"},\"elements\":[],\"widgetType\":\"image\"}],\"isInner\":false}],\"isInner\":false},{\"id\":\"cca719b\",\"elType\":\"section\",\"settings\":[],\"elements\":[{\"id\":\"710cf86\",\"elType\":\"column\",\"settings\":{\"_column_size\":100,\"_inline_size\":null},\"elements\":[{\"id\":\"7bbd4b3\",\"elType\":\"widget\",\"settings\":{\"editor\":\"<h3><b>Alojamientos exclusivos en Tenerife Norte para Fin de A\\u00f1o<\\\/b><\\\/h3><p><span style=\\\"font-weight: 400;\\\">En <\\\/span><b>Sansofe Stay<\\\/b><span style=\\\"font-weight: 400;\\\">, ofrecemos una selecci\\u00f3n de <a href=\\\"https:\\\/\\\/www.sansofestay.com\\\/alquiler-vacacional-tenerife\\\/\\\">alojamientos en el norte de Tenerife<\\\/a>, ideales para disfrutar de una estancia inolvidable durante las celebraciones de fin de a\\u00f1o. Nuestras propiedades, situadas en entornos naturales, brindan vistas al mar y al Teide, proporcionando un ambiente sereno y confortable para tus vacaciones.<\\\/span><\\\/p><p><b>Opciones de alojamiento:<\\\/b><\\\/p><ul><li style=\\\"font-weight: 400;\\\" aria-level=\\\"1\\\"><b>Villa de lujo con piscina y vistas al mar en El Sauzal:<\\\/b><span style=\\\"font-weight: 400;\\\"> Esta villa cuenta con cuatro dormitorios y capacidad para ocho personas, ofreciendo un espacio amplio y elegante para grupos o familias que buscan comodidad y privacidad.\\u00a0<\\\/span><\\\/li><\\\/ul>\"},\"elements\":[],\"widgetType\":\"text-editor\"}],\"isInner\":false}],\"isInner\":false},{\"id\":\"3ee19d54\",\"elType\":\"section\",\"settings\":{\"structure\":\"20\"},\"elements\":[{\"id\":\"ea50f32\",\"elType\":\"column\",\"settings\":{\"_column_size\":50,\"_inline_size\":null},\"elements\":[{\"id\":\"74e5918e\",\"elType\":\"widget\",\"settings\":{\"image\":{\"url\":\"https:\\\/\\\/www.sansofestay.com\\\/blog\\\/wp-content\\\/uploads\\\/2024\\\/09\\\/reserva-tu-alojamiento-con-piscina-privada-en-tenerife.webp\",\"id\":1817,\"size\":\"\",\"alt\":\"reserva tu alojamiento con piscina privada en tenerife\",\"source\":\"library\"},\"image_size\":\"custom\",\"link_to\":\"custom\",\"link\":{\"url\":\"https:\\\/\\\/www.sansofestay.com\\\/alquiler\\\/villa-el-sauzal-villa-de-lujo-con-piscina-y-vistas-al-mar-449228.html\",\"is_external\":\"\",\"nofollow\":\"\",\"custom_attributes\":\"\"},\"image_border_radius\":{\"unit\":\"px\",\"top\":\"10\",\"right\":\"10\",\"bottom\":\"10\",\"left\":\"10\",\"isLinked\":true},\"image_custom_dimension\":{\"width\":\"750\",\"height\":\"400\"}},\"elements\":[],\"widgetType\":\"image\"}],\"isInner\":false},{\"id\":\"133164c4\",\"elType\":\"column\",\"settings\":{\"_column_size\":50,\"_inline_size\":null},\"elements\":[{\"id\":\"596b6206\",\"elType\":\"widget\",\"settings\":{\"title\":\"Villa de lujo con piscina privada y vistas al mar\",\"header_size\":\"h3\",\"title_color\":\"#7A7A7A\"},\"elements\":[],\"widgetType\":\"heading\"},{\"id\":\"6a973a86\",\"elType\":\"widget\",\"settings\":{\"editor\":\"<p>Disfruta de un remanso de paz con una privacidad y libertad exclusiva. El Jard\\u00edn del Sol est\\u00e1 pensado para aquellos que buscan la excelencia.\\u00a0Rodeada por la naturaleza y en primera l\\u00ednea de mar, nuestra villa le ofrece la oportunidad de presenciar los mejores atardeceres de Tenerife en un entorno \\u00fanico<\\\/p>\"},\"elements\":[],\"widgetType\":\"text-editor\"},{\"id\":\"bbf0613\",\"elType\":\"section\",\"settings\":{\"structure\":\"20\"},\"elements\":[{\"id\":\"46045726\",\"elType\":\"column\",\"settings\":{\"_column_size\":50,\"_inline_size\":null},\"elements\":[{\"id\":\"bfabba8\",\"elType\":\"widget\",\"settings\":{\"editor\":\"<p><strong>Desde 3.500\\u20ac\\\/semana<\\\/strong><\\\/p>\"},\"elements\":[],\"widgetType\":\"text-editor\"}],\"isInner\":true},{\"id\":\"53ae86e4\",\"elType\":\"column\",\"settings\":{\"_column_size\":50,\"_inline_size\":null},\"elements\":[{\"id\":\"44843a3d\",\"elType\":\"widget\",\"settings\":{\"text\":\"Ver m\\u00e1s\",\"link\":{\"url\":\"https:\\\/\\\/www.sansofestay.com\\\/alquiler\\\/apartamento-la-matanza-de-acentejo-03-3-tenerife-vista-mar-y-montana-168145.html\",\"is_external\":\"on\",\"nofollow\":\"\",\"custom_attributes\":\"\"},\"align\":\"left\",\"background_color\":\"#69775E\"},\"elements\":[],\"widgetType\":\"button\"}],\"isInner\":true}],\"isInner\":true}],\"isInner\":false}],\"isInner\":false},{\"id\":\"36c2554\",\"elType\":\"section\",\"settings\":[],\"elements\":[{\"id\":\"8363bf0\",\"elType\":\"column\",\"settings\":{\"_column_size\":100,\"_inline_size\":null},\"elements\":[{\"id\":\"42aa037\",\"elType\":\"widget\",\"settings\":{\"editor\":\"<p><b>Apartamentos en La Matanza de Acentejo:<\\\/b><span style=\\\"font-weight: 400;\\\"> Disponemos de apartamentos de una y dos habitaciones, equipados con terrazas privadas, jardines y vistas panor\\u00e1micas al oc\\u00e9ano Atl\\u00e1ntico, perfectos para parejas o peque\\u00f1as familias que desean una escapada tranquila.<\\\/span><\\\/p>\"},\"elements\":[],\"widgetType\":\"text-editor\"}],\"isInner\":false}],\"isInner\":false},{\"id\":\"3ec85994\",\"elType\":\"section\",\"settings\":{\"structure\":\"20\"},\"elements\":[{\"id\":\"26447c69\",\"elType\":\"column\",\"settings\":{\"_column_size\":50,\"_inline_size\":null},\"elements\":[{\"id\":\"51927ec0\",\"elType\":\"widget\",\"settings\":{\"image\":{\"url\":\"https:\\\/\\\/www.sansofestay.com\\\/blog\\\/wp-content\\\/uploads\\\/2023\\\/08\\\/apartment-with-mountain-view-heated-pool-tenerife.jpg\",\"id\":665,\"size\":\"\",\"alt\":\"apartment with mountain view and heated pool in tenerife\",\"source\":\"library\"},\"image_size\":\"full\",\"link_to\":\"custom\",\"link\":{\"url\":\"https:\\\/\\\/www.sansofestay.com\\\/alquiler\\\/apartamento-la-matanza-de-acentejo-07-6-tenerife-vista-montana-privacidad-168216.html\",\"is_external\":\"\",\"nofollow\":\"\",\"custom_attributes\":\"\"},\"image_border_radius\":{\"unit\":\"px\",\"top\":\"10\",\"right\":\"10\",\"bottom\":\"10\",\"left\":\"10\",\"isLinked\":true}},\"elements\":[],\"widgetType\":\"image\"}],\"isInner\":false},{\"id\":\"19d0dc06\",\"elType\":\"column\",\"settings\":{\"_column_size\":50,\"_inline_size\":null},\"elements\":[{\"id\":\"3057e449\",\"elType\":\"widget\",\"settings\":{\"title\":\"Apartamento con vistas a la monta\\u00f1a y piscina climatizada en Tenerife\",\"header_size\":\"h3\",\"title_color\":\"#7A7A7A\"},\"elements\":[],\"widgetType\":\"heading\"},{\"id\":\"7167e04c\",\"elType\":\"widget\",\"settings\":{\"editor\":\"<p>Precioso apartamento en Tenerife, en la Costa Norte de Tenerife, con vistas a la monta\\u00f1a y piscina climatizada. El apartamento mide 64m\\u00b2 y puede alojar hasta 5 personas. Ideal para vacaciones en familia o con amigos.<\\\/p>\"},\"elements\":[],\"widgetType\":\"text-editor\"},{\"id\":\"1d1f3b0\",\"elType\":\"section\",\"settings\":{\"structure\":\"20\"},\"elements\":[{\"id\":\"23e22a93\",\"elType\":\"column\",\"settings\":{\"_column_size\":50,\"_inline_size\":null},\"elements\":[{\"id\":\"14ccdd41\",\"elType\":\"widget\",\"settings\":{\"editor\":\"<p><strong>Desde 504\\u20ac\\\/semana<\\\/strong><\\\/p>\"},\"elements\":[],\"widgetType\":\"text-editor\"}],\"isInner\":true},{\"id\":\"50244867\",\"elType\":\"column\",\"settings\":{\"_column_size\":50,\"_inline_size\":null},\"elements\":[{\"id\":\"435d8321\",\"elType\":\"widget\",\"settings\":{\"text\":\"Ver el apartamento\",\"link\":{\"url\":\"https:\\\/\\\/www.sansofestay.com\\\/alquiler\\\/apartamento-la-matanza-de-acentejo-07-6-tenerife-vista-montana-privacidad-168216.html\",\"is_external\":\"on\",\"nofollow\":\"\",\"custom_attributes\":\"\"},\"align\":\"left\",\"background_color\":\"#69775E\"},\"elements\":[],\"widgetType\":\"button\"}],\"isInner\":true}],\"isInner\":true}],\"isInner\":false}],\"isInner\":false},{\"id\":\"66a583b\",\"elType\":\"section\",\"settings\":[],\"elements\":[{\"id\":\"f7787da\",\"elType\":\"column\",\"settings\":{\"_column_size\":100,\"_inline_size\":null},\"elements\":[{\"id\":\"4d2f076\",\"elType\":\"widget\",\"settings\":{\"editor\":\"<p><b>Caracter\\u00edsticas destacadas de nuestros alojamientos:<\\\/b><\\\/p><ul><li style=\\\"font-weight: 400;\\\" aria-level=\\\"1\\\"><b>Piscinas climatizadas:<\\\/b><span style=\\\"font-weight: 400;\\\"> Algunas de nuestras propiedades cuentan con piscinas climatizadas, permitiendo disfrutar de un ba\\u00f1o relajante incluso en las noches frescas de diciembre.<\\\/span><\\\/li><li style=\\\"font-weight: 400;\\\" aria-level=\\\"1\\\"><b>Entornos naturales:<\\\/b><span style=\\\"font-weight: 400;\\\"> Nuestras viviendas est\\u00e1n rodeadas de jardines y ubicadas en fincas ecol\\u00f3gicas, ofreciendo un contacto directo con la naturaleza y un ambiente de paz y tranquilidad.<\\\/span><\\\/li><li style=\\\"font-weight: 400;\\\" aria-level=\\\"1\\\"><b>Vistas panor\\u00e1micas:<\\\/b><span style=\\\"font-weight: 400;\\\"> Disfruta de impresionantes vistas al mar y al Teide desde la comodidad de tu alojamiento, creando el escenario perfecto para recibir el nuevo a\\u00f1o.<\\\/span><\\\/li><\\\/ul><p><b>Ubicaci\\u00f3n estrat\\u00e9gica:<\\\/b><\\\/p><p><span style=\\\"font-weight: 400;\\\">Situados en el norte de Tenerife, nuestros alojamientos te permiten acceder f\\u00e1cilmente a las principales atracciones de la isla, como el Parque Nacional del Teide, playas naturales y pintorescos pueblos canarios.<\\\/span><\\\/p><p><b>Experiencias adicionales:<\\\/b><\\\/p><p><span style=\\\"font-weight: 400;\\\">Adem\\u00e1s del alojamiento, en Sansofe Stay te ofrecemos informaci\\u00f3n sobre actividades y eventos locales para que disfrutes plenamente de las festividades de fin de a\\u00f1o en Tenerife.<\\\/span><\\\/p>\"},\"elements\":[],\"widgetType\":\"text-editor\"}],\"isInner\":false}],\"isInner\":false},{\"id\":\"d702e58\",\"elType\":\"section\",\"settings\":[],\"elements\":[{\"id\":\"a5ae51d\",\"elType\":\"column\",\"settings\":{\"_column_size\":100,\"_inline_size\":null},\"elements\":[{\"id\":\"4c0b17a\",\"elType\":\"widget\",\"settings\":{\"image\":{\"url\":\"https:\\\/\\\/www.sansofestay.com\\\/blog\\\/wp-content\\\/uploads\\\/2024\\\/02\\\/Escapada-Tenerife.jpg\",\"id\":1246,\"size\":\"\",\"alt\":\"Escapada Tenerife\",\"source\":\"library\"},\"image_size\":\"full\"},\"elements\":[],\"widgetType\":\"image\"}],\"isInner\":false}],\"isInner\":false},{\"id\":\"d569de7\",\"elType\":\"section\",\"settings\":[],\"elements\":[{\"id\":\"c4582cb\",\"elType\":\"column\",\"settings\":{\"_column_size\":100,\"_inline_size\":null},\"elements\":[{\"id\":\"5c5fc82\",\"elType\":\"widget\",\"settings\":{\"editor\":\"<h3><b>\\u00bfQu\\u00e9 hacer en Tenerife durante el Fin de A\\u00f1o?<\\\/b><\\\/h3><p><span style=\\\"font-weight: 400;\\\">Tenerife ofrece una amplia variedad de actividades y eventos para celebrar el fin de a\\u00f1o, adapt\\u00e1ndose a todos los gustos y edades. A continuaci\\u00f3n, te presentamos algunas opciones destacadas:<\\\/span><\\\/p><p><b>Fiestas y Celebraciones Populares<\\\/b><\\\/p><ul><li style=\\\"font-weight: 400;\\\" aria-level=\\\"1\\\"><b>Santa Cruz de Tenerife:<\\\/b><span style=\\\"font-weight: 400;\\\"> La Plaza de la Candelaria se convierte en el epicentro de la celebraci\\u00f3n, con actuaciones musicales en vivo y fuegos artificiales que iluminan el cielo al llegar la medianoche.<\\\/span><\\\/li><li style=\\\"font-weight: 400;\\\" aria-level=\\\"1\\\"><b>La Laguna:<\\\/b><span style=\\\"font-weight: 400;\\\"> La Plaza de la Concepci\\u00f3n ofrece conciertos y espect\\u00e1culos para recibir el nuevo a\\u00f1o en un ambiente festivo y familiar.<\\\/span><\\\/li><\\\/ul><p><b>Experiencias Gastron\\u00f3micas<\\\/b><\\\/p><p><span style=\\\"font-weight: 400;\\\">Muchos restaurantes en la isla preparan men\\u00fas especiales para la cena de Nochevieja, combinando la gastronom\\u00eda local con platos internacionales. Es recomendable reservar con antelaci\\u00f3n para garantizar una mesa en estos eventos culinarios.<\\\/span><\\\/p><p><b>Actividades al Aire Libre<\\\/b><\\\/p><ul><li style=\\\"font-weight: 400;\\\" aria-level=\\\"1\\\"><b>Excursi\\u00f3n al Teide:<\\\/b><span style=\\\"font-weight: 400;\\\"> Aunque las carreteras pueden estar afectadas por condiciones clim\\u00e1ticas, si el acceso est\\u00e1 permitido, una visita al Parque Nacional del Teide ofrece paisajes nevados y una experiencia natural \\u00fanica en estas fechas.<\\\/span><\\\/li><li style=\\\"font-weight: 400;\\\" aria-level=\\\"1\\\"><b>D\\u00eda de Playa:<\\\/b><span style=\\\"font-weight: 400;\\\"> Aprovecha el clima templado de Tenerife y disfruta de un d\\u00eda en playas como Las Teresitas o El M\\u00e9dano, ideales para relajarse o practicar deportes acu\\u00e1ticos.<\\\/span><\\\/li><\\\/ul><p><b>Tradiciones Locales<\\\/b><\\\/p><p><span style=\\\"font-weight: 400;\\\">No puedes perderte las tradiciones canarias, como las campanadas acompa\\u00f1adas de las doce uvas de la suerte, una costumbre que se celebra en plazas y hogares de toda la isla.<\\\/span><\\\/p><p><span style=\\\"font-weight: 400;\\\">En <\\\/span><b>Sansofe Stay<\\\/b><span style=\\\"font-weight: 400;\\\">, nos complace ayudarte a planificar tu estancia y proporcionarte informaci\\u00f3n adicional sobre las actividades y eventos disponibles durante el fin de a\\u00f1o en Tenerife. \\u00a1No dudes en contactarnos para hacer de tu visita una experiencia inolvidable!<\\\/span><\\\/p>\"},\"elements\":[],\"widgetType\":\"text-editor\"}],\"isInner\":false}],\"isInner\":false},{\"id\":\"14821f75\",\"elType\":\"section\",\"settings\":[],\"elements\":[{\"id\":\"7d9422c7\",\"elType\":\"column\",\"settings\":{\"_column_size\":100,\"_inline_size\":null},\"elements\":[{\"id\":\"4d2b8ccc\",\"elType\":\"widget\",\"settings\":{\"shortcode\":\"[elementor-template id=\\\"475\\\"]\"},\"elements\":[],\"widgetType\":\"shortcode\"}],\"isInner\":false}],\"isInner\":false}]","_yoast_wpseo_content_score":"60","_wpml_location_migration_done":"1","_yoast_wpseo_metadesc":"Celebra el fin de a\u00f1o en Tenerife. Disfruta de alojamientos exclusivos y actividades \u00fanicas para despedir el a\u00f1o en un entorno paradis\u00edaco.","_wpse_old_slug":"","_thumbnail_id":"2089","_yoast_wpseo_focuskw":"","_yoast_wpseo_title":"","_yoast_wpseo_linkdex":"","_elementor_controls_usage":{"text-editor":{"count":9,"control_percent":0,"controls":{"content":{"section_editor":{"editor":9}}}},"column":{"count":16,"control_percent":0,"controls":{"layout":{"layout":{"_inline_size":16}}}},"section":{"count":12,"control_percent":0,"controls":{"layout":{"section_structure":{"structure":4}}}},"image":{"count":4,"control_percent":1,"controls":{"content":{"section_image":{"image":4,"image_size":4,"link_to":2,"link":2,"image_custom_dimension":1}},"style":{"section_style_image":{"image_border_radius":2}}}},"heading":{"count":2,"control_percent":1,"controls":{"content":{"section_title":{"title":2,"header_size":2}},"style":{"section_title_style":{"title_color":2}}}},"button":{"count":2,"control_percent":1,"controls":{"content":{"section_button":{"text":2,"link":2}},"style":{"section_style":{"align":2,"background_color":2}}}},"shortcode":{"count":1,"control_percent":0,"controls":{"content":{"section_shortcode":{"shortcode":1}}}}},"_wp_old_slug":"","_elementor_template_widget_type":"","_elementor_popup_display_settings":"","_wpml_post_translation_editor_native":"","_wp_old_date":"","_oembed_73d8af3ba4596fb88a7f14b93e1916a9":"","_oembed_time_73d8af3ba4596fb88a7f14b93e1916a9":"","_oembed_f9dc1bf2ed4539093f877876c5bac98e":"","_links":{"self":[{"href":"https:\/\/www.sansofestay.com\/blog\/wp-json\/wp\/v2\/posts\/2088","targetHints":{"allow":["GET"]}}],"collection":[{"href":"https:\/\/www.sansofestay.com\/blog\/wp-json\/wp\/v2\/posts"}],"about":[{"href":"https:\/\/www.sansofestay.com\/blog\/wp-json\/wp\/v2\/types\/post"}],"author":[{"embeddable":true,"href":"https:\/\/www.sansofestay.com\/blog\/wp-json\/wp\/v2\/users\/3"}],"replies":[{"embeddable":true,"href":"https:\/\/www.sansofestay.com\/blog\/wp-json\/wp\/v2\/comments?post=2088"}],"version-history":[{"count":9,"href":"https:\/\/www.sansofestay.com\/blog\/wp-json\/wp\/v2\/posts\/2088\/revisions"}],"predecessor-version":[{"id":2122,"href":"https:\/\/www.sansofestay.com\/blog\/wp-json\/wp\/v2\/posts\/2088\/revisions\/2122"}],"wp:featuredmedia":[{"embeddable":true,"href":"https:\/\/www.sansofestay.com\/blog\/wp-json\/wp\/v2\/media\/2089"}],"wp:attachment":[{"href":"https:\/\/www.sansofestay.com\/blog\/wp-json\/wp\/v2\/media?parent=2088"}],"wp:term":[{"taxonomy":"category","embeddable":true,"href":"https:\/\/www.sansofestay.com\/blog\/wp-json\/wp\/v2\/categories?post=2088"}],"curies":[{"name":"wp","href":"https:\/\/api.w.org\/{rel}","templated":true}]}}