{"id":90,"date":"2022-12-19T08:52:39","date_gmt":"2022-12-19T08:52:39","guid":{"rendered":"https:\/\/www.sansofestay.com\/blog\/?p=90"},"modified":"2024-03-11T08:25:12","modified_gmt":"2024-03-11T08:25:12","slug":"tiempo-en-la-matanza-de-acentejo","status":"publish","type":"post","link":"https:\/\/www.sansofestay.com\/blog\/tiempo-en-la-matanza-de-acentejo\/","title":{"rendered":"C\u00f3mo saber el tiempo en La Matanza de Acentejo"},"content":{"rendered":"\t\t<div data-elementor-type=\"wp-post\" data-elementor-id=\"90\" class=\"elementor elementor-90\" data-elementor-post-type=\"post\">\n\t\t\t\t\t\t<section class=\"elementor-section elementor-top-section elementor-element elementor-element-c26c3be elementor-section-boxed elementor-section-height-default elementor-section-height-default\" data-id=\"c26c3be\" data-element_type=\"section\" data-e-type=\"section\">\n\t\t\t\t\t\t<div class=\"elementor-container elementor-column-gap-default\">\n\t\t\t\t\t<div class=\"elementor-column elementor-col-100 elementor-top-column elementor-element elementor-element-b87a4f1\" data-id=\"b87a4f1\" data-element_type=\"column\" data-e-type=\"column\">\n\t\t\t<div class=\"elementor-widget-wrap elementor-element-populated\">\n\t\t\t\t\t\t<div class=\"elementor-element elementor-element-c69c6b4 elementor-widget elementor-widget-text-editor\" data-id=\"c69c6b4\" data-element_type=\"widget\" data-e-type=\"widget\" data-widget_type=\"text-editor.default\">\n\t\t\t\t<div class=\"elementor-widget-container\">\n\t\t\t\t\t\t\t\t\t<p>\u00bfTe interesa <strong>conocer el tiempo en La Matanza de Acentejo<\/strong>? Este municipio del norte de Tenerife es un destino encantador con un clima excelente durante, pr\u00e1cticamente, todo el a\u00f1o. \u00a1Descubre qu\u00e9 hace tan especial este lugar soleado con temperaturas agradables y templadas!<\/p>\t\t\t\t\t\t\t\t<\/div>\n\t\t\t\t<\/div>\n\t\t\t\t\t<\/div>\n\t\t<\/div>\n\t\t\t\t\t<\/div>\n\t\t<\/section>\n\t\t\t\t<section class=\"elementor-section elementor-top-section elementor-element elementor-element-73c7a75 elementor-section-boxed elementor-section-height-default elementor-section-height-default\" data-id=\"73c7a75\" data-element_type=\"section\" data-e-type=\"section\">\n\t\t\t\t\t\t<div class=\"elementor-container elementor-column-gap-default\">\n\t\t\t\t\t<div class=\"elementor-column elementor-col-100 elementor-top-column elementor-element elementor-element-314bda3\" data-id=\"314bda3\" data-element_type=\"column\" data-e-type=\"column\">\n\t\t\t<div class=\"elementor-widget-wrap elementor-element-populated\">\n\t\t\t\t\t\t<div class=\"elementor-element elementor-element-370dee4 elementor-widget elementor-widget-heading\" data-id=\"370dee4\" data-element_type=\"widget\" data-e-type=\"widget\" data-widget_type=\"heading.default\">\n\t\t\t\t<div class=\"elementor-widget-container\">\n\t\t\t\t\t<h2 class=\"elementor-heading-title elementor-size-default\">Por qu\u00e9 te conviene conocer el tiempo en La Matanza de Acentejo<\/h2>\t\t\t\t<\/div>\n\t\t\t\t<\/div>\n\t\t\t\t\t<\/div>\n\t\t<\/div>\n\t\t\t\t\t<\/div>\n\t\t<\/section>\n\t\t\t\t<section class=\"elementor-section elementor-top-section elementor-element elementor-element-211b5bf elementor-section-boxed elementor-section-height-default elementor-section-height-default\" data-id=\"211b5bf\" data-element_type=\"section\" data-e-type=\"section\">\n\t\t\t\t\t\t<div class=\"elementor-container elementor-column-gap-default\">\n\t\t\t\t\t<div class=\"elementor-column elementor-col-50 elementor-top-column elementor-element elementor-element-eabd1af\" data-id=\"eabd1af\" data-element_type=\"column\" data-e-type=\"column\">\n\t\t\t<div class=\"elementor-widget-wrap elementor-element-populated\">\n\t\t\t\t\t\t<div class=\"elementor-element elementor-element-754ae1c elementor-widget elementor-widget-text-editor\" data-id=\"754ae1c\" data-element_type=\"widget\" data-e-type=\"widget\" data-widget_type=\"text-editor.default\">\n\t\t\t\t<div class=\"elementor-widget-container\">\n\t\t\t\t\t\t\t\t\t<p>Visitar esta localidad tinerfe\u00f1a es una delicia. Situada en el <strong>nordeste de Tenerife<\/strong>, su carism\u00e1tico nombre alude a la derrota que los conquistadores espa\u00f1oles sufrieron ante los guanches en sus inmediaciones. Por otra parte, hay otro municipio colindante, La Victoria de Acentejo, cuyo nombre recuerda d\u00f3nde finaliz\u00f3 la conquista espa\u00f1ola de las islas Canarias.<\/p><p>La primera batalla en la zona se produjo en el siglo XV, concretamente, en 1494: el terreno en torno al barranco favoreci\u00f3 a los aut\u00f3ctonos, liderados por el mencey Bencomo de Taoro. Tras esta derrota, el capit\u00e1n espa\u00f1ol Alonso Fern\u00e1ndez de Lugo tuvo que aplazar su invasi\u00f3n. Tras la conquista, esta ubicaci\u00f3n se convirti\u00f3 en <strong>una de las m\u00e1s pobladas del territorio<\/strong>.<\/p>\t\t\t\t\t\t\t\t<\/div>\n\t\t\t\t<\/div>\n\t\t\t\t\t<\/div>\n\t\t<\/div>\n\t\t\t\t<div class=\"elementor-column elementor-col-50 elementor-top-column elementor-element elementor-element-3d7c07c\" data-id=\"3d7c07c\" data-element_type=\"column\" data-e-type=\"column\">\n\t\t\t<div class=\"elementor-widget-wrap elementor-element-populated\">\n\t\t\t\t\t\t<div class=\"elementor-element elementor-element-0afefe7 elementor-widget elementor-widget-image\" data-id=\"0afefe7\" data-element_type=\"widget\" data-e-type=\"widget\" data-widget_type=\"image.default\">\n\t\t\t\t<div class=\"elementor-widget-container\">\n\t\t\t\t\t\t\t\t\t\t\t\t\t\t\t<img fetchpriority=\"high\" decoding=\"async\" width=\"600\" height=\"400\" src=\"https:\/\/www.sansofestay.com\/blog\/wp-content\/uploads\/2022\/12\/tiempo-matanza-acentejo.jpg\" class=\"attachment-large size-large wp-image-103\" alt=\"El tiempo en La Matanza en Tenerife\" \/>\t\t\t\t\t\t\t\t\t\t\t\t\t\t\t<\/div>\n\t\t\t\t<\/div>\n\t\t\t\t\t<\/div>\n\t\t<\/div>\n\t\t\t\t\t<\/div>\n\t\t<\/section>\n\t\t\t\t<section class=\"elementor-section elementor-top-section elementor-element elementor-element-95f1530 elementor-section-boxed elementor-section-height-default elementor-section-height-default\" data-id=\"95f1530\" data-element_type=\"section\" data-e-type=\"section\">\n\t\t\t\t\t\t<div class=\"elementor-container elementor-column-gap-default\">\n\t\t\t\t\t<div class=\"elementor-column elementor-col-100 elementor-top-column elementor-element elementor-element-b9b3a3d\" data-id=\"b9b3a3d\" data-element_type=\"column\" data-e-type=\"column\">\n\t\t\t<div class=\"elementor-widget-wrap elementor-element-populated\">\n\t\t\t\t\t\t<div class=\"elementor-element elementor-element-e557b99 elementor-widget elementor-widget-text-editor\" data-id=\"e557b99\" data-element_type=\"widget\" data-e-type=\"widget\" data-widget_type=\"text-editor.default\">\n\t\t\t\t<div class=\"elementor-widget-container\">\n\t\t\t\t\t\t\t\t\t<p>No deber\u00edas dejar de visitar este emplazamiento hist\u00f3rico de Tenerife. Adem\u00e1s de conocer este escenario \u00e9pico remoto, organizar una excursi\u00f3n con <strong>tiempo en La Matanza de Acentejo <\/strong>es sin\u00f3nimo de disfrute.<\/p><p>Cuenta con una extensi\u00f3n de 14,11 kil\u00f3metros cuadrados y alcanza los <strong>1589 metros sobre el nivel del mar<\/strong>. Entre otros lugares destacables, te ofrece el risco de La Sabina, la ermita de San Antonio Abad, La Casa del Barco y el conocido barranco de Acentejo.<\/p>\t\t\t\t\t\t\t\t<\/div>\n\t\t\t\t<\/div>\n\t\t\t\t<div class=\"elementor-element elementor-element-0888c99 elementor-align-center elementor-widget elementor-widget-button\" data-id=\"0888c99\" data-element_type=\"widget\" data-e-type=\"widget\" data-widget_type=\"button.default\">\n\t\t\t\t<div class=\"elementor-widget-container\">\n\t\t\t\t\t\t\t\t\t<div class=\"elementor-button-wrapper\">\n\t\t\t\t\t<a class=\"elementor-button elementor-button-link elementor-size-sm\" href=\"https:\/\/www.sansofestay.com\/la-matanza-de-acentejo-tenerife\" target=\"_blank\">\n\t\t\t\t\t\t<span class=\"elementor-button-content-wrapper\">\n\t\t\t\t\t\t\t\t\t<span class=\"elementor-button-text\">La Matanza de Acentejo<\/span>\n\t\t\t\t\t<\/span>\n\t\t\t\t\t<\/a>\n\t\t\t\t<\/div>\n\t\t\t\t\t\t\t\t<\/div>\n\t\t\t\t<\/div>\n\t\t\t\t<div class=\"elementor-element elementor-element-56c4016 elementor-widget elementor-widget-text-editor\" data-id=\"56c4016\" data-element_type=\"widget\" data-e-type=\"widget\" data-widget_type=\"text-editor.default\">\n\t\t\t\t<div class=\"elementor-widget-container\">\n\t\t\t\t\t\t\t\t\t<p>La combinaci\u00f3n de una preciosa costa de La Matanza, las zonas urbanizadas para el turismo y los enclaves enol\u00f3gicos es muy atractiva. Familias, parejas y grupos de amigos disfrutan por igual de <strong>la cultura del vino, las playas y la naturaleza<\/strong> con un clima apacible.<\/p><p>El paraje de La Vica es un lugar estupendo para organizar p\u00edcnics en contacto con el precioso entorno. Es una zona recreativa perfectamente acondicionada, m\u00e1s atractiva a\u00fan durante todo el a\u00f1o por la bonanza clim\u00e1tica.<\/p>\t\t\t\t\t\t\t\t<\/div>\n\t\t\t\t<\/div>\n\t\t\t\t\t<\/div>\n\t\t<\/div>\n\t\t\t\t\t<\/div>\n\t\t<\/section>\n\t\t\t\t<section class=\"elementor-section elementor-top-section elementor-element elementor-element-6339a5bf elementor-section-height-min-height elementor-section-content-middle elementor-section-boxed elementor-section-height-default elementor-section-items-middle\" data-id=\"6339a5bf\" data-element_type=\"section\" data-e-type=\"section\">\n\t\t\t\t\t\t\t<div class=\"elementor-background-overlay\"><\/div>\n\t\t\t\t\t\t\t<div class=\"elementor-container elementor-column-gap-no\">\n\t\t\t\t\t<div class=\"elementor-column elementor-col-100 elementor-top-column elementor-element elementor-element-48c87d36\" data-id=\"48c87d36\" data-element_type=\"column\" data-e-type=\"column\">\n\t\t\t<div class=\"elementor-widget-wrap elementor-element-populated\">\n\t\t\t\t\t\t<div class=\"elementor-element elementor-element-73662a9 elementor-widget elementor-widget-heading\" data-id=\"73662a9\" data-element_type=\"widget\" data-e-type=\"widget\" data-widget_type=\"heading.default\">\n\t\t\t\t<div class=\"elementor-widget-container\">\n\t\t\t\t\t<h2 class=\"elementor-heading-title elementor-size-default\">El tiempo y La Matanza de Acentejo: caracter\u00edsticas<\/h2>\t\t\t\t<\/div>\n\t\t\t\t<\/div>\n\t\t\t\t<div class=\"elementor-element elementor-element-6b21348 elementor-widget elementor-widget-text-editor\" data-id=\"6b21348\" data-element_type=\"widget\" data-e-type=\"widget\" data-widget_type=\"text-editor.default\">\n\t\t\t\t<div class=\"elementor-widget-container\">\n\t\t\t\t\t\t\t\t\t<p>La temperatura media en este municipio tinerfe\u00f1o oscila <strong>entre los 13 \u00baC y los 24 \u00baC<\/strong>. Como ves, ofrece un ambiente casi paradis\u00edaco durante todo el a\u00f1o. Si visitas esta zona, en cualquier fecha, podr\u00e1s vestir ropa primaveral y solo ocasionalmente te har\u00e1 falta una chaqueta ligera.<\/p><p>Las dos <strong>temporadas clim\u00e1ticas<\/strong> m\u00e1s diferenciadas son:<\/p><ul><li><strong>Fresca<\/strong>. Se prolonga durante cuatro meses, entre el 14 de diciembre y el 14 de abril. La temperatura media diaria se encuentra por debajo de los 19 \u00baC. En enero, el mes m\u00e1s fr\u00edo en la zona, te encontrar\u00e1s temperaturas entre los 13 y los 18 \u00baC.<\/li><li><strong>Templada<\/strong>. Dura entre el 9 de julio y el 11 de octubre. La temperatura promedio se sit\u00faa por encima de los 24 \u00baC, siendo agosto el periodo m\u00e1s caluroso. Con todo, en este mes estival el term\u00f3metro suele oscilar entre los 19 de m\u00ednima y los 25 \u00baC de m\u00e1xima.<\/li><\/ul>\t\t\t\t\t\t\t\t<\/div>\n\t\t\t\t<\/div>\n\t\t\t\t\t<\/div>\n\t\t<\/div>\n\t\t\t\t\t<\/div>\n\t\t<\/section>\n\t\t\t\t<section class=\"elementor-section elementor-top-section elementor-element elementor-element-2cf97b3 elementor-section-boxed elementor-section-height-default elementor-section-height-default\" data-id=\"2cf97b3\" data-element_type=\"section\" data-e-type=\"section\">\n\t\t\t\t\t\t<div class=\"elementor-container elementor-column-gap-default\">\n\t\t\t\t\t<div class=\"elementor-column elementor-col-100 elementor-top-column elementor-element elementor-element-91f368d\" data-id=\"91f368d\" data-element_type=\"column\" data-e-type=\"column\">\n\t\t\t<div class=\"elementor-widget-wrap elementor-element-populated\">\n\t\t\t\t\t\t<div class=\"elementor-element elementor-element-66f883b elementor-widget elementor-widget-text-editor\" data-id=\"66f883b\" data-element_type=\"widget\" data-e-type=\"widget\" data-widget_type=\"text-editor.default\">\n\t\t\t\t<div class=\"elementor-widget-container\">\n\t\t\t\t\t\t\t\t\t<p>En general, los momentos m\u00e1s c\u00e1lidos del d\u00eda se sit\u00faan entre las 13 y las 18 horas. Esta franja horaria es la m\u00e1s indicada para relajarse en las bonitas playas de este territorio, como La Negra, El Calet\u00f3n y El Bao. <strong>El clima favorece realizar actividades al aire libre<\/strong> y admirar la belleza paisaj\u00edstica.<\/p><h3>Nubes y precipitaciones<\/h3>\t\t\t\t\t\t\t\t<\/div>\n\t\t\t\t<\/div>\n\t\t\t\t\t<\/div>\n\t\t<\/div>\n\t\t\t\t\t<\/div>\n\t\t<\/section>\n\t\t\t\t<section class=\"elementor-section elementor-top-section elementor-element elementor-element-d8a25aa elementor-section-boxed elementor-section-height-default elementor-section-height-default\" data-id=\"d8a25aa\" data-element_type=\"section\" data-e-type=\"section\">\n\t\t\t\t\t\t<div class=\"elementor-container elementor-column-gap-default\">\n\t\t\t\t\t<div class=\"elementor-column elementor-col-50 elementor-top-column elementor-element elementor-element-00305bb\" data-id=\"00305bb\" data-element_type=\"column\" data-e-type=\"column\">\n\t\t\t<div class=\"elementor-widget-wrap elementor-element-populated\">\n\t\t\t\t\t\t<div class=\"elementor-element elementor-element-2186e8b elementor-widget elementor-widget-image\" data-id=\"2186e8b\" data-element_type=\"widget\" data-e-type=\"widget\" data-widget_type=\"image.default\">\n\t\t\t\t<div class=\"elementor-widget-container\">\n\t\t\t\t\t\t\t\t\t\t\t\t\t\t\t<img decoding=\"async\" width=\"600\" height=\"400\" src=\"https:\/\/www.sansofestay.com\/blog\/wp-content\/uploads\/2022\/12\/tiempo-la-matanza-de-acentejo-tenerife.jpg\" class=\"attachment-large size-large wp-image-105\" alt=\"El tiempo en la matanza de acentejo en el Norte de Tenerife\" \/>\t\t\t\t\t\t\t\t\t\t\t\t\t\t\t<\/div>\n\t\t\t\t<\/div>\n\t\t\t\t\t<\/div>\n\t\t<\/div>\n\t\t\t\t<div class=\"elementor-column elementor-col-50 elementor-top-column elementor-element elementor-element-b29a85a\" data-id=\"b29a85a\" data-element_type=\"column\" data-e-type=\"column\">\n\t\t\t<div class=\"elementor-widget-wrap elementor-element-populated\">\n\t\t\t\t\t\t<div class=\"elementor-element elementor-element-272c9d4 elementor-widget elementor-widget-text-editor\" data-id=\"272c9d4\" data-element_type=\"widget\" data-e-type=\"widget\" data-widget_type=\"text-editor.default\">\n\t\t\t\t<div class=\"elementor-widget-container\">\n\t\t\t\t\t\t\t\t\t<p>La presencia de nubes en los cielos de La Matanza de Acentejo var\u00eda mucho seg\u00fan la \u00e9poca del a\u00f1o. Entre el 15 de septiembre y el 23 de mayo, durante algo m\u00e1s de ocho meses, se da el periodo con mayor presencia de nubes. <strong>En noviembre, el cielo est\u00e1 nublado alrededor del 40 % del tiempo.<\/strong> Es el mes menos soleado del a\u00f1o.<\/p><p>Por otra parte, entre el 23 de mayo y el 15 de septiembre se desarrolla la \u00e9poca despejada. <strong>En julio, solo hay nubes significativas un 3 % del tiempo<\/strong>.<\/p><p>En cuanto a las lluvias, diciembre es el mes m\u00e1s activo, con un promedio de 3,8 d\u00edas. <strong>La temporada m\u00e1s seca se da entre el 6 de abril y el 17 de octubre<\/strong>. En julio, el mes con menos lluvia, raramente llueve alg\u00fan d\u00eda.<\/p>\t\t\t\t\t\t\t\t<\/div>\n\t\t\t\t<\/div>\n\t\t\t\t\t<\/div>\n\t\t<\/div>\n\t\t\t\t\t<\/div>\n\t\t<\/section>\n\t\t\t\t<section class=\"elementor-section elementor-top-section elementor-element elementor-element-2c095abb elementor-section-boxed elementor-section-height-default elementor-section-height-default\" data-id=\"2c095abb\" data-element_type=\"section\" data-e-type=\"section\">\n\t\t\t\t\t\t<div class=\"elementor-container elementor-column-gap-default\">\n\t\t\t\t\t<div class=\"elementor-column elementor-col-100 elementor-top-column elementor-element elementor-element-3b72f0e6\" data-id=\"3b72f0e6\" data-element_type=\"column\" data-e-type=\"column\">\n\t\t\t<div class=\"elementor-widget-wrap elementor-element-populated\">\n\t\t\t\t\t\t<div class=\"elementor-element elementor-element-7ad02c8 elementor-widget elementor-widget-text-editor\" data-id=\"7ad02c8\" data-element_type=\"widget\" data-e-type=\"widget\" data-widget_type=\"text-editor.default\">\n\t\t\t\t<div class=\"elementor-widget-container\">\n\t\t\t\t\t\t\t\t\t<h2>C\u00f3mo saber el tiempo en este pueblo<\/h2><p>Si tienes previsto visitar este municipio, en las <em>webcams<\/em> <a href=\"https:\/\/www.meteoblue.com\/es\/tiempo\/webcams\/la-matanza-de-acentejo_espa%C3%B1a_2515772\" target=\"_blank\" rel=\"noopener\">Metoblue<\/a> y <a href=\"https:\/\/www.meteosurfcanarias.com\/es\/001999-webcam-tiempo-en-directo-playas-tenerife-la-matanza.php\" target=\"_blank\" rel=\"noopener\">MeteoSurfCanarias<\/a> puedes <strong>ver el tiempo en directo a trav\u00e9s de sus c\u00e1maras.<\/strong> Es una manera r\u00e1pida y eficaz para tener claro qu\u00e9 est\u00e1 sucediendo. Adem\u00e1s, en <a href=\"https:\/\/www.aemet.es\/es\/eltiempo\/prediccion\/municipios\/matanza-de-acentejo-la-id38025\" target=\"_blank\" rel=\"noopener\">Aemet<\/a> tienes a tu disposici\u00f3n <strong>predicciones meteorol\u00f3gicas\u200b <\/strong>m\u00e1s que fiables.<\/p><p>La conclusi\u00f3n es clara: <strong>el tiempo en La Matanza de Acentejo es excelente y apacible durante todo el a\u00f1o<\/strong>. Dif\u00edcilmente te impedir\u00e1 llevar a cabo cualquier plan que te propongas. Por eso, y por la calidad de los <strong><a href=\"https:\/\/www.sansofestay.com\/alquiler\/alquileres-la-matanza-de-acentejo-d408344\/\" target=\"_blank\" rel=\"noopener\">alojamientos en la Matanza de Acentejo<\/a><\/strong> de <strong>San Diego Apartamentos,<\/strong> te animamos a planificar una escapada a este municipio. \u00a1Disfruta de un clima templado y agradable en esta zona de Canarias llena de atractivos!<\/p>\t\t\t\t\t\t\t\t<\/div>\n\t\t\t\t<\/div>\n\t\t\t\t\t<\/div>\n\t\t<\/div>\n\t\t\t\t\t<\/div>\n\t\t<\/section>\n\t\t\t\t<section class=\"elementor-section elementor-top-section elementor-element elementor-element-62fefd8 elementor-section-boxed elementor-section-height-default elementor-section-height-default\" data-id=\"62fefd8\" data-element_type=\"section\" data-e-type=\"section\">\n\t\t\t\t\t\t<div class=\"elementor-container elementor-column-gap-default\">\n\t\t\t\t\t<div class=\"elementor-column elementor-col-50 elementor-top-column elementor-element elementor-element-c572bfa\" data-id=\"c572bfa\" data-element_type=\"column\" data-e-type=\"column\">\n\t\t\t<div class=\"elementor-widget-wrap elementor-element-populated\">\n\t\t\t\t\t\t<div class=\"elementor-element elementor-element-0ea9339 elementor-align-right elementor-widget elementor-widget-button\" data-id=\"0ea9339\" data-element_type=\"widget\" data-e-type=\"widget\" data-widget_type=\"button.default\">\n\t\t\t\t<div class=\"elementor-widget-container\">\n\t\t\t\t\t\t\t\t\t<div class=\"elementor-button-wrapper\">\n\t\t\t\t\t<a class=\"elementor-button elementor-button-link elementor-size-sm\" href=\"https:\/\/www.sansofestay.com\/alquiler-vacacional-tenerife\/\" target=\"_blank\">\n\t\t\t\t\t\t<span class=\"elementor-button-content-wrapper\">\n\t\t\t\t\t\t\t\t\t<span class=\"elementor-button-text\">Alquiler vacacional en Tenerife<\/span>\n\t\t\t\t\t<\/span>\n\t\t\t\t\t<\/a>\n\t\t\t\t<\/div>\n\t\t\t\t\t\t\t\t<\/div>\n\t\t\t\t<\/div>\n\t\t\t\t\t<\/div>\n\t\t<\/div>\n\t\t\t\t<div class=\"elementor-column elementor-col-50 elementor-top-column elementor-element elementor-element-a4de266\" data-id=\"a4de266\" data-element_type=\"column\" data-e-type=\"column\">\n\t\t\t<div class=\"elementor-widget-wrap elementor-element-populated\">\n\t\t\t\t\t\t<div class=\"elementor-element elementor-element-a4ce7b4 elementor-align-left elementor-widget elementor-widget-button\" data-id=\"a4ce7b4\" data-element_type=\"widget\" data-e-type=\"widget\" data-widget_type=\"button.default\">\n\t\t\t\t<div class=\"elementor-widget-container\">\n\t\t\t\t\t\t\t\t\t<div class=\"elementor-button-wrapper\">\n\t\t\t\t\t<a class=\"elementor-button elementor-button-link elementor-size-sm\" href=\"https:\/\/www.sansofestay.com\/alquiler\/casas-la-matanza-de-acentejo-c19d408344\/\" target=\"_blank\">\n\t\t\t\t\t\t<span class=\"elementor-button-content-wrapper\">\n\t\t\t\t\t\t\t\t\t<span class=\"elementor-button-text\">Casas en La Matanza de Acentejo<\/span>\n\t\t\t\t\t<\/span>\n\t\t\t\t\t<\/a>\n\t\t\t\t<\/div>\n\t\t\t\t\t\t\t\t<\/div>\n\t\t\t\t<\/div>\n\t\t\t\t\t<\/div>\n\t\t<\/div>\n\t\t\t\t\t<\/div>\n\t\t<\/section>\n\t\t\t\t<\/div>\n\t\t","protected":false},"excerpt":{"rendered":"<p>Te contamos cu\u00e1les son las caracter\u00edsticas del tiempo en La Matanza de Acentejo. Este municipio es un lugar vacacional muy atractivo.<\/p>\n","protected":false},"author":3,"featured_media":100,"comment_status":"open","ping_status":"open","sticky":false,"template":"","format":"standard","meta":{"footnotes":""},"categories":[10],"class_list":["post-90","post","type-post","status-publish","format-standard","has-post-thumbnail","hentry","category-la-matanza-de-acentejo"],"yoast_head":"<!-- This site is optimized with the Yoast SEO plugin v27.2 - https:\/\/yoast.com\/product\/yoast-seo-wordpress\/ -->\n<title>El tiempo en La Matanza de Acentejo | San Diego Apartamentos<\/title>\n<meta name=\"description\" content=\"Te contamos cu\u00e1les son las caracter\u00edsticas del tiempo en La Matanza de Acentejo. Este municipio es un lugar vacacional muy atractivo.\" \/>\n<meta name=\"robots\" content=\"index, follow, max-snippet:-1, max-image-preview:large, max-video-preview:-1\" \/>\n<link rel=\"canonical\" href=\"https:\/\/www.sansofestay.com\/blog\/tiempo-en-la-matanza-de-acentejo\/\" \/>\n<meta property=\"og:locale\" content=\"es_ES\" \/>\n<meta property=\"og:type\" content=\"article\" \/>\n<meta property=\"og:title\" content=\"El tiempo en La Matanza de Acentejo | San Diego Apartamentos\" \/>\n<meta property=\"og:description\" content=\"Te contamos cu\u00e1les son las caracter\u00edsticas del tiempo en La Matanza de Acentejo. Este municipio es un lugar vacacional muy atractivo.\" \/>\n<meta property=\"og:url\" content=\"https:\/\/www.sansofestay.com\/blog\/tiempo-en-la-matanza-de-acentejo\/\" \/>\n<meta property=\"og:site_name\" content=\"Vacaciones en Tenerife | Sansof\u00e9\" \/>\n<meta property=\"article:published_time\" content=\"2022-12-19T08:52:39+00:00\" \/>\n<meta property=\"article:modified_time\" content=\"2024-03-11T08:25:12+00:00\" \/>\n<meta property=\"og:image\" content=\"https:\/\/www.sansofestay.com\/blog\/wp-content\/uploads\/2022\/12\/el-tiempo-en-la-matanza-de-acentejo-tenerife.jpg\" \/>\n\t<meta property=\"og:image:width\" content=\"1080\" \/>\n\t<meta property=\"og:image:height\" content=\"600\" \/>\n\t<meta property=\"og:image:type\" content=\"image\/jpeg\" \/>\n<meta name=\"author\" content=\"digitalservices@avantio.com\" \/>\n<meta name=\"twitter:card\" content=\"summary_large_image\" \/>\n<meta name=\"twitter:label1\" content=\"Escrito por\" \/>\n\t<meta name=\"twitter:data1\" content=\"digitalservices@avantio.com\" \/>\n\t<meta name=\"twitter:label2\" content=\"Tiempo de lectura\" \/>\n\t<meta name=\"twitter:data2\" content=\"5 minutos\" \/>\n<script type=\"application\/ld+json\" class=\"yoast-schema-graph\">{\"@context\":\"https:\/\/schema.org\",\"@graph\":[{\"@type\":\"Article\",\"@id\":\"https:\/\/www.sansofestay.com\/blog\/tiempo-en-la-matanza-de-acentejo\/#article\",\"isPartOf\":{\"@id\":\"https:\/\/www.sansofestay.com\/blog\/tiempo-en-la-matanza-de-acentejo\/\"},\"author\":{\"name\":\"digitalservices@avantio.com\",\"@id\":\"https:\/\/www.sansofestay.com\/blog\/#\/schema\/person\/c206c4732c6fd34c0667c8566b602cd6\"},\"headline\":\"C\u00f3mo saber el tiempo en La Matanza de Acentejo\",\"datePublished\":\"2022-12-19T08:52:39+00:00\",\"dateModified\":\"2024-03-11T08:25:12+00:00\",\"mainEntityOfPage\":{\"@id\":\"https:\/\/www.sansofestay.com\/blog\/tiempo-en-la-matanza-de-acentejo\/\"},\"wordCount\":871,\"commentCount\":0,\"image\":{\"@id\":\"https:\/\/www.sansofestay.com\/blog\/tiempo-en-la-matanza-de-acentejo\/#primaryimage\"},\"thumbnailUrl\":\"https:\/\/www.sansofestay.com\/blog\/wp-content\/uploads\/2022\/12\/el-tiempo-en-la-matanza-de-acentejo-tenerife.jpg\",\"articleSection\":[\"La Matanza de Acentejo\"],\"inLanguage\":\"es\",\"potentialAction\":[{\"@type\":\"CommentAction\",\"name\":\"Comment\",\"target\":[\"https:\/\/www.sansofestay.com\/blog\/tiempo-en-la-matanza-de-acentejo\/#respond\"]}]},{\"@type\":\"WebPage\",\"@id\":\"https:\/\/www.sansofestay.com\/blog\/tiempo-en-la-matanza-de-acentejo\/\",\"url\":\"https:\/\/www.sansofestay.com\/blog\/tiempo-en-la-matanza-de-acentejo\/\",\"name\":\"El tiempo en La Matanza de Acentejo | San Diego Apartamentos\",\"isPartOf\":{\"@id\":\"https:\/\/www.sansofestay.com\/blog\/#website\"},\"primaryImageOfPage\":{\"@id\":\"https:\/\/www.sansofestay.com\/blog\/tiempo-en-la-matanza-de-acentejo\/#primaryimage\"},\"image\":{\"@id\":\"https:\/\/www.sansofestay.com\/blog\/tiempo-en-la-matanza-de-acentejo\/#primaryimage\"},\"thumbnailUrl\":\"https:\/\/www.sansofestay.com\/blog\/wp-content\/uploads\/2022\/12\/el-tiempo-en-la-matanza-de-acentejo-tenerife.jpg\",\"datePublished\":\"2022-12-19T08:52:39+00:00\",\"dateModified\":\"2024-03-11T08:25:12+00:00\",\"author\":{\"@id\":\"https:\/\/www.sansofestay.com\/blog\/#\/schema\/person\/c206c4732c6fd34c0667c8566b602cd6\"},\"description\":\"Te contamos cu\u00e1les son las caracter\u00edsticas del tiempo en La Matanza de Acentejo. Este municipio es un lugar vacacional muy atractivo.\",\"inLanguage\":\"es\",\"potentialAction\":[{\"@type\":\"ReadAction\",\"target\":[\"https:\/\/www.sansofestay.com\/blog\/tiempo-en-la-matanza-de-acentejo\/\"]}]},{\"@type\":\"ImageObject\",\"inLanguage\":\"es\",\"@id\":\"https:\/\/www.sansofestay.com\/blog\/tiempo-en-la-matanza-de-acentejo\/#primaryimage\",\"url\":\"https:\/\/www.sansofestay.com\/blog\/wp-content\/uploads\/2022\/12\/el-tiempo-en-la-matanza-de-acentejo-tenerife.jpg\",\"contentUrl\":\"https:\/\/www.sansofestay.com\/blog\/wp-content\/uploads\/2022\/12\/el-tiempo-en-la-matanza-de-acentejo-tenerife.jpg\",\"width\":1080,\"height\":600,\"caption\":\"El tiempo en La Matanza de Acentejo\"},{\"@type\":\"WebSite\",\"@id\":\"https:\/\/www.sansofestay.com\/blog\/#website\",\"url\":\"https:\/\/www.sansofestay.com\/blog\/\",\"name\":\"Vacaciones en Tenerife | Sansof\u00e9\",\"description\":\"Informaci\u00f3n tur\u00edstica de la isla de Tenerife. Explora la isla, las mejores zonas, actividades y consejos\",\"potentialAction\":[{\"@type\":\"SearchAction\",\"target\":{\"@type\":\"EntryPoint\",\"urlTemplate\":\"https:\/\/www.sansofestay.com\/blog\/?s={search_term_string}\"},\"query-input\":{\"@type\":\"PropertyValueSpecification\",\"valueRequired\":true,\"valueName\":\"search_term_string\"}}],\"inLanguage\":\"es\"},{\"@type\":\"Person\",\"@id\":\"https:\/\/www.sansofestay.com\/blog\/#\/schema\/person\/c206c4732c6fd34c0667c8566b602cd6\",\"name\":\"digitalservices@avantio.com\",\"image\":{\"@type\":\"ImageObject\",\"inLanguage\":\"es\",\"@id\":\"https:\/\/secure.gravatar.com\/avatar\/af30f88a1904294c1f3eb09a9d7903eec4ffa18fa2cf40c28a8681014ecdfc20?s=96&d=mm&r=g\",\"url\":\"https:\/\/secure.gravatar.com\/avatar\/af30f88a1904294c1f3eb09a9d7903eec4ffa18fa2cf40c28a8681014ecdfc20?s=96&d=mm&r=g\",\"contentUrl\":\"https:\/\/secure.gravatar.com\/avatar\/af30f88a1904294c1f3eb09a9d7903eec4ffa18fa2cf40c28a8681014ecdfc20?s=96&d=mm&r=g\",\"caption\":\"digitalservices@avantio.com\"},\"url\":\"https:\/\/www.sansofestay.com\/blog\/author\/digitalservicesavantio-com\/\"}]}<\/script>\n<!-- \/ Yoast SEO plugin. -->","yoast_head_json":{"title":"El tiempo en La Matanza de Acentejo | San Diego Apartamentos","description":"Te contamos cu\u00e1les son las caracter\u00edsticas del tiempo en La Matanza de Acentejo. Este municipio es un lugar vacacional muy atractivo.","robots":{"index":"index","follow":"follow","max-snippet":"max-snippet:-1","max-image-preview":"max-image-preview:large","max-video-preview":"max-video-preview:-1"},"canonical":"https:\/\/www.sansofestay.com\/blog\/tiempo-en-la-matanza-de-acentejo\/","og_locale":"es_ES","og_type":"article","og_title":"El tiempo en La Matanza de Acentejo | San Diego Apartamentos","og_description":"Te contamos cu\u00e1les son las caracter\u00edsticas del tiempo en La Matanza de Acentejo. Este municipio es un lugar vacacional muy atractivo.","og_url":"https:\/\/www.sansofestay.com\/blog\/tiempo-en-la-matanza-de-acentejo\/","og_site_name":"Vacaciones en Tenerife | Sansof\u00e9","article_published_time":"2022-12-19T08:52:39+00:00","article_modified_time":"2024-03-11T08:25:12+00:00","og_image":[{"width":1080,"height":600,"url":"https:\/\/www.sansofestay.com\/blog\/wp-content\/uploads\/2022\/12\/el-tiempo-en-la-matanza-de-acentejo-tenerife.jpg","type":"image\/jpeg"}],"author":"digitalservices@avantio.com","twitter_card":"summary_large_image","twitter_misc":{"Escrito por":"digitalservices@avantio.com","Tiempo de lectura":"5 minutos"},"schema":{"@context":"https:\/\/schema.org","@graph":[{"@type":"Article","@id":"https:\/\/www.sansofestay.com\/blog\/tiempo-en-la-matanza-de-acentejo\/#article","isPartOf":{"@id":"https:\/\/www.sansofestay.com\/blog\/tiempo-en-la-matanza-de-acentejo\/"},"author":{"name":"digitalservices@avantio.com","@id":"https:\/\/www.sansofestay.com\/blog\/#\/schema\/person\/c206c4732c6fd34c0667c8566b602cd6"},"headline":"C\u00f3mo saber el tiempo en La Matanza de Acentejo","datePublished":"2022-12-19T08:52:39+00:00","dateModified":"2024-03-11T08:25:12+00:00","mainEntityOfPage":{"@id":"https:\/\/www.sansofestay.com\/blog\/tiempo-en-la-matanza-de-acentejo\/"},"wordCount":871,"commentCount":0,"image":{"@id":"https:\/\/www.sansofestay.com\/blog\/tiempo-en-la-matanza-de-acentejo\/#primaryimage"},"thumbnailUrl":"https:\/\/www.sansofestay.com\/blog\/wp-content\/uploads\/2022\/12\/el-tiempo-en-la-matanza-de-acentejo-tenerife.jpg","articleSection":["La Matanza de Acentejo"],"inLanguage":"es","potentialAction":[{"@type":"CommentAction","name":"Comment","target":["https:\/\/www.sansofestay.com\/blog\/tiempo-en-la-matanza-de-acentejo\/#respond"]}]},{"@type":"WebPage","@id":"https:\/\/www.sansofestay.com\/blog\/tiempo-en-la-matanza-de-acentejo\/","url":"https:\/\/www.sansofestay.com\/blog\/tiempo-en-la-matanza-de-acentejo\/","name":"El tiempo en La Matanza de Acentejo | San Diego Apartamentos","isPartOf":{"@id":"https:\/\/www.sansofestay.com\/blog\/#website"},"primaryImageOfPage":{"@id":"https:\/\/www.sansofestay.com\/blog\/tiempo-en-la-matanza-de-acentejo\/#primaryimage"},"image":{"@id":"https:\/\/www.sansofestay.com\/blog\/tiempo-en-la-matanza-de-acentejo\/#primaryimage"},"thumbnailUrl":"https:\/\/www.sansofestay.com\/blog\/wp-content\/uploads\/2022\/12\/el-tiempo-en-la-matanza-de-acentejo-tenerife.jpg","datePublished":"2022-12-19T08:52:39+00:00","dateModified":"2024-03-11T08:25:12+00:00","author":{"@id":"https:\/\/www.sansofestay.com\/blog\/#\/schema\/person\/c206c4732c6fd34c0667c8566b602cd6"},"description":"Te contamos cu\u00e1les son las caracter\u00edsticas del tiempo en La Matanza de Acentejo. Este municipio es un lugar vacacional muy atractivo.","inLanguage":"es","potentialAction":[{"@type":"ReadAction","target":["https:\/\/www.sansofestay.com\/blog\/tiempo-en-la-matanza-de-acentejo\/"]}]},{"@type":"ImageObject","inLanguage":"es","@id":"https:\/\/www.sansofestay.com\/blog\/tiempo-en-la-matanza-de-acentejo\/#primaryimage","url":"https:\/\/www.sansofestay.com\/blog\/wp-content\/uploads\/2022\/12\/el-tiempo-en-la-matanza-de-acentejo-tenerife.jpg","contentUrl":"https:\/\/www.sansofestay.com\/blog\/wp-content\/uploads\/2022\/12\/el-tiempo-en-la-matanza-de-acentejo-tenerife.jpg","width":1080,"height":600,"caption":"El tiempo en La Matanza de Acentejo"},{"@type":"WebSite","@id":"https:\/\/www.sansofestay.com\/blog\/#website","url":"https:\/\/www.sansofestay.com\/blog\/","name":"Vacaciones en Tenerife | Sansof\u00e9","description":"Informaci\u00f3n tur\u00edstica de la isla de Tenerife. Explora la isla, las mejores zonas, actividades y consejos","potentialAction":[{"@type":"SearchAction","target":{"@type":"EntryPoint","urlTemplate":"https:\/\/www.sansofestay.com\/blog\/?s={search_term_string}"},"query-input":{"@type":"PropertyValueSpecification","valueRequired":true,"valueName":"search_term_string"}}],"inLanguage":"es"},{"@type":"Person","@id":"https:\/\/www.sansofestay.com\/blog\/#\/schema\/person\/c206c4732c6fd34c0667c8566b602cd6","name":"digitalservices@avantio.com","image":{"@type":"ImageObject","inLanguage":"es","@id":"https:\/\/secure.gravatar.com\/avatar\/af30f88a1904294c1f3eb09a9d7903eec4ffa18fa2cf40c28a8681014ecdfc20?s=96&d=mm&r=g","url":"https:\/\/secure.gravatar.com\/avatar\/af30f88a1904294c1f3eb09a9d7903eec4ffa18fa2cf40c28a8681014ecdfc20?s=96&d=mm&r=g","contentUrl":"https:\/\/secure.gravatar.com\/avatar\/af30f88a1904294c1f3eb09a9d7903eec4ffa18fa2cf40c28a8681014ecdfc20?s=96&d=mm&r=g","caption":"digitalservices@avantio.com"},"url":"https:\/\/www.sansofestay.com\/blog\/author\/digitalservicesavantio-com\/"}]}},"_pingme":"","_encloseme":"","_top_nav_excluded":"","_cms_nav_minihome":"","_last_translation_edit_mode":"","_edit_last":"3","_wpml_media_featured":"1","_wpml_media_duplicate":"1","_edit_lock":"1710157017:3","_wpml_word_count":"826","_yoast_wpseo_estimated-reading-time-minutes":"5","_yoast_wpseo_meta-robots-noindex":"","_yoast_wpseo_meta-robots-nofollow":"","_yoast_wpseo_wordproof_timestamp":"","_yoast_wpseo_primary_category":10,"_elementor_edit_mode":"builder","_elementor_template_type":"wp-post","_elementor_version":"3.16.6","_elementor_pro_version":"3.8.2","_wp_page_template":"default","_elementor_page_settings":"","_elementor_data":"[{\"id\":\"c26c3be\",\"elType\":\"section\",\"settings\":[],\"elements\":[{\"id\":\"b87a4f1\",\"elType\":\"column\",\"settings\":{\"_column_size\":100,\"_inline_size\":null},\"elements\":[{\"id\":\"c69c6b4\",\"elType\":\"widget\",\"settings\":{\"editor\":\"<p>\\u00bfTe interesa <strong>conocer el tiempo en La Matanza de Acentejo<\\\/strong>? Este municipio del norte de Tenerife es un destino encantador con un clima excelente durante, pr\\u00e1cticamente, todo el a\\u00f1o. \\u00a1Descubre qu\\u00e9 hace tan especial este lugar soleado con temperaturas agradables y templadas!<\\\/p>\"},\"elements\":[],\"widgetType\":\"text-editor\"}],\"isInner\":false}],\"isInner\":false},{\"id\":\"73c7a75\",\"elType\":\"section\",\"settings\":[],\"elements\":[{\"id\":\"314bda3\",\"elType\":\"column\",\"settings\":{\"_column_size\":100,\"_inline_size\":null},\"elements\":[{\"id\":\"370dee4\",\"elType\":\"widget\",\"settings\":{\"title\":\"Por qu\\u00e9 te conviene conocer el tiempo en La Matanza de Acentejo\",\"title_color\":\"#7A7A7A\",\"typography_typography\":\"custom\",\"typography_font_family\":\"Roboto\",\"typography_font_weight\":\"600\"},\"elements\":[],\"widgetType\":\"heading\"}],\"isInner\":false}],\"isInner\":false},{\"id\":\"211b5bf\",\"elType\":\"section\",\"settings\":{\"structure\":\"20\"},\"elements\":[{\"id\":\"eabd1af\",\"elType\":\"column\",\"settings\":{\"_column_size\":50,\"_inline_size\":null},\"elements\":[{\"id\":\"754ae1c\",\"elType\":\"widget\",\"settings\":{\"editor\":\"<p>Visitar esta localidad tinerfe\\u00f1a es una delicia. Situada en el <strong>nordeste de Tenerife<\\\/strong>, su carism\\u00e1tico nombre alude a la derrota que los conquistadores espa\\u00f1oles sufrieron ante los guanches en sus inmediaciones. Por otra parte, hay otro municipio colindante, La Victoria de Acentejo, cuyo nombre recuerda d\\u00f3nde finaliz\\u00f3 la conquista espa\\u00f1ola de las islas Canarias.<\\\/p><p>La primera batalla en la zona se produjo en el siglo XV, concretamente, en 1494: el terreno en torno al barranco favoreci\\u00f3 a los aut\\u00f3ctonos, liderados por el mencey Bencomo de Taoro. Tras esta derrota, el capit\\u00e1n espa\\u00f1ol Alonso Fern\\u00e1ndez de Lugo tuvo que aplazar su invasi\\u00f3n. Tras la conquista, esta ubicaci\\u00f3n se convirti\\u00f3 en <strong>una de las m\\u00e1s pobladas del territorio<\\\/strong>.<\\\/p>\"},\"elements\":[],\"widgetType\":\"text-editor\"}],\"isInner\":false},{\"id\":\"3d7c07c\",\"elType\":\"column\",\"settings\":{\"_column_size\":50,\"_inline_size\":null},\"elements\":[{\"id\":\"0afefe7\",\"elType\":\"widget\",\"settings\":{\"image\":{\"url\":\"https:\\\/\\\/www.sansofestay.com\\\/blog\\\/wp-content\\\/uploads\\\/2022\\\/12\\\/tiempo-matanza-acentejo.jpg\",\"id\":103,\"alt\":\"El tiempo en La Matanza en Tenerife\",\"source\":\"library\"}},\"elements\":[],\"widgetType\":\"image\"}],\"isInner\":false}],\"isInner\":false},{\"id\":\"95f1530\",\"elType\":\"section\",\"settings\":[],\"elements\":[{\"id\":\"b9b3a3d\",\"elType\":\"column\",\"settings\":{\"_column_size\":100,\"_inline_size\":null},\"elements\":[{\"id\":\"e557b99\",\"elType\":\"widget\",\"settings\":{\"editor\":\"<p>No deber\\u00edas dejar de visitar este emplazamiento hist\\u00f3rico de Tenerife. Adem\\u00e1s de conocer este escenario \\u00e9pico remoto, organizar una excursi\\u00f3n con <strong>tiempo en La Matanza de Acentejo <\\\/strong>es sin\\u00f3nimo de disfrute.<\\\/p><p>Cuenta con una extensi\\u00f3n de 14,11 kil\\u00f3metros cuadrados y alcanza los <strong>1589 metros sobre el nivel del mar<\\\/strong>. Entre otros lugares destacables, te ofrece el risco de La Sabina, la ermita de San Antonio Abad, La Casa del Barco y el conocido barranco de Acentejo.<\\\/p>\"},\"elements\":[],\"widgetType\":\"text-editor\"},{\"id\":\"0888c99\",\"elType\":\"widget\",\"settings\":{\"text\":\"La Matanza de Acentejo\",\"link\":{\"url\":\"https:\\\/\\\/www.sansofestay.com\\\/la-matanza-de-acentejo-tenerife\",\"is_external\":\"on\",\"nofollow\":\"\",\"custom_attributes\":\"\"},\"align\":\"center\",\"background_color\":\"#27AE60\"},\"elements\":[],\"widgetType\":\"button\"},{\"id\":\"56c4016\",\"elType\":\"widget\",\"settings\":{\"editor\":\"<p>La combinaci\\u00f3n de una preciosa costa de La Matanza, las zonas urbanizadas para el turismo y los enclaves enol\\u00f3gicos es muy atractiva. Familias, parejas y grupos de amigos disfrutan por igual de <strong>la cultura del vino, las playas y la naturaleza<\\\/strong> con un clima apacible.<\\\/p><p>El paraje de La Vica es un lugar estupendo para organizar p\\u00edcnics en contacto con el precioso entorno. Es una zona recreativa perfectamente acondicionada, m\\u00e1s atractiva a\\u00fan durante todo el a\\u00f1o por la bonanza clim\\u00e1tica.<\\\/p>\"},\"elements\":[],\"widgetType\":\"text-editor\"}],\"isInner\":false}],\"isInner\":false},{\"id\":\"6339a5bf\",\"elType\":\"section\",\"settings\":{\"content_width\":{\"unit\":\"px\",\"size\":800},\"gap\":\"no\",\"height\":\"min-height\",\"custom_height\":{\"unit\":\"vh\",\"size\":100},\"content_position\":\"middle\",\"background_color\":\"#BA5E5E\",\"background_position\":\"center center\",\"background_size\":\"cover\",\"background_overlay_background\":\"classic\",\"background_overlay_color\":\"#000000\",\"background_overlay_opacity\":{\"unit\":\"px\",\"size\":0.13},\"background_overlay_image\":{\"id\":107,\"url\":\"https:\\\/\\\/www.sansofestay.com\\\/blog\\\/wp-content\\\/uploads\\\/2022\\\/12\\\/tiempo-matanza-caracteristicas.jpg\",\"alt\":\"La matanza de acentejo, el tiempo\",\"source\":\"library\"},\"background_overlay_position\":\"center center\",\"background_overlay_size\":\"cover\",\"padding_tablet\":{\"unit\":\"px\",\"top\":\"50\",\"right\":\"50\",\"bottom\":\"50\",\"left\":\"50\",\"isLinked\":true},\"padding_mobile\":{\"unit\":\"px\",\"top\":\"0\",\"right\":\"30\",\"bottom\":\"0\",\"left\":\"30\",\"isLinked\":false},\"custom_height_tablet\":{\"unit\":\"px\",\"size\":800},\"custom_height_mobile\":{\"unit\":\"px\",\"size\":612},\"background_image\":{\"url\":\"https:\\\/\\\/www.sansofestay.com\\\/blog\\\/wp-content\\\/uploads\\\/2022\\\/12\\\/cropped-blog-san-diego-apartamentos-tenerife.jpg\",\"id\":74,\"alt\":\"\",\"source\":\"library\"},\"margin\":{\"unit\":\"px\",\"top\":\"\",\"right\":0,\"bottom\":\"\",\"left\":0,\"isLinked\":true}},\"elements\":[{\"id\":\"48c87d36\",\"elType\":\"column\",\"settings\":{\"_column_size\":100},\"elements\":[{\"id\":\"73662a9\",\"elType\":\"widget\",\"settings\":{\"title\":\"El tiempo y La Matanza de Acentejo: caracter\\u00edsticas\",\"align\":\"center\",\"title_color\":\"#7A7A7A\",\"typography_typography\":\"custom\",\"typography_font_size\":{\"unit\":\"px\",\"size\":37},\"typography_font_weight\":\"600\",\"typography_line_height\":{\"unit\":\"em\",\"size\":1.2},\"typography_font_size_mobile\":{\"unit\":\"px\",\"size\":29},\"typography_font_size_tablet\":{\"unit\":\"px\",\"size\":65},\"typography_line_height_mobile\":{\"unit\":\"px\",\"size\":39},\"text_stroke_text_stroke_type\":\"yes\",\"text_stroke_text_stroke\":{\"unit\":\"px\",\"size\":0,\"sizes\":[]}},\"elements\":[],\"widgetType\":\"heading\"},{\"id\":\"6b21348\",\"elType\":\"widget\",\"settings\":{\"editor\":\"<p>La temperatura media en este municipio tinerfe\\u00f1o oscila <strong>entre los 13 \\u00baC y los 24 \\u00baC<\\\/strong>. Como ves, ofrece un ambiente casi paradis\\u00edaco durante todo el a\\u00f1o. Si visitas esta zona, en cualquier fecha, podr\\u00e1s vestir ropa primaveral y solo ocasionalmente te har\\u00e1 falta una chaqueta ligera.<\\\/p><p>Las dos <strong>temporadas clim\\u00e1ticas<\\\/strong> m\\u00e1s diferenciadas son:<\\\/p><ul><li><strong>Fresca<\\\/strong>. Se prolonga durante cuatro meses, entre el 14 de diciembre y el 14 de abril. La temperatura media diaria se encuentra por debajo de los 19 \\u00baC. En enero, el mes m\\u00e1s fr\\u00edo en la zona, te encontrar\\u00e1s temperaturas entre los 13 y los 18 \\u00baC.<\\\/li><li><strong>Templada<\\\/strong>. Dura entre el 9 de julio y el 11 de octubre. La temperatura promedio se sit\\u00faa por encima de los 24 \\u00baC, siendo agosto el periodo m\\u00e1s caluroso. Con todo, en este mes estival el term\\u00f3metro suele oscilar entre los 19 de m\\u00ednima y los 25 \\u00baC de m\\u00e1xima.<\\\/li><\\\/ul>\",\"align\":\"left\",\"text_color\":\"rgba(0,0,0,0.49)\",\"typography_typography\":\"custom\",\"typography_font_size\":{\"unit\":\"px\",\"size\":16},\"typography_font_weight\":\"400\",\"typography_line_height\":{\"unit\":\"em\",\"size\":2},\"_padding\":{\"unit\":\"px\",\"top\":\"20\",\"right\":\"0\",\"bottom\":\"10\",\"left\":\"0\",\"isLinked\":false},\"_padding_mobile\":{\"unit\":\"px\",\"top\":\"15\",\"right\":\"0\",\"bottom\":\"15\",\"left\":\"0\",\"isLinked\":false},\"typography_font_family\":\"Roboto\"},\"elements\":[],\"widgetType\":\"text-editor\"}],\"isInner\":false}],\"isInner\":false},{\"id\":\"2cf97b3\",\"elType\":\"section\",\"settings\":[],\"elements\":[{\"id\":\"91f368d\",\"elType\":\"column\",\"settings\":{\"_column_size\":100,\"_inline_size\":null},\"elements\":[{\"id\":\"66f883b\",\"elType\":\"widget\",\"settings\":{\"editor\":\"<p>En general, los momentos m\\u00e1s c\\u00e1lidos del d\\u00eda se sit\\u00faan entre las 13 y las 18 horas. Esta franja horaria es la m\\u00e1s indicada para relajarse en las bonitas playas de este territorio, como La Negra, El Calet\\u00f3n y El Bao. <strong>El clima favorece realizar actividades al aire libre<\\\/strong> y admirar la belleza paisaj\\u00edstica.<\\\/p><h3>Nubes y precipitaciones<\\\/h3>\"},\"elements\":[],\"widgetType\":\"text-editor\"}],\"isInner\":false}],\"isInner\":false},{\"id\":\"d8a25aa\",\"elType\":\"section\",\"settings\":{\"structure\":\"20\"},\"elements\":[{\"id\":\"00305bb\",\"elType\":\"column\",\"settings\":{\"_column_size\":50,\"_inline_size\":null},\"elements\":[{\"id\":\"2186e8b\",\"elType\":\"widget\",\"settings\":{\"image\":{\"url\":\"https:\\\/\\\/www.sansofestay.com\\\/blog\\\/wp-content\\\/uploads\\\/2022\\\/12\\\/tiempo-la-matanza-de-acentejo-tenerife.jpg\",\"id\":105,\"alt\":\"El tiempo en la matanza de acentejo en el Norte de Tenerife\",\"source\":\"library\"}},\"elements\":[],\"widgetType\":\"image\"}],\"isInner\":false},{\"id\":\"b29a85a\",\"elType\":\"column\",\"settings\":{\"_column_size\":50,\"_inline_size\":null},\"elements\":[{\"id\":\"272c9d4\",\"elType\":\"widget\",\"settings\":{\"editor\":\"<p>La presencia de nubes en los cielos de La Matanza de Acentejo var\\u00eda mucho seg\\u00fan la \\u00e9poca del a\\u00f1o. Entre el 15 de septiembre y el 23 de mayo, durante algo m\\u00e1s de ocho meses, se da el periodo con mayor presencia de nubes. <strong>En noviembre, el cielo est\\u00e1 nublado alrededor del 40 % del tiempo.<\\\/strong> Es el mes menos soleado del a\\u00f1o.<\\\/p><p>Por otra parte, entre el 23 de mayo y el 15 de septiembre se desarrolla la \\u00e9poca despejada. <strong>En julio, solo hay nubes significativas un 3 % del tiempo<\\\/strong>.<\\\/p><p>En cuanto a las lluvias, diciembre es el mes m\\u00e1s activo, con un promedio de 3,8 d\\u00edas. <strong>La temporada m\\u00e1s seca se da entre el 6 de abril y el 17 de octubre<\\\/strong>. En julio, el mes con menos lluvia, raramente llueve alg\\u00fan d\\u00eda.<\\\/p>\"},\"elements\":[],\"widgetType\":\"text-editor\"}],\"isInner\":false}],\"isInner\":false},{\"id\":\"2c095abb\",\"elType\":\"section\",\"settings\":[],\"elements\":[{\"id\":\"3b72f0e6\",\"elType\":\"column\",\"settings\":{\"_column_size\":100},\"elements\":[{\"id\":\"7ad02c8\",\"elType\":\"widget\",\"settings\":{\"editor\":\"<h2>C\\u00f3mo saber el tiempo en este pueblo<\\\/h2><p>Si tienes previsto visitar este municipio, en las <em>webcams<\\\/em> <a href=\\\"https:\\\/\\\/www.meteoblue.com\\\/es\\\/tiempo\\\/webcams\\\/la-matanza-de-acentejo_espa%C3%B1a_2515772\\\" target=\\\"_blank\\\" rel=\\\"noopener\\\">Metoblue<\\\/a> y <a href=\\\"https:\\\/\\\/www.meteosurfcanarias.com\\\/es\\\/001999-webcam-tiempo-en-directo-playas-tenerife-la-matanza.php\\\" target=\\\"_blank\\\" rel=\\\"noopener\\\">MeteoSurfCanarias<\\\/a> puedes <strong>ver el tiempo en directo a trav\\u00e9s de sus c\\u00e1maras.<\\\/strong> Es una manera r\\u00e1pida y eficaz para tener claro qu\\u00e9 est\\u00e1 sucediendo. Adem\\u00e1s, en <a href=\\\"https:\\\/\\\/www.aemet.es\\\/es\\\/eltiempo\\\/prediccion\\\/municipios\\\/matanza-de-acentejo-la-id38025\\\" target=\\\"_blank\\\" rel=\\\"noopener\\\">Aemet<\\\/a> tienes a tu disposici\\u00f3n <strong>predicciones meteorol\\u00f3gicas\\u200b <\\\/strong>m\\u00e1s que fiables.<\\\/p><p>La conclusi\\u00f3n es clara: <strong>el tiempo en La Matanza de Acentejo es excelente y apacible durante todo el a\\u00f1o<\\\/strong>. Dif\\u00edcilmente te impedir\\u00e1 llevar a cabo cualquier plan que te propongas. Por eso, y por la calidad de los <strong><a href=\\\"https:\\\/\\\/www.sansofestay.com\\\/alquiler\\\/alquileres-la-matanza-de-acentejo-d408344\\\/\\\" target=\\\"_blank\\\" rel=\\\"noopener\\\">alojamientos en la Matanza de Acentejo<\\\/a><\\\/strong> de <strong>San Diego Apartamentos,<\\\/strong> te animamos a planificar una escapada a este municipio. \\u00a1Disfruta de un clima templado y agradable en esta zona de Canarias llena de atractivos!<\\\/p>\",\"text_color\":\"#7A7A7A\",\"typography_typography\":\"custom\",\"typography_font_family\":\"Roboto\",\"typography_font_weight\":\"400\"},\"elements\":[],\"widgetType\":\"text-editor\"}],\"isInner\":false}],\"isInner\":false},{\"id\":\"62fefd8\",\"elType\":\"section\",\"settings\":{\"structure\":\"20\"},\"elements\":[{\"id\":\"c572bfa\",\"elType\":\"column\",\"settings\":{\"_column_size\":50,\"_inline_size\":null},\"elements\":[{\"id\":\"0ea9339\",\"elType\":\"widget\",\"settings\":{\"text\":\"Alquiler vacacional en Tenerife\",\"link\":{\"url\":\"https:\\\/\\\/www.sansofestay.com\\\/alquiler-vacacional-tenerife\\\/\",\"is_external\":\"on\",\"nofollow\":\"\",\"custom_attributes\":\"\"},\"align\":\"right\",\"background_color\":\"#27AE60\"},\"elements\":[],\"widgetType\":\"button\"}],\"isInner\":false},{\"id\":\"a4de266\",\"elType\":\"column\",\"settings\":{\"_column_size\":50,\"_inline_size\":null},\"elements\":[{\"id\":\"a4ce7b4\",\"elType\":\"widget\",\"settings\":{\"text\":\"Casas en La Matanza de Acentejo\",\"link\":{\"url\":\"https:\\\/\\\/www.sansofestay.com\\\/alquiler\\\/casas-la-matanza-de-acentejo-c19d408344\\\/\",\"is_external\":\"on\",\"nofollow\":\"\",\"custom_attributes\":\"\"},\"align\":\"left\",\"background_color\":\"#27AE60\"},\"elements\":[],\"widgetType\":\"button\"}],\"isInner\":false}],\"isInner\":false}]","_yoast_wpseo_content_score":"90","_wpml_location_migration_done":"1","_yoast_wpseo_metadesc":"Te contamos cu\u00e1les son las caracter\u00edsticas del tiempo en La Matanza de Acentejo. Este municipio es un lugar vacacional muy atractivo.","_wpse_old_slug":"","_thumbnail_id":"100","_yoast_wpseo_focuskw":"El tiempo en La Matanza de Acentejo","_yoast_wpseo_title":"El tiempo en La Matanza de Acentejo | San Diego Apartamentos","_yoast_wpseo_linkdex":"83","_elementor_controls_usage":{"text-editor":{"count":8,"control_percent":1,"controls":{"content":{"section_editor":{"editor":8}},"style":{"section_style":{"align":1,"text_color":2,"typography_typography":2,"typography_font_size":1,"typography_font_weight":2,"typography_line_height":1,"typography_font_family":2}},"advanced":{"_section_style":{"_padding":1}}}},"column":{"count":12,"control_percent":0,"controls":{"layout":{"layout":{"_inline_size":10}}}},"section":{"count":9,"control_percent":0,"controls":{"layout":{"section_structure":{"structure":3},"section_layout":{"content_width":1,"gap":1,"height":1,"custom_height":1,"content_position":1}},"style":{"section_background":{"background_color":1,"background_position":1,"background_size":1,"background_image":1},"section_background_overlay":{"background_overlay_background":1,"background_overlay_color":1,"background_overlay_opacity":1,"background_overlay_image":1,"background_overlay_position":1,"background_overlay_size":1}},"advanced":{"section_advanced":{"margin":1}}}},"heading":{"count":2,"control_percent":3,"controls":{"content":{"section_title":{"title":2}},"style":{"section_title_style":{"title_color":2,"typography_typography":2,"typography_font_family":1,"typography_font_weight":2,"align":1,"typography_font_size":1,"typography_line_height":1,"text_stroke_text_stroke_type":1,"text_stroke_text_stroke":1}}}},"image":{"count":2,"control_percent":0,"controls":{"content":{"section_image":{"image":2}}}},"button":{"count":3,"control_percent":1,"controls":{"content":{"section_button":{"text":3,"link":3}},"style":{"section_style":{"align":3,"background_color":3}}}}},"_wp_old_slug":"","_elementor_template_widget_type":"","_elementor_popup_display_settings":"","_wpml_post_translation_editor_native":"","_wp_old_date":"","_oembed_73d8af3ba4596fb88a7f14b93e1916a9":"","_oembed_time_73d8af3ba4596fb88a7f14b93e1916a9":"","_oembed_f9dc1bf2ed4539093f877876c5bac98e":"","_links":{"self":[{"href":"https:\/\/www.sansofestay.com\/blog\/wp-json\/wp\/v2\/posts\/90","targetHints":{"allow":["GET"]}}],"collection":[{"href":"https:\/\/www.sansofestay.com\/blog\/wp-json\/wp\/v2\/posts"}],"about":[{"href":"https:\/\/www.sansofestay.com\/blog\/wp-json\/wp\/v2\/types\/post"}],"author":[{"embeddable":true,"href":"https:\/\/www.sansofestay.com\/blog\/wp-json\/wp\/v2\/users\/3"}],"replies":[{"embeddable":true,"href":"https:\/\/www.sansofestay.com\/blog\/wp-json\/wp\/v2\/comments?post=90"}],"version-history":[{"count":19,"href":"https:\/\/www.sansofestay.com\/blog\/wp-json\/wp\/v2\/posts\/90\/revisions"}],"predecessor-version":[{"id":1327,"href":"https:\/\/www.sansofestay.com\/blog\/wp-json\/wp\/v2\/posts\/90\/revisions\/1327"}],"wp:featuredmedia":[{"embeddable":true,"href":"https:\/\/www.sansofestay.com\/blog\/wp-json\/wp\/v2\/media\/100"}],"wp:attachment":[{"href":"https:\/\/www.sansofestay.com\/blog\/wp-json\/wp\/v2\/media?parent=90"}],"wp:term":[{"taxonomy":"category","embeddable":true,"href":"https:\/\/www.sansofestay.com\/blog\/wp-json\/wp\/v2\/categories?post=90"}],"curies":[{"name":"wp","href":"https:\/\/api.w.org\/{rel}","templated":true}]}}